
{"id":235,"date":"2021-01-27T16:16:49","date_gmt":"2021-01-27T15:16:49","guid":{"rendered":"https:\/\/blog.proclima.com\/suisse\/?p=235"},"modified":"2021-07-14T08:08:15","modified_gmt":"2021-07-14T06:08:15","slug":"nouveau-aerofixx-outil-tres-maniable-pour-un-traitement-optimal-et-plus-rapide-de-letancheite-a-lair","status":"publish","type":"post","link":"https:\/\/blog.proclima.com\/suisse\/2021\/01\/27\/nouveau-aerofixx-outil-tres-maniable-pour-un-traitement-optimal-et-plus-rapide-de-letancheite-a-lair\/","title":{"rendered":"Nouveau\u00a0: AEROFIXX"},"content":{"rendered":"\n<h2 class=\"wp-block-heading\" style=\"font-size:40px\">un outil tr\u00e8s maniable pour un traitement optimal et plus rapide de l\u2019\u00e9tanch\u00e9it\u00e9 \u00e0 l\u2019air<\/h2>\n\n\n\n<p><em>Pulv\u00e9risation sous pression avec AEROSANA VISCONN de pro clima<\/em><\/p>\n\n\n\n<p>Pratique&nbsp;: le nouveau pistolet <a href=\"https:\/\/ch-fr.proclima.com\/produits\/assemblage\/etancheite-liquide\">AEROFIXX et AEROSANA VISCONN <\/a>en sachet tubulaire permettent aux artisans de r\u00e9aliser rapidement l\u2019\u00e9tanch\u00e9it\u00e9 \u00e0 l\u2019air des passages entre les \u00e9l\u00e9ments de construction. AEROFIXX poss\u00e8de une double fonction&nbsp;: tr\u00e8s maniable, l\u2019outil permet d\u2019appliquer le produit d\u2019\u00e9tanch\u00e9it\u00e9 \u00e0 l\u2019air autant en cordons qu&rsquo;en pulv\u00e9risation.<\/p>\n\n\n\n<p>L\u2019avantage&nbsp;: m\u00eame les endroits difficilement accessibles ne posent d\u00e9sormais plus de probl\u00e8me. Que ce soit l\u2019\u00e9tanch\u00e9it\u00e9 des travers\u00e9es, raccords de menuiseries ou ceux entre le mur et la dalle. Les artisans vont adorer AEROFIXX&nbsp;: il fait gagner du temps, garantit un travail pr\u00e9cis et s\u2019utilise \u00e0 la fois \u00e0 l&rsquo;int\u00e9rieur et l&rsquo;ext\u00e9rieur. D\u00e9sormais, l\u2019\u00e9tanch\u00e9it\u00e9 \u00e0 l\u2019air \u00e0 100&nbsp;% est facile \u00e0 r\u00e9aliser.<\/p>\n\n\n\n<p><a href=\"https:\/\/ch-fr.proclima.com\/produits\/assemblage\/etancheite-liquide\">AEROSANA VISCONN<\/a> a d\u2019excellents r\u00e9sultats lors du test de nocivit\u00e9.<\/p>\n\n\n\n<p><em>Des questions&nbsp;? Notre \u00e9quipe de la hotline technique pro clima vous aide volontiers&nbsp;: <a href=\"https:\/\/ch-fr.proclima.com\/service\/hotlinetechnique\">https:\/\/ch-fr.proclima.com\/service\/hotlinetechnique<\/a><\/em><\/p>\n\n\n\n<figure class=\"wp-block-image size-large is-style-default\"><img loading=\"lazy\" decoding=\"async\" width=\"728\" height=\"486\" data-size=\"728x486\" src=\"https:\/\/blog.proclima.com\/suisse\/files\/2021\/01\/aerofixx-verarbeitung-luftdichtung-spruehen.jpg\" alt=\"\" class=\"wp-image-236\" srcset=\"https:\/\/blog.proclima.com\/suisse\/files\/2021\/01\/aerofixx-verarbeitung-luftdichtung-spruehen.jpg 728w, https:\/\/blog.proclima.com\/suisse\/files\/2021\/01\/aerofixx-verarbeitung-luftdichtung-spruehen-300x200.jpg 300w\" sizes=\"auto, (max-width: 728px) 100vw, 728px\" \/><figcaption>2 en 1&nbsp;: appliquer le produit d\u2019\u00e9tanch\u00e9it\u00e9 \u00e0 l\u2019air hygrovariable en cordon, puis le recouvrir par pulv\u00e9risation. Voici une configuration de chantier qui illustre comment AEROFIXX permet de combler facilement de larges fentes.<br>Image source&nbsp;: MOLL pro clima<\/figcaption><\/figure>\n\n\n\n<!--more-->\n\n\n\n<figure class=\"wp-block-image size-large is-style-default\"><img loading=\"lazy\" decoding=\"async\" width=\"628\" height=\"941\" data-size=\"628x941\" src=\"https:\/\/blog.proclima.com\/suisse\/files\/2021\/01\/zangenlage-aerofix-spruehbare-luftdichtung.jpg\" alt=\"\" class=\"wp-image-237\" srcset=\"https:\/\/blog.proclima.com\/suisse\/files\/2021\/01\/zangenlage-aerofix-spruehbare-luftdichtung.jpg 628w, https:\/\/blog.proclima.com\/suisse\/files\/2021\/01\/zangenlage-aerofix-spruehbare-luftdichtung-200x300.jpg 200w\" sizes=\"auto, (max-width: 628px) 100vw, 628px\" \/><figcaption>Il suffit de pulv\u00e9riser simplement la zone avec pro clima AEROFIXX pour garantir le raccord \u00e9tanche \u00e0 l&rsquo;air aux faux-entraits. Apr\u00e8s l\u2019\u00e9tanch\u00e9it\u00e9 liquide pulv\u00e9risable AEROSANA VISCONN, tant appr\u00e9ci\u00e9e, pro clima vient de d\u00e9velopper un outil d\u2019application simple et maniable.<br>Image source&nbsp;: MOLL pro clima<\/figcaption><\/figure>\n\n\n\n<figure class=\"wp-block-image size-large is-style-default\"><img loading=\"lazy\" decoding=\"async\" width=\"1000\" height=\"676\" data-size=\"1000x676\" src=\"https:\/\/blog.proclima.com\/suisse\/files\/2021\/01\/aerofixx-produktfoto-luftdichtung-spruehen.jpg\" alt=\"\" class=\"wp-image-238\" srcset=\"https:\/\/blog.proclima.com\/suisse\/files\/2021\/01\/aerofixx-produktfoto-luftdichtung-spruehen.jpg 1000w, https:\/\/blog.proclima.com\/suisse\/files\/2021\/01\/aerofixx-produktfoto-luftdichtung-spruehen-300x203.jpg 300w, https:\/\/blog.proclima.com\/suisse\/files\/2021\/01\/aerofixx-produktfoto-luftdichtung-spruehen-768x519.jpg 768w\" sizes=\"auto, (max-width: 1000px) 100vw, 1000px\" \/><figcaption>Outil \u00e0 main pour r\u00e9aliser l\u2019\u00e9tanch\u00e9it\u00e9 \u00e0 l\u2019air \u00e0 100&nbsp;%, dans le neuf et la r\u00e9novation. Destin\u00e9 \u00e0 une application particuli\u00e8rement rapide et ais\u00e9e d\u2019\u00e9tanch\u00e9it\u00e9 liquide. Fonctionne sur tous les supports de construction non antiadh\u00e9sifs. Particularit\u00e9s&nbsp;: valeur sd hygrovariable et excellents r\u00e9sultats lors du test de nocivit\u00e9<br>Image source&nbsp;: MOLL pro clima<\/figcaption><\/figure>\n","protected":false},"excerpt":{"rendered":"<p>un outil tr\u00e8s maniable pour un traitement optimal et plus rapide de l\u2019\u00e9tanch\u00e9it\u00e9 \u00e0 l\u2019air Pulv\u00e9risation sous pression avec AEROSANA VISCONN de pro clima Pratique&nbsp;: <a href=\"https:\/\/blog.proclima.com\/suisse\/2021\/01\/27\/nouveau-aerofixx-outil-tres-maniable-pour-un-traitement-optimal-et-plus-rapide-de-letancheite-a-lair\/\" rel=\"bookmark\">&#8230;<\/a><\/p>\n","protected":false},"author":40,"featured_media":238,"comment_status":"open","ping_status":"open","sticky":false,"template":"","format":"standard","meta":{"footnotes":""},"categories":[2,1],"tags":[],"class_list":["post-235","post","type-post","status-publish","format-standard","has-post-thumbnail","hentry","category-letancheite-a-lair","category-proclima"],"yoast_head":"<!-- This site is optimized with the Yoast SEO plugin v27.5 - https:\/\/yoast.com\/product\/yoast-seo-wordpress\/ -->\n<title>Nouveau\u00a0: AEROFIXX - blog pro clima Suisse<\/title>\n<meta name=\"robots\" content=\"index, follow, max-snippet:-1, max-image-preview:large, max-video-preview:-1\" \/>\n<link rel=\"canonical\" href=\"https:\/\/blog.proclima.com\/suisse\/2021\/01\/27\/nouveau-aerofixx-outil-tres-maniable-pour-un-traitement-optimal-et-plus-rapide-de-letancheite-a-lair\/\" \/>\n<meta property=\"og:locale\" content=\"fr_FR\" \/>\n<meta property=\"og:type\" content=\"article\" \/>\n<meta property=\"og:title\" content=\"Nouveau\u00a0: AEROFIXX - blog pro clima Suisse\" \/>\n<meta property=\"og:description\" content=\"un outil tr\u00e8s maniable pour un traitement optimal et plus rapide de l\u2019\u00e9tanch\u00e9it\u00e9 \u00e0 l\u2019air Pulv\u00e9risation sous pression avec AEROSANA VISCONN de pro clima Pratique&nbsp;: ...\" \/>\n<meta property=\"og:url\" content=\"https:\/\/blog.proclima.com\/suisse\/2021\/01\/27\/nouveau-aerofixx-outil-tres-maniable-pour-un-traitement-optimal-et-plus-rapide-de-letancheite-a-lair\/\" \/>\n<meta property=\"og:site_name\" content=\"blog pro clima Suisse\" \/>\n<meta property=\"article:published_time\" content=\"2021-01-27T15:16:49+00:00\" \/>\n<meta property=\"article:modified_time\" content=\"2021-07-14T06:08:15+00:00\" \/>\n<meta property=\"og:image\" content=\"https:\/\/blog.proclima.com\/suisse\/files\/2021\/01\/aerofixx-produktfoto-luftdichtung-spruehen.jpg\" \/>\n\t<meta property=\"og:image:width\" content=\"1000\" \/>\n\t<meta property=\"og:image:height\" content=\"676\" \/>\n\t<meta property=\"og:image:type\" content=\"image\/jpeg\" \/>\n<meta name=\"author\" content=\"Nils Braune\" \/>\n<meta name=\"twitter:card\" content=\"summary_large_image\" \/>\n<meta name=\"twitter:label1\" content=\"\u00c9crit par\" \/>\n\t<meta name=\"twitter:data1\" content=\"Nils Braune\" \/>\n\t<meta name=\"twitter:label2\" content=\"Dur\u00e9e de lecture estim\u00e9e\" \/>\n\t<meta name=\"twitter:data2\" content=\"2 minutes\" \/>\n<script type=\"application\/ld+json\" class=\"yoast-schema-graph\">{\"@context\":\"https:\\\/\\\/schema.org\",\"@graph\":[{\"@type\":\"Article\",\"@id\":\"https:\\\/\\\/blog.proclima.com\\\/suisse\\\/2021\\\/01\\\/27\\\/nouveau-aerofixx-outil-tres-maniable-pour-un-traitement-optimal-et-plus-rapide-de-letancheite-a-lair\\\/#article\",\"isPartOf\":{\"@id\":\"https:\\\/\\\/blog.proclima.com\\\/suisse\\\/2021\\\/01\\\/27\\\/nouveau-aerofixx-outil-tres-maniable-pour-un-traitement-optimal-et-plus-rapide-de-letancheite-a-lair\\\/\"},\"author\":{\"name\":\"Nils Braune\",\"@id\":\"https:\\\/\\\/blog.proclima.com\\\/suisse\\\/#\\\/schema\\\/person\\\/867d432d923c4986caa239ecb77d23c4\"},\"headline\":\"Nouveau\u00a0: AEROFIXX\",\"datePublished\":\"2021-01-27T15:16:49+00:00\",\"dateModified\":\"2021-07-14T06:08:15+00:00\",\"mainEntityOfPage\":{\"@id\":\"https:\\\/\\\/blog.proclima.com\\\/suisse\\\/2021\\\/01\\\/27\\\/nouveau-aerofixx-outil-tres-maniable-pour-un-traitement-optimal-et-plus-rapide-de-letancheite-a-lair\\\/\"},\"wordCount\":354,\"commentCount\":0,\"publisher\":{\"@id\":\"https:\\\/\\\/blog.proclima.com\\\/suisse\\\/#organization\"},\"image\":{\"@id\":\"https:\\\/\\\/blog.proclima.com\\\/suisse\\\/2021\\\/01\\\/27\\\/nouveau-aerofixx-outil-tres-maniable-pour-un-traitement-optimal-et-plus-rapide-de-letancheite-a-lair\\\/#primaryimage\"},\"thumbnailUrl\":\"https:\\\/\\\/blog.proclima.com\\\/suisse\\\/files\\\/2021\\\/01\\\/aerofixx-produktfoto-luftdichtung-spruehen.jpg\",\"articleSection\":[\"l\u2019\u00e9tanch\u00e9it\u00e9 \u00e0 l\u2019air\",\"pro clima\"],\"inLanguage\":\"fr-FR\",\"potentialAction\":[{\"@type\":\"CommentAction\",\"name\":\"Comment\",\"target\":[\"https:\\\/\\\/blog.proclima.com\\\/suisse\\\/2021\\\/01\\\/27\\\/nouveau-aerofixx-outil-tres-maniable-pour-un-traitement-optimal-et-plus-rapide-de-letancheite-a-lair\\\/#respond\"]}]},{\"@type\":\"WebPage\",\"@id\":\"https:\\\/\\\/blog.proclima.com\\\/suisse\\\/2021\\\/01\\\/27\\\/nouveau-aerofixx-outil-tres-maniable-pour-un-traitement-optimal-et-plus-rapide-de-letancheite-a-lair\\\/\",\"url\":\"https:\\\/\\\/blog.proclima.com\\\/suisse\\\/2021\\\/01\\\/27\\\/nouveau-aerofixx-outil-tres-maniable-pour-un-traitement-optimal-et-plus-rapide-de-letancheite-a-lair\\\/\",\"name\":\"Nouveau\u00a0: AEROFIXX - blog pro clima Suisse\",\"isPartOf\":{\"@id\":\"https:\\\/\\\/blog.proclima.com\\\/suisse\\\/#website\"},\"primaryImageOfPage\":{\"@id\":\"https:\\\/\\\/blog.proclima.com\\\/suisse\\\/2021\\\/01\\\/27\\\/nouveau-aerofixx-outil-tres-maniable-pour-un-traitement-optimal-et-plus-rapide-de-letancheite-a-lair\\\/#primaryimage\"},\"image\":{\"@id\":\"https:\\\/\\\/blog.proclima.com\\\/suisse\\\/2021\\\/01\\\/27\\\/nouveau-aerofixx-outil-tres-maniable-pour-un-traitement-optimal-et-plus-rapide-de-letancheite-a-lair\\\/#primaryimage\"},\"thumbnailUrl\":\"https:\\\/\\\/blog.proclima.com\\\/suisse\\\/files\\\/2021\\\/01\\\/aerofixx-produktfoto-luftdichtung-spruehen.jpg\",\"datePublished\":\"2021-01-27T15:16:49+00:00\",\"dateModified\":\"2021-07-14T06:08:15+00:00\",\"breadcrumb\":{\"@id\":\"https:\\\/\\\/blog.proclima.com\\\/suisse\\\/2021\\\/01\\\/27\\\/nouveau-aerofixx-outil-tres-maniable-pour-un-traitement-optimal-et-plus-rapide-de-letancheite-a-lair\\\/#breadcrumb\"},\"inLanguage\":\"fr-FR\",\"potentialAction\":[{\"@type\":\"ReadAction\",\"target\":[\"https:\\\/\\\/blog.proclima.com\\\/suisse\\\/2021\\\/01\\\/27\\\/nouveau-aerofixx-outil-tres-maniable-pour-un-traitement-optimal-et-plus-rapide-de-letancheite-a-lair\\\/\"]}]},{\"@type\":\"ImageObject\",\"inLanguage\":\"fr-FR\",\"@id\":\"https:\\\/\\\/blog.proclima.com\\\/suisse\\\/2021\\\/01\\\/27\\\/nouveau-aerofixx-outil-tres-maniable-pour-un-traitement-optimal-et-plus-rapide-de-letancheite-a-lair\\\/#primaryimage\",\"url\":\"https:\\\/\\\/blog.proclima.com\\\/suisse\\\/files\\\/2021\\\/01\\\/aerofixx-produktfoto-luftdichtung-spruehen.jpg\",\"contentUrl\":\"https:\\\/\\\/blog.proclima.com\\\/suisse\\\/files\\\/2021\\\/01\\\/aerofixx-produktfoto-luftdichtung-spruehen.jpg\",\"width\":1000,\"height\":676},{\"@type\":\"BreadcrumbList\",\"@id\":\"https:\\\/\\\/blog.proclima.com\\\/suisse\\\/2021\\\/01\\\/27\\\/nouveau-aerofixx-outil-tres-maniable-pour-un-traitement-optimal-et-plus-rapide-de-letancheite-a-lair\\\/#breadcrumb\",\"itemListElement\":[{\"@type\":\"ListItem\",\"position\":1,\"name\":\"Start\",\"item\":\"https:\\\/\\\/blog.proclima.com\\\/suisse\\\/\"},{\"@type\":\"ListItem\",\"position\":2,\"name\":\"Nouveau\u00a0: AEROFIXX\"}]},{\"@type\":\"WebSite\",\"@id\":\"https:\\\/\\\/blog.proclima.com\\\/suisse\\\/#website\",\"url\":\"https:\\\/\\\/blog.proclima.com\\\/suisse\\\/\",\"name\":\"blog pro clima Suisse\",\"description\":\"Des solutions fiables pour l\u2019\u00e9tanch\u00e9it\u00e9 du b\u00e2timent\",\"publisher\":{\"@id\":\"https:\\\/\\\/blog.proclima.com\\\/suisse\\\/#organization\"},\"potentialAction\":[{\"@type\":\"SearchAction\",\"target\":{\"@type\":\"EntryPoint\",\"urlTemplate\":\"https:\\\/\\\/blog.proclima.com\\\/suisse\\\/?s={search_term_string}\"},\"query-input\":{\"@type\":\"PropertyValueSpecification\",\"valueRequired\":true,\"valueName\":\"search_term_string\"}}],\"inLanguage\":\"fr-FR\"},{\"@type\":\"Organization\",\"@id\":\"https:\\\/\\\/blog.proclima.com\\\/suisse\\\/#organization\",\"name\":\"blog pro clima Suisse\",\"url\":\"https:\\\/\\\/blog.proclima.com\\\/suisse\\\/\",\"logo\":{\"@type\":\"ImageObject\",\"inLanguage\":\"fr-FR\",\"@id\":\"https:\\\/\\\/blog.proclima.com\\\/suisse\\\/#\\\/schema\\\/logo\\\/image\\\/\",\"url\":\"https:\\\/\\\/blog.proclima.com\\\/suisse\\\/files\\\/2025\\\/12\\\/logo_proclima_quadrat.png\",\"contentUrl\":\"https:\\\/\\\/blog.proclima.com\\\/suisse\\\/files\\\/2025\\\/12\\\/logo_proclima_quadrat.png\",\"width\":1200,\"height\":1200,\"caption\":\"blog pro clima Suisse\"},\"image\":{\"@id\":\"https:\\\/\\\/blog.proclima.com\\\/suisse\\\/#\\\/schema\\\/logo\\\/image\\\/\"}},{\"@type\":\"Person\",\"@id\":\"https:\\\/\\\/blog.proclima.com\\\/suisse\\\/#\\\/schema\\\/person\\\/867d432d923c4986caa239ecb77d23c4\",\"name\":\"Nils Braune\",\"image\":{\"@type\":\"ImageObject\",\"inLanguage\":\"fr-FR\",\"@id\":\"https:\\\/\\\/secure.gravatar.com\\\/avatar\\\/f258fd7697129815be29b291db5a9f8280d404bd5bc56d16f006d64d8437c89f?s=96&d=mm&r=g\",\"url\":\"https:\\\/\\\/secure.gravatar.com\\\/avatar\\\/f258fd7697129815be29b291db5a9f8280d404bd5bc56d16f006d64d8437c89f?s=96&d=mm&r=g\",\"contentUrl\":\"https:\\\/\\\/secure.gravatar.com\\\/avatar\\\/f258fd7697129815be29b291db5a9f8280d404bd5bc56d16f006d64d8437c89f?s=96&d=mm&r=g\",\"caption\":\"Nils Braune\"},\"description\":\"Nils Braune ist Journalist, Kameramann und TV-Redakteur. Teilnehmer*innen der Kombischulungen Dach-Praxis und Schnittstelle Baustelle kennen ihn, weil er dort die Live-\u00dcbertragungen und Aufzeichnungen unterst\u00fctzt. Bei pro clima Online-Seminaren ist er als Kameramann anzutreffen. Zudem supportet er die pro clima Redaktion (Blogs, proclima.tv und Bauradio). Nils Braune is a journalist, cameraman and TV producer. Participants in our combined training course on roofing practice and the interface with building sites will know him as he provides support with live broadcasts and recording. He is also familiar as a cameraman for pro clima online seminars. In addition, he provides support for pro clima\u2019s content editors (blogs, proclima.tv and \u2018Bauradio\u2019).\",\"url\":\"https:\\\/\\\/blog.proclima.com\\\/suisse\\\/author\\\/proclimaredaktion\\\/\"}]}<\/script>\n<!-- \/ Yoast SEO plugin. -->","yoast_head_json":{"title":"Nouveau\u00a0: AEROFIXX - blog pro clima Suisse","robots":{"index":"index","follow":"follow","max-snippet":"max-snippet:-1","max-image-preview":"max-image-preview:large","max-video-preview":"max-video-preview:-1"},"canonical":"https:\/\/blog.proclima.com\/suisse\/2021\/01\/27\/nouveau-aerofixx-outil-tres-maniable-pour-un-traitement-optimal-et-plus-rapide-de-letancheite-a-lair\/","og_locale":"fr_FR","og_type":"article","og_title":"Nouveau\u00a0: AEROFIXX - blog pro clima Suisse","og_description":"un outil tr\u00e8s maniable pour un traitement optimal et plus rapide de l\u2019\u00e9tanch\u00e9it\u00e9 \u00e0 l\u2019air Pulv\u00e9risation sous pression avec AEROSANA VISCONN de pro clima Pratique&nbsp;: ...","og_url":"https:\/\/blog.proclima.com\/suisse\/2021\/01\/27\/nouveau-aerofixx-outil-tres-maniable-pour-un-traitement-optimal-et-plus-rapide-de-letancheite-a-lair\/","og_site_name":"blog pro clima Suisse","article_published_time":"2021-01-27T15:16:49+00:00","article_modified_time":"2021-07-14T06:08:15+00:00","og_image":[{"width":1000,"height":676,"url":"https:\/\/blog.proclima.com\/suisse\/files\/2021\/01\/aerofixx-produktfoto-luftdichtung-spruehen.jpg","type":"image\/jpeg"}],"author":"Nils Braune","twitter_card":"summary_large_image","twitter_misc":{"\u00c9crit par":"Nils Braune","Dur\u00e9e de lecture estim\u00e9e":"2 minutes"},"schema":{"@context":"https:\/\/schema.org","@graph":[{"@type":"Article","@id":"https:\/\/blog.proclima.com\/suisse\/2021\/01\/27\/nouveau-aerofixx-outil-tres-maniable-pour-un-traitement-optimal-et-plus-rapide-de-letancheite-a-lair\/#article","isPartOf":{"@id":"https:\/\/blog.proclima.com\/suisse\/2021\/01\/27\/nouveau-aerofixx-outil-tres-maniable-pour-un-traitement-optimal-et-plus-rapide-de-letancheite-a-lair\/"},"author":{"name":"Nils Braune","@id":"https:\/\/blog.proclima.com\/suisse\/#\/schema\/person\/867d432d923c4986caa239ecb77d23c4"},"headline":"Nouveau\u00a0: AEROFIXX","datePublished":"2021-01-27T15:16:49+00:00","dateModified":"2021-07-14T06:08:15+00:00","mainEntityOfPage":{"@id":"https:\/\/blog.proclima.com\/suisse\/2021\/01\/27\/nouveau-aerofixx-outil-tres-maniable-pour-un-traitement-optimal-et-plus-rapide-de-letancheite-a-lair\/"},"wordCount":354,"commentCount":0,"publisher":{"@id":"https:\/\/blog.proclima.com\/suisse\/#organization"},"image":{"@id":"https:\/\/blog.proclima.com\/suisse\/2021\/01\/27\/nouveau-aerofixx-outil-tres-maniable-pour-un-traitement-optimal-et-plus-rapide-de-letancheite-a-lair\/#primaryimage"},"thumbnailUrl":"https:\/\/blog.proclima.com\/suisse\/files\/2021\/01\/aerofixx-produktfoto-luftdichtung-spruehen.jpg","articleSection":["l\u2019\u00e9tanch\u00e9it\u00e9 \u00e0 l\u2019air","pro clima"],"inLanguage":"fr-FR","potentialAction":[{"@type":"CommentAction","name":"Comment","target":["https:\/\/blog.proclima.com\/suisse\/2021\/01\/27\/nouveau-aerofixx-outil-tres-maniable-pour-un-traitement-optimal-et-plus-rapide-de-letancheite-a-lair\/#respond"]}]},{"@type":"WebPage","@id":"https:\/\/blog.proclima.com\/suisse\/2021\/01\/27\/nouveau-aerofixx-outil-tres-maniable-pour-un-traitement-optimal-et-plus-rapide-de-letancheite-a-lair\/","url":"https:\/\/blog.proclima.com\/suisse\/2021\/01\/27\/nouveau-aerofixx-outil-tres-maniable-pour-un-traitement-optimal-et-plus-rapide-de-letancheite-a-lair\/","name":"Nouveau\u00a0: AEROFIXX - blog pro clima Suisse","isPartOf":{"@id":"https:\/\/blog.proclima.com\/suisse\/#website"},"primaryImageOfPage":{"@id":"https:\/\/blog.proclima.com\/suisse\/2021\/01\/27\/nouveau-aerofixx-outil-tres-maniable-pour-un-traitement-optimal-et-plus-rapide-de-letancheite-a-lair\/#primaryimage"},"image":{"@id":"https:\/\/blog.proclima.com\/suisse\/2021\/01\/27\/nouveau-aerofixx-outil-tres-maniable-pour-un-traitement-optimal-et-plus-rapide-de-letancheite-a-lair\/#primaryimage"},"thumbnailUrl":"https:\/\/blog.proclima.com\/suisse\/files\/2021\/01\/aerofixx-produktfoto-luftdichtung-spruehen.jpg","datePublished":"2021-01-27T15:16:49+00:00","dateModified":"2021-07-14T06:08:15+00:00","breadcrumb":{"@id":"https:\/\/blog.proclima.com\/suisse\/2021\/01\/27\/nouveau-aerofixx-outil-tres-maniable-pour-un-traitement-optimal-et-plus-rapide-de-letancheite-a-lair\/#breadcrumb"},"inLanguage":"fr-FR","potentialAction":[{"@type":"ReadAction","target":["https:\/\/blog.proclima.com\/suisse\/2021\/01\/27\/nouveau-aerofixx-outil-tres-maniable-pour-un-traitement-optimal-et-plus-rapide-de-letancheite-a-lair\/"]}]},{"@type":"ImageObject","inLanguage":"fr-FR","@id":"https:\/\/blog.proclima.com\/suisse\/2021\/01\/27\/nouveau-aerofixx-outil-tres-maniable-pour-un-traitement-optimal-et-plus-rapide-de-letancheite-a-lair\/#primaryimage","url":"https:\/\/blog.proclima.com\/suisse\/files\/2021\/01\/aerofixx-produktfoto-luftdichtung-spruehen.jpg","contentUrl":"https:\/\/blog.proclima.com\/suisse\/files\/2021\/01\/aerofixx-produktfoto-luftdichtung-spruehen.jpg","width":1000,"height":676},{"@type":"BreadcrumbList","@id":"https:\/\/blog.proclima.com\/suisse\/2021\/01\/27\/nouveau-aerofixx-outil-tres-maniable-pour-un-traitement-optimal-et-plus-rapide-de-letancheite-a-lair\/#breadcrumb","itemListElement":[{"@type":"ListItem","position":1,"name":"Start","item":"https:\/\/blog.proclima.com\/suisse\/"},{"@type":"ListItem","position":2,"name":"Nouveau\u00a0: AEROFIXX"}]},{"@type":"WebSite","@id":"https:\/\/blog.proclima.com\/suisse\/#website","url":"https:\/\/blog.proclima.com\/suisse\/","name":"blog pro clima Suisse","description":"Des solutions fiables pour l\u2019\u00e9tanch\u00e9it\u00e9 du b\u00e2timent","publisher":{"@id":"https:\/\/blog.proclima.com\/suisse\/#organization"},"potentialAction":[{"@type":"SearchAction","target":{"@type":"EntryPoint","urlTemplate":"https:\/\/blog.proclima.com\/suisse\/?s={search_term_string}"},"query-input":{"@type":"PropertyValueSpecification","valueRequired":true,"valueName":"search_term_string"}}],"inLanguage":"fr-FR"},{"@type":"Organization","@id":"https:\/\/blog.proclima.com\/suisse\/#organization","name":"blog pro clima Suisse","url":"https:\/\/blog.proclima.com\/suisse\/","logo":{"@type":"ImageObject","inLanguage":"fr-FR","@id":"https:\/\/blog.proclima.com\/suisse\/#\/schema\/logo\/image\/","url":"https:\/\/blog.proclima.com\/suisse\/files\/2025\/12\/logo_proclima_quadrat.png","contentUrl":"https:\/\/blog.proclima.com\/suisse\/files\/2025\/12\/logo_proclima_quadrat.png","width":1200,"height":1200,"caption":"blog pro clima Suisse"},"image":{"@id":"https:\/\/blog.proclima.com\/suisse\/#\/schema\/logo\/image\/"}},{"@type":"Person","@id":"https:\/\/blog.proclima.com\/suisse\/#\/schema\/person\/867d432d923c4986caa239ecb77d23c4","name":"Nils Braune","image":{"@type":"ImageObject","inLanguage":"fr-FR","@id":"https:\/\/secure.gravatar.com\/avatar\/f258fd7697129815be29b291db5a9f8280d404bd5bc56d16f006d64d8437c89f?s=96&d=mm&r=g","url":"https:\/\/secure.gravatar.com\/avatar\/f258fd7697129815be29b291db5a9f8280d404bd5bc56d16f006d64d8437c89f?s=96&d=mm&r=g","contentUrl":"https:\/\/secure.gravatar.com\/avatar\/f258fd7697129815be29b291db5a9f8280d404bd5bc56d16f006d64d8437c89f?s=96&d=mm&r=g","caption":"Nils Braune"},"description":"Nils Braune ist Journalist, Kameramann und TV-Redakteur. Teilnehmer*innen der Kombischulungen Dach-Praxis und Schnittstelle Baustelle kennen ihn, weil er dort die Live-\u00dcbertragungen und Aufzeichnungen unterst\u00fctzt. Bei pro clima Online-Seminaren ist er als Kameramann anzutreffen. Zudem supportet er die pro clima Redaktion (Blogs, proclima.tv und Bauradio). Nils Braune is a journalist, cameraman and TV producer. Participants in our combined training course on roofing practice and the interface with building sites will know him as he provides support with live broadcasts and recording. He is also familiar as a cameraman for pro clima online seminars. In addition, he provides support for pro clima\u2019s content editors (blogs, proclima.tv and \u2018Bauradio\u2019).","url":"https:\/\/blog.proclima.com\/suisse\/author\/proclimaredaktion\/"}]}},"_links":{"self":[{"href":"https:\/\/blog.proclima.com\/suisse\/wp-json\/wp\/v2\/posts\/235","targetHints":{"allow":["GET"]}}],"collection":[{"href":"https:\/\/blog.proclima.com\/suisse\/wp-json\/wp\/v2\/posts"}],"about":[{"href":"https:\/\/blog.proclima.com\/suisse\/wp-json\/wp\/v2\/types\/post"}],"author":[{"embeddable":true,"href":"https:\/\/blog.proclima.com\/suisse\/wp-json\/wp\/v2\/users\/40"}],"replies":[{"embeddable":true,"href":"https:\/\/blog.proclima.com\/suisse\/wp-json\/wp\/v2\/comments?post=235"}],"version-history":[{"count":5,"href":"https:\/\/blog.proclima.com\/suisse\/wp-json\/wp\/v2\/posts\/235\/revisions"}],"predecessor-version":[{"id":248,"href":"https:\/\/blog.proclima.com\/suisse\/wp-json\/wp\/v2\/posts\/235\/revisions\/248"}],"wp:featuredmedia":[{"embeddable":true,"href":"https:\/\/blog.proclima.com\/suisse\/wp-json\/wp\/v2\/media\/238"}],"wp:attachment":[{"href":"https:\/\/blog.proclima.com\/suisse\/wp-json\/wp\/v2\/media?parent=235"}],"wp:term":[{"taxonomy":"category","embeddable":true,"href":"https:\/\/blog.proclima.com\/suisse\/wp-json\/wp\/v2\/categories?post=235"},{"taxonomy":"post_tag","embeddable":true,"href":"https:\/\/blog.proclima.com\/suisse\/wp-json\/wp\/v2\/tags?post=235"}],"curies":[{"name":"wp","href":"https:\/\/api.w.org\/{rel}","templated":true}]}}