
{"id":179,"date":"2020-10-07T08:02:00","date_gmt":"2020-10-07T06:02:00","guid":{"rendered":"https:\/\/blog.proclima.com\/suisse\/?p=179"},"modified":"2020-07-31T20:50:35","modified_gmt":"2020-07-31T18:50:35","slug":"fenetres-de-toiture-en-pente-le-collage-des-coins-6-8","status":"publish","type":"post","link":"https:\/\/blog.proclima.com\/suisse\/2020\/10\/07\/fenetres-de-toiture-en-pente-le-collage-des-coins-6-8\/","title":{"rendered":"Fen\u00eatres de toiture en pente: le collage des coins (6\/8)"},"content":{"rendered":"\n<h2 class=\"wp-block-heading\">R\u00e9alisation intelligente et efficace des raccords (6\/8) \u2013 Un probl\u00e8me des fen\u00eatres de toiture en pente: le collage des coins<\/h2>\n\n\n\n<p><em>Suite de la section 5: <a href=\"https:\/\/blog.proclima.com\/suisse\/?p=177\">Prudence avec les coins des fen\u00eatres en mati\u00e8re synth\u00e9tique<\/a><\/em><\/p>\n\n\n\n<p>Le collage des coins est difficile lors du <strong>raccord de fen\u00eatres de toiture en pente.<\/strong> L\u2019\u00e9cran est amen\u00e9 jusqu\u2019\u00e0 la rainure du pourtour et doit y \u00eatre coll\u00e9 de mani\u00e8re fiable et \u00e9tanche, m\u00eame au niveau des coins. Ces derniers doivent b\u00e9n\u00e9ficier d\u2019un soin tout particulier. Un artisan exp\u00e9riment\u00e9 peut y r\u00e9aliser un <strong>raccord \u00e9tanche \u00e0 l\u2019air<\/strong> continu, \u00e0 l\u2019aide de <a href=\"https:\/\/ch-fr.proclima.com\/produits\/assemblage\/rubans-raccord\">rubans adh\u00e9sifs pr\u00e9pli\u00e9s.<\/a> Les <a href=\"https:\/\/ch-fr.proclima.com\/produits\/assemblage\/bords-angles\">coins pr\u00e9fabriqu\u00e9s,<\/a> adapt\u00e9s selon les besoins \u00e0 la largeur de rainure existante, offrent ici une alternative fiable.<\/p>\n\n\n\n<!--more-->\n\n\n\n<figure class=\"wp-block-image size-large\"><img loading=\"lazy\" decoding=\"async\" width=\"936\" height=\"624\" data-size=\"936x624\" src=\"https:\/\/blog.proclima.com\/suisse\/files\/2020\/07\/dachfenster-sicher-anschlie\u00dfen-1.jpg\" alt=\"\" class=\"wp-image-135\" srcset=\"https:\/\/blog.proclima.com\/suisse\/files\/2020\/07\/dachfenster-sicher-anschlie\u00dfen-1.jpg 936w, https:\/\/blog.proclima.com\/suisse\/files\/2020\/07\/dachfenster-sicher-anschlie\u00dfen-1-300x200.jpg 300w, https:\/\/blog.proclima.com\/suisse\/files\/2020\/07\/dachfenster-sicher-anschlie\u00dfen-1-768x512.jpg 768w\" sizes=\"auto, (max-width: 936px) 100vw, 936px\" \/><figcaption>Lors du test d\u2019infiltrom\u00e9trie (BlowerDoor), les coins des fen\u00eatres de toiture en pente sont toujours les premiers \u00e0 se r\u00e9v\u00e9ler d\u00e9fectueux. L\u2019important, c\u2019est de commencer par le collage des coins, avant la rainure sur tout le pourtour. La solution artisanale consiste \u00e0 former un ruban adh\u00e9sif pr\u00e9pli\u00e9 pour en faire un \u00e9l\u00e9ment en coin.<\/figcaption><\/figure>\n\n\n\n<p style=\"background-color:#ffe9e9\" class=\"has-background\">Cette s\u00e9rie d\u2019articles r\u00e9sume des situations de raccords typiques et difficiles, tout en montrant aux artisans comment les r\u00e9soudre en pratique. Par ailleurs, elle donne un aper\u00e7u des solutions pr\u00e9fabriqu\u00e9es qui existent pour certains points singuliers et qui permettent aux artisans une r\u00e9alisation rapide, facile et fiable de l&rsquo;\u00e9tanch\u00e9it\u00e9 \u00e0 l&rsquo;air.<\/p>\n\n\n\n<figure class=\"wp-block-gallery columns-3 is-cropped wp-block-gallery-1 is-layout-flex wp-block-gallery-is-layout-flex\"><ul class=\"blocks-gallery-grid\"><li class=\"blocks-gallery-item\"><figure><a href=\"https:\/\/blog.proclima.com\/suisse\/files\/2020\/07\/dachfenster-sicher-anschlie\u00dfen-2.jpg\"><img loading=\"lazy\" decoding=\"async\" width=\"827\" height=\"554\" data-size=\"827x554\" src=\"https:\/\/blog.proclima.com\/suisse\/files\/2020\/07\/dachfenster-sicher-anschlie\u00dfen-2.jpg\" alt=\"\" data-id=\"136\" data-full-url=\"https:\/\/blog.proclima.com\/suisse\/files\/2020\/07\/dachfenster-sicher-anschlie\u00dfen-2.jpg\" data-link=\"https:\/\/blog.proclima.com\/suisse\/dachfenster-sicher-anschliesen-2\/\" class=\"wp-image-136\" srcset=\"https:\/\/blog.proclima.com\/suisse\/files\/2020\/07\/dachfenster-sicher-anschlie\u00dfen-2.jpg 827w, https:\/\/blog.proclima.com\/suisse\/files\/2020\/07\/dachfenster-sicher-anschlie\u00dfen-2-300x201.jpg 300w, https:\/\/blog.proclima.com\/suisse\/files\/2020\/07\/dachfenster-sicher-anschlie\u00dfen-2-768x514.jpg 768w\" sizes=\"auto, (max-width: 827px) 100vw, 827px\" \/><\/a><\/figure><\/li><li class=\"blocks-gallery-item\"><figure><a href=\"https:\/\/blog.proclima.com\/suisse\/files\/2020\/07\/dachfenster-sicher-anschlie\u00dfen-3.jpg\"><img loading=\"lazy\" decoding=\"async\" width=\"936\" height=\"624\" data-size=\"936x624\" src=\"https:\/\/blog.proclima.com\/suisse\/files\/2020\/07\/dachfenster-sicher-anschlie\u00dfen-3.jpg\" alt=\"\" data-id=\"137\" data-full-url=\"https:\/\/blog.proclima.com\/suisse\/files\/2020\/07\/dachfenster-sicher-anschlie\u00dfen-3.jpg\" data-link=\"https:\/\/blog.proclima.com\/suisse\/dachfenster-sicher-anschliesen-3\/\" class=\"wp-image-137\" srcset=\"https:\/\/blog.proclima.com\/suisse\/files\/2020\/07\/dachfenster-sicher-anschlie\u00dfen-3.jpg 936w, https:\/\/blog.proclima.com\/suisse\/files\/2020\/07\/dachfenster-sicher-anschlie\u00dfen-3-300x200.jpg 300w, https:\/\/blog.proclima.com\/suisse\/files\/2020\/07\/dachfenster-sicher-anschlie\u00dfen-3-768x512.jpg 768w\" sizes=\"auto, (max-width: 936px) 100vw, 936px\" \/><\/a><\/figure><\/li><li class=\"blocks-gallery-item\"><figure><a href=\"https:\/\/blog.proclima.com\/suisse\/files\/2020\/07\/dachfenster-sicher-anschlie\u00dfen-4.jpg\"><img loading=\"lazy\" decoding=\"async\" width=\"936\" height=\"624\" data-size=\"936x624\" src=\"https:\/\/blog.proclima.com\/suisse\/files\/2020\/07\/dachfenster-sicher-anschlie\u00dfen-4.jpg\" alt=\"\" data-id=\"138\" data-full-url=\"https:\/\/blog.proclima.com\/suisse\/files\/2020\/07\/dachfenster-sicher-anschlie\u00dfen-4.jpg\" data-link=\"https:\/\/blog.proclima.com\/suisse\/dachfenster-sicher-anschliesen-4\/\" class=\"wp-image-138\" srcset=\"https:\/\/blog.proclima.com\/suisse\/files\/2020\/07\/dachfenster-sicher-anschlie\u00dfen-4.jpg 936w, https:\/\/blog.proclima.com\/suisse\/files\/2020\/07\/dachfenster-sicher-anschlie\u00dfen-4-300x200.jpg 300w, https:\/\/blog.proclima.com\/suisse\/files\/2020\/07\/dachfenster-sicher-anschlie\u00dfen-4-768x512.jpg 768w\" sizes=\"auto, (max-width: 936px) 100vw, 936px\" \/><\/a><\/figure><\/li><\/ul><figcaption class=\"blocks-gallery-caption\">Voici comment former rapidement un ruban adh\u00e9sif pr\u00e9pli\u00e9 pour en faire un \u00e9l\u00e9ment en coin.<\/figcaption><\/figure>\n\n\n\n<figure class=\"wp-block-gallery columns-2 is-cropped wp-block-gallery-2 is-layout-flex wp-block-gallery-is-layout-flex\"><ul class=\"blocks-gallery-grid\"><li class=\"blocks-gallery-item\"><figure><a href=\"https:\/\/blog.proclima.com\/suisse\/files\/2020\/07\/dachfenster-sicher-anschlie\u00dfen-vorgefertigt-1.jpg\"><img loading=\"lazy\" decoding=\"async\" width=\"953\" height=\"636\" data-size=\"953x636\" src=\"https:\/\/blog.proclima.com\/suisse\/files\/2020\/07\/dachfenster-sicher-anschlie\u00dfen-vorgefertigt-1.jpg\" alt=\"\" data-id=\"139\" data-full-url=\"https:\/\/blog.proclima.com\/suisse\/files\/2020\/07\/dachfenster-sicher-anschlie\u00dfen-vorgefertigt-1.jpg\" data-link=\"https:\/\/blog.proclima.com\/suisse\/dachfenster-sicher-anschliesen-vorgefertigt-1\/\" class=\"wp-image-139\" srcset=\"https:\/\/blog.proclima.com\/suisse\/files\/2020\/07\/dachfenster-sicher-anschlie\u00dfen-vorgefertigt-1.jpg 953w, https:\/\/blog.proclima.com\/suisse\/files\/2020\/07\/dachfenster-sicher-anschlie\u00dfen-vorgefertigt-1-300x200.jpg 300w, https:\/\/blog.proclima.com\/suisse\/files\/2020\/07\/dachfenster-sicher-anschlie\u00dfen-vorgefertigt-1-768x513.jpg 768w\" sizes=\"auto, (max-width: 953px) 100vw, 953px\" \/><\/a><\/figure><\/li><li class=\"blocks-gallery-item\"><figure><a href=\"https:\/\/blog.proclima.com\/suisse\/files\/2020\/07\/dachfenster-sicher-anschlie\u00dfen-vorgefertigt-2.jpg\"><img loading=\"lazy\" decoding=\"async\" width=\"953\" height=\"636\" data-size=\"953x636\" src=\"https:\/\/blog.proclima.com\/suisse\/files\/2020\/07\/dachfenster-sicher-anschlie\u00dfen-vorgefertigt-2.jpg\" alt=\"\" data-id=\"140\" data-full-url=\"https:\/\/blog.proclima.com\/suisse\/files\/2020\/07\/dachfenster-sicher-anschlie\u00dfen-vorgefertigt-2.jpg\" data-link=\"https:\/\/blog.proclima.com\/suisse\/dachfenster-sicher-anschliesen-vorgefertigt-2\/\" class=\"wp-image-140\" srcset=\"https:\/\/blog.proclima.com\/suisse\/files\/2020\/07\/dachfenster-sicher-anschlie\u00dfen-vorgefertigt-2.jpg 953w, https:\/\/blog.proclima.com\/suisse\/files\/2020\/07\/dachfenster-sicher-anschlie\u00dfen-vorgefertigt-2-300x200.jpg 300w, https:\/\/blog.proclima.com\/suisse\/files\/2020\/07\/dachfenster-sicher-anschlie\u00dfen-vorgefertigt-2-768x513.jpg 768w\" sizes=\"auto, (max-width: 953px) 100vw, 953px\" \/><\/a><\/figure><\/li><\/ul><figcaption class=\"blocks-gallery-caption\">Solution ra<a href=\"https:\/\/ch-fr.proclima.com\/produits\/assemblage\/bords-angles\">pide et pr\u00e9fabriqu\u00e9e<\/a> pour les coins au niveau des fen\u00eatres de toiture en pente&nbsp;: un pr\u00e9form\u00e9 3D autocollant pour coins int\u00e9rieurs.<\/figcaption><\/figure>\n\n\n\n<div class=\"wp-block-group has-subtle-background-background-color has-background\"><div class=\"wp-block-group__inner-container is-layout-flow wp-block-group-is-layout-flow\">\n<h3 class=\"wp-block-heading\">Vue d&rsquo;ensemble de la s\u00e9rie<\/h3>\n\n\n\n<ol class=\"wp-block-list\"><li><a href=\"https:\/\/blog.proclima.com\/suisse\/?p=125\">Fuite typique: passages de c\u00e2bles dans le cas d&rsquo;installations \u00e9lectriques<\/a> <\/li><li><a href=\"https:\/\/blog.proclima.com\/suisse\/?p=162\">Un d\u00e9fi: l\u2019\u00e9tanch\u00e9it\u00e9 autour des faisceaux de c\u00e2bles<\/a> (12.08.2020)<\/li><li><a href=\"https:\/\/blog.proclima.com\/suisse\/?p=169\">Un d\u00e9fi: les c\u00e2bles sur une poutre<\/a> (26.08.2020)<\/li><li><a href=\"https:\/\/blog.proclima.com\/suisse\/?p=172\">Un d\u00e9fi: les passages de conduits<\/a> (09.09.2020)<\/li><li><a href=\"https:\/\/blog.proclima.com\/suisse\/?p=177\">Prudence avec les coins des fen\u00eatres en mati\u00e8re synth\u00e9tique<\/a> (23.09.2020)<\/li><li><a href=\"https:\/\/blog.proclima.com\/suisse\/?p=179\">Un probl\u00e8me des fen\u00eatres de toiture en pente: le collage des coins<\/a> (07.10.2020)<\/li><li><a href=\"https:\/\/blog.proclima.com\/suisse\/?p=186\">Risques particuliers lors de la r\u00e9novation<\/a> (21.10.2020)<\/li><li><a href=\"https:\/\/blog.proclima.com\/suisse\/?p=189\">Vieilles solives en cas de r\u00e9novation<\/a> (04.11.2020)<\/li><\/ol>\n\n\n\n<p><\/p>\n<\/div><\/div>\n\n\n\n<h3 class=\"wp-block-heading\">Informations compl\u00e9mentaires<\/h3>\n\n\n\n<p>Conseil vid\u00e9o&nbsp;: <a href=\"https:\/\/www.youtube.com\/watch?v=yUJRprgNVdg\">Raccord \u00e9tanche \u00e0 l\u2019air de fen\u00eatres de toiture en pente&nbsp;: solutions artisanales et pr\u00e9fabriqu\u00e9es<\/a><br>Conseil vid\u00e9o&nbsp;: <a href=\"https:\/\/www.youtube.com\/watch?v=VKjpRlTUh34\">Les fen\u00eatres de toiture en pente dans la r\u00e9novation (la toiture en pratique)<\/a><br>Conseil de lecture dans le blog allemand&nbsp;: <a href=\"https:\/\/blog.proclima.com\/de\/2019\/07\/fenster-anschliessen-produktpruefung\/\">Raccord de fen\u00eatre avec films&nbsp;: points d\u00e9licats et m\u00e9thodes de contr\u00f4le des produits<\/a><\/p>\n\n\n\n<h3 class=\"wp-block-heading\">Cette s\u00e9rie d&rsquo;articles a \u00e9t\u00e9 r\u00e9dig\u00e9e par Jens L\u00fcder Herms et Holger Merkel.<\/h3>\n\n\n\n<div class=\"wp-block-media-text alignwide is-stacked-on-mobile\" style=\"grid-template-columns:23% auto\"><figure class=\"wp-block-media-text__media\"><img loading=\"lazy\" decoding=\"async\" width=\"360\" height=\"540\" data-size=\"360x540\" src=\"https:\/\/blog.proclima.com\/suisse\/files\/2020\/07\/Jens-Lueder-Herms.jpg\" alt=\"\" class=\"wp-image-146\" srcset=\"https:\/\/blog.proclima.com\/suisse\/files\/2020\/07\/Jens-Lueder-Herms.jpg 360w, https:\/\/blog.proclima.com\/suisse\/files\/2020\/07\/Jens-Lueder-Herms-200x300.jpg 200w\" sizes=\"auto, (max-width: 360px) 100vw, 360px\" \/><\/figure><div class=\"wp-block-media-text__content\">\n<p>Jens L\u00fcder Herms, charpentier et ing\u00e9nieur dipl\u00f4m\u00e9 (HES), directeur des exportations et ing\u00e9nieur sp\u00e9cialis\u00e9 en applications, pro clima Recherche et D\u00e9veloppement, <a href=\"https:\/\/ch-fr.proclima.com\">https:\/\/ch-fr.proclima.com<\/a>.<br>Vous trouverez des illustrations de son travail sur <a href=\"https:\/\/twitter.com\/luederHerms\">Twitter<\/a> et <a href=\"https:\/\/www.instagram.com\/jens.lueder.herms\/\">Instagram.<\/a><\/p>\n<\/div><\/div>\n\n\n\n<div class=\"wp-block-media-text alignwide has-media-on-the-right is-stacked-on-mobile\" style=\"grid-template-columns:auto 25%\"><figure class=\"wp-block-media-text__media\"><img loading=\"lazy\" decoding=\"async\" width=\"292\" height=\"436\" data-size=\"292x436\" src=\"https:\/\/blog.proclima.com\/suisse\/files\/2020\/07\/Holger-Merkel.jpg\" alt=\"\" class=\"wp-image-145\" srcset=\"https:\/\/blog.proclima.com\/suisse\/files\/2020\/07\/Holger-Merkel.jpg 292w, https:\/\/blog.proclima.com\/suisse\/files\/2020\/07\/Holger-Merkel-201x300.jpg 201w\" sizes=\"auto, (max-width: 292px) 100vw, 292px\" \/><\/figure><div class=\"wp-block-media-text__content\">\n<p>Holger Merkel, fournisseur de services d\u2019infiltrom\u00e9trie BlowerDoor, conf\u00e9rencier de <a href=\"https:\/\/kaenguru.me\/\">l\u2019atelier p\u00e9dagogique<\/a> pro clima et formateur de cours de certification. Dans le cadre de son tout nouveau projet <a href=\"https:\/\/www.zieht-wie-hechtsupp.de\/\">www.zieht-wie-hechtsupp.de,<\/a> il d\u00e9taille la probl\u00e9matique des fuites. Sur le site <a href=\"https:\/\/www.airtight-junkies.de\/\">www.airtight-junkies.de,<\/a> il publie entre autres des articles sp\u00e9cialis\u00e9s sur les tests d\u2019infiltrom\u00e9trie (BlowerDoor).<\/p>\n<\/div><\/div>\n","protected":false},"excerpt":{"rendered":"<p>R\u00e9alisation intelligente et efficace des raccords (6\/8) \u2013 Un probl\u00e8me des fen\u00eatres de toiture en pente: le collage des coins Suite de la section 5: <a href=\"https:\/\/blog.proclima.com\/suisse\/2020\/10\/07\/fenetres-de-toiture-en-pente-le-collage-des-coins-6-8\/\" rel=\"bookmark\">&#8230;<\/a><\/p>\n","protected":false},"author":40,"featured_media":139,"comment_status":"open","ping_status":"open","sticky":false,"template":"","format":"standard","meta":{"footnotes":""},"categories":[2,1],"tags":[28,19,21,24,15,16,29,23,25,8,18],"class_list":["post-179","post","type-post","status-publish","format-standard","has-post-thumbnail","hentry","category-letancheite-a-lair","category-proclima","tag-constructions-anciennes","tag-enveloppe-du-bati","tag-etancheite-a-lair","tag-frein-vapeur","tag-points-singuliers-de-raccords","tag-raccord-aux-elements-de-construction","tag-raccord-de-fenetre","tag-raccord-etanche-a-lair","tag-renovation","tag-ruban-adhesif","tag-solutions-pour-points-singuliers"],"yoast_head":"<!-- This site is optimized with the Yoast SEO plugin v27.5 - https:\/\/yoast.com\/product\/yoast-seo-wordpress\/ -->\n<title>Fen\u00eatres de toiture en pente: le collage des coins (6\/8) - blog pro clima Suisse<\/title>\n<meta name=\"robots\" content=\"index, follow, max-snippet:-1, max-image-preview:large, max-video-preview:-1\" \/>\n<link rel=\"canonical\" href=\"https:\/\/blog.proclima.com\/suisse\/2020\/10\/07\/fenetres-de-toiture-en-pente-le-collage-des-coins-6-8\/\" \/>\n<meta property=\"og:locale\" content=\"fr_FR\" \/>\n<meta property=\"og:type\" content=\"article\" \/>\n<meta property=\"og:title\" content=\"Fen\u00eatres de toiture en pente: le collage des coins (6\/8) - blog pro clima Suisse\" \/>\n<meta property=\"og:description\" content=\"R\u00e9alisation intelligente et efficace des raccords (6\/8) \u2013 Un probl\u00e8me des fen\u00eatres de toiture en pente: le collage des coins Suite de la section 5: ...\" \/>\n<meta property=\"og:url\" content=\"https:\/\/blog.proclima.com\/suisse\/2020\/10\/07\/fenetres-de-toiture-en-pente-le-collage-des-coins-6-8\/\" \/>\n<meta property=\"og:site_name\" content=\"blog pro clima Suisse\" \/>\n<meta property=\"article:published_time\" content=\"2020-10-07T06:02:00+00:00\" \/>\n<meta property=\"og:image\" content=\"https:\/\/blog.proclima.com\/suisse\/files\/2020\/07\/dachfenster-sicher-anschlie\u00dfen-vorgefertigt-1.jpg\" \/>\n\t<meta property=\"og:image:width\" content=\"953\" \/>\n\t<meta property=\"og:image:height\" content=\"636\" \/>\n\t<meta property=\"og:image:type\" content=\"image\/jpeg\" \/>\n<meta name=\"author\" content=\"Nils Braune\" \/>\n<meta name=\"twitter:card\" content=\"summary_large_image\" \/>\n<meta name=\"twitter:label1\" content=\"\u00c9crit par\" \/>\n\t<meta name=\"twitter:data1\" content=\"Nils Braune\" \/>\n\t<meta name=\"twitter:label2\" content=\"Dur\u00e9e de lecture estim\u00e9e\" \/>\n\t<meta name=\"twitter:data2\" content=\"2 minutes\" \/>\n<script type=\"application\/ld+json\" class=\"yoast-schema-graph\">{\"@context\":\"https:\\\/\\\/schema.org\",\"@graph\":[{\"@type\":\"Article\",\"@id\":\"https:\\\/\\\/blog.proclima.com\\\/suisse\\\/2020\\\/10\\\/07\\\/fenetres-de-toiture-en-pente-le-collage-des-coins-6-8\\\/#article\",\"isPartOf\":{\"@id\":\"https:\\\/\\\/blog.proclima.com\\\/suisse\\\/2020\\\/10\\\/07\\\/fenetres-de-toiture-en-pente-le-collage-des-coins-6-8\\\/\"},\"author\":{\"name\":\"Nils Braune\",\"@id\":\"https:\\\/\\\/blog.proclima.com\\\/suisse\\\/#\\\/schema\\\/person\\\/867d432d923c4986caa239ecb77d23c4\"},\"headline\":\"Fen\u00eatres de toiture en pente: le collage des coins (6\\\/8)\",\"datePublished\":\"2020-10-07T06:02:00+00:00\",\"mainEntityOfPage\":{\"@id\":\"https:\\\/\\\/blog.proclima.com\\\/suisse\\\/2020\\\/10\\\/07\\\/fenetres-de-toiture-en-pente-le-collage-des-coins-6-8\\\/\"},\"wordCount\":382,\"commentCount\":0,\"publisher\":{\"@id\":\"https:\\\/\\\/blog.proclima.com\\\/suisse\\\/#organization\"},\"image\":{\"@id\":\"https:\\\/\\\/blog.proclima.com\\\/suisse\\\/2020\\\/10\\\/07\\\/fenetres-de-toiture-en-pente-le-collage-des-coins-6-8\\\/#primaryimage\"},\"thumbnailUrl\":\"https:\\\/\\\/blog.proclima.com\\\/suisse\\\/files\\\/2020\\\/07\\\/dachfenster-sicher-anschlie\u00dfen-vorgefertigt-1.jpg\",\"keywords\":[\"constructions anciennes\",\"enveloppe du b\u00e2ti\",\"\u00e9tanch\u00e9it\u00e9 \u00e0 l\u2019air\",\"frein-vapeur\",\"points singuliers de raccords\",\"raccord aux \u00e9l\u00e9ments de construction\",\"raccord de fen\u00eatre\",\"raccord \u00e9tanche \u00e0 l\u2019air\",\"r\u00e9novation\",\"Ruban adh\u00e9sif\",\"solutions pour points singuliers\"],\"articleSection\":[\"l\u2019\u00e9tanch\u00e9it\u00e9 \u00e0 l\u2019air\",\"pro clima\"],\"inLanguage\":\"fr-FR\",\"potentialAction\":[{\"@type\":\"CommentAction\",\"name\":\"Comment\",\"target\":[\"https:\\\/\\\/blog.proclima.com\\\/suisse\\\/2020\\\/10\\\/07\\\/fenetres-de-toiture-en-pente-le-collage-des-coins-6-8\\\/#respond\"]}]},{\"@type\":\"WebPage\",\"@id\":\"https:\\\/\\\/blog.proclima.com\\\/suisse\\\/2020\\\/10\\\/07\\\/fenetres-de-toiture-en-pente-le-collage-des-coins-6-8\\\/\",\"url\":\"https:\\\/\\\/blog.proclima.com\\\/suisse\\\/2020\\\/10\\\/07\\\/fenetres-de-toiture-en-pente-le-collage-des-coins-6-8\\\/\",\"name\":\"Fen\u00eatres de toiture en pente: le collage des coins (6\\\/8) - blog pro clima Suisse\",\"isPartOf\":{\"@id\":\"https:\\\/\\\/blog.proclima.com\\\/suisse\\\/#website\"},\"primaryImageOfPage\":{\"@id\":\"https:\\\/\\\/blog.proclima.com\\\/suisse\\\/2020\\\/10\\\/07\\\/fenetres-de-toiture-en-pente-le-collage-des-coins-6-8\\\/#primaryimage\"},\"image\":{\"@id\":\"https:\\\/\\\/blog.proclima.com\\\/suisse\\\/2020\\\/10\\\/07\\\/fenetres-de-toiture-en-pente-le-collage-des-coins-6-8\\\/#primaryimage\"},\"thumbnailUrl\":\"https:\\\/\\\/blog.proclima.com\\\/suisse\\\/files\\\/2020\\\/07\\\/dachfenster-sicher-anschlie\u00dfen-vorgefertigt-1.jpg\",\"datePublished\":\"2020-10-07T06:02:00+00:00\",\"breadcrumb\":{\"@id\":\"https:\\\/\\\/blog.proclima.com\\\/suisse\\\/2020\\\/10\\\/07\\\/fenetres-de-toiture-en-pente-le-collage-des-coins-6-8\\\/#breadcrumb\"},\"inLanguage\":\"fr-FR\",\"potentialAction\":[{\"@type\":\"ReadAction\",\"target\":[\"https:\\\/\\\/blog.proclima.com\\\/suisse\\\/2020\\\/10\\\/07\\\/fenetres-de-toiture-en-pente-le-collage-des-coins-6-8\\\/\"]}]},{\"@type\":\"ImageObject\",\"inLanguage\":\"fr-FR\",\"@id\":\"https:\\\/\\\/blog.proclima.com\\\/suisse\\\/2020\\\/10\\\/07\\\/fenetres-de-toiture-en-pente-le-collage-des-coins-6-8\\\/#primaryimage\",\"url\":\"https:\\\/\\\/blog.proclima.com\\\/suisse\\\/files\\\/2020\\\/07\\\/dachfenster-sicher-anschlie\u00dfen-vorgefertigt-1.jpg\",\"contentUrl\":\"https:\\\/\\\/blog.proclima.com\\\/suisse\\\/files\\\/2020\\\/07\\\/dachfenster-sicher-anschlie\u00dfen-vorgefertigt-1.jpg\",\"width\":953,\"height\":636},{\"@type\":\"BreadcrumbList\",\"@id\":\"https:\\\/\\\/blog.proclima.com\\\/suisse\\\/2020\\\/10\\\/07\\\/fenetres-de-toiture-en-pente-le-collage-des-coins-6-8\\\/#breadcrumb\",\"itemListElement\":[{\"@type\":\"ListItem\",\"position\":1,\"name\":\"Start\",\"item\":\"https:\\\/\\\/blog.proclima.com\\\/suisse\\\/\"},{\"@type\":\"ListItem\",\"position\":2,\"name\":\"Fen\u00eatres de toiture en pente: le collage des coins (6\\\/8)\"}]},{\"@type\":\"WebSite\",\"@id\":\"https:\\\/\\\/blog.proclima.com\\\/suisse\\\/#website\",\"url\":\"https:\\\/\\\/blog.proclima.com\\\/suisse\\\/\",\"name\":\"blog pro clima Suisse\",\"description\":\"Des solutions fiables pour l\u2019\u00e9tanch\u00e9it\u00e9 du b\u00e2timent\",\"publisher\":{\"@id\":\"https:\\\/\\\/blog.proclima.com\\\/suisse\\\/#organization\"},\"potentialAction\":[{\"@type\":\"SearchAction\",\"target\":{\"@type\":\"EntryPoint\",\"urlTemplate\":\"https:\\\/\\\/blog.proclima.com\\\/suisse\\\/?s={search_term_string}\"},\"query-input\":{\"@type\":\"PropertyValueSpecification\",\"valueRequired\":true,\"valueName\":\"search_term_string\"}}],\"inLanguage\":\"fr-FR\"},{\"@type\":\"Organization\",\"@id\":\"https:\\\/\\\/blog.proclima.com\\\/suisse\\\/#organization\",\"name\":\"blog pro clima Suisse\",\"url\":\"https:\\\/\\\/blog.proclima.com\\\/suisse\\\/\",\"logo\":{\"@type\":\"ImageObject\",\"inLanguage\":\"fr-FR\",\"@id\":\"https:\\\/\\\/blog.proclima.com\\\/suisse\\\/#\\\/schema\\\/logo\\\/image\\\/\",\"url\":\"https:\\\/\\\/blog.proclima.com\\\/suisse\\\/files\\\/2025\\\/12\\\/logo_proclima_quadrat.png\",\"contentUrl\":\"https:\\\/\\\/blog.proclima.com\\\/suisse\\\/files\\\/2025\\\/12\\\/logo_proclima_quadrat.png\",\"width\":1200,\"height\":1200,\"caption\":\"blog pro clima Suisse\"},\"image\":{\"@id\":\"https:\\\/\\\/blog.proclima.com\\\/suisse\\\/#\\\/schema\\\/logo\\\/image\\\/\"}},{\"@type\":\"Person\",\"@id\":\"https:\\\/\\\/blog.proclima.com\\\/suisse\\\/#\\\/schema\\\/person\\\/867d432d923c4986caa239ecb77d23c4\",\"name\":\"Nils Braune\",\"image\":{\"@type\":\"ImageObject\",\"inLanguage\":\"fr-FR\",\"@id\":\"https:\\\/\\\/secure.gravatar.com\\\/avatar\\\/f258fd7697129815be29b291db5a9f8280d404bd5bc56d16f006d64d8437c89f?s=96&d=mm&r=g\",\"url\":\"https:\\\/\\\/secure.gravatar.com\\\/avatar\\\/f258fd7697129815be29b291db5a9f8280d404bd5bc56d16f006d64d8437c89f?s=96&d=mm&r=g\",\"contentUrl\":\"https:\\\/\\\/secure.gravatar.com\\\/avatar\\\/f258fd7697129815be29b291db5a9f8280d404bd5bc56d16f006d64d8437c89f?s=96&d=mm&r=g\",\"caption\":\"Nils Braune\"},\"description\":\"Nils Braune ist Journalist, Kameramann und TV-Redakteur. Teilnehmer*innen der Kombischulungen Dach-Praxis und Schnittstelle Baustelle kennen ihn, weil er dort die Live-\u00dcbertragungen und Aufzeichnungen unterst\u00fctzt. Bei pro clima Online-Seminaren ist er als Kameramann anzutreffen. Zudem supportet er die pro clima Redaktion (Blogs, proclima.tv und Bauradio). Nils Braune is a journalist, cameraman and TV producer. Participants in our combined training course on roofing practice and the interface with building sites will know him as he provides support with live broadcasts and recording. He is also familiar as a cameraman for pro clima online seminars. In addition, he provides support for pro clima\u2019s content editors (blogs, proclima.tv and \u2018Bauradio\u2019).\",\"url\":\"https:\\\/\\\/blog.proclima.com\\\/suisse\\\/author\\\/proclimaredaktion\\\/\"}]}<\/script>\n<!-- \/ Yoast SEO plugin. -->","yoast_head_json":{"title":"Fen\u00eatres de toiture en pente: le collage des coins (6\/8) - blog pro clima Suisse","robots":{"index":"index","follow":"follow","max-snippet":"max-snippet:-1","max-image-preview":"max-image-preview:large","max-video-preview":"max-video-preview:-1"},"canonical":"https:\/\/blog.proclima.com\/suisse\/2020\/10\/07\/fenetres-de-toiture-en-pente-le-collage-des-coins-6-8\/","og_locale":"fr_FR","og_type":"article","og_title":"Fen\u00eatres de toiture en pente: le collage des coins (6\/8) - blog pro clima Suisse","og_description":"R\u00e9alisation intelligente et efficace des raccords (6\/8) \u2013 Un probl\u00e8me des fen\u00eatres de toiture en pente: le collage des coins Suite de la section 5: ...","og_url":"https:\/\/blog.proclima.com\/suisse\/2020\/10\/07\/fenetres-de-toiture-en-pente-le-collage-des-coins-6-8\/","og_site_name":"blog pro clima Suisse","article_published_time":"2020-10-07T06:02:00+00:00","og_image":[{"width":953,"height":636,"url":"https:\/\/blog.proclima.com\/suisse\/files\/2020\/07\/dachfenster-sicher-anschlie\u00dfen-vorgefertigt-1.jpg","type":"image\/jpeg"}],"author":"Nils Braune","twitter_card":"summary_large_image","twitter_misc":{"\u00c9crit par":"Nils Braune","Dur\u00e9e de lecture estim\u00e9e":"2 minutes"},"schema":{"@context":"https:\/\/schema.org","@graph":[{"@type":"Article","@id":"https:\/\/blog.proclima.com\/suisse\/2020\/10\/07\/fenetres-de-toiture-en-pente-le-collage-des-coins-6-8\/#article","isPartOf":{"@id":"https:\/\/blog.proclima.com\/suisse\/2020\/10\/07\/fenetres-de-toiture-en-pente-le-collage-des-coins-6-8\/"},"author":{"name":"Nils Braune","@id":"https:\/\/blog.proclima.com\/suisse\/#\/schema\/person\/867d432d923c4986caa239ecb77d23c4"},"headline":"Fen\u00eatres de toiture en pente: le collage des coins (6\/8)","datePublished":"2020-10-07T06:02:00+00:00","mainEntityOfPage":{"@id":"https:\/\/blog.proclima.com\/suisse\/2020\/10\/07\/fenetres-de-toiture-en-pente-le-collage-des-coins-6-8\/"},"wordCount":382,"commentCount":0,"publisher":{"@id":"https:\/\/blog.proclima.com\/suisse\/#organization"},"image":{"@id":"https:\/\/blog.proclima.com\/suisse\/2020\/10\/07\/fenetres-de-toiture-en-pente-le-collage-des-coins-6-8\/#primaryimage"},"thumbnailUrl":"https:\/\/blog.proclima.com\/suisse\/files\/2020\/07\/dachfenster-sicher-anschlie\u00dfen-vorgefertigt-1.jpg","keywords":["constructions anciennes","enveloppe du b\u00e2ti","\u00e9tanch\u00e9it\u00e9 \u00e0 l\u2019air","frein-vapeur","points singuliers de raccords","raccord aux \u00e9l\u00e9ments de construction","raccord de fen\u00eatre","raccord \u00e9tanche \u00e0 l\u2019air","r\u00e9novation","Ruban adh\u00e9sif","solutions pour points singuliers"],"articleSection":["l\u2019\u00e9tanch\u00e9it\u00e9 \u00e0 l\u2019air","pro clima"],"inLanguage":"fr-FR","potentialAction":[{"@type":"CommentAction","name":"Comment","target":["https:\/\/blog.proclima.com\/suisse\/2020\/10\/07\/fenetres-de-toiture-en-pente-le-collage-des-coins-6-8\/#respond"]}]},{"@type":"WebPage","@id":"https:\/\/blog.proclima.com\/suisse\/2020\/10\/07\/fenetres-de-toiture-en-pente-le-collage-des-coins-6-8\/","url":"https:\/\/blog.proclima.com\/suisse\/2020\/10\/07\/fenetres-de-toiture-en-pente-le-collage-des-coins-6-8\/","name":"Fen\u00eatres de toiture en pente: le collage des coins (6\/8) - blog pro clima Suisse","isPartOf":{"@id":"https:\/\/blog.proclima.com\/suisse\/#website"},"primaryImageOfPage":{"@id":"https:\/\/blog.proclima.com\/suisse\/2020\/10\/07\/fenetres-de-toiture-en-pente-le-collage-des-coins-6-8\/#primaryimage"},"image":{"@id":"https:\/\/blog.proclima.com\/suisse\/2020\/10\/07\/fenetres-de-toiture-en-pente-le-collage-des-coins-6-8\/#primaryimage"},"thumbnailUrl":"https:\/\/blog.proclima.com\/suisse\/files\/2020\/07\/dachfenster-sicher-anschlie\u00dfen-vorgefertigt-1.jpg","datePublished":"2020-10-07T06:02:00+00:00","breadcrumb":{"@id":"https:\/\/blog.proclima.com\/suisse\/2020\/10\/07\/fenetres-de-toiture-en-pente-le-collage-des-coins-6-8\/#breadcrumb"},"inLanguage":"fr-FR","potentialAction":[{"@type":"ReadAction","target":["https:\/\/blog.proclima.com\/suisse\/2020\/10\/07\/fenetres-de-toiture-en-pente-le-collage-des-coins-6-8\/"]}]},{"@type":"ImageObject","inLanguage":"fr-FR","@id":"https:\/\/blog.proclima.com\/suisse\/2020\/10\/07\/fenetres-de-toiture-en-pente-le-collage-des-coins-6-8\/#primaryimage","url":"https:\/\/blog.proclima.com\/suisse\/files\/2020\/07\/dachfenster-sicher-anschlie\u00dfen-vorgefertigt-1.jpg","contentUrl":"https:\/\/blog.proclima.com\/suisse\/files\/2020\/07\/dachfenster-sicher-anschlie\u00dfen-vorgefertigt-1.jpg","width":953,"height":636},{"@type":"BreadcrumbList","@id":"https:\/\/blog.proclima.com\/suisse\/2020\/10\/07\/fenetres-de-toiture-en-pente-le-collage-des-coins-6-8\/#breadcrumb","itemListElement":[{"@type":"ListItem","position":1,"name":"Start","item":"https:\/\/blog.proclima.com\/suisse\/"},{"@type":"ListItem","position":2,"name":"Fen\u00eatres de toiture en pente: le collage des coins (6\/8)"}]},{"@type":"WebSite","@id":"https:\/\/blog.proclima.com\/suisse\/#website","url":"https:\/\/blog.proclima.com\/suisse\/","name":"blog pro clima Suisse","description":"Des solutions fiables pour l\u2019\u00e9tanch\u00e9it\u00e9 du b\u00e2timent","publisher":{"@id":"https:\/\/blog.proclima.com\/suisse\/#organization"},"potentialAction":[{"@type":"SearchAction","target":{"@type":"EntryPoint","urlTemplate":"https:\/\/blog.proclima.com\/suisse\/?s={search_term_string}"},"query-input":{"@type":"PropertyValueSpecification","valueRequired":true,"valueName":"search_term_string"}}],"inLanguage":"fr-FR"},{"@type":"Organization","@id":"https:\/\/blog.proclima.com\/suisse\/#organization","name":"blog pro clima Suisse","url":"https:\/\/blog.proclima.com\/suisse\/","logo":{"@type":"ImageObject","inLanguage":"fr-FR","@id":"https:\/\/blog.proclima.com\/suisse\/#\/schema\/logo\/image\/","url":"https:\/\/blog.proclima.com\/suisse\/files\/2025\/12\/logo_proclima_quadrat.png","contentUrl":"https:\/\/blog.proclima.com\/suisse\/files\/2025\/12\/logo_proclima_quadrat.png","width":1200,"height":1200,"caption":"blog pro clima Suisse"},"image":{"@id":"https:\/\/blog.proclima.com\/suisse\/#\/schema\/logo\/image\/"}},{"@type":"Person","@id":"https:\/\/blog.proclima.com\/suisse\/#\/schema\/person\/867d432d923c4986caa239ecb77d23c4","name":"Nils Braune","image":{"@type":"ImageObject","inLanguage":"fr-FR","@id":"https:\/\/secure.gravatar.com\/avatar\/f258fd7697129815be29b291db5a9f8280d404bd5bc56d16f006d64d8437c89f?s=96&d=mm&r=g","url":"https:\/\/secure.gravatar.com\/avatar\/f258fd7697129815be29b291db5a9f8280d404bd5bc56d16f006d64d8437c89f?s=96&d=mm&r=g","contentUrl":"https:\/\/secure.gravatar.com\/avatar\/f258fd7697129815be29b291db5a9f8280d404bd5bc56d16f006d64d8437c89f?s=96&d=mm&r=g","caption":"Nils Braune"},"description":"Nils Braune ist Journalist, Kameramann und TV-Redakteur. Teilnehmer*innen der Kombischulungen Dach-Praxis und Schnittstelle Baustelle kennen ihn, weil er dort die Live-\u00dcbertragungen und Aufzeichnungen unterst\u00fctzt. Bei pro clima Online-Seminaren ist er als Kameramann anzutreffen. Zudem supportet er die pro clima Redaktion (Blogs, proclima.tv und Bauradio). Nils Braune is a journalist, cameraman and TV producer. Participants in our combined training course on roofing practice and the interface with building sites will know him as he provides support with live broadcasts and recording. He is also familiar as a cameraman for pro clima online seminars. In addition, he provides support for pro clima\u2019s content editors (blogs, proclima.tv and \u2018Bauradio\u2019).","url":"https:\/\/blog.proclima.com\/suisse\/author\/proclimaredaktion\/"}]}},"_links":{"self":[{"href":"https:\/\/blog.proclima.com\/suisse\/wp-json\/wp\/v2\/posts\/179","targetHints":{"allow":["GET"]}}],"collection":[{"href":"https:\/\/blog.proclima.com\/suisse\/wp-json\/wp\/v2\/posts"}],"about":[{"href":"https:\/\/blog.proclima.com\/suisse\/wp-json\/wp\/v2\/types\/post"}],"author":[{"embeddable":true,"href":"https:\/\/blog.proclima.com\/suisse\/wp-json\/wp\/v2\/users\/40"}],"replies":[{"embeddable":true,"href":"https:\/\/blog.proclima.com\/suisse\/wp-json\/wp\/v2\/comments?post=179"}],"version-history":[{"count":6,"href":"https:\/\/blog.proclima.com\/suisse\/wp-json\/wp\/v2\/posts\/179\/revisions"}],"predecessor-version":[{"id":232,"href":"https:\/\/blog.proclima.com\/suisse\/wp-json\/wp\/v2\/posts\/179\/revisions\/232"}],"wp:featuredmedia":[{"embeddable":true,"href":"https:\/\/blog.proclima.com\/suisse\/wp-json\/wp\/v2\/media\/139"}],"wp:attachment":[{"href":"https:\/\/blog.proclima.com\/suisse\/wp-json\/wp\/v2\/media?parent=179"}],"wp:term":[{"taxonomy":"category","embeddable":true,"href":"https:\/\/blog.proclima.com\/suisse\/wp-json\/wp\/v2\/categories?post=179"},{"taxonomy":"post_tag","embeddable":true,"href":"https:\/\/blog.proclima.com\/suisse\/wp-json\/wp\/v2\/tags?post=179"}],"curies":[{"name":"wp","href":"https:\/\/api.w.org\/{rel}","templated":true}]}}