
{"id":297,"date":"2018-11-14T13:11:18","date_gmt":"2018-11-14T13:11:18","guid":{"rendered":"https:\/\/blog.proclima.com\/int\/?p=297"},"modified":"2025-10-16T06:07:00","modified_gmt":"2025-10-16T06:07:00","slug":"why-do-i-need-airtightness-sealing-at-all","status":"publish","type":"post","link":"https:\/\/blog.proclima.com\/int\/2018\/11\/14\/why-do-i-need-airtightness-sealing-at-all\/","title":{"rendered":"Why do I need airtightness sealing at all?"},"content":{"rendered":"<p>Airtightness sealing has a wide range of significant impacts on buildings. After all, air can flow through the building envelope in an undesired manner if the airtightness sealing is poor. Substances or energy can be transported in this way \u2013 this is referred to as convection.<\/p>\n<p>This means that heat leaves the building in an undesired manner during the winter or enters in summertime.<\/p>\n<figure id=\"attachment_7555\" aria-describedby=\"caption-attachment-7555\" style=\"width: 325px\" class=\"wp-caption alignright\"><a href=\"https:\/\/blog.proclima.com\/de\/files\/2018\/05\/2_Abb_2_Luftdichtung_Fuge.png\"><img loading=\"lazy\" decoding=\"async\" class=\"wp-image-7555\" src=\"https:\/\/blog.proclima.com\/de\/files\/2018\/05\/2_Abb_2_Luftdichtung_Fuge-300x218.png\" alt=\"Fuge in der Luftdichtung\" width=\"325\" height=\"236\" \/><\/a><figcaption id=\"caption-attachment-7555\" class=\"wp-caption-text\">A joint with a width of 1\u00a0mm and a length of 1\u00a0m in a building structure looks small, but has a major impact. The heat losses increase by a factor of 4.8. In addition, up to 0.8\u00a0litres of humidity can enter the building structure in a single day.<\/figcaption><\/figure>\n<p>Scientific studies have shown that the thermal insulation performance can be reduced to just 20\u00a0per cent in the case of strong air flow (i.e. through leaks).<\/p>\n<p>Alongside these heat flows, water that is present in the interior in the form of air humidity can enter into building components through leaks in the airtightness. In winter, the temperature in these building components falls. Condensation liquid can then form, which can lead to subsequent damage such as mould.<\/p>\n<p>Unwelcome odours or harmful substances can also spread \u2013 and who wants to be able to smell what the neighbours are cooking?<\/p>\n<p><!--more--><\/p>\n<p>Insufficient attention is often paid to the issue of comfort. Air flows can often lead to unpleasant draughts, e.g. from toilet flush plates if they are installed onto a stud wall that has a non-plastered wall behind it.<\/p>\n<p>The entry of cold outdoor air in wintertime also reduces the indoor humidity once this air is heated up. This may sound desirable at first, but indoor air that is too dry can irritate the mucous membranes and lead to health problems.<\/p>\n<figure id=\"attachment_7556\" aria-describedby=\"caption-attachment-7556\" style=\"width: 584px\" class=\"wp-caption alignleft\"><a href=\"https:\/\/blog.proclima.com\/de\/files\/2018\/05\/1_Abb_1_Luftdichtheitskonzept_DRUCK.jpg\"><img loading=\"lazy\" decoding=\"async\" class=\"wp-image-7556 size-large\" src=\"https:\/\/blog.proclima.com\/de\/files\/2018\/05\/1_Abb_1_Luftdichtheitskonzept_DRUCK-1024x928.jpg\" alt=\"\" width=\"584\" height=\"529\" \/><\/a><figcaption id=\"caption-attachment-7556\" class=\"wp-caption-text\">An airtightness concept \u2013 here is an excerpt \u2013 must be prepared for all new-build and energy-related refurbishment projects. Giving consideration to airtightness only when construction has already begun is too late.<\/figcaption><\/figure>\n<p>Architects carry out the necessary planning, which is then carefully implemented by tradespeople. The implementation of an airtight construction is thus recommended for all parties involved in construction projects.<\/p>\n<p><a href=\"https:\/\/blog.proclima.com\/de\/files\/2017\/10\/2_Abb_2_StefanHueckstaedt.png\"><img loading=\"lazy\" decoding=\"async\" class=\" wp-image-7122 alignright\" src=\"https:\/\/blog.proclima.com\/de\/files\/2017\/10\/2_Abb_2_StefanHueckstaedt-261x300.png\" alt=\"\" width=\"185\" height=\"210\" \/><\/a>This question was answered by: Stefan H\u00fcckst\u00e4dt. He has a degree in timber construction engineering and is also a qualified carpenter. As an Application Technology specialist at pro clima, he advises and provides training to installation technicians and project planners on issues relating to airtight building envelopes. <a href=\"http:\/\/www.proclima.de\/\">www.proclima.de<\/a><\/p>\n<p>&nbsp;<\/p>\n<h2>More Information:<\/h2>\n<p>pro clima INTELLO features humidity-variable diffusion resistance. It gives maximum protection to thermal insulation where moisture entry may have occurred. This may be through leaks, damp building materials or diffusion through adjoining structural surfaces. Intello plus possesses the world&#8217;s best and most effective variable diffusion resistance.<\/p>\n<iframe loading=\"lazy\"  id=\"_ytid_90563\"  width=\"1170\" height=\"658\"  data-origwidth=\"1170\" data-origheight=\"658\" src=\"https:\/\/www.youtube.com\/embed\/Vedt2OmtoOk?enablejsapi=1&autoplay=0&cc_load_policy=0&cc_lang_pref=&iv_load_policy=1&loop=0&rel=1&fs=1&playsinline=0&autohide=2&theme=dark&color=red&controls=1&disablekb=0&\" class=\"__youtube_prefs__  no-lazyload\" title=\"YouTube player\"  allow=\"fullscreen; accelerometer; autoplay; clipboard-write; encrypted-media; gyroscope; picture-in-picture; web-share\" referrerpolicy=\"strict-origin-when-cross-origin\" allowfullscreen data-no-lazy=\"1\" data-skipgform_ajax_framebjll=\"\"><\/iframe>\n","protected":false},"excerpt":{"rendered":"<p>Airtightness sealing has a wide range of significant impacts on buildings. After all, air can flow through the building envelope in an undesired manner if <a href=\"https:\/\/blog.proclima.com\/int\/2018\/11\/14\/why-do-i-need-airtightness-sealing-at-all\/\" rel=\"bookmark\">&#8230;<\/a><\/p>\n","protected":false},"author":37,"featured_media":337,"comment_status":"open","ping_status":"open","sticky":false,"template":"","format":"standard","meta":{"footnotes":""},"categories":[13,1],"tags":[79,103],"class_list":["post-297","post","type-post","status-publish","format-standard","has-post-thumbnail","hentry","category-building-physics-made-easy","category-pro-clima","tag-airtightnes","tag-sealing"],"yoast_head":"<!-- This site is optimized with the Yoast SEO plugin v27.5 - https:\/\/yoast.com\/product\/yoast-seo-wordpress\/ -->\n<title>Why do I need airtightness sealing at all? - pro clima international blog<\/title>\n<meta name=\"robots\" content=\"index, follow, max-snippet:-1, max-image-preview:large, max-video-preview:-1\" \/>\n<link rel=\"canonical\" href=\"https:\/\/blog.proclima.com\/int\/2018\/11\/14\/why-do-i-need-airtightness-sealing-at-all\/\" \/>\n<meta property=\"og:locale\" content=\"en_GB\" \/>\n<meta property=\"og:type\" content=\"article\" \/>\n<meta property=\"og:title\" content=\"Why do I need airtightness sealing at all? - pro clima international blog\" \/>\n<meta property=\"og:description\" content=\"Airtightness sealing has a wide range of significant impacts on buildings. After all, air can flow through the building envelope in an undesired manner if ...\" \/>\n<meta property=\"og:url\" content=\"https:\/\/blog.proclima.com\/int\/2018\/11\/14\/why-do-i-need-airtightness-sealing-at-all\/\" \/>\n<meta property=\"og:site_name\" content=\"pro clima international blog\" \/>\n<meta property=\"article:published_time\" content=\"2018-11-14T13:11:18+00:00\" \/>\n<meta property=\"article:modified_time\" content=\"2025-10-16T06:07:00+00:00\" \/>\n<meta property=\"og:image\" content=\"https:\/\/blog.proclima.com\/int\/files\/2020\/03\/Sicherheit-Konstruktion-Luftdichtung-INTELLO.jpg\" \/>\n\t<meta property=\"og:image:width\" content=\"904\" \/>\n\t<meta property=\"og:image:height\" content=\"612\" \/>\n\t<meta property=\"og:image:type\" content=\"image\/jpeg\" \/>\n<meta name=\"author\" content=\"Daniel Laubscher\" \/>\n<meta name=\"twitter:card\" content=\"summary_large_image\" \/>\n<meta name=\"twitter:label1\" content=\"Written by\" \/>\n\t<meta name=\"twitter:data1\" content=\"Daniel Laubscher\" \/>\n\t<meta name=\"twitter:label2\" content=\"Estimated reading time\" \/>\n\t<meta name=\"twitter:data2\" content=\"3 minutes\" \/>\n<script type=\"application\/ld+json\" class=\"yoast-schema-graph\">{\"@context\":\"https:\\\/\\\/schema.org\",\"@graph\":[{\"@type\":\"Article\",\"@id\":\"https:\\\/\\\/blog.proclima.com\\\/int\\\/2018\\\/11\\\/14\\\/why-do-i-need-airtightness-sealing-at-all\\\/#article\",\"isPartOf\":{\"@id\":\"https:\\\/\\\/blog.proclima.com\\\/int\\\/2018\\\/11\\\/14\\\/why-do-i-need-airtightness-sealing-at-all\\\/\"},\"author\":{\"name\":\"Daniel Laubscher\",\"@id\":\"https:\\\/\\\/blog.proclima.com\\\/int\\\/#\\\/schema\\\/person\\\/f77d2559426150a69168b2bb42608c5d\"},\"headline\":\"Why do I need airtightness sealing at all?\",\"datePublished\":\"2018-11-14T13:11:18+00:00\",\"dateModified\":\"2025-10-16T06:07:00+00:00\",\"mainEntityOfPage\":{\"@id\":\"https:\\\/\\\/blog.proclima.com\\\/int\\\/2018\\\/11\\\/14\\\/why-do-i-need-airtightness-sealing-at-all\\\/\"},\"wordCount\":481,\"commentCount\":0,\"publisher\":{\"@id\":\"https:\\\/\\\/blog.proclima.com\\\/int\\\/#organization\"},\"image\":{\"@id\":\"https:\\\/\\\/blog.proclima.com\\\/int\\\/2018\\\/11\\\/14\\\/why-do-i-need-airtightness-sealing-at-all\\\/#primaryimage\"},\"thumbnailUrl\":\"https:\\\/\\\/blog.proclima.com\\\/int\\\/files\\\/2020\\\/03\\\/Sicherheit-Konstruktion-Luftdichtung-INTELLO.jpg\",\"keywords\":[\"airtightnes\",\"sealing\"],\"articleSection\":[\"Building Physics made easy\",\"pro clima\"],\"inLanguage\":\"en-GB\",\"potentialAction\":[{\"@type\":\"CommentAction\",\"name\":\"Comment\",\"target\":[\"https:\\\/\\\/blog.proclima.com\\\/int\\\/2018\\\/11\\\/14\\\/why-do-i-need-airtightness-sealing-at-all\\\/#respond\"]}]},{\"@type\":\"WebPage\",\"@id\":\"https:\\\/\\\/blog.proclima.com\\\/int\\\/2018\\\/11\\\/14\\\/why-do-i-need-airtightness-sealing-at-all\\\/\",\"url\":\"https:\\\/\\\/blog.proclima.com\\\/int\\\/2018\\\/11\\\/14\\\/why-do-i-need-airtightness-sealing-at-all\\\/\",\"name\":\"Why do I need airtightness sealing at all? - pro clima international blog\",\"isPartOf\":{\"@id\":\"https:\\\/\\\/blog.proclima.com\\\/int\\\/#website\"},\"primaryImageOfPage\":{\"@id\":\"https:\\\/\\\/blog.proclima.com\\\/int\\\/2018\\\/11\\\/14\\\/why-do-i-need-airtightness-sealing-at-all\\\/#primaryimage\"},\"image\":{\"@id\":\"https:\\\/\\\/blog.proclima.com\\\/int\\\/2018\\\/11\\\/14\\\/why-do-i-need-airtightness-sealing-at-all\\\/#primaryimage\"},\"thumbnailUrl\":\"https:\\\/\\\/blog.proclima.com\\\/int\\\/files\\\/2020\\\/03\\\/Sicherheit-Konstruktion-Luftdichtung-INTELLO.jpg\",\"datePublished\":\"2018-11-14T13:11:18+00:00\",\"dateModified\":\"2025-10-16T06:07:00+00:00\",\"breadcrumb\":{\"@id\":\"https:\\\/\\\/blog.proclima.com\\\/int\\\/2018\\\/11\\\/14\\\/why-do-i-need-airtightness-sealing-at-all\\\/#breadcrumb\"},\"inLanguage\":\"en-GB\",\"potentialAction\":[{\"@type\":\"ReadAction\",\"target\":[\"https:\\\/\\\/blog.proclima.com\\\/int\\\/2018\\\/11\\\/14\\\/why-do-i-need-airtightness-sealing-at-all\\\/\"]}]},{\"@type\":\"ImageObject\",\"inLanguage\":\"en-GB\",\"@id\":\"https:\\\/\\\/blog.proclima.com\\\/int\\\/2018\\\/11\\\/14\\\/why-do-i-need-airtightness-sealing-at-all\\\/#primaryimage\",\"url\":\"https:\\\/\\\/blog.proclima.com\\\/int\\\/files\\\/2020\\\/03\\\/Sicherheit-Konstruktion-Luftdichtung-INTELLO.jpg\",\"contentUrl\":\"https:\\\/\\\/blog.proclima.com\\\/int\\\/files\\\/2020\\\/03\\\/Sicherheit-Konstruktion-Luftdichtung-INTELLO.jpg\",\"width\":904,\"height\":612},{\"@type\":\"BreadcrumbList\",\"@id\":\"https:\\\/\\\/blog.proclima.com\\\/int\\\/2018\\\/11\\\/14\\\/why-do-i-need-airtightness-sealing-at-all\\\/#breadcrumb\",\"itemListElement\":[{\"@type\":\"ListItem\",\"position\":1,\"name\":\"Home\",\"item\":\"https:\\\/\\\/blog.proclima.com\\\/int\\\/\"},{\"@type\":\"ListItem\",\"position\":2,\"name\":\"Why do I need airtightness sealing at all?\"}]},{\"@type\":\"WebSite\",\"@id\":\"https:\\\/\\\/blog.proclima.com\\\/int\\\/#website\",\"url\":\"https:\\\/\\\/blog.proclima.com\\\/int\\\/\",\"name\":\"pro clima international blog\",\"description\":\"\",\"publisher\":{\"@id\":\"https:\\\/\\\/blog.proclima.com\\\/int\\\/#organization\"},\"potentialAction\":[{\"@type\":\"SearchAction\",\"target\":{\"@type\":\"EntryPoint\",\"urlTemplate\":\"https:\\\/\\\/blog.proclima.com\\\/int\\\/?s={search_term_string}\"},\"query-input\":{\"@type\":\"PropertyValueSpecification\",\"valueRequired\":true,\"valueName\":\"search_term_string\"}}],\"inLanguage\":\"en-GB\"},{\"@type\":\"Organization\",\"@id\":\"https:\\\/\\\/blog.proclima.com\\\/int\\\/#organization\",\"name\":\"pro clima international blog\",\"url\":\"https:\\\/\\\/blog.proclima.com\\\/int\\\/\",\"logo\":{\"@type\":\"ImageObject\",\"inLanguage\":\"en-GB\",\"@id\":\"https:\\\/\\\/blog.proclima.com\\\/int\\\/#\\\/schema\\\/logo\\\/image\\\/\",\"url\":\"https:\\\/\\\/blog.proclima.com\\\/int\\\/files\\\/2025\\\/12\\\/logo_proclima_quadrat.png\",\"contentUrl\":\"https:\\\/\\\/blog.proclima.com\\\/int\\\/files\\\/2025\\\/12\\\/logo_proclima_quadrat.png\",\"width\":1200,\"height\":1200,\"caption\":\"pro clima international blog\"},\"image\":{\"@id\":\"https:\\\/\\\/blog.proclima.com\\\/int\\\/#\\\/schema\\\/logo\\\/image\\\/\"}},{\"@type\":\"Person\",\"@id\":\"https:\\\/\\\/blog.proclima.com\\\/int\\\/#\\\/schema\\\/person\\\/f77d2559426150a69168b2bb42608c5d\",\"name\":\"Daniel Laubscher\",\"image\":{\"@type\":\"ImageObject\",\"inLanguage\":\"en-GB\",\"@id\":\"https:\\\/\\\/secure.gravatar.com\\\/avatar\\\/b4e0e244386198fef5919d4b90c9e1dfa31f42618a48e9e6a3541f1224d312e8?s=96&d=mm&r=g\",\"url\":\"https:\\\/\\\/secure.gravatar.com\\\/avatar\\\/b4e0e244386198fef5919d4b90c9e1dfa31f42618a48e9e6a3541f1224d312e8?s=96&d=mm&r=g\",\"contentUrl\":\"https:\\\/\\\/secure.gravatar.com\\\/avatar\\\/b4e0e244386198fef5919d4b90c9e1dfa31f42618a48e9e6a3541f1224d312e8?s=96&d=mm&r=g\",\"caption\":\"Daniel Laubscher\"},\"description\":\"Daniel Laubscher hat bei pro clima eine Ausbildung zum Veranstaltungskaufmann absolviert. Er organisiert gr\u00f6\u00dfere Event und Messen von pro clima, wie die internationale BAU in M\u00fcnchen und Schulungstouren. Dabei k\u00fcmmert er sich auch um die Veranstaltungstechnik. Daniel ist auch Teil des Digital Teams. Er ist u.a. Moderator bei den Online-Seminaren der pro clima Wissenswerkstatt, filmt und produziert bei Events und unterst\u00fctzt die Social Media Auftritte.\u00a0 In seiner Freizeit organisiert er Camps f\u00fcr Jugendliche und Treffen, bei denen Jugendliche gest\u00e4rkt werden.\",\"url\":\"https:\\\/\\\/blog.proclima.com\\\/int\\\/author\\\/daniellaubscher\\\/\"}]}<\/script>\n<!-- \/ Yoast SEO plugin. -->","yoast_head_json":{"title":"Why do I need airtightness sealing at all? - pro clima international blog","robots":{"index":"index","follow":"follow","max-snippet":"max-snippet:-1","max-image-preview":"max-image-preview:large","max-video-preview":"max-video-preview:-1"},"canonical":"https:\/\/blog.proclima.com\/int\/2018\/11\/14\/why-do-i-need-airtightness-sealing-at-all\/","og_locale":"en_GB","og_type":"article","og_title":"Why do I need airtightness sealing at all? - pro clima international blog","og_description":"Airtightness sealing has a wide range of significant impacts on buildings. After all, air can flow through the building envelope in an undesired manner if ...","og_url":"https:\/\/blog.proclima.com\/int\/2018\/11\/14\/why-do-i-need-airtightness-sealing-at-all\/","og_site_name":"pro clima international blog","article_published_time":"2018-11-14T13:11:18+00:00","article_modified_time":"2025-10-16T06:07:00+00:00","og_image":[{"width":904,"height":612,"url":"https:\/\/blog.proclima.com\/int\/files\/2020\/03\/Sicherheit-Konstruktion-Luftdichtung-INTELLO.jpg","type":"image\/jpeg"}],"author":"Daniel Laubscher","twitter_card":"summary_large_image","twitter_misc":{"Written by":"Daniel Laubscher","Estimated reading time":"3 minutes"},"schema":{"@context":"https:\/\/schema.org","@graph":[{"@type":"Article","@id":"https:\/\/blog.proclima.com\/int\/2018\/11\/14\/why-do-i-need-airtightness-sealing-at-all\/#article","isPartOf":{"@id":"https:\/\/blog.proclima.com\/int\/2018\/11\/14\/why-do-i-need-airtightness-sealing-at-all\/"},"author":{"name":"Daniel Laubscher","@id":"https:\/\/blog.proclima.com\/int\/#\/schema\/person\/f77d2559426150a69168b2bb42608c5d"},"headline":"Why do I need airtightness sealing at all?","datePublished":"2018-11-14T13:11:18+00:00","dateModified":"2025-10-16T06:07:00+00:00","mainEntityOfPage":{"@id":"https:\/\/blog.proclima.com\/int\/2018\/11\/14\/why-do-i-need-airtightness-sealing-at-all\/"},"wordCount":481,"commentCount":0,"publisher":{"@id":"https:\/\/blog.proclima.com\/int\/#organization"},"image":{"@id":"https:\/\/blog.proclima.com\/int\/2018\/11\/14\/why-do-i-need-airtightness-sealing-at-all\/#primaryimage"},"thumbnailUrl":"https:\/\/blog.proclima.com\/int\/files\/2020\/03\/Sicherheit-Konstruktion-Luftdichtung-INTELLO.jpg","keywords":["airtightnes","sealing"],"articleSection":["Building Physics made easy","pro clima"],"inLanguage":"en-GB","potentialAction":[{"@type":"CommentAction","name":"Comment","target":["https:\/\/blog.proclima.com\/int\/2018\/11\/14\/why-do-i-need-airtightness-sealing-at-all\/#respond"]}]},{"@type":"WebPage","@id":"https:\/\/blog.proclima.com\/int\/2018\/11\/14\/why-do-i-need-airtightness-sealing-at-all\/","url":"https:\/\/blog.proclima.com\/int\/2018\/11\/14\/why-do-i-need-airtightness-sealing-at-all\/","name":"Why do I need airtightness sealing at all? - pro clima international blog","isPartOf":{"@id":"https:\/\/blog.proclima.com\/int\/#website"},"primaryImageOfPage":{"@id":"https:\/\/blog.proclima.com\/int\/2018\/11\/14\/why-do-i-need-airtightness-sealing-at-all\/#primaryimage"},"image":{"@id":"https:\/\/blog.proclima.com\/int\/2018\/11\/14\/why-do-i-need-airtightness-sealing-at-all\/#primaryimage"},"thumbnailUrl":"https:\/\/blog.proclima.com\/int\/files\/2020\/03\/Sicherheit-Konstruktion-Luftdichtung-INTELLO.jpg","datePublished":"2018-11-14T13:11:18+00:00","dateModified":"2025-10-16T06:07:00+00:00","breadcrumb":{"@id":"https:\/\/blog.proclima.com\/int\/2018\/11\/14\/why-do-i-need-airtightness-sealing-at-all\/#breadcrumb"},"inLanguage":"en-GB","potentialAction":[{"@type":"ReadAction","target":["https:\/\/blog.proclima.com\/int\/2018\/11\/14\/why-do-i-need-airtightness-sealing-at-all\/"]}]},{"@type":"ImageObject","inLanguage":"en-GB","@id":"https:\/\/blog.proclima.com\/int\/2018\/11\/14\/why-do-i-need-airtightness-sealing-at-all\/#primaryimage","url":"https:\/\/blog.proclima.com\/int\/files\/2020\/03\/Sicherheit-Konstruktion-Luftdichtung-INTELLO.jpg","contentUrl":"https:\/\/blog.proclima.com\/int\/files\/2020\/03\/Sicherheit-Konstruktion-Luftdichtung-INTELLO.jpg","width":904,"height":612},{"@type":"BreadcrumbList","@id":"https:\/\/blog.proclima.com\/int\/2018\/11\/14\/why-do-i-need-airtightness-sealing-at-all\/#breadcrumb","itemListElement":[{"@type":"ListItem","position":1,"name":"Home","item":"https:\/\/blog.proclima.com\/int\/"},{"@type":"ListItem","position":2,"name":"Why do I need airtightness sealing at all?"}]},{"@type":"WebSite","@id":"https:\/\/blog.proclima.com\/int\/#website","url":"https:\/\/blog.proclima.com\/int\/","name":"pro clima international blog","description":"","publisher":{"@id":"https:\/\/blog.proclima.com\/int\/#organization"},"potentialAction":[{"@type":"SearchAction","target":{"@type":"EntryPoint","urlTemplate":"https:\/\/blog.proclima.com\/int\/?s={search_term_string}"},"query-input":{"@type":"PropertyValueSpecification","valueRequired":true,"valueName":"search_term_string"}}],"inLanguage":"en-GB"},{"@type":"Organization","@id":"https:\/\/blog.proclima.com\/int\/#organization","name":"pro clima international blog","url":"https:\/\/blog.proclima.com\/int\/","logo":{"@type":"ImageObject","inLanguage":"en-GB","@id":"https:\/\/blog.proclima.com\/int\/#\/schema\/logo\/image\/","url":"https:\/\/blog.proclima.com\/int\/files\/2025\/12\/logo_proclima_quadrat.png","contentUrl":"https:\/\/blog.proclima.com\/int\/files\/2025\/12\/logo_proclima_quadrat.png","width":1200,"height":1200,"caption":"pro clima international blog"},"image":{"@id":"https:\/\/blog.proclima.com\/int\/#\/schema\/logo\/image\/"}},{"@type":"Person","@id":"https:\/\/blog.proclima.com\/int\/#\/schema\/person\/f77d2559426150a69168b2bb42608c5d","name":"Daniel Laubscher","image":{"@type":"ImageObject","inLanguage":"en-GB","@id":"https:\/\/secure.gravatar.com\/avatar\/b4e0e244386198fef5919d4b90c9e1dfa31f42618a48e9e6a3541f1224d312e8?s=96&d=mm&r=g","url":"https:\/\/secure.gravatar.com\/avatar\/b4e0e244386198fef5919d4b90c9e1dfa31f42618a48e9e6a3541f1224d312e8?s=96&d=mm&r=g","contentUrl":"https:\/\/secure.gravatar.com\/avatar\/b4e0e244386198fef5919d4b90c9e1dfa31f42618a48e9e6a3541f1224d312e8?s=96&d=mm&r=g","caption":"Daniel Laubscher"},"description":"Daniel Laubscher hat bei pro clima eine Ausbildung zum Veranstaltungskaufmann absolviert. Er organisiert gr\u00f6\u00dfere Event und Messen von pro clima, wie die internationale BAU in M\u00fcnchen und Schulungstouren. Dabei k\u00fcmmert er sich auch um die Veranstaltungstechnik. Daniel ist auch Teil des Digital Teams. Er ist u.a. Moderator bei den Online-Seminaren der pro clima Wissenswerkstatt, filmt und produziert bei Events und unterst\u00fctzt die Social Media Auftritte.\u00a0 In seiner Freizeit organisiert er Camps f\u00fcr Jugendliche und Treffen, bei denen Jugendliche gest\u00e4rkt werden.","url":"https:\/\/blog.proclima.com\/int\/author\/daniellaubscher\/"}]}},"_links":{"self":[{"href":"https:\/\/blog.proclima.com\/int\/wp-json\/wp\/v2\/posts\/297","targetHints":{"allow":["GET"]}}],"collection":[{"href":"https:\/\/blog.proclima.com\/int\/wp-json\/wp\/v2\/posts"}],"about":[{"href":"https:\/\/blog.proclima.com\/int\/wp-json\/wp\/v2\/types\/post"}],"author":[{"embeddable":true,"href":"https:\/\/blog.proclima.com\/int\/wp-json\/wp\/v2\/users\/37"}],"replies":[{"embeddable":true,"href":"https:\/\/blog.proclima.com\/int\/wp-json\/wp\/v2\/comments?post=297"}],"version-history":[{"count":4,"href":"https:\/\/blog.proclima.com\/int\/wp-json\/wp\/v2\/posts\/297\/revisions"}],"predecessor-version":[{"id":305,"href":"https:\/\/blog.proclima.com\/int\/wp-json\/wp\/v2\/posts\/297\/revisions\/305"}],"wp:featuredmedia":[{"embeddable":true,"href":"https:\/\/blog.proclima.com\/int\/wp-json\/wp\/v2\/media\/337"}],"wp:attachment":[{"href":"https:\/\/blog.proclima.com\/int\/wp-json\/wp\/v2\/media?parent=297"}],"wp:term":[{"taxonomy":"category","embeddable":true,"href":"https:\/\/blog.proclima.com\/int\/wp-json\/wp\/v2\/categories?post=297"},{"taxonomy":"post_tag","embeddable":true,"href":"https:\/\/blog.proclima.com\/int\/wp-json\/wp\/v2\/tags?post=297"}],"curies":[{"name":"wp","href":"https:\/\/api.w.org\/{rel}","templated":true}]}}