
{"id":881,"date":"2018-11-12T11:28:24","date_gmt":"2018-11-12T10:28:24","guid":{"rendered":"http:\/\/blog.proclima.com\/fr\/?p=881"},"modified":"2022-11-02T13:23:44","modified_gmt":"2022-11-02T12:23:44","slug":"journees-regionales-construction-bois-nouvelle-aquitaine-2018","status":"publish","type":"post","link":"https:\/\/blog.proclima.com\/fr\/2018\/11\/journees-regionales-construction-bois-nouvelle-aquitaine-2018\/","title":{"rendered":"Journ\u00e9es r\u00e9gionales Construction Bois, Nouvelle Aquitaine, 2018"},"content":{"rendered":"<p>pro clima sera partenaire de l&rsquo;\u00e9v\u00e8nement, qui aura lieu le 15 et 16 novembre dans le d\u00e9partement 17. Repr\u00e9sent\u00e9 par le technico-commercial de la r\u00e9gion, M. Daniel Couturier, les journ\u00e9es vous offrent l&rsquo;occasion de vous informer de la gamme pro clima et de discuter vos projets en cours. Pour plus d&rsquo;info: <a href=\"http:\/\/constructionbois-na.fr\/\">http:\/\/constructionbois-na.fr\/<\/a><\/p>\n","protected":false},"excerpt":{"rendered":"<p>pro clima sera partenaire de l&rsquo;\u00e9v\u00e8nement, qui aura lieu le 15 et 16 novembre dans le d\u00e9partement 17. Repr\u00e9sent\u00e9 par le technico-commercial de la r\u00e9gion, <a href=\"https:\/\/blog.proclima.com\/fr\/2018\/11\/journees-regionales-construction-bois-nouvelle-aquitaine-2018\/\" rel=\"bookmark\">&#8230;<\/a><\/p>\n","protected":false},"author":16,"featured_media":882,"comment_status":"open","ping_status":"open","sticky":false,"template":"","format":"standard","meta":{"footnotes":""},"categories":[5],"tags":[67,170,171],"class_list":["post-881","post","type-post","status-publish","format-standard","has-post-thumbnail","hentry","category-evenements-salons","tag-daniel-couturier","tag-journees-regionales-construction-bois","tag-nouvelle-aquitaine"],"yoast_head":"<!-- This site is optimized with the Yoast SEO plugin v27.5 - https:\/\/yoast.com\/product\/yoast-seo-wordpress\/ -->\n<title>Journ\u00e9es r\u00e9gionales Construction Bois, Nouvelle Aquitaine, 2018 - pro clima Blog - france<\/title>\n<meta name=\"robots\" content=\"index, follow, max-snippet:-1, max-image-preview:large, max-video-preview:-1\" \/>\n<link rel=\"canonical\" href=\"https:\/\/blog.proclima.com\/fr\/2018\/11\/journees-regionales-construction-bois-nouvelle-aquitaine-2018\/\" \/>\n<meta property=\"og:locale\" content=\"fr_FR\" \/>\n<meta property=\"og:type\" content=\"article\" \/>\n<meta property=\"og:title\" content=\"Journ\u00e9es r\u00e9gionales Construction Bois, Nouvelle Aquitaine, 2018 - pro clima Blog - france\" \/>\n<meta property=\"og:description\" content=\"pro clima sera partenaire de l&rsquo;\u00e9v\u00e8nement, qui aura lieu le 15 et 16 novembre dans le d\u00e9partement 17. Repr\u00e9sent\u00e9 par le technico-commercial de la r\u00e9gion, ...\" \/>\n<meta property=\"og:url\" content=\"https:\/\/blog.proclima.com\/fr\/2018\/11\/journees-regionales-construction-bois-nouvelle-aquitaine-2018\/\" \/>\n<meta property=\"og:site_name\" content=\"pro clima Blog - france\" \/>\n<meta property=\"article:published_time\" content=\"2018-11-12T10:28:24+00:00\" \/>\n<meta property=\"article:modified_time\" content=\"2022-11-02T12:23:44+00:00\" \/>\n<meta property=\"og:image\" content=\"https:\/\/blog.proclima.com\/fr\/files\/2018\/11\/PARTENAIRES-Bandeau-signature-JRCB-NA-2018-Pro-Clima.jpg\" \/>\n\t<meta property=\"og:image:width\" content=\"1608\" \/>\n\t<meta property=\"og:image:height\" content=\"346\" \/>\n\t<meta property=\"og:image:type\" content=\"image\/jpeg\" \/>\n<meta name=\"twitter:card\" content=\"summary_large_image\" \/>\n<meta name=\"twitter:label1\" content=\"\u00c9crit par\" \/>\n\t<meta name=\"twitter:data1\" content=\"\" \/>\n\t<meta name=\"twitter:label2\" content=\"Dur\u00e9e de lecture estim\u00e9e\" \/>\n\t<meta name=\"twitter:data2\" content=\"1 minute\" \/>\n<script type=\"application\/ld+json\" class=\"yoast-schema-graph\">{\"@context\":\"https:\\\/\\\/schema.org\",\"@graph\":[{\"@type\":\"Article\",\"@id\":\"https:\\\/\\\/blog.proclima.com\\\/fr\\\/2018\\\/11\\\/journees-regionales-construction-bois-nouvelle-aquitaine-2018\\\/#article\",\"isPartOf\":{\"@id\":\"https:\\\/\\\/blog.proclima.com\\\/fr\\\/2018\\\/11\\\/journees-regionales-construction-bois-nouvelle-aquitaine-2018\\\/\"},\"author\":{\"name\":\"\",\"@id\":\"\"},\"headline\":\"Journ\u00e9es r\u00e9gionales Construction Bois, Nouvelle Aquitaine, 2018\",\"datePublished\":\"2018-11-12T10:28:24+00:00\",\"dateModified\":\"2022-11-02T12:23:44+00:00\",\"mainEntityOfPage\":{\"@id\":\"https:\\\/\\\/blog.proclima.com\\\/fr\\\/2018\\\/11\\\/journees-regionales-construction-bois-nouvelle-aquitaine-2018\\\/\"},\"wordCount\":65,\"commentCount\":0,\"publisher\":{\"@id\":\"https:\\\/\\\/blog.proclima.com\\\/fr\\\/#organization\"},\"image\":{\"@id\":\"https:\\\/\\\/blog.proclima.com\\\/fr\\\/2018\\\/11\\\/journees-regionales-construction-bois-nouvelle-aquitaine-2018\\\/#primaryimage\"},\"thumbnailUrl\":\"https:\\\/\\\/blog.proclima.com\\\/fr\\\/files\\\/2018\\\/11\\\/PARTENAIRES-Bandeau-signature-JRCB-NA-2018-Pro-Clima.jpg\",\"keywords\":[\"Daniel Couturier\",\"Journ\u00e9es r\u00e9gionales Construction Bois\",\"Nouvelle Aquitaine\"],\"articleSection\":[\"\u00c9v\u00e8nements\\\/Salons\"],\"inLanguage\":\"fr-FR\",\"potentialAction\":[{\"@type\":\"CommentAction\",\"name\":\"Comment\",\"target\":[\"https:\\\/\\\/blog.proclima.com\\\/fr\\\/2018\\\/11\\\/journees-regionales-construction-bois-nouvelle-aquitaine-2018\\\/#respond\"]}]},{\"@type\":\"WebPage\",\"@id\":\"https:\\\/\\\/blog.proclima.com\\\/fr\\\/2018\\\/11\\\/journees-regionales-construction-bois-nouvelle-aquitaine-2018\\\/\",\"url\":\"https:\\\/\\\/blog.proclima.com\\\/fr\\\/2018\\\/11\\\/journees-regionales-construction-bois-nouvelle-aquitaine-2018\\\/\",\"name\":\"Journ\u00e9es r\u00e9gionales Construction Bois, Nouvelle Aquitaine, 2018 - pro clima Blog - france\",\"isPartOf\":{\"@id\":\"https:\\\/\\\/blog.proclima.com\\\/fr\\\/#website\"},\"primaryImageOfPage\":{\"@id\":\"https:\\\/\\\/blog.proclima.com\\\/fr\\\/2018\\\/11\\\/journees-regionales-construction-bois-nouvelle-aquitaine-2018\\\/#primaryimage\"},\"image\":{\"@id\":\"https:\\\/\\\/blog.proclima.com\\\/fr\\\/2018\\\/11\\\/journees-regionales-construction-bois-nouvelle-aquitaine-2018\\\/#primaryimage\"},\"thumbnailUrl\":\"https:\\\/\\\/blog.proclima.com\\\/fr\\\/files\\\/2018\\\/11\\\/PARTENAIRES-Bandeau-signature-JRCB-NA-2018-Pro-Clima.jpg\",\"datePublished\":\"2018-11-12T10:28:24+00:00\",\"dateModified\":\"2022-11-02T12:23:44+00:00\",\"breadcrumb\":{\"@id\":\"https:\\\/\\\/blog.proclima.com\\\/fr\\\/2018\\\/11\\\/journees-regionales-construction-bois-nouvelle-aquitaine-2018\\\/#breadcrumb\"},\"inLanguage\":\"fr-FR\",\"potentialAction\":[{\"@type\":\"ReadAction\",\"target\":[\"https:\\\/\\\/blog.proclima.com\\\/fr\\\/2018\\\/11\\\/journees-regionales-construction-bois-nouvelle-aquitaine-2018\\\/\"]}]},{\"@type\":\"ImageObject\",\"inLanguage\":\"fr-FR\",\"@id\":\"https:\\\/\\\/blog.proclima.com\\\/fr\\\/2018\\\/11\\\/journees-regionales-construction-bois-nouvelle-aquitaine-2018\\\/#primaryimage\",\"url\":\"https:\\\/\\\/blog.proclima.com\\\/fr\\\/files\\\/2018\\\/11\\\/PARTENAIRES-Bandeau-signature-JRCB-NA-2018-Pro-Clima.jpg\",\"contentUrl\":\"https:\\\/\\\/blog.proclima.com\\\/fr\\\/files\\\/2018\\\/11\\\/PARTENAIRES-Bandeau-signature-JRCB-NA-2018-Pro-Clima.jpg\",\"width\":1608,\"height\":346},{\"@type\":\"BreadcrumbList\",\"@id\":\"https:\\\/\\\/blog.proclima.com\\\/fr\\\/2018\\\/11\\\/journees-regionales-construction-bois-nouvelle-aquitaine-2018\\\/#breadcrumb\",\"itemListElement\":[{\"@type\":\"ListItem\",\"position\":1,\"name\":\"Accueil\",\"item\":\"https:\\\/\\\/blog.proclima.com\\\/fr\\\/\"},{\"@type\":\"ListItem\",\"position\":2,\"name\":\"Journ\u00e9es r\u00e9gionales Construction Bois, Nouvelle Aquitaine, 2018\"}]},{\"@type\":\"WebSite\",\"@id\":\"https:\\\/\\\/blog.proclima.com\\\/fr\\\/#website\",\"url\":\"https:\\\/\\\/blog.proclima.com\\\/fr\\\/\",\"name\":\"pro clima Blog - france\",\"description\":\"pro clima Blog\",\"publisher\":{\"@id\":\"https:\\\/\\\/blog.proclima.com\\\/fr\\\/#organization\"},\"potentialAction\":[{\"@type\":\"SearchAction\",\"target\":{\"@type\":\"EntryPoint\",\"urlTemplate\":\"https:\\\/\\\/blog.proclima.com\\\/fr\\\/?s={search_term_string}\"},\"query-input\":{\"@type\":\"PropertyValueSpecification\",\"valueRequired\":true,\"valueName\":\"search_term_string\"}}],\"inLanguage\":\"fr-FR\"},{\"@type\":\"Organization\",\"@id\":\"https:\\\/\\\/blog.proclima.com\\\/fr\\\/#organization\",\"name\":\"pro clima Blog - france\",\"url\":\"https:\\\/\\\/blog.proclima.com\\\/fr\\\/\",\"logo\":{\"@type\":\"ImageObject\",\"inLanguage\":\"fr-FR\",\"@id\":\"https:\\\/\\\/blog.proclima.com\\\/fr\\\/#\\\/schema\\\/logo\\\/image\\\/\",\"url\":\"https:\\\/\\\/blog.proclima.com\\\/fr\\\/files\\\/2025\\\/12\\\/logo_proclima_quadrat.png\",\"contentUrl\":\"https:\\\/\\\/blog.proclima.com\\\/fr\\\/files\\\/2025\\\/12\\\/logo_proclima_quadrat.png\",\"width\":1200,\"height\":1200,\"caption\":\"pro clima Blog - france\"},\"image\":{\"@id\":\"https:\\\/\\\/blog.proclima.com\\\/fr\\\/#\\\/schema\\\/logo\\\/image\\\/\"}},{\"@type\":\"Person\",\"@id\":\"\",\"url\":\"https:\\\/\\\/blog.proclima.com\\\/fr\\\/author\\\/\"}]}<\/script>\n<!-- \/ Yoast SEO plugin. -->","yoast_head_json":{"title":"Journ\u00e9es r\u00e9gionales Construction Bois, Nouvelle Aquitaine, 2018 - pro clima Blog - france","robots":{"index":"index","follow":"follow","max-snippet":"max-snippet:-1","max-image-preview":"max-image-preview:large","max-video-preview":"max-video-preview:-1"},"canonical":"https:\/\/blog.proclima.com\/fr\/2018\/11\/journees-regionales-construction-bois-nouvelle-aquitaine-2018\/","og_locale":"fr_FR","og_type":"article","og_title":"Journ\u00e9es r\u00e9gionales Construction Bois, Nouvelle Aquitaine, 2018 - pro clima Blog - france","og_description":"pro clima sera partenaire de l&rsquo;\u00e9v\u00e8nement, qui aura lieu le 15 et 16 novembre dans le d\u00e9partement 17. Repr\u00e9sent\u00e9 par le technico-commercial de la r\u00e9gion, ...","og_url":"https:\/\/blog.proclima.com\/fr\/2018\/11\/journees-regionales-construction-bois-nouvelle-aquitaine-2018\/","og_site_name":"pro clima Blog - france","article_published_time":"2018-11-12T10:28:24+00:00","article_modified_time":"2022-11-02T12:23:44+00:00","og_image":[{"width":1608,"height":346,"url":"https:\/\/blog.proclima.com\/fr\/files\/2018\/11\/PARTENAIRES-Bandeau-signature-JRCB-NA-2018-Pro-Clima.jpg","type":"image\/jpeg"}],"twitter_card":"summary_large_image","twitter_misc":{"\u00c9crit par":"","Dur\u00e9e de lecture estim\u00e9e":"1 minute"},"schema":{"@context":"https:\/\/schema.org","@graph":[{"@type":"Article","@id":"https:\/\/blog.proclima.com\/fr\/2018\/11\/journees-regionales-construction-bois-nouvelle-aquitaine-2018\/#article","isPartOf":{"@id":"https:\/\/blog.proclima.com\/fr\/2018\/11\/journees-regionales-construction-bois-nouvelle-aquitaine-2018\/"},"author":{"name":"","@id":""},"headline":"Journ\u00e9es r\u00e9gionales Construction Bois, Nouvelle Aquitaine, 2018","datePublished":"2018-11-12T10:28:24+00:00","dateModified":"2022-11-02T12:23:44+00:00","mainEntityOfPage":{"@id":"https:\/\/blog.proclima.com\/fr\/2018\/11\/journees-regionales-construction-bois-nouvelle-aquitaine-2018\/"},"wordCount":65,"commentCount":0,"publisher":{"@id":"https:\/\/blog.proclima.com\/fr\/#organization"},"image":{"@id":"https:\/\/blog.proclima.com\/fr\/2018\/11\/journees-regionales-construction-bois-nouvelle-aquitaine-2018\/#primaryimage"},"thumbnailUrl":"https:\/\/blog.proclima.com\/fr\/files\/2018\/11\/PARTENAIRES-Bandeau-signature-JRCB-NA-2018-Pro-Clima.jpg","keywords":["Daniel Couturier","Journ\u00e9es r\u00e9gionales Construction Bois","Nouvelle Aquitaine"],"articleSection":["\u00c9v\u00e8nements\/Salons"],"inLanguage":"fr-FR","potentialAction":[{"@type":"CommentAction","name":"Comment","target":["https:\/\/blog.proclima.com\/fr\/2018\/11\/journees-regionales-construction-bois-nouvelle-aquitaine-2018\/#respond"]}]},{"@type":"WebPage","@id":"https:\/\/blog.proclima.com\/fr\/2018\/11\/journees-regionales-construction-bois-nouvelle-aquitaine-2018\/","url":"https:\/\/blog.proclima.com\/fr\/2018\/11\/journees-regionales-construction-bois-nouvelle-aquitaine-2018\/","name":"Journ\u00e9es r\u00e9gionales Construction Bois, Nouvelle Aquitaine, 2018 - pro clima Blog - france","isPartOf":{"@id":"https:\/\/blog.proclima.com\/fr\/#website"},"primaryImageOfPage":{"@id":"https:\/\/blog.proclima.com\/fr\/2018\/11\/journees-regionales-construction-bois-nouvelle-aquitaine-2018\/#primaryimage"},"image":{"@id":"https:\/\/blog.proclima.com\/fr\/2018\/11\/journees-regionales-construction-bois-nouvelle-aquitaine-2018\/#primaryimage"},"thumbnailUrl":"https:\/\/blog.proclima.com\/fr\/files\/2018\/11\/PARTENAIRES-Bandeau-signature-JRCB-NA-2018-Pro-Clima.jpg","datePublished":"2018-11-12T10:28:24+00:00","dateModified":"2022-11-02T12:23:44+00:00","breadcrumb":{"@id":"https:\/\/blog.proclima.com\/fr\/2018\/11\/journees-regionales-construction-bois-nouvelle-aquitaine-2018\/#breadcrumb"},"inLanguage":"fr-FR","potentialAction":[{"@type":"ReadAction","target":["https:\/\/blog.proclima.com\/fr\/2018\/11\/journees-regionales-construction-bois-nouvelle-aquitaine-2018\/"]}]},{"@type":"ImageObject","inLanguage":"fr-FR","@id":"https:\/\/blog.proclima.com\/fr\/2018\/11\/journees-regionales-construction-bois-nouvelle-aquitaine-2018\/#primaryimage","url":"https:\/\/blog.proclima.com\/fr\/files\/2018\/11\/PARTENAIRES-Bandeau-signature-JRCB-NA-2018-Pro-Clima.jpg","contentUrl":"https:\/\/blog.proclima.com\/fr\/files\/2018\/11\/PARTENAIRES-Bandeau-signature-JRCB-NA-2018-Pro-Clima.jpg","width":1608,"height":346},{"@type":"BreadcrumbList","@id":"https:\/\/blog.proclima.com\/fr\/2018\/11\/journees-regionales-construction-bois-nouvelle-aquitaine-2018\/#breadcrumb","itemListElement":[{"@type":"ListItem","position":1,"name":"Accueil","item":"https:\/\/blog.proclima.com\/fr\/"},{"@type":"ListItem","position":2,"name":"Journ\u00e9es r\u00e9gionales Construction Bois, Nouvelle Aquitaine, 2018"}]},{"@type":"WebSite","@id":"https:\/\/blog.proclima.com\/fr\/#website","url":"https:\/\/blog.proclima.com\/fr\/","name":"pro clima Blog - france","description":"pro clima Blog","publisher":{"@id":"https:\/\/blog.proclima.com\/fr\/#organization"},"potentialAction":[{"@type":"SearchAction","target":{"@type":"EntryPoint","urlTemplate":"https:\/\/blog.proclima.com\/fr\/?s={search_term_string}"},"query-input":{"@type":"PropertyValueSpecification","valueRequired":true,"valueName":"search_term_string"}}],"inLanguage":"fr-FR"},{"@type":"Organization","@id":"https:\/\/blog.proclima.com\/fr\/#organization","name":"pro clima Blog - france","url":"https:\/\/blog.proclima.com\/fr\/","logo":{"@type":"ImageObject","inLanguage":"fr-FR","@id":"https:\/\/blog.proclima.com\/fr\/#\/schema\/logo\/image\/","url":"https:\/\/blog.proclima.com\/fr\/files\/2025\/12\/logo_proclima_quadrat.png","contentUrl":"https:\/\/blog.proclima.com\/fr\/files\/2025\/12\/logo_proclima_quadrat.png","width":1200,"height":1200,"caption":"pro clima Blog - france"},"image":{"@id":"https:\/\/blog.proclima.com\/fr\/#\/schema\/logo\/image\/"}},{"@type":"Person","@id":"","url":"https:\/\/blog.proclima.com\/fr\/author\/"}]}},"_links":{"self":[{"href":"https:\/\/blog.proclima.com\/fr\/wp-json\/wp\/v2\/posts\/881","targetHints":{"allow":["GET"]}}],"collection":[{"href":"https:\/\/blog.proclima.com\/fr\/wp-json\/wp\/v2\/posts"}],"about":[{"href":"https:\/\/blog.proclima.com\/fr\/wp-json\/wp\/v2\/types\/post"}],"author":[{"embeddable":true,"href":"https:\/\/blog.proclima.com\/fr\/wp-json\/wp\/v2\/users\/16"}],"replies":[{"embeddable":true,"href":"https:\/\/blog.proclima.com\/fr\/wp-json\/wp\/v2\/comments?post=881"}],"version-history":[{"count":5,"href":"https:\/\/blog.proclima.com\/fr\/wp-json\/wp\/v2\/posts\/881\/revisions"}],"predecessor-version":[{"id":887,"href":"https:\/\/blog.proclima.com\/fr\/wp-json\/wp\/v2\/posts\/881\/revisions\/887"}],"wp:featuredmedia":[{"embeddable":true,"href":"https:\/\/blog.proclima.com\/fr\/wp-json\/wp\/v2\/media\/882"}],"wp:attachment":[{"href":"https:\/\/blog.proclima.com\/fr\/wp-json\/wp\/v2\/media?parent=881"}],"wp:term":[{"taxonomy":"category","embeddable":true,"href":"https:\/\/blog.proclima.com\/fr\/wp-json\/wp\/v2\/categories?post=881"},{"taxonomy":"post_tag","embeddable":true,"href":"https:\/\/blog.proclima.com\/fr\/wp-json\/wp\/v2\/tags?post=881"}],"curies":[{"name":"wp","href":"https:\/\/api.w.org\/{rel}","templated":true}]}}