
{"id":819,"date":"2018-05-08T17:15:29","date_gmt":"2018-05-08T15:15:29","guid":{"rendered":"http:\/\/blog.proclima.com\/fr\/?p=819"},"modified":"2022-11-02T10:55:30","modified_gmt":"2022-11-02T09:55:30","slug":"nouvelle-obligation-declarer","status":"publish","type":"post","link":"https:\/\/blog.proclima.com\/fr\/2018\/05\/nouvelle-obligation-declarer\/","title":{"rendered":"Nouvelle obligation de d\u00e9clarer les \u00e9missions de Compos\u00e9s Organiques Volatils (C.O.V.) provenant des produits de construction"},"content":{"rendered":"<p><img loading=\"lazy\" decoding=\"async\" data-size=\"1000x400\" class=\"alignnone size-full wp-image-821\" src=\"https:\/\/blog.proclima.com\/fr\/files\/2019\/05\/Teaser_Blogbeitrag_NF_EN_16516_FR.jpg\" alt=\"\" width=\"1000\" height=\"400\" srcset=\"https:\/\/blog.proclima.com\/fr\/files\/2019\/05\/Teaser_Blogbeitrag_NF_EN_16516_FR.jpg 1000w, https:\/\/blog.proclima.com\/fr\/files\/2019\/05\/Teaser_Blogbeitrag_NF_EN_16516_FR-300x120.jpg 300w, https:\/\/blog.proclima.com\/fr\/files\/2019\/05\/Teaser_Blogbeitrag_NF_EN_16516_FR-768x307.jpg 768w\" sizes=\"auto, (max-width: 1000px) 100vw, 1000px\" \/><\/p>\n<p>Selon la norme europ\u00e9enne EN 16516, le r\u00e9sultat des niveaux d\u2019\u00e9mission de COV doit \u00eatre renseign\u00e9 via le marquage CE \u00e0 travers la DOP. Ce proc\u00e9d\u00e9 s&rsquo;applique aux compos\u00e9s organiques volatils et semi-volatils, tels que les ald\u00e9hydes et les di-isocyanates. Les valeurs limites pr\u00e9d\u00e9termin\u00e9es ne doivent pas \u00eatre d\u00e9pass\u00e9es pendant les essais d\u2019\u00e9mission. La norme EN 16516 \u201cProduits de construction: \u00e9valuation de l&rsquo;\u00e9mission de substances dangereuses &#8211; D\u00e9termination des \u00e9missions dans l&rsquo;air int\u00e9rieur &#8211; Produits de construction &#8211; \u00c9valuation de l&rsquo;\u00e9missions de substances dangereuses &#8211; D\u00e9termination des \u00e9missions dans l&rsquo;air int\u00e9rieur\u201d d\u00e9crit des conditions pr\u00e9alables importantes pour la mise en \u0153uvre des exigences de protection de l&rsquo;environnement et de la sant\u00e9 du r\u00e8glement UE n\u00b0 305\/2011 pour les produits de construction.<\/p>\n<p>\u00c0 partir du <strong>01\/02\/2019,<\/strong> les fabricants de produits de construction destin\u00e9s \u00e0 l\u2019application c\u00f4t\u00e9 int\u00e9rieur sont tenus de pr\u00e9senter une d\u00e9claration ad\u00e9quate sur les \u00e9missions de leurs produits.<\/p>\n<p>La nouvelle d\u00e9claration vise \u00e0 rendre plus transparents les risques pour la sant\u00e9 et la s\u00e9curit\u00e9 des consommateurs mais \u00e9galement \u00e0 permettre aux clients de privil\u00e9gier l\u2019achat de produits \u00e0 faibles \u00e9missions.<\/p>\n<p>La soci\u00e9t\u00e9 MOLL Pro clima, en tant que pr\u00e9curseur dans la qualit\u00e9 de l\u2019enveloppe des b\u00e2timents, s&rsquo;est toujours engag\u00e9e sur les th\u00e9matiques li\u00e9es \u00e0 la qualit\u00e9 de l\u2019air int\u00e9rieur pour am\u00e9liorer le bien-\u00eatre et le confort des occupants dans leurs lieux de vie. C&rsquo;est la raison pour laquelle les produits pro clima sont de haute qualit\u00e9, d&rsquo;une grande long\u00e9vit\u00e9 et se voient d\u00e9cerner les meilleurs r\u00e9sultats aux tests des \u00e9missions polluantes \u2013 m\u00eame avant l&rsquo;entr\u00e9e en vigueur de la nouvelle r\u00e9glementation de l&rsquo;UE.<\/p>\n<p>Vous trouverez ici un aper\u00e7u des produits d\u00e9j\u00e0 test\u00e9s \u00bb<\/p>\n<p><!--more--><\/p>\n<h2>Aper\u00e7u des produits pro-clima d\u00e9j\u00e0 test\u00e9s<\/h2>\n<p><strong>Meilleures notes au test des \u00e9missions polluantes Syst\u00e8me d&rsquo;\u00e9tanch\u00e9it\u00e9 \u00e0 l&rsquo;air:<\/strong><\/p>\n<ul>\n<li><a href=\"https:\/\/fr.proclima.com\/produits\/etancheite-interieur\/intello\">INTELLO<\/a><\/li>\n<li><a href=\"https:\/\/fr.proclima.com\/produits\/etancheite-interieur\/intesana\">INTESANA<\/a><\/li>\n<li><a href=\"https:\/\/fr.proclima.com\/produits\/etancheite-interieur\/dbplus\">DB+<\/a><\/li>\n<\/ul>\n<p><strong>Autres bandes d&rsquo;\u00e9tanch\u00e9it\u00e9 \u00e0 l\u2019air:<\/strong><\/p>\n<ul>\n<li><a href=\"https:\/\/fr.proclima.com\/produits\/etancheite-interieur\/dasaplano-001\">DASAPLANO 0,01 connect<\/a><\/li>\n<li><a href=\"https:\/\/fr.proclima.com\/produits\/etancheite-interieur\/dasaplano-050\">DASAPLANO 0,50 connect<\/a><\/li>\n<li><a href=\"https:\/\/fr.proclima.com\/produits\/etancheite-interieur\/dasatop\">DASATOP<\/a><strong><br \/>\n<\/strong><\/li>\n<\/ul>\n<p><strong>Colles:<\/strong><\/p>\n<ul>\n<li><a href=\"https:\/\/fr.proclima.com\/produits\/assemblage\/colle-de-raccord\/orcon-f\">ORCON F<\/a><\/li>\n<li><a href=\"https:\/\/fr.proclima.com\/produits\/assemblage\/colle-de-raccord\/orcon-classic\">ORCON CLASSIC<\/a><\/li>\n<li><a href=\"https:\/\/fr.proclima.com\/produits\/assemblage\/colle-de-raccord\/orcon-line\">ORCON LINE<\/a><\/li>\n<li><a href=\"https:\/\/fr.proclima.com\/produits\/assemblage\/colle-de-raccord\/orcon-multibond\">ORCON MULTIBOND<\/a><\/li>\n<li><a href=\"https:\/\/fr.proclima.com\/produits\/assemblage\/colle-de-raccord\/eco-coll\">ECO COLL<\/a><\/li>\n<\/ul>\n<p><strong>Rubans adh\u00e9sifs:<\/strong><\/p>\n<ul>\n<li><a href=\"https:\/\/fr.proclima.com\/produits\/assemblage\/ruban-adhesif\/tescon-vana\">TESCON VANA<\/a><\/li>\n<li><a href=\"https:\/\/fr.proclima.com\/produits\/assemblage\/ruban-adhesif\/tescon-1\">TESCON No.1<\/a><\/li>\n<li><a href=\"https:\/\/fr.proclima.com\/produits\/assemblage\/ruban-adhesif\/uni-tape\">UNI TAPE<\/a><\/li>\n<li><a href=\"https:\/\/fr.proclima.com\/produits\/assemblage\/ruban-adhesif\/duplex\">DUPLEX<\/a><\/li>\n<li><a href=\"https:\/\/fr.proclima.com\/produits\/assemblage\/rubans-raccord\/contega-iq\">CONTEGA IQ<\/a><\/li>\n<li><a href=\"https:\/\/fr.proclima.com\/produits\/assemblage\/rubans-raccord\/contega-sl\">CONTEGA SL<\/a><\/li>\n<li><a href=\"https:\/\/fr.proclima.com\/produits\/assemblage\/rubans-raccord\/contega-pv\">CONTEGA PV<\/a><\/li>\n<li><a href=\"https:\/\/fr.proclima.com\/produits\/assemblage\/ruban-adhesif\/rapid-cell\">RAPID CELL<\/a><\/li>\n<li><a href=\"https:\/\/fr.proclima.com\/produits\/assemblage\/rubans-raccord\/tescon-profect\">TESCON PROFECT<\/a><\/li>\n<\/ul>\n<p><strong>Solutions d\u00e9taill\u00e9es:<br \/>\n<\/strong><\/p>\n<ul>\n<li><a href=\"https:\/\/fr.proclima.com\/produits\/assemblage\/points-singuliers\/tescon-tango\">TESCON TANGO<\/a><\/li>\n<li><a href=\"https:\/\/fr.proclima.com\/produits\/assemblage\/points-singuliers\/tescon-incav\">TESCON INCAV<\/a><\/li>\n<li><a href=\"https:\/\/fr.proclima.com\/produits\/assemblage\/points-singuliers\/tescon-invex\">TESCON INVEX<\/a><\/li>\n<li><a href=\"https:\/\/fr.proclima.com\/produits\/assemblage\/points-singuliers\/aerosana-viscon\">AEROSANA VISCON<\/a><\/li>\n<\/ul>\n<p><strong>Primaires:<\/strong><\/p>\n<ul>\n<li><a href=\"https:\/\/fr.proclima.com\/produits\/assemblage\/primer\/tescon-primer-rp\">TESCON PRIMER TP<\/a><\/li>\n<\/ul>\n","protected":false},"excerpt":{"rendered":"<p>Selon la norme europ\u00e9enne EN 16516, le r\u00e9sultat des niveaux d\u2019\u00e9mission de COV doit \u00eatre renseign\u00e9 via le marquage CE \u00e0 travers la DOP. Ce <a href=\"https:\/\/blog.proclima.com\/fr\/2018\/05\/nouvelle-obligation-declarer\/\" rel=\"bookmark\">&#8230;<\/a><\/p>\n","protected":false},"author":40,"featured_media":821,"comment_status":"open","ping_status":"open","sticky":false,"template":"","format":"standard","meta":{"footnotes":""},"categories":[1],"tags":[],"class_list":["post-819","post","type-post","status-publish","format-standard","has-post-thumbnail","hentry","category-general"],"yoast_head":"<!-- This site is optimized with the Yoast SEO plugin v27.5 - https:\/\/yoast.com\/product\/yoast-seo-wordpress\/ -->\n<title>Nouvelle obligation de d\u00e9clarer les \u00e9missions de Compos\u00e9s Organiques Volatils (C.O.V.) provenant des produits de construction - pro clima Blog - france<\/title>\n<meta name=\"robots\" content=\"index, follow, max-snippet:-1, max-image-preview:large, max-video-preview:-1\" \/>\n<link rel=\"canonical\" href=\"https:\/\/blog.proclima.com\/fr\/2018\/05\/nouvelle-obligation-declarer\/\" \/>\n<meta property=\"og:locale\" content=\"fr_FR\" \/>\n<meta property=\"og:type\" content=\"article\" \/>\n<meta property=\"og:title\" content=\"Nouvelle obligation de d\u00e9clarer les \u00e9missions de Compos\u00e9s Organiques Volatils (C.O.V.) provenant des produits de construction - pro clima Blog - france\" \/>\n<meta property=\"og:description\" content=\"Selon la norme europ\u00e9enne EN 16516, le r\u00e9sultat des niveaux d\u2019\u00e9mission de COV doit \u00eatre renseign\u00e9 via le marquage CE \u00e0 travers la DOP. Ce ...\" \/>\n<meta property=\"og:url\" content=\"https:\/\/blog.proclima.com\/fr\/2018\/05\/nouvelle-obligation-declarer\/\" \/>\n<meta property=\"og:site_name\" content=\"pro clima Blog - france\" \/>\n<meta property=\"article:published_time\" content=\"2018-05-08T15:15:29+00:00\" \/>\n<meta property=\"article:modified_time\" content=\"2022-11-02T09:55:30+00:00\" \/>\n<meta property=\"og:image\" content=\"https:\/\/blog.proclima.com\/fr\/files\/2019\/05\/Teaser_Blogbeitrag_NF_EN_16516_FR.jpg\" \/>\n\t<meta property=\"og:image:width\" content=\"1000\" \/>\n\t<meta property=\"og:image:height\" content=\"400\" \/>\n\t<meta property=\"og:image:type\" content=\"image\/jpeg\" \/>\n<meta name=\"author\" content=\"Nils Braune\" \/>\n<meta name=\"twitter:card\" content=\"summary_large_image\" \/>\n<meta name=\"twitter:label1\" content=\"\u00c9crit par\" \/>\n\t<meta name=\"twitter:data1\" content=\"Nils Braune\" \/>\n\t<meta name=\"twitter:label2\" content=\"Dur\u00e9e de lecture estim\u00e9e\" \/>\n\t<meta name=\"twitter:data2\" content=\"2 minutes\" \/>\n<script type=\"application\/ld+json\" class=\"yoast-schema-graph\">{\"@context\":\"https:\\\/\\\/schema.org\",\"@graph\":[{\"@type\":\"Article\",\"@id\":\"https:\\\/\\\/blog.proclima.com\\\/fr\\\/2018\\\/05\\\/nouvelle-obligation-declarer\\\/#article\",\"isPartOf\":{\"@id\":\"https:\\\/\\\/blog.proclima.com\\\/fr\\\/2018\\\/05\\\/nouvelle-obligation-declarer\\\/\"},\"author\":{\"name\":\"Nils Braune\",\"@id\":\"https:\\\/\\\/blog.proclima.com\\\/fr\\\/#\\\/schema\\\/person\\\/867d432d923c4986caa239ecb77d23c4\"},\"headline\":\"Nouvelle obligation de d\u00e9clarer les \u00e9missions de Compos\u00e9s Organiques Volatils (C.O.V.) provenant des produits de construction\",\"datePublished\":\"2018-05-08T15:15:29+00:00\",\"dateModified\":\"2022-11-02T09:55:30+00:00\",\"mainEntityOfPage\":{\"@id\":\"https:\\\/\\\/blog.proclima.com\\\/fr\\\/2018\\\/05\\\/nouvelle-obligation-declarer\\\/\"},\"wordCount\":417,\"commentCount\":0,\"publisher\":{\"@id\":\"https:\\\/\\\/blog.proclima.com\\\/fr\\\/#organization\"},\"image\":{\"@id\":\"https:\\\/\\\/blog.proclima.com\\\/fr\\\/2018\\\/05\\\/nouvelle-obligation-declarer\\\/#primaryimage\"},\"thumbnailUrl\":\"https:\\\/\\\/blog.proclima.com\\\/fr\\\/files\\\/2019\\\/05\\\/Teaser_Blogbeitrag_NF_EN_16516_FR.jpg\",\"articleSection\":[\"pro clima\"],\"inLanguage\":\"fr-FR\",\"potentialAction\":[{\"@type\":\"CommentAction\",\"name\":\"Comment\",\"target\":[\"https:\\\/\\\/blog.proclima.com\\\/fr\\\/2018\\\/05\\\/nouvelle-obligation-declarer\\\/#respond\"]}]},{\"@type\":\"WebPage\",\"@id\":\"https:\\\/\\\/blog.proclima.com\\\/fr\\\/2018\\\/05\\\/nouvelle-obligation-declarer\\\/\",\"url\":\"https:\\\/\\\/blog.proclima.com\\\/fr\\\/2018\\\/05\\\/nouvelle-obligation-declarer\\\/\",\"name\":\"Nouvelle obligation de d\u00e9clarer les \u00e9missions de Compos\u00e9s Organiques Volatils (C.O.V.) provenant des produits de construction - pro clima Blog - france\",\"isPartOf\":{\"@id\":\"https:\\\/\\\/blog.proclima.com\\\/fr\\\/#website\"},\"primaryImageOfPage\":{\"@id\":\"https:\\\/\\\/blog.proclima.com\\\/fr\\\/2018\\\/05\\\/nouvelle-obligation-declarer\\\/#primaryimage\"},\"image\":{\"@id\":\"https:\\\/\\\/blog.proclima.com\\\/fr\\\/2018\\\/05\\\/nouvelle-obligation-declarer\\\/#primaryimage\"},\"thumbnailUrl\":\"https:\\\/\\\/blog.proclima.com\\\/fr\\\/files\\\/2019\\\/05\\\/Teaser_Blogbeitrag_NF_EN_16516_FR.jpg\",\"datePublished\":\"2018-05-08T15:15:29+00:00\",\"dateModified\":\"2022-11-02T09:55:30+00:00\",\"breadcrumb\":{\"@id\":\"https:\\\/\\\/blog.proclima.com\\\/fr\\\/2018\\\/05\\\/nouvelle-obligation-declarer\\\/#breadcrumb\"},\"inLanguage\":\"fr-FR\",\"potentialAction\":[{\"@type\":\"ReadAction\",\"target\":[\"https:\\\/\\\/blog.proclima.com\\\/fr\\\/2018\\\/05\\\/nouvelle-obligation-declarer\\\/\"]}]},{\"@type\":\"ImageObject\",\"inLanguage\":\"fr-FR\",\"@id\":\"https:\\\/\\\/blog.proclima.com\\\/fr\\\/2018\\\/05\\\/nouvelle-obligation-declarer\\\/#primaryimage\",\"url\":\"https:\\\/\\\/blog.proclima.com\\\/fr\\\/files\\\/2019\\\/05\\\/Teaser_Blogbeitrag_NF_EN_16516_FR.jpg\",\"contentUrl\":\"https:\\\/\\\/blog.proclima.com\\\/fr\\\/files\\\/2019\\\/05\\\/Teaser_Blogbeitrag_NF_EN_16516_FR.jpg\",\"width\":1000,\"height\":400},{\"@type\":\"BreadcrumbList\",\"@id\":\"https:\\\/\\\/blog.proclima.com\\\/fr\\\/2018\\\/05\\\/nouvelle-obligation-declarer\\\/#breadcrumb\",\"itemListElement\":[{\"@type\":\"ListItem\",\"position\":1,\"name\":\"Accueil\",\"item\":\"https:\\\/\\\/blog.proclima.com\\\/fr\\\/\"},{\"@type\":\"ListItem\",\"position\":2,\"name\":\"Nouvelle obligation de d\u00e9clarer les \u00e9missions de Compos\u00e9s Organiques Volatils (C.O.V.) provenant des produits de construction\"}]},{\"@type\":\"WebSite\",\"@id\":\"https:\\\/\\\/blog.proclima.com\\\/fr\\\/#website\",\"url\":\"https:\\\/\\\/blog.proclima.com\\\/fr\\\/\",\"name\":\"pro clima Blog - france\",\"description\":\"pro clima Blog\",\"publisher\":{\"@id\":\"https:\\\/\\\/blog.proclima.com\\\/fr\\\/#organization\"},\"potentialAction\":[{\"@type\":\"SearchAction\",\"target\":{\"@type\":\"EntryPoint\",\"urlTemplate\":\"https:\\\/\\\/blog.proclima.com\\\/fr\\\/?s={search_term_string}\"},\"query-input\":{\"@type\":\"PropertyValueSpecification\",\"valueRequired\":true,\"valueName\":\"search_term_string\"}}],\"inLanguage\":\"fr-FR\"},{\"@type\":\"Organization\",\"@id\":\"https:\\\/\\\/blog.proclima.com\\\/fr\\\/#organization\",\"name\":\"pro clima Blog - france\",\"url\":\"https:\\\/\\\/blog.proclima.com\\\/fr\\\/\",\"logo\":{\"@type\":\"ImageObject\",\"inLanguage\":\"fr-FR\",\"@id\":\"https:\\\/\\\/blog.proclima.com\\\/fr\\\/#\\\/schema\\\/logo\\\/image\\\/\",\"url\":\"https:\\\/\\\/blog.proclima.com\\\/fr\\\/files\\\/2025\\\/12\\\/logo_proclima_quadrat.png\",\"contentUrl\":\"https:\\\/\\\/blog.proclima.com\\\/fr\\\/files\\\/2025\\\/12\\\/logo_proclima_quadrat.png\",\"width\":1200,\"height\":1200,\"caption\":\"pro clima Blog - france\"},\"image\":{\"@id\":\"https:\\\/\\\/blog.proclima.com\\\/fr\\\/#\\\/schema\\\/logo\\\/image\\\/\"}},{\"@type\":\"Person\",\"@id\":\"https:\\\/\\\/blog.proclima.com\\\/fr\\\/#\\\/schema\\\/person\\\/867d432d923c4986caa239ecb77d23c4\",\"name\":\"Nils Braune\",\"image\":{\"@type\":\"ImageObject\",\"inLanguage\":\"fr-FR\",\"@id\":\"https:\\\/\\\/secure.gravatar.com\\\/avatar\\\/f258fd7697129815be29b291db5a9f8280d404bd5bc56d16f006d64d8437c89f?s=96&d=mm&r=g\",\"url\":\"https:\\\/\\\/secure.gravatar.com\\\/avatar\\\/f258fd7697129815be29b291db5a9f8280d404bd5bc56d16f006d64d8437c89f?s=96&d=mm&r=g\",\"contentUrl\":\"https:\\\/\\\/secure.gravatar.com\\\/avatar\\\/f258fd7697129815be29b291db5a9f8280d404bd5bc56d16f006d64d8437c89f?s=96&d=mm&r=g\",\"caption\":\"Nils Braune\"},\"description\":\"Nils Braune ist Journalist, Kameramann und TV-Redakteur. Teilnehmer*innen der Kombischulungen Dach-Praxis und Schnittstelle Baustelle kennen ihn, weil er dort die Live-\u00dcbertragungen und Aufzeichnungen unterst\u00fctzt. Bei pro clima Online-Seminaren ist er als Kameramann anzutreffen. Zudem supportet er die pro clima Redaktion (Blogs, proclima.tv und Bauradio). Nils Braune is a journalist, cameraman and TV producer. Participants in our combined training course on roofing practice and the interface with building sites will know him as he provides support with live broadcasts and recording. He is also familiar as a cameraman for pro clima online seminars. In addition, he provides support for pro clima\u2019s content editors (blogs, proclima.tv and \u2018Bauradio\u2019).\",\"url\":\"https:\\\/\\\/blog.proclima.com\\\/fr\\\/author\\\/proclimaredaktion\\\/\"}]}<\/script>\n<!-- \/ Yoast SEO plugin. -->","yoast_head_json":{"title":"Nouvelle obligation de d\u00e9clarer les \u00e9missions de Compos\u00e9s Organiques Volatils (C.O.V.) provenant des produits de construction - pro clima Blog - france","robots":{"index":"index","follow":"follow","max-snippet":"max-snippet:-1","max-image-preview":"max-image-preview:large","max-video-preview":"max-video-preview:-1"},"canonical":"https:\/\/blog.proclima.com\/fr\/2018\/05\/nouvelle-obligation-declarer\/","og_locale":"fr_FR","og_type":"article","og_title":"Nouvelle obligation de d\u00e9clarer les \u00e9missions de Compos\u00e9s Organiques Volatils (C.O.V.) provenant des produits de construction - pro clima Blog - france","og_description":"Selon la norme europ\u00e9enne EN 16516, le r\u00e9sultat des niveaux d\u2019\u00e9mission de COV doit \u00eatre renseign\u00e9 via le marquage CE \u00e0 travers la DOP. Ce ...","og_url":"https:\/\/blog.proclima.com\/fr\/2018\/05\/nouvelle-obligation-declarer\/","og_site_name":"pro clima Blog - france","article_published_time":"2018-05-08T15:15:29+00:00","article_modified_time":"2022-11-02T09:55:30+00:00","og_image":[{"width":1000,"height":400,"url":"https:\/\/blog.proclima.com\/fr\/files\/2019\/05\/Teaser_Blogbeitrag_NF_EN_16516_FR.jpg","type":"image\/jpeg"}],"author":"Nils Braune","twitter_card":"summary_large_image","twitter_misc":{"\u00c9crit par":"Nils Braune","Dur\u00e9e de lecture estim\u00e9e":"2 minutes"},"schema":{"@context":"https:\/\/schema.org","@graph":[{"@type":"Article","@id":"https:\/\/blog.proclima.com\/fr\/2018\/05\/nouvelle-obligation-declarer\/#article","isPartOf":{"@id":"https:\/\/blog.proclima.com\/fr\/2018\/05\/nouvelle-obligation-declarer\/"},"author":{"name":"Nils Braune","@id":"https:\/\/blog.proclima.com\/fr\/#\/schema\/person\/867d432d923c4986caa239ecb77d23c4"},"headline":"Nouvelle obligation de d\u00e9clarer les \u00e9missions de Compos\u00e9s Organiques Volatils (C.O.V.) provenant des produits de construction","datePublished":"2018-05-08T15:15:29+00:00","dateModified":"2022-11-02T09:55:30+00:00","mainEntityOfPage":{"@id":"https:\/\/blog.proclima.com\/fr\/2018\/05\/nouvelle-obligation-declarer\/"},"wordCount":417,"commentCount":0,"publisher":{"@id":"https:\/\/blog.proclima.com\/fr\/#organization"},"image":{"@id":"https:\/\/blog.proclima.com\/fr\/2018\/05\/nouvelle-obligation-declarer\/#primaryimage"},"thumbnailUrl":"https:\/\/blog.proclima.com\/fr\/files\/2019\/05\/Teaser_Blogbeitrag_NF_EN_16516_FR.jpg","articleSection":["pro clima"],"inLanguage":"fr-FR","potentialAction":[{"@type":"CommentAction","name":"Comment","target":["https:\/\/blog.proclima.com\/fr\/2018\/05\/nouvelle-obligation-declarer\/#respond"]}]},{"@type":"WebPage","@id":"https:\/\/blog.proclima.com\/fr\/2018\/05\/nouvelle-obligation-declarer\/","url":"https:\/\/blog.proclima.com\/fr\/2018\/05\/nouvelle-obligation-declarer\/","name":"Nouvelle obligation de d\u00e9clarer les \u00e9missions de Compos\u00e9s Organiques Volatils (C.O.V.) provenant des produits de construction - pro clima Blog - france","isPartOf":{"@id":"https:\/\/blog.proclima.com\/fr\/#website"},"primaryImageOfPage":{"@id":"https:\/\/blog.proclima.com\/fr\/2018\/05\/nouvelle-obligation-declarer\/#primaryimage"},"image":{"@id":"https:\/\/blog.proclima.com\/fr\/2018\/05\/nouvelle-obligation-declarer\/#primaryimage"},"thumbnailUrl":"https:\/\/blog.proclima.com\/fr\/files\/2019\/05\/Teaser_Blogbeitrag_NF_EN_16516_FR.jpg","datePublished":"2018-05-08T15:15:29+00:00","dateModified":"2022-11-02T09:55:30+00:00","breadcrumb":{"@id":"https:\/\/blog.proclima.com\/fr\/2018\/05\/nouvelle-obligation-declarer\/#breadcrumb"},"inLanguage":"fr-FR","potentialAction":[{"@type":"ReadAction","target":["https:\/\/blog.proclima.com\/fr\/2018\/05\/nouvelle-obligation-declarer\/"]}]},{"@type":"ImageObject","inLanguage":"fr-FR","@id":"https:\/\/blog.proclima.com\/fr\/2018\/05\/nouvelle-obligation-declarer\/#primaryimage","url":"https:\/\/blog.proclima.com\/fr\/files\/2019\/05\/Teaser_Blogbeitrag_NF_EN_16516_FR.jpg","contentUrl":"https:\/\/blog.proclima.com\/fr\/files\/2019\/05\/Teaser_Blogbeitrag_NF_EN_16516_FR.jpg","width":1000,"height":400},{"@type":"BreadcrumbList","@id":"https:\/\/blog.proclima.com\/fr\/2018\/05\/nouvelle-obligation-declarer\/#breadcrumb","itemListElement":[{"@type":"ListItem","position":1,"name":"Accueil","item":"https:\/\/blog.proclima.com\/fr\/"},{"@type":"ListItem","position":2,"name":"Nouvelle obligation de d\u00e9clarer les \u00e9missions de Compos\u00e9s Organiques Volatils (C.O.V.) provenant des produits de construction"}]},{"@type":"WebSite","@id":"https:\/\/blog.proclima.com\/fr\/#website","url":"https:\/\/blog.proclima.com\/fr\/","name":"pro clima Blog - france","description":"pro clima Blog","publisher":{"@id":"https:\/\/blog.proclima.com\/fr\/#organization"},"potentialAction":[{"@type":"SearchAction","target":{"@type":"EntryPoint","urlTemplate":"https:\/\/blog.proclima.com\/fr\/?s={search_term_string}"},"query-input":{"@type":"PropertyValueSpecification","valueRequired":true,"valueName":"search_term_string"}}],"inLanguage":"fr-FR"},{"@type":"Organization","@id":"https:\/\/blog.proclima.com\/fr\/#organization","name":"pro clima Blog - france","url":"https:\/\/blog.proclima.com\/fr\/","logo":{"@type":"ImageObject","inLanguage":"fr-FR","@id":"https:\/\/blog.proclima.com\/fr\/#\/schema\/logo\/image\/","url":"https:\/\/blog.proclima.com\/fr\/files\/2025\/12\/logo_proclima_quadrat.png","contentUrl":"https:\/\/blog.proclima.com\/fr\/files\/2025\/12\/logo_proclima_quadrat.png","width":1200,"height":1200,"caption":"pro clima Blog - france"},"image":{"@id":"https:\/\/blog.proclima.com\/fr\/#\/schema\/logo\/image\/"}},{"@type":"Person","@id":"https:\/\/blog.proclima.com\/fr\/#\/schema\/person\/867d432d923c4986caa239ecb77d23c4","name":"Nils Braune","image":{"@type":"ImageObject","inLanguage":"fr-FR","@id":"https:\/\/secure.gravatar.com\/avatar\/f258fd7697129815be29b291db5a9f8280d404bd5bc56d16f006d64d8437c89f?s=96&d=mm&r=g","url":"https:\/\/secure.gravatar.com\/avatar\/f258fd7697129815be29b291db5a9f8280d404bd5bc56d16f006d64d8437c89f?s=96&d=mm&r=g","contentUrl":"https:\/\/secure.gravatar.com\/avatar\/f258fd7697129815be29b291db5a9f8280d404bd5bc56d16f006d64d8437c89f?s=96&d=mm&r=g","caption":"Nils Braune"},"description":"Nils Braune ist Journalist, Kameramann und TV-Redakteur. Teilnehmer*innen der Kombischulungen Dach-Praxis und Schnittstelle Baustelle kennen ihn, weil er dort die Live-\u00dcbertragungen und Aufzeichnungen unterst\u00fctzt. Bei pro clima Online-Seminaren ist er als Kameramann anzutreffen. Zudem supportet er die pro clima Redaktion (Blogs, proclima.tv und Bauradio). Nils Braune is a journalist, cameraman and TV producer. Participants in our combined training course on roofing practice and the interface with building sites will know him as he provides support with live broadcasts and recording. He is also familiar as a cameraman for pro clima online seminars. In addition, he provides support for pro clima\u2019s content editors (blogs, proclima.tv and \u2018Bauradio\u2019).","url":"https:\/\/blog.proclima.com\/fr\/author\/proclimaredaktion\/"}]}},"_links":{"self":[{"href":"https:\/\/blog.proclima.com\/fr\/wp-json\/wp\/v2\/posts\/819","targetHints":{"allow":["GET"]}}],"collection":[{"href":"https:\/\/blog.proclima.com\/fr\/wp-json\/wp\/v2\/posts"}],"about":[{"href":"https:\/\/blog.proclima.com\/fr\/wp-json\/wp\/v2\/types\/post"}],"author":[{"embeddable":true,"href":"https:\/\/blog.proclima.com\/fr\/wp-json\/wp\/v2\/users\/40"}],"replies":[{"embeddable":true,"href":"https:\/\/blog.proclima.com\/fr\/wp-json\/wp\/v2\/comments?post=819"}],"version-history":[{"count":11,"href":"https:\/\/blog.proclima.com\/fr\/wp-json\/wp\/v2\/posts\/819\/revisions"}],"predecessor-version":[{"id":973,"href":"https:\/\/blog.proclima.com\/fr\/wp-json\/wp\/v2\/posts\/819\/revisions\/973"}],"wp:featuredmedia":[{"embeddable":true,"href":"https:\/\/blog.proclima.com\/fr\/wp-json\/wp\/v2\/media\/821"}],"wp:attachment":[{"href":"https:\/\/blog.proclima.com\/fr\/wp-json\/wp\/v2\/media?parent=819"}],"wp:term":[{"taxonomy":"category","embeddable":true,"href":"https:\/\/blog.proclima.com\/fr\/wp-json\/wp\/v2\/categories?post=819"},{"taxonomy":"post_tag","embeddable":true,"href":"https:\/\/blog.proclima.com\/fr\/wp-json\/wp\/v2\/tags?post=819"}],"curies":[{"name":"wp","href":"https:\/\/api.w.org\/{rel}","templated":true}]}}