
{"id":808,"date":"2018-02-01T20:01:00","date_gmt":"2018-02-01T19:01:00","guid":{"rendered":"http:\/\/blog.proclima.com\/fr\/?p=808"},"modified":"2022-11-02T10:46:22","modified_gmt":"2022-11-02T09:46:22","slug":"seminaire-2018","status":"publish","type":"post","link":"https:\/\/blog.proclima.com\/fr\/2018\/02\/seminaire-2018\/","title":{"rendered":"Tout sur la r\u00e9alisation d&rsquo;une enveloppe de b\u00e2timent \u00e9tanche"},"content":{"rendered":"<h1 lang=\"fr-FR\"><b>S\u00e9minaire en fran\u00e7ais au si\u00e8ge de pro clima en <\/b><b>Allemagne le 15 et 16 mars 2018<\/b><\/h1>\n<p lang=\"fr-FR\"><b>Tout sur la r\u00e9alisation d&rsquo;une enveloppe de b\u00e2timent \u00e9tanche&nbsp;: s\u00e9minaire en fran\u00e7ais au si\u00e8ge de pro clima en Allemagne le 15 et 16 mars 2018.<\/b><\/p>\n<p lang=\"fr-FR\"><b>Venez d\u00e9couvrir le principe d&rsquo;une enveloppe du b\u00e2timent fiable et sans d\u00e9faut&nbsp;: apprenez au si\u00e8ge de pro clima les points les plus importants pour la r\u00e9alisation d&rsquo;une bonne \u00e9tanch\u00e9it\u00e9 de l\u2019air et \u00e0 vent. <a href=\"https:\/\/fr.proclima.com\/service\/seminaires\/etancheite-fiable\">Le prochain s\u00e9minaire se d\u00e9roulera les 15 et 16 mars. L\u2019inscription est possible d\u00e8s maintenant<\/a>&nbsp;:<br \/>\n<\/b><\/p>\n<p lang=\"fr-FR\"><a href=\"https:\/\/fr.proclima.com\/service\/seminaires\/etancheite-fiable\"><img loading=\"lazy\" decoding=\"async\" data-size=\"970x558\" class=\"size-medium wp-image-809 alignleft\" src=\"https:\/\/blog.proclima.com\/fr\/files\/2018\/02\/Bildschirmfoto-2018-02-01-um-18.50.32-300x173.png\" alt=\"\" width=\"300\" height=\"173\" srcset=\"https:\/\/blog.proclima.com\/fr\/files\/2018\/02\/Bildschirmfoto-2018-02-01-um-18.50.32-300x173.png 300w, https:\/\/blog.proclima.com\/fr\/files\/2018\/02\/Bildschirmfoto-2018-02-01-um-18.50.32-768x442.png 768w, https:\/\/blog.proclima.com\/fr\/files\/2018\/02\/Bildschirmfoto-2018-02-01-um-18.50.32.png 970w\" sizes=\"auto, (max-width: 300px) 100vw, 300px\" \/><\/a><\/p>\n<p lang=\"fr-FR\">\n<p lang=\"fr-FR\">\n<p lang=\"fr-FR\">\n<h2 lang=\"fr-FR\">Pourquoi le s\u00e9minaire vaut la peine?<\/h2>\n<p lang=\"fr-FR\">Ce s\u00e9minaire n\u2019est pas seulement th\u00e9orique mais aussi pratique.<br \/>\nVous travaillerez directement avec nos formateurs pour r\u00e9aliser une enveloppe du b\u00e2timent \u00e9tanche.<\/p>\n<p lang=\"fr-FR\">Vous recevrez des conseils pratiques de professionnels&nbsp;: comment faciliter le travail par des solutions sp\u00e9cifiques (par exemple&nbsp;: les manchettes)<\/p>\n<h2 lang=\"fr-FR\"><span lang=\"fr-FR\"><a href=\"https:\/\/fr.proclima.com\/service\/seminaires\/etancheite-fiable\">Informations compl\u00e9mentaires et inscription voir<\/a>.<\/p>\n<p><span lang=\"fr-FR\">Avez-vous des questions&nbsp;? Nous vous conseillons personnellement&nbsp;:<\/span><\/p>\n<p><\/span><\/h2>\n<p><span lang=\"fr-FR\">service client\u00e8le&nbsp;:<br \/>\nT\u00e9l.&nbsp;: +49 6202 27 82 75<br \/>\n<\/span><u><a href=\"mailto:info@proclima.info\" target=\"_top\" rel=\"noopener\"><span lang=\"fr-FR\">info@proclima.info<\/span><\/a><\/u><\/p>\n<p lang=\"fr-FR\">Devenez professionnel d\u2019une enveloppe du b\u00e2timent \u00e9tanche.<\/p>\n<p lang=\"fr-FR\">\n","protected":false},"excerpt":{"rendered":"<p>S\u00e9minaire en fran\u00e7ais au si\u00e8ge de pro clima en Allemagne le 15 et 16 mars 2018 Tout sur la r\u00e9alisation d&rsquo;une enveloppe de b\u00e2timent \u00e9tanche&nbsp;: <a href=\"https:\/\/blog.proclima.com\/fr\/2018\/02\/seminaire-2018\/\" rel=\"bookmark\">&#8230;<\/a><\/p>\n","protected":false},"author":18,"featured_media":0,"comment_status":"open","ping_status":"open","sticky":false,"template":"","format":"standard","meta":{"footnotes":""},"categories":[1],"tags":[43],"class_list":["post-808","post","type-post","status-publish","format-standard","hentry","category-general","tag-seminaire"],"yoast_head":"<!-- This site is optimized with the Yoast SEO plugin v27.5 - https:\/\/yoast.com\/product\/yoast-seo-wordpress\/ -->\n<title>Tout sur la r\u00e9alisation d&#039;une enveloppe de b\u00e2timent \u00e9tanche - pro clima Blog - france<\/title>\n<meta name=\"robots\" content=\"index, follow, max-snippet:-1, max-image-preview:large, max-video-preview:-1\" \/>\n<link rel=\"canonical\" href=\"https:\/\/blog.proclima.com\/fr\/2018\/02\/seminaire-2018\/\" \/>\n<meta property=\"og:locale\" content=\"fr_FR\" \/>\n<meta property=\"og:type\" content=\"article\" \/>\n<meta property=\"og:title\" content=\"Tout sur la r\u00e9alisation d&#039;une enveloppe de b\u00e2timent \u00e9tanche - pro clima Blog - france\" \/>\n<meta property=\"og:description\" content=\"S\u00e9minaire en fran\u00e7ais au si\u00e8ge de pro clima en Allemagne le 15 et 16 mars 2018 Tout sur la r\u00e9alisation d&rsquo;une enveloppe de b\u00e2timent \u00e9tanche&nbsp;: ...\" \/>\n<meta property=\"og:url\" content=\"https:\/\/blog.proclima.com\/fr\/2018\/02\/seminaire-2018\/\" \/>\n<meta property=\"og:site_name\" content=\"pro clima Blog - france\" \/>\n<meta property=\"article:published_time\" content=\"2018-02-01T19:01:00+00:00\" \/>\n<meta property=\"article:modified_time\" content=\"2022-11-02T09:46:22+00:00\" \/>\n<meta property=\"og:image\" content=\"https:\/\/blog.proclima.com\/fr\/files\/2018\/02\/Bildschirmfoto-2018-02-01-um-18.50.32-300x173.png\" \/>\n<meta name=\"author\" content=\"Heide Merkel\" \/>\n<meta name=\"twitter:card\" content=\"summary_large_image\" \/>\n<meta name=\"twitter:label1\" content=\"\u00c9crit par\" \/>\n\t<meta name=\"twitter:data1\" content=\"Heide Merkel\" \/>\n\t<meta name=\"twitter:label2\" content=\"Dur\u00e9e de lecture estim\u00e9e\" \/>\n\t<meta name=\"twitter:data2\" content=\"2 minutes\" \/>\n<script type=\"application\/ld+json\" class=\"yoast-schema-graph\">{\"@context\":\"https:\\\/\\\/schema.org\",\"@graph\":[{\"@type\":\"Article\",\"@id\":\"https:\\\/\\\/blog.proclima.com\\\/fr\\\/2018\\\/02\\\/seminaire-2018\\\/#article\",\"isPartOf\":{\"@id\":\"https:\\\/\\\/blog.proclima.com\\\/fr\\\/2018\\\/02\\\/seminaire-2018\\\/\"},\"author\":{\"name\":\"Heide Merkel\",\"@id\":\"https:\\\/\\\/blog.proclima.com\\\/fr\\\/#\\\/schema\\\/person\\\/b3490e20200d5d45b8d56f555ceffc21\"},\"headline\":\"Tout sur la r\u00e9alisation d&rsquo;une enveloppe de b\u00e2timent \u00e9tanche\",\"datePublished\":\"2018-02-01T19:01:00+00:00\",\"dateModified\":\"2022-11-02T09:46:22+00:00\",\"mainEntityOfPage\":{\"@id\":\"https:\\\/\\\/blog.proclima.com\\\/fr\\\/2018\\\/02\\\/seminaire-2018\\\/\"},\"wordCount\":204,\"commentCount\":0,\"publisher\":{\"@id\":\"https:\\\/\\\/blog.proclima.com\\\/fr\\\/#organization\"},\"image\":{\"@id\":\"https:\\\/\\\/blog.proclima.com\\\/fr\\\/2018\\\/02\\\/seminaire-2018\\\/#primaryimage\"},\"thumbnailUrl\":\"https:\\\/\\\/blog.proclima.com\\\/fr\\\/files\\\/2018\\\/02\\\/Bildschirmfoto-2018-02-01-um-18.50.32-300x173.png\",\"keywords\":[\"S\u00e9minaire\"],\"articleSection\":[\"pro clima\"],\"inLanguage\":\"fr-FR\",\"potentialAction\":[{\"@type\":\"CommentAction\",\"name\":\"Comment\",\"target\":[\"https:\\\/\\\/blog.proclima.com\\\/fr\\\/2018\\\/02\\\/seminaire-2018\\\/#respond\"]}]},{\"@type\":\"WebPage\",\"@id\":\"https:\\\/\\\/blog.proclima.com\\\/fr\\\/2018\\\/02\\\/seminaire-2018\\\/\",\"url\":\"https:\\\/\\\/blog.proclima.com\\\/fr\\\/2018\\\/02\\\/seminaire-2018\\\/\",\"name\":\"Tout sur la r\u00e9alisation d'une enveloppe de b\u00e2timent \u00e9tanche - pro clima Blog - france\",\"isPartOf\":{\"@id\":\"https:\\\/\\\/blog.proclima.com\\\/fr\\\/#website\"},\"primaryImageOfPage\":{\"@id\":\"https:\\\/\\\/blog.proclima.com\\\/fr\\\/2018\\\/02\\\/seminaire-2018\\\/#primaryimage\"},\"image\":{\"@id\":\"https:\\\/\\\/blog.proclima.com\\\/fr\\\/2018\\\/02\\\/seminaire-2018\\\/#primaryimage\"},\"thumbnailUrl\":\"https:\\\/\\\/blog.proclima.com\\\/fr\\\/files\\\/2018\\\/02\\\/Bildschirmfoto-2018-02-01-um-18.50.32-300x173.png\",\"datePublished\":\"2018-02-01T19:01:00+00:00\",\"dateModified\":\"2022-11-02T09:46:22+00:00\",\"breadcrumb\":{\"@id\":\"https:\\\/\\\/blog.proclima.com\\\/fr\\\/2018\\\/02\\\/seminaire-2018\\\/#breadcrumb\"},\"inLanguage\":\"fr-FR\",\"potentialAction\":[{\"@type\":\"ReadAction\",\"target\":[\"https:\\\/\\\/blog.proclima.com\\\/fr\\\/2018\\\/02\\\/seminaire-2018\\\/\"]}]},{\"@type\":\"ImageObject\",\"inLanguage\":\"fr-FR\",\"@id\":\"https:\\\/\\\/blog.proclima.com\\\/fr\\\/2018\\\/02\\\/seminaire-2018\\\/#primaryimage\",\"url\":\"https:\\\/\\\/blog.proclima.com\\\/fr\\\/files\\\/2018\\\/02\\\/Bildschirmfoto-2018-02-01-um-18.50.32-300x173.png\",\"contentUrl\":\"https:\\\/\\\/blog.proclima.com\\\/fr\\\/files\\\/2018\\\/02\\\/Bildschirmfoto-2018-02-01-um-18.50.32-300x173.png\"},{\"@type\":\"BreadcrumbList\",\"@id\":\"https:\\\/\\\/blog.proclima.com\\\/fr\\\/2018\\\/02\\\/seminaire-2018\\\/#breadcrumb\",\"itemListElement\":[{\"@type\":\"ListItem\",\"position\":1,\"name\":\"Accueil\",\"item\":\"https:\\\/\\\/blog.proclima.com\\\/fr\\\/\"},{\"@type\":\"ListItem\",\"position\":2,\"name\":\"Tout sur la r\u00e9alisation d&rsquo;une enveloppe de b\u00e2timent \u00e9tanche\"}]},{\"@type\":\"WebSite\",\"@id\":\"https:\\\/\\\/blog.proclima.com\\\/fr\\\/#website\",\"url\":\"https:\\\/\\\/blog.proclima.com\\\/fr\\\/\",\"name\":\"pro clima Blog - france\",\"description\":\"pro clima Blog\",\"publisher\":{\"@id\":\"https:\\\/\\\/blog.proclima.com\\\/fr\\\/#organization\"},\"potentialAction\":[{\"@type\":\"SearchAction\",\"target\":{\"@type\":\"EntryPoint\",\"urlTemplate\":\"https:\\\/\\\/blog.proclima.com\\\/fr\\\/?s={search_term_string}\"},\"query-input\":{\"@type\":\"PropertyValueSpecification\",\"valueRequired\":true,\"valueName\":\"search_term_string\"}}],\"inLanguage\":\"fr-FR\"},{\"@type\":\"Organization\",\"@id\":\"https:\\\/\\\/blog.proclima.com\\\/fr\\\/#organization\",\"name\":\"pro clima Blog - france\",\"url\":\"https:\\\/\\\/blog.proclima.com\\\/fr\\\/\",\"logo\":{\"@type\":\"ImageObject\",\"inLanguage\":\"fr-FR\",\"@id\":\"https:\\\/\\\/blog.proclima.com\\\/fr\\\/#\\\/schema\\\/logo\\\/image\\\/\",\"url\":\"https:\\\/\\\/blog.proclima.com\\\/fr\\\/files\\\/2025\\\/12\\\/logo_proclima_quadrat.png\",\"contentUrl\":\"https:\\\/\\\/blog.proclima.com\\\/fr\\\/files\\\/2025\\\/12\\\/logo_proclima_quadrat.png\",\"width\":1200,\"height\":1200,\"caption\":\"pro clima Blog - france\"},\"image\":{\"@id\":\"https:\\\/\\\/blog.proclima.com\\\/fr\\\/#\\\/schema\\\/logo\\\/image\\\/\"}},{\"@type\":\"Person\",\"@id\":\"https:\\\/\\\/blog.proclima.com\\\/fr\\\/#\\\/schema\\\/person\\\/b3490e20200d5d45b8d56f555ceffc21\",\"name\":\"Heide Merkel\",\"image\":{\"@type\":\"ImageObject\",\"inLanguage\":\"fr-FR\",\"@id\":\"https:\\\/\\\/secure.gravatar.com\\\/avatar\\\/a4a1c909701780173c0b7a635fb539f21128c8d654b77311c92e724657788582?s=96&d=mm&r=g\",\"url\":\"https:\\\/\\\/secure.gravatar.com\\\/avatar\\\/a4a1c909701780173c0b7a635fb539f21128c8d654b77311c92e724657788582?s=96&d=mm&r=g\",\"contentUrl\":\"https:\\\/\\\/secure.gravatar.com\\\/avatar\\\/a4a1c909701780173c0b7a635fb539f21128c8d654b77311c92e724657788582?s=96&d=mm&r=g\",\"caption\":\"Heide Merkel\"},\"description\":\"Fachjournalistin, Referentin, Steuerung Presse &amp; Digitale Medien bei Moll bau\u00f6kologische Produkte GmbH (pro clima). Als Japanologin und ausgebildete Redakteurin ist Heide eher zuf\u00e4llig in der Baubranche gelandet. Seit 2011 arbeitet sie f\u00fcr pro clima. Ihr Wissen zu effektiver Kommunikation gibt sie in Seminaren, Artikeln und Vortr\u00e4gen weiter. F\u00fcr den pro clima Blog, proclima.tv und das pro clima Bauradio interviewt sie interessante Menschen aus der Baubranche. Auf\u00a0 luftdichtheit-gepr\u00fcft.de bloggt Heide \u00fcber Leckagen, Luftdichtung und Qualit\u00e4ts\u00fcberpr\u00fcfung mit Blower-Door-Tests. Ihre Freizeit verbringt sie u.a. in den Vogesen, wo sie seit mehr als f\u00fcnf Jahren ein altes Bauernhaus saniert. Ihr neuestes Projekt:\u00a0 www.besser-als-marketing.de Hier gibt es Tipps, wie Unternehmen in der Baubranche ihre Sichtbarkeit erh\u00f6hen k\u00f6nnen. Die ersten Videos sind bereits online im Youtube Channel Wer mehr \u00fcber Heide Merkel erfahren m\u00f6chte, findet sie auf den g\u00e4ngigen Social Media Plattformen.\",\"url\":\"https:\\\/\\\/blog.proclima.com\\\/fr\\\/author\\\/gentner\\\/\"}]}<\/script>\n<!-- \/ Yoast SEO plugin. -->","yoast_head_json":{"title":"Tout sur la r\u00e9alisation d'une enveloppe de b\u00e2timent \u00e9tanche - pro clima Blog - france","robots":{"index":"index","follow":"follow","max-snippet":"max-snippet:-1","max-image-preview":"max-image-preview:large","max-video-preview":"max-video-preview:-1"},"canonical":"https:\/\/blog.proclima.com\/fr\/2018\/02\/seminaire-2018\/","og_locale":"fr_FR","og_type":"article","og_title":"Tout sur la r\u00e9alisation d'une enveloppe de b\u00e2timent \u00e9tanche - pro clima Blog - france","og_description":"S\u00e9minaire en fran\u00e7ais au si\u00e8ge de pro clima en Allemagne le 15 et 16 mars 2018 Tout sur la r\u00e9alisation d&rsquo;une enveloppe de b\u00e2timent \u00e9tanche&nbsp;: ...","og_url":"https:\/\/blog.proclima.com\/fr\/2018\/02\/seminaire-2018\/","og_site_name":"pro clima Blog - france","article_published_time":"2018-02-01T19:01:00+00:00","article_modified_time":"2022-11-02T09:46:22+00:00","og_image":[{"url":"https:\/\/blog.proclima.com\/fr\/files\/2018\/02\/Bildschirmfoto-2018-02-01-um-18.50.32-300x173.png","type":"","width":"","height":""}],"author":"Heide Merkel","twitter_card":"summary_large_image","twitter_misc":{"\u00c9crit par":"Heide Merkel","Dur\u00e9e de lecture estim\u00e9e":"2 minutes"},"schema":{"@context":"https:\/\/schema.org","@graph":[{"@type":"Article","@id":"https:\/\/blog.proclima.com\/fr\/2018\/02\/seminaire-2018\/#article","isPartOf":{"@id":"https:\/\/blog.proclima.com\/fr\/2018\/02\/seminaire-2018\/"},"author":{"name":"Heide Merkel","@id":"https:\/\/blog.proclima.com\/fr\/#\/schema\/person\/b3490e20200d5d45b8d56f555ceffc21"},"headline":"Tout sur la r\u00e9alisation d&rsquo;une enveloppe de b\u00e2timent \u00e9tanche","datePublished":"2018-02-01T19:01:00+00:00","dateModified":"2022-11-02T09:46:22+00:00","mainEntityOfPage":{"@id":"https:\/\/blog.proclima.com\/fr\/2018\/02\/seminaire-2018\/"},"wordCount":204,"commentCount":0,"publisher":{"@id":"https:\/\/blog.proclima.com\/fr\/#organization"},"image":{"@id":"https:\/\/blog.proclima.com\/fr\/2018\/02\/seminaire-2018\/#primaryimage"},"thumbnailUrl":"https:\/\/blog.proclima.com\/fr\/files\/2018\/02\/Bildschirmfoto-2018-02-01-um-18.50.32-300x173.png","keywords":["S\u00e9minaire"],"articleSection":["pro clima"],"inLanguage":"fr-FR","potentialAction":[{"@type":"CommentAction","name":"Comment","target":["https:\/\/blog.proclima.com\/fr\/2018\/02\/seminaire-2018\/#respond"]}]},{"@type":"WebPage","@id":"https:\/\/blog.proclima.com\/fr\/2018\/02\/seminaire-2018\/","url":"https:\/\/blog.proclima.com\/fr\/2018\/02\/seminaire-2018\/","name":"Tout sur la r\u00e9alisation d'une enveloppe de b\u00e2timent \u00e9tanche - pro clima Blog - france","isPartOf":{"@id":"https:\/\/blog.proclima.com\/fr\/#website"},"primaryImageOfPage":{"@id":"https:\/\/blog.proclima.com\/fr\/2018\/02\/seminaire-2018\/#primaryimage"},"image":{"@id":"https:\/\/blog.proclima.com\/fr\/2018\/02\/seminaire-2018\/#primaryimage"},"thumbnailUrl":"https:\/\/blog.proclima.com\/fr\/files\/2018\/02\/Bildschirmfoto-2018-02-01-um-18.50.32-300x173.png","datePublished":"2018-02-01T19:01:00+00:00","dateModified":"2022-11-02T09:46:22+00:00","breadcrumb":{"@id":"https:\/\/blog.proclima.com\/fr\/2018\/02\/seminaire-2018\/#breadcrumb"},"inLanguage":"fr-FR","potentialAction":[{"@type":"ReadAction","target":["https:\/\/blog.proclima.com\/fr\/2018\/02\/seminaire-2018\/"]}]},{"@type":"ImageObject","inLanguage":"fr-FR","@id":"https:\/\/blog.proclima.com\/fr\/2018\/02\/seminaire-2018\/#primaryimage","url":"https:\/\/blog.proclima.com\/fr\/files\/2018\/02\/Bildschirmfoto-2018-02-01-um-18.50.32-300x173.png","contentUrl":"https:\/\/blog.proclima.com\/fr\/files\/2018\/02\/Bildschirmfoto-2018-02-01-um-18.50.32-300x173.png"},{"@type":"BreadcrumbList","@id":"https:\/\/blog.proclima.com\/fr\/2018\/02\/seminaire-2018\/#breadcrumb","itemListElement":[{"@type":"ListItem","position":1,"name":"Accueil","item":"https:\/\/blog.proclima.com\/fr\/"},{"@type":"ListItem","position":2,"name":"Tout sur la r\u00e9alisation d&rsquo;une enveloppe de b\u00e2timent \u00e9tanche"}]},{"@type":"WebSite","@id":"https:\/\/blog.proclima.com\/fr\/#website","url":"https:\/\/blog.proclima.com\/fr\/","name":"pro clima Blog - france","description":"pro clima Blog","publisher":{"@id":"https:\/\/blog.proclima.com\/fr\/#organization"},"potentialAction":[{"@type":"SearchAction","target":{"@type":"EntryPoint","urlTemplate":"https:\/\/blog.proclima.com\/fr\/?s={search_term_string}"},"query-input":{"@type":"PropertyValueSpecification","valueRequired":true,"valueName":"search_term_string"}}],"inLanguage":"fr-FR"},{"@type":"Organization","@id":"https:\/\/blog.proclima.com\/fr\/#organization","name":"pro clima Blog - france","url":"https:\/\/blog.proclima.com\/fr\/","logo":{"@type":"ImageObject","inLanguage":"fr-FR","@id":"https:\/\/blog.proclima.com\/fr\/#\/schema\/logo\/image\/","url":"https:\/\/blog.proclima.com\/fr\/files\/2025\/12\/logo_proclima_quadrat.png","contentUrl":"https:\/\/blog.proclima.com\/fr\/files\/2025\/12\/logo_proclima_quadrat.png","width":1200,"height":1200,"caption":"pro clima Blog - france"},"image":{"@id":"https:\/\/blog.proclima.com\/fr\/#\/schema\/logo\/image\/"}},{"@type":"Person","@id":"https:\/\/blog.proclima.com\/fr\/#\/schema\/person\/b3490e20200d5d45b8d56f555ceffc21","name":"Heide Merkel","image":{"@type":"ImageObject","inLanguage":"fr-FR","@id":"https:\/\/secure.gravatar.com\/avatar\/a4a1c909701780173c0b7a635fb539f21128c8d654b77311c92e724657788582?s=96&d=mm&r=g","url":"https:\/\/secure.gravatar.com\/avatar\/a4a1c909701780173c0b7a635fb539f21128c8d654b77311c92e724657788582?s=96&d=mm&r=g","contentUrl":"https:\/\/secure.gravatar.com\/avatar\/a4a1c909701780173c0b7a635fb539f21128c8d654b77311c92e724657788582?s=96&d=mm&r=g","caption":"Heide Merkel"},"description":"Fachjournalistin, Referentin, Steuerung Presse &amp; Digitale Medien bei Moll bau\u00f6kologische Produkte GmbH (pro clima). Als Japanologin und ausgebildete Redakteurin ist Heide eher zuf\u00e4llig in der Baubranche gelandet. Seit 2011 arbeitet sie f\u00fcr pro clima. Ihr Wissen zu effektiver Kommunikation gibt sie in Seminaren, Artikeln und Vortr\u00e4gen weiter. F\u00fcr den pro clima Blog, proclima.tv und das pro clima Bauradio interviewt sie interessante Menschen aus der Baubranche. Auf\u00a0 luftdichtheit-gepr\u00fcft.de bloggt Heide \u00fcber Leckagen, Luftdichtung und Qualit\u00e4ts\u00fcberpr\u00fcfung mit Blower-Door-Tests. Ihre Freizeit verbringt sie u.a. in den Vogesen, wo sie seit mehr als f\u00fcnf Jahren ein altes Bauernhaus saniert. Ihr neuestes Projekt:\u00a0 www.besser-als-marketing.de Hier gibt es Tipps, wie Unternehmen in der Baubranche ihre Sichtbarkeit erh\u00f6hen k\u00f6nnen. Die ersten Videos sind bereits online im Youtube Channel Wer mehr \u00fcber Heide Merkel erfahren m\u00f6chte, findet sie auf den g\u00e4ngigen Social Media Plattformen.","url":"https:\/\/blog.proclima.com\/fr\/author\/gentner\/"}]}},"_links":{"self":[{"href":"https:\/\/blog.proclima.com\/fr\/wp-json\/wp\/v2\/posts\/808","targetHints":{"allow":["GET"]}}],"collection":[{"href":"https:\/\/blog.proclima.com\/fr\/wp-json\/wp\/v2\/posts"}],"about":[{"href":"https:\/\/blog.proclima.com\/fr\/wp-json\/wp\/v2\/types\/post"}],"author":[{"embeddable":true,"href":"https:\/\/blog.proclima.com\/fr\/wp-json\/wp\/v2\/users\/18"}],"replies":[{"embeddable":true,"href":"https:\/\/blog.proclima.com\/fr\/wp-json\/wp\/v2\/comments?post=808"}],"version-history":[{"count":2,"href":"https:\/\/blog.proclima.com\/fr\/wp-json\/wp\/v2\/posts\/808\/revisions"}],"predecessor-version":[{"id":974,"href":"https:\/\/blog.proclima.com\/fr\/wp-json\/wp\/v2\/posts\/808\/revisions\/974"}],"wp:attachment":[{"href":"https:\/\/blog.proclima.com\/fr\/wp-json\/wp\/v2\/media?parent=808"}],"wp:term":[{"taxonomy":"category","embeddable":true,"href":"https:\/\/blog.proclima.com\/fr\/wp-json\/wp\/v2\/categories?post=808"},{"taxonomy":"post_tag","embeddable":true,"href":"https:\/\/blog.proclima.com\/fr\/wp-json\/wp\/v2\/tags?post=808"}],"curies":[{"name":"wp","href":"https:\/\/api.w.org\/{rel}","templated":true}]}}