
{"id":76,"date":"2012-05-21T12:15:56","date_gmt":"2012-05-21T10:15:56","guid":{"rendered":"http:\/\/blog.proclima.com\/fr\/?p=76"},"modified":"2012-05-21T12:15:57","modified_gmt":"2012-05-21T10:15:57","slug":"pro-clima-sera-present-sur-les-rencontres-professionnelles-du-batiment-organisees-par-habitat-naturel","status":"publish","type":"post","link":"https:\/\/blog.proclima.com\/fr\/2012\/05\/pro-clima-sera-present-sur-les-rencontres-professionnelles-du-batiment-organisees-par-habitat-naturel\/","title":{"rendered":"pro clima sera pr\u00e9sent sur les rencontres professionnelles du b\u00e2timent, organis\u00e9es par HABITAT NATUREL"},"content":{"rendered":"<p>sur le th\u00e8me: \u00ab\u00a0Sant\u00e9, confort et performance \u00e9nerg\u00e9tique\u00a0\u00bb<\/p>\n<p>Les 28 et 29 juin \u2013 Centre de Congr\u00e8s le Man\u00e8ge \u00e0 Chamb\u00e9ry<\/p>\n<p>Conf\u00e9rences, modules, \u00e9changes, speed dating, retours d\u2019exp\u00e9riences\u2026 pro clima sera repr\u00e9sent\u00e9 par un technicien francophone, M. dipl. ing. Leo Morche, ainsi que par l&rsquo;agent commercial du secteur M. Didier Janaud.<\/p>\n<p>Programme, tarifs et inscriptions sur : <a href=\"http:\/\/armadaconcept.us2.list-manage.com\/track\/click?u=75b56a51398955c1d365bab16&amp;id=782e9dcb64&amp;e=c1755ef8a3\" target=\"_blank\">www.habitatnaturel.fr\/rencontres<\/a><\/p>\n<p>Contacts &#8211; renseignements\u00a0:\u00a0Habitat Naturel\u00a0 <a href=\"mailto:r%C3%A9daction@habitatnaturel.fr\" target=\"_blank\">r\u00e9daction@habitatnaturel.fr<\/a><\/p>\n<p>&nbsp;<\/p>\n<p>&nbsp;<\/p>\n","protected":false},"excerpt":{"rendered":"<p>sur le th\u00e8me: \u00ab\u00a0Sant\u00e9, confort et performance \u00e9nerg\u00e9tique\u00a0\u00bb Les 28 et 29 juin \u2013 Centre de Congr\u00e8s le Man\u00e8ge \u00e0 Chamb\u00e9ry Conf\u00e9rences, modules, \u00e9changes, speed <a href=\"https:\/\/blog.proclima.com\/fr\/2012\/05\/pro-clima-sera-present-sur-les-rencontres-professionnelles-du-batiment-organisees-par-habitat-naturel\/\" rel=\"bookmark\">&#8230;<\/a><\/p>\n","protected":false},"author":16,"featured_media":0,"comment_status":"open","ping_status":"open","sticky":false,"template":"","format":"standard","meta":{"footnotes":""},"categories":[1],"tags":[12,16,15],"class_list":["post-76","post","type-post","status-publish","format-standard","hentry","category-general","tag-habitat-naturel","tag-pro-clima","tag-rencontres-professionnelles"],"yoast_head":"<!-- This site is optimized with the Yoast SEO plugin v27.5 - https:\/\/yoast.com\/product\/yoast-seo-wordpress\/ -->\n<title>pro clima sera pr\u00e9sent sur les rencontres professionnelles du b\u00e2timent, organis\u00e9es par HABITAT NATUREL - pro clima Blog - france<\/title>\n<meta name=\"robots\" content=\"index, follow, max-snippet:-1, max-image-preview:large, max-video-preview:-1\" \/>\n<link rel=\"canonical\" href=\"https:\/\/blog.proclima.com\/fr\/2012\/05\/pro-clima-sera-present-sur-les-rencontres-professionnelles-du-batiment-organisees-par-habitat-naturel\/\" \/>\n<meta property=\"og:locale\" content=\"fr_FR\" \/>\n<meta property=\"og:type\" content=\"article\" \/>\n<meta property=\"og:title\" content=\"pro clima sera pr\u00e9sent sur les rencontres professionnelles du b\u00e2timent, organis\u00e9es par HABITAT NATUREL - pro clima Blog - france\" \/>\n<meta property=\"og:description\" content=\"sur le th\u00e8me: \u00ab\u00a0Sant\u00e9, confort et performance \u00e9nerg\u00e9tique\u00a0\u00bb Les 28 et 29 juin \u2013 Centre de Congr\u00e8s le Man\u00e8ge \u00e0 Chamb\u00e9ry Conf\u00e9rences, modules, \u00e9changes, speed ...\" \/>\n<meta property=\"og:url\" content=\"https:\/\/blog.proclima.com\/fr\/2012\/05\/pro-clima-sera-present-sur-les-rencontres-professionnelles-du-batiment-organisees-par-habitat-naturel\/\" \/>\n<meta property=\"og:site_name\" content=\"pro clima Blog - france\" \/>\n<meta property=\"article:published_time\" content=\"2012-05-21T10:15:56+00:00\" \/>\n<meta property=\"article:modified_time\" content=\"2012-05-21T10:15:57+00:00\" \/>\n<meta name=\"twitter:card\" content=\"summary_large_image\" \/>\n<meta name=\"twitter:label1\" content=\"\u00c9crit par\" \/>\n\t<meta name=\"twitter:data1\" content=\"\" \/>\n<script type=\"application\/ld+json\" class=\"yoast-schema-graph\">{\"@context\":\"https:\\\/\\\/schema.org\",\"@graph\":[{\"@type\":\"Article\",\"@id\":\"https:\\\/\\\/blog.proclima.com\\\/fr\\\/2012\\\/05\\\/pro-clima-sera-present-sur-les-rencontres-professionnelles-du-batiment-organisees-par-habitat-naturel\\\/#article\",\"isPartOf\":{\"@id\":\"https:\\\/\\\/blog.proclima.com\\\/fr\\\/2012\\\/05\\\/pro-clima-sera-present-sur-les-rencontres-professionnelles-du-batiment-organisees-par-habitat-naturel\\\/\"},\"author\":{\"name\":\"\",\"@id\":\"\"},\"headline\":\"pro clima sera pr\u00e9sent sur les rencontres professionnelles du b\u00e2timent, organis\u00e9es par HABITAT NATUREL\",\"datePublished\":\"2012-05-21T10:15:56+00:00\",\"dateModified\":\"2012-05-21T10:15:57+00:00\",\"mainEntityOfPage\":{\"@id\":\"https:\\\/\\\/blog.proclima.com\\\/fr\\\/2012\\\/05\\\/pro-clima-sera-present-sur-les-rencontres-professionnelles-du-batiment-organisees-par-habitat-naturel\\\/\"},\"wordCount\":93,\"commentCount\":0,\"publisher\":{\"@id\":\"https:\\\/\\\/blog.proclima.com\\\/fr\\\/#organization\"},\"keywords\":[\"habitat naturel\",\"pro clima\",\"rencontres professionnelles\"],\"articleSection\":[\"pro clima\"],\"inLanguage\":\"fr-FR\",\"potentialAction\":[{\"@type\":\"CommentAction\",\"name\":\"Comment\",\"target\":[\"https:\\\/\\\/blog.proclima.com\\\/fr\\\/2012\\\/05\\\/pro-clima-sera-present-sur-les-rencontres-professionnelles-du-batiment-organisees-par-habitat-naturel\\\/#respond\"]}]},{\"@type\":\"WebPage\",\"@id\":\"https:\\\/\\\/blog.proclima.com\\\/fr\\\/2012\\\/05\\\/pro-clima-sera-present-sur-les-rencontres-professionnelles-du-batiment-organisees-par-habitat-naturel\\\/\",\"url\":\"https:\\\/\\\/blog.proclima.com\\\/fr\\\/2012\\\/05\\\/pro-clima-sera-present-sur-les-rencontres-professionnelles-du-batiment-organisees-par-habitat-naturel\\\/\",\"name\":\"pro clima sera pr\u00e9sent sur les rencontres professionnelles du b\u00e2timent, organis\u00e9es par HABITAT NATUREL - pro clima Blog - france\",\"isPartOf\":{\"@id\":\"https:\\\/\\\/blog.proclima.com\\\/fr\\\/#website\"},\"datePublished\":\"2012-05-21T10:15:56+00:00\",\"dateModified\":\"2012-05-21T10:15:57+00:00\",\"breadcrumb\":{\"@id\":\"https:\\\/\\\/blog.proclima.com\\\/fr\\\/2012\\\/05\\\/pro-clima-sera-present-sur-les-rencontres-professionnelles-du-batiment-organisees-par-habitat-naturel\\\/#breadcrumb\"},\"inLanguage\":\"fr-FR\",\"potentialAction\":[{\"@type\":\"ReadAction\",\"target\":[\"https:\\\/\\\/blog.proclima.com\\\/fr\\\/2012\\\/05\\\/pro-clima-sera-present-sur-les-rencontres-professionnelles-du-batiment-organisees-par-habitat-naturel\\\/\"]}]},{\"@type\":\"BreadcrumbList\",\"@id\":\"https:\\\/\\\/blog.proclima.com\\\/fr\\\/2012\\\/05\\\/pro-clima-sera-present-sur-les-rencontres-professionnelles-du-batiment-organisees-par-habitat-naturel\\\/#breadcrumb\",\"itemListElement\":[{\"@type\":\"ListItem\",\"position\":1,\"name\":\"Accueil\",\"item\":\"https:\\\/\\\/blog.proclima.com\\\/fr\\\/\"},{\"@type\":\"ListItem\",\"position\":2,\"name\":\"pro clima sera pr\u00e9sent sur les rencontres professionnelles du b\u00e2timent, organis\u00e9es par HABITAT NATUREL\"}]},{\"@type\":\"WebSite\",\"@id\":\"https:\\\/\\\/blog.proclima.com\\\/fr\\\/#website\",\"url\":\"https:\\\/\\\/blog.proclima.com\\\/fr\\\/\",\"name\":\"pro clima Blog - france\",\"description\":\"pro clima Blog\",\"publisher\":{\"@id\":\"https:\\\/\\\/blog.proclima.com\\\/fr\\\/#organization\"},\"potentialAction\":[{\"@type\":\"SearchAction\",\"target\":{\"@type\":\"EntryPoint\",\"urlTemplate\":\"https:\\\/\\\/blog.proclima.com\\\/fr\\\/?s={search_term_string}\"},\"query-input\":{\"@type\":\"PropertyValueSpecification\",\"valueRequired\":true,\"valueName\":\"search_term_string\"}}],\"inLanguage\":\"fr-FR\"},{\"@type\":\"Organization\",\"@id\":\"https:\\\/\\\/blog.proclima.com\\\/fr\\\/#organization\",\"name\":\"pro clima Blog - france\",\"url\":\"https:\\\/\\\/blog.proclima.com\\\/fr\\\/\",\"logo\":{\"@type\":\"ImageObject\",\"inLanguage\":\"fr-FR\",\"@id\":\"https:\\\/\\\/blog.proclima.com\\\/fr\\\/#\\\/schema\\\/logo\\\/image\\\/\",\"url\":\"https:\\\/\\\/blog.proclima.com\\\/fr\\\/files\\\/2025\\\/12\\\/logo_proclima_quadrat.png\",\"contentUrl\":\"https:\\\/\\\/blog.proclima.com\\\/fr\\\/files\\\/2025\\\/12\\\/logo_proclima_quadrat.png\",\"width\":1200,\"height\":1200,\"caption\":\"pro clima Blog - france\"},\"image\":{\"@id\":\"https:\\\/\\\/blog.proclima.com\\\/fr\\\/#\\\/schema\\\/logo\\\/image\\\/\"}},{\"@type\":\"Person\",\"@id\":\"\",\"url\":\"https:\\\/\\\/blog.proclima.com\\\/fr\\\/author\\\/\"}]}<\/script>\n<!-- \/ Yoast SEO plugin. -->","yoast_head_json":{"title":"pro clima sera pr\u00e9sent sur les rencontres professionnelles du b\u00e2timent, organis\u00e9es par HABITAT NATUREL - pro clima Blog - france","robots":{"index":"index","follow":"follow","max-snippet":"max-snippet:-1","max-image-preview":"max-image-preview:large","max-video-preview":"max-video-preview:-1"},"canonical":"https:\/\/blog.proclima.com\/fr\/2012\/05\/pro-clima-sera-present-sur-les-rencontres-professionnelles-du-batiment-organisees-par-habitat-naturel\/","og_locale":"fr_FR","og_type":"article","og_title":"pro clima sera pr\u00e9sent sur les rencontres professionnelles du b\u00e2timent, organis\u00e9es par HABITAT NATUREL - pro clima Blog - france","og_description":"sur le th\u00e8me: \u00ab\u00a0Sant\u00e9, confort et performance \u00e9nerg\u00e9tique\u00a0\u00bb Les 28 et 29 juin \u2013 Centre de Congr\u00e8s le Man\u00e8ge \u00e0 Chamb\u00e9ry Conf\u00e9rences, modules, \u00e9changes, speed ...","og_url":"https:\/\/blog.proclima.com\/fr\/2012\/05\/pro-clima-sera-present-sur-les-rencontres-professionnelles-du-batiment-organisees-par-habitat-naturel\/","og_site_name":"pro clima Blog - france","article_published_time":"2012-05-21T10:15:56+00:00","article_modified_time":"2012-05-21T10:15:57+00:00","twitter_card":"summary_large_image","twitter_misc":{"\u00c9crit par":""},"schema":{"@context":"https:\/\/schema.org","@graph":[{"@type":"Article","@id":"https:\/\/blog.proclima.com\/fr\/2012\/05\/pro-clima-sera-present-sur-les-rencontres-professionnelles-du-batiment-organisees-par-habitat-naturel\/#article","isPartOf":{"@id":"https:\/\/blog.proclima.com\/fr\/2012\/05\/pro-clima-sera-present-sur-les-rencontres-professionnelles-du-batiment-organisees-par-habitat-naturel\/"},"author":{"name":"","@id":""},"headline":"pro clima sera pr\u00e9sent sur les rencontres professionnelles du b\u00e2timent, organis\u00e9es par HABITAT NATUREL","datePublished":"2012-05-21T10:15:56+00:00","dateModified":"2012-05-21T10:15:57+00:00","mainEntityOfPage":{"@id":"https:\/\/blog.proclima.com\/fr\/2012\/05\/pro-clima-sera-present-sur-les-rencontres-professionnelles-du-batiment-organisees-par-habitat-naturel\/"},"wordCount":93,"commentCount":0,"publisher":{"@id":"https:\/\/blog.proclima.com\/fr\/#organization"},"keywords":["habitat naturel","pro clima","rencontres professionnelles"],"articleSection":["pro clima"],"inLanguage":"fr-FR","potentialAction":[{"@type":"CommentAction","name":"Comment","target":["https:\/\/blog.proclima.com\/fr\/2012\/05\/pro-clima-sera-present-sur-les-rencontres-professionnelles-du-batiment-organisees-par-habitat-naturel\/#respond"]}]},{"@type":"WebPage","@id":"https:\/\/blog.proclima.com\/fr\/2012\/05\/pro-clima-sera-present-sur-les-rencontres-professionnelles-du-batiment-organisees-par-habitat-naturel\/","url":"https:\/\/blog.proclima.com\/fr\/2012\/05\/pro-clima-sera-present-sur-les-rencontres-professionnelles-du-batiment-organisees-par-habitat-naturel\/","name":"pro clima sera pr\u00e9sent sur les rencontres professionnelles du b\u00e2timent, organis\u00e9es par HABITAT NATUREL - pro clima Blog - france","isPartOf":{"@id":"https:\/\/blog.proclima.com\/fr\/#website"},"datePublished":"2012-05-21T10:15:56+00:00","dateModified":"2012-05-21T10:15:57+00:00","breadcrumb":{"@id":"https:\/\/blog.proclima.com\/fr\/2012\/05\/pro-clima-sera-present-sur-les-rencontres-professionnelles-du-batiment-organisees-par-habitat-naturel\/#breadcrumb"},"inLanguage":"fr-FR","potentialAction":[{"@type":"ReadAction","target":["https:\/\/blog.proclima.com\/fr\/2012\/05\/pro-clima-sera-present-sur-les-rencontres-professionnelles-du-batiment-organisees-par-habitat-naturel\/"]}]},{"@type":"BreadcrumbList","@id":"https:\/\/blog.proclima.com\/fr\/2012\/05\/pro-clima-sera-present-sur-les-rencontres-professionnelles-du-batiment-organisees-par-habitat-naturel\/#breadcrumb","itemListElement":[{"@type":"ListItem","position":1,"name":"Accueil","item":"https:\/\/blog.proclima.com\/fr\/"},{"@type":"ListItem","position":2,"name":"pro clima sera pr\u00e9sent sur les rencontres professionnelles du b\u00e2timent, organis\u00e9es par HABITAT NATUREL"}]},{"@type":"WebSite","@id":"https:\/\/blog.proclima.com\/fr\/#website","url":"https:\/\/blog.proclima.com\/fr\/","name":"pro clima Blog - france","description":"pro clima Blog","publisher":{"@id":"https:\/\/blog.proclima.com\/fr\/#organization"},"potentialAction":[{"@type":"SearchAction","target":{"@type":"EntryPoint","urlTemplate":"https:\/\/blog.proclima.com\/fr\/?s={search_term_string}"},"query-input":{"@type":"PropertyValueSpecification","valueRequired":true,"valueName":"search_term_string"}}],"inLanguage":"fr-FR"},{"@type":"Organization","@id":"https:\/\/blog.proclima.com\/fr\/#organization","name":"pro clima Blog - france","url":"https:\/\/blog.proclima.com\/fr\/","logo":{"@type":"ImageObject","inLanguage":"fr-FR","@id":"https:\/\/blog.proclima.com\/fr\/#\/schema\/logo\/image\/","url":"https:\/\/blog.proclima.com\/fr\/files\/2025\/12\/logo_proclima_quadrat.png","contentUrl":"https:\/\/blog.proclima.com\/fr\/files\/2025\/12\/logo_proclima_quadrat.png","width":1200,"height":1200,"caption":"pro clima Blog - france"},"image":{"@id":"https:\/\/blog.proclima.com\/fr\/#\/schema\/logo\/image\/"}},{"@type":"Person","@id":"","url":"https:\/\/blog.proclima.com\/fr\/author\/"}]}},"_links":{"self":[{"href":"https:\/\/blog.proclima.com\/fr\/wp-json\/wp\/v2\/posts\/76","targetHints":{"allow":["GET"]}}],"collection":[{"href":"https:\/\/blog.proclima.com\/fr\/wp-json\/wp\/v2\/posts"}],"about":[{"href":"https:\/\/blog.proclima.com\/fr\/wp-json\/wp\/v2\/types\/post"}],"author":[{"embeddable":true,"href":"https:\/\/blog.proclima.com\/fr\/wp-json\/wp\/v2\/users\/16"}],"replies":[{"embeddable":true,"href":"https:\/\/blog.proclima.com\/fr\/wp-json\/wp\/v2\/comments?post=76"}],"version-history":[{"count":5,"href":"https:\/\/blog.proclima.com\/fr\/wp-json\/wp\/v2\/posts\/76\/revisions"}],"predecessor-version":[{"id":81,"href":"https:\/\/blog.proclima.com\/fr\/wp-json\/wp\/v2\/posts\/76\/revisions\/81"}],"wp:attachment":[{"href":"https:\/\/blog.proclima.com\/fr\/wp-json\/wp\/v2\/media?parent=76"}],"wp:term":[{"taxonomy":"category","embeddable":true,"href":"https:\/\/blog.proclima.com\/fr\/wp-json\/wp\/v2\/categories?post=76"},{"taxonomy":"post_tag","embeddable":true,"href":"https:\/\/blog.proclima.com\/fr\/wp-json\/wp\/v2\/tags?post=76"}],"curies":[{"name":"wp","href":"https:\/\/api.w.org\/{rel}","templated":true}]}}