
{"id":739,"date":"2017-05-18T10:33:54","date_gmt":"2017-05-18T08:33:54","guid":{"rendered":"http:\/\/blog.proclima.com\/fr\/?p=739"},"modified":"2022-11-02T10:48:44","modified_gmt":"2022-11-02T09:48:44","slug":"3eme-intervention-conseils-dexperts-chez-ceref-btp","status":"publish","type":"post","link":"https:\/\/blog.proclima.com\/fr\/2017\/05\/3eme-intervention-conseils-dexperts-chez-ceref-btp\/","title":{"rendered":"3\u00e8me intervention \u00ab\u00a0Conseils d&rsquo;experts\u00a0\u00bb chez CEREF BTP"},"content":{"rendered":"<p><span id=\"OBJ_PREFIX_DWT1065_com_zimbra_url\" class=\"Object\"><span id=\"OBJ_PREFIX_DWT1066_com_zimbra_url\" class=\"Object\">La 3\u00e8me session de la s\u00e9rie de journ\u00e9es techniques \u00ab\u00a0conseils d&rsquo;experts\u00a0\u00bb a eu lieu chez CEREF- BTP dans le d\u00e9partement 27 en d\u00e9but de semaine. Un aper\u00e7u complet sur l&rsquo;ensemble des aspects importants concernant l&rsquo;\u00e9tanch\u00e9it\u00e9 \u00e0 l&rsquo;air et au vent a \u00e9t\u00e9 donn\u00e9 aux participants. Le responsable technique pro clima Leo Morche et l&rsquo;intervenant pratique du centre de formation, Eric Lion, avaient notamment pr\u00e9par\u00e9 une pr\u00e9sentation sur les derniers d\u00e9veloppements de produits, les tests sur la qualit\u00e9 et la long\u00e9vit\u00e9 des produits pro clima, ainsi que sur la mise en oeuvre appropri\u00e9e des syst\u00e8mes. La journ\u00e9e est ainsi pass\u00e9e vite gr\u00e2ce aux d\u00e9monstrations vari\u00e9es, utilisant diff\u00e9rentes maquettes pour reproduire les situations r\u00e9elles sur chantier.<\/span><\/span><\/p>\n<p>Bonne nouvelle pour ceux qui souhaitent encore participer: Il reste une quatri\u00e8me intervention dans quelques jours chez CD2E dans le d\u00e9partment 62.<br \/>\nPlus d&rsquo;infos sur <a href=\"https:\/\/fr.proclima.com\/service\/seminaires\/conseils_experts\" target=\"_blank\" rel=\"noopener noreferrer\">https:\/\/fr.proclima.com\/service\/seminaires\/conseils_experts<\/a><\/p>\n<p>Voici quelques impressions de la journ\u00e9e.<\/p>\n<p><a href=\"https:\/\/blog.proclima.com\/fr\/files\/2017\/05\/IMG_3153.jpg\"><img loading=\"lazy\" decoding=\"async\" data-size=\"4000x3000\" class=\"alignleft size-thumbnail wp-image-740\" src=\"https:\/\/blog.proclima.com\/fr\/files\/2017\/05\/IMG_3153-150x150.jpg\" alt=\"\" width=\"150\" height=\"150\"><\/a> <a href=\"https:\/\/blog.proclima.com\/fr\/files\/2017\/05\/IMG_3159.jpg\"><img loading=\"lazy\" decoding=\"async\" data-size=\"4000x3000\" class=\"alignleft size-thumbnail wp-image-741\" src=\"https:\/\/blog.proclima.com\/fr\/files\/2017\/05\/IMG_3159-150x150.jpg\" alt=\"\" width=\"150\" height=\"150\"><\/a> <a href=\"https:\/\/blog.proclima.com\/fr\/files\/2017\/05\/IMG_3164.jpg\"><img loading=\"lazy\" decoding=\"async\" data-size=\"4000x3000\" class=\"alignleft size-thumbnail wp-image-742\" src=\"https:\/\/blog.proclima.com\/fr\/files\/2017\/05\/IMG_3164-150x150.jpg\" alt=\"\" width=\"150\" height=\"150\"><\/a> <a href=\"https:\/\/blog.proclima.com\/fr\/files\/2017\/05\/IMG_3167.jpg\"><img loading=\"lazy\" decoding=\"async\" data-size=\"4000x3000\" class=\"alignleft size-thumbnail wp-image-743\" src=\"https:\/\/blog.proclima.com\/fr\/files\/2017\/05\/IMG_3167-150x150.jpg\" alt=\"\" width=\"150\" height=\"150\"><\/a>&nbsp;&nbsp;&nbsp;&nbsp;&nbsp; <a href=\"https:\/\/blog.proclima.com\/fr\/files\/2017\/05\/IMG_3169-1.jpg\"><img loading=\"lazy\" decoding=\"async\" data-size=\"3000x4000\" class=\"alignleft size-thumbnail wp-image-751\" src=\"https:\/\/blog.proclima.com\/fr\/files\/2017\/05\/IMG_3169-1-150x150.jpg\" alt=\"\" width=\"150\" height=\"150\"><\/a><a href=\"https:\/\/blog.proclima.com\/fr\/files\/2017\/05\/IMG_3245-1.jpg\"><img loading=\"lazy\" decoding=\"async\" data-size=\"3000x4000\" class=\"alignleft size-thumbnail wp-image-756\" src=\"https:\/\/blog.proclima.com\/fr\/files\/2017\/05\/IMG_3245-1-150x150.jpg\" alt=\"\" width=\"150\" height=\"150\"><\/a> <a href=\"https:\/\/blog.proclima.com\/fr\/files\/2017\/05\/IMG_3210-1.jpg\"><img loading=\"lazy\" decoding=\"async\" data-size=\"3000x4000\" class=\"alignleft size-thumbnail wp-image-752\" src=\"https:\/\/blog.proclima.com\/fr\/files\/2017\/05\/IMG_3210-1-150x150.jpg\" alt=\"\" width=\"150\" height=\"150\"><\/a> <a href=\"https:\/\/blog.proclima.com\/fr\/files\/2017\/05\/IMG_3224.jpg\"><img loading=\"lazy\" decoding=\"async\" data-size=\"4000x3000\" class=\"alignleft size-thumbnail wp-image-753\" src=\"https:\/\/blog.proclima.com\/fr\/files\/2017\/05\/IMG_3224-150x150.jpg\" alt=\"\" width=\"150\" height=\"150\"><\/a> <a href=\"https:\/\/blog.proclima.com\/fr\/files\/2017\/05\/IMG_3226.jpg\"><img loading=\"lazy\" decoding=\"async\" data-size=\"4000x3000\" class=\"alignleft size-thumbnail wp-image-754\" src=\"https:\/\/blog.proclima.com\/fr\/files\/2017\/05\/IMG_3226-150x150.jpg\" alt=\"\" width=\"150\" height=\"150\"><\/a><a href=\"https:\/\/blog.proclima.com\/fr\/files\/2017\/05\/IMG_3246-1.jpg\"><img loading=\"lazy\" decoding=\"async\" data-size=\"1836x3264\" class=\"alignleft size-thumbnail wp-image-757\" src=\"https:\/\/blog.proclima.com\/fr\/files\/2017\/05\/IMG_3246-1-150x150.jpg\" alt=\"\" width=\"150\" height=\"150\"><\/a> <a href=\"https:\/\/blog.proclima.com\/fr\/files\/2017\/05\/IMG_3227-1.jpg\"><img loading=\"lazy\" decoding=\"async\" data-size=\"3000x4000\" class=\"alignleft size-thumbnail wp-image-755\" src=\"https:\/\/blog.proclima.com\/fr\/files\/2017\/05\/IMG_3227-1-150x150.jpg\" alt=\"\" width=\"150\" height=\"150\"><\/a> <a href=\"https:\/\/blog.proclima.com\/fr\/files\/2017\/05\/IMG_3253.jpg\"><img loading=\"lazy\" decoding=\"async\" data-size=\"3264x1836\" class=\"alignleft size-thumbnail wp-image-758\" src=\"https:\/\/blog.proclima.com\/fr\/files\/2017\/05\/IMG_3253-150x150.jpg\" alt=\"\" width=\"150\" height=\"150\"><\/a><\/p>\n<p>&nbsp;<\/p>\n<p>&nbsp;<\/p>\n<p>&nbsp;<\/p>\n<p>&nbsp;<\/p>\n<p>&nbsp;<\/p>\n","protected":false},"excerpt":{"rendered":"<p>La 3\u00e8me session de la s\u00e9rie de journ\u00e9es techniques \u00ab\u00a0conseils d&rsquo;experts\u00a0\u00bb a eu lieu chez CEREF- BTP dans le d\u00e9partement 27 en d\u00e9but de semaine. <a href=\"https:\/\/blog.proclima.com\/fr\/2017\/05\/3eme-intervention-conseils-dexperts-chez-ceref-btp\/\" rel=\"bookmark\">&#8230;<\/a><\/p>\n","protected":false},"author":16,"featured_media":0,"comment_status":"open","ping_status":"open","sticky":false,"template":"","format":"standard","meta":{"footnotes":""},"categories":[5,1],"tags":[148,145,94],"class_list":["post-739","post","type-post","status-publish","format-standard","hentry","category-evenements-salons","category-general","tag-conseils-dexperts","tag-journee-technique","tag-pro-clima-france"],"yoast_head":"<!-- This site is optimized with the Yoast SEO plugin v27.5 - https:\/\/yoast.com\/product\/yoast-seo-wordpress\/ -->\n<title>3\u00e8me intervention &quot;Conseils d&#039;experts&quot; chez CEREF BTP - pro clima Blog - france<\/title>\n<meta name=\"robots\" content=\"index, follow, max-snippet:-1, max-image-preview:large, max-video-preview:-1\" \/>\n<link rel=\"canonical\" href=\"https:\/\/blog.proclima.com\/fr\/2017\/05\/3eme-intervention-conseils-dexperts-chez-ceref-btp\/\" \/>\n<meta property=\"og:locale\" content=\"fr_FR\" \/>\n<meta property=\"og:type\" content=\"article\" \/>\n<meta property=\"og:title\" content=\"3\u00e8me intervention &quot;Conseils d&#039;experts&quot; chez CEREF BTP - pro clima Blog - france\" \/>\n<meta property=\"og:description\" content=\"La 3\u00e8me session de la s\u00e9rie de journ\u00e9es techniques \u00ab\u00a0conseils d&rsquo;experts\u00a0\u00bb a eu lieu chez CEREF- BTP dans le d\u00e9partement 27 en d\u00e9but de semaine. ...\" \/>\n<meta property=\"og:url\" content=\"https:\/\/blog.proclima.com\/fr\/2017\/05\/3eme-intervention-conseils-dexperts-chez-ceref-btp\/\" \/>\n<meta property=\"og:site_name\" content=\"pro clima Blog - france\" \/>\n<meta property=\"article:published_time\" content=\"2017-05-18T08:33:54+00:00\" \/>\n<meta property=\"article:modified_time\" content=\"2022-11-02T09:48:44+00:00\" \/>\n<meta property=\"og:image\" content=\"https:\/\/blog.proclima.com\/fr\/files\/2017\/05\/IMG_3153-150x150.jpg\" \/>\n<meta name=\"twitter:card\" content=\"summary_large_image\" \/>\n<meta name=\"twitter:label1\" content=\"\u00c9crit par\" \/>\n\t<meta name=\"twitter:data1\" content=\"\" \/>\n\t<meta name=\"twitter:label2\" content=\"Dur\u00e9e de lecture estim\u00e9e\" \/>\n\t<meta name=\"twitter:data2\" content=\"4 minutes\" \/>\n<script type=\"application\/ld+json\" class=\"yoast-schema-graph\">{\"@context\":\"https:\\\/\\\/schema.org\",\"@graph\":[{\"@type\":\"Article\",\"@id\":\"https:\\\/\\\/blog.proclima.com\\\/fr\\\/2017\\\/05\\\/3eme-intervention-conseils-dexperts-chez-ceref-btp\\\/#article\",\"isPartOf\":{\"@id\":\"https:\\\/\\\/blog.proclima.com\\\/fr\\\/2017\\\/05\\\/3eme-intervention-conseils-dexperts-chez-ceref-btp\\\/\"},\"author\":{\"name\":\"\",\"@id\":\"\"},\"headline\":\"3\u00e8me intervention \u00ab\u00a0Conseils d&rsquo;experts\u00a0\u00bb chez CEREF BTP\",\"datePublished\":\"2017-05-18T08:33:54+00:00\",\"dateModified\":\"2022-11-02T09:48:44+00:00\",\"mainEntityOfPage\":{\"@id\":\"https:\\\/\\\/blog.proclima.com\\\/fr\\\/2017\\\/05\\\/3eme-intervention-conseils-dexperts-chez-ceref-btp\\\/\"},\"wordCount\":191,\"commentCount\":0,\"publisher\":{\"@id\":\"https:\\\/\\\/blog.proclima.com\\\/fr\\\/#organization\"},\"image\":{\"@id\":\"https:\\\/\\\/blog.proclima.com\\\/fr\\\/2017\\\/05\\\/3eme-intervention-conseils-dexperts-chez-ceref-btp\\\/#primaryimage\"},\"thumbnailUrl\":\"https:\\\/\\\/blog.proclima.com\\\/fr\\\/files\\\/2017\\\/05\\\/IMG_3153-150x150.jpg\",\"keywords\":[\"conseils d'experts\",\"journ\u00e9e technique\",\"pro clima France\"],\"articleSection\":[\"\u00c9v\u00e8nements\\\/Salons\",\"pro clima\"],\"inLanguage\":\"fr-FR\",\"potentialAction\":[{\"@type\":\"CommentAction\",\"name\":\"Comment\",\"target\":[\"https:\\\/\\\/blog.proclima.com\\\/fr\\\/2017\\\/05\\\/3eme-intervention-conseils-dexperts-chez-ceref-btp\\\/#respond\"]}]},{\"@type\":\"WebPage\",\"@id\":\"https:\\\/\\\/blog.proclima.com\\\/fr\\\/2017\\\/05\\\/3eme-intervention-conseils-dexperts-chez-ceref-btp\\\/\",\"url\":\"https:\\\/\\\/blog.proclima.com\\\/fr\\\/2017\\\/05\\\/3eme-intervention-conseils-dexperts-chez-ceref-btp\\\/\",\"name\":\"3\u00e8me intervention \\\"Conseils d'experts\\\" chez CEREF BTP - pro clima Blog - france\",\"isPartOf\":{\"@id\":\"https:\\\/\\\/blog.proclima.com\\\/fr\\\/#website\"},\"primaryImageOfPage\":{\"@id\":\"https:\\\/\\\/blog.proclima.com\\\/fr\\\/2017\\\/05\\\/3eme-intervention-conseils-dexperts-chez-ceref-btp\\\/#primaryimage\"},\"image\":{\"@id\":\"https:\\\/\\\/blog.proclima.com\\\/fr\\\/2017\\\/05\\\/3eme-intervention-conseils-dexperts-chez-ceref-btp\\\/#primaryimage\"},\"thumbnailUrl\":\"https:\\\/\\\/blog.proclima.com\\\/fr\\\/files\\\/2017\\\/05\\\/IMG_3153-150x150.jpg\",\"datePublished\":\"2017-05-18T08:33:54+00:00\",\"dateModified\":\"2022-11-02T09:48:44+00:00\",\"breadcrumb\":{\"@id\":\"https:\\\/\\\/blog.proclima.com\\\/fr\\\/2017\\\/05\\\/3eme-intervention-conseils-dexperts-chez-ceref-btp\\\/#breadcrumb\"},\"inLanguage\":\"fr-FR\",\"potentialAction\":[{\"@type\":\"ReadAction\",\"target\":[\"https:\\\/\\\/blog.proclima.com\\\/fr\\\/2017\\\/05\\\/3eme-intervention-conseils-dexperts-chez-ceref-btp\\\/\"]}]},{\"@type\":\"ImageObject\",\"inLanguage\":\"fr-FR\",\"@id\":\"https:\\\/\\\/blog.proclima.com\\\/fr\\\/2017\\\/05\\\/3eme-intervention-conseils-dexperts-chez-ceref-btp\\\/#primaryimage\",\"url\":\"https:\\\/\\\/blog.proclima.com\\\/fr\\\/files\\\/2017\\\/05\\\/IMG_3153-150x150.jpg\",\"contentUrl\":\"https:\\\/\\\/blog.proclima.com\\\/fr\\\/files\\\/2017\\\/05\\\/IMG_3153-150x150.jpg\"},{\"@type\":\"BreadcrumbList\",\"@id\":\"https:\\\/\\\/blog.proclima.com\\\/fr\\\/2017\\\/05\\\/3eme-intervention-conseils-dexperts-chez-ceref-btp\\\/#breadcrumb\",\"itemListElement\":[{\"@type\":\"ListItem\",\"position\":1,\"name\":\"Accueil\",\"item\":\"https:\\\/\\\/blog.proclima.com\\\/fr\\\/\"},{\"@type\":\"ListItem\",\"position\":2,\"name\":\"3\u00e8me intervention \u00ab\u00a0Conseils d&rsquo;experts\u00a0\u00bb chez CEREF BTP\"}]},{\"@type\":\"WebSite\",\"@id\":\"https:\\\/\\\/blog.proclima.com\\\/fr\\\/#website\",\"url\":\"https:\\\/\\\/blog.proclima.com\\\/fr\\\/\",\"name\":\"pro clima Blog - france\",\"description\":\"pro clima Blog\",\"publisher\":{\"@id\":\"https:\\\/\\\/blog.proclima.com\\\/fr\\\/#organization\"},\"potentialAction\":[{\"@type\":\"SearchAction\",\"target\":{\"@type\":\"EntryPoint\",\"urlTemplate\":\"https:\\\/\\\/blog.proclima.com\\\/fr\\\/?s={search_term_string}\"},\"query-input\":{\"@type\":\"PropertyValueSpecification\",\"valueRequired\":true,\"valueName\":\"search_term_string\"}}],\"inLanguage\":\"fr-FR\"},{\"@type\":\"Organization\",\"@id\":\"https:\\\/\\\/blog.proclima.com\\\/fr\\\/#organization\",\"name\":\"pro clima Blog - france\",\"url\":\"https:\\\/\\\/blog.proclima.com\\\/fr\\\/\",\"logo\":{\"@type\":\"ImageObject\",\"inLanguage\":\"fr-FR\",\"@id\":\"https:\\\/\\\/blog.proclima.com\\\/fr\\\/#\\\/schema\\\/logo\\\/image\\\/\",\"url\":\"https:\\\/\\\/blog.proclima.com\\\/fr\\\/files\\\/2025\\\/12\\\/logo_proclima_quadrat.png\",\"contentUrl\":\"https:\\\/\\\/blog.proclima.com\\\/fr\\\/files\\\/2025\\\/12\\\/logo_proclima_quadrat.png\",\"width\":1200,\"height\":1200,\"caption\":\"pro clima Blog - france\"},\"image\":{\"@id\":\"https:\\\/\\\/blog.proclima.com\\\/fr\\\/#\\\/schema\\\/logo\\\/image\\\/\"}},{\"@type\":\"Person\",\"@id\":\"\",\"url\":\"https:\\\/\\\/blog.proclima.com\\\/fr\\\/author\\\/\"}]}<\/script>\n<!-- \/ Yoast SEO plugin. -->","yoast_head_json":{"title":"3\u00e8me intervention \"Conseils d'experts\" chez CEREF BTP - pro clima Blog - france","robots":{"index":"index","follow":"follow","max-snippet":"max-snippet:-1","max-image-preview":"max-image-preview:large","max-video-preview":"max-video-preview:-1"},"canonical":"https:\/\/blog.proclima.com\/fr\/2017\/05\/3eme-intervention-conseils-dexperts-chez-ceref-btp\/","og_locale":"fr_FR","og_type":"article","og_title":"3\u00e8me intervention \"Conseils d'experts\" chez CEREF BTP - pro clima Blog - france","og_description":"La 3\u00e8me session de la s\u00e9rie de journ\u00e9es techniques \u00ab\u00a0conseils d&rsquo;experts\u00a0\u00bb a eu lieu chez CEREF- BTP dans le d\u00e9partement 27 en d\u00e9but de semaine. ...","og_url":"https:\/\/blog.proclima.com\/fr\/2017\/05\/3eme-intervention-conseils-dexperts-chez-ceref-btp\/","og_site_name":"pro clima Blog - france","article_published_time":"2017-05-18T08:33:54+00:00","article_modified_time":"2022-11-02T09:48:44+00:00","og_image":[{"url":"https:\/\/blog.proclima.com\/fr\/files\/2017\/05\/IMG_3153-150x150.jpg","type":"","width":"","height":""}],"twitter_card":"summary_large_image","twitter_misc":{"\u00c9crit par":"","Dur\u00e9e de lecture estim\u00e9e":"4 minutes"},"schema":{"@context":"https:\/\/schema.org","@graph":[{"@type":"Article","@id":"https:\/\/blog.proclima.com\/fr\/2017\/05\/3eme-intervention-conseils-dexperts-chez-ceref-btp\/#article","isPartOf":{"@id":"https:\/\/blog.proclima.com\/fr\/2017\/05\/3eme-intervention-conseils-dexperts-chez-ceref-btp\/"},"author":{"name":"","@id":""},"headline":"3\u00e8me intervention \u00ab\u00a0Conseils d&rsquo;experts\u00a0\u00bb chez CEREF BTP","datePublished":"2017-05-18T08:33:54+00:00","dateModified":"2022-11-02T09:48:44+00:00","mainEntityOfPage":{"@id":"https:\/\/blog.proclima.com\/fr\/2017\/05\/3eme-intervention-conseils-dexperts-chez-ceref-btp\/"},"wordCount":191,"commentCount":0,"publisher":{"@id":"https:\/\/blog.proclima.com\/fr\/#organization"},"image":{"@id":"https:\/\/blog.proclima.com\/fr\/2017\/05\/3eme-intervention-conseils-dexperts-chez-ceref-btp\/#primaryimage"},"thumbnailUrl":"https:\/\/blog.proclima.com\/fr\/files\/2017\/05\/IMG_3153-150x150.jpg","keywords":["conseils d'experts","journ\u00e9e technique","pro clima France"],"articleSection":["\u00c9v\u00e8nements\/Salons","pro clima"],"inLanguage":"fr-FR","potentialAction":[{"@type":"CommentAction","name":"Comment","target":["https:\/\/blog.proclima.com\/fr\/2017\/05\/3eme-intervention-conseils-dexperts-chez-ceref-btp\/#respond"]}]},{"@type":"WebPage","@id":"https:\/\/blog.proclima.com\/fr\/2017\/05\/3eme-intervention-conseils-dexperts-chez-ceref-btp\/","url":"https:\/\/blog.proclima.com\/fr\/2017\/05\/3eme-intervention-conseils-dexperts-chez-ceref-btp\/","name":"3\u00e8me intervention \"Conseils d'experts\" chez CEREF BTP - pro clima Blog - france","isPartOf":{"@id":"https:\/\/blog.proclima.com\/fr\/#website"},"primaryImageOfPage":{"@id":"https:\/\/blog.proclima.com\/fr\/2017\/05\/3eme-intervention-conseils-dexperts-chez-ceref-btp\/#primaryimage"},"image":{"@id":"https:\/\/blog.proclima.com\/fr\/2017\/05\/3eme-intervention-conseils-dexperts-chez-ceref-btp\/#primaryimage"},"thumbnailUrl":"https:\/\/blog.proclima.com\/fr\/files\/2017\/05\/IMG_3153-150x150.jpg","datePublished":"2017-05-18T08:33:54+00:00","dateModified":"2022-11-02T09:48:44+00:00","breadcrumb":{"@id":"https:\/\/blog.proclima.com\/fr\/2017\/05\/3eme-intervention-conseils-dexperts-chez-ceref-btp\/#breadcrumb"},"inLanguage":"fr-FR","potentialAction":[{"@type":"ReadAction","target":["https:\/\/blog.proclima.com\/fr\/2017\/05\/3eme-intervention-conseils-dexperts-chez-ceref-btp\/"]}]},{"@type":"ImageObject","inLanguage":"fr-FR","@id":"https:\/\/blog.proclima.com\/fr\/2017\/05\/3eme-intervention-conseils-dexperts-chez-ceref-btp\/#primaryimage","url":"https:\/\/blog.proclima.com\/fr\/files\/2017\/05\/IMG_3153-150x150.jpg","contentUrl":"https:\/\/blog.proclima.com\/fr\/files\/2017\/05\/IMG_3153-150x150.jpg"},{"@type":"BreadcrumbList","@id":"https:\/\/blog.proclima.com\/fr\/2017\/05\/3eme-intervention-conseils-dexperts-chez-ceref-btp\/#breadcrumb","itemListElement":[{"@type":"ListItem","position":1,"name":"Accueil","item":"https:\/\/blog.proclima.com\/fr\/"},{"@type":"ListItem","position":2,"name":"3\u00e8me intervention \u00ab\u00a0Conseils d&rsquo;experts\u00a0\u00bb chez CEREF BTP"}]},{"@type":"WebSite","@id":"https:\/\/blog.proclima.com\/fr\/#website","url":"https:\/\/blog.proclima.com\/fr\/","name":"pro clima Blog - france","description":"pro clima Blog","publisher":{"@id":"https:\/\/blog.proclima.com\/fr\/#organization"},"potentialAction":[{"@type":"SearchAction","target":{"@type":"EntryPoint","urlTemplate":"https:\/\/blog.proclima.com\/fr\/?s={search_term_string}"},"query-input":{"@type":"PropertyValueSpecification","valueRequired":true,"valueName":"search_term_string"}}],"inLanguage":"fr-FR"},{"@type":"Organization","@id":"https:\/\/blog.proclima.com\/fr\/#organization","name":"pro clima Blog - france","url":"https:\/\/blog.proclima.com\/fr\/","logo":{"@type":"ImageObject","inLanguage":"fr-FR","@id":"https:\/\/blog.proclima.com\/fr\/#\/schema\/logo\/image\/","url":"https:\/\/blog.proclima.com\/fr\/files\/2025\/12\/logo_proclima_quadrat.png","contentUrl":"https:\/\/blog.proclima.com\/fr\/files\/2025\/12\/logo_proclima_quadrat.png","width":1200,"height":1200,"caption":"pro clima Blog - france"},"image":{"@id":"https:\/\/blog.proclima.com\/fr\/#\/schema\/logo\/image\/"}},{"@type":"Person","@id":"","url":"https:\/\/blog.proclima.com\/fr\/author\/"}]}},"_links":{"self":[{"href":"https:\/\/blog.proclima.com\/fr\/wp-json\/wp\/v2\/posts\/739","targetHints":{"allow":["GET"]}}],"collection":[{"href":"https:\/\/blog.proclima.com\/fr\/wp-json\/wp\/v2\/posts"}],"about":[{"href":"https:\/\/blog.proclima.com\/fr\/wp-json\/wp\/v2\/types\/post"}],"author":[{"embeddable":true,"href":"https:\/\/blog.proclima.com\/fr\/wp-json\/wp\/v2\/users\/16"}],"replies":[{"embeddable":true,"href":"https:\/\/blog.proclima.com\/fr\/wp-json\/wp\/v2\/comments?post=739"}],"version-history":[{"count":5,"href":"https:\/\/blog.proclima.com\/fr\/wp-json\/wp\/v2\/posts\/739\/revisions"}],"predecessor-version":[{"id":976,"href":"https:\/\/blog.proclima.com\/fr\/wp-json\/wp\/v2\/posts\/739\/revisions\/976"}],"wp:attachment":[{"href":"https:\/\/blog.proclima.com\/fr\/wp-json\/wp\/v2\/media?parent=739"}],"wp:term":[{"taxonomy":"category","embeddable":true,"href":"https:\/\/blog.proclima.com\/fr\/wp-json\/wp\/v2\/categories?post=739"},{"taxonomy":"post_tag","embeddable":true,"href":"https:\/\/blog.proclima.com\/fr\/wp-json\/wp\/v2\/tags?post=739"}],"curies":[{"name":"wp","href":"https:\/\/api.w.org\/{rel}","templated":true}]}}