
{"id":729,"date":"2017-05-10T12:05:34","date_gmt":"2017-05-10T10:05:34","guid":{"rendered":"http:\/\/blog.proclima.com\/fr\/?p=729"},"modified":"2022-11-02T10:57:42","modified_gmt":"2022-11-02T09:57:42","slug":"journee-technique","status":"publish","type":"post","link":"https:\/\/blog.proclima.com\/fr\/2017\/05\/journee-technique\/","title":{"rendered":"Journ\u00e9e technique pro clima en Bretagne"},"content":{"rendered":"<p><a href=\"https:\/\/blog.proclima.com\/fr\/files\/2017\/05\/JT1.jpg\"><img loading=\"lazy\" decoding=\"async\" data-size=\"1272x265\" class=\"alignleft size-full wp-image-730\" src=\"https:\/\/blog.proclima.com\/fr\/files\/2017\/05\/JT1.jpg\" alt=\"\" width=\"1272\" height=\"265\" srcset=\"https:\/\/blog.proclima.com\/fr\/files\/2017\/05\/JT1.jpg 1272w, https:\/\/blog.proclima.com\/fr\/files\/2017\/05\/JT1-300x63.jpg 300w, https:\/\/blog.proclima.com\/fr\/files\/2017\/05\/JT1-768x160.jpg 768w, https:\/\/blog.proclima.com\/fr\/files\/2017\/05\/JT1-1024x213.jpg 1024w\" sizes=\"auto, (max-width: 1272px) 100vw, 1272px\" \/><\/a><\/p>\n<p>La premi\u00e8re d&rsquo;une s\u00e9rie de journ\u00e9es techniques a eu lieu fin avril au centre de formation ty eco\u00b2 dans le 35. Cette journ\u00e9e a \u00e9t\u00e9 bien remplie, avec des informations autour de<br \/>\nl&rsquo;\u00e9tanch\u00e9it\u00e8 \u00e0 l&rsquo;air et au vent. Elle a \u00e9galement \u00e9t\u00e9 l&rsquo;occasion de discuter des exigences des diff\u00e9rentes modes de construction, des solutions de d\u00e9tail, de la bonne pratique &#8211; tout ce qu&rsquo;il faut conna\u00eetre pour ma\u00eetriser cet aspect important de toute construction saine et efficace en consommation d&rsquo;\u00e9nergie.<\/p>\n<p>Pour tous ceux qui sont int\u00e9ress\u00e9s par le sujet: deux dates sont encore pr\u00e9vues, les 16 et 23 mai 2017. Plus d&rsquo;info:<\/p>\n<p><a href=\"https:\/\/blog.proclima.com\/fr\/files\/2017\/05\/DIG-698_Seminarfolder_FR_2017_2.2_interaktiv.pdf\">DIG-698_Seminarfolder_FR_2017_2.2_interaktiv<\/a><\/p>\n<p>&nbsp;<\/p>\n<p><a href=\"https:\/\/blog.proclima.com\/fr\/files\/2017\/05\/20170425_115749.jpg\"><img loading=\"lazy\" decoding=\"async\" data-size=\"3264x1836\" class=\"alignleft size-thumbnail wp-image-732\" src=\"https:\/\/blog.proclima.com\/fr\/files\/2017\/05\/20170425_115749-150x150.jpg\" alt=\"\" width=\"150\" height=\"150\"><\/a><a href=\"https:\/\/blog.proclima.com\/fr\/files\/2017\/05\/20170425_142600_2.jpg\"><img loading=\"lazy\" decoding=\"async\" data-size=\"1836x3264\" class=\"alignleft size-thumbnail wp-image-737\" src=\"https:\/\/blog.proclima.com\/fr\/files\/2017\/05\/20170425_142600_2-150x150.jpg\" alt=\"\" width=\"150\" height=\"150\"><\/a>&nbsp; <a href=\"https:\/\/blog.proclima.com\/fr\/files\/2017\/05\/IMG_8317.jpg\"><img loading=\"lazy\" decoding=\"async\" data-size=\"3264x2448\" class=\"alignleft wp-image-734 size-thumbnail\" src=\"https:\/\/blog.proclima.com\/fr\/files\/2017\/05\/IMG_8317-150x150.jpg\" alt=\"\" width=\"150\" height=\"150\"><\/a><a href=\"https:\/\/blog.proclima.com\/fr\/files\/2017\/05\/20170425_115740.jpg\"><img loading=\"lazy\" decoding=\"async\" data-size=\"3264x1836\" class=\"alignleft wp-image-735 size-thumbnail\" src=\"https:\/\/blog.proclima.com\/fr\/files\/2017\/05\/20170425_115740-150x150.jpg\" alt=\"\" width=\"150\" height=\"150\"><\/a><\/p>\n","protected":false},"excerpt":{"rendered":"<p>La premi\u00e8re d&rsquo;une s\u00e9rie de journ\u00e9es techniques a eu lieu fin avril au centre de formation ty eco\u00b2 dans le 35. Cette journ\u00e9e a \u00e9t\u00e9 <a href=\"https:\/\/blog.proclima.com\/fr\/2017\/05\/journee-technique\/\" rel=\"bookmark\">&#8230;<\/a><\/p>\n","protected":false},"author":16,"featured_media":0,"comment_status":"open","ping_status":"open","sticky":false,"template":"","format":"standard","meta":{"footnotes":""},"categories":[5],"tags":[145,94,147],"class_list":["post-729","post","type-post","status-publish","format-standard","hentry","category-evenements-salons","tag-journee-technique","tag-pro-clima-france","tag-ty-eco"],"yoast_head":"<!-- This site is optimized with the Yoast SEO plugin v27.5 - https:\/\/yoast.com\/product\/yoast-seo-wordpress\/ -->\n<title>Journ\u00e9e technique pro clima en Bretagne - pro clima Blog - france<\/title>\n<meta name=\"robots\" content=\"index, follow, max-snippet:-1, max-image-preview:large, max-video-preview:-1\" \/>\n<link rel=\"canonical\" href=\"https:\/\/blog.proclima.com\/fr\/2017\/05\/journee-technique\/\" \/>\n<meta property=\"og:locale\" content=\"fr_FR\" \/>\n<meta property=\"og:type\" content=\"article\" \/>\n<meta property=\"og:title\" content=\"Journ\u00e9e technique pro clima en Bretagne - pro clima Blog - france\" \/>\n<meta property=\"og:description\" content=\"La premi\u00e8re d&rsquo;une s\u00e9rie de journ\u00e9es techniques a eu lieu fin avril au centre de formation ty eco\u00b2 dans le 35. Cette journ\u00e9e a \u00e9t\u00e9 ...\" \/>\n<meta property=\"og:url\" content=\"https:\/\/blog.proclima.com\/fr\/2017\/05\/journee-technique\/\" \/>\n<meta property=\"og:site_name\" content=\"pro clima Blog - france\" \/>\n<meta property=\"article:published_time\" content=\"2017-05-10T10:05:34+00:00\" \/>\n<meta property=\"article:modified_time\" content=\"2022-11-02T09:57:42+00:00\" \/>\n<meta property=\"og:image\" content=\"https:\/\/blog.proclima.com\/fr\/files\/2017\/05\/JT1.jpg\" \/>\n<meta name=\"twitter:card\" content=\"summary_large_image\" \/>\n<meta name=\"twitter:label1\" content=\"\u00c9crit par\" \/>\n\t<meta name=\"twitter:data1\" content=\"\" \/>\n\t<meta name=\"twitter:label2\" content=\"Dur\u00e9e de lecture estim\u00e9e\" \/>\n\t<meta name=\"twitter:data2\" content=\"2 minutes\" \/>\n<script type=\"application\/ld+json\" class=\"yoast-schema-graph\">{\"@context\":\"https:\\\/\\\/schema.org\",\"@graph\":[{\"@type\":\"Article\",\"@id\":\"https:\\\/\\\/blog.proclima.com\\\/fr\\\/2017\\\/05\\\/journee-technique\\\/#article\",\"isPartOf\":{\"@id\":\"https:\\\/\\\/blog.proclima.com\\\/fr\\\/2017\\\/05\\\/journee-technique\\\/\"},\"author\":{\"name\":\"\",\"@id\":\"\"},\"headline\":\"Journ\u00e9e technique pro clima en Bretagne\",\"datePublished\":\"2017-05-10T10:05:34+00:00\",\"dateModified\":\"2022-11-02T09:57:42+00:00\",\"mainEntityOfPage\":{\"@id\":\"https:\\\/\\\/blog.proclima.com\\\/fr\\\/2017\\\/05\\\/journee-technique\\\/\"},\"wordCount\":124,\"commentCount\":0,\"publisher\":{\"@id\":\"https:\\\/\\\/blog.proclima.com\\\/fr\\\/#organization\"},\"image\":{\"@id\":\"https:\\\/\\\/blog.proclima.com\\\/fr\\\/2017\\\/05\\\/journee-technique\\\/#primaryimage\"},\"thumbnailUrl\":\"https:\\\/\\\/blog.proclima.com\\\/fr\\\/files\\\/2017\\\/05\\\/JT1.jpg\",\"keywords\":[\"journ\u00e9e technique\",\"pro clima France\",\"ty eco\u00b2\"],\"articleSection\":[\"\u00c9v\u00e8nements\\\/Salons\"],\"inLanguage\":\"fr-FR\",\"potentialAction\":[{\"@type\":\"CommentAction\",\"name\":\"Comment\",\"target\":[\"https:\\\/\\\/blog.proclima.com\\\/fr\\\/2017\\\/05\\\/journee-technique\\\/#respond\"]}]},{\"@type\":\"WebPage\",\"@id\":\"https:\\\/\\\/blog.proclima.com\\\/fr\\\/2017\\\/05\\\/journee-technique\\\/\",\"url\":\"https:\\\/\\\/blog.proclima.com\\\/fr\\\/2017\\\/05\\\/journee-technique\\\/\",\"name\":\"Journ\u00e9e technique pro clima en Bretagne - pro clima Blog - france\",\"isPartOf\":{\"@id\":\"https:\\\/\\\/blog.proclima.com\\\/fr\\\/#website\"},\"primaryImageOfPage\":{\"@id\":\"https:\\\/\\\/blog.proclima.com\\\/fr\\\/2017\\\/05\\\/journee-technique\\\/#primaryimage\"},\"image\":{\"@id\":\"https:\\\/\\\/blog.proclima.com\\\/fr\\\/2017\\\/05\\\/journee-technique\\\/#primaryimage\"},\"thumbnailUrl\":\"https:\\\/\\\/blog.proclima.com\\\/fr\\\/files\\\/2017\\\/05\\\/JT1.jpg\",\"datePublished\":\"2017-05-10T10:05:34+00:00\",\"dateModified\":\"2022-11-02T09:57:42+00:00\",\"breadcrumb\":{\"@id\":\"https:\\\/\\\/blog.proclima.com\\\/fr\\\/2017\\\/05\\\/journee-technique\\\/#breadcrumb\"},\"inLanguage\":\"fr-FR\",\"potentialAction\":[{\"@type\":\"ReadAction\",\"target\":[\"https:\\\/\\\/blog.proclima.com\\\/fr\\\/2017\\\/05\\\/journee-technique\\\/\"]}]},{\"@type\":\"ImageObject\",\"inLanguage\":\"fr-FR\",\"@id\":\"https:\\\/\\\/blog.proclima.com\\\/fr\\\/2017\\\/05\\\/journee-technique\\\/#primaryimage\",\"url\":\"https:\\\/\\\/blog.proclima.com\\\/fr\\\/files\\\/2017\\\/05\\\/JT1.jpg\",\"contentUrl\":\"https:\\\/\\\/blog.proclima.com\\\/fr\\\/files\\\/2017\\\/05\\\/JT1.jpg\"},{\"@type\":\"BreadcrumbList\",\"@id\":\"https:\\\/\\\/blog.proclima.com\\\/fr\\\/2017\\\/05\\\/journee-technique\\\/#breadcrumb\",\"itemListElement\":[{\"@type\":\"ListItem\",\"position\":1,\"name\":\"Accueil\",\"item\":\"https:\\\/\\\/blog.proclima.com\\\/fr\\\/\"},{\"@type\":\"ListItem\",\"position\":2,\"name\":\"Journ\u00e9e technique pro clima en Bretagne\"}]},{\"@type\":\"WebSite\",\"@id\":\"https:\\\/\\\/blog.proclima.com\\\/fr\\\/#website\",\"url\":\"https:\\\/\\\/blog.proclima.com\\\/fr\\\/\",\"name\":\"pro clima Blog - france\",\"description\":\"pro clima Blog\",\"publisher\":{\"@id\":\"https:\\\/\\\/blog.proclima.com\\\/fr\\\/#organization\"},\"potentialAction\":[{\"@type\":\"SearchAction\",\"target\":{\"@type\":\"EntryPoint\",\"urlTemplate\":\"https:\\\/\\\/blog.proclima.com\\\/fr\\\/?s={search_term_string}\"},\"query-input\":{\"@type\":\"PropertyValueSpecification\",\"valueRequired\":true,\"valueName\":\"search_term_string\"}}],\"inLanguage\":\"fr-FR\"},{\"@type\":\"Organization\",\"@id\":\"https:\\\/\\\/blog.proclima.com\\\/fr\\\/#organization\",\"name\":\"pro clima Blog - france\",\"url\":\"https:\\\/\\\/blog.proclima.com\\\/fr\\\/\",\"logo\":{\"@type\":\"ImageObject\",\"inLanguage\":\"fr-FR\",\"@id\":\"https:\\\/\\\/blog.proclima.com\\\/fr\\\/#\\\/schema\\\/logo\\\/image\\\/\",\"url\":\"https:\\\/\\\/blog.proclima.com\\\/fr\\\/files\\\/2025\\\/12\\\/logo_proclima_quadrat.png\",\"contentUrl\":\"https:\\\/\\\/blog.proclima.com\\\/fr\\\/files\\\/2025\\\/12\\\/logo_proclima_quadrat.png\",\"width\":1200,\"height\":1200,\"caption\":\"pro clima Blog - france\"},\"image\":{\"@id\":\"https:\\\/\\\/blog.proclima.com\\\/fr\\\/#\\\/schema\\\/logo\\\/image\\\/\"}},{\"@type\":\"Person\",\"@id\":\"\",\"url\":\"https:\\\/\\\/blog.proclima.com\\\/fr\\\/author\\\/\"}]}<\/script>\n<!-- \/ Yoast SEO plugin. -->","yoast_head_json":{"title":"Journ\u00e9e technique pro clima en Bretagne - pro clima Blog - france","robots":{"index":"index","follow":"follow","max-snippet":"max-snippet:-1","max-image-preview":"max-image-preview:large","max-video-preview":"max-video-preview:-1"},"canonical":"https:\/\/blog.proclima.com\/fr\/2017\/05\/journee-technique\/","og_locale":"fr_FR","og_type":"article","og_title":"Journ\u00e9e technique pro clima en Bretagne - pro clima Blog - france","og_description":"La premi\u00e8re d&rsquo;une s\u00e9rie de journ\u00e9es techniques a eu lieu fin avril au centre de formation ty eco\u00b2 dans le 35. Cette journ\u00e9e a \u00e9t\u00e9 ...","og_url":"https:\/\/blog.proclima.com\/fr\/2017\/05\/journee-technique\/","og_site_name":"pro clima Blog - france","article_published_time":"2017-05-10T10:05:34+00:00","article_modified_time":"2022-11-02T09:57:42+00:00","og_image":[{"url":"https:\/\/blog.proclima.com\/fr\/files\/2017\/05\/JT1.jpg","type":"","width":"","height":""}],"twitter_card":"summary_large_image","twitter_misc":{"\u00c9crit par":"","Dur\u00e9e de lecture estim\u00e9e":"2 minutes"},"schema":{"@context":"https:\/\/schema.org","@graph":[{"@type":"Article","@id":"https:\/\/blog.proclima.com\/fr\/2017\/05\/journee-technique\/#article","isPartOf":{"@id":"https:\/\/blog.proclima.com\/fr\/2017\/05\/journee-technique\/"},"author":{"name":"","@id":""},"headline":"Journ\u00e9e technique pro clima en Bretagne","datePublished":"2017-05-10T10:05:34+00:00","dateModified":"2022-11-02T09:57:42+00:00","mainEntityOfPage":{"@id":"https:\/\/blog.proclima.com\/fr\/2017\/05\/journee-technique\/"},"wordCount":124,"commentCount":0,"publisher":{"@id":"https:\/\/blog.proclima.com\/fr\/#organization"},"image":{"@id":"https:\/\/blog.proclima.com\/fr\/2017\/05\/journee-technique\/#primaryimage"},"thumbnailUrl":"https:\/\/blog.proclima.com\/fr\/files\/2017\/05\/JT1.jpg","keywords":["journ\u00e9e technique","pro clima France","ty eco\u00b2"],"articleSection":["\u00c9v\u00e8nements\/Salons"],"inLanguage":"fr-FR","potentialAction":[{"@type":"CommentAction","name":"Comment","target":["https:\/\/blog.proclima.com\/fr\/2017\/05\/journee-technique\/#respond"]}]},{"@type":"WebPage","@id":"https:\/\/blog.proclima.com\/fr\/2017\/05\/journee-technique\/","url":"https:\/\/blog.proclima.com\/fr\/2017\/05\/journee-technique\/","name":"Journ\u00e9e technique pro clima en Bretagne - pro clima Blog - france","isPartOf":{"@id":"https:\/\/blog.proclima.com\/fr\/#website"},"primaryImageOfPage":{"@id":"https:\/\/blog.proclima.com\/fr\/2017\/05\/journee-technique\/#primaryimage"},"image":{"@id":"https:\/\/blog.proclima.com\/fr\/2017\/05\/journee-technique\/#primaryimage"},"thumbnailUrl":"https:\/\/blog.proclima.com\/fr\/files\/2017\/05\/JT1.jpg","datePublished":"2017-05-10T10:05:34+00:00","dateModified":"2022-11-02T09:57:42+00:00","breadcrumb":{"@id":"https:\/\/blog.proclima.com\/fr\/2017\/05\/journee-technique\/#breadcrumb"},"inLanguage":"fr-FR","potentialAction":[{"@type":"ReadAction","target":["https:\/\/blog.proclima.com\/fr\/2017\/05\/journee-technique\/"]}]},{"@type":"ImageObject","inLanguage":"fr-FR","@id":"https:\/\/blog.proclima.com\/fr\/2017\/05\/journee-technique\/#primaryimage","url":"https:\/\/blog.proclima.com\/fr\/files\/2017\/05\/JT1.jpg","contentUrl":"https:\/\/blog.proclima.com\/fr\/files\/2017\/05\/JT1.jpg"},{"@type":"BreadcrumbList","@id":"https:\/\/blog.proclima.com\/fr\/2017\/05\/journee-technique\/#breadcrumb","itemListElement":[{"@type":"ListItem","position":1,"name":"Accueil","item":"https:\/\/blog.proclima.com\/fr\/"},{"@type":"ListItem","position":2,"name":"Journ\u00e9e technique pro clima en Bretagne"}]},{"@type":"WebSite","@id":"https:\/\/blog.proclima.com\/fr\/#website","url":"https:\/\/blog.proclima.com\/fr\/","name":"pro clima Blog - france","description":"pro clima Blog","publisher":{"@id":"https:\/\/blog.proclima.com\/fr\/#organization"},"potentialAction":[{"@type":"SearchAction","target":{"@type":"EntryPoint","urlTemplate":"https:\/\/blog.proclima.com\/fr\/?s={search_term_string}"},"query-input":{"@type":"PropertyValueSpecification","valueRequired":true,"valueName":"search_term_string"}}],"inLanguage":"fr-FR"},{"@type":"Organization","@id":"https:\/\/blog.proclima.com\/fr\/#organization","name":"pro clima Blog - france","url":"https:\/\/blog.proclima.com\/fr\/","logo":{"@type":"ImageObject","inLanguage":"fr-FR","@id":"https:\/\/blog.proclima.com\/fr\/#\/schema\/logo\/image\/","url":"https:\/\/blog.proclima.com\/fr\/files\/2025\/12\/logo_proclima_quadrat.png","contentUrl":"https:\/\/blog.proclima.com\/fr\/files\/2025\/12\/logo_proclima_quadrat.png","width":1200,"height":1200,"caption":"pro clima Blog - france"},"image":{"@id":"https:\/\/blog.proclima.com\/fr\/#\/schema\/logo\/image\/"}},{"@type":"Person","@id":"","url":"https:\/\/blog.proclima.com\/fr\/author\/"}]}},"_links":{"self":[{"href":"https:\/\/blog.proclima.com\/fr\/wp-json\/wp\/v2\/posts\/729","targetHints":{"allow":["GET"]}}],"collection":[{"href":"https:\/\/blog.proclima.com\/fr\/wp-json\/wp\/v2\/posts"}],"about":[{"href":"https:\/\/blog.proclima.com\/fr\/wp-json\/wp\/v2\/types\/post"}],"author":[{"embeddable":true,"href":"https:\/\/blog.proclima.com\/fr\/wp-json\/wp\/v2\/users\/16"}],"replies":[{"embeddable":true,"href":"https:\/\/blog.proclima.com\/fr\/wp-json\/wp\/v2\/comments?post=729"}],"version-history":[{"count":2,"href":"https:\/\/blog.proclima.com\/fr\/wp-json\/wp\/v2\/posts\/729\/revisions"}],"predecessor-version":[{"id":975,"href":"https:\/\/blog.proclima.com\/fr\/wp-json\/wp\/v2\/posts\/729\/revisions\/975"}],"wp:attachment":[{"href":"https:\/\/blog.proclima.com\/fr\/wp-json\/wp\/v2\/media?parent=729"}],"wp:term":[{"taxonomy":"category","embeddable":true,"href":"https:\/\/blog.proclima.com\/fr\/wp-json\/wp\/v2\/categories?post=729"},{"taxonomy":"post_tag","embeddable":true,"href":"https:\/\/blog.proclima.com\/fr\/wp-json\/wp\/v2\/tags?post=729"}],"curies":[{"name":"wp","href":"https:\/\/api.w.org\/{rel}","templated":true}]}}