
{"id":704,"date":"2017-04-07T11:39:49","date_gmt":"2017-04-07T09:39:49","guid":{"rendered":"http:\/\/blog.proclima.com\/fr\/?p=704"},"modified":"2017-04-07T11:39:49","modified_gmt":"2017-04-07T09:39:49","slug":"conseils-dexperts","status":"publish","type":"post","link":"https:\/\/blog.proclima.com\/fr\/2017\/04\/conseils-dexperts\/","title":{"rendered":"CONSEILS D&rsquo;EXPERTS- Journ\u00e9es techniques pro clima en France"},"content":{"rendered":"<h3><a href=\"https:\/\/blog.proclima.com\/fr\/files\/2017\/04\/JT.jpg\"><img loading=\"lazy\" decoding=\"async\" data-size=\"581x224\" class=\"alignleft size-full wp-image-707\" src=\"https:\/\/blog.proclima.com\/fr\/files\/2017\/04\/JT.jpg\" alt=\"\" width=\"581\" height=\"224\" srcset=\"https:\/\/blog.proclima.com\/fr\/files\/2017\/04\/JT.jpg 581w, https:\/\/blog.proclima.com\/fr\/files\/2017\/04\/JT-300x116.jpg 300w\" sizes=\"auto, (max-width: 581px) 100vw, 581px\" \/><\/a><\/h3>\n<h3><\/h3>\n<h3><\/h3>\n<h3><\/h3>\n<h3><\/h3>\n<h3><\/h3>\n<h3>A partir du 25 avril 2017, pro clima propose une s\u00e9rie de quatre journ\u00e9es techniques en France. Les dates de ces sessions, qui auront lieu sur diff\u00e9rents sites dans le nord-ouest de la France, sont les suivantes:<\/h3>\n<p>25 avril 2017 Ty eco\u00b2, ZA la Touche, 35890 Bourg des Comptes<br \/>\n09 mai 2017 Fabrique 21, 120 avenue du Port, 78955 Carri\u00e8res sous Poissy<br \/>\n16 mai 2017 Ceref BTP, 781 rue Thuit H\u00e9bert, 27520 Bourgtheroulde<br \/>\n23 mai 2017 CD2E, R\u00e9hafutur, 19 place cour de Lorraine, 62750 Loos en Gohelle<\/p>\n<p>Pour plus d&rsquo;infos: <a href=\"https:\/\/blog.proclima.com\/fr\/files\/2017\/04\/DIG-698_Seminarfolder_FR_2017_2.2.pdf\">DIG-698_Seminarfolder_FR_2017_2.2<\/a><\/p>\n","protected":false},"excerpt":{"rendered":"<p>A partir du 25 avril 2017, pro clima propose une s\u00e9rie de quatre journ\u00e9es techniques en France. Les dates de ces sessions, qui auront lieu <a href=\"https:\/\/blog.proclima.com\/fr\/2017\/04\/conseils-dexperts\/\" rel=\"bookmark\">&#8230;<\/a><\/p>\n","protected":false},"author":16,"featured_media":0,"comment_status":"open","ping_status":"open","sticky":false,"template":"","format":"standard","meta":{"footnotes":""},"categories":[5,1],"tags":[146,145,94],"class_list":["post-704","post","type-post","status-publish","format-standard","hentry","category-evenements-salons","category-general","tag-conseils","tag-journee-technique","tag-pro-clima-france"],"yoast_head":"<!-- This site is optimized with the Yoast SEO plugin v27.5 - https:\/\/yoast.com\/product\/yoast-seo-wordpress\/ -->\n<title>CONSEILS D&#039;EXPERTS- Journ\u00e9es techniques pro clima en France - pro clima Blog - france<\/title>\n<meta name=\"robots\" content=\"index, follow, max-snippet:-1, max-image-preview:large, max-video-preview:-1\" \/>\n<link rel=\"canonical\" href=\"https:\/\/blog.proclima.com\/fr\/2017\/04\/conseils-dexperts\/\" \/>\n<meta property=\"og:locale\" content=\"fr_FR\" \/>\n<meta property=\"og:type\" content=\"article\" \/>\n<meta property=\"og:title\" content=\"CONSEILS D&#039;EXPERTS- Journ\u00e9es techniques pro clima en France - pro clima Blog - france\" \/>\n<meta property=\"og:description\" content=\"A partir du 25 avril 2017, pro clima propose une s\u00e9rie de quatre journ\u00e9es techniques en France. Les dates de ces sessions, qui auront lieu ...\" \/>\n<meta property=\"og:url\" content=\"https:\/\/blog.proclima.com\/fr\/2017\/04\/conseils-dexperts\/\" \/>\n<meta property=\"og:site_name\" content=\"pro clima Blog - france\" \/>\n<meta property=\"article:published_time\" content=\"2017-04-07T09:39:49+00:00\" \/>\n<meta property=\"og:image\" content=\"https:\/\/blog.proclima.com\/fr\/files\/2017\/04\/JT.jpg\" \/>\n<meta name=\"twitter:card\" content=\"summary_large_image\" \/>\n<meta name=\"twitter:label1\" content=\"\u00c9crit par\" \/>\n\t<meta name=\"twitter:data1\" content=\"\" \/>\n<script type=\"application\/ld+json\" class=\"yoast-schema-graph\">{\"@context\":\"https:\\\/\\\/schema.org\",\"@graph\":[{\"@type\":\"Article\",\"@id\":\"https:\\\/\\\/blog.proclima.com\\\/fr\\\/2017\\\/04\\\/conseils-dexperts\\\/#article\",\"isPartOf\":{\"@id\":\"https:\\\/\\\/blog.proclima.com\\\/fr\\\/2017\\\/04\\\/conseils-dexperts\\\/\"},\"author\":{\"name\":\"\",\"@id\":\"\"},\"headline\":\"CONSEILS D&rsquo;EXPERTS- Journ\u00e9es techniques pro clima en France\",\"datePublished\":\"2017-04-07T09:39:49+00:00\",\"mainEntityOfPage\":{\"@id\":\"https:\\\/\\\/blog.proclima.com\\\/fr\\\/2017\\\/04\\\/conseils-dexperts\\\/\"},\"wordCount\":91,\"commentCount\":0,\"publisher\":{\"@id\":\"https:\\\/\\\/blog.proclima.com\\\/fr\\\/#organization\"},\"image\":{\"@id\":\"https:\\\/\\\/blog.proclima.com\\\/fr\\\/2017\\\/04\\\/conseils-dexperts\\\/#primaryimage\"},\"thumbnailUrl\":\"https:\\\/\\\/blog.proclima.com\\\/fr\\\/files\\\/2017\\\/04\\\/JT.jpg\",\"keywords\":[\"conseils\",\"journ\u00e9e technique\",\"pro clima France\"],\"articleSection\":[\"\u00c9v\u00e8nements\\\/Salons\",\"pro clima\"],\"inLanguage\":\"fr-FR\",\"potentialAction\":[{\"@type\":\"CommentAction\",\"name\":\"Comment\",\"target\":[\"https:\\\/\\\/blog.proclima.com\\\/fr\\\/2017\\\/04\\\/conseils-dexperts\\\/#respond\"]}]},{\"@type\":\"WebPage\",\"@id\":\"https:\\\/\\\/blog.proclima.com\\\/fr\\\/2017\\\/04\\\/conseils-dexperts\\\/\",\"url\":\"https:\\\/\\\/blog.proclima.com\\\/fr\\\/2017\\\/04\\\/conseils-dexperts\\\/\",\"name\":\"CONSEILS D'EXPERTS- Journ\u00e9es techniques pro clima en France - pro clima Blog - france\",\"isPartOf\":{\"@id\":\"https:\\\/\\\/blog.proclima.com\\\/fr\\\/#website\"},\"primaryImageOfPage\":{\"@id\":\"https:\\\/\\\/blog.proclima.com\\\/fr\\\/2017\\\/04\\\/conseils-dexperts\\\/#primaryimage\"},\"image\":{\"@id\":\"https:\\\/\\\/blog.proclima.com\\\/fr\\\/2017\\\/04\\\/conseils-dexperts\\\/#primaryimage\"},\"thumbnailUrl\":\"https:\\\/\\\/blog.proclima.com\\\/fr\\\/files\\\/2017\\\/04\\\/JT.jpg\",\"datePublished\":\"2017-04-07T09:39:49+00:00\",\"breadcrumb\":{\"@id\":\"https:\\\/\\\/blog.proclima.com\\\/fr\\\/2017\\\/04\\\/conseils-dexperts\\\/#breadcrumb\"},\"inLanguage\":\"fr-FR\",\"potentialAction\":[{\"@type\":\"ReadAction\",\"target\":[\"https:\\\/\\\/blog.proclima.com\\\/fr\\\/2017\\\/04\\\/conseils-dexperts\\\/\"]}]},{\"@type\":\"ImageObject\",\"inLanguage\":\"fr-FR\",\"@id\":\"https:\\\/\\\/blog.proclima.com\\\/fr\\\/2017\\\/04\\\/conseils-dexperts\\\/#primaryimage\",\"url\":\"https:\\\/\\\/blog.proclima.com\\\/fr\\\/files\\\/2017\\\/04\\\/JT.jpg\",\"contentUrl\":\"https:\\\/\\\/blog.proclima.com\\\/fr\\\/files\\\/2017\\\/04\\\/JT.jpg\"},{\"@type\":\"BreadcrumbList\",\"@id\":\"https:\\\/\\\/blog.proclima.com\\\/fr\\\/2017\\\/04\\\/conseils-dexperts\\\/#breadcrumb\",\"itemListElement\":[{\"@type\":\"ListItem\",\"position\":1,\"name\":\"Accueil\",\"item\":\"https:\\\/\\\/blog.proclima.com\\\/fr\\\/\"},{\"@type\":\"ListItem\",\"position\":2,\"name\":\"CONSEILS D&rsquo;EXPERTS- Journ\u00e9es techniques pro clima en France\"}]},{\"@type\":\"WebSite\",\"@id\":\"https:\\\/\\\/blog.proclima.com\\\/fr\\\/#website\",\"url\":\"https:\\\/\\\/blog.proclima.com\\\/fr\\\/\",\"name\":\"pro clima Blog - france\",\"description\":\"pro clima Blog\",\"publisher\":{\"@id\":\"https:\\\/\\\/blog.proclima.com\\\/fr\\\/#organization\"},\"potentialAction\":[{\"@type\":\"SearchAction\",\"target\":{\"@type\":\"EntryPoint\",\"urlTemplate\":\"https:\\\/\\\/blog.proclima.com\\\/fr\\\/?s={search_term_string}\"},\"query-input\":{\"@type\":\"PropertyValueSpecification\",\"valueRequired\":true,\"valueName\":\"search_term_string\"}}],\"inLanguage\":\"fr-FR\"},{\"@type\":\"Organization\",\"@id\":\"https:\\\/\\\/blog.proclima.com\\\/fr\\\/#organization\",\"name\":\"pro clima Blog - france\",\"url\":\"https:\\\/\\\/blog.proclima.com\\\/fr\\\/\",\"logo\":{\"@type\":\"ImageObject\",\"inLanguage\":\"fr-FR\",\"@id\":\"https:\\\/\\\/blog.proclima.com\\\/fr\\\/#\\\/schema\\\/logo\\\/image\\\/\",\"url\":\"https:\\\/\\\/blog.proclima.com\\\/fr\\\/files\\\/2025\\\/12\\\/logo_proclima_quadrat.png\",\"contentUrl\":\"https:\\\/\\\/blog.proclima.com\\\/fr\\\/files\\\/2025\\\/12\\\/logo_proclima_quadrat.png\",\"width\":1200,\"height\":1200,\"caption\":\"pro clima Blog - france\"},\"image\":{\"@id\":\"https:\\\/\\\/blog.proclima.com\\\/fr\\\/#\\\/schema\\\/logo\\\/image\\\/\"}},{\"@type\":\"Person\",\"@id\":\"\",\"url\":\"https:\\\/\\\/blog.proclima.com\\\/fr\\\/author\\\/\"}]}<\/script>\n<!-- \/ Yoast SEO plugin. -->","yoast_head_json":{"title":"CONSEILS D'EXPERTS- Journ\u00e9es techniques pro clima en France - pro clima Blog - france","robots":{"index":"index","follow":"follow","max-snippet":"max-snippet:-1","max-image-preview":"max-image-preview:large","max-video-preview":"max-video-preview:-1"},"canonical":"https:\/\/blog.proclima.com\/fr\/2017\/04\/conseils-dexperts\/","og_locale":"fr_FR","og_type":"article","og_title":"CONSEILS D'EXPERTS- Journ\u00e9es techniques pro clima en France - pro clima Blog - france","og_description":"A partir du 25 avril 2017, pro clima propose une s\u00e9rie de quatre journ\u00e9es techniques en France. Les dates de ces sessions, qui auront lieu ...","og_url":"https:\/\/blog.proclima.com\/fr\/2017\/04\/conseils-dexperts\/","og_site_name":"pro clima Blog - france","article_published_time":"2017-04-07T09:39:49+00:00","og_image":[{"url":"https:\/\/blog.proclima.com\/fr\/files\/2017\/04\/JT.jpg","type":"","width":"","height":""}],"twitter_card":"summary_large_image","twitter_misc":{"\u00c9crit par":""},"schema":{"@context":"https:\/\/schema.org","@graph":[{"@type":"Article","@id":"https:\/\/blog.proclima.com\/fr\/2017\/04\/conseils-dexperts\/#article","isPartOf":{"@id":"https:\/\/blog.proclima.com\/fr\/2017\/04\/conseils-dexperts\/"},"author":{"name":"","@id":""},"headline":"CONSEILS D&rsquo;EXPERTS- Journ\u00e9es techniques pro clima en France","datePublished":"2017-04-07T09:39:49+00:00","mainEntityOfPage":{"@id":"https:\/\/blog.proclima.com\/fr\/2017\/04\/conseils-dexperts\/"},"wordCount":91,"commentCount":0,"publisher":{"@id":"https:\/\/blog.proclima.com\/fr\/#organization"},"image":{"@id":"https:\/\/blog.proclima.com\/fr\/2017\/04\/conseils-dexperts\/#primaryimage"},"thumbnailUrl":"https:\/\/blog.proclima.com\/fr\/files\/2017\/04\/JT.jpg","keywords":["conseils","journ\u00e9e technique","pro clima France"],"articleSection":["\u00c9v\u00e8nements\/Salons","pro clima"],"inLanguage":"fr-FR","potentialAction":[{"@type":"CommentAction","name":"Comment","target":["https:\/\/blog.proclima.com\/fr\/2017\/04\/conseils-dexperts\/#respond"]}]},{"@type":"WebPage","@id":"https:\/\/blog.proclima.com\/fr\/2017\/04\/conseils-dexperts\/","url":"https:\/\/blog.proclima.com\/fr\/2017\/04\/conseils-dexperts\/","name":"CONSEILS D'EXPERTS- Journ\u00e9es techniques pro clima en France - pro clima Blog - france","isPartOf":{"@id":"https:\/\/blog.proclima.com\/fr\/#website"},"primaryImageOfPage":{"@id":"https:\/\/blog.proclima.com\/fr\/2017\/04\/conseils-dexperts\/#primaryimage"},"image":{"@id":"https:\/\/blog.proclima.com\/fr\/2017\/04\/conseils-dexperts\/#primaryimage"},"thumbnailUrl":"https:\/\/blog.proclima.com\/fr\/files\/2017\/04\/JT.jpg","datePublished":"2017-04-07T09:39:49+00:00","breadcrumb":{"@id":"https:\/\/blog.proclima.com\/fr\/2017\/04\/conseils-dexperts\/#breadcrumb"},"inLanguage":"fr-FR","potentialAction":[{"@type":"ReadAction","target":["https:\/\/blog.proclima.com\/fr\/2017\/04\/conseils-dexperts\/"]}]},{"@type":"ImageObject","inLanguage":"fr-FR","@id":"https:\/\/blog.proclima.com\/fr\/2017\/04\/conseils-dexperts\/#primaryimage","url":"https:\/\/blog.proclima.com\/fr\/files\/2017\/04\/JT.jpg","contentUrl":"https:\/\/blog.proclima.com\/fr\/files\/2017\/04\/JT.jpg"},{"@type":"BreadcrumbList","@id":"https:\/\/blog.proclima.com\/fr\/2017\/04\/conseils-dexperts\/#breadcrumb","itemListElement":[{"@type":"ListItem","position":1,"name":"Accueil","item":"https:\/\/blog.proclima.com\/fr\/"},{"@type":"ListItem","position":2,"name":"CONSEILS D&rsquo;EXPERTS- Journ\u00e9es techniques pro clima en France"}]},{"@type":"WebSite","@id":"https:\/\/blog.proclima.com\/fr\/#website","url":"https:\/\/blog.proclima.com\/fr\/","name":"pro clima Blog - france","description":"pro clima Blog","publisher":{"@id":"https:\/\/blog.proclima.com\/fr\/#organization"},"potentialAction":[{"@type":"SearchAction","target":{"@type":"EntryPoint","urlTemplate":"https:\/\/blog.proclima.com\/fr\/?s={search_term_string}"},"query-input":{"@type":"PropertyValueSpecification","valueRequired":true,"valueName":"search_term_string"}}],"inLanguage":"fr-FR"},{"@type":"Organization","@id":"https:\/\/blog.proclima.com\/fr\/#organization","name":"pro clima Blog - france","url":"https:\/\/blog.proclima.com\/fr\/","logo":{"@type":"ImageObject","inLanguage":"fr-FR","@id":"https:\/\/blog.proclima.com\/fr\/#\/schema\/logo\/image\/","url":"https:\/\/blog.proclima.com\/fr\/files\/2025\/12\/logo_proclima_quadrat.png","contentUrl":"https:\/\/blog.proclima.com\/fr\/files\/2025\/12\/logo_proclima_quadrat.png","width":1200,"height":1200,"caption":"pro clima Blog - france"},"image":{"@id":"https:\/\/blog.proclima.com\/fr\/#\/schema\/logo\/image\/"}},{"@type":"Person","@id":"","url":"https:\/\/blog.proclima.com\/fr\/author\/"}]}},"_links":{"self":[{"href":"https:\/\/blog.proclima.com\/fr\/wp-json\/wp\/v2\/posts\/704","targetHints":{"allow":["GET"]}}],"collection":[{"href":"https:\/\/blog.proclima.com\/fr\/wp-json\/wp\/v2\/posts"}],"about":[{"href":"https:\/\/blog.proclima.com\/fr\/wp-json\/wp\/v2\/types\/post"}],"author":[{"embeddable":true,"href":"https:\/\/blog.proclima.com\/fr\/wp-json\/wp\/v2\/users\/16"}],"replies":[{"embeddable":true,"href":"https:\/\/blog.proclima.com\/fr\/wp-json\/wp\/v2\/comments?post=704"}],"version-history":[{"count":3,"href":"https:\/\/blog.proclima.com\/fr\/wp-json\/wp\/v2\/posts\/704\/revisions"}],"predecessor-version":[{"id":712,"href":"https:\/\/blog.proclima.com\/fr\/wp-json\/wp\/v2\/posts\/704\/revisions\/712"}],"wp:attachment":[{"href":"https:\/\/blog.proclima.com\/fr\/wp-json\/wp\/v2\/media?parent=704"}],"wp:term":[{"taxonomy":"category","embeddable":true,"href":"https:\/\/blog.proclima.com\/fr\/wp-json\/wp\/v2\/categories?post=704"},{"taxonomy":"post_tag","embeddable":true,"href":"https:\/\/blog.proclima.com\/fr\/wp-json\/wp\/v2\/tags?post=704"}],"curies":[{"name":"wp","href":"https:\/\/api.w.org\/{rel}","templated":true}]}}