
{"id":681,"date":"2017-01-16T13:05:28","date_gmt":"2017-01-16T12:05:28","guid":{"rendered":"http:\/\/blog.proclima.com\/fr\/?p=681"},"modified":"2017-01-16T13:06:18","modified_gmt":"2017-01-16T12:06:18","slug":"tiny-houses","status":"publish","type":"post","link":"https:\/\/blog.proclima.com\/fr\/2017\/01\/tiny-houses\/","title":{"rendered":"Belles, ind\u00e9pendantes et confortables : Les Tiny Houses (mobiles) du nord-ouest de la France"},"content":{"rendered":"<p>Confortable, mobile et pratique : c\u2019est la mission de \u00ab\u00a0La Tiny House\u00a0\u00bb \u00e0 Poilley sur le Homme, situ\u00e9 dans le nord-ouest de la France \u00e0 quelques kilom\u00e8tres du Mont Saint Michel. L\u2019\u00e9quipe de 6 charpentiers construit de toutes petites maisons \u00e0 ossature bois, roulantes, modernes et esth\u00e9tiques. Elles peuvent tr\u00e8s bien rester sur place, mais aussi \u00eatre transport\u00e9es sur chaque petit coin de la plan\u00e8te.<\/p>\n<p><a href=\"https:\/\/blog.proclima.com\/fr\/files\/2017\/01\/WP_20160909_11_00_16_Pro.jpg\"><img loading=\"lazy\" decoding=\"async\" data-size=\"1632x920\" class=\"alignleft wp-image-683 size-large\" src=\"https:\/\/blog.proclima.com\/fr\/files\/2017\/01\/WP_20160909_11_00_16_Pro-1024x577.jpg\" width=\"640\" height=\"361\" srcset=\"https:\/\/blog.proclima.com\/fr\/files\/2017\/01\/WP_20160909_11_00_16_Pro-1024x577.jpg 1024w, https:\/\/blog.proclima.com\/fr\/files\/2017\/01\/WP_20160909_11_00_16_Pro-300x169.jpg 300w, https:\/\/blog.proclima.com\/fr\/files\/2017\/01\/WP_20160909_11_00_16_Pro-768x433.jpg 768w, https:\/\/blog.proclima.com\/fr\/files\/2017\/01\/WP_20160909_11_00_16_Pro.jpg 1632w\" sizes=\"auto, (max-width: 640px) 100vw, 640px\" \/><\/a><br \/>\nL\u2019\u00e9quipe de La Tiny House planifie tr\u00e8s soigneusement la fabrication, et fait tr\u00e8s attention \u00e0 ce que chaque <a href=\"https:\/\/blog.proclima.com\/fr\/files\/2017\/01\/WP_20160909_11_01_42_Pro.jpg\"><img loading=\"lazy\" decoding=\"async\" data-size=\"1632x920\" class=\"alignright wp-image-687 size-large\" src=\"https:\/\/blog.proclima.com\/fr\/files\/2017\/01\/WP_20160909_11_01_42_Pro-1024x577.jpg\" width=\"640\" height=\"361\" srcset=\"https:\/\/blog.proclima.com\/fr\/files\/2017\/01\/WP_20160909_11_01_42_Pro-1024x577.jpg 1024w, https:\/\/blog.proclima.com\/fr\/files\/2017\/01\/WP_20160909_11_01_42_Pro-300x169.jpg 300w, https:\/\/blog.proclima.com\/fr\/files\/2017\/01\/WP_20160909_11_01_42_Pro-768x433.jpg 768w, https:\/\/blog.proclima.com\/fr\/files\/2017\/01\/WP_20160909_11_01_42_Pro.jpg 1632w\" sizes=\"auto, (max-width: 640px) 100vw, 640px\" \/><\/a>besoin individuel soit r\u00e9alisable ; en effet chacune de ces maisons sont personnalis\u00e9es. R\u00e9cemment, ils ont con\u00e7u et construit deux nouvelles Tiny Houses en utilisant plusieurs syst\u00e8mes pro clima. Pour l\u2019\u00e9tanch\u00e9it\u00e9 \u00e0 l\u2019air \u00e0 l\u2019int\u00e9rieur, Bruno Thi\u00e9ry \u00e0 choisi le frein vapeur hygrovariable INTELLO, et \u00e0 l\u2019ext\u00e9rieur le SOLITEX FRONTA QUATTRO CONNECT.<!--more--><\/p>\n<p><a href=\"https:\/\/blog.proclima.com\/fr\/files\/2017\/01\/WP_20160909_11_00_37_Pro-e1484568232166.jpg\"><img loading=\"lazy\" decoding=\"async\" data-size=\"920x1632\" class=\"alignleft size-medium wp-image-684\" src=\"https:\/\/blog.proclima.com\/fr\/files\/2017\/01\/WP_20160909_11_00_37_Pro-e1484568232166-169x300.jpg\" alt=\"\" width=\"169\" height=\"300\" srcset=\"https:\/\/blog.proclima.com\/fr\/files\/2017\/01\/WP_20160909_11_00_37_Pro-e1484568232166-169x300.jpg 169w, https:\/\/blog.proclima.com\/fr\/files\/2017\/01\/WP_20160909_11_00_37_Pro-e1484568232166-768x1362.jpg 768w, https:\/\/blog.proclima.com\/fr\/files\/2017\/01\/WP_20160909_11_00_37_Pro-e1484568232166-577x1024.jpg 577w, https:\/\/blog.proclima.com\/fr\/files\/2017\/01\/WP_20160909_11_00_37_Pro-e1484568232166.jpg 920w\" sizes=\"auto, (max-width: 169px) 100vw, 169px\" \/><\/a>\u00ab L\u2019\u00e9cran pro clima SOLITEX FRONTA\u00a0QUATTRO CONNECT, est un \u00e9cran pare-pluie triple sp\u00e9cialement con\u00e7u pour les fa\u00e7ades, avec une r\u00e9sistance \u00e9lev\u00e9e aux rayons UV, qui prot\u00e8ge d\u2019une mani\u00e8re permanente l\u2019isolation contre le vent et de la pluie. Et cela m\u00eame pendant la phase de la construction \u00bb, dit Virginie Porquet, agent commercial chez pro clima, qui a r\u00e9pondu aux questions techniques. Elle se r\u00e9jouit de cette \u00e9quipe novatrice : \u00ab Les Tiny Houses ne sont pas seulement esth\u00e9tiques et uniques. Elles sont construites avec des mat\u00e9riaux irr\u00e9prochables.<\/p>\n<p>Pour en savoir plus sur les petites maisons de La Tiny House:\u00a0<a href=\"https:\/\/www.flickr.com\/photos\/145156999@N04\/albums\">https:\/\/www.flickr.com\/photos\/145156999@N04\/albums<\/a><br \/>\n<a href=\"http:\/\/www.latinyhouse.com\/\">http:\/\/www.latinyhouse.com\/<\/a><br \/>\n<a href=\"https:\/\/www.facebook.com\/LaTinyHouse\/\">https:\/\/www.facebook.com\/LaTinyHouse\/<br \/>\n<\/a><a href=\"https:\/\/blog.proclima.com\/fr\/files\/2017\/01\/WP_20160909_11_01_42_Pro.jpg\"><img loading=\"lazy\" decoding=\"async\" data-size=\"1632x920\" class=\"alignleft size-medium wp-image-687\" src=\"https:\/\/blog.proclima.com\/fr\/files\/2017\/01\/WP_20160909_11_01_42_Pro-300x169.jpg\" alt=\"\" width=\"300\" height=\"169\" srcset=\"https:\/\/blog.proclima.com\/fr\/files\/2017\/01\/WP_20160909_11_01_42_Pro-300x169.jpg 300w, https:\/\/blog.proclima.com\/fr\/files\/2017\/01\/WP_20160909_11_01_42_Pro-768x433.jpg 768w, https:\/\/blog.proclima.com\/fr\/files\/2017\/01\/WP_20160909_11_01_42_Pro-1024x577.jpg 1024w, https:\/\/blog.proclima.com\/fr\/files\/2017\/01\/WP_20160909_11_01_42_Pro.jpg 1632w\" sizes=\"auto, (max-width: 300px) 100vw, 300px\" \/><\/a><\/p>\n<p>Contact pro clima Service commercial<br \/>\n<a href=\"https:\/\/fr.proclima.com\/service\/service-commercial\" target=\"_blank\" rel=\"noreferrer\">https:\/\/fr.proclima.com\/servic<wbr \/>e\/service-commercial<\/a><\/p>\n<p>Contact Hotline-technique<br \/>\n0811 850 149<br \/>\nE-Mail <a href=\"mailto:technique@proclima.info\" target=\"_blank\">technique@proclima.info<\/a><br \/>\n<a href=\"https:\/\/fr.proclima.com\/service\/hotlinetechnique\" target=\"_blank\" rel=\"noreferrer\">https:\/\/fr.proclima.com\/servic<wbr \/>e\/hotlinetechnique<\/a><\/p>\n","protected":false},"excerpt":{"rendered":"<p>Confortable, mobile et pratique : c\u2019est la mission de \u00ab\u00a0La Tiny House\u00a0\u00bb \u00e0 Poilley sur le Homme, situ\u00e9 dans le nord-ouest de la France \u00e0 <a href=\"https:\/\/blog.proclima.com\/fr\/2017\/01\/tiny-houses\/\" rel=\"bookmark\">&#8230;<\/a><\/p>\n","protected":false},"author":18,"featured_media":0,"comment_status":"open","ping_status":"open","sticky":false,"template":"","format":"standard","meta":{"footnotes":""},"categories":[1],"tags":[142],"class_list":["post-681","post","type-post","status-publish","format-standard","hentry","category-general","tag-tiny-house"],"yoast_head":"<!-- This site is optimized with the Yoast SEO plugin v27.5 - https:\/\/yoast.com\/product\/yoast-seo-wordpress\/ -->\n<title>Belles, ind\u00e9pendantes et confortables : Les Tiny Houses (mobiles) du nord-ouest de la France - pro clima Blog - france<\/title>\n<meta name=\"robots\" content=\"index, follow, max-snippet:-1, max-image-preview:large, max-video-preview:-1\" \/>\n<link rel=\"canonical\" href=\"https:\/\/blog.proclima.com\/fr\/2017\/01\/tiny-houses\/\" \/>\n<meta property=\"og:locale\" content=\"fr_FR\" \/>\n<meta property=\"og:type\" content=\"article\" \/>\n<meta property=\"og:title\" content=\"Belles, ind\u00e9pendantes et confortables : Les Tiny Houses (mobiles) du nord-ouest de la France - pro clima Blog - france\" \/>\n<meta property=\"og:description\" content=\"Confortable, mobile et pratique : c\u2019est la mission de \u00ab\u00a0La Tiny House\u00a0\u00bb \u00e0 Poilley sur le Homme, situ\u00e9 dans le nord-ouest de la France \u00e0 ...\" \/>\n<meta property=\"og:url\" content=\"https:\/\/blog.proclima.com\/fr\/2017\/01\/tiny-houses\/\" \/>\n<meta property=\"og:site_name\" content=\"pro clima Blog - france\" \/>\n<meta property=\"article:published_time\" content=\"2017-01-16T12:05:28+00:00\" \/>\n<meta property=\"article:modified_time\" content=\"2017-01-16T12:06:18+00:00\" \/>\n<meta property=\"og:image\" content=\"https:\/\/blog.proclima.com\/fr\/files\/2017\/01\/WP_20160909_11_00_16_Pro-1024x577.jpg\" \/>\n<meta name=\"author\" content=\"Heide Merkel\" \/>\n<meta name=\"twitter:card\" content=\"summary_large_image\" \/>\n<meta name=\"twitter:label1\" content=\"\u00c9crit par\" \/>\n\t<meta name=\"twitter:data1\" content=\"Heide Merkel\" \/>\n\t<meta name=\"twitter:label2\" content=\"Dur\u00e9e de lecture estim\u00e9e\" \/>\n\t<meta name=\"twitter:data2\" content=\"1 minute\" \/>\n<script type=\"application\/ld+json\" class=\"yoast-schema-graph\">{\"@context\":\"https:\\\/\\\/schema.org\",\"@graph\":[{\"@type\":\"Article\",\"@id\":\"https:\\\/\\\/blog.proclima.com\\\/fr\\\/2017\\\/01\\\/tiny-houses\\\/#article\",\"isPartOf\":{\"@id\":\"https:\\\/\\\/blog.proclima.com\\\/fr\\\/2017\\\/01\\\/tiny-houses\\\/\"},\"author\":{\"name\":\"Heide Merkel\",\"@id\":\"https:\\\/\\\/blog.proclima.com\\\/fr\\\/#\\\/schema\\\/person\\\/b3490e20200d5d45b8d56f555ceffc21\"},\"headline\":\"Belles, ind\u00e9pendantes et confortables : Les Tiny Houses (mobiles) du nord-ouest de la France\",\"datePublished\":\"2017-01-16T12:05:28+00:00\",\"dateModified\":\"2017-01-16T12:06:18+00:00\",\"mainEntityOfPage\":{\"@id\":\"https:\\\/\\\/blog.proclima.com\\\/fr\\\/2017\\\/01\\\/tiny-houses\\\/\"},\"wordCount\":312,\"commentCount\":0,\"publisher\":{\"@id\":\"https:\\\/\\\/blog.proclima.com\\\/fr\\\/#organization\"},\"image\":{\"@id\":\"https:\\\/\\\/blog.proclima.com\\\/fr\\\/2017\\\/01\\\/tiny-houses\\\/#primaryimage\"},\"thumbnailUrl\":\"https:\\\/\\\/blog.proclima.com\\\/fr\\\/files\\\/2017\\\/01\\\/WP_20160909_11_00_16_Pro-1024x577.jpg\",\"keywords\":[\"Tiny House\"],\"articleSection\":[\"pro clima\"],\"inLanguage\":\"fr-FR\",\"potentialAction\":[{\"@type\":\"CommentAction\",\"name\":\"Comment\",\"target\":[\"https:\\\/\\\/blog.proclima.com\\\/fr\\\/2017\\\/01\\\/tiny-houses\\\/#respond\"]}]},{\"@type\":\"WebPage\",\"@id\":\"https:\\\/\\\/blog.proclima.com\\\/fr\\\/2017\\\/01\\\/tiny-houses\\\/\",\"url\":\"https:\\\/\\\/blog.proclima.com\\\/fr\\\/2017\\\/01\\\/tiny-houses\\\/\",\"name\":\"Belles, ind\u00e9pendantes et confortables : Les Tiny Houses (mobiles) du nord-ouest de la France - pro clima Blog - france\",\"isPartOf\":{\"@id\":\"https:\\\/\\\/blog.proclima.com\\\/fr\\\/#website\"},\"primaryImageOfPage\":{\"@id\":\"https:\\\/\\\/blog.proclima.com\\\/fr\\\/2017\\\/01\\\/tiny-houses\\\/#primaryimage\"},\"image\":{\"@id\":\"https:\\\/\\\/blog.proclima.com\\\/fr\\\/2017\\\/01\\\/tiny-houses\\\/#primaryimage\"},\"thumbnailUrl\":\"https:\\\/\\\/blog.proclima.com\\\/fr\\\/files\\\/2017\\\/01\\\/WP_20160909_11_00_16_Pro-1024x577.jpg\",\"datePublished\":\"2017-01-16T12:05:28+00:00\",\"dateModified\":\"2017-01-16T12:06:18+00:00\",\"breadcrumb\":{\"@id\":\"https:\\\/\\\/blog.proclima.com\\\/fr\\\/2017\\\/01\\\/tiny-houses\\\/#breadcrumb\"},\"inLanguage\":\"fr-FR\",\"potentialAction\":[{\"@type\":\"ReadAction\",\"target\":[\"https:\\\/\\\/blog.proclima.com\\\/fr\\\/2017\\\/01\\\/tiny-houses\\\/\"]}]},{\"@type\":\"ImageObject\",\"inLanguage\":\"fr-FR\",\"@id\":\"https:\\\/\\\/blog.proclima.com\\\/fr\\\/2017\\\/01\\\/tiny-houses\\\/#primaryimage\",\"url\":\"https:\\\/\\\/blog.proclima.com\\\/fr\\\/files\\\/2017\\\/01\\\/WP_20160909_11_00_16_Pro-1024x577.jpg\",\"contentUrl\":\"https:\\\/\\\/blog.proclima.com\\\/fr\\\/files\\\/2017\\\/01\\\/WP_20160909_11_00_16_Pro-1024x577.jpg\"},{\"@type\":\"BreadcrumbList\",\"@id\":\"https:\\\/\\\/blog.proclima.com\\\/fr\\\/2017\\\/01\\\/tiny-houses\\\/#breadcrumb\",\"itemListElement\":[{\"@type\":\"ListItem\",\"position\":1,\"name\":\"Accueil\",\"item\":\"https:\\\/\\\/blog.proclima.com\\\/fr\\\/\"},{\"@type\":\"ListItem\",\"position\":2,\"name\":\"Belles, ind\u00e9pendantes et confortables : Les Tiny Houses (mobiles) du nord-ouest de la France\"}]},{\"@type\":\"WebSite\",\"@id\":\"https:\\\/\\\/blog.proclima.com\\\/fr\\\/#website\",\"url\":\"https:\\\/\\\/blog.proclima.com\\\/fr\\\/\",\"name\":\"pro clima Blog - france\",\"description\":\"pro clima Blog\",\"publisher\":{\"@id\":\"https:\\\/\\\/blog.proclima.com\\\/fr\\\/#organization\"},\"potentialAction\":[{\"@type\":\"SearchAction\",\"target\":{\"@type\":\"EntryPoint\",\"urlTemplate\":\"https:\\\/\\\/blog.proclima.com\\\/fr\\\/?s={search_term_string}\"},\"query-input\":{\"@type\":\"PropertyValueSpecification\",\"valueRequired\":true,\"valueName\":\"search_term_string\"}}],\"inLanguage\":\"fr-FR\"},{\"@type\":\"Organization\",\"@id\":\"https:\\\/\\\/blog.proclima.com\\\/fr\\\/#organization\",\"name\":\"pro clima Blog - france\",\"url\":\"https:\\\/\\\/blog.proclima.com\\\/fr\\\/\",\"logo\":{\"@type\":\"ImageObject\",\"inLanguage\":\"fr-FR\",\"@id\":\"https:\\\/\\\/blog.proclima.com\\\/fr\\\/#\\\/schema\\\/logo\\\/image\\\/\",\"url\":\"https:\\\/\\\/blog.proclima.com\\\/fr\\\/files\\\/2025\\\/12\\\/logo_proclima_quadrat.png\",\"contentUrl\":\"https:\\\/\\\/blog.proclima.com\\\/fr\\\/files\\\/2025\\\/12\\\/logo_proclima_quadrat.png\",\"width\":1200,\"height\":1200,\"caption\":\"pro clima Blog - france\"},\"image\":{\"@id\":\"https:\\\/\\\/blog.proclima.com\\\/fr\\\/#\\\/schema\\\/logo\\\/image\\\/\"}},{\"@type\":\"Person\",\"@id\":\"https:\\\/\\\/blog.proclima.com\\\/fr\\\/#\\\/schema\\\/person\\\/b3490e20200d5d45b8d56f555ceffc21\",\"name\":\"Heide Merkel\",\"image\":{\"@type\":\"ImageObject\",\"inLanguage\":\"fr-FR\",\"@id\":\"https:\\\/\\\/secure.gravatar.com\\\/avatar\\\/a4a1c909701780173c0b7a635fb539f21128c8d654b77311c92e724657788582?s=96&d=mm&r=g\",\"url\":\"https:\\\/\\\/secure.gravatar.com\\\/avatar\\\/a4a1c909701780173c0b7a635fb539f21128c8d654b77311c92e724657788582?s=96&d=mm&r=g\",\"contentUrl\":\"https:\\\/\\\/secure.gravatar.com\\\/avatar\\\/a4a1c909701780173c0b7a635fb539f21128c8d654b77311c92e724657788582?s=96&d=mm&r=g\",\"caption\":\"Heide Merkel\"},\"description\":\"Fachjournalistin, Referentin, Steuerung Presse &amp; Digitale Medien bei Moll bau\u00f6kologische Produkte GmbH (pro clima). Als Japanologin und ausgebildete Redakteurin ist Heide eher zuf\u00e4llig in der Baubranche gelandet. Seit 2011 arbeitet sie f\u00fcr pro clima. Ihr Wissen zu effektiver Kommunikation gibt sie in Seminaren, Artikeln und Vortr\u00e4gen weiter. F\u00fcr den pro clima Blog, proclima.tv und das pro clima Bauradio interviewt sie interessante Menschen aus der Baubranche. Auf\u00a0 luftdichtheit-gepr\u00fcft.de bloggt Heide \u00fcber Leckagen, Luftdichtung und Qualit\u00e4ts\u00fcberpr\u00fcfung mit Blower-Door-Tests. Ihre Freizeit verbringt sie u.a. in den Vogesen, wo sie seit mehr als f\u00fcnf Jahren ein altes Bauernhaus saniert. Ihr neuestes Projekt:\u00a0 www.besser-als-marketing.de Hier gibt es Tipps, wie Unternehmen in der Baubranche ihre Sichtbarkeit erh\u00f6hen k\u00f6nnen. Die ersten Videos sind bereits online im Youtube Channel Wer mehr \u00fcber Heide Merkel erfahren m\u00f6chte, findet sie auf den g\u00e4ngigen Social Media Plattformen.\",\"url\":\"https:\\\/\\\/blog.proclima.com\\\/fr\\\/author\\\/gentner\\\/\"}]}<\/script>\n<!-- \/ Yoast SEO plugin. -->","yoast_head_json":{"title":"Belles, ind\u00e9pendantes et confortables : Les Tiny Houses (mobiles) du nord-ouest de la France - pro clima Blog - france","robots":{"index":"index","follow":"follow","max-snippet":"max-snippet:-1","max-image-preview":"max-image-preview:large","max-video-preview":"max-video-preview:-1"},"canonical":"https:\/\/blog.proclima.com\/fr\/2017\/01\/tiny-houses\/","og_locale":"fr_FR","og_type":"article","og_title":"Belles, ind\u00e9pendantes et confortables : Les Tiny Houses (mobiles) du nord-ouest de la France - pro clima Blog - france","og_description":"Confortable, mobile et pratique : c\u2019est la mission de \u00ab\u00a0La Tiny House\u00a0\u00bb \u00e0 Poilley sur le Homme, situ\u00e9 dans le nord-ouest de la France \u00e0 ...","og_url":"https:\/\/blog.proclima.com\/fr\/2017\/01\/tiny-houses\/","og_site_name":"pro clima Blog - france","article_published_time":"2017-01-16T12:05:28+00:00","article_modified_time":"2017-01-16T12:06:18+00:00","og_image":[{"url":"https:\/\/blog.proclima.com\/fr\/files\/2017\/01\/WP_20160909_11_00_16_Pro-1024x577.jpg","type":"","width":"","height":""}],"author":"Heide Merkel","twitter_card":"summary_large_image","twitter_misc":{"\u00c9crit par":"Heide Merkel","Dur\u00e9e de lecture estim\u00e9e":"1 minute"},"schema":{"@context":"https:\/\/schema.org","@graph":[{"@type":"Article","@id":"https:\/\/blog.proclima.com\/fr\/2017\/01\/tiny-houses\/#article","isPartOf":{"@id":"https:\/\/blog.proclima.com\/fr\/2017\/01\/tiny-houses\/"},"author":{"name":"Heide Merkel","@id":"https:\/\/blog.proclima.com\/fr\/#\/schema\/person\/b3490e20200d5d45b8d56f555ceffc21"},"headline":"Belles, ind\u00e9pendantes et confortables : Les Tiny Houses (mobiles) du nord-ouest de la France","datePublished":"2017-01-16T12:05:28+00:00","dateModified":"2017-01-16T12:06:18+00:00","mainEntityOfPage":{"@id":"https:\/\/blog.proclima.com\/fr\/2017\/01\/tiny-houses\/"},"wordCount":312,"commentCount":0,"publisher":{"@id":"https:\/\/blog.proclima.com\/fr\/#organization"},"image":{"@id":"https:\/\/blog.proclima.com\/fr\/2017\/01\/tiny-houses\/#primaryimage"},"thumbnailUrl":"https:\/\/blog.proclima.com\/fr\/files\/2017\/01\/WP_20160909_11_00_16_Pro-1024x577.jpg","keywords":["Tiny House"],"articleSection":["pro clima"],"inLanguage":"fr-FR","potentialAction":[{"@type":"CommentAction","name":"Comment","target":["https:\/\/blog.proclima.com\/fr\/2017\/01\/tiny-houses\/#respond"]}]},{"@type":"WebPage","@id":"https:\/\/blog.proclima.com\/fr\/2017\/01\/tiny-houses\/","url":"https:\/\/blog.proclima.com\/fr\/2017\/01\/tiny-houses\/","name":"Belles, ind\u00e9pendantes et confortables : Les Tiny Houses (mobiles) du nord-ouest de la France - pro clima Blog - france","isPartOf":{"@id":"https:\/\/blog.proclima.com\/fr\/#website"},"primaryImageOfPage":{"@id":"https:\/\/blog.proclima.com\/fr\/2017\/01\/tiny-houses\/#primaryimage"},"image":{"@id":"https:\/\/blog.proclima.com\/fr\/2017\/01\/tiny-houses\/#primaryimage"},"thumbnailUrl":"https:\/\/blog.proclima.com\/fr\/files\/2017\/01\/WP_20160909_11_00_16_Pro-1024x577.jpg","datePublished":"2017-01-16T12:05:28+00:00","dateModified":"2017-01-16T12:06:18+00:00","breadcrumb":{"@id":"https:\/\/blog.proclima.com\/fr\/2017\/01\/tiny-houses\/#breadcrumb"},"inLanguage":"fr-FR","potentialAction":[{"@type":"ReadAction","target":["https:\/\/blog.proclima.com\/fr\/2017\/01\/tiny-houses\/"]}]},{"@type":"ImageObject","inLanguage":"fr-FR","@id":"https:\/\/blog.proclima.com\/fr\/2017\/01\/tiny-houses\/#primaryimage","url":"https:\/\/blog.proclima.com\/fr\/files\/2017\/01\/WP_20160909_11_00_16_Pro-1024x577.jpg","contentUrl":"https:\/\/blog.proclima.com\/fr\/files\/2017\/01\/WP_20160909_11_00_16_Pro-1024x577.jpg"},{"@type":"BreadcrumbList","@id":"https:\/\/blog.proclima.com\/fr\/2017\/01\/tiny-houses\/#breadcrumb","itemListElement":[{"@type":"ListItem","position":1,"name":"Accueil","item":"https:\/\/blog.proclima.com\/fr\/"},{"@type":"ListItem","position":2,"name":"Belles, ind\u00e9pendantes et confortables : Les Tiny Houses (mobiles) du nord-ouest de la France"}]},{"@type":"WebSite","@id":"https:\/\/blog.proclima.com\/fr\/#website","url":"https:\/\/blog.proclima.com\/fr\/","name":"pro clima Blog - france","description":"pro clima Blog","publisher":{"@id":"https:\/\/blog.proclima.com\/fr\/#organization"},"potentialAction":[{"@type":"SearchAction","target":{"@type":"EntryPoint","urlTemplate":"https:\/\/blog.proclima.com\/fr\/?s={search_term_string}"},"query-input":{"@type":"PropertyValueSpecification","valueRequired":true,"valueName":"search_term_string"}}],"inLanguage":"fr-FR"},{"@type":"Organization","@id":"https:\/\/blog.proclima.com\/fr\/#organization","name":"pro clima Blog - france","url":"https:\/\/blog.proclima.com\/fr\/","logo":{"@type":"ImageObject","inLanguage":"fr-FR","@id":"https:\/\/blog.proclima.com\/fr\/#\/schema\/logo\/image\/","url":"https:\/\/blog.proclima.com\/fr\/files\/2025\/12\/logo_proclima_quadrat.png","contentUrl":"https:\/\/blog.proclima.com\/fr\/files\/2025\/12\/logo_proclima_quadrat.png","width":1200,"height":1200,"caption":"pro clima Blog - france"},"image":{"@id":"https:\/\/blog.proclima.com\/fr\/#\/schema\/logo\/image\/"}},{"@type":"Person","@id":"https:\/\/blog.proclima.com\/fr\/#\/schema\/person\/b3490e20200d5d45b8d56f555ceffc21","name":"Heide Merkel","image":{"@type":"ImageObject","inLanguage":"fr-FR","@id":"https:\/\/secure.gravatar.com\/avatar\/a4a1c909701780173c0b7a635fb539f21128c8d654b77311c92e724657788582?s=96&d=mm&r=g","url":"https:\/\/secure.gravatar.com\/avatar\/a4a1c909701780173c0b7a635fb539f21128c8d654b77311c92e724657788582?s=96&d=mm&r=g","contentUrl":"https:\/\/secure.gravatar.com\/avatar\/a4a1c909701780173c0b7a635fb539f21128c8d654b77311c92e724657788582?s=96&d=mm&r=g","caption":"Heide Merkel"},"description":"Fachjournalistin, Referentin, Steuerung Presse &amp; Digitale Medien bei Moll bau\u00f6kologische Produkte GmbH (pro clima). Als Japanologin und ausgebildete Redakteurin ist Heide eher zuf\u00e4llig in der Baubranche gelandet. Seit 2011 arbeitet sie f\u00fcr pro clima. Ihr Wissen zu effektiver Kommunikation gibt sie in Seminaren, Artikeln und Vortr\u00e4gen weiter. F\u00fcr den pro clima Blog, proclima.tv und das pro clima Bauradio interviewt sie interessante Menschen aus der Baubranche. Auf\u00a0 luftdichtheit-gepr\u00fcft.de bloggt Heide \u00fcber Leckagen, Luftdichtung und Qualit\u00e4ts\u00fcberpr\u00fcfung mit Blower-Door-Tests. Ihre Freizeit verbringt sie u.a. in den Vogesen, wo sie seit mehr als f\u00fcnf Jahren ein altes Bauernhaus saniert. Ihr neuestes Projekt:\u00a0 www.besser-als-marketing.de Hier gibt es Tipps, wie Unternehmen in der Baubranche ihre Sichtbarkeit erh\u00f6hen k\u00f6nnen. Die ersten Videos sind bereits online im Youtube Channel Wer mehr \u00fcber Heide Merkel erfahren m\u00f6chte, findet sie auf den g\u00e4ngigen Social Media Plattformen.","url":"https:\/\/blog.proclima.com\/fr\/author\/gentner\/"}]}},"_links":{"self":[{"href":"https:\/\/blog.proclima.com\/fr\/wp-json\/wp\/v2\/posts\/681","targetHints":{"allow":["GET"]}}],"collection":[{"href":"https:\/\/blog.proclima.com\/fr\/wp-json\/wp\/v2\/posts"}],"about":[{"href":"https:\/\/blog.proclima.com\/fr\/wp-json\/wp\/v2\/types\/post"}],"author":[{"embeddable":true,"href":"https:\/\/blog.proclima.com\/fr\/wp-json\/wp\/v2\/users\/18"}],"replies":[{"embeddable":true,"href":"https:\/\/blog.proclima.com\/fr\/wp-json\/wp\/v2\/comments?post=681"}],"version-history":[{"count":3,"href":"https:\/\/blog.proclima.com\/fr\/wp-json\/wp\/v2\/posts\/681\/revisions"}],"predecessor-version":[{"id":785,"href":"https:\/\/blog.proclima.com\/fr\/wp-json\/wp\/v2\/posts\/681\/revisions\/785"}],"wp:attachment":[{"href":"https:\/\/blog.proclima.com\/fr\/wp-json\/wp\/v2\/media?parent=681"}],"wp:term":[{"taxonomy":"category","embeddable":true,"href":"https:\/\/blog.proclima.com\/fr\/wp-json\/wp\/v2\/categories?post=681"},{"taxonomy":"post_tag","embeddable":true,"href":"https:\/\/blog.proclima.com\/fr\/wp-json\/wp\/v2\/tags?post=681"}],"curies":[{"name":"wp","href":"https:\/\/api.w.org\/{rel}","templated":true}]}}