
{"id":677,"date":"2017-01-02T14:15:29","date_gmt":"2017-01-02T13:15:29","guid":{"rendered":"http:\/\/blog.proclima.com\/fr\/?p=677"},"modified":"2017-01-02T14:15:29","modified_gmt":"2017-01-02T13:15:29","slug":"bonne-annee-2017","status":"publish","type":"post","link":"https:\/\/blog.proclima.com\/fr\/2017\/01\/bonne-annee-2017\/","title":{"rendered":"Bonne et heureuse ann\u00e9e 2017"},"content":{"rendered":"<p><a href=\"https:\/\/blog.proclima.com\/fr\/files\/2017\/01\/Bildschirmfoto-2017-01-02-um-14.13.07.png\"><img loading=\"lazy\" decoding=\"async\" data-size=\"910x634\" class=\"aligncenter wp-image-678 size-full\" src=\"https:\/\/blog.proclima.com\/fr\/files\/2017\/01\/Bildschirmfoto-2017-01-02-um-14.13.07.png\" width=\"910\" height=\"634\" srcset=\"https:\/\/blog.proclima.com\/fr\/files\/2017\/01\/Bildschirmfoto-2017-01-02-um-14.13.07.png 910w, https:\/\/blog.proclima.com\/fr\/files\/2017\/01\/Bildschirmfoto-2017-01-02-um-14.13.07-300x209.png 300w, https:\/\/blog.proclima.com\/fr\/files\/2017\/01\/Bildschirmfoto-2017-01-02-um-14.13.07-768x535.png 768w\" sizes=\"auto, (max-width: 910px) 100vw, 910px\" \/><\/a><br \/>\nL&rsquo;\u00e9quipe pro clima vous souhaite ses meilleurs voeux pour la nouvelle ann\u00e9e.<br \/>\nNous nous r\u00e9jouissons \u00e0 la perspective des \u00e9changes et activit\u00e9s \u00e0 venir avec vous.<\/p>\n","protected":false},"excerpt":{"rendered":"<p>L&rsquo;\u00e9quipe pro clima vous souhaite ses meilleurs voeux pour la nouvelle ann\u00e9e. Nous nous r\u00e9jouissons \u00e0 la perspective des \u00e9changes et activit\u00e9s \u00e0 venir avec <a href=\"https:\/\/blog.proclima.com\/fr\/2017\/01\/bonne-annee-2017\/\" rel=\"bookmark\">&#8230;<\/a><\/p>\n","protected":false},"author":18,"featured_media":0,"comment_status":"open","ping_status":"open","sticky":false,"template":"","format":"standard","meta":{"footnotes":""},"categories":[1],"tags":[141],"class_list":["post-677","post","type-post","status-publish","format-standard","hentry","category-general","tag-141"],"yoast_head":"<!-- This site is optimized with the Yoast SEO plugin v27.5 - https:\/\/yoast.com\/product\/yoast-seo-wordpress\/ -->\n<title>Bonne et heureuse ann\u00e9e 2017 - pro clima Blog - france<\/title>\n<meta name=\"robots\" content=\"index, follow, max-snippet:-1, max-image-preview:large, max-video-preview:-1\" \/>\n<link rel=\"canonical\" href=\"https:\/\/blog.proclima.com\/fr\/2017\/01\/bonne-annee-2017\/\" \/>\n<meta property=\"og:locale\" content=\"fr_FR\" \/>\n<meta property=\"og:type\" content=\"article\" \/>\n<meta property=\"og:title\" content=\"Bonne et heureuse ann\u00e9e 2017 - pro clima Blog - france\" \/>\n<meta property=\"og:description\" content=\"L&rsquo;\u00e9quipe pro clima vous souhaite ses meilleurs voeux pour la nouvelle ann\u00e9e. Nous nous r\u00e9jouissons \u00e0 la perspective des \u00e9changes et activit\u00e9s \u00e0 venir avec ...\" \/>\n<meta property=\"og:url\" content=\"https:\/\/blog.proclima.com\/fr\/2017\/01\/bonne-annee-2017\/\" \/>\n<meta property=\"og:site_name\" content=\"pro clima Blog - france\" \/>\n<meta property=\"article:published_time\" content=\"2017-01-02T13:15:29+00:00\" \/>\n<meta property=\"og:image\" content=\"https:\/\/blog.proclima.com\/fr\/files\/2017\/01\/Bildschirmfoto-2017-01-02-um-14.13.07.png\" \/>\n<meta name=\"author\" content=\"Heide Merkel\" \/>\n<meta name=\"twitter:card\" content=\"summary_large_image\" \/>\n<meta name=\"twitter:label1\" content=\"\u00c9crit par\" \/>\n\t<meta name=\"twitter:data1\" content=\"Heide Merkel\" \/>\n<script type=\"application\/ld+json\" class=\"yoast-schema-graph\">{\"@context\":\"https:\\\/\\\/schema.org\",\"@graph\":[{\"@type\":\"Article\",\"@id\":\"https:\\\/\\\/blog.proclima.com\\\/fr\\\/2017\\\/01\\\/bonne-annee-2017\\\/#article\",\"isPartOf\":{\"@id\":\"https:\\\/\\\/blog.proclima.com\\\/fr\\\/2017\\\/01\\\/bonne-annee-2017\\\/\"},\"author\":{\"name\":\"Heide Merkel\",\"@id\":\"https:\\\/\\\/blog.proclima.com\\\/fr\\\/#\\\/schema\\\/person\\\/b3490e20200d5d45b8d56f555ceffc21\"},\"headline\":\"Bonne et heureuse ann\u00e9e 2017\",\"datePublished\":\"2017-01-02T13:15:29+00:00\",\"mainEntityOfPage\":{\"@id\":\"https:\\\/\\\/blog.proclima.com\\\/fr\\\/2017\\\/01\\\/bonne-annee-2017\\\/\"},\"wordCount\":33,\"commentCount\":0,\"publisher\":{\"@id\":\"https:\\\/\\\/blog.proclima.com\\\/fr\\\/#organization\"},\"image\":{\"@id\":\"https:\\\/\\\/blog.proclima.com\\\/fr\\\/2017\\\/01\\\/bonne-annee-2017\\\/#primaryimage\"},\"thumbnailUrl\":\"https:\\\/\\\/blog.proclima.com\\\/fr\\\/files\\\/2017\\\/01\\\/Bildschirmfoto-2017-01-02-um-14.13.07.png\",\"keywords\":[\"2017\"],\"articleSection\":[\"pro clima\"],\"inLanguage\":\"fr-FR\",\"potentialAction\":[{\"@type\":\"CommentAction\",\"name\":\"Comment\",\"target\":[\"https:\\\/\\\/blog.proclima.com\\\/fr\\\/2017\\\/01\\\/bonne-annee-2017\\\/#respond\"]}]},{\"@type\":\"WebPage\",\"@id\":\"https:\\\/\\\/blog.proclima.com\\\/fr\\\/2017\\\/01\\\/bonne-annee-2017\\\/\",\"url\":\"https:\\\/\\\/blog.proclima.com\\\/fr\\\/2017\\\/01\\\/bonne-annee-2017\\\/\",\"name\":\"Bonne et heureuse ann\u00e9e 2017 - pro clima Blog - france\",\"isPartOf\":{\"@id\":\"https:\\\/\\\/blog.proclima.com\\\/fr\\\/#website\"},\"primaryImageOfPage\":{\"@id\":\"https:\\\/\\\/blog.proclima.com\\\/fr\\\/2017\\\/01\\\/bonne-annee-2017\\\/#primaryimage\"},\"image\":{\"@id\":\"https:\\\/\\\/blog.proclima.com\\\/fr\\\/2017\\\/01\\\/bonne-annee-2017\\\/#primaryimage\"},\"thumbnailUrl\":\"https:\\\/\\\/blog.proclima.com\\\/fr\\\/files\\\/2017\\\/01\\\/Bildschirmfoto-2017-01-02-um-14.13.07.png\",\"datePublished\":\"2017-01-02T13:15:29+00:00\",\"breadcrumb\":{\"@id\":\"https:\\\/\\\/blog.proclima.com\\\/fr\\\/2017\\\/01\\\/bonne-annee-2017\\\/#breadcrumb\"},\"inLanguage\":\"fr-FR\",\"potentialAction\":[{\"@type\":\"ReadAction\",\"target\":[\"https:\\\/\\\/blog.proclima.com\\\/fr\\\/2017\\\/01\\\/bonne-annee-2017\\\/\"]}]},{\"@type\":\"ImageObject\",\"inLanguage\":\"fr-FR\",\"@id\":\"https:\\\/\\\/blog.proclima.com\\\/fr\\\/2017\\\/01\\\/bonne-annee-2017\\\/#primaryimage\",\"url\":\"https:\\\/\\\/blog.proclima.com\\\/fr\\\/files\\\/2017\\\/01\\\/Bildschirmfoto-2017-01-02-um-14.13.07.png\",\"contentUrl\":\"https:\\\/\\\/blog.proclima.com\\\/fr\\\/files\\\/2017\\\/01\\\/Bildschirmfoto-2017-01-02-um-14.13.07.png\"},{\"@type\":\"BreadcrumbList\",\"@id\":\"https:\\\/\\\/blog.proclima.com\\\/fr\\\/2017\\\/01\\\/bonne-annee-2017\\\/#breadcrumb\",\"itemListElement\":[{\"@type\":\"ListItem\",\"position\":1,\"name\":\"Accueil\",\"item\":\"https:\\\/\\\/blog.proclima.com\\\/fr\\\/\"},{\"@type\":\"ListItem\",\"position\":2,\"name\":\"Bonne et heureuse ann\u00e9e 2017\"}]},{\"@type\":\"WebSite\",\"@id\":\"https:\\\/\\\/blog.proclima.com\\\/fr\\\/#website\",\"url\":\"https:\\\/\\\/blog.proclima.com\\\/fr\\\/\",\"name\":\"pro clima Blog - france\",\"description\":\"pro clima Blog\",\"publisher\":{\"@id\":\"https:\\\/\\\/blog.proclima.com\\\/fr\\\/#organization\"},\"potentialAction\":[{\"@type\":\"SearchAction\",\"target\":{\"@type\":\"EntryPoint\",\"urlTemplate\":\"https:\\\/\\\/blog.proclima.com\\\/fr\\\/?s={search_term_string}\"},\"query-input\":{\"@type\":\"PropertyValueSpecification\",\"valueRequired\":true,\"valueName\":\"search_term_string\"}}],\"inLanguage\":\"fr-FR\"},{\"@type\":\"Organization\",\"@id\":\"https:\\\/\\\/blog.proclima.com\\\/fr\\\/#organization\",\"name\":\"pro clima Blog - france\",\"url\":\"https:\\\/\\\/blog.proclima.com\\\/fr\\\/\",\"logo\":{\"@type\":\"ImageObject\",\"inLanguage\":\"fr-FR\",\"@id\":\"https:\\\/\\\/blog.proclima.com\\\/fr\\\/#\\\/schema\\\/logo\\\/image\\\/\",\"url\":\"https:\\\/\\\/blog.proclima.com\\\/fr\\\/files\\\/2025\\\/12\\\/logo_proclima_quadrat.png\",\"contentUrl\":\"https:\\\/\\\/blog.proclima.com\\\/fr\\\/files\\\/2025\\\/12\\\/logo_proclima_quadrat.png\",\"width\":1200,\"height\":1200,\"caption\":\"pro clima Blog - france\"},\"image\":{\"@id\":\"https:\\\/\\\/blog.proclima.com\\\/fr\\\/#\\\/schema\\\/logo\\\/image\\\/\"}},{\"@type\":\"Person\",\"@id\":\"https:\\\/\\\/blog.proclima.com\\\/fr\\\/#\\\/schema\\\/person\\\/b3490e20200d5d45b8d56f555ceffc21\",\"name\":\"Heide Merkel\",\"image\":{\"@type\":\"ImageObject\",\"inLanguage\":\"fr-FR\",\"@id\":\"https:\\\/\\\/secure.gravatar.com\\\/avatar\\\/a4a1c909701780173c0b7a635fb539f21128c8d654b77311c92e724657788582?s=96&d=mm&r=g\",\"url\":\"https:\\\/\\\/secure.gravatar.com\\\/avatar\\\/a4a1c909701780173c0b7a635fb539f21128c8d654b77311c92e724657788582?s=96&d=mm&r=g\",\"contentUrl\":\"https:\\\/\\\/secure.gravatar.com\\\/avatar\\\/a4a1c909701780173c0b7a635fb539f21128c8d654b77311c92e724657788582?s=96&d=mm&r=g\",\"caption\":\"Heide Merkel\"},\"description\":\"Fachjournalistin, Referentin, Steuerung Presse &amp; Digitale Medien bei Moll bau\u00f6kologische Produkte GmbH (pro clima). Als Japanologin und ausgebildete Redakteurin ist Heide eher zuf\u00e4llig in der Baubranche gelandet. Seit 2011 arbeitet sie f\u00fcr pro clima. Ihr Wissen zu effektiver Kommunikation gibt sie in Seminaren, Artikeln und Vortr\u00e4gen weiter. F\u00fcr den pro clima Blog, proclima.tv und das pro clima Bauradio interviewt sie interessante Menschen aus der Baubranche. Auf\u00a0 luftdichtheit-gepr\u00fcft.de bloggt Heide \u00fcber Leckagen, Luftdichtung und Qualit\u00e4ts\u00fcberpr\u00fcfung mit Blower-Door-Tests. Ihre Freizeit verbringt sie u.a. in den Vogesen, wo sie seit mehr als f\u00fcnf Jahren ein altes Bauernhaus saniert. Ihr neuestes Projekt:\u00a0 www.besser-als-marketing.de Hier gibt es Tipps, wie Unternehmen in der Baubranche ihre Sichtbarkeit erh\u00f6hen k\u00f6nnen. Die ersten Videos sind bereits online im Youtube Channel Wer mehr \u00fcber Heide Merkel erfahren m\u00f6chte, findet sie auf den g\u00e4ngigen Social Media Plattformen.\",\"url\":\"https:\\\/\\\/blog.proclima.com\\\/fr\\\/author\\\/gentner\\\/\"}]}<\/script>\n<!-- \/ Yoast SEO plugin. -->","yoast_head_json":{"title":"Bonne et heureuse ann\u00e9e 2017 - pro clima Blog - france","robots":{"index":"index","follow":"follow","max-snippet":"max-snippet:-1","max-image-preview":"max-image-preview:large","max-video-preview":"max-video-preview:-1"},"canonical":"https:\/\/blog.proclima.com\/fr\/2017\/01\/bonne-annee-2017\/","og_locale":"fr_FR","og_type":"article","og_title":"Bonne et heureuse ann\u00e9e 2017 - pro clima Blog - france","og_description":"L&rsquo;\u00e9quipe pro clima vous souhaite ses meilleurs voeux pour la nouvelle ann\u00e9e. Nous nous r\u00e9jouissons \u00e0 la perspective des \u00e9changes et activit\u00e9s \u00e0 venir avec ...","og_url":"https:\/\/blog.proclima.com\/fr\/2017\/01\/bonne-annee-2017\/","og_site_name":"pro clima Blog - france","article_published_time":"2017-01-02T13:15:29+00:00","og_image":[{"url":"https:\/\/blog.proclima.com\/fr\/files\/2017\/01\/Bildschirmfoto-2017-01-02-um-14.13.07.png","type":"","width":"","height":""}],"author":"Heide Merkel","twitter_card":"summary_large_image","twitter_misc":{"\u00c9crit par":"Heide Merkel"},"schema":{"@context":"https:\/\/schema.org","@graph":[{"@type":"Article","@id":"https:\/\/blog.proclima.com\/fr\/2017\/01\/bonne-annee-2017\/#article","isPartOf":{"@id":"https:\/\/blog.proclima.com\/fr\/2017\/01\/bonne-annee-2017\/"},"author":{"name":"Heide Merkel","@id":"https:\/\/blog.proclima.com\/fr\/#\/schema\/person\/b3490e20200d5d45b8d56f555ceffc21"},"headline":"Bonne et heureuse ann\u00e9e 2017","datePublished":"2017-01-02T13:15:29+00:00","mainEntityOfPage":{"@id":"https:\/\/blog.proclima.com\/fr\/2017\/01\/bonne-annee-2017\/"},"wordCount":33,"commentCount":0,"publisher":{"@id":"https:\/\/blog.proclima.com\/fr\/#organization"},"image":{"@id":"https:\/\/blog.proclima.com\/fr\/2017\/01\/bonne-annee-2017\/#primaryimage"},"thumbnailUrl":"https:\/\/blog.proclima.com\/fr\/files\/2017\/01\/Bildschirmfoto-2017-01-02-um-14.13.07.png","keywords":["2017"],"articleSection":["pro clima"],"inLanguage":"fr-FR","potentialAction":[{"@type":"CommentAction","name":"Comment","target":["https:\/\/blog.proclima.com\/fr\/2017\/01\/bonne-annee-2017\/#respond"]}]},{"@type":"WebPage","@id":"https:\/\/blog.proclima.com\/fr\/2017\/01\/bonne-annee-2017\/","url":"https:\/\/blog.proclima.com\/fr\/2017\/01\/bonne-annee-2017\/","name":"Bonne et heureuse ann\u00e9e 2017 - pro clima Blog - france","isPartOf":{"@id":"https:\/\/blog.proclima.com\/fr\/#website"},"primaryImageOfPage":{"@id":"https:\/\/blog.proclima.com\/fr\/2017\/01\/bonne-annee-2017\/#primaryimage"},"image":{"@id":"https:\/\/blog.proclima.com\/fr\/2017\/01\/bonne-annee-2017\/#primaryimage"},"thumbnailUrl":"https:\/\/blog.proclima.com\/fr\/files\/2017\/01\/Bildschirmfoto-2017-01-02-um-14.13.07.png","datePublished":"2017-01-02T13:15:29+00:00","breadcrumb":{"@id":"https:\/\/blog.proclima.com\/fr\/2017\/01\/bonne-annee-2017\/#breadcrumb"},"inLanguage":"fr-FR","potentialAction":[{"@type":"ReadAction","target":["https:\/\/blog.proclima.com\/fr\/2017\/01\/bonne-annee-2017\/"]}]},{"@type":"ImageObject","inLanguage":"fr-FR","@id":"https:\/\/blog.proclima.com\/fr\/2017\/01\/bonne-annee-2017\/#primaryimage","url":"https:\/\/blog.proclima.com\/fr\/files\/2017\/01\/Bildschirmfoto-2017-01-02-um-14.13.07.png","contentUrl":"https:\/\/blog.proclima.com\/fr\/files\/2017\/01\/Bildschirmfoto-2017-01-02-um-14.13.07.png"},{"@type":"BreadcrumbList","@id":"https:\/\/blog.proclima.com\/fr\/2017\/01\/bonne-annee-2017\/#breadcrumb","itemListElement":[{"@type":"ListItem","position":1,"name":"Accueil","item":"https:\/\/blog.proclima.com\/fr\/"},{"@type":"ListItem","position":2,"name":"Bonne et heureuse ann\u00e9e 2017"}]},{"@type":"WebSite","@id":"https:\/\/blog.proclima.com\/fr\/#website","url":"https:\/\/blog.proclima.com\/fr\/","name":"pro clima Blog - france","description":"pro clima Blog","publisher":{"@id":"https:\/\/blog.proclima.com\/fr\/#organization"},"potentialAction":[{"@type":"SearchAction","target":{"@type":"EntryPoint","urlTemplate":"https:\/\/blog.proclima.com\/fr\/?s={search_term_string}"},"query-input":{"@type":"PropertyValueSpecification","valueRequired":true,"valueName":"search_term_string"}}],"inLanguage":"fr-FR"},{"@type":"Organization","@id":"https:\/\/blog.proclima.com\/fr\/#organization","name":"pro clima Blog - france","url":"https:\/\/blog.proclima.com\/fr\/","logo":{"@type":"ImageObject","inLanguage":"fr-FR","@id":"https:\/\/blog.proclima.com\/fr\/#\/schema\/logo\/image\/","url":"https:\/\/blog.proclima.com\/fr\/files\/2025\/12\/logo_proclima_quadrat.png","contentUrl":"https:\/\/blog.proclima.com\/fr\/files\/2025\/12\/logo_proclima_quadrat.png","width":1200,"height":1200,"caption":"pro clima Blog - france"},"image":{"@id":"https:\/\/blog.proclima.com\/fr\/#\/schema\/logo\/image\/"}},{"@type":"Person","@id":"https:\/\/blog.proclima.com\/fr\/#\/schema\/person\/b3490e20200d5d45b8d56f555ceffc21","name":"Heide Merkel","image":{"@type":"ImageObject","inLanguage":"fr-FR","@id":"https:\/\/secure.gravatar.com\/avatar\/a4a1c909701780173c0b7a635fb539f21128c8d654b77311c92e724657788582?s=96&d=mm&r=g","url":"https:\/\/secure.gravatar.com\/avatar\/a4a1c909701780173c0b7a635fb539f21128c8d654b77311c92e724657788582?s=96&d=mm&r=g","contentUrl":"https:\/\/secure.gravatar.com\/avatar\/a4a1c909701780173c0b7a635fb539f21128c8d654b77311c92e724657788582?s=96&d=mm&r=g","caption":"Heide Merkel"},"description":"Fachjournalistin, Referentin, Steuerung Presse &amp; Digitale Medien bei Moll bau\u00f6kologische Produkte GmbH (pro clima). Als Japanologin und ausgebildete Redakteurin ist Heide eher zuf\u00e4llig in der Baubranche gelandet. Seit 2011 arbeitet sie f\u00fcr pro clima. Ihr Wissen zu effektiver Kommunikation gibt sie in Seminaren, Artikeln und Vortr\u00e4gen weiter. F\u00fcr den pro clima Blog, proclima.tv und das pro clima Bauradio interviewt sie interessante Menschen aus der Baubranche. Auf\u00a0 luftdichtheit-gepr\u00fcft.de bloggt Heide \u00fcber Leckagen, Luftdichtung und Qualit\u00e4ts\u00fcberpr\u00fcfung mit Blower-Door-Tests. Ihre Freizeit verbringt sie u.a. in den Vogesen, wo sie seit mehr als f\u00fcnf Jahren ein altes Bauernhaus saniert. Ihr neuestes Projekt:\u00a0 www.besser-als-marketing.de Hier gibt es Tipps, wie Unternehmen in der Baubranche ihre Sichtbarkeit erh\u00f6hen k\u00f6nnen. Die ersten Videos sind bereits online im Youtube Channel Wer mehr \u00fcber Heide Merkel erfahren m\u00f6chte, findet sie auf den g\u00e4ngigen Social Media Plattformen.","url":"https:\/\/blog.proclima.com\/fr\/author\/gentner\/"}]}},"_links":{"self":[{"href":"https:\/\/blog.proclima.com\/fr\/wp-json\/wp\/v2\/posts\/677","targetHints":{"allow":["GET"]}}],"collection":[{"href":"https:\/\/blog.proclima.com\/fr\/wp-json\/wp\/v2\/posts"}],"about":[{"href":"https:\/\/blog.proclima.com\/fr\/wp-json\/wp\/v2\/types\/post"}],"author":[{"embeddable":true,"href":"https:\/\/blog.proclima.com\/fr\/wp-json\/wp\/v2\/users\/18"}],"replies":[{"embeddable":true,"href":"https:\/\/blog.proclima.com\/fr\/wp-json\/wp\/v2\/comments?post=677"}],"version-history":[{"count":1,"href":"https:\/\/blog.proclima.com\/fr\/wp-json\/wp\/v2\/posts\/677\/revisions"}],"predecessor-version":[{"id":679,"href":"https:\/\/blog.proclima.com\/fr\/wp-json\/wp\/v2\/posts\/677\/revisions\/679"}],"wp:attachment":[{"href":"https:\/\/blog.proclima.com\/fr\/wp-json\/wp\/v2\/media?parent=677"}],"wp:term":[{"taxonomy":"category","embeddable":true,"href":"https:\/\/blog.proclima.com\/fr\/wp-json\/wp\/v2\/categories?post=677"},{"taxonomy":"post_tag","embeddable":true,"href":"https:\/\/blog.proclima.com\/fr\/wp-json\/wp\/v2\/tags?post=677"}],"curies":[{"name":"wp","href":"https:\/\/api.w.org\/{rel}","templated":true}]}}