
{"id":618,"date":"2016-06-16T09:06:16","date_gmt":"2016-06-16T07:06:16","guid":{"rendered":"http:\/\/blog.proclima.com\/fr\/?p=618"},"modified":"2016-05-10T09:11:04","modified_gmt":"2016-05-10T07:11:04","slug":"une-approche-plus-responsable","status":"publish","type":"post","link":"https:\/\/blog.proclima.com\/fr\/2016\/06\/une-approche-plus-responsable\/","title":{"rendered":"Une approche plus responsable de la contruction de l\u2019habitat"},"content":{"rendered":"<div><strong>Combien d\u2019\u00e9nergie \u00e9conomisons-nous r\u00e9ellement ?<\/strong><\/div>\n<div>\n<div>Economiser de l\u2019\u00e9nergie, \u00e9viter les d\u00e9g\u00e2ts au b\u00e2timent et garantir un habitat sain sont<\/div>\n<div>les objectifs que poursuit Uwe Bartholom\u00e4i, directeur de pro clima, depuis plus de<\/div>\n<div>trente ans. Dans son entretien avec le Magazine pro clima, il explique o\u00f9 nous en<\/div>\n<div>sommes actuellement et comment nous pouvons concilier les int\u00e9r\u00eats \u00e9cologiques et<\/div>\n<div>\u00e9conomiques.<\/div>\n<\/div>\n<div>\n<div>\n<figure id=\"attachment_622\" aria-describedby=\"caption-attachment-622\" style=\"width: 113px\" class=\"wp-caption alignleft\"><a href=\"https:\/\/blog.proclima.com\/fr\/files\/2016\/05\/2015_11_Uwe_unbearbeitet16.jpg\"><img loading=\"lazy\" decoding=\"async\" data-size=\"1777x2161\" class=\"wp-image-622 \" src=\"https:\/\/blog.proclima.com\/fr\/files\/2016\/05\/2015_11_Uwe_unbearbeitet16-247x300.jpg\" alt=\"2015_11_Uwe_unbearbeitet16\" width=\"113\" height=\"137\" srcset=\"https:\/\/blog.proclima.com\/fr\/files\/2016\/05\/2015_11_Uwe_unbearbeitet16-247x300.jpg 247w, https:\/\/blog.proclima.com\/fr\/files\/2016\/05\/2015_11_Uwe_unbearbeitet16-768x934.jpg 768w, https:\/\/blog.proclima.com\/fr\/files\/2016\/05\/2015_11_Uwe_unbearbeitet16-842x1024.jpg 842w, https:\/\/blog.proclima.com\/fr\/files\/2016\/05\/2015_11_Uwe_unbearbeitet16.jpg 1777w\" sizes=\"auto, (max-width: 113px) 100vw, 113px\" \/><\/a><figcaption id=\"caption-attachment-622\" class=\"wp-caption-text\">Un visionnaire en mati\u00e8re d\u2019\u00e9cologie depuis plus de 30 ans: Uwe Bartholom\u00e4i, directeur de pro clima<\/figcaption><\/figure>\n<p><em><strong>Beaucoup de gens consid\u00e8rent que l\u2019\u00e9cologie co\u00fbte cher. Ecologie et \u00e9conomie sont-elles contradictoires ?<\/strong><\/em><\/p>\n<\/div>\n<div>Uwe Bartholom\u00e4i:L\u2019o\u00efkos, dans la Gr\u00e8ce Antique, d\u00e9finit l\u2019ensemble des biens et des hommes rattach\u00e9s \u00e0 un m\u00eame lieu d\u2019habitation et de production. Le terme d\u00e9signe \u00e0 la fois un lieu et une action : l\u2019habitat et les \u00e9changes qui fondent le regroupement social. Donc, on ne peut pas dissocier les deux. Il faut au contraire les consid\u00e9rer ensemble. A long terme, notre r\u00e9ussite \u00e9conomique d\u00e9pend pleinement de notre action \u00e9cologique.<\/div>\n<\/div>\n<div><\/div>\n<p><!--more--><\/p>\n<div>\n<div><em><strong><br \/>\nLe monde social et \u00e9conomique commence \u00e0 \u00eatre sensible aux questions d\u2019\u00e9cologie. Mais cela ne se refl\u00e8te pas dans les chiffres concernant l\u2018espace habitable. Pourquoi ?<\/strong><\/em><\/div>\n<div>Uwe Bartholom\u00e4i: En Allemagne, en 1950, une personne disposait en moyenne de 14 m\u00b2 de surface habitable. En 2004, ce chiffre \u00e9tait pass\u00e9 \u00e0 42 m\u00b2. C\u2019est d\u00fb \u00e0 la prosp\u00e9rit\u00e9 et aux exigences croissantes qui ont incit\u00e9 \u00e0 construire beaucoup. En 2014, donc en l\u2019espace de seulement 10 ans, la surface habitable moyenne par habitant est pass\u00e9e \u00e0 46 m\u00b2. Les pr\u00e9visions pour 2030 se situent aux alentours de 56 m\u00b2. Ces chiffres, nous devons \u00e9galement les examiner avec un certain sens critique: 50 % de tous les m\u00e9nages allemands se composent d\u2019une seule personne. Vu l\u2019\u00e9volution d\u00e9mographique, il y a parmi elles des personnes relativement \u00e2g\u00e9es qui, apr\u00e8s le d\u00e9part des enfants, occupent seules ou \u00e0 deux des logements en propri\u00e9t\u00e9 de plus de 100 m\u00b2.<\/div>\n<\/div>\n<div>\n<figure id=\"attachment_619\" aria-describedby=\"caption-attachment-619\" style=\"width: 640px\" class=\"wp-caption alignnone\"><a href=\"https:\/\/blog.proclima.com\/fr\/files\/2016\/05\/Magazin_Grafik37.jpg\"><img loading=\"lazy\" decoding=\"async\" data-size=\"2252x1315\" class=\"wp-image-619 size-large\" src=\"https:\/\/blog.proclima.com\/fr\/files\/2016\/05\/Magazin_Grafik37-1024x598.jpg\" alt=\"Magazin_Grafik37\" width=\"640\" height=\"374\" srcset=\"https:\/\/blog.proclima.com\/fr\/files\/2016\/05\/Magazin_Grafik37-1024x598.jpg 1024w, https:\/\/blog.proclima.com\/fr\/files\/2016\/05\/Magazin_Grafik37-300x175.jpg 300w, https:\/\/blog.proclima.com\/fr\/files\/2016\/05\/Magazin_Grafik37-768x448.jpg 768w\" sizes=\"auto, (max-width: 640px) 100vw, 640px\" \/><\/a><figcaption id=\"caption-attachment-619\" class=\"wp-caption-text\">Le r\u00e9sultat est maigre : en raison de logements trop grands, nous consommons 2020\/30 toujours autant d\u2019\u00e9nergie de chauffage qu\u2019en 1970.<\/figcaption><\/figure>\n<\/div>\n<div>\n<div><em><strong>Dans ce contexte, qu\u2019en est-il de la consommation d\u2018\u00e9nergie ?<\/strong><\/em><\/div>\n<div>\n<p>Uwe Bartholom\u00e4i: Le besoin en chauffage domestique par m\u00e8tre carr\u00e9 de surface habitable baisse constamment depuis des ann\u00e9es. Au plus tard avec le choc p\u00e9trolier au d\u00e9but des ann\u00e9es 1970, un constat s\u2019est impos\u00e9 : nous devons doter les b\u00e2timents d\u2019une isolation thermique pour \u00e9conomiser de l\u2019\u00e9nergie. Par rapport \u00e0 1970, les besoins \u00e9nerg\u00e9tiques au m\u00e8tre carr\u00e9 auront baiss\u00e9 de deux tiers en 2030. D\u2019un c\u00f4t\u00e9, c\u2019est un bon r\u00e9sultat. Mais de l\u2019autre, nous sommes maintenant confront\u00e9s \u00e0 une \u00e9norme augmentation de la surface d\u2019habitation par personne. Si nous consid\u00e9rons l\u2019augmentation jusque 2030, la\u00a0 consommation en \u00e9nergie \u00e9quivaut au final \u00e0 celle de 1970. Par personne, nous n\u2019obtenons effectivement pas un meilleur r\u00e9sultat. Si nous parlons d\u2019\u00e9cologie, nous devons r\u00e9fl\u00e9chir \u00e0 la chose suivante: de quel espace habitable un \u00eatre humain a-t-il r\u00e9ellement besoin? Nous n\u2019avons vraiment \u00e9conomis\u00e9 de l\u2019\u00e9nergie que si nous atteignons une moyenne d\u2018environ 40 au lieu de 56 m\u00b2. En outre, nous devons nous demander: comment construire \u00e0 l\u2019avenir des maisons qui produisent davantage d\u2019\u00e9nergie qu\u2019elles n\u2019en consomment? Nous devons d\u00e9velopper des technologies innovantes, d\u00e9couvrir de nouvelles possibilit\u00e9s et finalement changer radicalement notre mani\u00e8re de r\u00e9fl\u00e9chir.<\/p>\n<div><\/div>\n<div><strong>Comment pouvons-nous \u00e0 l\u2019avenir repenser la construction?<\/strong><\/div>\n<div>Uwe Bartholom\u00e4i: Tout d\u2019abord, nous pourrions nous demander pourquoi nous construisons, en fait. D\u2019accord, nous avons tous besoin d\u2019un toit. Mais partant de l\u00e0, quels sont pr\u00e9cis\u00e9ment nos besoins ? Nous devons \u00e9valuer de mani\u00e8re r\u00e9aliste ce qui est vraiment n\u00e9cessaire. Bien entendu, il est rentable de vendre un maximum de surface. Avec par exemple un prix au m\u00e8tre carr\u00e9 de 2.500 euros, 20 m\u00b2 valent d\u00e9j\u00e0 plus ou moins 50.000 euros. On construit de grandes maisons avec un co\u00fbt \u00e9norme pour l\u2019\u00e9quipement technique, pour \u00e9conomiser un maximum d\u2019\u00e9nergie. Si l\u2019on construisait simplement 20 m\u00b2 en moins, on atteindrait cet objectif de mani\u00e8re beaucoup plus facile. Et puis il y a un autre th\u00e8me central: le rapport entre l\u2019homme et la nature. Nous avons besoin d\u2019eau potable, d\u2019air de bonne qualit\u00e9 et d\u2019un climat sain,pour pouvoir tout simplement exister.Voici donc notre mission: comment concilier nos besoins humains avec ceux de la nature, demani\u00e8re \u00e0 pr\u00e9server notre base de vie ?<\/div>\n<div><\/div>\n<div><em><strong>Comment peut-on transposer cela \u00e0 la pratique de la construction?<\/strong><\/em><\/div>\n<div>\n<p>Uwe Bartholom\u00e4i: Il s\u2019agit de continuer \u00e0 am\u00e9liorer la qualit\u00e9 dans la construction. Dans 50 % de tous les logements en Allemagne, on trouve quelque part des moisissures qui provoquent des maladies. C\u2019est inacceptable! Nous devons nous attaquer \u00e0 ce probl\u00e8me: notre mission est d\u2019am\u00e9liorer la qualit\u00e9 et donc la sant\u00e9 de l\u2019habitat voire la qualit\u00e9 de l\u2018air ambiant et de r\u00e9nover par des moyens \u00e9cologiques ces quelque 20 millions de logements. Mais il s\u2019agit finalement de r\u00e9agir au changement intervenu dans l\u2019habitat. Nous devons r\u00e9fl\u00e9chir beaucoup plus \u00e0 la mani\u00e8re de rendre l\u2019espace habitable flexible et modifiable. Il existe de nombreux projets novateurs, mais dans l\u2019ensemble, la conception reste tr\u00e8s conventionnelle.<\/p>\n<div><\/div>\n<div><em><strong>Pourquoi y a-t-il si peu d\u2019innovations dans la construction des logements ?<\/strong><\/em><\/div>\n<div>Uwe Bartholom\u00e4i: En Allemagne, la construction reste tr\u00e8s attach\u00e9e aux traditions. Bien souvent, on ne construit qu\u2019une seule fois dans sa vie. Et pour beaucoup de gens, la propre maison ou le propre logement est le plus grand investissement qu\u2019ils ne feront jamais. Sans oublier que les ma\u00eetres d\u2019ouvrage, mais aussi les villes et communes ont rarement le courage de tenter de nouvelles choses.<\/div>\n<div><\/div>\n<div><em><strong>Comment pouvons-nous y rem\u00e9dier ?<\/strong><\/em><\/div>\n<div>Uwe Bartholom\u00e4i: Nous acceptons beaucoup trop de choses comme \u00e9tablies et immuables. Or, il existe des m\u00e9thodes simples,comme p. ex. l\u2019\u00e9conomie circulaire. Beaucoup d\u2019entre nous connaissent le cycle biologique, qui consiste par exemple \u00e0 composter un isolant thermique en chanvre, apr\u00e8s \u00e9limination, pour qu\u2019il devienne une substance nutritive \u00e9cologique. Mais il existe aussi le cycle technique. Prenons par exemple les fen\u00eatres d\u2019une maison qui sont remplac\u00e9es au bout de 40 ans; de nos jours, elles sont g\u00e9n\u00e9ralement jet\u00e9es aux ordures, au lieu d\u2018\u00eatre r\u00e9utilis\u00e9es. On pourrait pourtant les d\u00e9sassembler et les r\u00e9injecter dans la production, en tant que mati\u00e8res premi\u00e8res techniques. C\u2019est presque de la r\u00e9cup\u00e9ration de mat\u00e9riaux de construction. En m\u00eame temps, l\u2019\u00e9conomie circulaire est une bonne chose, mais elle n\u2019est pas suffisante. Nous avons besoin de nouvelles id\u00e9es qui servent l\u2019int\u00e9r\u00eat g\u00e9n\u00e9ral et am\u00e9liorent la mani\u00e8re de vivre ensemble.<\/div>\n<\/div>\n<\/div>\n<div>\n<figure id=\"attachment_620\" aria-describedby=\"caption-attachment-620\" style=\"width: 640px\" class=\"wp-caption alignnone\"><a href=\"https:\/\/blog.proclima.com\/fr\/files\/2016\/05\/Magazin_Grafik38.jpg\"><img loading=\"lazy\" decoding=\"async\" data-size=\"2299x1307\" class=\"wp-image-620 size-large\" src=\"https:\/\/blog.proclima.com\/fr\/files\/2016\/05\/Magazin_Grafik38-1024x582.jpg\" alt=\"Magazin_Grafik38\" width=\"640\" height=\"364\" srcset=\"https:\/\/blog.proclima.com\/fr\/files\/2016\/05\/Magazin_Grafik38-1024x582.jpg 1024w, https:\/\/blog.proclima.com\/fr\/files\/2016\/05\/Magazin_Grafik38-300x171.jpg 300w, https:\/\/blog.proclima.com\/fr\/files\/2016\/05\/Magazin_Grafik38-768x437.jpg 768w\" sizes=\"auto, (max-width: 640px) 100vw, 640px\" \/><\/a><figcaption id=\"caption-attachment-620\" class=\"wp-caption-text\">Des produits qui n\u2019occasionnent pas de d\u00e9chets : ceux qui ne sont plus utilis\u00e9s peuvent redevenir des mati\u00e8res premi\u00e8res pr\u00e9cieuses, apr\u00e8s traitement par des moyens biologiques ou m\u00e9caniques.<\/figcaption><\/figure>\n<\/div>\n<div>\n<div>\n<div>\n<div><\/div>\n<div><em><strong>Que fait pro clima \u00e0 cet \u00e9gard?<br \/>\n<\/strong><\/em>Uwe Bartholom\u00e4i: Il y a le concept Cradle to Cradle (C2C \u2013 \u00ab du berceau au berceau \u00bb). Il implique notamment que les entreprises ont la responsabilit\u00e9 de concilier l\u2019\u00e9conomie mon\u00e9taire, les aspects sociaux et la nature, afin de cr\u00e9er des nouveaut\u00e9s et une plusvalue pour la soci\u00e9t\u00e9. Si nous r\u00e9ussissons \u00e0 r\u00e9unir les trois composantes en un seul produit et \u00e0 commercialiser celui-ci avec succ\u00e8s, nous obtenons d\u00e9j\u00e0 un grand impact. C\u2019est pr\u00e9cis\u00e9ment sur ces th\u00e8mes que nous travaillons.<\/div>\n<div>\n<div><\/div>\n<div><em><strong>L\u2019\u00e9conomie, l\u2019\u00e9cologie et la qualit\u00e9 sont donc conciliables?<\/strong><\/em><\/div>\n<div>Uwe Bartholom\u00e4i: Aujourd\u2018hui, je peux dire: oui, ellessont conciliables. Il y a 30 ans, je devais encore me battre pour mes id\u00e9es et on se moquait gentiment de moi lorsque j\u2019abordais des questions d\u2019\u00e9cologie.Mais nous devons plus que jamais veiller \u00e0 garder le cap et \u00e0 \u00e9viter l\u2019\u00e9co-blanchiment, cette mascarade qui consiste \u00e0 investir davantage dans l\u2019image \u00e9cologique que dans de r\u00e9elles actions en faveur de l\u2019environnement. L\u2019\u00e9cologie, c\u2019est bien plus que de trier le papier et le verre. C\u2019est \u00e9l\u00e9mentaire.<\/div>\n<\/div>\n<\/div>\n<\/div>\n<\/div>\n<\/div>\n","protected":false},"excerpt":{"rendered":"<p>Combien d\u2019\u00e9nergie \u00e9conomisons-nous r\u00e9ellement ? Economiser de l\u2019\u00e9nergie, \u00e9viter les d\u00e9g\u00e2ts au b\u00e2timent et garantir un habitat sain sont les objectifs que poursuit Uwe Bartholom\u00e4i, <a href=\"https:\/\/blog.proclima.com\/fr\/2016\/06\/une-approche-plus-responsable\/\" rel=\"bookmark\">&#8230;<\/a><\/p>\n","protected":false},"author":17,"featured_media":0,"comment_status":"open","ping_status":"open","sticky":false,"template":"","format":"standard","meta":{"footnotes":""},"categories":[1],"tags":[135,137,136],"class_list":["post-618","post","type-post","status-publish","format-standard","hentry","category-general","tag-contruction-de-lhabitat","tag-levolution-demographique","tag-uwe-bartholomai"],"yoast_head":"<!-- This site is optimized with the Yoast SEO plugin v27.5 - https:\/\/yoast.com\/product\/yoast-seo-wordpress\/ -->\n<title>Une approche plus responsable de la contruction de l\u2019habitat - pro clima Blog - france<\/title>\n<meta name=\"robots\" content=\"index, follow, max-snippet:-1, max-image-preview:large, max-video-preview:-1\" \/>\n<link rel=\"canonical\" href=\"https:\/\/blog.proclima.com\/fr\/2016\/06\/une-approche-plus-responsable\/\" \/>\n<meta property=\"og:locale\" content=\"fr_FR\" \/>\n<meta property=\"og:type\" content=\"article\" \/>\n<meta property=\"og:title\" content=\"Une approche plus responsable de la contruction de l\u2019habitat - pro clima Blog - france\" \/>\n<meta property=\"og:description\" content=\"Combien d\u2019\u00e9nergie \u00e9conomisons-nous r\u00e9ellement ? Economiser de l\u2019\u00e9nergie, \u00e9viter les d\u00e9g\u00e2ts au b\u00e2timent et garantir un habitat sain sont les objectifs que poursuit Uwe Bartholom\u00e4i, ...\" \/>\n<meta property=\"og:url\" content=\"https:\/\/blog.proclima.com\/fr\/2016\/06\/une-approche-plus-responsable\/\" \/>\n<meta property=\"og:site_name\" content=\"pro clima Blog - france\" \/>\n<meta property=\"article:published_time\" content=\"2016-06-16T07:06:16+00:00\" \/>\n<meta property=\"og:image\" content=\"https:\/\/blog.proclima.com\/fr\/files\/2016\/05\/2015_11_Uwe_unbearbeitet16-247x300.jpg\" \/>\n<meta name=\"author\" content=\"Julia Metzger\" \/>\n<meta name=\"twitter:card\" content=\"summary_large_image\" \/>\n<meta name=\"twitter:label1\" content=\"\u00c9crit par\" \/>\n\t<meta name=\"twitter:data1\" content=\"Julia Metzger\" \/>\n\t<meta name=\"twitter:label2\" content=\"Dur\u00e9e de lecture estim\u00e9e\" \/>\n\t<meta name=\"twitter:data2\" content=\"7 minutes\" \/>\n<script type=\"application\/ld+json\" class=\"yoast-schema-graph\">{\"@context\":\"https:\\\/\\\/schema.org\",\"@graph\":[{\"@type\":\"Article\",\"@id\":\"https:\\\/\\\/blog.proclima.com\\\/fr\\\/2016\\\/06\\\/une-approche-plus-responsable\\\/#article\",\"isPartOf\":{\"@id\":\"https:\\\/\\\/blog.proclima.com\\\/fr\\\/2016\\\/06\\\/une-approche-plus-responsable\\\/\"},\"author\":{\"name\":\"Julia Metzger\",\"@id\":\"https:\\\/\\\/blog.proclima.com\\\/fr\\\/#\\\/schema\\\/person\\\/2cc86d57b4e91b6c23ab77b2ada44b16\"},\"headline\":\"Une approche plus responsable de la contruction de l\u2019habitat\",\"datePublished\":\"2016-06-16T07:06:16+00:00\",\"mainEntityOfPage\":{\"@id\":\"https:\\\/\\\/blog.proclima.com\\\/fr\\\/2016\\\/06\\\/une-approche-plus-responsable\\\/\"},\"wordCount\":1428,\"commentCount\":0,\"publisher\":{\"@id\":\"https:\\\/\\\/blog.proclima.com\\\/fr\\\/#organization\"},\"image\":{\"@id\":\"https:\\\/\\\/blog.proclima.com\\\/fr\\\/2016\\\/06\\\/une-approche-plus-responsable\\\/#primaryimage\"},\"thumbnailUrl\":\"https:\\\/\\\/blog.proclima.com\\\/fr\\\/files\\\/2016\\\/05\\\/2015_11_Uwe_unbearbeitet16-247x300.jpg\",\"keywords\":[\"contruction de l\u2019habitat\",\"l\u2019\u00e9volution d\u00e9mographique\",\"Uwe Bartholom\u00e4i\"],\"articleSection\":[\"pro clima\"],\"inLanguage\":\"fr-FR\",\"potentialAction\":[{\"@type\":\"CommentAction\",\"name\":\"Comment\",\"target\":[\"https:\\\/\\\/blog.proclima.com\\\/fr\\\/2016\\\/06\\\/une-approche-plus-responsable\\\/#respond\"]}]},{\"@type\":\"WebPage\",\"@id\":\"https:\\\/\\\/blog.proclima.com\\\/fr\\\/2016\\\/06\\\/une-approche-plus-responsable\\\/\",\"url\":\"https:\\\/\\\/blog.proclima.com\\\/fr\\\/2016\\\/06\\\/une-approche-plus-responsable\\\/\",\"name\":\"Une approche plus responsable de la contruction de l\u2019habitat - pro clima Blog - france\",\"isPartOf\":{\"@id\":\"https:\\\/\\\/blog.proclima.com\\\/fr\\\/#website\"},\"primaryImageOfPage\":{\"@id\":\"https:\\\/\\\/blog.proclima.com\\\/fr\\\/2016\\\/06\\\/une-approche-plus-responsable\\\/#primaryimage\"},\"image\":{\"@id\":\"https:\\\/\\\/blog.proclima.com\\\/fr\\\/2016\\\/06\\\/une-approche-plus-responsable\\\/#primaryimage\"},\"thumbnailUrl\":\"https:\\\/\\\/blog.proclima.com\\\/fr\\\/files\\\/2016\\\/05\\\/2015_11_Uwe_unbearbeitet16-247x300.jpg\",\"datePublished\":\"2016-06-16T07:06:16+00:00\",\"breadcrumb\":{\"@id\":\"https:\\\/\\\/blog.proclima.com\\\/fr\\\/2016\\\/06\\\/une-approche-plus-responsable\\\/#breadcrumb\"},\"inLanguage\":\"fr-FR\",\"potentialAction\":[{\"@type\":\"ReadAction\",\"target\":[\"https:\\\/\\\/blog.proclima.com\\\/fr\\\/2016\\\/06\\\/une-approche-plus-responsable\\\/\"]}]},{\"@type\":\"ImageObject\",\"inLanguage\":\"fr-FR\",\"@id\":\"https:\\\/\\\/blog.proclima.com\\\/fr\\\/2016\\\/06\\\/une-approche-plus-responsable\\\/#primaryimage\",\"url\":\"https:\\\/\\\/blog.proclima.com\\\/fr\\\/files\\\/2016\\\/05\\\/2015_11_Uwe_unbearbeitet16-247x300.jpg\",\"contentUrl\":\"https:\\\/\\\/blog.proclima.com\\\/fr\\\/files\\\/2016\\\/05\\\/2015_11_Uwe_unbearbeitet16-247x300.jpg\"},{\"@type\":\"BreadcrumbList\",\"@id\":\"https:\\\/\\\/blog.proclima.com\\\/fr\\\/2016\\\/06\\\/une-approche-plus-responsable\\\/#breadcrumb\",\"itemListElement\":[{\"@type\":\"ListItem\",\"position\":1,\"name\":\"Accueil\",\"item\":\"https:\\\/\\\/blog.proclima.com\\\/fr\\\/\"},{\"@type\":\"ListItem\",\"position\":2,\"name\":\"Une approche plus responsable de la contruction de l\u2019habitat\"}]},{\"@type\":\"WebSite\",\"@id\":\"https:\\\/\\\/blog.proclima.com\\\/fr\\\/#website\",\"url\":\"https:\\\/\\\/blog.proclima.com\\\/fr\\\/\",\"name\":\"pro clima Blog - france\",\"description\":\"pro clima Blog\",\"publisher\":{\"@id\":\"https:\\\/\\\/blog.proclima.com\\\/fr\\\/#organization\"},\"potentialAction\":[{\"@type\":\"SearchAction\",\"target\":{\"@type\":\"EntryPoint\",\"urlTemplate\":\"https:\\\/\\\/blog.proclima.com\\\/fr\\\/?s={search_term_string}\"},\"query-input\":{\"@type\":\"PropertyValueSpecification\",\"valueRequired\":true,\"valueName\":\"search_term_string\"}}],\"inLanguage\":\"fr-FR\"},{\"@type\":\"Organization\",\"@id\":\"https:\\\/\\\/blog.proclima.com\\\/fr\\\/#organization\",\"name\":\"pro clima Blog - france\",\"url\":\"https:\\\/\\\/blog.proclima.com\\\/fr\\\/\",\"logo\":{\"@type\":\"ImageObject\",\"inLanguage\":\"fr-FR\",\"@id\":\"https:\\\/\\\/blog.proclima.com\\\/fr\\\/#\\\/schema\\\/logo\\\/image\\\/\",\"url\":\"https:\\\/\\\/blog.proclima.com\\\/fr\\\/files\\\/2025\\\/12\\\/logo_proclima_quadrat.png\",\"contentUrl\":\"https:\\\/\\\/blog.proclima.com\\\/fr\\\/files\\\/2025\\\/12\\\/logo_proclima_quadrat.png\",\"width\":1200,\"height\":1200,\"caption\":\"pro clima Blog - france\"},\"image\":{\"@id\":\"https:\\\/\\\/blog.proclima.com\\\/fr\\\/#\\\/schema\\\/logo\\\/image\\\/\"}},{\"@type\":\"Person\",\"@id\":\"https:\\\/\\\/blog.proclima.com\\\/fr\\\/#\\\/schema\\\/person\\\/2cc86d57b4e91b6c23ab77b2ada44b16\",\"name\":\"Julia Metzger\",\"image\":{\"@type\":\"ImageObject\",\"inLanguage\":\"fr-FR\",\"@id\":\"https:\\\/\\\/secure.gravatar.com\\\/avatar\\\/ebe3faa71c6c282123235ab4d03f9d3eb74ca98f95f4d577b0a868da8fb88f2d?s=96&d=mm&r=g\",\"url\":\"https:\\\/\\\/secure.gravatar.com\\\/avatar\\\/ebe3faa71c6c282123235ab4d03f9d3eb74ca98f95f4d577b0a868da8fb88f2d?s=96&d=mm&r=g\",\"contentUrl\":\"https:\\\/\\\/secure.gravatar.com\\\/avatar\\\/ebe3faa71c6c282123235ab4d03f9d3eb74ca98f95f4d577b0a868da8fb88f2d?s=96&d=mm&r=g\",\"caption\":\"Julia Metzger\"},\"url\":\"https:\\\/\\\/blog.proclima.com\\\/fr\\\/author\\\/metzger\\\/\"}]}<\/script>\n<!-- \/ Yoast SEO plugin. -->","yoast_head_json":{"title":"Une approche plus responsable de la contruction de l\u2019habitat - pro clima Blog - france","robots":{"index":"index","follow":"follow","max-snippet":"max-snippet:-1","max-image-preview":"max-image-preview:large","max-video-preview":"max-video-preview:-1"},"canonical":"https:\/\/blog.proclima.com\/fr\/2016\/06\/une-approche-plus-responsable\/","og_locale":"fr_FR","og_type":"article","og_title":"Une approche plus responsable de la contruction de l\u2019habitat - pro clima Blog - france","og_description":"Combien d\u2019\u00e9nergie \u00e9conomisons-nous r\u00e9ellement ? Economiser de l\u2019\u00e9nergie, \u00e9viter les d\u00e9g\u00e2ts au b\u00e2timent et garantir un habitat sain sont les objectifs que poursuit Uwe Bartholom\u00e4i, ...","og_url":"https:\/\/blog.proclima.com\/fr\/2016\/06\/une-approche-plus-responsable\/","og_site_name":"pro clima Blog - france","article_published_time":"2016-06-16T07:06:16+00:00","og_image":[{"url":"https:\/\/blog.proclima.com\/fr\/files\/2016\/05\/2015_11_Uwe_unbearbeitet16-247x300.jpg","type":"","width":"","height":""}],"author":"Julia Metzger","twitter_card":"summary_large_image","twitter_misc":{"\u00c9crit par":"Julia Metzger","Dur\u00e9e de lecture estim\u00e9e":"7 minutes"},"schema":{"@context":"https:\/\/schema.org","@graph":[{"@type":"Article","@id":"https:\/\/blog.proclima.com\/fr\/2016\/06\/une-approche-plus-responsable\/#article","isPartOf":{"@id":"https:\/\/blog.proclima.com\/fr\/2016\/06\/une-approche-plus-responsable\/"},"author":{"name":"Julia Metzger","@id":"https:\/\/blog.proclima.com\/fr\/#\/schema\/person\/2cc86d57b4e91b6c23ab77b2ada44b16"},"headline":"Une approche plus responsable de la contruction de l\u2019habitat","datePublished":"2016-06-16T07:06:16+00:00","mainEntityOfPage":{"@id":"https:\/\/blog.proclima.com\/fr\/2016\/06\/une-approche-plus-responsable\/"},"wordCount":1428,"commentCount":0,"publisher":{"@id":"https:\/\/blog.proclima.com\/fr\/#organization"},"image":{"@id":"https:\/\/blog.proclima.com\/fr\/2016\/06\/une-approche-plus-responsable\/#primaryimage"},"thumbnailUrl":"https:\/\/blog.proclima.com\/fr\/files\/2016\/05\/2015_11_Uwe_unbearbeitet16-247x300.jpg","keywords":["contruction de l\u2019habitat","l\u2019\u00e9volution d\u00e9mographique","Uwe Bartholom\u00e4i"],"articleSection":["pro clima"],"inLanguage":"fr-FR","potentialAction":[{"@type":"CommentAction","name":"Comment","target":["https:\/\/blog.proclima.com\/fr\/2016\/06\/une-approche-plus-responsable\/#respond"]}]},{"@type":"WebPage","@id":"https:\/\/blog.proclima.com\/fr\/2016\/06\/une-approche-plus-responsable\/","url":"https:\/\/blog.proclima.com\/fr\/2016\/06\/une-approche-plus-responsable\/","name":"Une approche plus responsable de la contruction de l\u2019habitat - pro clima Blog - france","isPartOf":{"@id":"https:\/\/blog.proclima.com\/fr\/#website"},"primaryImageOfPage":{"@id":"https:\/\/blog.proclima.com\/fr\/2016\/06\/une-approche-plus-responsable\/#primaryimage"},"image":{"@id":"https:\/\/blog.proclima.com\/fr\/2016\/06\/une-approche-plus-responsable\/#primaryimage"},"thumbnailUrl":"https:\/\/blog.proclima.com\/fr\/files\/2016\/05\/2015_11_Uwe_unbearbeitet16-247x300.jpg","datePublished":"2016-06-16T07:06:16+00:00","breadcrumb":{"@id":"https:\/\/blog.proclima.com\/fr\/2016\/06\/une-approche-plus-responsable\/#breadcrumb"},"inLanguage":"fr-FR","potentialAction":[{"@type":"ReadAction","target":["https:\/\/blog.proclima.com\/fr\/2016\/06\/une-approche-plus-responsable\/"]}]},{"@type":"ImageObject","inLanguage":"fr-FR","@id":"https:\/\/blog.proclima.com\/fr\/2016\/06\/une-approche-plus-responsable\/#primaryimage","url":"https:\/\/blog.proclima.com\/fr\/files\/2016\/05\/2015_11_Uwe_unbearbeitet16-247x300.jpg","contentUrl":"https:\/\/blog.proclima.com\/fr\/files\/2016\/05\/2015_11_Uwe_unbearbeitet16-247x300.jpg"},{"@type":"BreadcrumbList","@id":"https:\/\/blog.proclima.com\/fr\/2016\/06\/une-approche-plus-responsable\/#breadcrumb","itemListElement":[{"@type":"ListItem","position":1,"name":"Accueil","item":"https:\/\/blog.proclima.com\/fr\/"},{"@type":"ListItem","position":2,"name":"Une approche plus responsable de la contruction de l\u2019habitat"}]},{"@type":"WebSite","@id":"https:\/\/blog.proclima.com\/fr\/#website","url":"https:\/\/blog.proclima.com\/fr\/","name":"pro clima Blog - france","description":"pro clima Blog","publisher":{"@id":"https:\/\/blog.proclima.com\/fr\/#organization"},"potentialAction":[{"@type":"SearchAction","target":{"@type":"EntryPoint","urlTemplate":"https:\/\/blog.proclima.com\/fr\/?s={search_term_string}"},"query-input":{"@type":"PropertyValueSpecification","valueRequired":true,"valueName":"search_term_string"}}],"inLanguage":"fr-FR"},{"@type":"Organization","@id":"https:\/\/blog.proclima.com\/fr\/#organization","name":"pro clima Blog - france","url":"https:\/\/blog.proclima.com\/fr\/","logo":{"@type":"ImageObject","inLanguage":"fr-FR","@id":"https:\/\/blog.proclima.com\/fr\/#\/schema\/logo\/image\/","url":"https:\/\/blog.proclima.com\/fr\/files\/2025\/12\/logo_proclima_quadrat.png","contentUrl":"https:\/\/blog.proclima.com\/fr\/files\/2025\/12\/logo_proclima_quadrat.png","width":1200,"height":1200,"caption":"pro clima Blog - france"},"image":{"@id":"https:\/\/blog.proclima.com\/fr\/#\/schema\/logo\/image\/"}},{"@type":"Person","@id":"https:\/\/blog.proclima.com\/fr\/#\/schema\/person\/2cc86d57b4e91b6c23ab77b2ada44b16","name":"Julia Metzger","image":{"@type":"ImageObject","inLanguage":"fr-FR","@id":"https:\/\/secure.gravatar.com\/avatar\/ebe3faa71c6c282123235ab4d03f9d3eb74ca98f95f4d577b0a868da8fb88f2d?s=96&d=mm&r=g","url":"https:\/\/secure.gravatar.com\/avatar\/ebe3faa71c6c282123235ab4d03f9d3eb74ca98f95f4d577b0a868da8fb88f2d?s=96&d=mm&r=g","contentUrl":"https:\/\/secure.gravatar.com\/avatar\/ebe3faa71c6c282123235ab4d03f9d3eb74ca98f95f4d577b0a868da8fb88f2d?s=96&d=mm&r=g","caption":"Julia Metzger"},"url":"https:\/\/blog.proclima.com\/fr\/author\/metzger\/"}]}},"_links":{"self":[{"href":"https:\/\/blog.proclima.com\/fr\/wp-json\/wp\/v2\/posts\/618","targetHints":{"allow":["GET"]}}],"collection":[{"href":"https:\/\/blog.proclima.com\/fr\/wp-json\/wp\/v2\/posts"}],"about":[{"href":"https:\/\/blog.proclima.com\/fr\/wp-json\/wp\/v2\/types\/post"}],"author":[{"embeddable":true,"href":"https:\/\/blog.proclima.com\/fr\/wp-json\/wp\/v2\/users\/17"}],"replies":[{"embeddable":true,"href":"https:\/\/blog.proclima.com\/fr\/wp-json\/wp\/v2\/comments?post=618"}],"version-history":[{"count":8,"href":"https:\/\/blog.proclima.com\/fr\/wp-json\/wp\/v2\/posts\/618\/revisions"}],"predecessor-version":[{"id":632,"href":"https:\/\/blog.proclima.com\/fr\/wp-json\/wp\/v2\/posts\/618\/revisions\/632"}],"wp:attachment":[{"href":"https:\/\/blog.proclima.com\/fr\/wp-json\/wp\/v2\/media?parent=618"}],"wp:term":[{"taxonomy":"category","embeddable":true,"href":"https:\/\/blog.proclima.com\/fr\/wp-json\/wp\/v2\/categories?post=618"},{"taxonomy":"post_tag","embeddable":true,"href":"https:\/\/blog.proclima.com\/fr\/wp-json\/wp\/v2\/tags?post=618"}],"curies":[{"name":"wp","href":"https:\/\/api.w.org\/{rel}","templated":true}]}}