
{"id":611,"date":"2016-05-09T16:57:58","date_gmt":"2016-05-09T14:57:58","guid":{"rendered":"http:\/\/blog.proclima.com\/fr\/?p=611"},"modified":"2016-05-09T18:21:47","modified_gmt":"2016-05-09T16:21:47","slug":"experts-en-etancheite-a-lair","status":"publish","type":"post","link":"https:\/\/blog.proclima.com\/fr\/2016\/05\/experts-en-etancheite-a-lair\/","title":{"rendered":"Rencontre des experts en \u00e9tanch\u00e9it\u00e9 \u00e0 l&rsquo;air: nouveaux produits et tendances"},"content":{"rendered":"<p><a href=\"https:\/\/blog.proclima.com\/fr\/files\/2016\/05\/Bildschirmfoto-2016-05-09-um-15.59.01.png\"><img loading=\"lazy\" decoding=\"async\" data-size=\"1444x2126\" class=\"aligncenter size-full wp-image-609\" src=\"https:\/\/blog.proclima.com\/fr\/files\/2016\/05\/Bildschirmfoto-2016-05-09-um-15.59.01.png\" alt=\"Bildschirmfoto 2016-05-09 um 15.59.01\" width=\"1444\" height=\"2126\" srcset=\"https:\/\/blog.proclima.com\/fr\/files\/2016\/05\/Bildschirmfoto-2016-05-09-um-15.59.01.png 1444w, https:\/\/blog.proclima.com\/fr\/files\/2016\/05\/Bildschirmfoto-2016-05-09-um-15.59.01-204x300.png 204w, https:\/\/blog.proclima.com\/fr\/files\/2016\/05\/Bildschirmfoto-2016-05-09-um-15.59.01-768x1131.png 768w, https:\/\/blog.proclima.com\/fr\/files\/2016\/05\/Bildschirmfoto-2016-05-09-um-15.59.01-696x1024.png 696w\" sizes=\"auto, (max-width: 1444px) 100vw, 1444px\" \/><\/a><\/p>\n<figure id=\"attachment_605\" aria-describedby=\"caption-attachment-605\" style=\"width: 150px\" class=\"wp-caption alignleft\"><a href=\"https:\/\/blog.proclima.com\/fr\/files\/2016\/05\/DSC_4844.jpg\"><img loading=\"lazy\" decoding=\"async\" data-size=\"5520x3680\" class=\"size-thumbnail wp-image-605\" src=\"https:\/\/blog.proclima.com\/fr\/files\/2016\/05\/DSC_4844-150x150.jpg\" alt=\"M. Daniel Cou\u00adtur\u00adi\u00ader\" width=\"150\" height=\"150\" \/><\/a><figcaption id=\"caption-attachment-605\" class=\"wp-caption-text\">M. Daniel Cou\u00adtur\u00adi\u00ader<\/figcaption><\/figure>\n<p>L&rsquo;enveloppe du b\u00e2timent joue un r\u00f4le important, lorsque un<\/p>\n<figure id=\"attachment_604\" aria-describedby=\"caption-attachment-604\" style=\"width: 150px\" class=\"wp-caption alignright\"><a href=\"https:\/\/blog.proclima.com\/fr\/files\/2016\/05\/DSC_4841-e1462800290681.jpg\"><img loading=\"lazy\" decoding=\"async\" data-size=\"3680x5520\" class=\"size-thumbnail wp-image-604\" src=\"https:\/\/blog.proclima.com\/fr\/files\/2016\/05\/DSC_4841-e1462800290681-150x150.jpg\" alt=\"M. Luc Deschamps\" width=\"150\" height=\"150\" \/><\/a><figcaption id=\"caption-attachment-604\" class=\"wp-caption-text\">M. Luc Deschamps<\/figcaption><\/figure>\n<p>b\u00e2timent doit \u00eatre d&rsquo;une grande efficacit\u00e9 \u00e9nerg\u00e9tique, sain et sans d\u00e9g\u00e2ts. Afin de r\u00e9aliser l&rsquo;\u00e9tanch\u00e9it\u00e9 \u00e0 l&rsquo;air \u00e0 l&rsquo;int\u00e9rieur et l&rsquo;\u00e9tanch\u00e9it\u00e9 au vent \u00e0 l&rsquo;ext\u00e9rieur, les concepteurs et artisans doivent y r\u00e9fl\u00e9chir en amont . Entre temps cela est exig\u00e9 \u00e9galement par la loi: dans la R\u00e8glementation Thermique RT2012, il est obligatoire depuis le 1er janvier 2013 de construire les nouveaux b\u00e2timents de fa\u00e7on \u00e9tanche \u00e0 l\u2019air.<\/p>\n<figure id=\"attachment_602\" aria-describedby=\"caption-attachment-602\" style=\"width: 150px\" class=\"wp-caption alignright\"><a href=\"https:\/\/blog.proclima.com\/fr\/files\/2016\/05\/DSC_4833-e1462800348126.jpg\"><img loading=\"lazy\" decoding=\"async\" data-size=\"3680x5520\" class=\"size-thumbnail wp-image-602\" src=\"https:\/\/blog.proclima.com\/fr\/files\/2016\/05\/DSC_4833-e1462800348126-150x150.jpg\" alt=\"M. Mar\u00adtial Che\u00adva\u00adlier\" width=\"150\" height=\"150\" \/><\/a><figcaption id=\"caption-attachment-602\" class=\"wp-caption-text\">M. Mar\u00adtial Che\u00adva\u00adlier<\/figcaption><\/figure>\n<figure id=\"attachment_603\" aria-describedby=\"caption-attachment-603\" style=\"width: 150px\" class=\"wp-caption alignleft\"><a href=\"https:\/\/blog.proclima.com\/fr\/files\/2016\/05\/DSC_4838.jpg\"><img loading=\"lazy\" decoding=\"async\" data-size=\"5520x3680\" class=\"size-thumbnail wp-image-603\" src=\"https:\/\/blog.proclima.com\/fr\/files\/2016\/05\/DSC_4838-150x150.jpg\" alt=\"M. Didi\u00ader Janaud\" width=\"150\" height=\"150\" \/><\/a><figcaption id=\"caption-attachment-603\" class=\"wp-caption-text\">M. Didi\u00ader Janaud<\/figcaption><\/figure>\n<p>Les agents commerciaux de proclima aident les artisans, les architectes, les conseillers en \u00e9nergie et les distributeurs \u00e0 construire de mani\u00e8re \u00e9tanche durablement. Ils conseillent et informent r\u00e9guli\u00e8rement lors de rencontres ou formations. Afin d&rsquo;\u00eatre eux-m\u00eames\u00a0toujours \u00e0 jour, ils se r\u00e9unissent pour des formations au si\u00e8ge de proclima \u00e0 Schwetzingen. pro clima est un d\u00e9veloppeur et fabricant innovateur de syst\u00e8mes pour l&rsquo;enveloppe de b\u00e2timents \u00e9tanches.<\/p>\n<p>En Mai 2016, Christian Philipps, Daniel Couturier, Didier Janaud, Martial Chevalier et Luc Deschamps se sont rencontr\u00e9s pour discuter des \u00a0nouveaux d\u00e9veloppements. Des experts de la\u00a0 physique du b\u00e2timent ont \u00e9galement fait des pr\u00e9sentations sur les nouveaux d\u00e9veloppements de produits, qui facilitent la vie des concepteurs \u00a0et des artisans.<br \/>\n<a href=\"https:\/\/blog.proclima.com\/fr\/files\/2016\/05\/DSC_4936.jpg\"><img loading=\"lazy\" decoding=\"async\" data-size=\"5520x3680\" class=\"aligncenter size-full wp-image-608\" src=\"https:\/\/blog.proclima.com\/fr\/files\/2016\/05\/DSC_4936.jpg\" alt=\"DSC_4936\" width=\"5520\" height=\"3680\" srcset=\"https:\/\/blog.proclima.com\/fr\/files\/2016\/05\/DSC_4936.jpg 5520w, https:\/\/blog.proclima.com\/fr\/files\/2016\/05\/DSC_4936-300x200.jpg 300w, https:\/\/blog.proclima.com\/fr\/files\/2016\/05\/DSC_4936-768x512.jpg 768w, https:\/\/blog.proclima.com\/fr\/files\/2016\/05\/DSC_4936-1024x683.jpg 1024w\" sizes=\"auto, (max-width: 5520px) 100vw, 5520px\" \/><\/a><\/p>\n<p>Si vous avez besoin de conseils des agents commerciaux pro clima:<br \/>\n<a href=\"https:\/\/fr.proclima.com\/service\/service-commercial\">https:\/\/fr.proclima.com\/service\/service-commercial<br \/>\n<\/a><br \/>\nPlus d\u2019infos sur les agents commerciaux, leur philosophie et leur activit\u00e9 sur notre b\u00e2tiradio:<br \/>\n<a href=\"https:\/\/blog.proclima.com\/fr\/batiradio-la-radio-proclima\/\">https:\/\/blog.proclima.com\/fr\/batiradio-la-radio-proclima\/<\/a><\/p>\n","protected":false},"excerpt":{"rendered":"<p>L&rsquo;enveloppe du b\u00e2timent joue un r\u00f4le important, lorsque un b\u00e2timent doit \u00eatre d&rsquo;une grande efficacit\u00e9 \u00e9nerg\u00e9tique, sain et sans d\u00e9g\u00e2ts. Afin de r\u00e9aliser l&rsquo;\u00e9tanch\u00e9it\u00e9 \u00e0 <a href=\"https:\/\/blog.proclima.com\/fr\/2016\/05\/experts-en-etancheite-a-lair\/\" rel=\"bookmark\">&#8230;<\/a><\/p>\n","protected":false},"author":18,"featured_media":608,"comment_status":"open","ping_status":"open","sticky":false,"template":"","format":"standard","meta":{"footnotes":""},"categories":[1],"tags":[94],"class_list":["post-611","post","type-post","status-publish","format-standard","has-post-thumbnail","hentry","category-general","tag-pro-clima-france"],"yoast_head":"<!-- This site is optimized with the Yoast SEO plugin v27.5 - https:\/\/yoast.com\/product\/yoast-seo-wordpress\/ -->\n<title>Rencontre des experts en \u00e9tanch\u00e9it\u00e9 \u00e0 l&#039;air: nouveaux produits et tendances - pro clima Blog - france<\/title>\n<meta name=\"robots\" content=\"index, follow, max-snippet:-1, max-image-preview:large, max-video-preview:-1\" \/>\n<link rel=\"canonical\" href=\"https:\/\/blog.proclima.com\/fr\/2016\/05\/experts-en-etancheite-a-lair\/\" \/>\n<meta property=\"og:locale\" content=\"fr_FR\" \/>\n<meta property=\"og:type\" content=\"article\" \/>\n<meta property=\"og:title\" content=\"Rencontre des experts en \u00e9tanch\u00e9it\u00e9 \u00e0 l&#039;air: nouveaux produits et tendances - pro clima Blog - france\" \/>\n<meta property=\"og:description\" content=\"L&rsquo;enveloppe du b\u00e2timent joue un r\u00f4le important, lorsque un b\u00e2timent doit \u00eatre d&rsquo;une grande efficacit\u00e9 \u00e9nerg\u00e9tique, sain et sans d\u00e9g\u00e2ts. Afin de r\u00e9aliser l&rsquo;\u00e9tanch\u00e9it\u00e9 \u00e0 ...\" \/>\n<meta property=\"og:url\" content=\"https:\/\/blog.proclima.com\/fr\/2016\/05\/experts-en-etancheite-a-lair\/\" \/>\n<meta property=\"og:site_name\" content=\"pro clima Blog - france\" \/>\n<meta property=\"article:published_time\" content=\"2016-05-09T14:57:58+00:00\" \/>\n<meta property=\"article:modified_time\" content=\"2016-05-09T16:21:47+00:00\" \/>\n<meta property=\"og:image\" content=\"https:\/\/blog.proclima.com\/fr\/files\/2016\/05\/DSC_4936-1024x683.jpg\" \/>\n\t<meta property=\"og:image:width\" content=\"1024\" \/>\n\t<meta property=\"og:image:height\" content=\"683\" \/>\n\t<meta property=\"og:image:type\" content=\"image\/jpeg\" \/>\n<meta name=\"author\" content=\"Heide Merkel\" \/>\n<meta name=\"twitter:card\" content=\"summary_large_image\" \/>\n<meta name=\"twitter:label1\" content=\"\u00c9crit par\" \/>\n\t<meta name=\"twitter:data1\" content=\"Heide Merkel\" \/>\n\t<meta name=\"twitter:label2\" content=\"Dur\u00e9e de lecture estim\u00e9e\" \/>\n\t<meta name=\"twitter:data2\" content=\"2 minutes\" \/>\n<script type=\"application\/ld+json\" class=\"yoast-schema-graph\">{\"@context\":\"https:\\\/\\\/schema.org\",\"@graph\":[{\"@type\":\"Article\",\"@id\":\"https:\\\/\\\/blog.proclima.com\\\/fr\\\/2016\\\/05\\\/experts-en-etancheite-a-lair\\\/#article\",\"isPartOf\":{\"@id\":\"https:\\\/\\\/blog.proclima.com\\\/fr\\\/2016\\\/05\\\/experts-en-etancheite-a-lair\\\/\"},\"author\":{\"name\":\"Heide Merkel\",\"@id\":\"https:\\\/\\\/blog.proclima.com\\\/fr\\\/#\\\/schema\\\/person\\\/b3490e20200d5d45b8d56f555ceffc21\"},\"headline\":\"Rencontre des experts en \u00e9tanch\u00e9it\u00e9 \u00e0 l&rsquo;air: nouveaux produits et tendances\",\"datePublished\":\"2016-05-09T14:57:58+00:00\",\"dateModified\":\"2016-05-09T16:21:47+00:00\",\"mainEntityOfPage\":{\"@id\":\"https:\\\/\\\/blog.proclima.com\\\/fr\\\/2016\\\/05\\\/experts-en-etancheite-a-lair\\\/\"},\"wordCount\":312,\"commentCount\":0,\"publisher\":{\"@id\":\"https:\\\/\\\/blog.proclima.com\\\/fr\\\/#organization\"},\"image\":{\"@id\":\"https:\\\/\\\/blog.proclima.com\\\/fr\\\/2016\\\/05\\\/experts-en-etancheite-a-lair\\\/#primaryimage\"},\"thumbnailUrl\":\"https:\\\/\\\/blog.proclima.com\\\/fr\\\/files\\\/2016\\\/05\\\/DSC_4936.jpg\",\"keywords\":[\"pro clima France\"],\"articleSection\":[\"pro clima\"],\"inLanguage\":\"fr-FR\",\"potentialAction\":[{\"@type\":\"CommentAction\",\"name\":\"Comment\",\"target\":[\"https:\\\/\\\/blog.proclima.com\\\/fr\\\/2016\\\/05\\\/experts-en-etancheite-a-lair\\\/#respond\"]}]},{\"@type\":\"WebPage\",\"@id\":\"https:\\\/\\\/blog.proclima.com\\\/fr\\\/2016\\\/05\\\/experts-en-etancheite-a-lair\\\/\",\"url\":\"https:\\\/\\\/blog.proclima.com\\\/fr\\\/2016\\\/05\\\/experts-en-etancheite-a-lair\\\/\",\"name\":\"Rencontre des experts en \u00e9tanch\u00e9it\u00e9 \u00e0 l'air: nouveaux produits et tendances - pro clima Blog - france\",\"isPartOf\":{\"@id\":\"https:\\\/\\\/blog.proclima.com\\\/fr\\\/#website\"},\"primaryImageOfPage\":{\"@id\":\"https:\\\/\\\/blog.proclima.com\\\/fr\\\/2016\\\/05\\\/experts-en-etancheite-a-lair\\\/#primaryimage\"},\"image\":{\"@id\":\"https:\\\/\\\/blog.proclima.com\\\/fr\\\/2016\\\/05\\\/experts-en-etancheite-a-lair\\\/#primaryimage\"},\"thumbnailUrl\":\"https:\\\/\\\/blog.proclima.com\\\/fr\\\/files\\\/2016\\\/05\\\/DSC_4936.jpg\",\"datePublished\":\"2016-05-09T14:57:58+00:00\",\"dateModified\":\"2016-05-09T16:21:47+00:00\",\"breadcrumb\":{\"@id\":\"https:\\\/\\\/blog.proclima.com\\\/fr\\\/2016\\\/05\\\/experts-en-etancheite-a-lair\\\/#breadcrumb\"},\"inLanguage\":\"fr-FR\",\"potentialAction\":[{\"@type\":\"ReadAction\",\"target\":[\"https:\\\/\\\/blog.proclima.com\\\/fr\\\/2016\\\/05\\\/experts-en-etancheite-a-lair\\\/\"]}]},{\"@type\":\"ImageObject\",\"inLanguage\":\"fr-FR\",\"@id\":\"https:\\\/\\\/blog.proclima.com\\\/fr\\\/2016\\\/05\\\/experts-en-etancheite-a-lair\\\/#primaryimage\",\"url\":\"https:\\\/\\\/blog.proclima.com\\\/fr\\\/files\\\/2016\\\/05\\\/DSC_4936.jpg\",\"contentUrl\":\"https:\\\/\\\/blog.proclima.com\\\/fr\\\/files\\\/2016\\\/05\\\/DSC_4936.jpg\",\"width\":5520,\"height\":3680},{\"@type\":\"BreadcrumbList\",\"@id\":\"https:\\\/\\\/blog.proclima.com\\\/fr\\\/2016\\\/05\\\/experts-en-etancheite-a-lair\\\/#breadcrumb\",\"itemListElement\":[{\"@type\":\"ListItem\",\"position\":1,\"name\":\"Accueil\",\"item\":\"https:\\\/\\\/blog.proclima.com\\\/fr\\\/\"},{\"@type\":\"ListItem\",\"position\":2,\"name\":\"Rencontre des experts en \u00e9tanch\u00e9it\u00e9 \u00e0 l&rsquo;air: nouveaux produits et tendances\"}]},{\"@type\":\"WebSite\",\"@id\":\"https:\\\/\\\/blog.proclima.com\\\/fr\\\/#website\",\"url\":\"https:\\\/\\\/blog.proclima.com\\\/fr\\\/\",\"name\":\"pro clima Blog - france\",\"description\":\"pro clima Blog\",\"publisher\":{\"@id\":\"https:\\\/\\\/blog.proclima.com\\\/fr\\\/#organization\"},\"potentialAction\":[{\"@type\":\"SearchAction\",\"target\":{\"@type\":\"EntryPoint\",\"urlTemplate\":\"https:\\\/\\\/blog.proclima.com\\\/fr\\\/?s={search_term_string}\"},\"query-input\":{\"@type\":\"PropertyValueSpecification\",\"valueRequired\":true,\"valueName\":\"search_term_string\"}}],\"inLanguage\":\"fr-FR\"},{\"@type\":\"Organization\",\"@id\":\"https:\\\/\\\/blog.proclima.com\\\/fr\\\/#organization\",\"name\":\"pro clima Blog - france\",\"url\":\"https:\\\/\\\/blog.proclima.com\\\/fr\\\/\",\"logo\":{\"@type\":\"ImageObject\",\"inLanguage\":\"fr-FR\",\"@id\":\"https:\\\/\\\/blog.proclima.com\\\/fr\\\/#\\\/schema\\\/logo\\\/image\\\/\",\"url\":\"https:\\\/\\\/blog.proclima.com\\\/fr\\\/files\\\/2025\\\/12\\\/logo_proclima_quadrat.png\",\"contentUrl\":\"https:\\\/\\\/blog.proclima.com\\\/fr\\\/files\\\/2025\\\/12\\\/logo_proclima_quadrat.png\",\"width\":1200,\"height\":1200,\"caption\":\"pro clima Blog - france\"},\"image\":{\"@id\":\"https:\\\/\\\/blog.proclima.com\\\/fr\\\/#\\\/schema\\\/logo\\\/image\\\/\"}},{\"@type\":\"Person\",\"@id\":\"https:\\\/\\\/blog.proclima.com\\\/fr\\\/#\\\/schema\\\/person\\\/b3490e20200d5d45b8d56f555ceffc21\",\"name\":\"Heide Merkel\",\"image\":{\"@type\":\"ImageObject\",\"inLanguage\":\"fr-FR\",\"@id\":\"https:\\\/\\\/secure.gravatar.com\\\/avatar\\\/a4a1c909701780173c0b7a635fb539f21128c8d654b77311c92e724657788582?s=96&d=mm&r=g\",\"url\":\"https:\\\/\\\/secure.gravatar.com\\\/avatar\\\/a4a1c909701780173c0b7a635fb539f21128c8d654b77311c92e724657788582?s=96&d=mm&r=g\",\"contentUrl\":\"https:\\\/\\\/secure.gravatar.com\\\/avatar\\\/a4a1c909701780173c0b7a635fb539f21128c8d654b77311c92e724657788582?s=96&d=mm&r=g\",\"caption\":\"Heide Merkel\"},\"description\":\"Fachjournalistin, Referentin, Steuerung Presse &amp; Digitale Medien bei Moll bau\u00f6kologische Produkte GmbH (pro clima). Als Japanologin und ausgebildete Redakteurin ist Heide eher zuf\u00e4llig in der Baubranche gelandet. Seit 2011 arbeitet sie f\u00fcr pro clima. Ihr Wissen zu effektiver Kommunikation gibt sie in Seminaren, Artikeln und Vortr\u00e4gen weiter. F\u00fcr den pro clima Blog, proclima.tv und das pro clima Bauradio interviewt sie interessante Menschen aus der Baubranche. Auf\u00a0 luftdichtheit-gepr\u00fcft.de bloggt Heide \u00fcber Leckagen, Luftdichtung und Qualit\u00e4ts\u00fcberpr\u00fcfung mit Blower-Door-Tests. Ihre Freizeit verbringt sie u.a. in den Vogesen, wo sie seit mehr als f\u00fcnf Jahren ein altes Bauernhaus saniert. Ihr neuestes Projekt:\u00a0 www.besser-als-marketing.de Hier gibt es Tipps, wie Unternehmen in der Baubranche ihre Sichtbarkeit erh\u00f6hen k\u00f6nnen. Die ersten Videos sind bereits online im Youtube Channel Wer mehr \u00fcber Heide Merkel erfahren m\u00f6chte, findet sie auf den g\u00e4ngigen Social Media Plattformen.\",\"url\":\"https:\\\/\\\/blog.proclima.com\\\/fr\\\/author\\\/gentner\\\/\"}]}<\/script>\n<!-- \/ Yoast SEO plugin. -->","yoast_head_json":{"title":"Rencontre des experts en \u00e9tanch\u00e9it\u00e9 \u00e0 l'air: nouveaux produits et tendances - pro clima Blog - france","robots":{"index":"index","follow":"follow","max-snippet":"max-snippet:-1","max-image-preview":"max-image-preview:large","max-video-preview":"max-video-preview:-1"},"canonical":"https:\/\/blog.proclima.com\/fr\/2016\/05\/experts-en-etancheite-a-lair\/","og_locale":"fr_FR","og_type":"article","og_title":"Rencontre des experts en \u00e9tanch\u00e9it\u00e9 \u00e0 l'air: nouveaux produits et tendances - pro clima Blog - france","og_description":"L&rsquo;enveloppe du b\u00e2timent joue un r\u00f4le important, lorsque un b\u00e2timent doit \u00eatre d&rsquo;une grande efficacit\u00e9 \u00e9nerg\u00e9tique, sain et sans d\u00e9g\u00e2ts. Afin de r\u00e9aliser l&rsquo;\u00e9tanch\u00e9it\u00e9 \u00e0 ...","og_url":"https:\/\/blog.proclima.com\/fr\/2016\/05\/experts-en-etancheite-a-lair\/","og_site_name":"pro clima Blog - france","article_published_time":"2016-05-09T14:57:58+00:00","article_modified_time":"2016-05-09T16:21:47+00:00","og_image":[{"width":1024,"height":683,"url":"https:\/\/blog.proclima.com\/fr\/files\/2016\/05\/DSC_4936-1024x683.jpg","type":"image\/jpeg"}],"author":"Heide Merkel","twitter_card":"summary_large_image","twitter_misc":{"\u00c9crit par":"Heide Merkel","Dur\u00e9e de lecture estim\u00e9e":"2 minutes"},"schema":{"@context":"https:\/\/schema.org","@graph":[{"@type":"Article","@id":"https:\/\/blog.proclima.com\/fr\/2016\/05\/experts-en-etancheite-a-lair\/#article","isPartOf":{"@id":"https:\/\/blog.proclima.com\/fr\/2016\/05\/experts-en-etancheite-a-lair\/"},"author":{"name":"Heide Merkel","@id":"https:\/\/blog.proclima.com\/fr\/#\/schema\/person\/b3490e20200d5d45b8d56f555ceffc21"},"headline":"Rencontre des experts en \u00e9tanch\u00e9it\u00e9 \u00e0 l&rsquo;air: nouveaux produits et tendances","datePublished":"2016-05-09T14:57:58+00:00","dateModified":"2016-05-09T16:21:47+00:00","mainEntityOfPage":{"@id":"https:\/\/blog.proclima.com\/fr\/2016\/05\/experts-en-etancheite-a-lair\/"},"wordCount":312,"commentCount":0,"publisher":{"@id":"https:\/\/blog.proclima.com\/fr\/#organization"},"image":{"@id":"https:\/\/blog.proclima.com\/fr\/2016\/05\/experts-en-etancheite-a-lair\/#primaryimage"},"thumbnailUrl":"https:\/\/blog.proclima.com\/fr\/files\/2016\/05\/DSC_4936.jpg","keywords":["pro clima France"],"articleSection":["pro clima"],"inLanguage":"fr-FR","potentialAction":[{"@type":"CommentAction","name":"Comment","target":["https:\/\/blog.proclima.com\/fr\/2016\/05\/experts-en-etancheite-a-lair\/#respond"]}]},{"@type":"WebPage","@id":"https:\/\/blog.proclima.com\/fr\/2016\/05\/experts-en-etancheite-a-lair\/","url":"https:\/\/blog.proclima.com\/fr\/2016\/05\/experts-en-etancheite-a-lair\/","name":"Rencontre des experts en \u00e9tanch\u00e9it\u00e9 \u00e0 l'air: nouveaux produits et tendances - pro clima Blog - france","isPartOf":{"@id":"https:\/\/blog.proclima.com\/fr\/#website"},"primaryImageOfPage":{"@id":"https:\/\/blog.proclima.com\/fr\/2016\/05\/experts-en-etancheite-a-lair\/#primaryimage"},"image":{"@id":"https:\/\/blog.proclima.com\/fr\/2016\/05\/experts-en-etancheite-a-lair\/#primaryimage"},"thumbnailUrl":"https:\/\/blog.proclima.com\/fr\/files\/2016\/05\/DSC_4936.jpg","datePublished":"2016-05-09T14:57:58+00:00","dateModified":"2016-05-09T16:21:47+00:00","breadcrumb":{"@id":"https:\/\/blog.proclima.com\/fr\/2016\/05\/experts-en-etancheite-a-lair\/#breadcrumb"},"inLanguage":"fr-FR","potentialAction":[{"@type":"ReadAction","target":["https:\/\/blog.proclima.com\/fr\/2016\/05\/experts-en-etancheite-a-lair\/"]}]},{"@type":"ImageObject","inLanguage":"fr-FR","@id":"https:\/\/blog.proclima.com\/fr\/2016\/05\/experts-en-etancheite-a-lair\/#primaryimage","url":"https:\/\/blog.proclima.com\/fr\/files\/2016\/05\/DSC_4936.jpg","contentUrl":"https:\/\/blog.proclima.com\/fr\/files\/2016\/05\/DSC_4936.jpg","width":5520,"height":3680},{"@type":"BreadcrumbList","@id":"https:\/\/blog.proclima.com\/fr\/2016\/05\/experts-en-etancheite-a-lair\/#breadcrumb","itemListElement":[{"@type":"ListItem","position":1,"name":"Accueil","item":"https:\/\/blog.proclima.com\/fr\/"},{"@type":"ListItem","position":2,"name":"Rencontre des experts en \u00e9tanch\u00e9it\u00e9 \u00e0 l&rsquo;air: nouveaux produits et tendances"}]},{"@type":"WebSite","@id":"https:\/\/blog.proclima.com\/fr\/#website","url":"https:\/\/blog.proclima.com\/fr\/","name":"pro clima Blog - france","description":"pro clima Blog","publisher":{"@id":"https:\/\/blog.proclima.com\/fr\/#organization"},"potentialAction":[{"@type":"SearchAction","target":{"@type":"EntryPoint","urlTemplate":"https:\/\/blog.proclima.com\/fr\/?s={search_term_string}"},"query-input":{"@type":"PropertyValueSpecification","valueRequired":true,"valueName":"search_term_string"}}],"inLanguage":"fr-FR"},{"@type":"Organization","@id":"https:\/\/blog.proclima.com\/fr\/#organization","name":"pro clima Blog - france","url":"https:\/\/blog.proclima.com\/fr\/","logo":{"@type":"ImageObject","inLanguage":"fr-FR","@id":"https:\/\/blog.proclima.com\/fr\/#\/schema\/logo\/image\/","url":"https:\/\/blog.proclima.com\/fr\/files\/2025\/12\/logo_proclima_quadrat.png","contentUrl":"https:\/\/blog.proclima.com\/fr\/files\/2025\/12\/logo_proclima_quadrat.png","width":1200,"height":1200,"caption":"pro clima Blog - france"},"image":{"@id":"https:\/\/blog.proclima.com\/fr\/#\/schema\/logo\/image\/"}},{"@type":"Person","@id":"https:\/\/blog.proclima.com\/fr\/#\/schema\/person\/b3490e20200d5d45b8d56f555ceffc21","name":"Heide Merkel","image":{"@type":"ImageObject","inLanguage":"fr-FR","@id":"https:\/\/secure.gravatar.com\/avatar\/a4a1c909701780173c0b7a635fb539f21128c8d654b77311c92e724657788582?s=96&d=mm&r=g","url":"https:\/\/secure.gravatar.com\/avatar\/a4a1c909701780173c0b7a635fb539f21128c8d654b77311c92e724657788582?s=96&d=mm&r=g","contentUrl":"https:\/\/secure.gravatar.com\/avatar\/a4a1c909701780173c0b7a635fb539f21128c8d654b77311c92e724657788582?s=96&d=mm&r=g","caption":"Heide Merkel"},"description":"Fachjournalistin, Referentin, Steuerung Presse &amp; Digitale Medien bei Moll bau\u00f6kologische Produkte GmbH (pro clima). Als Japanologin und ausgebildete Redakteurin ist Heide eher zuf\u00e4llig in der Baubranche gelandet. Seit 2011 arbeitet sie f\u00fcr pro clima. Ihr Wissen zu effektiver Kommunikation gibt sie in Seminaren, Artikeln und Vortr\u00e4gen weiter. F\u00fcr den pro clima Blog, proclima.tv und das pro clima Bauradio interviewt sie interessante Menschen aus der Baubranche. Auf\u00a0 luftdichtheit-gepr\u00fcft.de bloggt Heide \u00fcber Leckagen, Luftdichtung und Qualit\u00e4ts\u00fcberpr\u00fcfung mit Blower-Door-Tests. Ihre Freizeit verbringt sie u.a. in den Vogesen, wo sie seit mehr als f\u00fcnf Jahren ein altes Bauernhaus saniert. Ihr neuestes Projekt:\u00a0 www.besser-als-marketing.de Hier gibt es Tipps, wie Unternehmen in der Baubranche ihre Sichtbarkeit erh\u00f6hen k\u00f6nnen. Die ersten Videos sind bereits online im Youtube Channel Wer mehr \u00fcber Heide Merkel erfahren m\u00f6chte, findet sie auf den g\u00e4ngigen Social Media Plattformen.","url":"https:\/\/blog.proclima.com\/fr\/author\/gentner\/"}]}},"_links":{"self":[{"href":"https:\/\/blog.proclima.com\/fr\/wp-json\/wp\/v2\/posts\/611","targetHints":{"allow":["GET"]}}],"collection":[{"href":"https:\/\/blog.proclima.com\/fr\/wp-json\/wp\/v2\/posts"}],"about":[{"href":"https:\/\/blog.proclima.com\/fr\/wp-json\/wp\/v2\/types\/post"}],"author":[{"embeddable":true,"href":"https:\/\/blog.proclima.com\/fr\/wp-json\/wp\/v2\/users\/18"}],"replies":[{"embeddable":true,"href":"https:\/\/blog.proclima.com\/fr\/wp-json\/wp\/v2\/comments?post=611"}],"version-history":[{"count":3,"href":"https:\/\/blog.proclima.com\/fr\/wp-json\/wp\/v2\/posts\/611\/revisions"}],"predecessor-version":[{"id":614,"href":"https:\/\/blog.proclima.com\/fr\/wp-json\/wp\/v2\/posts\/611\/revisions\/614"}],"wp:featuredmedia":[{"embeddable":true,"href":"https:\/\/blog.proclima.com\/fr\/wp-json\/wp\/v2\/media\/608"}],"wp:attachment":[{"href":"https:\/\/blog.proclima.com\/fr\/wp-json\/wp\/v2\/media?parent=611"}],"wp:term":[{"taxonomy":"category","embeddable":true,"href":"https:\/\/blog.proclima.com\/fr\/wp-json\/wp\/v2\/categories?post=611"},{"taxonomy":"post_tag","embeddable":true,"href":"https:\/\/blog.proclima.com\/fr\/wp-json\/wp\/v2\/tags?post=611"}],"curies":[{"name":"wp","href":"https:\/\/api.w.org\/{rel}","templated":true}]}}