
{"id":576,"date":"2016-05-27T11:23:12","date_gmt":"2016-05-27T09:23:12","guid":{"rendered":"http:\/\/blog.proclima.com\/fr\/?p=576"},"modified":"2016-05-09T11:23:29","modified_gmt":"2016-05-09T09:23:29","slug":"tasuleasa-social-proteger-ensemble-la-nature-et-l-environnement","status":"publish","type":"post","link":"https:\/\/blog.proclima.com\/fr\/2016\/05\/tasuleasa-social-proteger-ensemble-la-nature-et-l-environnement\/","title":{"rendered":"Tasuleasa Social: Prot\u00e9ger ensemble la nature et l&rsquo; environnement"},"content":{"rendered":"<figure id=\"attachment_577\" aria-describedby=\"caption-attachment-577\" style=\"width: 640px\" class=\"wp-caption alignnone\"><a href=\"https:\/\/blog.proclima.com\/fr\/files\/2016\/05\/unbenannt.png\"><img loading=\"lazy\" decoding=\"async\" data-size=\"1365x625\" class=\"wp-image-577 size-large\" src=\"https:\/\/blog.proclima.com\/fr\/files\/2016\/05\/unbenannt-1024x469.png\" alt=\"unbenannt\" width=\"640\" height=\"293\" srcset=\"https:\/\/blog.proclima.com\/fr\/files\/2016\/05\/unbenannt-1024x469.png 1024w, https:\/\/blog.proclima.com\/fr\/files\/2016\/05\/unbenannt-300x137.png 300w, https:\/\/blog.proclima.com\/fr\/files\/2016\/05\/unbenannt-768x352.png 768w, https:\/\/blog.proclima.com\/fr\/files\/2016\/05\/unbenannt.png 1365w\" sizes=\"auto, (max-width: 640px) 100vw, 640px\" \/><\/a><figcaption id=\"caption-attachment-577\" class=\"wp-caption-text\">Tasuleasa Social: un lieu particulier qui attire r\u00e9guli\u00e8rement beaucoup de jeunes volontaires<\/figcaption><\/figure>\n<p><em>\u00abNous faisons comprendre \u00e0 des enfants et adolescents roumains et allemands pourquoi ils ont tellement int\u00e9r\u00eat \u00e0 respecter la nature.\u00bb<\/em><\/p>\n<p><strong>La protection de la montagne<\/strong><br \/>\n\u00abEn me promenant sur le mont Tasuleasa, j\u2018ai vu des voleurs de bois charger presque tous les arbres de la for\u00eat sur des poids lourds. Je me suis dit : il faut faire quelque chose.\u00bb<br \/>\nEn l\u2019an 2000, Alin Uhlmann Useriu a fond\u00e9 en Roumanie l\u2019ONG Tasuleasa Social. Le projet social allie l\u2019aide aux enfants et adolescents avec le d\u00e9veloppement durable et la protection de l\u2019environnement. Tasuleasa Social est \u00e9galement le nom du site exceptionnel qu\u2019Alin Uhlmann Useriu et ses camarades de combat ont cr\u00e9\u00e9 au pied de la montagne, dans les Carpates, en Transylvanie: \u00abLe mont Tasuleasa nous offre sa protection et a donc donn\u00e9 son nom \u00e0 notre projet.\u00bb<!--more--><\/p>\n<figure id=\"attachment_578\" aria-describedby=\"caption-attachment-578\" style=\"width: 640px\" class=\"wp-caption alignnone\"><a href=\"https:\/\/blog.proclima.com\/fr\/files\/2016\/05\/Bildschirmfoto-2015-11-16-um-09.35.18.jpg\"><img loading=\"lazy\" decoding=\"async\" data-size=\"1416x932\" class=\"wp-image-578 size-large\" src=\"https:\/\/blog.proclima.com\/fr\/files\/2016\/05\/Bildschirmfoto-2015-11-16-um-09.35.18-1024x674.jpg\" width=\"640\" height=\"421\" srcset=\"https:\/\/blog.proclima.com\/fr\/files\/2016\/05\/Bildschirmfoto-2015-11-16-um-09.35.18-1024x674.jpg 1024w, https:\/\/blog.proclima.com\/fr\/files\/2016\/05\/Bildschirmfoto-2015-11-16-um-09.35.18-300x197.jpg 300w, https:\/\/blog.proclima.com\/fr\/files\/2016\/05\/Bildschirmfoto-2015-11-16-um-09.35.18-768x505.jpg 768w, https:\/\/blog.proclima.com\/fr\/files\/2016\/05\/Bildschirmfoto-2015-11-16-um-09.35.18.jpg 1416w\" sizes=\"auto, (max-width: 640px) 100vw, 640px\" \/><\/a><figcaption id=\"caption-attachment-578\" class=\"wp-caption-text\">Tout le monde s\u2018y met : durant l\u2019atelier, Holger Merkel de pro clima montre \u00e0 l\u2018\u00e9quipe de Tasuleasa Social les gestes essentiels pour r\u00e9aliser l\u2019\u00e9tanch\u00e9it\u00e9 \u00e0 l\u2019air et au vent d\u2019un b\u00e2timent.<\/figcaption><\/figure>\n<p><strong>Sauver la for\u00eat<\/strong><br \/>\nCe n\u2018est pas la peur de Dracula, mais la lutte contre le vol et le commerce ill\u00e9gal du bois qui les anime dans cette r\u00e9gion montagneuse unique: \u00abIl est irresponsable de r\u00e9duire les arbres au bois qu\u2019ils fournissent. La for\u00eat nous prot\u00e8ge aussi des glissements de terrain et des inondations, elle produit de l\u2019oxyg\u00e8ne et constitue un espace de vie pour beaucoup d\u2019animaux.\u00bb De nombreux adolescents d\u2019Allemagne et de Roumanie se sont engag\u00e9s comme volontaires dans les camps de sensibilisation de l\u2018ONG Tasuleasa. Avec des enfants de la r\u00e9gion, ils plantent chaque ann\u00e9e quelque 60.000 jeunes arbres.<\/p>\n<figure id=\"attachment_579\" aria-describedby=\"caption-attachment-579\" style=\"width: 640px\" class=\"wp-caption alignnone\"><a href=\"https:\/\/blog.proclima.com\/fr\/files\/2016\/05\/Bildschirmfoto-2015-11-16-um-09.44.19.jpg\"><img loading=\"lazy\" decoding=\"async\" data-size=\"1413x941\" class=\"wp-image-579 size-large\" src=\"https:\/\/blog.proclima.com\/fr\/files\/2016\/05\/Bildschirmfoto-2015-11-16-um-09.44.19-1024x682.jpg\" width=\"640\" height=\"426\" srcset=\"https:\/\/blog.proclima.com\/fr\/files\/2016\/05\/Bildschirmfoto-2015-11-16-um-09.44.19-1024x682.jpg 1024w, https:\/\/blog.proclima.com\/fr\/files\/2016\/05\/Bildschirmfoto-2015-11-16-um-09.44.19-300x200.jpg 300w, https:\/\/blog.proclima.com\/fr\/files\/2016\/05\/Bildschirmfoto-2015-11-16-um-09.44.19-768x511.jpg 768w, https:\/\/blog.proclima.com\/fr\/files\/2016\/05\/Bildschirmfoto-2015-11-16-um-09.44.19.jpg 1413w\" sizes=\"auto, (max-width: 640px) 100vw, 640px\" \/><\/a><figcaption id=\"caption-attachment-579\" class=\"wp-caption-text\">D\u00e9veloppement durable et autarcie : l\u2019installation d\u2019\u00e9puration naturelle sur le site de Tasuleasa filtre et nettoie les eaux us\u00e9es, avant de les d\u00e9verser \u00e0 nouveau dans le ruisseau.<\/figcaption><\/figure>\n<p><strong>Sensibiliser au d\u00e9veloppement durable<\/strong><br \/>\nEn 2010, Tasuleasa Social a am\u00e9nag\u00e9 \u00e0 proximit\u00e9 de son site un parc d\u2019aventure forestier p\u00e9dagogique, unique dans toute la Roumanie. C\u2019est ici que les enfants apprennent \u00e0 respecter et prot\u00e9ger la nature : \u00abNous voulons que les enfants comprennent aussi<br \/>\npourquoi il faut planter ces arbres.\u00bb<\/p>\n<p><strong>B\u00e2tir pour l\u2019avenir<\/strong><br \/>\nSur le site de l\u2019association, tout est con\u00e7u pour durer. La soci\u00e9t\u00e9 pro clima soutient la construction des b\u00e2timents en bois, avec des mat\u00e9riaux pour l\u2019\u00e9tanch\u00e9it\u00e9 \u00e0 l\u2019air \u00e0 l\u2019int\u00e9rieur et l\u2019\u00e9tanch\u00e9it\u00e9 au vent \u00e0 l\u2019ext\u00e9rieur qui permettront ensuite des \u00e9conomies en<br \/>\n\u00e9nergie de chauffage. Holger Merkel, conseiller technique de pro clima, s\u2019est rendu en Roumanie pour former l\u2019\u00e9quipe de Tasuleasa Social \u00e0 la mise en oeuvre des mat\u00e9riaux: \u00abApr\u00e8s avoir d\u2019abord conseill\u00e9 l\u2018association \u00e0 distance, depuis l\u2019Allemagne, j\u2019\u00e9tais ravi de me rendre sur place. J\u2019admire le courage avec lequel les responsables de Tasuleasa Social s\u2019engagent en faveur de l\u2019environnement en Roumanie. J\u2019ai \u00e9t\u00e9 frapp\u00e9 que l\u2019ONG familiarise tr\u00e8s t\u00f4t les enfants avec les th\u00e8mes de la nature et de la responsabilisation ; je<br \/>\ntrouve que c\u2019est une bonne approche.\u00bb Pour Holger Merkel, le travail dans le cadre de ce projet a \u00e9t\u00e9 une exp\u00e9rience impressionnante: \u00abQuiconque passe quelques jours sur le site de l\u2019association au pied du mont Tasuleasa, est s\u00e9duit par la nature, les gens et la philosophie. \u00bb<\/p>\n<p><strong>La suite ici \u2026<\/strong><\/p>\n<p>Prodiguer des conseils techniques avis\u00e9s sur le chantier, pour faire avancer des projets et id\u00e9es durables: \u00e0 la page suivante, vous pouvez lire comment Jan L\u00fcth, collaborateur du<br \/>\nservice ext\u00e9rieur de pro clima, rel\u00e8ve le d\u00e9fi du tournant \u00e9nerg\u00e9tique dans le b\u00e2ti existant.<\/p>\n<p><strong><em>Pour de plus amples informations sur le projet :<\/em><\/strong><br \/>\n<a href=\"http:\/\/www.tasuleasasocial.ro\">www.tasuleasasocial.ro<\/a><br \/>\n<strong><em>Pour des informations compl\u00e9mentaires sur la soci\u00e9t\u00e9 de Holger Merkel:<\/em><\/strong><br \/>\n<a href=\"http:\/\/www.bionic3.de\">www.bionic3.de<\/a><\/p>\n","protected":false},"excerpt":{"rendered":"<p>\u00abNous faisons comprendre \u00e0 des enfants et adolescents roumains et allemands pourquoi ils ont tellement int\u00e9r\u00eat \u00e0 respecter la nature.\u00bb La protection de la montagne <a href=\"https:\/\/blog.proclima.com\/fr\/2016\/05\/tasuleasa-social-proteger-ensemble-la-nature-et-l-environnement\/\" rel=\"bookmark\">&#8230;<\/a><\/p>\n","protected":false},"author":17,"featured_media":0,"comment_status":"open","ping_status":"open","sticky":false,"template":"","format":"standard","meta":{"footnotes":""},"categories":[1],"tags":[118,115,114,119,117,120,116,121],"class_list":["post-576","post","type-post","status-publish","format-standard","hentry","category-general","tag-alin-uhlmann-useriu","tag-bionic3","tag-holger-merkel","tag-le-developpement-durable","tag-letancheite-a-lair","tag-protection-de-lenvironnement","tag-tasuleasa-social","tag-transylvanie"],"yoast_head":"<!-- This site is optimized with the Yoast SEO plugin v27.5 - https:\/\/yoast.com\/product\/yoast-seo-wordpress\/ -->\n<title>Tasuleasa Social: Prot\u00e9ger ensemble la nature et l&#039; environnement - pro clima Blog - france<\/title>\n<meta name=\"robots\" content=\"index, follow, max-snippet:-1, max-image-preview:large, max-video-preview:-1\" \/>\n<link rel=\"canonical\" href=\"https:\/\/blog.proclima.com\/fr\/2016\/05\/tasuleasa-social-proteger-ensemble-la-nature-et-l-environnement\/\" \/>\n<meta property=\"og:locale\" content=\"fr_FR\" \/>\n<meta property=\"og:type\" content=\"article\" \/>\n<meta property=\"og:title\" content=\"Tasuleasa Social: Prot\u00e9ger ensemble la nature et l&#039; environnement - pro clima Blog - france\" \/>\n<meta property=\"og:description\" content=\"\u00abNous faisons comprendre \u00e0 des enfants et adolescents roumains et allemands pourquoi ils ont tellement int\u00e9r\u00eat \u00e0 respecter la nature.\u00bb La protection de la montagne ...\" \/>\n<meta property=\"og:url\" content=\"https:\/\/blog.proclima.com\/fr\/2016\/05\/tasuleasa-social-proteger-ensemble-la-nature-et-l-environnement\/\" \/>\n<meta property=\"og:site_name\" content=\"pro clima Blog - france\" \/>\n<meta property=\"article:published_time\" content=\"2016-05-27T09:23:12+00:00\" \/>\n<meta property=\"og:image\" content=\"https:\/\/blog.proclima.com\/fr\/files\/2016\/05\/unbenannt-1024x469.png\" \/>\n<meta name=\"author\" content=\"Julia Metzger\" \/>\n<meta name=\"twitter:card\" content=\"summary_large_image\" \/>\n<meta name=\"twitter:label1\" content=\"\u00c9crit par\" \/>\n\t<meta name=\"twitter:data1\" content=\"Julia Metzger\" \/>\n\t<meta name=\"twitter:label2\" content=\"Dur\u00e9e de lecture estim\u00e9e\" \/>\n\t<meta name=\"twitter:data2\" content=\"3 minutes\" \/>\n<script type=\"application\/ld+json\" class=\"yoast-schema-graph\">{\"@context\":\"https:\\\/\\\/schema.org\",\"@graph\":[{\"@type\":\"Article\",\"@id\":\"https:\\\/\\\/blog.proclima.com\\\/fr\\\/2016\\\/05\\\/tasuleasa-social-proteger-ensemble-la-nature-et-l-environnement\\\/#article\",\"isPartOf\":{\"@id\":\"https:\\\/\\\/blog.proclima.com\\\/fr\\\/2016\\\/05\\\/tasuleasa-social-proteger-ensemble-la-nature-et-l-environnement\\\/\"},\"author\":{\"name\":\"Julia Metzger\",\"@id\":\"https:\\\/\\\/blog.proclima.com\\\/fr\\\/#\\\/schema\\\/person\\\/2cc86d57b4e91b6c23ab77b2ada44b16\"},\"headline\":\"Tasuleasa Social: Prot\u00e9ger ensemble la nature et l&rsquo; environnement\",\"datePublished\":\"2016-05-27T09:23:12+00:00\",\"mainEntityOfPage\":{\"@id\":\"https:\\\/\\\/blog.proclima.com\\\/fr\\\/2016\\\/05\\\/tasuleasa-social-proteger-ensemble-la-nature-et-l-environnement\\\/\"},\"wordCount\":705,\"commentCount\":0,\"publisher\":{\"@id\":\"https:\\\/\\\/blog.proclima.com\\\/fr\\\/#organization\"},\"image\":{\"@id\":\"https:\\\/\\\/blog.proclima.com\\\/fr\\\/2016\\\/05\\\/tasuleasa-social-proteger-ensemble-la-nature-et-l-environnement\\\/#primaryimage\"},\"thumbnailUrl\":\"https:\\\/\\\/blog.proclima.com\\\/fr\\\/files\\\/2016\\\/05\\\/unbenannt-1024x469.png\",\"keywords\":[\"Alin Uhlmann Useriu\",\"Bionic3\",\"Holger Merkel\",\"le d\u00e9veloppement durable\",\"l\u2019\u00e9tanch\u00e9it\u00e9 \u00e0 l\u2019air\",\"protection de l\u2019environnement\",\"Tasuleasa Social\",\"Transylvanie\"],\"articleSection\":[\"pro clima\"],\"inLanguage\":\"fr-FR\",\"potentialAction\":[{\"@type\":\"CommentAction\",\"name\":\"Comment\",\"target\":[\"https:\\\/\\\/blog.proclima.com\\\/fr\\\/2016\\\/05\\\/tasuleasa-social-proteger-ensemble-la-nature-et-l-environnement\\\/#respond\"]}]},{\"@type\":\"WebPage\",\"@id\":\"https:\\\/\\\/blog.proclima.com\\\/fr\\\/2016\\\/05\\\/tasuleasa-social-proteger-ensemble-la-nature-et-l-environnement\\\/\",\"url\":\"https:\\\/\\\/blog.proclima.com\\\/fr\\\/2016\\\/05\\\/tasuleasa-social-proteger-ensemble-la-nature-et-l-environnement\\\/\",\"name\":\"Tasuleasa Social: Prot\u00e9ger ensemble la nature et l' environnement - pro clima Blog - france\",\"isPartOf\":{\"@id\":\"https:\\\/\\\/blog.proclima.com\\\/fr\\\/#website\"},\"primaryImageOfPage\":{\"@id\":\"https:\\\/\\\/blog.proclima.com\\\/fr\\\/2016\\\/05\\\/tasuleasa-social-proteger-ensemble-la-nature-et-l-environnement\\\/#primaryimage\"},\"image\":{\"@id\":\"https:\\\/\\\/blog.proclima.com\\\/fr\\\/2016\\\/05\\\/tasuleasa-social-proteger-ensemble-la-nature-et-l-environnement\\\/#primaryimage\"},\"thumbnailUrl\":\"https:\\\/\\\/blog.proclima.com\\\/fr\\\/files\\\/2016\\\/05\\\/unbenannt-1024x469.png\",\"datePublished\":\"2016-05-27T09:23:12+00:00\",\"breadcrumb\":{\"@id\":\"https:\\\/\\\/blog.proclima.com\\\/fr\\\/2016\\\/05\\\/tasuleasa-social-proteger-ensemble-la-nature-et-l-environnement\\\/#breadcrumb\"},\"inLanguage\":\"fr-FR\",\"potentialAction\":[{\"@type\":\"ReadAction\",\"target\":[\"https:\\\/\\\/blog.proclima.com\\\/fr\\\/2016\\\/05\\\/tasuleasa-social-proteger-ensemble-la-nature-et-l-environnement\\\/\"]}]},{\"@type\":\"ImageObject\",\"inLanguage\":\"fr-FR\",\"@id\":\"https:\\\/\\\/blog.proclima.com\\\/fr\\\/2016\\\/05\\\/tasuleasa-social-proteger-ensemble-la-nature-et-l-environnement\\\/#primaryimage\",\"url\":\"https:\\\/\\\/blog.proclima.com\\\/fr\\\/files\\\/2016\\\/05\\\/unbenannt-1024x469.png\",\"contentUrl\":\"https:\\\/\\\/blog.proclima.com\\\/fr\\\/files\\\/2016\\\/05\\\/unbenannt-1024x469.png\"},{\"@type\":\"BreadcrumbList\",\"@id\":\"https:\\\/\\\/blog.proclima.com\\\/fr\\\/2016\\\/05\\\/tasuleasa-social-proteger-ensemble-la-nature-et-l-environnement\\\/#breadcrumb\",\"itemListElement\":[{\"@type\":\"ListItem\",\"position\":1,\"name\":\"Accueil\",\"item\":\"https:\\\/\\\/blog.proclima.com\\\/fr\\\/\"},{\"@type\":\"ListItem\",\"position\":2,\"name\":\"Tasuleasa Social: Prot\u00e9ger ensemble la nature et l&rsquo; environnement\"}]},{\"@type\":\"WebSite\",\"@id\":\"https:\\\/\\\/blog.proclima.com\\\/fr\\\/#website\",\"url\":\"https:\\\/\\\/blog.proclima.com\\\/fr\\\/\",\"name\":\"pro clima Blog - france\",\"description\":\"pro clima Blog\",\"publisher\":{\"@id\":\"https:\\\/\\\/blog.proclima.com\\\/fr\\\/#organization\"},\"potentialAction\":[{\"@type\":\"SearchAction\",\"target\":{\"@type\":\"EntryPoint\",\"urlTemplate\":\"https:\\\/\\\/blog.proclima.com\\\/fr\\\/?s={search_term_string}\"},\"query-input\":{\"@type\":\"PropertyValueSpecification\",\"valueRequired\":true,\"valueName\":\"search_term_string\"}}],\"inLanguage\":\"fr-FR\"},{\"@type\":\"Organization\",\"@id\":\"https:\\\/\\\/blog.proclima.com\\\/fr\\\/#organization\",\"name\":\"pro clima Blog - france\",\"url\":\"https:\\\/\\\/blog.proclima.com\\\/fr\\\/\",\"logo\":{\"@type\":\"ImageObject\",\"inLanguage\":\"fr-FR\",\"@id\":\"https:\\\/\\\/blog.proclima.com\\\/fr\\\/#\\\/schema\\\/logo\\\/image\\\/\",\"url\":\"https:\\\/\\\/blog.proclima.com\\\/fr\\\/files\\\/2025\\\/12\\\/logo_proclima_quadrat.png\",\"contentUrl\":\"https:\\\/\\\/blog.proclima.com\\\/fr\\\/files\\\/2025\\\/12\\\/logo_proclima_quadrat.png\",\"width\":1200,\"height\":1200,\"caption\":\"pro clima Blog - france\"},\"image\":{\"@id\":\"https:\\\/\\\/blog.proclima.com\\\/fr\\\/#\\\/schema\\\/logo\\\/image\\\/\"}},{\"@type\":\"Person\",\"@id\":\"https:\\\/\\\/blog.proclima.com\\\/fr\\\/#\\\/schema\\\/person\\\/2cc86d57b4e91b6c23ab77b2ada44b16\",\"name\":\"Julia Metzger\",\"image\":{\"@type\":\"ImageObject\",\"inLanguage\":\"fr-FR\",\"@id\":\"https:\\\/\\\/secure.gravatar.com\\\/avatar\\\/ebe3faa71c6c282123235ab4d03f9d3eb74ca98f95f4d577b0a868da8fb88f2d?s=96&d=mm&r=g\",\"url\":\"https:\\\/\\\/secure.gravatar.com\\\/avatar\\\/ebe3faa71c6c282123235ab4d03f9d3eb74ca98f95f4d577b0a868da8fb88f2d?s=96&d=mm&r=g\",\"contentUrl\":\"https:\\\/\\\/secure.gravatar.com\\\/avatar\\\/ebe3faa71c6c282123235ab4d03f9d3eb74ca98f95f4d577b0a868da8fb88f2d?s=96&d=mm&r=g\",\"caption\":\"Julia Metzger\"},\"url\":\"https:\\\/\\\/blog.proclima.com\\\/fr\\\/author\\\/metzger\\\/\"}]}<\/script>\n<!-- \/ Yoast SEO plugin. -->","yoast_head_json":{"title":"Tasuleasa Social: Prot\u00e9ger ensemble la nature et l' environnement - pro clima Blog - france","robots":{"index":"index","follow":"follow","max-snippet":"max-snippet:-1","max-image-preview":"max-image-preview:large","max-video-preview":"max-video-preview:-1"},"canonical":"https:\/\/blog.proclima.com\/fr\/2016\/05\/tasuleasa-social-proteger-ensemble-la-nature-et-l-environnement\/","og_locale":"fr_FR","og_type":"article","og_title":"Tasuleasa Social: Prot\u00e9ger ensemble la nature et l' environnement - pro clima Blog - france","og_description":"\u00abNous faisons comprendre \u00e0 des enfants et adolescents roumains et allemands pourquoi ils ont tellement int\u00e9r\u00eat \u00e0 respecter la nature.\u00bb La protection de la montagne ...","og_url":"https:\/\/blog.proclima.com\/fr\/2016\/05\/tasuleasa-social-proteger-ensemble-la-nature-et-l-environnement\/","og_site_name":"pro clima Blog - france","article_published_time":"2016-05-27T09:23:12+00:00","og_image":[{"url":"https:\/\/blog.proclima.com\/fr\/files\/2016\/05\/unbenannt-1024x469.png","type":"","width":"","height":""}],"author":"Julia Metzger","twitter_card":"summary_large_image","twitter_misc":{"\u00c9crit par":"Julia Metzger","Dur\u00e9e de lecture estim\u00e9e":"3 minutes"},"schema":{"@context":"https:\/\/schema.org","@graph":[{"@type":"Article","@id":"https:\/\/blog.proclima.com\/fr\/2016\/05\/tasuleasa-social-proteger-ensemble-la-nature-et-l-environnement\/#article","isPartOf":{"@id":"https:\/\/blog.proclima.com\/fr\/2016\/05\/tasuleasa-social-proteger-ensemble-la-nature-et-l-environnement\/"},"author":{"name":"Julia Metzger","@id":"https:\/\/blog.proclima.com\/fr\/#\/schema\/person\/2cc86d57b4e91b6c23ab77b2ada44b16"},"headline":"Tasuleasa Social: Prot\u00e9ger ensemble la nature et l&rsquo; environnement","datePublished":"2016-05-27T09:23:12+00:00","mainEntityOfPage":{"@id":"https:\/\/blog.proclima.com\/fr\/2016\/05\/tasuleasa-social-proteger-ensemble-la-nature-et-l-environnement\/"},"wordCount":705,"commentCount":0,"publisher":{"@id":"https:\/\/blog.proclima.com\/fr\/#organization"},"image":{"@id":"https:\/\/blog.proclima.com\/fr\/2016\/05\/tasuleasa-social-proteger-ensemble-la-nature-et-l-environnement\/#primaryimage"},"thumbnailUrl":"https:\/\/blog.proclima.com\/fr\/files\/2016\/05\/unbenannt-1024x469.png","keywords":["Alin Uhlmann Useriu","Bionic3","Holger Merkel","le d\u00e9veloppement durable","l\u2019\u00e9tanch\u00e9it\u00e9 \u00e0 l\u2019air","protection de l\u2019environnement","Tasuleasa Social","Transylvanie"],"articleSection":["pro clima"],"inLanguage":"fr-FR","potentialAction":[{"@type":"CommentAction","name":"Comment","target":["https:\/\/blog.proclima.com\/fr\/2016\/05\/tasuleasa-social-proteger-ensemble-la-nature-et-l-environnement\/#respond"]}]},{"@type":"WebPage","@id":"https:\/\/blog.proclima.com\/fr\/2016\/05\/tasuleasa-social-proteger-ensemble-la-nature-et-l-environnement\/","url":"https:\/\/blog.proclima.com\/fr\/2016\/05\/tasuleasa-social-proteger-ensemble-la-nature-et-l-environnement\/","name":"Tasuleasa Social: Prot\u00e9ger ensemble la nature et l' environnement - pro clima Blog - france","isPartOf":{"@id":"https:\/\/blog.proclima.com\/fr\/#website"},"primaryImageOfPage":{"@id":"https:\/\/blog.proclima.com\/fr\/2016\/05\/tasuleasa-social-proteger-ensemble-la-nature-et-l-environnement\/#primaryimage"},"image":{"@id":"https:\/\/blog.proclima.com\/fr\/2016\/05\/tasuleasa-social-proteger-ensemble-la-nature-et-l-environnement\/#primaryimage"},"thumbnailUrl":"https:\/\/blog.proclima.com\/fr\/files\/2016\/05\/unbenannt-1024x469.png","datePublished":"2016-05-27T09:23:12+00:00","breadcrumb":{"@id":"https:\/\/blog.proclima.com\/fr\/2016\/05\/tasuleasa-social-proteger-ensemble-la-nature-et-l-environnement\/#breadcrumb"},"inLanguage":"fr-FR","potentialAction":[{"@type":"ReadAction","target":["https:\/\/blog.proclima.com\/fr\/2016\/05\/tasuleasa-social-proteger-ensemble-la-nature-et-l-environnement\/"]}]},{"@type":"ImageObject","inLanguage":"fr-FR","@id":"https:\/\/blog.proclima.com\/fr\/2016\/05\/tasuleasa-social-proteger-ensemble-la-nature-et-l-environnement\/#primaryimage","url":"https:\/\/blog.proclima.com\/fr\/files\/2016\/05\/unbenannt-1024x469.png","contentUrl":"https:\/\/blog.proclima.com\/fr\/files\/2016\/05\/unbenannt-1024x469.png"},{"@type":"BreadcrumbList","@id":"https:\/\/blog.proclima.com\/fr\/2016\/05\/tasuleasa-social-proteger-ensemble-la-nature-et-l-environnement\/#breadcrumb","itemListElement":[{"@type":"ListItem","position":1,"name":"Accueil","item":"https:\/\/blog.proclima.com\/fr\/"},{"@type":"ListItem","position":2,"name":"Tasuleasa Social: Prot\u00e9ger ensemble la nature et l&rsquo; environnement"}]},{"@type":"WebSite","@id":"https:\/\/blog.proclima.com\/fr\/#website","url":"https:\/\/blog.proclima.com\/fr\/","name":"pro clima Blog - france","description":"pro clima Blog","publisher":{"@id":"https:\/\/blog.proclima.com\/fr\/#organization"},"potentialAction":[{"@type":"SearchAction","target":{"@type":"EntryPoint","urlTemplate":"https:\/\/blog.proclima.com\/fr\/?s={search_term_string}"},"query-input":{"@type":"PropertyValueSpecification","valueRequired":true,"valueName":"search_term_string"}}],"inLanguage":"fr-FR"},{"@type":"Organization","@id":"https:\/\/blog.proclima.com\/fr\/#organization","name":"pro clima Blog - france","url":"https:\/\/blog.proclima.com\/fr\/","logo":{"@type":"ImageObject","inLanguage":"fr-FR","@id":"https:\/\/blog.proclima.com\/fr\/#\/schema\/logo\/image\/","url":"https:\/\/blog.proclima.com\/fr\/files\/2025\/12\/logo_proclima_quadrat.png","contentUrl":"https:\/\/blog.proclima.com\/fr\/files\/2025\/12\/logo_proclima_quadrat.png","width":1200,"height":1200,"caption":"pro clima Blog - france"},"image":{"@id":"https:\/\/blog.proclima.com\/fr\/#\/schema\/logo\/image\/"}},{"@type":"Person","@id":"https:\/\/blog.proclima.com\/fr\/#\/schema\/person\/2cc86d57b4e91b6c23ab77b2ada44b16","name":"Julia Metzger","image":{"@type":"ImageObject","inLanguage":"fr-FR","@id":"https:\/\/secure.gravatar.com\/avatar\/ebe3faa71c6c282123235ab4d03f9d3eb74ca98f95f4d577b0a868da8fb88f2d?s=96&d=mm&r=g","url":"https:\/\/secure.gravatar.com\/avatar\/ebe3faa71c6c282123235ab4d03f9d3eb74ca98f95f4d577b0a868da8fb88f2d?s=96&d=mm&r=g","contentUrl":"https:\/\/secure.gravatar.com\/avatar\/ebe3faa71c6c282123235ab4d03f9d3eb74ca98f95f4d577b0a868da8fb88f2d?s=96&d=mm&r=g","caption":"Julia Metzger"},"url":"https:\/\/blog.proclima.com\/fr\/author\/metzger\/"}]}},"_links":{"self":[{"href":"https:\/\/blog.proclima.com\/fr\/wp-json\/wp\/v2\/posts\/576","targetHints":{"allow":["GET"]}}],"collection":[{"href":"https:\/\/blog.proclima.com\/fr\/wp-json\/wp\/v2\/posts"}],"about":[{"href":"https:\/\/blog.proclima.com\/fr\/wp-json\/wp\/v2\/types\/post"}],"author":[{"embeddable":true,"href":"https:\/\/blog.proclima.com\/fr\/wp-json\/wp\/v2\/users\/17"}],"replies":[{"embeddable":true,"href":"https:\/\/blog.proclima.com\/fr\/wp-json\/wp\/v2\/comments?post=576"}],"version-history":[{"count":2,"href":"https:\/\/blog.proclima.com\/fr\/wp-json\/wp\/v2\/posts\/576\/revisions"}],"predecessor-version":[{"id":581,"href":"https:\/\/blog.proclima.com\/fr\/wp-json\/wp\/v2\/posts\/576\/revisions\/581"}],"wp:attachment":[{"href":"https:\/\/blog.proclima.com\/fr\/wp-json\/wp\/v2\/media?parent=576"}],"wp:term":[{"taxonomy":"category","embeddable":true,"href":"https:\/\/blog.proclima.com\/fr\/wp-json\/wp\/v2\/categories?post=576"},{"taxonomy":"post_tag","embeddable":true,"href":"https:\/\/blog.proclima.com\/fr\/wp-json\/wp\/v2\/tags?post=576"}],"curies":[{"name":"wp","href":"https:\/\/api.w.org\/{rel}","templated":true}]}}