
{"id":567,"date":"2016-05-17T10:48:11","date_gmt":"2016-05-17T08:48:11","guid":{"rendered":"http:\/\/blog.proclima.com\/fr\/?p=567"},"modified":"2016-05-09T10:48:38","modified_gmt":"2016-05-09T08:48:38","slug":"repenser-la-construction","status":"publish","type":"post","link":"https:\/\/blog.proclima.com\/fr\/2016\/05\/repenser-la-construction\/","title":{"rendered":"Repenser la construction &#8211; construire activement l&rsquo; avenir"},"content":{"rendered":"<figure id=\"attachment_568\" aria-describedby=\"caption-attachment-568\" style=\"width: 640px\" class=\"wp-caption alignnone\"><a href=\"https:\/\/blog.proclima.com\/fr\/files\/2016\/05\/Knokke.png\"><img loading=\"lazy\" decoding=\"async\" data-size=\"1319x731\" class=\"wp-image-568 size-large\" src=\"https:\/\/blog.proclima.com\/fr\/files\/2016\/05\/Knokke-1024x568.png\" alt=\"Knokke\" width=\"640\" height=\"355\" srcset=\"https:\/\/blog.proclima.com\/fr\/files\/2016\/05\/Knokke-1024x568.png 1024w, https:\/\/blog.proclima.com\/fr\/files\/2016\/05\/Knokke-300x166.png 300w, https:\/\/blog.proclima.com\/fr\/files\/2016\/05\/Knokke-768x426.png 768w, https:\/\/blog.proclima.com\/fr\/files\/2016\/05\/Knokke.png 1319w\" sizes=\"auto, (max-width: 640px) 100vw, 640px\" \/><\/a><figcaption id=\"caption-attachment-568\" class=\"wp-caption-text\">L\u2019\u00e9quipe d\u2019architectes a imagin\u00e9 une configuration hospitali\u00e8re absolument in\u00e9dite, dont les soins m\u00e9dicaux de pointe sont propos\u00e9s dans un environnement apaisant pour l\u2019\u00e2me et l\u2019esprit.<\/figcaption><\/figure>\n<p>\u00abCeci n\u2019est pas un h\u00f4pital\u00bb : ce concept inspir\u00e9 de Magritte est \u00e0 la base de la construction de l\u2019AZ ZENO \u00e0 Knokke, sur la c\u00f4te belge. Un centre de soins de 324 lits qui ne ressemble en rien \u00e0 un b\u00e2timent hospitalier conventionnel. De forme organique, le volume b\u00e2ti semble flotter comme un nuage audessus des vastes polders. Des cours int\u00e9rieures\u00a0 baign\u00e9es de lumi\u00e8re et un embasement vitr\u00e9 laissent passer la lumi\u00e8re jusque dans les niveaux inf\u00e9rieurs. Le b\u00e2timent \u00e0 cinq \u00e9tages r\u00e9unit un h\u00f4pital, un service de revalidation, un centre de soins, une polyclinique, des amphith\u00e9\u00e2tres et des salles de r\u00e9union publiques. Par sa fluidit\u00e9 entre l\u2019int\u00e9rieur et l\u2019ext\u00e9rieur, entre les fonctions publiques et m\u00e9dicales, l\u2019ensemble cr\u00e9e une atmosph\u00e8re attrayante et stimulante, favorable au bien-\u00eatre des patients, du personnel et des visiteurs ainsi qu\u2019aux \u00e9changes entre eux.<!--more--><\/p>\n<p><strong>\u00abLa sant\u00e9 de l\u2019habitat et la construction viable \u00e0 long terme sont aussi des th\u00e8mes c entraux \u00e0 nos yeux\u00bb<\/strong><br \/>\n\u2026 d\u00e9clare Oliver Goldau, responsable du marketing chez pro clima. Comment puis-je cr\u00e9er un environnement qui favorise le bien-\u00eatre des personnes? Par une \u00e9troite collaboration avec des partenaires de coop\u00e9ration dans le monde entier, nous pouvons<br \/>\n\u00e9laborer des concepts novateurs durables et soutenir la r\u00e9alisation de projets pr\u00e9curseurs audacieux, comme l\u2019AZ Zeno. Lors de la r\u00e9alisation, nous avons toujours gard\u00e9 \u00e0 l\u2019esprit<br \/>\nle triple objectif commun : cr\u00e9er une architecture vivante, concilier fonctionnalit\u00e9 et durabilit\u00e9, respecter le caract\u00e8re du lieu et du paysage.<\/p>\n<p><strong>Concr\u00e9tiser des id\u00e9es <\/strong><strong>ensemble<\/strong><br \/>\nPour cela, les concepteurs ont mis\u00e9 sur des technologies et mat\u00e9riaux \u00e0 efficience \u00e9nerg\u00e9tique : une installation de biogaz, la cog\u00e9n\u00e9ration et un syst\u00e8me de g\u00e9othermie contribuent \u00e0 la production d\u2019\u00e9nergie durable. pro clima a apport\u00e9 beaucoup de savoir-faire dans le domaine capital de l\u2019isolation du b\u00e2timent, notamment pour les raccords de fen\u00eatres. Jens-L\u00fcder Herms, gestionnaire des exportations, a prodigu\u00e9 ses conseils lors de la mise en oeuvre: \u00abLes architectes ont attach\u00e9 beaucoup d\u2019importance<br \/>\n\u00e0 la qualit\u00e9 et au d\u00e9roulement efficace du chantier. Cela cadre parfaitement avec notre philosophie.\u00bb<\/p>\n<p><strong>Une mise en oeuvre <\/strong><strong>pr\u00e9cise pour \u00e9viter les <\/strong><strong>d\u00e9g\u00e2ts au b\u00e2timent et les <\/strong><strong>pertes d\u2019\u00e9nergie<\/strong><br \/>\nLes premiers patients seront soign\u00e9s \u00e0 l\u2019h\u00f4pital AZ ZENO \u00e0 Knokke \u00e0 partir de 2017. D\u2019autres id\u00e9es visionnaires pour l\u2019avenir du syst\u00e8me des soins de sant\u00e9 devraient y \u00eatre<br \/>\nconcr\u00e9tis\u00e9es.<\/p>\n<figure id=\"attachment_569\" aria-describedby=\"caption-attachment-569\" style=\"width: 640px\" class=\"wp-caption alignnone\"><a href=\"https:\/\/blog.proclima.com\/fr\/files\/2016\/05\/knokke_encors.jpg\"><img loading=\"lazy\" decoding=\"async\" data-size=\"3648x2736\" class=\"wp-image-569 size-large\" src=\"https:\/\/blog.proclima.com\/fr\/files\/2016\/05\/knokke_encors-1024x768.jpg\" alt=\"knokke_encors\" width=\"640\" height=\"480\" srcset=\"https:\/\/blog.proclima.com\/fr\/files\/2016\/05\/knokke_encors-1024x768.jpg 1024w, https:\/\/blog.proclima.com\/fr\/files\/2016\/05\/knokke_encors-300x225.jpg 300w, https:\/\/blog.proclima.com\/fr\/files\/2016\/05\/knokke_encors-768x576.jpg 768w\" sizes=\"auto, (max-width: 640px) 100vw, 640px\" \/><\/a><figcaption id=\"caption-attachment-569\" class=\"wp-caption-text\">La soci\u00e9t\u00e9 pro clima a soutenu la mise en oeuvre de l\u2019\u00e9tanch\u00e9it\u00e9 du b\u00e2timent en y apportant beaucoup de savoir-faire. EXTOSEAL ENCORS, le ruban adh\u00e9sif butylique \u00e0 base de colle acrylate de pro clima, a permis une r\u00e9alisation particuli\u00e8rement peu on\u00e9reuse des raccords de fen\u00eatres.<\/figcaption><\/figure>\n<p><strong>La suite ici \u2026<br \/>\n<\/strong>Ensemble, construire l\u2019avenir et relever des d\u00e9fis pour aider des personnes dans le besoin :<br \/>\n\u00e0 la page suivante, vous pouvez lire comment une \u00e9quipe de pro clima est pr\u00eate \u00e0 affronter la neige et la glace pour r\u00e9aliser cet objectif.<strong><br \/>\n<\/strong><\/p>\n<p><strong>Projet :<\/strong><br \/>\nCentre de soins AZ ZENO \u00e0 Knokke (Belgique)<br \/>\n<em><strong>Conception :<\/strong><\/em><br \/>\nAssociation momentan\u00e9e Boeckx Architects, Aaprog et Buro II &amp; Archi+I<br \/>\n<a href=\"http:\/\/www.nieuwbouwzeno.be\">www.nieuwbouwzeno.be<\/a><br \/>\n<a href=\"http:\/\/www.detoo.com\">www.detoo.com<\/a><br \/>\n<em><strong>Conseils :<\/strong><\/em><br \/>\npro clima Belgique<br \/>\nIsoproc Solutions, Malines<br \/>\n<a href=\"http:\/\/www.isoproc.be\">www.isoproc.be<\/a><br \/>\n<em><strong>Etanch\u00e9it\u00e9 du b\u00e2timent :<\/strong><\/em><br \/>\nMOLL pro clima<br \/>\nSchwetzingen<br \/>\n<a href=\"http:\/\/www.proclima.com\">www.proclima.com<\/a><\/p>\n<p>&nbsp;<\/p>\n","protected":false},"excerpt":{"rendered":"<p>\u00abCeci n\u2019est pas un h\u00f4pital\u00bb : ce concept inspir\u00e9 de Magritte est \u00e0 la base de la construction de l\u2019AZ ZENO \u00e0 Knokke, sur la <a href=\"https:\/\/blog.proclima.com\/fr\/2016\/05\/repenser-la-construction\/\" rel=\"bookmark\">&#8230;<\/a><\/p>\n","protected":false},"author":17,"featured_media":0,"comment_status":"open","ping_status":"open","sticky":false,"template":"","format":"standard","meta":{"footnotes":""},"categories":[1],"tags":[108,112,109,111,107,113,110],"class_list":["post-567","post","type-post","status-publish","format-standard","hentry","category-general","tag-az-zeno","tag-extoseal-encors","tag-hopital","tag-jens-luder-herms","tag-knokke","tag-letancheite-du-batiment","tag-oliver-goldau"],"yoast_head":"<!-- This site is optimized with the Yoast SEO plugin v27.5 - https:\/\/yoast.com\/product\/yoast-seo-wordpress\/ -->\n<title>Repenser la construction - construire activement l&#039; avenir - pro clima Blog - france<\/title>\n<meta name=\"robots\" content=\"index, follow, max-snippet:-1, max-image-preview:large, max-video-preview:-1\" \/>\n<link rel=\"canonical\" href=\"https:\/\/blog.proclima.com\/fr\/2016\/05\/repenser-la-construction\/\" \/>\n<meta property=\"og:locale\" content=\"fr_FR\" \/>\n<meta property=\"og:type\" content=\"article\" \/>\n<meta property=\"og:title\" content=\"Repenser la construction - construire activement l&#039; avenir - pro clima Blog - france\" \/>\n<meta property=\"og:description\" content=\"\u00abCeci n\u2019est pas un h\u00f4pital\u00bb : ce concept inspir\u00e9 de Magritte est \u00e0 la base de la construction de l\u2019AZ ZENO \u00e0 Knokke, sur la ...\" \/>\n<meta property=\"og:url\" content=\"https:\/\/blog.proclima.com\/fr\/2016\/05\/repenser-la-construction\/\" \/>\n<meta property=\"og:site_name\" content=\"pro clima Blog - france\" \/>\n<meta property=\"article:published_time\" content=\"2016-05-17T08:48:11+00:00\" \/>\n<meta property=\"og:image\" content=\"https:\/\/blog.proclima.com\/fr\/files\/2016\/05\/Knokke-1024x568.png\" \/>\n<meta name=\"author\" content=\"Julia Metzger\" \/>\n<meta name=\"twitter:card\" content=\"summary_large_image\" \/>\n<meta name=\"twitter:label1\" content=\"\u00c9crit par\" \/>\n\t<meta name=\"twitter:data1\" content=\"Julia Metzger\" \/>\n\t<meta name=\"twitter:label2\" content=\"Dur\u00e9e de lecture estim\u00e9e\" \/>\n\t<meta name=\"twitter:data2\" content=\"3 minutes\" \/>\n<script type=\"application\/ld+json\" class=\"yoast-schema-graph\">{\"@context\":\"https:\\\/\\\/schema.org\",\"@graph\":[{\"@type\":\"Article\",\"@id\":\"https:\\\/\\\/blog.proclima.com\\\/fr\\\/2016\\\/05\\\/repenser-la-construction\\\/#article\",\"isPartOf\":{\"@id\":\"https:\\\/\\\/blog.proclima.com\\\/fr\\\/2016\\\/05\\\/repenser-la-construction\\\/\"},\"author\":{\"name\":\"Julia Metzger\",\"@id\":\"https:\\\/\\\/blog.proclima.com\\\/fr\\\/#\\\/schema\\\/person\\\/2cc86d57b4e91b6c23ab77b2ada44b16\"},\"headline\":\"Repenser la construction &#8211; construire activement l&rsquo; avenir\",\"datePublished\":\"2016-05-17T08:48:11+00:00\",\"mainEntityOfPage\":{\"@id\":\"https:\\\/\\\/blog.proclima.com\\\/fr\\\/2016\\\/05\\\/repenser-la-construction\\\/\"},\"wordCount\":632,\"commentCount\":0,\"publisher\":{\"@id\":\"https:\\\/\\\/blog.proclima.com\\\/fr\\\/#organization\"},\"image\":{\"@id\":\"https:\\\/\\\/blog.proclima.com\\\/fr\\\/2016\\\/05\\\/repenser-la-construction\\\/#primaryimage\"},\"thumbnailUrl\":\"https:\\\/\\\/blog.proclima.com\\\/fr\\\/files\\\/2016\\\/05\\\/Knokke-1024x568.png\",\"keywords\":[\"AZ ZENO\",\"EXTOSEAL ENCORS\",\"h\u00f4pital\",\"Jens-L\u00fcder Herms\",\"Knokke\",\"l\u2019\u00e9tanch\u00e9it\u00e9 du b\u00e2timent\",\"Oliver Goldau\"],\"articleSection\":[\"pro clima\"],\"inLanguage\":\"fr-FR\",\"potentialAction\":[{\"@type\":\"CommentAction\",\"name\":\"Comment\",\"target\":[\"https:\\\/\\\/blog.proclima.com\\\/fr\\\/2016\\\/05\\\/repenser-la-construction\\\/#respond\"]}]},{\"@type\":\"WebPage\",\"@id\":\"https:\\\/\\\/blog.proclima.com\\\/fr\\\/2016\\\/05\\\/repenser-la-construction\\\/\",\"url\":\"https:\\\/\\\/blog.proclima.com\\\/fr\\\/2016\\\/05\\\/repenser-la-construction\\\/\",\"name\":\"Repenser la construction - construire activement l' avenir - pro clima Blog - france\",\"isPartOf\":{\"@id\":\"https:\\\/\\\/blog.proclima.com\\\/fr\\\/#website\"},\"primaryImageOfPage\":{\"@id\":\"https:\\\/\\\/blog.proclima.com\\\/fr\\\/2016\\\/05\\\/repenser-la-construction\\\/#primaryimage\"},\"image\":{\"@id\":\"https:\\\/\\\/blog.proclima.com\\\/fr\\\/2016\\\/05\\\/repenser-la-construction\\\/#primaryimage\"},\"thumbnailUrl\":\"https:\\\/\\\/blog.proclima.com\\\/fr\\\/files\\\/2016\\\/05\\\/Knokke-1024x568.png\",\"datePublished\":\"2016-05-17T08:48:11+00:00\",\"breadcrumb\":{\"@id\":\"https:\\\/\\\/blog.proclima.com\\\/fr\\\/2016\\\/05\\\/repenser-la-construction\\\/#breadcrumb\"},\"inLanguage\":\"fr-FR\",\"potentialAction\":[{\"@type\":\"ReadAction\",\"target\":[\"https:\\\/\\\/blog.proclima.com\\\/fr\\\/2016\\\/05\\\/repenser-la-construction\\\/\"]}]},{\"@type\":\"ImageObject\",\"inLanguage\":\"fr-FR\",\"@id\":\"https:\\\/\\\/blog.proclima.com\\\/fr\\\/2016\\\/05\\\/repenser-la-construction\\\/#primaryimage\",\"url\":\"https:\\\/\\\/blog.proclima.com\\\/fr\\\/files\\\/2016\\\/05\\\/Knokke-1024x568.png\",\"contentUrl\":\"https:\\\/\\\/blog.proclima.com\\\/fr\\\/files\\\/2016\\\/05\\\/Knokke-1024x568.png\"},{\"@type\":\"BreadcrumbList\",\"@id\":\"https:\\\/\\\/blog.proclima.com\\\/fr\\\/2016\\\/05\\\/repenser-la-construction\\\/#breadcrumb\",\"itemListElement\":[{\"@type\":\"ListItem\",\"position\":1,\"name\":\"Accueil\",\"item\":\"https:\\\/\\\/blog.proclima.com\\\/fr\\\/\"},{\"@type\":\"ListItem\",\"position\":2,\"name\":\"Repenser la construction &#8211; construire activement l&rsquo; avenir\"}]},{\"@type\":\"WebSite\",\"@id\":\"https:\\\/\\\/blog.proclima.com\\\/fr\\\/#website\",\"url\":\"https:\\\/\\\/blog.proclima.com\\\/fr\\\/\",\"name\":\"pro clima Blog - france\",\"description\":\"pro clima Blog\",\"publisher\":{\"@id\":\"https:\\\/\\\/blog.proclima.com\\\/fr\\\/#organization\"},\"potentialAction\":[{\"@type\":\"SearchAction\",\"target\":{\"@type\":\"EntryPoint\",\"urlTemplate\":\"https:\\\/\\\/blog.proclima.com\\\/fr\\\/?s={search_term_string}\"},\"query-input\":{\"@type\":\"PropertyValueSpecification\",\"valueRequired\":true,\"valueName\":\"search_term_string\"}}],\"inLanguage\":\"fr-FR\"},{\"@type\":\"Organization\",\"@id\":\"https:\\\/\\\/blog.proclima.com\\\/fr\\\/#organization\",\"name\":\"pro clima Blog - france\",\"url\":\"https:\\\/\\\/blog.proclima.com\\\/fr\\\/\",\"logo\":{\"@type\":\"ImageObject\",\"inLanguage\":\"fr-FR\",\"@id\":\"https:\\\/\\\/blog.proclima.com\\\/fr\\\/#\\\/schema\\\/logo\\\/image\\\/\",\"url\":\"https:\\\/\\\/blog.proclima.com\\\/fr\\\/files\\\/2025\\\/12\\\/logo_proclima_quadrat.png\",\"contentUrl\":\"https:\\\/\\\/blog.proclima.com\\\/fr\\\/files\\\/2025\\\/12\\\/logo_proclima_quadrat.png\",\"width\":1200,\"height\":1200,\"caption\":\"pro clima Blog - france\"},\"image\":{\"@id\":\"https:\\\/\\\/blog.proclima.com\\\/fr\\\/#\\\/schema\\\/logo\\\/image\\\/\"}},{\"@type\":\"Person\",\"@id\":\"https:\\\/\\\/blog.proclima.com\\\/fr\\\/#\\\/schema\\\/person\\\/2cc86d57b4e91b6c23ab77b2ada44b16\",\"name\":\"Julia Metzger\",\"image\":{\"@type\":\"ImageObject\",\"inLanguage\":\"fr-FR\",\"@id\":\"https:\\\/\\\/secure.gravatar.com\\\/avatar\\\/ebe3faa71c6c282123235ab4d03f9d3eb74ca98f95f4d577b0a868da8fb88f2d?s=96&d=mm&r=g\",\"url\":\"https:\\\/\\\/secure.gravatar.com\\\/avatar\\\/ebe3faa71c6c282123235ab4d03f9d3eb74ca98f95f4d577b0a868da8fb88f2d?s=96&d=mm&r=g\",\"contentUrl\":\"https:\\\/\\\/secure.gravatar.com\\\/avatar\\\/ebe3faa71c6c282123235ab4d03f9d3eb74ca98f95f4d577b0a868da8fb88f2d?s=96&d=mm&r=g\",\"caption\":\"Julia Metzger\"},\"url\":\"https:\\\/\\\/blog.proclima.com\\\/fr\\\/author\\\/metzger\\\/\"}]}<\/script>\n<!-- \/ Yoast SEO plugin. -->","yoast_head_json":{"title":"Repenser la construction - construire activement l' avenir - pro clima Blog - france","robots":{"index":"index","follow":"follow","max-snippet":"max-snippet:-1","max-image-preview":"max-image-preview:large","max-video-preview":"max-video-preview:-1"},"canonical":"https:\/\/blog.proclima.com\/fr\/2016\/05\/repenser-la-construction\/","og_locale":"fr_FR","og_type":"article","og_title":"Repenser la construction - construire activement l' avenir - pro clima Blog - france","og_description":"\u00abCeci n\u2019est pas un h\u00f4pital\u00bb : ce concept inspir\u00e9 de Magritte est \u00e0 la base de la construction de l\u2019AZ ZENO \u00e0 Knokke, sur la ...","og_url":"https:\/\/blog.proclima.com\/fr\/2016\/05\/repenser-la-construction\/","og_site_name":"pro clima Blog - france","article_published_time":"2016-05-17T08:48:11+00:00","og_image":[{"url":"https:\/\/blog.proclima.com\/fr\/files\/2016\/05\/Knokke-1024x568.png","type":"","width":"","height":""}],"author":"Julia Metzger","twitter_card":"summary_large_image","twitter_misc":{"\u00c9crit par":"Julia Metzger","Dur\u00e9e de lecture estim\u00e9e":"3 minutes"},"schema":{"@context":"https:\/\/schema.org","@graph":[{"@type":"Article","@id":"https:\/\/blog.proclima.com\/fr\/2016\/05\/repenser-la-construction\/#article","isPartOf":{"@id":"https:\/\/blog.proclima.com\/fr\/2016\/05\/repenser-la-construction\/"},"author":{"name":"Julia Metzger","@id":"https:\/\/blog.proclima.com\/fr\/#\/schema\/person\/2cc86d57b4e91b6c23ab77b2ada44b16"},"headline":"Repenser la construction &#8211; construire activement l&rsquo; avenir","datePublished":"2016-05-17T08:48:11+00:00","mainEntityOfPage":{"@id":"https:\/\/blog.proclima.com\/fr\/2016\/05\/repenser-la-construction\/"},"wordCount":632,"commentCount":0,"publisher":{"@id":"https:\/\/blog.proclima.com\/fr\/#organization"},"image":{"@id":"https:\/\/blog.proclima.com\/fr\/2016\/05\/repenser-la-construction\/#primaryimage"},"thumbnailUrl":"https:\/\/blog.proclima.com\/fr\/files\/2016\/05\/Knokke-1024x568.png","keywords":["AZ ZENO","EXTOSEAL ENCORS","h\u00f4pital","Jens-L\u00fcder Herms","Knokke","l\u2019\u00e9tanch\u00e9it\u00e9 du b\u00e2timent","Oliver Goldau"],"articleSection":["pro clima"],"inLanguage":"fr-FR","potentialAction":[{"@type":"CommentAction","name":"Comment","target":["https:\/\/blog.proclima.com\/fr\/2016\/05\/repenser-la-construction\/#respond"]}]},{"@type":"WebPage","@id":"https:\/\/blog.proclima.com\/fr\/2016\/05\/repenser-la-construction\/","url":"https:\/\/blog.proclima.com\/fr\/2016\/05\/repenser-la-construction\/","name":"Repenser la construction - construire activement l' avenir - pro clima Blog - france","isPartOf":{"@id":"https:\/\/blog.proclima.com\/fr\/#website"},"primaryImageOfPage":{"@id":"https:\/\/blog.proclima.com\/fr\/2016\/05\/repenser-la-construction\/#primaryimage"},"image":{"@id":"https:\/\/blog.proclima.com\/fr\/2016\/05\/repenser-la-construction\/#primaryimage"},"thumbnailUrl":"https:\/\/blog.proclima.com\/fr\/files\/2016\/05\/Knokke-1024x568.png","datePublished":"2016-05-17T08:48:11+00:00","breadcrumb":{"@id":"https:\/\/blog.proclima.com\/fr\/2016\/05\/repenser-la-construction\/#breadcrumb"},"inLanguage":"fr-FR","potentialAction":[{"@type":"ReadAction","target":["https:\/\/blog.proclima.com\/fr\/2016\/05\/repenser-la-construction\/"]}]},{"@type":"ImageObject","inLanguage":"fr-FR","@id":"https:\/\/blog.proclima.com\/fr\/2016\/05\/repenser-la-construction\/#primaryimage","url":"https:\/\/blog.proclima.com\/fr\/files\/2016\/05\/Knokke-1024x568.png","contentUrl":"https:\/\/blog.proclima.com\/fr\/files\/2016\/05\/Knokke-1024x568.png"},{"@type":"BreadcrumbList","@id":"https:\/\/blog.proclima.com\/fr\/2016\/05\/repenser-la-construction\/#breadcrumb","itemListElement":[{"@type":"ListItem","position":1,"name":"Accueil","item":"https:\/\/blog.proclima.com\/fr\/"},{"@type":"ListItem","position":2,"name":"Repenser la construction &#8211; construire activement l&rsquo; avenir"}]},{"@type":"WebSite","@id":"https:\/\/blog.proclima.com\/fr\/#website","url":"https:\/\/blog.proclima.com\/fr\/","name":"pro clima Blog - france","description":"pro clima Blog","publisher":{"@id":"https:\/\/blog.proclima.com\/fr\/#organization"},"potentialAction":[{"@type":"SearchAction","target":{"@type":"EntryPoint","urlTemplate":"https:\/\/blog.proclima.com\/fr\/?s={search_term_string}"},"query-input":{"@type":"PropertyValueSpecification","valueRequired":true,"valueName":"search_term_string"}}],"inLanguage":"fr-FR"},{"@type":"Organization","@id":"https:\/\/blog.proclima.com\/fr\/#organization","name":"pro clima Blog - france","url":"https:\/\/blog.proclima.com\/fr\/","logo":{"@type":"ImageObject","inLanguage":"fr-FR","@id":"https:\/\/blog.proclima.com\/fr\/#\/schema\/logo\/image\/","url":"https:\/\/blog.proclima.com\/fr\/files\/2025\/12\/logo_proclima_quadrat.png","contentUrl":"https:\/\/blog.proclima.com\/fr\/files\/2025\/12\/logo_proclima_quadrat.png","width":1200,"height":1200,"caption":"pro clima Blog - france"},"image":{"@id":"https:\/\/blog.proclima.com\/fr\/#\/schema\/logo\/image\/"}},{"@type":"Person","@id":"https:\/\/blog.proclima.com\/fr\/#\/schema\/person\/2cc86d57b4e91b6c23ab77b2ada44b16","name":"Julia Metzger","image":{"@type":"ImageObject","inLanguage":"fr-FR","@id":"https:\/\/secure.gravatar.com\/avatar\/ebe3faa71c6c282123235ab4d03f9d3eb74ca98f95f4d577b0a868da8fb88f2d?s=96&d=mm&r=g","url":"https:\/\/secure.gravatar.com\/avatar\/ebe3faa71c6c282123235ab4d03f9d3eb74ca98f95f4d577b0a868da8fb88f2d?s=96&d=mm&r=g","contentUrl":"https:\/\/secure.gravatar.com\/avatar\/ebe3faa71c6c282123235ab4d03f9d3eb74ca98f95f4d577b0a868da8fb88f2d?s=96&d=mm&r=g","caption":"Julia Metzger"},"url":"https:\/\/blog.proclima.com\/fr\/author\/metzger\/"}]}},"_links":{"self":[{"href":"https:\/\/blog.proclima.com\/fr\/wp-json\/wp\/v2\/posts\/567","targetHints":{"allow":["GET"]}}],"collection":[{"href":"https:\/\/blog.proclima.com\/fr\/wp-json\/wp\/v2\/posts"}],"about":[{"href":"https:\/\/blog.proclima.com\/fr\/wp-json\/wp\/v2\/types\/post"}],"author":[{"embeddable":true,"href":"https:\/\/blog.proclima.com\/fr\/wp-json\/wp\/v2\/users\/17"}],"replies":[{"embeddable":true,"href":"https:\/\/blog.proclima.com\/fr\/wp-json\/wp\/v2\/comments?post=567"}],"version-history":[{"count":2,"href":"https:\/\/blog.proclima.com\/fr\/wp-json\/wp\/v2\/posts\/567\/revisions"}],"predecessor-version":[{"id":572,"href":"https:\/\/blog.proclima.com\/fr\/wp-json\/wp\/v2\/posts\/567\/revisions\/572"}],"wp:attachment":[{"href":"https:\/\/blog.proclima.com\/fr\/wp-json\/wp\/v2\/media?parent=567"}],"wp:term":[{"taxonomy":"category","embeddable":true,"href":"https:\/\/blog.proclima.com\/fr\/wp-json\/wp\/v2\/categories?post=567"},{"taxonomy":"post_tag","embeddable":true,"href":"https:\/\/blog.proclima.com\/fr\/wp-json\/wp\/v2\/tags?post=567"}],"curies":[{"name":"wp","href":"https:\/\/api.w.org\/{rel}","templated":true}]}}