
{"id":54,"date":"2012-04-18T12:26:48","date_gmt":"2012-04-18T10:26:48","guid":{"rendered":"http:\/\/blog.proclima.com\/fr\/?p=54"},"modified":"2012-04-18T12:26:48","modified_gmt":"2012-04-18T10:26:48","slug":"pro-clima-a-participe-a-la-conference-maitriser-les-risques-de-condensation","status":"publish","type":"post","link":"https:\/\/blog.proclima.com\/fr\/2012\/04\/pro-clima-a-participe-a-la-conference-maitriser-les-risques-de-condensation\/","title":{"rendered":"pro clima a particip\u00e9 \u00e0 la conf\u00e9rence \u00ab\u00a0Ma\u00eetriser les risques de condensation\u00a0\u00bb"},"content":{"rendered":"<p lang=\"fr-FR\"><a href=\"http:\/\/blog.proclima.com\/fr\/files\/2012\/04\/P1030250.jpg\"><img loading=\"lazy\" decoding=\"async\" data-size=\"2000x1500\" class=\"alignleft size-medium wp-image-55\" title=\"P1030250\" src=\"http:\/\/blog.proclima.com\/fr\/files\/2012\/04\/P1030250-300x225.jpg\" alt=\"\" width=\"300\" height=\"225\" srcset=\"https:\/\/blog.proclima.com\/fr\/files\/2012\/04\/P1030250-300x225.jpg 300w, https:\/\/blog.proclima.com\/fr\/files\/2012\/04\/P1030250-1024x768.jpg 1024w, https:\/\/blog.proclima.com\/fr\/files\/2012\/04\/P1030250.jpg 2000w\" sizes=\"auto, (max-width: 300px) 100vw, 300px\" \/><\/a>Organis\u00e9 par la soci\u00e9t\u00e9 TYECO2 le 6 avril 2012 au campus de Ker Lan \u00e0 Bruz pro clima s\u2019est engag\u00e9 pour une manifestation int\u00e9ressante concernant les probl\u00e8mes et les risques de condensation dans le neuf et la r\u00e9novation. Le sp\u00e9cialiste dans la domaine d\u2019\u00e9tanch\u00e9it\u00e9 \u00e0 l\u2019air a pr\u00e9sent\u00e9 aux visiteurs les principes de base de la transmission de chaleur et d\u2019humidit\u00e9 \u00e0 travers des parois et a d\u00e9montr\u00e9 des solutions pour la planification et la r\u00e9alisation des configurations de mur et de toiture s\u00fbres et fiables en ce que concerne la transmission de vapeur d\u2019eau et le risque de condensation dans la masse.<\/p>\n<p lang=\"fr-FR\">Bas\u00e9e sur les exp\u00e9riences et les activit\u00e9s de la soci\u00e9t\u00e9 pro clima dans toute l\u2019Europe, le conf\u00e9rencier Leo Morche a d\u00e9montr\u00e9 les recommandations des textes r\u00e9glementaires nationales et a pr\u00e9sent\u00e9 les diff\u00e9rences concernant les m\u00e9thodes d\u2019analyse et de justification dans les normes fran\u00e7aises, allemandes, suisses et anglaises pour d\u00e9terminer la performance hygrothermique des parois de b\u00e2timents ainsi que des solutions pour \u00e9viter de l\u2019humidit\u00e9 critique et de condensation dans la masse.<\/p>\n","protected":false},"excerpt":{"rendered":"<p>Organis\u00e9 par la soci\u00e9t\u00e9 TYECO2 le 6 avril 2012 au campus de Ker Lan \u00e0 Bruz pro clima s\u2019est engag\u00e9 pour une manifestation int\u00e9ressante concernant <a href=\"https:\/\/blog.proclima.com\/fr\/2012\/04\/pro-clima-a-participe-a-la-conference-maitriser-les-risques-de-condensation\/\" rel=\"bookmark\">&#8230;<\/a><\/p>\n","protected":false},"author":18,"featured_media":0,"comment_status":"open","ping_status":"open","sticky":false,"template":"","format":"standard","meta":{"footnotes":""},"categories":[1],"tags":[],"class_list":["post-54","post","type-post","status-publish","format-standard","hentry","category-general"],"yoast_head":"<!-- This site is optimized with the Yoast SEO plugin v27.5 - https:\/\/yoast.com\/product\/yoast-seo-wordpress\/ -->\n<title>pro clima a particip\u00e9 \u00e0 la conf\u00e9rence \u00ab\u00a0Ma\u00eetriser les risques de condensation\u00a0\u00bb - pro clima Blog - france<\/title>\n<meta name=\"robots\" content=\"index, follow, max-snippet:-1, max-image-preview:large, max-video-preview:-1\" \/>\n<link rel=\"canonical\" href=\"https:\/\/blog.proclima.com\/fr\/2012\/04\/pro-clima-a-participe-a-la-conference-maitriser-les-risques-de-condensation\/\" \/>\n<meta property=\"og:locale\" content=\"fr_FR\" \/>\n<meta property=\"og:type\" content=\"article\" \/>\n<meta property=\"og:title\" content=\"pro clima a particip\u00e9 \u00e0 la conf\u00e9rence \u00ab\u00a0Ma\u00eetriser les risques de condensation\u00a0\u00bb - pro clima Blog - france\" \/>\n<meta property=\"og:description\" content=\"Organis\u00e9 par la soci\u00e9t\u00e9 TYECO2 le 6 avril 2012 au campus de Ker Lan \u00e0 Bruz pro clima s\u2019est engag\u00e9 pour une manifestation int\u00e9ressante concernant ...\" \/>\n<meta property=\"og:url\" content=\"https:\/\/blog.proclima.com\/fr\/2012\/04\/pro-clima-a-participe-a-la-conference-maitriser-les-risques-de-condensation\/\" \/>\n<meta property=\"og:site_name\" content=\"pro clima Blog - france\" \/>\n<meta property=\"article:published_time\" content=\"2012-04-18T10:26:48+00:00\" \/>\n<meta property=\"og:image\" content=\"http:\/\/blog.proclima.com\/fr\/files\/2012\/04\/P1030250-300x225.jpg\" \/>\n<meta name=\"author\" content=\"Heide Merkel\" \/>\n<meta name=\"twitter:card\" content=\"summary_large_image\" \/>\n<meta name=\"twitter:label1\" content=\"\u00c9crit par\" \/>\n\t<meta name=\"twitter:data1\" content=\"Heide Merkel\" \/>\n\t<meta name=\"twitter:label2\" content=\"Dur\u00e9e de lecture estim\u00e9e\" \/>\n\t<meta name=\"twitter:data2\" content=\"1 minute\" \/>\n<script type=\"application\/ld+json\" class=\"yoast-schema-graph\">{\"@context\":\"https:\\\/\\\/schema.org\",\"@graph\":[{\"@type\":\"Article\",\"@id\":\"https:\\\/\\\/blog.proclima.com\\\/fr\\\/2012\\\/04\\\/pro-clima-a-participe-a-la-conference-maitriser-les-risques-de-condensation\\\/#article\",\"isPartOf\":{\"@id\":\"https:\\\/\\\/blog.proclima.com\\\/fr\\\/2012\\\/04\\\/pro-clima-a-participe-a-la-conference-maitriser-les-risques-de-condensation\\\/\"},\"author\":{\"name\":\"Heide Merkel\",\"@id\":\"https:\\\/\\\/blog.proclima.com\\\/fr\\\/#\\\/schema\\\/person\\\/b3490e20200d5d45b8d56f555ceffc21\"},\"headline\":\"pro clima a particip\u00e9 \u00e0 la conf\u00e9rence \u00ab\u00a0Ma\u00eetriser les risques de condensation\u00a0\u00bb\",\"datePublished\":\"2012-04-18T10:26:48+00:00\",\"mainEntityOfPage\":{\"@id\":\"https:\\\/\\\/blog.proclima.com\\\/fr\\\/2012\\\/04\\\/pro-clima-a-participe-a-la-conference-maitriser-les-risques-de-condensation\\\/\"},\"wordCount\":213,\"commentCount\":0,\"publisher\":{\"@id\":\"https:\\\/\\\/blog.proclima.com\\\/fr\\\/#organization\"},\"image\":{\"@id\":\"https:\\\/\\\/blog.proclima.com\\\/fr\\\/2012\\\/04\\\/pro-clima-a-participe-a-la-conference-maitriser-les-risques-de-condensation\\\/#primaryimage\"},\"thumbnailUrl\":\"http:\\\/\\\/blog.proclima.com\\\/fr\\\/files\\\/2012\\\/04\\\/P1030250-300x225.jpg\",\"articleSection\":[\"pro clima\"],\"inLanguage\":\"fr-FR\",\"potentialAction\":[{\"@type\":\"CommentAction\",\"name\":\"Comment\",\"target\":[\"https:\\\/\\\/blog.proclima.com\\\/fr\\\/2012\\\/04\\\/pro-clima-a-participe-a-la-conference-maitriser-les-risques-de-condensation\\\/#respond\"]}]},{\"@type\":\"WebPage\",\"@id\":\"https:\\\/\\\/blog.proclima.com\\\/fr\\\/2012\\\/04\\\/pro-clima-a-participe-a-la-conference-maitriser-les-risques-de-condensation\\\/\",\"url\":\"https:\\\/\\\/blog.proclima.com\\\/fr\\\/2012\\\/04\\\/pro-clima-a-participe-a-la-conference-maitriser-les-risques-de-condensation\\\/\",\"name\":\"pro clima a particip\u00e9 \u00e0 la conf\u00e9rence \u00ab\u00a0Ma\u00eetriser les risques de condensation\u00a0\u00bb - pro clima Blog - france\",\"isPartOf\":{\"@id\":\"https:\\\/\\\/blog.proclima.com\\\/fr\\\/#website\"},\"primaryImageOfPage\":{\"@id\":\"https:\\\/\\\/blog.proclima.com\\\/fr\\\/2012\\\/04\\\/pro-clima-a-participe-a-la-conference-maitriser-les-risques-de-condensation\\\/#primaryimage\"},\"image\":{\"@id\":\"https:\\\/\\\/blog.proclima.com\\\/fr\\\/2012\\\/04\\\/pro-clima-a-participe-a-la-conference-maitriser-les-risques-de-condensation\\\/#primaryimage\"},\"thumbnailUrl\":\"http:\\\/\\\/blog.proclima.com\\\/fr\\\/files\\\/2012\\\/04\\\/P1030250-300x225.jpg\",\"datePublished\":\"2012-04-18T10:26:48+00:00\",\"breadcrumb\":{\"@id\":\"https:\\\/\\\/blog.proclima.com\\\/fr\\\/2012\\\/04\\\/pro-clima-a-participe-a-la-conference-maitriser-les-risques-de-condensation\\\/#breadcrumb\"},\"inLanguage\":\"fr-FR\",\"potentialAction\":[{\"@type\":\"ReadAction\",\"target\":[\"https:\\\/\\\/blog.proclima.com\\\/fr\\\/2012\\\/04\\\/pro-clima-a-participe-a-la-conference-maitriser-les-risques-de-condensation\\\/\"]}]},{\"@type\":\"ImageObject\",\"inLanguage\":\"fr-FR\",\"@id\":\"https:\\\/\\\/blog.proclima.com\\\/fr\\\/2012\\\/04\\\/pro-clima-a-participe-a-la-conference-maitriser-les-risques-de-condensation\\\/#primaryimage\",\"url\":\"http:\\\/\\\/blog.proclima.com\\\/fr\\\/files\\\/2012\\\/04\\\/P1030250-300x225.jpg\",\"contentUrl\":\"http:\\\/\\\/blog.proclima.com\\\/fr\\\/files\\\/2012\\\/04\\\/P1030250-300x225.jpg\"},{\"@type\":\"BreadcrumbList\",\"@id\":\"https:\\\/\\\/blog.proclima.com\\\/fr\\\/2012\\\/04\\\/pro-clima-a-participe-a-la-conference-maitriser-les-risques-de-condensation\\\/#breadcrumb\",\"itemListElement\":[{\"@type\":\"ListItem\",\"position\":1,\"name\":\"Accueil\",\"item\":\"https:\\\/\\\/blog.proclima.com\\\/fr\\\/\"},{\"@type\":\"ListItem\",\"position\":2,\"name\":\"pro clima a particip\u00e9 \u00e0 la conf\u00e9rence \u00ab\u00a0Ma\u00eetriser les risques de condensation\u00a0\u00bb\"}]},{\"@type\":\"WebSite\",\"@id\":\"https:\\\/\\\/blog.proclima.com\\\/fr\\\/#website\",\"url\":\"https:\\\/\\\/blog.proclima.com\\\/fr\\\/\",\"name\":\"pro clima Blog - france\",\"description\":\"pro clima Blog\",\"publisher\":{\"@id\":\"https:\\\/\\\/blog.proclima.com\\\/fr\\\/#organization\"},\"potentialAction\":[{\"@type\":\"SearchAction\",\"target\":{\"@type\":\"EntryPoint\",\"urlTemplate\":\"https:\\\/\\\/blog.proclima.com\\\/fr\\\/?s={search_term_string}\"},\"query-input\":{\"@type\":\"PropertyValueSpecification\",\"valueRequired\":true,\"valueName\":\"search_term_string\"}}],\"inLanguage\":\"fr-FR\"},{\"@type\":\"Organization\",\"@id\":\"https:\\\/\\\/blog.proclima.com\\\/fr\\\/#organization\",\"name\":\"pro clima Blog - france\",\"url\":\"https:\\\/\\\/blog.proclima.com\\\/fr\\\/\",\"logo\":{\"@type\":\"ImageObject\",\"inLanguage\":\"fr-FR\",\"@id\":\"https:\\\/\\\/blog.proclima.com\\\/fr\\\/#\\\/schema\\\/logo\\\/image\\\/\",\"url\":\"https:\\\/\\\/blog.proclima.com\\\/fr\\\/files\\\/2025\\\/12\\\/logo_proclima_quadrat.png\",\"contentUrl\":\"https:\\\/\\\/blog.proclima.com\\\/fr\\\/files\\\/2025\\\/12\\\/logo_proclima_quadrat.png\",\"width\":1200,\"height\":1200,\"caption\":\"pro clima Blog - france\"},\"image\":{\"@id\":\"https:\\\/\\\/blog.proclima.com\\\/fr\\\/#\\\/schema\\\/logo\\\/image\\\/\"}},{\"@type\":\"Person\",\"@id\":\"https:\\\/\\\/blog.proclima.com\\\/fr\\\/#\\\/schema\\\/person\\\/b3490e20200d5d45b8d56f555ceffc21\",\"name\":\"Heide Merkel\",\"image\":{\"@type\":\"ImageObject\",\"inLanguage\":\"fr-FR\",\"@id\":\"https:\\\/\\\/secure.gravatar.com\\\/avatar\\\/a4a1c909701780173c0b7a635fb539f21128c8d654b77311c92e724657788582?s=96&d=mm&r=g\",\"url\":\"https:\\\/\\\/secure.gravatar.com\\\/avatar\\\/a4a1c909701780173c0b7a635fb539f21128c8d654b77311c92e724657788582?s=96&d=mm&r=g\",\"contentUrl\":\"https:\\\/\\\/secure.gravatar.com\\\/avatar\\\/a4a1c909701780173c0b7a635fb539f21128c8d654b77311c92e724657788582?s=96&d=mm&r=g\",\"caption\":\"Heide Merkel\"},\"description\":\"Fachjournalistin, Referentin, Steuerung Presse &amp; Digitale Medien bei Moll bau\u00f6kologische Produkte GmbH (pro clima). Als Japanologin und ausgebildete Redakteurin ist Heide eher zuf\u00e4llig in der Baubranche gelandet. Seit 2011 arbeitet sie f\u00fcr pro clima. Ihr Wissen zu effektiver Kommunikation gibt sie in Seminaren, Artikeln und Vortr\u00e4gen weiter. F\u00fcr den pro clima Blog, proclima.tv und das pro clima Bauradio interviewt sie interessante Menschen aus der Baubranche. Auf\u00a0 luftdichtheit-gepr\u00fcft.de bloggt Heide \u00fcber Leckagen, Luftdichtung und Qualit\u00e4ts\u00fcberpr\u00fcfung mit Blower-Door-Tests. Ihre Freizeit verbringt sie u.a. in den Vogesen, wo sie seit mehr als f\u00fcnf Jahren ein altes Bauernhaus saniert. Ihr neuestes Projekt:\u00a0 www.besser-als-marketing.de Hier gibt es Tipps, wie Unternehmen in der Baubranche ihre Sichtbarkeit erh\u00f6hen k\u00f6nnen. Die ersten Videos sind bereits online im Youtube Channel Wer mehr \u00fcber Heide Merkel erfahren m\u00f6chte, findet sie auf den g\u00e4ngigen Social Media Plattformen.\",\"url\":\"https:\\\/\\\/blog.proclima.com\\\/fr\\\/author\\\/gentner\\\/\"}]}<\/script>\n<!-- \/ Yoast SEO plugin. -->","yoast_head_json":{"title":"pro clima a particip\u00e9 \u00e0 la conf\u00e9rence \u00ab\u00a0Ma\u00eetriser les risques de condensation\u00a0\u00bb - pro clima Blog - france","robots":{"index":"index","follow":"follow","max-snippet":"max-snippet:-1","max-image-preview":"max-image-preview:large","max-video-preview":"max-video-preview:-1"},"canonical":"https:\/\/blog.proclima.com\/fr\/2012\/04\/pro-clima-a-participe-a-la-conference-maitriser-les-risques-de-condensation\/","og_locale":"fr_FR","og_type":"article","og_title":"pro clima a particip\u00e9 \u00e0 la conf\u00e9rence \u00ab\u00a0Ma\u00eetriser les risques de condensation\u00a0\u00bb - pro clima Blog - france","og_description":"Organis\u00e9 par la soci\u00e9t\u00e9 TYECO2 le 6 avril 2012 au campus de Ker Lan \u00e0 Bruz pro clima s\u2019est engag\u00e9 pour une manifestation int\u00e9ressante concernant ...","og_url":"https:\/\/blog.proclima.com\/fr\/2012\/04\/pro-clima-a-participe-a-la-conference-maitriser-les-risques-de-condensation\/","og_site_name":"pro clima Blog - france","article_published_time":"2012-04-18T10:26:48+00:00","og_image":[{"url":"http:\/\/blog.proclima.com\/fr\/files\/2012\/04\/P1030250-300x225.jpg","type":"","width":"","height":""}],"author":"Heide Merkel","twitter_card":"summary_large_image","twitter_misc":{"\u00c9crit par":"Heide Merkel","Dur\u00e9e de lecture estim\u00e9e":"1 minute"},"schema":{"@context":"https:\/\/schema.org","@graph":[{"@type":"Article","@id":"https:\/\/blog.proclima.com\/fr\/2012\/04\/pro-clima-a-participe-a-la-conference-maitriser-les-risques-de-condensation\/#article","isPartOf":{"@id":"https:\/\/blog.proclima.com\/fr\/2012\/04\/pro-clima-a-participe-a-la-conference-maitriser-les-risques-de-condensation\/"},"author":{"name":"Heide Merkel","@id":"https:\/\/blog.proclima.com\/fr\/#\/schema\/person\/b3490e20200d5d45b8d56f555ceffc21"},"headline":"pro clima a particip\u00e9 \u00e0 la conf\u00e9rence \u00ab\u00a0Ma\u00eetriser les risques de condensation\u00a0\u00bb","datePublished":"2012-04-18T10:26:48+00:00","mainEntityOfPage":{"@id":"https:\/\/blog.proclima.com\/fr\/2012\/04\/pro-clima-a-participe-a-la-conference-maitriser-les-risques-de-condensation\/"},"wordCount":213,"commentCount":0,"publisher":{"@id":"https:\/\/blog.proclima.com\/fr\/#organization"},"image":{"@id":"https:\/\/blog.proclima.com\/fr\/2012\/04\/pro-clima-a-participe-a-la-conference-maitriser-les-risques-de-condensation\/#primaryimage"},"thumbnailUrl":"http:\/\/blog.proclima.com\/fr\/files\/2012\/04\/P1030250-300x225.jpg","articleSection":["pro clima"],"inLanguage":"fr-FR","potentialAction":[{"@type":"CommentAction","name":"Comment","target":["https:\/\/blog.proclima.com\/fr\/2012\/04\/pro-clima-a-participe-a-la-conference-maitriser-les-risques-de-condensation\/#respond"]}]},{"@type":"WebPage","@id":"https:\/\/blog.proclima.com\/fr\/2012\/04\/pro-clima-a-participe-a-la-conference-maitriser-les-risques-de-condensation\/","url":"https:\/\/blog.proclima.com\/fr\/2012\/04\/pro-clima-a-participe-a-la-conference-maitriser-les-risques-de-condensation\/","name":"pro clima a particip\u00e9 \u00e0 la conf\u00e9rence \u00ab\u00a0Ma\u00eetriser les risques de condensation\u00a0\u00bb - pro clima Blog - france","isPartOf":{"@id":"https:\/\/blog.proclima.com\/fr\/#website"},"primaryImageOfPage":{"@id":"https:\/\/blog.proclima.com\/fr\/2012\/04\/pro-clima-a-participe-a-la-conference-maitriser-les-risques-de-condensation\/#primaryimage"},"image":{"@id":"https:\/\/blog.proclima.com\/fr\/2012\/04\/pro-clima-a-participe-a-la-conference-maitriser-les-risques-de-condensation\/#primaryimage"},"thumbnailUrl":"http:\/\/blog.proclima.com\/fr\/files\/2012\/04\/P1030250-300x225.jpg","datePublished":"2012-04-18T10:26:48+00:00","breadcrumb":{"@id":"https:\/\/blog.proclima.com\/fr\/2012\/04\/pro-clima-a-participe-a-la-conference-maitriser-les-risques-de-condensation\/#breadcrumb"},"inLanguage":"fr-FR","potentialAction":[{"@type":"ReadAction","target":["https:\/\/blog.proclima.com\/fr\/2012\/04\/pro-clima-a-participe-a-la-conference-maitriser-les-risques-de-condensation\/"]}]},{"@type":"ImageObject","inLanguage":"fr-FR","@id":"https:\/\/blog.proclima.com\/fr\/2012\/04\/pro-clima-a-participe-a-la-conference-maitriser-les-risques-de-condensation\/#primaryimage","url":"http:\/\/blog.proclima.com\/fr\/files\/2012\/04\/P1030250-300x225.jpg","contentUrl":"http:\/\/blog.proclima.com\/fr\/files\/2012\/04\/P1030250-300x225.jpg"},{"@type":"BreadcrumbList","@id":"https:\/\/blog.proclima.com\/fr\/2012\/04\/pro-clima-a-participe-a-la-conference-maitriser-les-risques-de-condensation\/#breadcrumb","itemListElement":[{"@type":"ListItem","position":1,"name":"Accueil","item":"https:\/\/blog.proclima.com\/fr\/"},{"@type":"ListItem","position":2,"name":"pro clima a particip\u00e9 \u00e0 la conf\u00e9rence \u00ab\u00a0Ma\u00eetriser les risques de condensation\u00a0\u00bb"}]},{"@type":"WebSite","@id":"https:\/\/blog.proclima.com\/fr\/#website","url":"https:\/\/blog.proclima.com\/fr\/","name":"pro clima Blog - france","description":"pro clima Blog","publisher":{"@id":"https:\/\/blog.proclima.com\/fr\/#organization"},"potentialAction":[{"@type":"SearchAction","target":{"@type":"EntryPoint","urlTemplate":"https:\/\/blog.proclima.com\/fr\/?s={search_term_string}"},"query-input":{"@type":"PropertyValueSpecification","valueRequired":true,"valueName":"search_term_string"}}],"inLanguage":"fr-FR"},{"@type":"Organization","@id":"https:\/\/blog.proclima.com\/fr\/#organization","name":"pro clima Blog - france","url":"https:\/\/blog.proclima.com\/fr\/","logo":{"@type":"ImageObject","inLanguage":"fr-FR","@id":"https:\/\/blog.proclima.com\/fr\/#\/schema\/logo\/image\/","url":"https:\/\/blog.proclima.com\/fr\/files\/2025\/12\/logo_proclima_quadrat.png","contentUrl":"https:\/\/blog.proclima.com\/fr\/files\/2025\/12\/logo_proclima_quadrat.png","width":1200,"height":1200,"caption":"pro clima Blog - france"},"image":{"@id":"https:\/\/blog.proclima.com\/fr\/#\/schema\/logo\/image\/"}},{"@type":"Person","@id":"https:\/\/blog.proclima.com\/fr\/#\/schema\/person\/b3490e20200d5d45b8d56f555ceffc21","name":"Heide Merkel","image":{"@type":"ImageObject","inLanguage":"fr-FR","@id":"https:\/\/secure.gravatar.com\/avatar\/a4a1c909701780173c0b7a635fb539f21128c8d654b77311c92e724657788582?s=96&d=mm&r=g","url":"https:\/\/secure.gravatar.com\/avatar\/a4a1c909701780173c0b7a635fb539f21128c8d654b77311c92e724657788582?s=96&d=mm&r=g","contentUrl":"https:\/\/secure.gravatar.com\/avatar\/a4a1c909701780173c0b7a635fb539f21128c8d654b77311c92e724657788582?s=96&d=mm&r=g","caption":"Heide Merkel"},"description":"Fachjournalistin, Referentin, Steuerung Presse &amp; Digitale Medien bei Moll bau\u00f6kologische Produkte GmbH (pro clima). Als Japanologin und ausgebildete Redakteurin ist Heide eher zuf\u00e4llig in der Baubranche gelandet. Seit 2011 arbeitet sie f\u00fcr pro clima. Ihr Wissen zu effektiver Kommunikation gibt sie in Seminaren, Artikeln und Vortr\u00e4gen weiter. F\u00fcr den pro clima Blog, proclima.tv und das pro clima Bauradio interviewt sie interessante Menschen aus der Baubranche. Auf\u00a0 luftdichtheit-gepr\u00fcft.de bloggt Heide \u00fcber Leckagen, Luftdichtung und Qualit\u00e4ts\u00fcberpr\u00fcfung mit Blower-Door-Tests. Ihre Freizeit verbringt sie u.a. in den Vogesen, wo sie seit mehr als f\u00fcnf Jahren ein altes Bauernhaus saniert. Ihr neuestes Projekt:\u00a0 www.besser-als-marketing.de Hier gibt es Tipps, wie Unternehmen in der Baubranche ihre Sichtbarkeit erh\u00f6hen k\u00f6nnen. Die ersten Videos sind bereits online im Youtube Channel Wer mehr \u00fcber Heide Merkel erfahren m\u00f6chte, findet sie auf den g\u00e4ngigen Social Media Plattformen.","url":"https:\/\/blog.proclima.com\/fr\/author\/gentner\/"}]}},"_links":{"self":[{"href":"https:\/\/blog.proclima.com\/fr\/wp-json\/wp\/v2\/posts\/54","targetHints":{"allow":["GET"]}}],"collection":[{"href":"https:\/\/blog.proclima.com\/fr\/wp-json\/wp\/v2\/posts"}],"about":[{"href":"https:\/\/blog.proclima.com\/fr\/wp-json\/wp\/v2\/types\/post"}],"author":[{"embeddable":true,"href":"https:\/\/blog.proclima.com\/fr\/wp-json\/wp\/v2\/users\/18"}],"replies":[{"embeddable":true,"href":"https:\/\/blog.proclima.com\/fr\/wp-json\/wp\/v2\/comments?post=54"}],"version-history":[{"count":1,"href":"https:\/\/blog.proclima.com\/fr\/wp-json\/wp\/v2\/posts\/54\/revisions"}],"predecessor-version":[{"id":56,"href":"https:\/\/blog.proclima.com\/fr\/wp-json\/wp\/v2\/posts\/54\/revisions\/56"}],"wp:attachment":[{"href":"https:\/\/blog.proclima.com\/fr\/wp-json\/wp\/v2\/media?parent=54"}],"wp:term":[{"taxonomy":"category","embeddable":true,"href":"https:\/\/blog.proclima.com\/fr\/wp-json\/wp\/v2\/categories?post=54"},{"taxonomy":"post_tag","embeddable":true,"href":"https:\/\/blog.proclima.com\/fr\/wp-json\/wp\/v2\/tags?post=54"}],"curies":[{"name":"wp","href":"https:\/\/api.w.org\/{rel}","templated":true}]}}