
{"id":433,"date":"2015-04-21T12:41:12","date_gmt":"2015-04-21T10:41:12","guid":{"rendered":"http:\/\/blog.proclima.com\/fr\/?p=433"},"modified":"2015-04-21T13:06:01","modified_gmt":"2015-04-21T11:06:01","slug":"journee-portes-ouvertes","status":"publish","type":"post","link":"https:\/\/blog.proclima.com\/fr\/2015\/04\/journee-portes-ouvertes\/","title":{"rendered":"Journ\u00e9e portes ouvertes pro clima \u00e0 la Fabrique 21"},"content":{"rendered":"<p><a href=\"http:\/\/blog.proclima.com\/fr\/files\/2015\/04\/fabrique21_023.jpg\"><img loading=\"lazy\" decoding=\"async\" data-size=\"1080x721\" class=\"alignleft size-medium wp-image-434\" src=\"http:\/\/blog.proclima.com\/fr\/files\/2015\/04\/fabrique21_023-300x200.jpg\" alt=\"Pro Clima, Fabrique 21\" width=\"300\" height=\"200\" srcset=\"https:\/\/blog.proclima.com\/fr\/files\/2015\/04\/fabrique21_023-300x200.jpg 300w, https:\/\/blog.proclima.com\/fr\/files\/2015\/04\/fabrique21_023-1024x684.jpg 1024w, https:\/\/blog.proclima.com\/fr\/files\/2015\/04\/fabrique21_023.jpg 1080w\" sizes=\"auto, (max-width: 300px) 100vw, 300px\" \/><\/a>Le 10 avril 2015, pro clima a f\u00eat\u00e9 sa journ\u00e9e portes ouvertes avec une quarantaine de partenaires invit\u00e9s. La matin\u00e9e \u00e9tait consacr\u00e9e \u00e0 un programme vari\u00e9, entam\u00e9e par un mot d&rsquo;accueil chaleureux de Leo Morche, technicien pro clima et d\u00e9sormais pr\u00e9sent dans les nouveaux locaux pro clima \u00e0 la Fabrique 21, \u00e0 Carri\u00e8res-sous Poissy, pr\u00e8s de Paris.<!--more--><\/p>\n<p>Par la suite, l&rsquo;\u00e9quipe pro clima a inform\u00e9, par diff\u00e9rentes interventions, notamment sur son organisation et ses activit\u00e9s en France, pr\u00e9sent\u00e9 par V\u00e9ronique Jauffrit du service client\u00e8le, mais aussi dans le monde entier, illustr\u00e9 par diff\u00e9rents projets, qui \u00e9tait pr\u00e9sent\u00e9s de fa\u00e7on divertissante par Jens-L\u00fcder Herms, technicien pro clima et responsable de l&rsquo;export et traduit par Lorraine Guitton, technicienne pro clima.<\/p>\n<p>Un petit tour vers le concret \u00e9tait propos\u00e9 par les technico- commerciaux du secteur nord-est Christian Philipps et Jean-Louis Ehrhard, qui ont inform\u00e9 sur un de leurs derniers projets, la r\u00e9novation BBC de 500 b\u00e2timents alsaciens, une conjonction d&rsquo;efforts et un mod\u00e8le pour d&rsquo;autres r\u00e9gions.<\/p>\n<p>Uwe Bartholom\u00e4i, g\u00e9rant pro clima, a r\u00e9pondu \u00e0 la salutation de M. Ripart, Directeur du D\u00e9veloppement \u00e9conomique et de l\u2019emploi chez CA2RS, par des mots conviviaux, exprimant l&rsquo;int\u00e9r\u00eat de pro clima de se rapprocher encore plus du march\u00e9 fran\u00e7ais.<\/p>\n<p>A midi, un buffet raffin\u00e9 a \u00e9t\u00e9 servi dans la salle d&rsquo;exposition &#8211; une bonne occasion pour \u00e9changer entre les participants.<\/p>\n<p>Le d\u00e9but d&rsquo;apr\u00e8s-midi \u00e9tait r\u00e9serv\u00e9 \u00e0 une pr\u00e9sentation pointue sur des aspects techniques, notamment l&rsquo;isolation des toitures terrasses et une d\u00e9monstration pratique dans les ateliers de la Fabrique 21, r\u00e9alis\u00e9e par le formateur pratique Lionel Vacca.<\/p>\n<p>En r\u00e9sum\u00e9 une manifestation aussi informative et vari\u00e9e que sympathique et conviviale. Bravo aux organisateurs!<\/p>\n<p><a href=\"http:\/\/blog.proclima.com\/fr\/files\/2015\/04\/fabrique21_102.jpg\"><img loading=\"lazy\" decoding=\"async\" data-size=\"721x1080\" class=\"alignleft size-thumbnail wp-image-454\" src=\"http:\/\/blog.proclima.com\/fr\/files\/2015\/04\/fabrique21_102-150x150.jpg\" alt=\"Pro Clima, Fabrique 21\" width=\"150\" height=\"150\" \/><\/a> <a href=\"http:\/\/blog.proclima.com\/fr\/files\/2015\/04\/fabrique21_101.jpg\"><img loading=\"lazy\" decoding=\"async\" data-size=\"1080x721\" class=\"alignleft size-medium wp-image-453\" src=\"http:\/\/blog.proclima.com\/fr\/files\/2015\/04\/fabrique21_101-300x200.jpg\" alt=\"Pro Clima, Fabrique 21\" width=\"300\" height=\"200\" srcset=\"https:\/\/blog.proclima.com\/fr\/files\/2015\/04\/fabrique21_101-300x200.jpg 300w, https:\/\/blog.proclima.com\/fr\/files\/2015\/04\/fabrique21_101-1024x684.jpg 1024w, https:\/\/blog.proclima.com\/fr\/files\/2015\/04\/fabrique21_101.jpg 1080w\" sizes=\"auto, (max-width: 300px) 100vw, 300px\" \/><\/a> <a href=\"http:\/\/blog.proclima.com\/fr\/files\/2015\/04\/fabrique21_100.jpg\"><img loading=\"lazy\" decoding=\"async\" data-size=\"1080x721\" class=\"alignleft size-medium wp-image-452\" src=\"http:\/\/blog.proclima.com\/fr\/files\/2015\/04\/fabrique21_100-300x200.jpg\" alt=\"Pro Clima, Fabrique 21\" width=\"300\" height=\"200\" srcset=\"https:\/\/blog.proclima.com\/fr\/files\/2015\/04\/fabrique21_100-300x200.jpg 300w, https:\/\/blog.proclima.com\/fr\/files\/2015\/04\/fabrique21_100-1024x684.jpg 1024w, https:\/\/blog.proclima.com\/fr\/files\/2015\/04\/fabrique21_100.jpg 1080w\" sizes=\"auto, (max-width: 300px) 100vw, 300px\" \/><\/a> <a href=\"http:\/\/blog.proclima.com\/fr\/files\/2015\/04\/fabrique21_096.jpg\"><img loading=\"lazy\" decoding=\"async\" data-size=\"1080x721\" class=\"alignleft size-medium wp-image-451\" src=\"http:\/\/blog.proclima.com\/fr\/files\/2015\/04\/fabrique21_096-300x200.jpg\" alt=\"Pro Clima, Fabrique 21\" width=\"300\" height=\"200\" srcset=\"https:\/\/blog.proclima.com\/fr\/files\/2015\/04\/fabrique21_096-300x200.jpg 300w, https:\/\/blog.proclima.com\/fr\/files\/2015\/04\/fabrique21_096-1024x684.jpg 1024w, https:\/\/blog.proclima.com\/fr\/files\/2015\/04\/fabrique21_096.jpg 1080w\" sizes=\"auto, (max-width: 300px) 100vw, 300px\" \/><\/a> <a href=\"http:\/\/blog.proclima.com\/fr\/files\/2015\/04\/fabrique21_088.jpg\"><img loading=\"lazy\" decoding=\"async\" data-size=\"1080x721\" class=\"alignleft size-medium wp-image-450\" src=\"http:\/\/blog.proclima.com\/fr\/files\/2015\/04\/fabrique21_088-300x200.jpg\" alt=\"Pro Clima, Fabrique 21\" width=\"300\" height=\"200\" srcset=\"https:\/\/blog.proclima.com\/fr\/files\/2015\/04\/fabrique21_088-300x200.jpg 300w, https:\/\/blog.proclima.com\/fr\/files\/2015\/04\/fabrique21_088-1024x684.jpg 1024w, https:\/\/blog.proclima.com\/fr\/files\/2015\/04\/fabrique21_088.jpg 1080w\" sizes=\"auto, (max-width: 300px) 100vw, 300px\" \/><\/a> <a href=\"http:\/\/blog.proclima.com\/fr\/files\/2015\/04\/fabrique21_078.jpg\"><img loading=\"lazy\" decoding=\"async\" data-size=\"1080x721\" class=\"alignleft size-medium wp-image-449\" src=\"http:\/\/blog.proclima.com\/fr\/files\/2015\/04\/fabrique21_078-300x200.jpg\" alt=\"Pro Clima, Fabrique 21\" width=\"300\" height=\"200\" srcset=\"https:\/\/blog.proclima.com\/fr\/files\/2015\/04\/fabrique21_078-300x200.jpg 300w, https:\/\/blog.proclima.com\/fr\/files\/2015\/04\/fabrique21_078-1024x684.jpg 1024w, https:\/\/blog.proclima.com\/fr\/files\/2015\/04\/fabrique21_078.jpg 1080w\" sizes=\"auto, (max-width: 300px) 100vw, 300px\" \/><\/a> <a href=\"http:\/\/blog.proclima.com\/fr\/files\/2015\/04\/fabrique21_077.jpg\"><img loading=\"lazy\" decoding=\"async\" data-size=\"721x1080\" class=\"alignleft size-medium wp-image-448\" src=\"http:\/\/blog.proclima.com\/fr\/files\/2015\/04\/fabrique21_077-200x300.jpg\" alt=\"Pro Clima, Fabrique 21\" width=\"200\" height=\"300\" srcset=\"https:\/\/blog.proclima.com\/fr\/files\/2015\/04\/fabrique21_077-200x300.jpg 200w, https:\/\/blog.proclima.com\/fr\/files\/2015\/04\/fabrique21_077-684x1024.jpg 684w, https:\/\/blog.proclima.com\/fr\/files\/2015\/04\/fabrique21_077.jpg 721w\" sizes=\"auto, (max-width: 200px) 100vw, 200px\" \/><\/a> <a href=\"http:\/\/blog.proclima.com\/fr\/files\/2015\/04\/fabrique21_067.jpg\"><img loading=\"lazy\" decoding=\"async\" data-size=\"1080x721\" class=\"alignleft size-medium wp-image-447\" src=\"http:\/\/blog.proclima.com\/fr\/files\/2015\/04\/fabrique21_067-300x200.jpg\" alt=\"Pro Clima, Fabrique 21\" width=\"300\" height=\"200\" srcset=\"https:\/\/blog.proclima.com\/fr\/files\/2015\/04\/fabrique21_067-300x200.jpg 300w, https:\/\/blog.proclima.com\/fr\/files\/2015\/04\/fabrique21_067-1024x684.jpg 1024w, https:\/\/blog.proclima.com\/fr\/files\/2015\/04\/fabrique21_067.jpg 1080w\" sizes=\"auto, (max-width: 300px) 100vw, 300px\" \/><\/a> <a href=\"http:\/\/blog.proclima.com\/fr\/files\/2015\/04\/fabrique21_062.jpg\"><img loading=\"lazy\" decoding=\"async\" data-size=\"721x1080\" class=\"alignleft size-medium wp-image-446\" src=\"http:\/\/blog.proclima.com\/fr\/files\/2015\/04\/fabrique21_062-200x300.jpg\" alt=\"Pro Clima, Fabrique 21\" width=\"200\" height=\"300\" srcset=\"https:\/\/blog.proclima.com\/fr\/files\/2015\/04\/fabrique21_062-200x300.jpg 200w, https:\/\/blog.proclima.com\/fr\/files\/2015\/04\/fabrique21_062-684x1024.jpg 684w, https:\/\/blog.proclima.com\/fr\/files\/2015\/04\/fabrique21_062.jpg 721w\" sizes=\"auto, (max-width: 200px) 100vw, 200px\" \/><\/a> <a href=\"http:\/\/blog.proclima.com\/fr\/files\/2015\/04\/fabrique21_053.jpg\"><img loading=\"lazy\" decoding=\"async\" data-size=\"1080x721\" class=\"alignleft size-medium wp-image-445\" src=\"http:\/\/blog.proclima.com\/fr\/files\/2015\/04\/fabrique21_053-300x200.jpg\" alt=\"Pro Clima, Fabrique 21\" width=\"300\" height=\"200\" srcset=\"https:\/\/blog.proclima.com\/fr\/files\/2015\/04\/fabrique21_053-300x200.jpg 300w, https:\/\/blog.proclima.com\/fr\/files\/2015\/04\/fabrique21_053-1024x684.jpg 1024w, https:\/\/blog.proclima.com\/fr\/files\/2015\/04\/fabrique21_053.jpg 1080w\" sizes=\"auto, (max-width: 300px) 100vw, 300px\" \/><\/a>\u00a0\u00a0 <a href=\"http:\/\/blog.proclima.com\/fr\/files\/2015\/04\/fabrique21_034.jpg\"><img loading=\"lazy\" decoding=\"async\" data-size=\"1080x721\" class=\"alignleft size-medium wp-image-442\" src=\"http:\/\/blog.proclima.com\/fr\/files\/2015\/04\/fabrique21_034-300x200.jpg\" alt=\"Pro Clima, Fabrique 21\" width=\"300\" height=\"200\" srcset=\"https:\/\/blog.proclima.com\/fr\/files\/2015\/04\/fabrique21_034-300x200.jpg 300w, https:\/\/blog.proclima.com\/fr\/files\/2015\/04\/fabrique21_034-1024x684.jpg 1024w, https:\/\/blog.proclima.com\/fr\/files\/2015\/04\/fabrique21_034.jpg 1080w\" sizes=\"auto, (max-width: 300px) 100vw, 300px\" \/><\/a> <a href=\"http:\/\/blog.proclima.com\/fr\/files\/2015\/04\/fabrique21_032.jpg\"><img loading=\"lazy\" decoding=\"async\" data-size=\"1080x721\" class=\"alignleft size-medium wp-image-441\" src=\"http:\/\/blog.proclima.com\/fr\/files\/2015\/04\/fabrique21_032-300x200.jpg\" alt=\"Pro Clima, Fabrique 21\" width=\"300\" height=\"200\" srcset=\"https:\/\/blog.proclima.com\/fr\/files\/2015\/04\/fabrique21_032-300x200.jpg 300w, https:\/\/blog.proclima.com\/fr\/files\/2015\/04\/fabrique21_032-1024x684.jpg 1024w, https:\/\/blog.proclima.com\/fr\/files\/2015\/04\/fabrique21_032.jpg 1080w\" sizes=\"auto, (max-width: 300px) 100vw, 300px\" \/><\/a><a href=\"http:\/\/blog.proclima.com\/fr\/files\/2015\/04\/fabrique21_047.jpg\"><img loading=\"lazy\" decoding=\"async\" data-size=\"1080x721\" class=\"alignleft size-medium wp-image-444\" src=\"http:\/\/blog.proclima.com\/fr\/files\/2015\/04\/fabrique21_047-300x200.jpg\" alt=\"Pro Clima, Fabrique 21\" width=\"300\" height=\"200\" srcset=\"https:\/\/blog.proclima.com\/fr\/files\/2015\/04\/fabrique21_047-300x200.jpg 300w, https:\/\/blog.proclima.com\/fr\/files\/2015\/04\/fabrique21_047-1024x684.jpg 1024w, https:\/\/blog.proclima.com\/fr\/files\/2015\/04\/fabrique21_047.jpg 1080w\" sizes=\"auto, (max-width: 300px) 100vw, 300px\" \/><\/a> <a href=\"http:\/\/blog.proclima.com\/fr\/files\/2015\/04\/fabrique21_030.jpg\"><img loading=\"lazy\" decoding=\"async\" data-size=\"721x1080\" class=\"alignleft size-medium wp-image-440\" src=\"http:\/\/blog.proclima.com\/fr\/files\/2015\/04\/fabrique21_030-200x300.jpg\" alt=\"Pro Clima, Fabrique 21\" width=\"200\" height=\"300\" srcset=\"https:\/\/blog.proclima.com\/fr\/files\/2015\/04\/fabrique21_030-200x300.jpg 200w, https:\/\/blog.proclima.com\/fr\/files\/2015\/04\/fabrique21_030-684x1024.jpg 684w, https:\/\/blog.proclima.com\/fr\/files\/2015\/04\/fabrique21_030.jpg 721w\" sizes=\"auto, (max-width: 200px) 100vw, 200px\" \/><\/a> <a href=\"http:\/\/blog.proclima.com\/fr\/files\/2015\/04\/fabrique21_028.jpg\"><img loading=\"lazy\" decoding=\"async\" data-size=\"1080x721\" class=\"alignleft size-medium wp-image-439\" src=\"http:\/\/blog.proclima.com\/fr\/files\/2015\/04\/fabrique21_028-300x200.jpg\" alt=\"Pro Clima, Fabrique 21\" width=\"300\" height=\"200\" srcset=\"https:\/\/blog.proclima.com\/fr\/files\/2015\/04\/fabrique21_028-300x200.jpg 300w, https:\/\/blog.proclima.com\/fr\/files\/2015\/04\/fabrique21_028-1024x684.jpg 1024w, https:\/\/blog.proclima.com\/fr\/files\/2015\/04\/fabrique21_028.jpg 1080w\" sizes=\"auto, (max-width: 300px) 100vw, 300px\" \/><\/a> <a href=\"http:\/\/blog.proclima.com\/fr\/files\/2015\/04\/fabrique21_026.jpg\"><img loading=\"lazy\" decoding=\"async\" data-size=\"1080x721\" class=\"alignleft size-medium wp-image-438\" src=\"http:\/\/blog.proclima.com\/fr\/files\/2015\/04\/fabrique21_026-300x200.jpg\" alt=\"Pro Clima, Fabrique 21\" width=\"300\" height=\"200\" srcset=\"https:\/\/blog.proclima.com\/fr\/files\/2015\/04\/fabrique21_026-300x200.jpg 300w, https:\/\/blog.proclima.com\/fr\/files\/2015\/04\/fabrique21_026-1024x684.jpg 1024w, https:\/\/blog.proclima.com\/fr\/files\/2015\/04\/fabrique21_026.jpg 1080w\" sizes=\"auto, (max-width: 300px) 100vw, 300px\" \/><\/a> <a href=\"http:\/\/blog.proclima.com\/fr\/files\/2015\/04\/fabrique21_019.jpg\"><img loading=\"lazy\" decoding=\"async\" data-size=\"1080x721\" class=\"alignleft size-medium wp-image-437\" src=\"http:\/\/blog.proclima.com\/fr\/files\/2015\/04\/fabrique21_019-300x200.jpg\" alt=\"Pro Clima, Fabrique 21\" width=\"300\" height=\"200\" srcset=\"https:\/\/blog.proclima.com\/fr\/files\/2015\/04\/fabrique21_019-300x200.jpg 300w, https:\/\/blog.proclima.com\/fr\/files\/2015\/04\/fabrique21_019-1024x684.jpg 1024w, https:\/\/blog.proclima.com\/fr\/files\/2015\/04\/fabrique21_019.jpg 1080w\" sizes=\"auto, (max-width: 300px) 100vw, 300px\" \/><\/a> <a href=\"http:\/\/blog.proclima.com\/fr\/files\/2015\/04\/fabrique21_018.jpg\"><img loading=\"lazy\" decoding=\"async\" data-size=\"1080x721\" class=\"alignleft size-medium wp-image-436\" src=\"http:\/\/blog.proclima.com\/fr\/files\/2015\/04\/fabrique21_018-300x200.jpg\" alt=\"Pro Clima, Fabrique 21\" width=\"300\" height=\"200\" srcset=\"https:\/\/blog.proclima.com\/fr\/files\/2015\/04\/fabrique21_018-300x200.jpg 300w, https:\/\/blog.proclima.com\/fr\/files\/2015\/04\/fabrique21_018-1024x684.jpg 1024w, https:\/\/blog.proclima.com\/fr\/files\/2015\/04\/fabrique21_018.jpg 1080w\" sizes=\"auto, (max-width: 300px) 100vw, 300px\" \/><\/a> <a href=\"http:\/\/blog.proclima.com\/fr\/files\/2015\/04\/fabrique21_017.jpg\"><img loading=\"lazy\" decoding=\"async\" data-size=\"1080x721\" class=\"alignleft size-medium wp-image-435\" src=\"http:\/\/blog.proclima.com\/fr\/files\/2015\/04\/fabrique21_017-300x200.jpg\" alt=\"Pro Clima, Fabrique 21\" width=\"300\" height=\"200\" srcset=\"https:\/\/blog.proclima.com\/fr\/files\/2015\/04\/fabrique21_017-300x200.jpg 300w, https:\/\/blog.proclima.com\/fr\/files\/2015\/04\/fabrique21_017-1024x684.jpg 1024w, https:\/\/blog.proclima.com\/fr\/files\/2015\/04\/fabrique21_017.jpg 1080w\" sizes=\"auto, (max-width: 300px) 100vw, 300px\" \/><\/a> <a href=\"http:\/\/blog.proclima.com\/fr\/files\/2015\/04\/fabrique21_023.jpg\"><img loading=\"lazy\" decoding=\"async\" data-size=\"1080x721\" class=\"alignleft size-medium wp-image-434\" src=\"http:\/\/blog.proclima.com\/fr\/files\/2015\/04\/fabrique21_023-300x200.jpg\" alt=\"Pro Clima, Fabrique 21\" width=\"300\" height=\"200\" srcset=\"https:\/\/blog.proclima.com\/fr\/files\/2015\/04\/fabrique21_023-300x200.jpg 300w, https:\/\/blog.proclima.com\/fr\/files\/2015\/04\/fabrique21_023-1024x684.jpg 1024w, https:\/\/blog.proclima.com\/fr\/files\/2015\/04\/fabrique21_023.jpg 1080w\" sizes=\"auto, (max-width: 300px) 100vw, 300px\" \/><\/a><a href=\"http:\/\/blog.proclima.com\/fr\/files\/2015\/04\/fabrique21_040.jpg\"><img loading=\"lazy\" decoding=\"async\" data-size=\"1080x721\" class=\"alignleft size-medium wp-image-443\" src=\"http:\/\/blog.proclima.com\/fr\/files\/2015\/04\/fabrique21_040-300x200.jpg\" alt=\"Pro Clima, Fabrique 21\" width=\"300\" height=\"200\" srcset=\"https:\/\/blog.proclima.com\/fr\/files\/2015\/04\/fabrique21_040-300x200.jpg 300w, https:\/\/blog.proclima.com\/fr\/files\/2015\/04\/fabrique21_040-1024x684.jpg 1024w, https:\/\/blog.proclima.com\/fr\/files\/2015\/04\/fabrique21_040.jpg 1080w\" sizes=\"auto, (max-width: 300px) 100vw, 300px\" \/><\/a><\/p>\n","protected":false},"excerpt":{"rendered":"<p>Le 10 avril 2015, pro clima a f\u00eat\u00e9 sa journ\u00e9e portes ouvertes avec une quarantaine de partenaires invit\u00e9s. La matin\u00e9e \u00e9tait consacr\u00e9e \u00e0 un programme <a href=\"https:\/\/blog.proclima.com\/fr\/2015\/04\/journee-portes-ouvertes\/\" rel=\"bookmark\">&#8230;<\/a><\/p>\n","protected":false},"author":16,"featured_media":0,"comment_status":"open","ping_status":"open","sticky":false,"template":"","format":"standard","meta":{"footnotes":""},"categories":[5,1],"tags":[93,95,91,92,16,94],"class_list":["post-433","post","type-post","status-publish","format-standard","hentry","category-evenements-salons","category-general","tag-10-avril","tag-fabrique-21","tag-france","tag-journee-portes-ouvertes","tag-pro-clima","tag-pro-clima-france"],"yoast_head":"<!-- This site is optimized with the Yoast SEO plugin v27.5 - https:\/\/yoast.com\/product\/yoast-seo-wordpress\/ -->\n<title>Journ\u00e9e portes ouvertes pro clima \u00e0 la Fabrique 21 - pro clima Blog - france<\/title>\n<meta name=\"robots\" content=\"index, follow, max-snippet:-1, max-image-preview:large, max-video-preview:-1\" \/>\n<link rel=\"canonical\" href=\"https:\/\/blog.proclima.com\/fr\/2015\/04\/journee-portes-ouvertes\/\" \/>\n<meta property=\"og:locale\" content=\"fr_FR\" \/>\n<meta property=\"og:type\" content=\"article\" \/>\n<meta property=\"og:title\" content=\"Journ\u00e9e portes ouvertes pro clima \u00e0 la Fabrique 21 - pro clima Blog - france\" \/>\n<meta property=\"og:description\" content=\"Le 10 avril 2015, pro clima a f\u00eat\u00e9 sa journ\u00e9e portes ouvertes avec une quarantaine de partenaires invit\u00e9s. La matin\u00e9e \u00e9tait consacr\u00e9e \u00e0 un programme ...\" \/>\n<meta property=\"og:url\" content=\"https:\/\/blog.proclima.com\/fr\/2015\/04\/journee-portes-ouvertes\/\" \/>\n<meta property=\"og:site_name\" content=\"pro clima Blog - france\" \/>\n<meta property=\"article:published_time\" content=\"2015-04-21T10:41:12+00:00\" \/>\n<meta property=\"article:modified_time\" content=\"2015-04-21T11:06:01+00:00\" \/>\n<meta property=\"og:image\" content=\"http:\/\/blog.proclima.com\/fr\/files\/2015\/04\/fabrique21_023-300x200.jpg\" \/>\n<meta name=\"twitter:card\" content=\"summary_large_image\" \/>\n<meta name=\"twitter:label1\" content=\"\u00c9crit par\" \/>\n\t<meta name=\"twitter:data1\" content=\"\" \/>\n\t<meta name=\"twitter:label2\" content=\"Dur\u00e9e de lecture estim\u00e9e\" \/>\n\t<meta name=\"twitter:data2\" content=\"2 minutes\" \/>\n<script type=\"application\/ld+json\" class=\"yoast-schema-graph\">{\"@context\":\"https:\\\/\\\/schema.org\",\"@graph\":[{\"@type\":\"Article\",\"@id\":\"https:\\\/\\\/blog.proclima.com\\\/fr\\\/2015\\\/04\\\/journee-portes-ouvertes\\\/#article\",\"isPartOf\":{\"@id\":\"https:\\\/\\\/blog.proclima.com\\\/fr\\\/2015\\\/04\\\/journee-portes-ouvertes\\\/\"},\"author\":{\"name\":\"\",\"@id\":\"\"},\"headline\":\"Journ\u00e9e portes ouvertes pro clima \u00e0 la Fabrique 21\",\"datePublished\":\"2015-04-21T10:41:12+00:00\",\"dateModified\":\"2015-04-21T11:06:01+00:00\",\"mainEntityOfPage\":{\"@id\":\"https:\\\/\\\/blog.proclima.com\\\/fr\\\/2015\\\/04\\\/journee-portes-ouvertes\\\/\"},\"wordCount\":315,\"commentCount\":0,\"publisher\":{\"@id\":\"https:\\\/\\\/blog.proclima.com\\\/fr\\\/#organization\"},\"image\":{\"@id\":\"https:\\\/\\\/blog.proclima.com\\\/fr\\\/2015\\\/04\\\/journee-portes-ouvertes\\\/#primaryimage\"},\"thumbnailUrl\":\"http:\\\/\\\/blog.proclima.com\\\/fr\\\/files\\\/2015\\\/04\\\/fabrique21_023-300x200.jpg\",\"keywords\":[\"10 avril\",\"fabrique 21\",\"France\",\"journ\u00e9e portes ouvertes\",\"pro clima\",\"pro clima France\"],\"articleSection\":[\"\u00c9v\u00e8nements\\\/Salons\",\"pro clima\"],\"inLanguage\":\"fr-FR\",\"potentialAction\":[{\"@type\":\"CommentAction\",\"name\":\"Comment\",\"target\":[\"https:\\\/\\\/blog.proclima.com\\\/fr\\\/2015\\\/04\\\/journee-portes-ouvertes\\\/#respond\"]}]},{\"@type\":\"WebPage\",\"@id\":\"https:\\\/\\\/blog.proclima.com\\\/fr\\\/2015\\\/04\\\/journee-portes-ouvertes\\\/\",\"url\":\"https:\\\/\\\/blog.proclima.com\\\/fr\\\/2015\\\/04\\\/journee-portes-ouvertes\\\/\",\"name\":\"Journ\u00e9e portes ouvertes pro clima \u00e0 la Fabrique 21 - pro clima Blog - france\",\"isPartOf\":{\"@id\":\"https:\\\/\\\/blog.proclima.com\\\/fr\\\/#website\"},\"primaryImageOfPage\":{\"@id\":\"https:\\\/\\\/blog.proclima.com\\\/fr\\\/2015\\\/04\\\/journee-portes-ouvertes\\\/#primaryimage\"},\"image\":{\"@id\":\"https:\\\/\\\/blog.proclima.com\\\/fr\\\/2015\\\/04\\\/journee-portes-ouvertes\\\/#primaryimage\"},\"thumbnailUrl\":\"http:\\\/\\\/blog.proclima.com\\\/fr\\\/files\\\/2015\\\/04\\\/fabrique21_023-300x200.jpg\",\"datePublished\":\"2015-04-21T10:41:12+00:00\",\"dateModified\":\"2015-04-21T11:06:01+00:00\",\"breadcrumb\":{\"@id\":\"https:\\\/\\\/blog.proclima.com\\\/fr\\\/2015\\\/04\\\/journee-portes-ouvertes\\\/#breadcrumb\"},\"inLanguage\":\"fr-FR\",\"potentialAction\":[{\"@type\":\"ReadAction\",\"target\":[\"https:\\\/\\\/blog.proclima.com\\\/fr\\\/2015\\\/04\\\/journee-portes-ouvertes\\\/\"]}]},{\"@type\":\"ImageObject\",\"inLanguage\":\"fr-FR\",\"@id\":\"https:\\\/\\\/blog.proclima.com\\\/fr\\\/2015\\\/04\\\/journee-portes-ouvertes\\\/#primaryimage\",\"url\":\"http:\\\/\\\/blog.proclima.com\\\/fr\\\/files\\\/2015\\\/04\\\/fabrique21_023-300x200.jpg\",\"contentUrl\":\"http:\\\/\\\/blog.proclima.com\\\/fr\\\/files\\\/2015\\\/04\\\/fabrique21_023-300x200.jpg\"},{\"@type\":\"BreadcrumbList\",\"@id\":\"https:\\\/\\\/blog.proclima.com\\\/fr\\\/2015\\\/04\\\/journee-portes-ouvertes\\\/#breadcrumb\",\"itemListElement\":[{\"@type\":\"ListItem\",\"position\":1,\"name\":\"Accueil\",\"item\":\"https:\\\/\\\/blog.proclima.com\\\/fr\\\/\"},{\"@type\":\"ListItem\",\"position\":2,\"name\":\"Journ\u00e9e portes ouvertes pro clima \u00e0 la Fabrique 21\"}]},{\"@type\":\"WebSite\",\"@id\":\"https:\\\/\\\/blog.proclima.com\\\/fr\\\/#website\",\"url\":\"https:\\\/\\\/blog.proclima.com\\\/fr\\\/\",\"name\":\"pro clima Blog - france\",\"description\":\"pro clima Blog\",\"publisher\":{\"@id\":\"https:\\\/\\\/blog.proclima.com\\\/fr\\\/#organization\"},\"potentialAction\":[{\"@type\":\"SearchAction\",\"target\":{\"@type\":\"EntryPoint\",\"urlTemplate\":\"https:\\\/\\\/blog.proclima.com\\\/fr\\\/?s={search_term_string}\"},\"query-input\":{\"@type\":\"PropertyValueSpecification\",\"valueRequired\":true,\"valueName\":\"search_term_string\"}}],\"inLanguage\":\"fr-FR\"},{\"@type\":\"Organization\",\"@id\":\"https:\\\/\\\/blog.proclima.com\\\/fr\\\/#organization\",\"name\":\"pro clima Blog - france\",\"url\":\"https:\\\/\\\/blog.proclima.com\\\/fr\\\/\",\"logo\":{\"@type\":\"ImageObject\",\"inLanguage\":\"fr-FR\",\"@id\":\"https:\\\/\\\/blog.proclima.com\\\/fr\\\/#\\\/schema\\\/logo\\\/image\\\/\",\"url\":\"https:\\\/\\\/blog.proclima.com\\\/fr\\\/files\\\/2025\\\/12\\\/logo_proclima_quadrat.png\",\"contentUrl\":\"https:\\\/\\\/blog.proclima.com\\\/fr\\\/files\\\/2025\\\/12\\\/logo_proclima_quadrat.png\",\"width\":1200,\"height\":1200,\"caption\":\"pro clima Blog - france\"},\"image\":{\"@id\":\"https:\\\/\\\/blog.proclima.com\\\/fr\\\/#\\\/schema\\\/logo\\\/image\\\/\"}},{\"@type\":\"Person\",\"@id\":\"\",\"url\":\"https:\\\/\\\/blog.proclima.com\\\/fr\\\/author\\\/\"}]}<\/script>\n<!-- \/ Yoast SEO plugin. -->","yoast_head_json":{"title":"Journ\u00e9e portes ouvertes pro clima \u00e0 la Fabrique 21 - pro clima Blog - france","robots":{"index":"index","follow":"follow","max-snippet":"max-snippet:-1","max-image-preview":"max-image-preview:large","max-video-preview":"max-video-preview:-1"},"canonical":"https:\/\/blog.proclima.com\/fr\/2015\/04\/journee-portes-ouvertes\/","og_locale":"fr_FR","og_type":"article","og_title":"Journ\u00e9e portes ouvertes pro clima \u00e0 la Fabrique 21 - pro clima Blog - france","og_description":"Le 10 avril 2015, pro clima a f\u00eat\u00e9 sa journ\u00e9e portes ouvertes avec une quarantaine de partenaires invit\u00e9s. La matin\u00e9e \u00e9tait consacr\u00e9e \u00e0 un programme ...","og_url":"https:\/\/blog.proclima.com\/fr\/2015\/04\/journee-portes-ouvertes\/","og_site_name":"pro clima Blog - france","article_published_time":"2015-04-21T10:41:12+00:00","article_modified_time":"2015-04-21T11:06:01+00:00","og_image":[{"url":"http:\/\/blog.proclima.com\/fr\/files\/2015\/04\/fabrique21_023-300x200.jpg","type":"","width":"","height":""}],"twitter_card":"summary_large_image","twitter_misc":{"\u00c9crit par":"","Dur\u00e9e de lecture estim\u00e9e":"2 minutes"},"schema":{"@context":"https:\/\/schema.org","@graph":[{"@type":"Article","@id":"https:\/\/blog.proclima.com\/fr\/2015\/04\/journee-portes-ouvertes\/#article","isPartOf":{"@id":"https:\/\/blog.proclima.com\/fr\/2015\/04\/journee-portes-ouvertes\/"},"author":{"name":"","@id":""},"headline":"Journ\u00e9e portes ouvertes pro clima \u00e0 la Fabrique 21","datePublished":"2015-04-21T10:41:12+00:00","dateModified":"2015-04-21T11:06:01+00:00","mainEntityOfPage":{"@id":"https:\/\/blog.proclima.com\/fr\/2015\/04\/journee-portes-ouvertes\/"},"wordCount":315,"commentCount":0,"publisher":{"@id":"https:\/\/blog.proclima.com\/fr\/#organization"},"image":{"@id":"https:\/\/blog.proclima.com\/fr\/2015\/04\/journee-portes-ouvertes\/#primaryimage"},"thumbnailUrl":"http:\/\/blog.proclima.com\/fr\/files\/2015\/04\/fabrique21_023-300x200.jpg","keywords":["10 avril","fabrique 21","France","journ\u00e9e portes ouvertes","pro clima","pro clima France"],"articleSection":["\u00c9v\u00e8nements\/Salons","pro clima"],"inLanguage":"fr-FR","potentialAction":[{"@type":"CommentAction","name":"Comment","target":["https:\/\/blog.proclima.com\/fr\/2015\/04\/journee-portes-ouvertes\/#respond"]}]},{"@type":"WebPage","@id":"https:\/\/blog.proclima.com\/fr\/2015\/04\/journee-portes-ouvertes\/","url":"https:\/\/blog.proclima.com\/fr\/2015\/04\/journee-portes-ouvertes\/","name":"Journ\u00e9e portes ouvertes pro clima \u00e0 la Fabrique 21 - pro clima Blog - france","isPartOf":{"@id":"https:\/\/blog.proclima.com\/fr\/#website"},"primaryImageOfPage":{"@id":"https:\/\/blog.proclima.com\/fr\/2015\/04\/journee-portes-ouvertes\/#primaryimage"},"image":{"@id":"https:\/\/blog.proclima.com\/fr\/2015\/04\/journee-portes-ouvertes\/#primaryimage"},"thumbnailUrl":"http:\/\/blog.proclima.com\/fr\/files\/2015\/04\/fabrique21_023-300x200.jpg","datePublished":"2015-04-21T10:41:12+00:00","dateModified":"2015-04-21T11:06:01+00:00","breadcrumb":{"@id":"https:\/\/blog.proclima.com\/fr\/2015\/04\/journee-portes-ouvertes\/#breadcrumb"},"inLanguage":"fr-FR","potentialAction":[{"@type":"ReadAction","target":["https:\/\/blog.proclima.com\/fr\/2015\/04\/journee-portes-ouvertes\/"]}]},{"@type":"ImageObject","inLanguage":"fr-FR","@id":"https:\/\/blog.proclima.com\/fr\/2015\/04\/journee-portes-ouvertes\/#primaryimage","url":"http:\/\/blog.proclima.com\/fr\/files\/2015\/04\/fabrique21_023-300x200.jpg","contentUrl":"http:\/\/blog.proclima.com\/fr\/files\/2015\/04\/fabrique21_023-300x200.jpg"},{"@type":"BreadcrumbList","@id":"https:\/\/blog.proclima.com\/fr\/2015\/04\/journee-portes-ouvertes\/#breadcrumb","itemListElement":[{"@type":"ListItem","position":1,"name":"Accueil","item":"https:\/\/blog.proclima.com\/fr\/"},{"@type":"ListItem","position":2,"name":"Journ\u00e9e portes ouvertes pro clima \u00e0 la Fabrique 21"}]},{"@type":"WebSite","@id":"https:\/\/blog.proclima.com\/fr\/#website","url":"https:\/\/blog.proclima.com\/fr\/","name":"pro clima Blog - france","description":"pro clima Blog","publisher":{"@id":"https:\/\/blog.proclima.com\/fr\/#organization"},"potentialAction":[{"@type":"SearchAction","target":{"@type":"EntryPoint","urlTemplate":"https:\/\/blog.proclima.com\/fr\/?s={search_term_string}"},"query-input":{"@type":"PropertyValueSpecification","valueRequired":true,"valueName":"search_term_string"}}],"inLanguage":"fr-FR"},{"@type":"Organization","@id":"https:\/\/blog.proclima.com\/fr\/#organization","name":"pro clima Blog - france","url":"https:\/\/blog.proclima.com\/fr\/","logo":{"@type":"ImageObject","inLanguage":"fr-FR","@id":"https:\/\/blog.proclima.com\/fr\/#\/schema\/logo\/image\/","url":"https:\/\/blog.proclima.com\/fr\/files\/2025\/12\/logo_proclima_quadrat.png","contentUrl":"https:\/\/blog.proclima.com\/fr\/files\/2025\/12\/logo_proclima_quadrat.png","width":1200,"height":1200,"caption":"pro clima Blog - france"},"image":{"@id":"https:\/\/blog.proclima.com\/fr\/#\/schema\/logo\/image\/"}},{"@type":"Person","@id":"","url":"https:\/\/blog.proclima.com\/fr\/author\/"}]}},"_links":{"self":[{"href":"https:\/\/blog.proclima.com\/fr\/wp-json\/wp\/v2\/posts\/433","targetHints":{"allow":["GET"]}}],"collection":[{"href":"https:\/\/blog.proclima.com\/fr\/wp-json\/wp\/v2\/posts"}],"about":[{"href":"https:\/\/blog.proclima.com\/fr\/wp-json\/wp\/v2\/types\/post"}],"author":[{"embeddable":true,"href":"https:\/\/blog.proclima.com\/fr\/wp-json\/wp\/v2\/users\/16"}],"replies":[{"embeddable":true,"href":"https:\/\/blog.proclima.com\/fr\/wp-json\/wp\/v2\/comments?post=433"}],"version-history":[{"count":1,"href":"https:\/\/blog.proclima.com\/fr\/wp-json\/wp\/v2\/posts\/433\/revisions"}],"predecessor-version":[{"id":455,"href":"https:\/\/blog.proclima.com\/fr\/wp-json\/wp\/v2\/posts\/433\/revisions\/455"}],"wp:attachment":[{"href":"https:\/\/blog.proclima.com\/fr\/wp-json\/wp\/v2\/media?parent=433"}],"wp:term":[{"taxonomy":"category","embeddable":true,"href":"https:\/\/blog.proclima.com\/fr\/wp-json\/wp\/v2\/categories?post=433"},{"taxonomy":"post_tag","embeddable":true,"href":"https:\/\/blog.proclima.com\/fr\/wp-json\/wp\/v2\/tags?post=433"}],"curies":[{"name":"wp","href":"https:\/\/api.w.org\/{rel}","templated":true}]}}