
{"id":398,"date":"2014-10-14T13:06:04","date_gmt":"2014-10-14T11:06:04","guid":{"rendered":"http:\/\/blog.proclima.com\/fr\/?p=398"},"modified":"2014-11-17T08:08:04","modified_gmt":"2014-11-17T07:08:04","slug":"nouveaux-accessoires","status":"publish","type":"post","link":"https:\/\/blog.proclima.com\/fr\/2014\/10\/nouveaux-accessoires\/","title":{"rendered":"Nouveaux accessoires pour la r\u00e9novation des toitures par l&rsquo;ext\u00e9rieur: les corni\u00e8res de montage simplifient le raccord \u00e9tanche \u00e0 l&rsquo;air aux chevrons"},"content":{"rendered":"<figure id=\"attachment_399\" aria-describedby=\"caption-attachment-399\" style=\"width: 300px\" class=\"wp-caption alignleft\"><a href=\"http:\/\/blog.proclima.com\/fr\/files\/2014\/10\/tesconfix.jpg\"><img loading=\"lazy\" decoding=\"async\" data-size=\"818x574\" class=\"wp-image-399 size-medium\" src=\"http:\/\/blog.proclima.com\/fr\/files\/2014\/10\/tesconfix-300x210.jpg\" alt=\"tesconfix\" width=\"300\" height=\"210\" srcset=\"https:\/\/blog.proclima.com\/fr\/files\/2014\/10\/tesconfix-300x210.jpg 300w, https:\/\/blog.proclima.com\/fr\/files\/2014\/10\/tesconfix.jpg 818w\" sizes=\"auto, (max-width: 300px) 100vw, 300px\" \/><\/a><figcaption id=\"caption-attachment-399\" class=\"wp-caption-text\">TESCON FIX<\/figcaption><\/figure>\n<p>D\u00e9rouler simplement la membrane d&rsquo;\u00e9tanch\u00e9it\u00e9 \u00e0 l&rsquo;air, au-dessus des chevrons et de l&rsquo;isolant en place, est une variante de la r\u00e9novation par l&rsquo;ext\u00e9rieur tr\u00e8s appr\u00e9ci\u00e9e. La couche d&rsquo;\u00e9tanch\u00e9it\u00e9 \u00e0 l&rsquo;air est ainsi rapidement r\u00e9alis\u00e9e. Par contre les raccords sont plus difficiles, en particulier lorsqu&rsquo;il est n\u00e9cessaire de ramener la membrane entre les chevrons en pied de versant; puisque ces raccords imposent de coller la membranes tout autour des chevrons. D\u00e8s \u00e0 pr\u00e9sent, il est possible d&rsquo;utiliser les corni\u00e8res de montage pro clima <a href=\"https:\/\/fr.proclima.com\/produits\/assemblage\/solutions-de-detail\/tescon-fix\">TESCON FIX<\/a>.<\/p>\n<p>Le fabricant, de syst\u00e8mes d&rsquo;\u00e9tanch\u00e9it\u00e9 \u00e0 l&rsquo;air et au vent, a d\u00e9velopp\u00e9 ces corni\u00e8res de montage pour simplifier la pose aux artisans. \u00ab\u00a0Lors de visites de chantier et de conversations avec les clients, nous nous sommes aper\u00e7us que les artisans avaient des difficult\u00e9s en particulier pour le raccord de la membrane aux chants droits et gauches des chevrons en pied de versant. C&rsquo;est un d\u00e9fi, la membrane doit, si possible, \u00eatre en contact avec l&rsquo;isolant, sans cr\u00e9er de poche d&rsquo;air, et en m\u00eame temps \u00eatre raccord\u00e9e de mani\u00e8re \u00e9tanche \u00e0 l&rsquo;air aux chevrons. La plupart du temps, l&rsquo;isolant est souple et glisse. C&rsquo;est d\u00e8s lors compliqu\u00e9 de r\u00e9aliser un raccord \u00e9tanche et stable.\u00a0\u00bb dit Jens L\u00fcder Herms, du d\u00e9partement Recherche et D\u00e9veloppement de pro clima.<\/p>\n<p>Avec l&rsquo;accessoire de montage<a href=\"https:\/\/fr.proclima.com\/produits\/assemblage\/solutions-de-detail\/tescon-fix\"> TESCON FIX<\/a>, les artisans peuvent cr\u00e9er un plan de collage propre et droit pour des raccords \u00e9tanches \u00e0 des \u00e9l\u00e9ments traversants anguleux ou l\u00e9g\u00e8rement arrondis. La colle brevet\u00e9e SOLID, r\u00e9sistante \u00e0 l&rsquo;eau, garantie un collage s\u00fbr.<\/p>\n<p><a href=\"https:\/\/fr.proclima.com\/produits\/assemblage\/solutions-de-detail\/tescon-fix\">TESCON FIX<\/a> compl\u00e8te les syst\u00e8mes de r\u00e9novation de toiture par l&rsquo;ext\u00e9rieur DASAPLANO 0,01 et DASAPLANO 0,5, aux valeurs Sd parfaitement adapt\u00e9es \u00e0 l&rsquo;isolation d\u00e9j\u00e0 en place.<\/p>\n<p>Consignes de mise en oeuvre pour TESCON FIX:<a href=\"\/\/fr.proclima.com\/produits\/assemblage\/solutions-de-detail\/tescon-fix\"> https:\/\/fr.proclima.com\/produits\/assemblage\/solutions-de-detail\/tescon-fix <\/a><\/p>\n<p>Toutes les Nouveaut\u00e9s pro clima 2014\/15 en un coup d&rsquo;oeil: <a href=\"https:\/\/fr.proclima.com\/produits\/nouveautes\">https:\/\/fr.proclima.com\/produits\/nouveautes<\/a><\/p>\n<p>Photos d&rsquo;un exemple de chantier: R\u00e9novation du toit par l&rsquo;ext\u00e9rieur avec TESCON FIX (Les images sont approuv\u00e9es, source: MOLL pro clima): <a href=\"http:\/\/procli.ma\/2be8\">http:\/\/procli.ma\/2be8<\/a><\/p>\n<p>Photos de toutes les Nouveaut\u00e9s pro clima \u2013 pour impression et web (Source: MOLL pro clima): <a href=\"https:\/\/picasso.moll-group.eu\/gallary\/main.php\/v\/pub\/2014_Neuheiten_Verarbeitung_Produkt\/\" target=\"_blank\">https:\/\/picasso.moll-group.eu\/gallary\/main.php\/v\/pub\/2014_Neuheiten_Verarbeitung_Produkt\/<\/a><\/p>\n<p>Photos pour communiqu\u00e9s de presse: <a href=\"https:\/\/picasso.moll-group.eu\/gallary\/main.php\/v\/pub\/tescon-fix-pm\/\" target=\"_blank\">https:\/\/picasso.moll-group.eu\/gallary\/main.php\/v\/pub\/tescon-fix-pm\/<\/a><\/p>\n<p>Les photos des Nouveaut\u00e9s sont \u00e9galement disponibles sur flickr: <a href=\"https:\/\/www.flickr.com\/photos\/proclima\/sets\/72157648208064605\/\" target=\"_blank\">https:\/\/www.flickr.com\/photos\/proclima\/sets\/72157648208064605\/<\/a><\/p>\n<p>Pour plus d&rsquo;info consulter <a href=\"http:\/\/www.proclima.info\" target=\"_blank\">www.proclima.info<\/a><\/p>\n<p>contact de presse: Mme Nicola Gauch, <a href=\"mailto:nicola.gauch@proclima.de\" target=\"_blank\">nicola.gauch@proclima.info<\/a><\/p>\n","protected":false},"excerpt":{"rendered":"<p>D\u00e9rouler simplement la membrane d&rsquo;\u00e9tanch\u00e9it\u00e9 \u00e0 l&rsquo;air, au-dessus des chevrons et de l&rsquo;isolant en place, est une variante de la r\u00e9novation par l&rsquo;ext\u00e9rieur tr\u00e8s appr\u00e9ci\u00e9e. <a href=\"https:\/\/blog.proclima.com\/fr\/2014\/10\/nouveaux-accessoires\/\" rel=\"bookmark\">&#8230;<\/a><\/p>\n","protected":false},"author":16,"featured_media":0,"comment_status":"open","ping_status":"open","sticky":false,"template":"","format":"standard","meta":{"footnotes":""},"categories":[1],"tags":[87],"class_list":["post-398","post","type-post","status-publish","format-standard","hentry","category-general","tag-nouveaux-accessoires"],"yoast_head":"<!-- This site is optimized with the Yoast SEO plugin v27.5 - https:\/\/yoast.com\/product\/yoast-seo-wordpress\/ -->\n<title>Nouveaux accessoires pour la r\u00e9novation des toitures par l&#039;ext\u00e9rieur: les corni\u00e8res de montage simplifient le raccord \u00e9tanche \u00e0 l&#039;air aux chevrons - pro clima Blog - france<\/title>\n<meta name=\"robots\" content=\"index, follow, max-snippet:-1, max-image-preview:large, max-video-preview:-1\" \/>\n<link rel=\"canonical\" href=\"https:\/\/blog.proclima.com\/fr\/2014\/10\/nouveaux-accessoires\/\" \/>\n<meta property=\"og:locale\" content=\"fr_FR\" \/>\n<meta property=\"og:type\" content=\"article\" \/>\n<meta property=\"og:title\" content=\"Nouveaux accessoires pour la r\u00e9novation des toitures par l&#039;ext\u00e9rieur: les corni\u00e8res de montage simplifient le raccord \u00e9tanche \u00e0 l&#039;air aux chevrons - pro clima Blog - france\" \/>\n<meta property=\"og:description\" content=\"D\u00e9rouler simplement la membrane d&rsquo;\u00e9tanch\u00e9it\u00e9 \u00e0 l&rsquo;air, au-dessus des chevrons et de l&rsquo;isolant en place, est une variante de la r\u00e9novation par l&rsquo;ext\u00e9rieur tr\u00e8s appr\u00e9ci\u00e9e. ...\" \/>\n<meta property=\"og:url\" content=\"https:\/\/blog.proclima.com\/fr\/2014\/10\/nouveaux-accessoires\/\" \/>\n<meta property=\"og:site_name\" content=\"pro clima Blog - france\" \/>\n<meta property=\"article:published_time\" content=\"2014-10-14T11:06:04+00:00\" \/>\n<meta property=\"article:modified_time\" content=\"2014-11-17T07:08:04+00:00\" \/>\n<meta property=\"og:image\" content=\"http:\/\/blog.proclima.com\/fr\/files\/2014\/10\/tesconfix-300x210.jpg\" \/>\n<meta name=\"twitter:card\" content=\"summary_large_image\" \/>\n<meta name=\"twitter:label1\" content=\"\u00c9crit par\" \/>\n\t<meta name=\"twitter:data1\" content=\"\" \/>\n\t<meta name=\"twitter:label2\" content=\"Dur\u00e9e de lecture estim\u00e9e\" \/>\n\t<meta name=\"twitter:data2\" content=\"2 minutes\" \/>\n<script type=\"application\/ld+json\" class=\"yoast-schema-graph\">{\"@context\":\"https:\\\/\\\/schema.org\",\"@graph\":[{\"@type\":\"Article\",\"@id\":\"https:\\\/\\\/blog.proclima.com\\\/fr\\\/2014\\\/10\\\/nouveaux-accessoires\\\/#article\",\"isPartOf\":{\"@id\":\"https:\\\/\\\/blog.proclima.com\\\/fr\\\/2014\\\/10\\\/nouveaux-accessoires\\\/\"},\"author\":{\"name\":\"\",\"@id\":\"\"},\"headline\":\"Nouveaux accessoires pour la r\u00e9novation des toitures par l&rsquo;ext\u00e9rieur: les corni\u00e8res de montage simplifient le raccord \u00e9tanche \u00e0 l&rsquo;air aux chevrons\",\"datePublished\":\"2014-10-14T11:06:04+00:00\",\"dateModified\":\"2014-11-17T07:08:04+00:00\",\"mainEntityOfPage\":{\"@id\":\"https:\\\/\\\/blog.proclima.com\\\/fr\\\/2014\\\/10\\\/nouveaux-accessoires\\\/\"},\"wordCount\":481,\"commentCount\":0,\"publisher\":{\"@id\":\"https:\\\/\\\/blog.proclima.com\\\/fr\\\/#organization\"},\"image\":{\"@id\":\"https:\\\/\\\/blog.proclima.com\\\/fr\\\/2014\\\/10\\\/nouveaux-accessoires\\\/#primaryimage\"},\"thumbnailUrl\":\"http:\\\/\\\/blog.proclima.com\\\/fr\\\/files\\\/2014\\\/10\\\/tesconfix-300x210.jpg\",\"keywords\":[\"Nouveaux accessoires\"],\"articleSection\":[\"pro clima\"],\"inLanguage\":\"fr-FR\",\"potentialAction\":[{\"@type\":\"CommentAction\",\"name\":\"Comment\",\"target\":[\"https:\\\/\\\/blog.proclima.com\\\/fr\\\/2014\\\/10\\\/nouveaux-accessoires\\\/#respond\"]}]},{\"@type\":\"WebPage\",\"@id\":\"https:\\\/\\\/blog.proclima.com\\\/fr\\\/2014\\\/10\\\/nouveaux-accessoires\\\/\",\"url\":\"https:\\\/\\\/blog.proclima.com\\\/fr\\\/2014\\\/10\\\/nouveaux-accessoires\\\/\",\"name\":\"Nouveaux accessoires pour la r\u00e9novation des toitures par l'ext\u00e9rieur: les corni\u00e8res de montage simplifient le raccord \u00e9tanche \u00e0 l'air aux chevrons - pro clima Blog - france\",\"isPartOf\":{\"@id\":\"https:\\\/\\\/blog.proclima.com\\\/fr\\\/#website\"},\"primaryImageOfPage\":{\"@id\":\"https:\\\/\\\/blog.proclima.com\\\/fr\\\/2014\\\/10\\\/nouveaux-accessoires\\\/#primaryimage\"},\"image\":{\"@id\":\"https:\\\/\\\/blog.proclima.com\\\/fr\\\/2014\\\/10\\\/nouveaux-accessoires\\\/#primaryimage\"},\"thumbnailUrl\":\"http:\\\/\\\/blog.proclima.com\\\/fr\\\/files\\\/2014\\\/10\\\/tesconfix-300x210.jpg\",\"datePublished\":\"2014-10-14T11:06:04+00:00\",\"dateModified\":\"2014-11-17T07:08:04+00:00\",\"breadcrumb\":{\"@id\":\"https:\\\/\\\/blog.proclima.com\\\/fr\\\/2014\\\/10\\\/nouveaux-accessoires\\\/#breadcrumb\"},\"inLanguage\":\"fr-FR\",\"potentialAction\":[{\"@type\":\"ReadAction\",\"target\":[\"https:\\\/\\\/blog.proclima.com\\\/fr\\\/2014\\\/10\\\/nouveaux-accessoires\\\/\"]}]},{\"@type\":\"ImageObject\",\"inLanguage\":\"fr-FR\",\"@id\":\"https:\\\/\\\/blog.proclima.com\\\/fr\\\/2014\\\/10\\\/nouveaux-accessoires\\\/#primaryimage\",\"url\":\"http:\\\/\\\/blog.proclima.com\\\/fr\\\/files\\\/2014\\\/10\\\/tesconfix-300x210.jpg\",\"contentUrl\":\"http:\\\/\\\/blog.proclima.com\\\/fr\\\/files\\\/2014\\\/10\\\/tesconfix-300x210.jpg\"},{\"@type\":\"BreadcrumbList\",\"@id\":\"https:\\\/\\\/blog.proclima.com\\\/fr\\\/2014\\\/10\\\/nouveaux-accessoires\\\/#breadcrumb\",\"itemListElement\":[{\"@type\":\"ListItem\",\"position\":1,\"name\":\"Accueil\",\"item\":\"https:\\\/\\\/blog.proclima.com\\\/fr\\\/\"},{\"@type\":\"ListItem\",\"position\":2,\"name\":\"Nouveaux accessoires pour la r\u00e9novation des toitures par l&rsquo;ext\u00e9rieur: les corni\u00e8res de montage simplifient le raccord \u00e9tanche \u00e0 l&rsquo;air aux chevrons\"}]},{\"@type\":\"WebSite\",\"@id\":\"https:\\\/\\\/blog.proclima.com\\\/fr\\\/#website\",\"url\":\"https:\\\/\\\/blog.proclima.com\\\/fr\\\/\",\"name\":\"pro clima Blog - france\",\"description\":\"pro clima Blog\",\"publisher\":{\"@id\":\"https:\\\/\\\/blog.proclima.com\\\/fr\\\/#organization\"},\"potentialAction\":[{\"@type\":\"SearchAction\",\"target\":{\"@type\":\"EntryPoint\",\"urlTemplate\":\"https:\\\/\\\/blog.proclima.com\\\/fr\\\/?s={search_term_string}\"},\"query-input\":{\"@type\":\"PropertyValueSpecification\",\"valueRequired\":true,\"valueName\":\"search_term_string\"}}],\"inLanguage\":\"fr-FR\"},{\"@type\":\"Organization\",\"@id\":\"https:\\\/\\\/blog.proclima.com\\\/fr\\\/#organization\",\"name\":\"pro clima Blog - france\",\"url\":\"https:\\\/\\\/blog.proclima.com\\\/fr\\\/\",\"logo\":{\"@type\":\"ImageObject\",\"inLanguage\":\"fr-FR\",\"@id\":\"https:\\\/\\\/blog.proclima.com\\\/fr\\\/#\\\/schema\\\/logo\\\/image\\\/\",\"url\":\"https:\\\/\\\/blog.proclima.com\\\/fr\\\/files\\\/2025\\\/12\\\/logo_proclima_quadrat.png\",\"contentUrl\":\"https:\\\/\\\/blog.proclima.com\\\/fr\\\/files\\\/2025\\\/12\\\/logo_proclima_quadrat.png\",\"width\":1200,\"height\":1200,\"caption\":\"pro clima Blog - france\"},\"image\":{\"@id\":\"https:\\\/\\\/blog.proclima.com\\\/fr\\\/#\\\/schema\\\/logo\\\/image\\\/\"}},{\"@type\":\"Person\",\"@id\":\"\",\"url\":\"https:\\\/\\\/blog.proclima.com\\\/fr\\\/author\\\/\"}]}<\/script>\n<!-- \/ Yoast SEO plugin. -->","yoast_head_json":{"title":"Nouveaux accessoires pour la r\u00e9novation des toitures par l'ext\u00e9rieur: les corni\u00e8res de montage simplifient le raccord \u00e9tanche \u00e0 l'air aux chevrons - pro clima Blog - france","robots":{"index":"index","follow":"follow","max-snippet":"max-snippet:-1","max-image-preview":"max-image-preview:large","max-video-preview":"max-video-preview:-1"},"canonical":"https:\/\/blog.proclima.com\/fr\/2014\/10\/nouveaux-accessoires\/","og_locale":"fr_FR","og_type":"article","og_title":"Nouveaux accessoires pour la r\u00e9novation des toitures par l'ext\u00e9rieur: les corni\u00e8res de montage simplifient le raccord \u00e9tanche \u00e0 l'air aux chevrons - pro clima Blog - france","og_description":"D\u00e9rouler simplement la membrane d&rsquo;\u00e9tanch\u00e9it\u00e9 \u00e0 l&rsquo;air, au-dessus des chevrons et de l&rsquo;isolant en place, est une variante de la r\u00e9novation par l&rsquo;ext\u00e9rieur tr\u00e8s appr\u00e9ci\u00e9e. ...","og_url":"https:\/\/blog.proclima.com\/fr\/2014\/10\/nouveaux-accessoires\/","og_site_name":"pro clima Blog - france","article_published_time":"2014-10-14T11:06:04+00:00","article_modified_time":"2014-11-17T07:08:04+00:00","og_image":[{"url":"http:\/\/blog.proclima.com\/fr\/files\/2014\/10\/tesconfix-300x210.jpg","type":"","width":"","height":""}],"twitter_card":"summary_large_image","twitter_misc":{"\u00c9crit par":"","Dur\u00e9e de lecture estim\u00e9e":"2 minutes"},"schema":{"@context":"https:\/\/schema.org","@graph":[{"@type":"Article","@id":"https:\/\/blog.proclima.com\/fr\/2014\/10\/nouveaux-accessoires\/#article","isPartOf":{"@id":"https:\/\/blog.proclima.com\/fr\/2014\/10\/nouveaux-accessoires\/"},"author":{"name":"","@id":""},"headline":"Nouveaux accessoires pour la r\u00e9novation des toitures par l&rsquo;ext\u00e9rieur: les corni\u00e8res de montage simplifient le raccord \u00e9tanche \u00e0 l&rsquo;air aux chevrons","datePublished":"2014-10-14T11:06:04+00:00","dateModified":"2014-11-17T07:08:04+00:00","mainEntityOfPage":{"@id":"https:\/\/blog.proclima.com\/fr\/2014\/10\/nouveaux-accessoires\/"},"wordCount":481,"commentCount":0,"publisher":{"@id":"https:\/\/blog.proclima.com\/fr\/#organization"},"image":{"@id":"https:\/\/blog.proclima.com\/fr\/2014\/10\/nouveaux-accessoires\/#primaryimage"},"thumbnailUrl":"http:\/\/blog.proclima.com\/fr\/files\/2014\/10\/tesconfix-300x210.jpg","keywords":["Nouveaux accessoires"],"articleSection":["pro clima"],"inLanguage":"fr-FR","potentialAction":[{"@type":"CommentAction","name":"Comment","target":["https:\/\/blog.proclima.com\/fr\/2014\/10\/nouveaux-accessoires\/#respond"]}]},{"@type":"WebPage","@id":"https:\/\/blog.proclima.com\/fr\/2014\/10\/nouveaux-accessoires\/","url":"https:\/\/blog.proclima.com\/fr\/2014\/10\/nouveaux-accessoires\/","name":"Nouveaux accessoires pour la r\u00e9novation des toitures par l'ext\u00e9rieur: les corni\u00e8res de montage simplifient le raccord \u00e9tanche \u00e0 l'air aux chevrons - pro clima Blog - france","isPartOf":{"@id":"https:\/\/blog.proclima.com\/fr\/#website"},"primaryImageOfPage":{"@id":"https:\/\/blog.proclima.com\/fr\/2014\/10\/nouveaux-accessoires\/#primaryimage"},"image":{"@id":"https:\/\/blog.proclima.com\/fr\/2014\/10\/nouveaux-accessoires\/#primaryimage"},"thumbnailUrl":"http:\/\/blog.proclima.com\/fr\/files\/2014\/10\/tesconfix-300x210.jpg","datePublished":"2014-10-14T11:06:04+00:00","dateModified":"2014-11-17T07:08:04+00:00","breadcrumb":{"@id":"https:\/\/blog.proclima.com\/fr\/2014\/10\/nouveaux-accessoires\/#breadcrumb"},"inLanguage":"fr-FR","potentialAction":[{"@type":"ReadAction","target":["https:\/\/blog.proclima.com\/fr\/2014\/10\/nouveaux-accessoires\/"]}]},{"@type":"ImageObject","inLanguage":"fr-FR","@id":"https:\/\/blog.proclima.com\/fr\/2014\/10\/nouveaux-accessoires\/#primaryimage","url":"http:\/\/blog.proclima.com\/fr\/files\/2014\/10\/tesconfix-300x210.jpg","contentUrl":"http:\/\/blog.proclima.com\/fr\/files\/2014\/10\/tesconfix-300x210.jpg"},{"@type":"BreadcrumbList","@id":"https:\/\/blog.proclima.com\/fr\/2014\/10\/nouveaux-accessoires\/#breadcrumb","itemListElement":[{"@type":"ListItem","position":1,"name":"Accueil","item":"https:\/\/blog.proclima.com\/fr\/"},{"@type":"ListItem","position":2,"name":"Nouveaux accessoires pour la r\u00e9novation des toitures par l&rsquo;ext\u00e9rieur: les corni\u00e8res de montage simplifient le raccord \u00e9tanche \u00e0 l&rsquo;air aux chevrons"}]},{"@type":"WebSite","@id":"https:\/\/blog.proclima.com\/fr\/#website","url":"https:\/\/blog.proclima.com\/fr\/","name":"pro clima Blog - france","description":"pro clima Blog","publisher":{"@id":"https:\/\/blog.proclima.com\/fr\/#organization"},"potentialAction":[{"@type":"SearchAction","target":{"@type":"EntryPoint","urlTemplate":"https:\/\/blog.proclima.com\/fr\/?s={search_term_string}"},"query-input":{"@type":"PropertyValueSpecification","valueRequired":true,"valueName":"search_term_string"}}],"inLanguage":"fr-FR"},{"@type":"Organization","@id":"https:\/\/blog.proclima.com\/fr\/#organization","name":"pro clima Blog - france","url":"https:\/\/blog.proclima.com\/fr\/","logo":{"@type":"ImageObject","inLanguage":"fr-FR","@id":"https:\/\/blog.proclima.com\/fr\/#\/schema\/logo\/image\/","url":"https:\/\/blog.proclima.com\/fr\/files\/2025\/12\/logo_proclima_quadrat.png","contentUrl":"https:\/\/blog.proclima.com\/fr\/files\/2025\/12\/logo_proclima_quadrat.png","width":1200,"height":1200,"caption":"pro clima Blog - france"},"image":{"@id":"https:\/\/blog.proclima.com\/fr\/#\/schema\/logo\/image\/"}},{"@type":"Person","@id":"","url":"https:\/\/blog.proclima.com\/fr\/author\/"}]}},"_links":{"self":[{"href":"https:\/\/blog.proclima.com\/fr\/wp-json\/wp\/v2\/posts\/398","targetHints":{"allow":["GET"]}}],"collection":[{"href":"https:\/\/blog.proclima.com\/fr\/wp-json\/wp\/v2\/posts"}],"about":[{"href":"https:\/\/blog.proclima.com\/fr\/wp-json\/wp\/v2\/types\/post"}],"author":[{"embeddable":true,"href":"https:\/\/blog.proclima.com\/fr\/wp-json\/wp\/v2\/users\/16"}],"replies":[{"embeddable":true,"href":"https:\/\/blog.proclima.com\/fr\/wp-json\/wp\/v2\/comments?post=398"}],"version-history":[{"count":5,"href":"https:\/\/blog.proclima.com\/fr\/wp-json\/wp\/v2\/posts\/398\/revisions"}],"predecessor-version":[{"id":410,"href":"https:\/\/blog.proclima.com\/fr\/wp-json\/wp\/v2\/posts\/398\/revisions\/410"}],"wp:attachment":[{"href":"https:\/\/blog.proclima.com\/fr\/wp-json\/wp\/v2\/media?parent=398"}],"wp:term":[{"taxonomy":"category","embeddable":true,"href":"https:\/\/blog.proclima.com\/fr\/wp-json\/wp\/v2\/categories?post=398"},{"taxonomy":"post_tag","embeddable":true,"href":"https:\/\/blog.proclima.com\/fr\/wp-json\/wp\/v2\/tags?post=398"}],"curies":[{"name":"wp","href":"https:\/\/api.w.org\/{rel}","templated":true}]}}