
{"id":384,"date":"2014-09-18T12:57:35","date_gmt":"2014-09-18T10:57:35","guid":{"rendered":"http:\/\/blog.proclima.com\/fr\/?p=384"},"modified":"2014-09-30T13:02:24","modified_gmt":"2014-09-30T11:02:24","slug":"un-seminaire-inedit-premiere-formation-franco-allemande-sur-letancheite-a-lair-prochainement-au-centre-de-formation-ifeco-a-montauban","status":"publish","type":"post","link":"https:\/\/blog.proclima.com\/fr\/2014\/09\/un-seminaire-inedit-premiere-formation-franco-allemande-sur-letancheite-a-lair-prochainement-au-centre-de-formation-ifeco-a-montauban\/","title":{"rendered":"Un s\u00e9minaire in\u00e9dit : premi\u00e8re formation franco-allemande sur l\u2019\u00e9tanch\u00e9it\u00e9 \u00e0 l\u2019air prochainement au centre de formation IFECO \u00e0 Montauban"},"content":{"rendered":"<p>L\u2019\u00e9tanch\u00e9it\u00e9 de l\u2019enveloppe du b\u00e2timent constitue la base de l\u2019efficience \u00e9nerg\u00e9tique d\u2019une construction.C\u2019est pourquoi les concepteurs et artisans qui s\u2019y connaissent en planification et r\u00e9alisation de l\u2019\u00e9tanch\u00e9it\u00e9 \u00e0 l\u2019air \u00e0 l\u2019int\u00e9rieur et de l\u2019\u00e9tanch\u00e9it\u00e9 au vent \u00e0 l\u2019ext\u00e9rieur sont de plus en plus recherch\u00e9s.La soci\u00e9t\u00e9 pro clima, sp\u00e9cialis\u00e9e dans l\u2019\u00e9tanch\u00e9it\u00e9 \u00e0 l\u2019air \u00e0 l\u2019int\u00e9rieur et l\u2019\u00e9tanch\u00e9it\u00e9 au vent \u00e0 l\u2019ext\u00e9rieur, organise conjointement avec l\u2019organisme IFECO au centre de formation de Montauban un s\u00e9minaire consacr\u00e9 aux fondements de la physique du b\u00e2timent dans le domaine de l\u2019isolation thermique et de l\u2019\u00e9tanch\u00e9it\u00e9 \u00e0 l\u2019air.<\/p>\n<p>\u00ab\u00a0Le s\u00e9minaire combine un savoir-faire pointu en mati\u00e8re de physique du b\u00e2timent et des connaissances pratiques avec l\u2019exp\u00e9rience autodidacte. Chez pro clima, nous nous r\u00e9jouissons d\u2019avoir trouv\u00e9 comme partenaire un organisme de formation aussi r\u00e9put\u00e9 qu\u2019IFECO. Jusqu\u2019\u00e0 pr\u00e9sent, ces formations \u00e9taient exclusivement propos\u00e9es en Allemagne\u00a0\u00bb, explique Leonhard Morche, responsable du d\u00e9partement Techniques d\u2019application chez pro clima. Cet ing\u00e9nieur sp\u00e9cialis\u00e9 dans la construction en bois est conseiller aupr\u00e8s de la hotline technique pro clima en Allemagne et en France.<\/p>\n<p>\u00ab\u00a0Dans ce s\u00e9minaire, nous allons surtout apprendre comment concevoir et r\u00e9aliser des constructions fiables. A cet \u00e9gard, les r\u00e9novations sont un vaste sujet, puisqu\u2019il s\u2019agit de moderniser de plus en plus de b\u00e2timents.\u00a0\u00bb<\/p>\n<p>Les participants peuvent se faire rembourser les frais du s\u00e9minaire par un OPCA (Organisme Paritaire Collecteur Agr\u00e9\u00e9).<\/p>\n<p>Date de formation: 04 au 05 d\u00e9cembre 2014<\/p>\n<p>Pour en savoir plus consultez IFECO au n\u00b0 t\u00e9l: 06 19 60 6724 ou 05 31 05 00 05 ou par mail: <a href=\"http:\/\/commercial@ifeco.fr\">commercial@ifeco.fr<\/a><\/p>\n<p>Le d\u00e9pliant \u00e1 t\u00e9l\u00e9charger:\u00a0 <a href=\"http:\/\/blog.proclima.com\/fr\/files\/2014\/09\/15575_6-Seiter_FR_fr_Seminar_1.7.pdf\">15575_6-Seiter_FR_fr_Seminar_1.7<\/a><\/p>\n","protected":false},"excerpt":{"rendered":"<p>L\u2019\u00e9tanch\u00e9it\u00e9 de l\u2019enveloppe du b\u00e2timent constitue la base de l\u2019efficience \u00e9nerg\u00e9tique d\u2019une construction.C\u2019est pourquoi les concepteurs et artisans qui s\u2019y connaissent en planification et r\u00e9alisation <a href=\"https:\/\/blog.proclima.com\/fr\/2014\/09\/un-seminaire-inedit-premiere-formation-franco-allemande-sur-letancheite-a-lair-prochainement-au-centre-de-formation-ifeco-a-montauban\/\" rel=\"bookmark\">&#8230;<\/a><\/p>\n","protected":false},"author":16,"featured_media":0,"comment_status":"open","ping_status":"open","sticky":false,"template":"","format":"standard","meta":{"footnotes":""},"categories":[5,1],"tags":[75,83,16,43],"class_list":["post-384","post","type-post","status-publish","format-standard","hentry","category-evenements-salons","category-general","tag-ifeco","tag-montauban","tag-pro-clima","tag-seminaire"],"yoast_head":"<!-- This site is optimized with the Yoast SEO plugin v27.5 - https:\/\/yoast.com\/product\/yoast-seo-wordpress\/ -->\n<title>Un s\u00e9minaire in\u00e9dit : premi\u00e8re formation franco-allemande sur l\u2019\u00e9tanch\u00e9it\u00e9 \u00e0 l\u2019air prochainement au centre de formation IFECO \u00e0 Montauban - pro clima Blog - france<\/title>\n<meta name=\"robots\" content=\"index, follow, max-snippet:-1, max-image-preview:large, max-video-preview:-1\" \/>\n<link rel=\"canonical\" href=\"https:\/\/blog.proclima.com\/fr\/2014\/09\/un-seminaire-inedit-premiere-formation-franco-allemande-sur-letancheite-a-lair-prochainement-au-centre-de-formation-ifeco-a-montauban\/\" \/>\n<meta property=\"og:locale\" content=\"fr_FR\" \/>\n<meta property=\"og:type\" content=\"article\" \/>\n<meta property=\"og:title\" content=\"Un s\u00e9minaire in\u00e9dit : premi\u00e8re formation franco-allemande sur l\u2019\u00e9tanch\u00e9it\u00e9 \u00e0 l\u2019air prochainement au centre de formation IFECO \u00e0 Montauban - pro clima Blog - france\" \/>\n<meta property=\"og:description\" content=\"L\u2019\u00e9tanch\u00e9it\u00e9 de l\u2019enveloppe du b\u00e2timent constitue la base de l\u2019efficience \u00e9nerg\u00e9tique d\u2019une construction.C\u2019est pourquoi les concepteurs et artisans qui s\u2019y connaissent en planification et r\u00e9alisation ...\" \/>\n<meta property=\"og:url\" content=\"https:\/\/blog.proclima.com\/fr\/2014\/09\/un-seminaire-inedit-premiere-formation-franco-allemande-sur-letancheite-a-lair-prochainement-au-centre-de-formation-ifeco-a-montauban\/\" \/>\n<meta property=\"og:site_name\" content=\"pro clima Blog - france\" \/>\n<meta property=\"article:published_time\" content=\"2014-09-18T10:57:35+00:00\" \/>\n<meta property=\"article:modified_time\" content=\"2014-09-30T11:02:24+00:00\" \/>\n<meta name=\"twitter:card\" content=\"summary_large_image\" \/>\n<meta name=\"twitter:label1\" content=\"\u00c9crit par\" \/>\n\t<meta name=\"twitter:data1\" content=\"\" \/>\n\t<meta name=\"twitter:label2\" content=\"Dur\u00e9e de lecture estim\u00e9e\" \/>\n\t<meta name=\"twitter:data2\" content=\"2 minutes\" \/>\n<script type=\"application\/ld+json\" class=\"yoast-schema-graph\">{\"@context\":\"https:\\\/\\\/schema.org\",\"@graph\":[{\"@type\":\"Article\",\"@id\":\"https:\\\/\\\/blog.proclima.com\\\/fr\\\/2014\\\/09\\\/un-seminaire-inedit-premiere-formation-franco-allemande-sur-letancheite-a-lair-prochainement-au-centre-de-formation-ifeco-a-montauban\\\/#article\",\"isPartOf\":{\"@id\":\"https:\\\/\\\/blog.proclima.com\\\/fr\\\/2014\\\/09\\\/un-seminaire-inedit-premiere-formation-franco-allemande-sur-letancheite-a-lair-prochainement-au-centre-de-formation-ifeco-a-montauban\\\/\"},\"author\":{\"name\":\"\",\"@id\":\"\"},\"headline\":\"Un s\u00e9minaire in\u00e9dit : premi\u00e8re formation franco-allemande sur l\u2019\u00e9tanch\u00e9it\u00e9 \u00e0 l\u2019air prochainement au centre de formation IFECO \u00e0 Montauban\",\"datePublished\":\"2014-09-18T10:57:35+00:00\",\"dateModified\":\"2014-09-30T11:02:24+00:00\",\"mainEntityOfPage\":{\"@id\":\"https:\\\/\\\/blog.proclima.com\\\/fr\\\/2014\\\/09\\\/un-seminaire-inedit-premiere-formation-franco-allemande-sur-letancheite-a-lair-prochainement-au-centre-de-formation-ifeco-a-montauban\\\/\"},\"wordCount\":332,\"commentCount\":0,\"publisher\":{\"@id\":\"https:\\\/\\\/blog.proclima.com\\\/fr\\\/#organization\"},\"keywords\":[\"ifeco\",\"Montauban\",\"pro clima\",\"S\u00e9minaire\"],\"articleSection\":[\"\u00c9v\u00e8nements\\\/Salons\",\"pro clima\"],\"inLanguage\":\"fr-FR\",\"potentialAction\":[{\"@type\":\"CommentAction\",\"name\":\"Comment\",\"target\":[\"https:\\\/\\\/blog.proclima.com\\\/fr\\\/2014\\\/09\\\/un-seminaire-inedit-premiere-formation-franco-allemande-sur-letancheite-a-lair-prochainement-au-centre-de-formation-ifeco-a-montauban\\\/#respond\"]}]},{\"@type\":\"WebPage\",\"@id\":\"https:\\\/\\\/blog.proclima.com\\\/fr\\\/2014\\\/09\\\/un-seminaire-inedit-premiere-formation-franco-allemande-sur-letancheite-a-lair-prochainement-au-centre-de-formation-ifeco-a-montauban\\\/\",\"url\":\"https:\\\/\\\/blog.proclima.com\\\/fr\\\/2014\\\/09\\\/un-seminaire-inedit-premiere-formation-franco-allemande-sur-letancheite-a-lair-prochainement-au-centre-de-formation-ifeco-a-montauban\\\/\",\"name\":\"Un s\u00e9minaire in\u00e9dit : premi\u00e8re formation franco-allemande sur l\u2019\u00e9tanch\u00e9it\u00e9 \u00e0 l\u2019air prochainement au centre de formation IFECO \u00e0 Montauban - pro clima Blog - france\",\"isPartOf\":{\"@id\":\"https:\\\/\\\/blog.proclima.com\\\/fr\\\/#website\"},\"datePublished\":\"2014-09-18T10:57:35+00:00\",\"dateModified\":\"2014-09-30T11:02:24+00:00\",\"breadcrumb\":{\"@id\":\"https:\\\/\\\/blog.proclima.com\\\/fr\\\/2014\\\/09\\\/un-seminaire-inedit-premiere-formation-franco-allemande-sur-letancheite-a-lair-prochainement-au-centre-de-formation-ifeco-a-montauban\\\/#breadcrumb\"},\"inLanguage\":\"fr-FR\",\"potentialAction\":[{\"@type\":\"ReadAction\",\"target\":[\"https:\\\/\\\/blog.proclima.com\\\/fr\\\/2014\\\/09\\\/un-seminaire-inedit-premiere-formation-franco-allemande-sur-letancheite-a-lair-prochainement-au-centre-de-formation-ifeco-a-montauban\\\/\"]}]},{\"@type\":\"BreadcrumbList\",\"@id\":\"https:\\\/\\\/blog.proclima.com\\\/fr\\\/2014\\\/09\\\/un-seminaire-inedit-premiere-formation-franco-allemande-sur-letancheite-a-lair-prochainement-au-centre-de-formation-ifeco-a-montauban\\\/#breadcrumb\",\"itemListElement\":[{\"@type\":\"ListItem\",\"position\":1,\"name\":\"Accueil\",\"item\":\"https:\\\/\\\/blog.proclima.com\\\/fr\\\/\"},{\"@type\":\"ListItem\",\"position\":2,\"name\":\"Un s\u00e9minaire in\u00e9dit : premi\u00e8re formation franco-allemande sur l\u2019\u00e9tanch\u00e9it\u00e9 \u00e0 l\u2019air prochainement au centre de formation IFECO \u00e0 Montauban\"}]},{\"@type\":\"WebSite\",\"@id\":\"https:\\\/\\\/blog.proclima.com\\\/fr\\\/#website\",\"url\":\"https:\\\/\\\/blog.proclima.com\\\/fr\\\/\",\"name\":\"pro clima Blog - france\",\"description\":\"pro clima Blog\",\"publisher\":{\"@id\":\"https:\\\/\\\/blog.proclima.com\\\/fr\\\/#organization\"},\"potentialAction\":[{\"@type\":\"SearchAction\",\"target\":{\"@type\":\"EntryPoint\",\"urlTemplate\":\"https:\\\/\\\/blog.proclima.com\\\/fr\\\/?s={search_term_string}\"},\"query-input\":{\"@type\":\"PropertyValueSpecification\",\"valueRequired\":true,\"valueName\":\"search_term_string\"}}],\"inLanguage\":\"fr-FR\"},{\"@type\":\"Organization\",\"@id\":\"https:\\\/\\\/blog.proclima.com\\\/fr\\\/#organization\",\"name\":\"pro clima Blog - france\",\"url\":\"https:\\\/\\\/blog.proclima.com\\\/fr\\\/\",\"logo\":{\"@type\":\"ImageObject\",\"inLanguage\":\"fr-FR\",\"@id\":\"https:\\\/\\\/blog.proclima.com\\\/fr\\\/#\\\/schema\\\/logo\\\/image\\\/\",\"url\":\"https:\\\/\\\/blog.proclima.com\\\/fr\\\/files\\\/2025\\\/12\\\/logo_proclima_quadrat.png\",\"contentUrl\":\"https:\\\/\\\/blog.proclima.com\\\/fr\\\/files\\\/2025\\\/12\\\/logo_proclima_quadrat.png\",\"width\":1200,\"height\":1200,\"caption\":\"pro clima Blog - france\"},\"image\":{\"@id\":\"https:\\\/\\\/blog.proclima.com\\\/fr\\\/#\\\/schema\\\/logo\\\/image\\\/\"}},{\"@type\":\"Person\",\"@id\":\"\",\"url\":\"https:\\\/\\\/blog.proclima.com\\\/fr\\\/author\\\/\"}]}<\/script>\n<!-- \/ Yoast SEO plugin. -->","yoast_head_json":{"title":"Un s\u00e9minaire in\u00e9dit : premi\u00e8re formation franco-allemande sur l\u2019\u00e9tanch\u00e9it\u00e9 \u00e0 l\u2019air prochainement au centre de formation IFECO \u00e0 Montauban - pro clima Blog - france","robots":{"index":"index","follow":"follow","max-snippet":"max-snippet:-1","max-image-preview":"max-image-preview:large","max-video-preview":"max-video-preview:-1"},"canonical":"https:\/\/blog.proclima.com\/fr\/2014\/09\/un-seminaire-inedit-premiere-formation-franco-allemande-sur-letancheite-a-lair-prochainement-au-centre-de-formation-ifeco-a-montauban\/","og_locale":"fr_FR","og_type":"article","og_title":"Un s\u00e9minaire in\u00e9dit : premi\u00e8re formation franco-allemande sur l\u2019\u00e9tanch\u00e9it\u00e9 \u00e0 l\u2019air prochainement au centre de formation IFECO \u00e0 Montauban - pro clima Blog - france","og_description":"L\u2019\u00e9tanch\u00e9it\u00e9 de l\u2019enveloppe du b\u00e2timent constitue la base de l\u2019efficience \u00e9nerg\u00e9tique d\u2019une construction.C\u2019est pourquoi les concepteurs et artisans qui s\u2019y connaissent en planification et r\u00e9alisation ...","og_url":"https:\/\/blog.proclima.com\/fr\/2014\/09\/un-seminaire-inedit-premiere-formation-franco-allemande-sur-letancheite-a-lair-prochainement-au-centre-de-formation-ifeco-a-montauban\/","og_site_name":"pro clima Blog - france","article_published_time":"2014-09-18T10:57:35+00:00","article_modified_time":"2014-09-30T11:02:24+00:00","twitter_card":"summary_large_image","twitter_misc":{"\u00c9crit par":"","Dur\u00e9e de lecture estim\u00e9e":"2 minutes"},"schema":{"@context":"https:\/\/schema.org","@graph":[{"@type":"Article","@id":"https:\/\/blog.proclima.com\/fr\/2014\/09\/un-seminaire-inedit-premiere-formation-franco-allemande-sur-letancheite-a-lair-prochainement-au-centre-de-formation-ifeco-a-montauban\/#article","isPartOf":{"@id":"https:\/\/blog.proclima.com\/fr\/2014\/09\/un-seminaire-inedit-premiere-formation-franco-allemande-sur-letancheite-a-lair-prochainement-au-centre-de-formation-ifeco-a-montauban\/"},"author":{"name":"","@id":""},"headline":"Un s\u00e9minaire in\u00e9dit : premi\u00e8re formation franco-allemande sur l\u2019\u00e9tanch\u00e9it\u00e9 \u00e0 l\u2019air prochainement au centre de formation IFECO \u00e0 Montauban","datePublished":"2014-09-18T10:57:35+00:00","dateModified":"2014-09-30T11:02:24+00:00","mainEntityOfPage":{"@id":"https:\/\/blog.proclima.com\/fr\/2014\/09\/un-seminaire-inedit-premiere-formation-franco-allemande-sur-letancheite-a-lair-prochainement-au-centre-de-formation-ifeco-a-montauban\/"},"wordCount":332,"commentCount":0,"publisher":{"@id":"https:\/\/blog.proclima.com\/fr\/#organization"},"keywords":["ifeco","Montauban","pro clima","S\u00e9minaire"],"articleSection":["\u00c9v\u00e8nements\/Salons","pro clima"],"inLanguage":"fr-FR","potentialAction":[{"@type":"CommentAction","name":"Comment","target":["https:\/\/blog.proclima.com\/fr\/2014\/09\/un-seminaire-inedit-premiere-formation-franco-allemande-sur-letancheite-a-lair-prochainement-au-centre-de-formation-ifeco-a-montauban\/#respond"]}]},{"@type":"WebPage","@id":"https:\/\/blog.proclima.com\/fr\/2014\/09\/un-seminaire-inedit-premiere-formation-franco-allemande-sur-letancheite-a-lair-prochainement-au-centre-de-formation-ifeco-a-montauban\/","url":"https:\/\/blog.proclima.com\/fr\/2014\/09\/un-seminaire-inedit-premiere-formation-franco-allemande-sur-letancheite-a-lair-prochainement-au-centre-de-formation-ifeco-a-montauban\/","name":"Un s\u00e9minaire in\u00e9dit : premi\u00e8re formation franco-allemande sur l\u2019\u00e9tanch\u00e9it\u00e9 \u00e0 l\u2019air prochainement au centre de formation IFECO \u00e0 Montauban - pro clima Blog - france","isPartOf":{"@id":"https:\/\/blog.proclima.com\/fr\/#website"},"datePublished":"2014-09-18T10:57:35+00:00","dateModified":"2014-09-30T11:02:24+00:00","breadcrumb":{"@id":"https:\/\/blog.proclima.com\/fr\/2014\/09\/un-seminaire-inedit-premiere-formation-franco-allemande-sur-letancheite-a-lair-prochainement-au-centre-de-formation-ifeco-a-montauban\/#breadcrumb"},"inLanguage":"fr-FR","potentialAction":[{"@type":"ReadAction","target":["https:\/\/blog.proclima.com\/fr\/2014\/09\/un-seminaire-inedit-premiere-formation-franco-allemande-sur-letancheite-a-lair-prochainement-au-centre-de-formation-ifeco-a-montauban\/"]}]},{"@type":"BreadcrumbList","@id":"https:\/\/blog.proclima.com\/fr\/2014\/09\/un-seminaire-inedit-premiere-formation-franco-allemande-sur-letancheite-a-lair-prochainement-au-centre-de-formation-ifeco-a-montauban\/#breadcrumb","itemListElement":[{"@type":"ListItem","position":1,"name":"Accueil","item":"https:\/\/blog.proclima.com\/fr\/"},{"@type":"ListItem","position":2,"name":"Un s\u00e9minaire in\u00e9dit : premi\u00e8re formation franco-allemande sur l\u2019\u00e9tanch\u00e9it\u00e9 \u00e0 l\u2019air prochainement au centre de formation IFECO \u00e0 Montauban"}]},{"@type":"WebSite","@id":"https:\/\/blog.proclima.com\/fr\/#website","url":"https:\/\/blog.proclima.com\/fr\/","name":"pro clima Blog - france","description":"pro clima Blog","publisher":{"@id":"https:\/\/blog.proclima.com\/fr\/#organization"},"potentialAction":[{"@type":"SearchAction","target":{"@type":"EntryPoint","urlTemplate":"https:\/\/blog.proclima.com\/fr\/?s={search_term_string}"},"query-input":{"@type":"PropertyValueSpecification","valueRequired":true,"valueName":"search_term_string"}}],"inLanguage":"fr-FR"},{"@type":"Organization","@id":"https:\/\/blog.proclima.com\/fr\/#organization","name":"pro clima Blog - france","url":"https:\/\/blog.proclima.com\/fr\/","logo":{"@type":"ImageObject","inLanguage":"fr-FR","@id":"https:\/\/blog.proclima.com\/fr\/#\/schema\/logo\/image\/","url":"https:\/\/blog.proclima.com\/fr\/files\/2025\/12\/logo_proclima_quadrat.png","contentUrl":"https:\/\/blog.proclima.com\/fr\/files\/2025\/12\/logo_proclima_quadrat.png","width":1200,"height":1200,"caption":"pro clima Blog - france"},"image":{"@id":"https:\/\/blog.proclima.com\/fr\/#\/schema\/logo\/image\/"}},{"@type":"Person","@id":"","url":"https:\/\/blog.proclima.com\/fr\/author\/"}]}},"_links":{"self":[{"href":"https:\/\/blog.proclima.com\/fr\/wp-json\/wp\/v2\/posts\/384","targetHints":{"allow":["GET"]}}],"collection":[{"href":"https:\/\/blog.proclima.com\/fr\/wp-json\/wp\/v2\/posts"}],"about":[{"href":"https:\/\/blog.proclima.com\/fr\/wp-json\/wp\/v2\/types\/post"}],"author":[{"embeddable":true,"href":"https:\/\/blog.proclima.com\/fr\/wp-json\/wp\/v2\/users\/16"}],"replies":[{"embeddable":true,"href":"https:\/\/blog.proclima.com\/fr\/wp-json\/wp\/v2\/comments?post=384"}],"version-history":[{"count":4,"href":"https:\/\/blog.proclima.com\/fr\/wp-json\/wp\/v2\/posts\/384\/revisions"}],"predecessor-version":[{"id":390,"href":"https:\/\/blog.proclima.com\/fr\/wp-json\/wp\/v2\/posts\/384\/revisions\/390"}],"wp:attachment":[{"href":"https:\/\/blog.proclima.com\/fr\/wp-json\/wp\/v2\/media?parent=384"}],"wp:term":[{"taxonomy":"category","embeddable":true,"href":"https:\/\/blog.proclima.com\/fr\/wp-json\/wp\/v2\/categories?post=384"},{"taxonomy":"post_tag","embeddable":true,"href":"https:\/\/blog.proclima.com\/fr\/wp-json\/wp\/v2\/tags?post=384"}],"curies":[{"name":"wp","href":"https:\/\/api.w.org\/{rel}","templated":true}]}}