
{"id":289,"date":"2014-06-30T12:59:39","date_gmt":"2014-06-30T10:59:39","guid":{"rendered":"http:\/\/blog.proclima.com\/fr\/?p=289"},"modified":"2014-06-30T12:59:39","modified_gmt":"2014-06-30T10:59:39","slug":"retrospective-a-oxfam-trailwalk-2014-video","status":"publish","type":"post","link":"https:\/\/blog.proclima.com\/fr\/2014\/06\/retrospective-a-oxfam-trailwalk-2014-video\/","title":{"rendered":"R\u00e9trospective \u00e0 Oxfam trailwalk 2014: vid\u00e9o"},"content":{"rendered":"<p><a href=\"http:\/\/blog.proclima.com\/fr\/files\/2014\/06\/Foto.jpg\"><img loading=\"lazy\" decoding=\"async\" data-size=\"640x360\" class=\"alignleft size-medium wp-image-290\" src=\"http:\/\/blog.proclima.com\/fr\/files\/2014\/06\/Foto-300x168.jpg\" alt=\"Foto\" width=\"300\" height=\"168\" srcset=\"https:\/\/blog.proclima.com\/fr\/files\/2014\/06\/Foto-300x168.jpg 300w, https:\/\/blog.proclima.com\/fr\/files\/2014\/06\/Foto.jpg 640w\" sizes=\"auto, (max-width: 300px) 100vw, 300px\" \/><\/a>Petite r\u00e9trospective \u00e0 Oxfam trailwalk 2014:<br \/>\nL&rsquo;\u00e9quipe d&rsquo;Oxfam France remercie les participants en mettant \u00e0 disposition une vid\u00e9o des impressions et souvenirs de l&rsquo;\u00e9v\u00e8nement:<\/p>\n<p><a class=\"ot-anchor aaTEdf\" href=\"http:\/\/vimeo.com\/98925797\" target=\"_blank\" rel=\"nofollow\">http:\/\/vimeo.com\/98925797<\/a><\/p>\n","protected":false},"excerpt":{"rendered":"<p>Petite r\u00e9trospective \u00e0 Oxfam trailwalk 2014: L&rsquo;\u00e9quipe d&rsquo;Oxfam France remercie les participants en mettant \u00e0 disposition une vid\u00e9o des impressions et souvenirs de l&rsquo;\u00e9v\u00e8nement: http:\/\/vimeo.com\/98925797<\/p>\n","protected":false},"author":16,"featured_media":0,"comment_status":"open","ping_status":"open","sticky":false,"template":"","format":"standard","meta":{"footnotes":""},"categories":[1],"tags":[59,71,72],"class_list":["post-289","post","type-post","status-publish","format-standard","hentry","category-general","tag-oxfam","tag-proclima","tag-trailwalk"],"yoast_head":"<!-- This site is optimized with the Yoast SEO plugin v27.5 - https:\/\/yoast.com\/product\/yoast-seo-wordpress\/ -->\n<title>R\u00e9trospective \u00e0 Oxfam trailwalk 2014: vid\u00e9o - pro clima Blog - france<\/title>\n<meta name=\"robots\" content=\"index, follow, max-snippet:-1, max-image-preview:large, max-video-preview:-1\" \/>\n<link rel=\"canonical\" href=\"https:\/\/blog.proclima.com\/fr\/2014\/06\/retrospective-a-oxfam-trailwalk-2014-video\/\" \/>\n<meta property=\"og:locale\" content=\"fr_FR\" \/>\n<meta property=\"og:type\" content=\"article\" \/>\n<meta property=\"og:title\" content=\"R\u00e9trospective \u00e0 Oxfam trailwalk 2014: vid\u00e9o - pro clima Blog - france\" \/>\n<meta property=\"og:description\" content=\"Petite r\u00e9trospective \u00e0 Oxfam trailwalk 2014: L&rsquo;\u00e9quipe d&rsquo;Oxfam France remercie les participants en mettant \u00e0 disposition une vid\u00e9o des impressions et souvenirs de l&rsquo;\u00e9v\u00e8nement: http:\/\/vimeo.com\/98925797\" \/>\n<meta property=\"og:url\" content=\"https:\/\/blog.proclima.com\/fr\/2014\/06\/retrospective-a-oxfam-trailwalk-2014-video\/\" \/>\n<meta property=\"og:site_name\" content=\"pro clima Blog - france\" \/>\n<meta property=\"article:published_time\" content=\"2014-06-30T10:59:39+00:00\" \/>\n<meta property=\"og:image\" content=\"http:\/\/blog.proclima.com\/fr\/files\/2014\/06\/Foto-300x168.jpg\" \/>\n<meta name=\"twitter:card\" content=\"summary_large_image\" \/>\n<meta name=\"twitter:label1\" content=\"\u00c9crit par\" \/>\n\t<meta name=\"twitter:data1\" content=\"\" \/>\n<script type=\"application\/ld+json\" class=\"yoast-schema-graph\">{\"@context\":\"https:\\\/\\\/schema.org\",\"@graph\":[{\"@type\":\"Article\",\"@id\":\"https:\\\/\\\/blog.proclima.com\\\/fr\\\/2014\\\/06\\\/retrospective-a-oxfam-trailwalk-2014-video\\\/#article\",\"isPartOf\":{\"@id\":\"https:\\\/\\\/blog.proclima.com\\\/fr\\\/2014\\\/06\\\/retrospective-a-oxfam-trailwalk-2014-video\\\/\"},\"author\":{\"name\":\"\",\"@id\":\"\"},\"headline\":\"R\u00e9trospective \u00e0 Oxfam trailwalk 2014: vid\u00e9o\",\"datePublished\":\"2014-06-30T10:59:39+00:00\",\"mainEntityOfPage\":{\"@id\":\"https:\\\/\\\/blog.proclima.com\\\/fr\\\/2014\\\/06\\\/retrospective-a-oxfam-trailwalk-2014-video\\\/\"},\"wordCount\":35,\"commentCount\":0,\"publisher\":{\"@id\":\"https:\\\/\\\/blog.proclima.com\\\/fr\\\/#organization\"},\"image\":{\"@id\":\"https:\\\/\\\/blog.proclima.com\\\/fr\\\/2014\\\/06\\\/retrospective-a-oxfam-trailwalk-2014-video\\\/#primaryimage\"},\"thumbnailUrl\":\"http:\\\/\\\/blog.proclima.com\\\/fr\\\/files\\\/2014\\\/06\\\/Foto-300x168.jpg\",\"keywords\":[\"Oxfam\",\"proclima\",\"trailwalk\"],\"articleSection\":[\"pro clima\"],\"inLanguage\":\"fr-FR\",\"potentialAction\":[{\"@type\":\"CommentAction\",\"name\":\"Comment\",\"target\":[\"https:\\\/\\\/blog.proclima.com\\\/fr\\\/2014\\\/06\\\/retrospective-a-oxfam-trailwalk-2014-video\\\/#respond\"]}]},{\"@type\":\"WebPage\",\"@id\":\"https:\\\/\\\/blog.proclima.com\\\/fr\\\/2014\\\/06\\\/retrospective-a-oxfam-trailwalk-2014-video\\\/\",\"url\":\"https:\\\/\\\/blog.proclima.com\\\/fr\\\/2014\\\/06\\\/retrospective-a-oxfam-trailwalk-2014-video\\\/\",\"name\":\"R\u00e9trospective \u00e0 Oxfam trailwalk 2014: vid\u00e9o - pro clima Blog - france\",\"isPartOf\":{\"@id\":\"https:\\\/\\\/blog.proclima.com\\\/fr\\\/#website\"},\"primaryImageOfPage\":{\"@id\":\"https:\\\/\\\/blog.proclima.com\\\/fr\\\/2014\\\/06\\\/retrospective-a-oxfam-trailwalk-2014-video\\\/#primaryimage\"},\"image\":{\"@id\":\"https:\\\/\\\/blog.proclima.com\\\/fr\\\/2014\\\/06\\\/retrospective-a-oxfam-trailwalk-2014-video\\\/#primaryimage\"},\"thumbnailUrl\":\"http:\\\/\\\/blog.proclima.com\\\/fr\\\/files\\\/2014\\\/06\\\/Foto-300x168.jpg\",\"datePublished\":\"2014-06-30T10:59:39+00:00\",\"breadcrumb\":{\"@id\":\"https:\\\/\\\/blog.proclima.com\\\/fr\\\/2014\\\/06\\\/retrospective-a-oxfam-trailwalk-2014-video\\\/#breadcrumb\"},\"inLanguage\":\"fr-FR\",\"potentialAction\":[{\"@type\":\"ReadAction\",\"target\":[\"https:\\\/\\\/blog.proclima.com\\\/fr\\\/2014\\\/06\\\/retrospective-a-oxfam-trailwalk-2014-video\\\/\"]}]},{\"@type\":\"ImageObject\",\"inLanguage\":\"fr-FR\",\"@id\":\"https:\\\/\\\/blog.proclima.com\\\/fr\\\/2014\\\/06\\\/retrospective-a-oxfam-trailwalk-2014-video\\\/#primaryimage\",\"url\":\"http:\\\/\\\/blog.proclima.com\\\/fr\\\/files\\\/2014\\\/06\\\/Foto-300x168.jpg\",\"contentUrl\":\"http:\\\/\\\/blog.proclima.com\\\/fr\\\/files\\\/2014\\\/06\\\/Foto-300x168.jpg\"},{\"@type\":\"BreadcrumbList\",\"@id\":\"https:\\\/\\\/blog.proclima.com\\\/fr\\\/2014\\\/06\\\/retrospective-a-oxfam-trailwalk-2014-video\\\/#breadcrumb\",\"itemListElement\":[{\"@type\":\"ListItem\",\"position\":1,\"name\":\"Accueil\",\"item\":\"https:\\\/\\\/blog.proclima.com\\\/fr\\\/\"},{\"@type\":\"ListItem\",\"position\":2,\"name\":\"R\u00e9trospective \u00e0 Oxfam trailwalk 2014: vid\u00e9o\"}]},{\"@type\":\"WebSite\",\"@id\":\"https:\\\/\\\/blog.proclima.com\\\/fr\\\/#website\",\"url\":\"https:\\\/\\\/blog.proclima.com\\\/fr\\\/\",\"name\":\"pro clima Blog - france\",\"description\":\"pro clima Blog\",\"publisher\":{\"@id\":\"https:\\\/\\\/blog.proclima.com\\\/fr\\\/#organization\"},\"potentialAction\":[{\"@type\":\"SearchAction\",\"target\":{\"@type\":\"EntryPoint\",\"urlTemplate\":\"https:\\\/\\\/blog.proclima.com\\\/fr\\\/?s={search_term_string}\"},\"query-input\":{\"@type\":\"PropertyValueSpecification\",\"valueRequired\":true,\"valueName\":\"search_term_string\"}}],\"inLanguage\":\"fr-FR\"},{\"@type\":\"Organization\",\"@id\":\"https:\\\/\\\/blog.proclima.com\\\/fr\\\/#organization\",\"name\":\"pro clima Blog - france\",\"url\":\"https:\\\/\\\/blog.proclima.com\\\/fr\\\/\",\"logo\":{\"@type\":\"ImageObject\",\"inLanguage\":\"fr-FR\",\"@id\":\"https:\\\/\\\/blog.proclima.com\\\/fr\\\/#\\\/schema\\\/logo\\\/image\\\/\",\"url\":\"https:\\\/\\\/blog.proclima.com\\\/fr\\\/files\\\/2025\\\/12\\\/logo_proclima_quadrat.png\",\"contentUrl\":\"https:\\\/\\\/blog.proclima.com\\\/fr\\\/files\\\/2025\\\/12\\\/logo_proclima_quadrat.png\",\"width\":1200,\"height\":1200,\"caption\":\"pro clima Blog - france\"},\"image\":{\"@id\":\"https:\\\/\\\/blog.proclima.com\\\/fr\\\/#\\\/schema\\\/logo\\\/image\\\/\"}},{\"@type\":\"Person\",\"@id\":\"\",\"url\":\"https:\\\/\\\/blog.proclima.com\\\/fr\\\/author\\\/\"}]}<\/script>\n<!-- \/ Yoast SEO plugin. -->","yoast_head_json":{"title":"R\u00e9trospective \u00e0 Oxfam trailwalk 2014: vid\u00e9o - pro clima Blog - france","robots":{"index":"index","follow":"follow","max-snippet":"max-snippet:-1","max-image-preview":"max-image-preview:large","max-video-preview":"max-video-preview:-1"},"canonical":"https:\/\/blog.proclima.com\/fr\/2014\/06\/retrospective-a-oxfam-trailwalk-2014-video\/","og_locale":"fr_FR","og_type":"article","og_title":"R\u00e9trospective \u00e0 Oxfam trailwalk 2014: vid\u00e9o - pro clima Blog - france","og_description":"Petite r\u00e9trospective \u00e0 Oxfam trailwalk 2014: L&rsquo;\u00e9quipe d&rsquo;Oxfam France remercie les participants en mettant \u00e0 disposition une vid\u00e9o des impressions et souvenirs de l&rsquo;\u00e9v\u00e8nement: http:\/\/vimeo.com\/98925797","og_url":"https:\/\/blog.proclima.com\/fr\/2014\/06\/retrospective-a-oxfam-trailwalk-2014-video\/","og_site_name":"pro clima Blog - france","article_published_time":"2014-06-30T10:59:39+00:00","og_image":[{"url":"http:\/\/blog.proclima.com\/fr\/files\/2014\/06\/Foto-300x168.jpg","type":"","width":"","height":""}],"twitter_card":"summary_large_image","twitter_misc":{"\u00c9crit par":""},"schema":{"@context":"https:\/\/schema.org","@graph":[{"@type":"Article","@id":"https:\/\/blog.proclima.com\/fr\/2014\/06\/retrospective-a-oxfam-trailwalk-2014-video\/#article","isPartOf":{"@id":"https:\/\/blog.proclima.com\/fr\/2014\/06\/retrospective-a-oxfam-trailwalk-2014-video\/"},"author":{"name":"","@id":""},"headline":"R\u00e9trospective \u00e0 Oxfam trailwalk 2014: vid\u00e9o","datePublished":"2014-06-30T10:59:39+00:00","mainEntityOfPage":{"@id":"https:\/\/blog.proclima.com\/fr\/2014\/06\/retrospective-a-oxfam-trailwalk-2014-video\/"},"wordCount":35,"commentCount":0,"publisher":{"@id":"https:\/\/blog.proclima.com\/fr\/#organization"},"image":{"@id":"https:\/\/blog.proclima.com\/fr\/2014\/06\/retrospective-a-oxfam-trailwalk-2014-video\/#primaryimage"},"thumbnailUrl":"http:\/\/blog.proclima.com\/fr\/files\/2014\/06\/Foto-300x168.jpg","keywords":["Oxfam","proclima","trailwalk"],"articleSection":["pro clima"],"inLanguage":"fr-FR","potentialAction":[{"@type":"CommentAction","name":"Comment","target":["https:\/\/blog.proclima.com\/fr\/2014\/06\/retrospective-a-oxfam-trailwalk-2014-video\/#respond"]}]},{"@type":"WebPage","@id":"https:\/\/blog.proclima.com\/fr\/2014\/06\/retrospective-a-oxfam-trailwalk-2014-video\/","url":"https:\/\/blog.proclima.com\/fr\/2014\/06\/retrospective-a-oxfam-trailwalk-2014-video\/","name":"R\u00e9trospective \u00e0 Oxfam trailwalk 2014: vid\u00e9o - pro clima Blog - france","isPartOf":{"@id":"https:\/\/blog.proclima.com\/fr\/#website"},"primaryImageOfPage":{"@id":"https:\/\/blog.proclima.com\/fr\/2014\/06\/retrospective-a-oxfam-trailwalk-2014-video\/#primaryimage"},"image":{"@id":"https:\/\/blog.proclima.com\/fr\/2014\/06\/retrospective-a-oxfam-trailwalk-2014-video\/#primaryimage"},"thumbnailUrl":"http:\/\/blog.proclima.com\/fr\/files\/2014\/06\/Foto-300x168.jpg","datePublished":"2014-06-30T10:59:39+00:00","breadcrumb":{"@id":"https:\/\/blog.proclima.com\/fr\/2014\/06\/retrospective-a-oxfam-trailwalk-2014-video\/#breadcrumb"},"inLanguage":"fr-FR","potentialAction":[{"@type":"ReadAction","target":["https:\/\/blog.proclima.com\/fr\/2014\/06\/retrospective-a-oxfam-trailwalk-2014-video\/"]}]},{"@type":"ImageObject","inLanguage":"fr-FR","@id":"https:\/\/blog.proclima.com\/fr\/2014\/06\/retrospective-a-oxfam-trailwalk-2014-video\/#primaryimage","url":"http:\/\/blog.proclima.com\/fr\/files\/2014\/06\/Foto-300x168.jpg","contentUrl":"http:\/\/blog.proclima.com\/fr\/files\/2014\/06\/Foto-300x168.jpg"},{"@type":"BreadcrumbList","@id":"https:\/\/blog.proclima.com\/fr\/2014\/06\/retrospective-a-oxfam-trailwalk-2014-video\/#breadcrumb","itemListElement":[{"@type":"ListItem","position":1,"name":"Accueil","item":"https:\/\/blog.proclima.com\/fr\/"},{"@type":"ListItem","position":2,"name":"R\u00e9trospective \u00e0 Oxfam trailwalk 2014: vid\u00e9o"}]},{"@type":"WebSite","@id":"https:\/\/blog.proclima.com\/fr\/#website","url":"https:\/\/blog.proclima.com\/fr\/","name":"pro clima Blog - france","description":"pro clima Blog","publisher":{"@id":"https:\/\/blog.proclima.com\/fr\/#organization"},"potentialAction":[{"@type":"SearchAction","target":{"@type":"EntryPoint","urlTemplate":"https:\/\/blog.proclima.com\/fr\/?s={search_term_string}"},"query-input":{"@type":"PropertyValueSpecification","valueRequired":true,"valueName":"search_term_string"}}],"inLanguage":"fr-FR"},{"@type":"Organization","@id":"https:\/\/blog.proclima.com\/fr\/#organization","name":"pro clima Blog - france","url":"https:\/\/blog.proclima.com\/fr\/","logo":{"@type":"ImageObject","inLanguage":"fr-FR","@id":"https:\/\/blog.proclima.com\/fr\/#\/schema\/logo\/image\/","url":"https:\/\/blog.proclima.com\/fr\/files\/2025\/12\/logo_proclima_quadrat.png","contentUrl":"https:\/\/blog.proclima.com\/fr\/files\/2025\/12\/logo_proclima_quadrat.png","width":1200,"height":1200,"caption":"pro clima Blog - france"},"image":{"@id":"https:\/\/blog.proclima.com\/fr\/#\/schema\/logo\/image\/"}},{"@type":"Person","@id":"","url":"https:\/\/blog.proclima.com\/fr\/author\/"}]}},"_links":{"self":[{"href":"https:\/\/blog.proclima.com\/fr\/wp-json\/wp\/v2\/posts\/289","targetHints":{"allow":["GET"]}}],"collection":[{"href":"https:\/\/blog.proclima.com\/fr\/wp-json\/wp\/v2\/posts"}],"about":[{"href":"https:\/\/blog.proclima.com\/fr\/wp-json\/wp\/v2\/types\/post"}],"author":[{"embeddable":true,"href":"https:\/\/blog.proclima.com\/fr\/wp-json\/wp\/v2\/users\/16"}],"replies":[{"embeddable":true,"href":"https:\/\/blog.proclima.com\/fr\/wp-json\/wp\/v2\/comments?post=289"}],"version-history":[{"count":2,"href":"https:\/\/blog.proclima.com\/fr\/wp-json\/wp\/v2\/posts\/289\/revisions"}],"predecessor-version":[{"id":292,"href":"https:\/\/blog.proclima.com\/fr\/wp-json\/wp\/v2\/posts\/289\/revisions\/292"}],"wp:attachment":[{"href":"https:\/\/blog.proclima.com\/fr\/wp-json\/wp\/v2\/media?parent=289"}],"wp:term":[{"taxonomy":"category","embeddable":true,"href":"https:\/\/blog.proclima.com\/fr\/wp-json\/wp\/v2\/categories?post=289"},{"taxonomy":"post_tag","embeddable":true,"href":"https:\/\/blog.proclima.com\/fr\/wp-json\/wp\/v2\/tags?post=289"}],"curies":[{"name":"wp","href":"https:\/\/api.w.org\/{rel}","templated":true}]}}