
{"id":25,"date":"2012-02-14T15:31:36","date_gmt":"2012-02-14T14:31:36","guid":{"rendered":"http:\/\/blog.proclima.com\/fr\/?p=25"},"modified":"2012-04-19T08:58:04","modified_gmt":"2012-04-19T06:58:04","slug":"les-systemes-d%e2%80%99etancheite-a-l%e2%80%99air-pro-clima-sous-l%e2%80%99avis-technique","status":"publish","type":"post","link":"https:\/\/blog.proclima.com\/fr\/2012\/02\/les-systemes-d%e2%80%99etancheite-a-l%e2%80%99air-pro-clima-sous-l%e2%80%99avis-technique\/","title":{"rendered":"Les syst\u00e8mes d\u2019\u00e9tanch\u00e9it\u00e9 \u00e0 l\u2019air pro clima sous l\u2019Avis Technique"},"content":{"rendered":"<p>Apr\u00e8s une p\u00e9riode de v\u00e9rification longue et intensive, la soci\u00e9t\u00e9 MOLL pro clima a enfin re\u00e7u une appr\u00e9ciation favorable du groupe sp\u00e9cialis\u00e9 n\u00b020 \u00ab\u00a0Produits et proc\u00e9d\u00e9s sp\u00e9ciaux d\u2019isolation\u00a0\u00bb de la commission charg\u00e9e de formuler des Avis Technique. <!--more--><\/p>\n<p>Depuis le 22 Ao\u00fbt les syst\u00e8mes d\u2019\u00e9tanch\u00e9it\u00e9 \u00e0 l\u2019air et frein-vapeur <a href=\"http:\/\/fr.proclima.com\/co\/FRN\/fr\/intello_sys.html\"><strong>pro clima INTELLO et INTELLO PLUS<\/strong><\/a> sont labellis\u00e9s <strong>DTA (Document Technique d\u2019Application)<\/strong> pour une application en combles et en murs. Les bandes d\u2019\u00e9tanch\u00e9it\u00e9 \u00e0 l\u2019air pro clima se caract\u00e9risent par leur hygrovariabilit\u00e9 avec le plus grand \u00e9talement mondial des valeurs de r\u00e9sistance \u00e0 la vapeur d\u2019eau (valeur sd).<\/p>\n<p>&nbsp;<\/p>\n<p><strong>L\u2019avantage exceptionnel<\/strong><\/p>\n<p>Ce fonctionnement exceptionnel des bandes pro clima qui est fonction du taux de l\u2019humidit\u00e9 relative garantit une r\u00e9sistance \u00e0 la vapeur d\u2019eau \u00e9lev\u00e9e pendant la p\u00e9riode de condensation ainsi qu\u2019une possibilit\u00e9 de res\u00e9chage pendant la p\u00e9riode d\u2019\u00e9vaporation. Avec l\u2019avantage d\u2019une diff\u00e9rence des valeurs sd d\u2019un facteur sup\u00e9rieur \u00e0 40, les bandes d\u2019\u00e9tanch\u00e9it\u00e9 \u00e0 l\u2019air et frein-vapeur hygrovariable pro clima INTELLO et INTELLO PLUS se pr\u00e9sentent en nouvelles championnes du monde.<\/p>\n<p><strong>Pour aller plus loin\u2026.<br \/>\n<\/strong><\/p>\n<p>Les nouveaux documents pour les syst\u00e8mes d\u2019\u00e9tanch\u00e9it\u00e9 \u00e0 l\u2019air et frein-vapeur pro clima INTELLO et INTELLO PLUS\u00a0: <strong>DTA n\u00b0 20\/11-223<\/strong> pour une application en murs et <strong>DTA n\u00b0 20\/11-224<\/strong> pour une application en combles ainsi que les fiches techniques des produits et des consignes pour une pose parfaite sont t\u00e9l\u00e9chargeables sur notre site <a href=\"http:\/\/fr.proclima.com\/co\/FRN\/fr\/Download_service_1214482771.html\">www.proclima.info\/download<\/a><\/p>\n<p><a href=\"http:\/\/fr.proclima.com\/co\/FRN\/fr\/intello_sys.html\">syst\u00e8me pro clima INTELLO \/ INTELLO PLUS<\/a><\/p>\n<p><a href=\"http:\/\/fr.proclima.com\/co\/FRN\/fr\/intello_prod_fr.html\">produit INTELLO<\/a><\/p>\n<p><a href=\"http:\/\/fr.proclima.com\/co\/FRN\/fr\/intello_plus_prod_fr.html\">produit INTELLO PLUS<\/a><\/p>\n<p>&nbsp;<\/p>\n<p>&nbsp;<\/p>\n","protected":false},"excerpt":{"rendered":"<p>Apr\u00e8s une p\u00e9riode de v\u00e9rification longue et intensive, la soci\u00e9t\u00e9 MOLL pro clima a enfin re\u00e7u une appr\u00e9ciation favorable du groupe sp\u00e9cialis\u00e9 n\u00b020 \u00ab\u00a0Produits et <a href=\"https:\/\/blog.proclima.com\/fr\/2012\/02\/les-systemes-d%e2%80%99etancheite-a-l%e2%80%99air-pro-clima-sous-l%e2%80%99avis-technique\/\" rel=\"bookmark\">&#8230;<\/a><\/p>\n","protected":false},"author":11,"featured_media":0,"comment_status":"open","ping_status":"open","sticky":false,"template":"","format":"standard","meta":{"footnotes":""},"categories":[1],"tags":[],"class_list":["post-25","post","type-post","status-publish","format-standard","hentry","category-general"],"yoast_head":"<!-- This site is optimized with the Yoast SEO plugin v27.5 - https:\/\/yoast.com\/product\/yoast-seo-wordpress\/ -->\n<title>Les syst\u00e8mes d\u2019\u00e9tanch\u00e9it\u00e9 \u00e0 l\u2019air pro clima sous l\u2019Avis Technique - pro clima Blog - france<\/title>\n<meta name=\"robots\" content=\"index, follow, max-snippet:-1, max-image-preview:large, max-video-preview:-1\" \/>\n<link rel=\"canonical\" href=\"https:\/\/blog.proclima.com\/fr\/2012\/02\/les-systemes-d\u2019etancheite-a-l\u2019air-pro-clima-sous-l\u2019avis-technique\/\" \/>\n<meta property=\"og:locale\" content=\"fr_FR\" \/>\n<meta property=\"og:type\" content=\"article\" \/>\n<meta property=\"og:title\" content=\"Les syst\u00e8mes d\u2019\u00e9tanch\u00e9it\u00e9 \u00e0 l\u2019air pro clima sous l\u2019Avis Technique - pro clima Blog - france\" \/>\n<meta property=\"og:description\" content=\"Apr\u00e8s une p\u00e9riode de v\u00e9rification longue et intensive, la soci\u00e9t\u00e9 MOLL pro clima a enfin re\u00e7u une appr\u00e9ciation favorable du groupe sp\u00e9cialis\u00e9 n\u00b020 \u00ab\u00a0Produits et ...\" \/>\n<meta property=\"og:url\" content=\"https:\/\/blog.proclima.com\/fr\/2012\/02\/les-systemes-d\u2019etancheite-a-l\u2019air-pro-clima-sous-l\u2019avis-technique\/\" \/>\n<meta property=\"og:site_name\" content=\"pro clima Blog - france\" \/>\n<meta property=\"article:published_time\" content=\"2012-02-14T14:31:36+00:00\" \/>\n<meta property=\"article:modified_time\" content=\"2012-04-19T06:58:04+00:00\" \/>\n<meta name=\"author\" content=\"Oliver Goldau\" \/>\n<meta name=\"twitter:card\" content=\"summary_large_image\" \/>\n<meta name=\"twitter:label1\" content=\"\u00c9crit par\" \/>\n\t<meta name=\"twitter:data1\" content=\"Oliver Goldau\" \/>\n\t<meta name=\"twitter:label2\" content=\"Dur\u00e9e de lecture estim\u00e9e\" \/>\n\t<meta name=\"twitter:data2\" content=\"1 minute\" \/>\n<script type=\"application\/ld+json\" class=\"yoast-schema-graph\">{\"@context\":\"https:\\\/\\\/schema.org\",\"@graph\":[{\"@type\":\"Article\",\"@id\":\"https:\\\/\\\/blog.proclima.com\\\/fr\\\/2012\\\/02\\\/les-systemes-d%e2%80%99etancheite-a-l%e2%80%99air-pro-clima-sous-l%e2%80%99avis-technique\\\/#article\",\"isPartOf\":{\"@id\":\"https:\\\/\\\/blog.proclima.com\\\/fr\\\/2012\\\/02\\\/les-systemes-d%e2%80%99etancheite-a-l%e2%80%99air-pro-clima-sous-l%e2%80%99avis-technique\\\/\"},\"author\":{\"name\":\"Oliver Goldau\",\"@id\":\"https:\\\/\\\/blog.proclima.com\\\/fr\\\/#\\\/schema\\\/person\\\/b1174a1bc9c13e58b56fe3109ae439ea\"},\"headline\":\"Les syst\u00e8mes d\u2019\u00e9tanch\u00e9it\u00e9 \u00e0 l\u2019air pro clima sous l\u2019Avis Technique\",\"datePublished\":\"2012-02-14T14:31:36+00:00\",\"dateModified\":\"2012-04-19T06:58:04+00:00\",\"mainEntityOfPage\":{\"@id\":\"https:\\\/\\\/blog.proclima.com\\\/fr\\\/2012\\\/02\\\/les-systemes-d%e2%80%99etancheite-a-l%e2%80%99air-pro-clima-sous-l%e2%80%99avis-technique\\\/\"},\"wordCount\":299,\"commentCount\":6,\"publisher\":{\"@id\":\"https:\\\/\\\/blog.proclima.com\\\/fr\\\/#organization\"},\"articleSection\":[\"pro clima\"],\"inLanguage\":\"fr-FR\",\"potentialAction\":[{\"@type\":\"CommentAction\",\"name\":\"Comment\",\"target\":[\"https:\\\/\\\/blog.proclima.com\\\/fr\\\/2012\\\/02\\\/les-systemes-d%e2%80%99etancheite-a-l%e2%80%99air-pro-clima-sous-l%e2%80%99avis-technique\\\/#respond\"]}]},{\"@type\":\"WebPage\",\"@id\":\"https:\\\/\\\/blog.proclima.com\\\/fr\\\/2012\\\/02\\\/les-systemes-d%e2%80%99etancheite-a-l%e2%80%99air-pro-clima-sous-l%e2%80%99avis-technique\\\/\",\"url\":\"https:\\\/\\\/blog.proclima.com\\\/fr\\\/2012\\\/02\\\/les-systemes-d%e2%80%99etancheite-a-l%e2%80%99air-pro-clima-sous-l%e2%80%99avis-technique\\\/\",\"name\":\"Les syst\u00e8mes d\u2019\u00e9tanch\u00e9it\u00e9 \u00e0 l\u2019air pro clima sous l\u2019Avis Technique - pro clima Blog - france\",\"isPartOf\":{\"@id\":\"https:\\\/\\\/blog.proclima.com\\\/fr\\\/#website\"},\"datePublished\":\"2012-02-14T14:31:36+00:00\",\"dateModified\":\"2012-04-19T06:58:04+00:00\",\"breadcrumb\":{\"@id\":\"https:\\\/\\\/blog.proclima.com\\\/fr\\\/2012\\\/02\\\/les-systemes-d%e2%80%99etancheite-a-l%e2%80%99air-pro-clima-sous-l%e2%80%99avis-technique\\\/#breadcrumb\"},\"inLanguage\":\"fr-FR\",\"potentialAction\":[{\"@type\":\"ReadAction\",\"target\":[\"https:\\\/\\\/blog.proclima.com\\\/fr\\\/2012\\\/02\\\/les-systemes-d%e2%80%99etancheite-a-l%e2%80%99air-pro-clima-sous-l%e2%80%99avis-technique\\\/\"]}]},{\"@type\":\"BreadcrumbList\",\"@id\":\"https:\\\/\\\/blog.proclima.com\\\/fr\\\/2012\\\/02\\\/les-systemes-d%e2%80%99etancheite-a-l%e2%80%99air-pro-clima-sous-l%e2%80%99avis-technique\\\/#breadcrumb\",\"itemListElement\":[{\"@type\":\"ListItem\",\"position\":1,\"name\":\"Accueil\",\"item\":\"https:\\\/\\\/blog.proclima.com\\\/fr\\\/\"},{\"@type\":\"ListItem\",\"position\":2,\"name\":\"Les syst\u00e8mes d\u2019\u00e9tanch\u00e9it\u00e9 \u00e0 l\u2019air pro clima sous l\u2019Avis Technique\"}]},{\"@type\":\"WebSite\",\"@id\":\"https:\\\/\\\/blog.proclima.com\\\/fr\\\/#website\",\"url\":\"https:\\\/\\\/blog.proclima.com\\\/fr\\\/\",\"name\":\"pro clima Blog - france\",\"description\":\"pro clima Blog\",\"publisher\":{\"@id\":\"https:\\\/\\\/blog.proclima.com\\\/fr\\\/#organization\"},\"potentialAction\":[{\"@type\":\"SearchAction\",\"target\":{\"@type\":\"EntryPoint\",\"urlTemplate\":\"https:\\\/\\\/blog.proclima.com\\\/fr\\\/?s={search_term_string}\"},\"query-input\":{\"@type\":\"PropertyValueSpecification\",\"valueRequired\":true,\"valueName\":\"search_term_string\"}}],\"inLanguage\":\"fr-FR\"},{\"@type\":\"Organization\",\"@id\":\"https:\\\/\\\/blog.proclima.com\\\/fr\\\/#organization\",\"name\":\"pro clima Blog - france\",\"url\":\"https:\\\/\\\/blog.proclima.com\\\/fr\\\/\",\"logo\":{\"@type\":\"ImageObject\",\"inLanguage\":\"fr-FR\",\"@id\":\"https:\\\/\\\/blog.proclima.com\\\/fr\\\/#\\\/schema\\\/logo\\\/image\\\/\",\"url\":\"https:\\\/\\\/blog.proclima.com\\\/fr\\\/files\\\/2025\\\/12\\\/logo_proclima_quadrat.png\",\"contentUrl\":\"https:\\\/\\\/blog.proclima.com\\\/fr\\\/files\\\/2025\\\/12\\\/logo_proclima_quadrat.png\",\"width\":1200,\"height\":1200,\"caption\":\"pro clima Blog - france\"},\"image\":{\"@id\":\"https:\\\/\\\/blog.proclima.com\\\/fr\\\/#\\\/schema\\\/logo\\\/image\\\/\"}},{\"@type\":\"Person\",\"@id\":\"https:\\\/\\\/blog.proclima.com\\\/fr\\\/#\\\/schema\\\/person\\\/b1174a1bc9c13e58b56fe3109ae439ea\",\"name\":\"Oliver Goldau\",\"image\":{\"@type\":\"ImageObject\",\"inLanguage\":\"fr-FR\",\"@id\":\"https:\\\/\\\/secure.gravatar.com\\\/avatar\\\/dd486a63c3b231991526bf80f6913ee23c8d58a4934a0a33eca3618e85c5ccb5?s=96&d=mm&r=g\",\"url\":\"https:\\\/\\\/secure.gravatar.com\\\/avatar\\\/dd486a63c3b231991526bf80f6913ee23c8d58a4934a0a33eca3618e85c5ccb5?s=96&d=mm&r=g\",\"contentUrl\":\"https:\\\/\\\/secure.gravatar.com\\\/avatar\\\/dd486a63c3b231991526bf80f6913ee23c8d58a4934a0a33eca3618e85c5ccb5?s=96&d=mm&r=g\",\"caption\":\"Oliver Goldau\"},\"url\":\"https:\\\/\\\/blog.proclima.com\\\/fr\\\/author\\\/goldau\\\/\"}]}<\/script>\n<!-- \/ Yoast SEO plugin. -->","yoast_head_json":{"title":"Les syst\u00e8mes d\u2019\u00e9tanch\u00e9it\u00e9 \u00e0 l\u2019air pro clima sous l\u2019Avis Technique - pro clima Blog - france","robots":{"index":"index","follow":"follow","max-snippet":"max-snippet:-1","max-image-preview":"max-image-preview:large","max-video-preview":"max-video-preview:-1"},"canonical":"https:\/\/blog.proclima.com\/fr\/2012\/02\/les-systemes-d\u2019etancheite-a-l\u2019air-pro-clima-sous-l\u2019avis-technique\/","og_locale":"fr_FR","og_type":"article","og_title":"Les syst\u00e8mes d\u2019\u00e9tanch\u00e9it\u00e9 \u00e0 l\u2019air pro clima sous l\u2019Avis Technique - pro clima Blog - france","og_description":"Apr\u00e8s une p\u00e9riode de v\u00e9rification longue et intensive, la soci\u00e9t\u00e9 MOLL pro clima a enfin re\u00e7u une appr\u00e9ciation favorable du groupe sp\u00e9cialis\u00e9 n\u00b020 \u00ab\u00a0Produits et ...","og_url":"https:\/\/blog.proclima.com\/fr\/2012\/02\/les-systemes-d\u2019etancheite-a-l\u2019air-pro-clima-sous-l\u2019avis-technique\/","og_site_name":"pro clima Blog - france","article_published_time":"2012-02-14T14:31:36+00:00","article_modified_time":"2012-04-19T06:58:04+00:00","author":"Oliver Goldau","twitter_card":"summary_large_image","twitter_misc":{"\u00c9crit par":"Oliver Goldau","Dur\u00e9e de lecture estim\u00e9e":"1 minute"},"schema":{"@context":"https:\/\/schema.org","@graph":[{"@type":"Article","@id":"https:\/\/blog.proclima.com\/fr\/2012\/02\/les-systemes-d%e2%80%99etancheite-a-l%e2%80%99air-pro-clima-sous-l%e2%80%99avis-technique\/#article","isPartOf":{"@id":"https:\/\/blog.proclima.com\/fr\/2012\/02\/les-systemes-d%e2%80%99etancheite-a-l%e2%80%99air-pro-clima-sous-l%e2%80%99avis-technique\/"},"author":{"name":"Oliver Goldau","@id":"https:\/\/blog.proclima.com\/fr\/#\/schema\/person\/b1174a1bc9c13e58b56fe3109ae439ea"},"headline":"Les syst\u00e8mes d\u2019\u00e9tanch\u00e9it\u00e9 \u00e0 l\u2019air pro clima sous l\u2019Avis Technique","datePublished":"2012-02-14T14:31:36+00:00","dateModified":"2012-04-19T06:58:04+00:00","mainEntityOfPage":{"@id":"https:\/\/blog.proclima.com\/fr\/2012\/02\/les-systemes-d%e2%80%99etancheite-a-l%e2%80%99air-pro-clima-sous-l%e2%80%99avis-technique\/"},"wordCount":299,"commentCount":6,"publisher":{"@id":"https:\/\/blog.proclima.com\/fr\/#organization"},"articleSection":["pro clima"],"inLanguage":"fr-FR","potentialAction":[{"@type":"CommentAction","name":"Comment","target":["https:\/\/blog.proclima.com\/fr\/2012\/02\/les-systemes-d%e2%80%99etancheite-a-l%e2%80%99air-pro-clima-sous-l%e2%80%99avis-technique\/#respond"]}]},{"@type":"WebPage","@id":"https:\/\/blog.proclima.com\/fr\/2012\/02\/les-systemes-d%e2%80%99etancheite-a-l%e2%80%99air-pro-clima-sous-l%e2%80%99avis-technique\/","url":"https:\/\/blog.proclima.com\/fr\/2012\/02\/les-systemes-d%e2%80%99etancheite-a-l%e2%80%99air-pro-clima-sous-l%e2%80%99avis-technique\/","name":"Les syst\u00e8mes d\u2019\u00e9tanch\u00e9it\u00e9 \u00e0 l\u2019air pro clima sous l\u2019Avis Technique - pro clima Blog - france","isPartOf":{"@id":"https:\/\/blog.proclima.com\/fr\/#website"},"datePublished":"2012-02-14T14:31:36+00:00","dateModified":"2012-04-19T06:58:04+00:00","breadcrumb":{"@id":"https:\/\/blog.proclima.com\/fr\/2012\/02\/les-systemes-d%e2%80%99etancheite-a-l%e2%80%99air-pro-clima-sous-l%e2%80%99avis-technique\/#breadcrumb"},"inLanguage":"fr-FR","potentialAction":[{"@type":"ReadAction","target":["https:\/\/blog.proclima.com\/fr\/2012\/02\/les-systemes-d%e2%80%99etancheite-a-l%e2%80%99air-pro-clima-sous-l%e2%80%99avis-technique\/"]}]},{"@type":"BreadcrumbList","@id":"https:\/\/blog.proclima.com\/fr\/2012\/02\/les-systemes-d%e2%80%99etancheite-a-l%e2%80%99air-pro-clima-sous-l%e2%80%99avis-technique\/#breadcrumb","itemListElement":[{"@type":"ListItem","position":1,"name":"Accueil","item":"https:\/\/blog.proclima.com\/fr\/"},{"@type":"ListItem","position":2,"name":"Les syst\u00e8mes d\u2019\u00e9tanch\u00e9it\u00e9 \u00e0 l\u2019air pro clima sous l\u2019Avis Technique"}]},{"@type":"WebSite","@id":"https:\/\/blog.proclima.com\/fr\/#website","url":"https:\/\/blog.proclima.com\/fr\/","name":"pro clima Blog - france","description":"pro clima Blog","publisher":{"@id":"https:\/\/blog.proclima.com\/fr\/#organization"},"potentialAction":[{"@type":"SearchAction","target":{"@type":"EntryPoint","urlTemplate":"https:\/\/blog.proclima.com\/fr\/?s={search_term_string}"},"query-input":{"@type":"PropertyValueSpecification","valueRequired":true,"valueName":"search_term_string"}}],"inLanguage":"fr-FR"},{"@type":"Organization","@id":"https:\/\/blog.proclima.com\/fr\/#organization","name":"pro clima Blog - france","url":"https:\/\/blog.proclima.com\/fr\/","logo":{"@type":"ImageObject","inLanguage":"fr-FR","@id":"https:\/\/blog.proclima.com\/fr\/#\/schema\/logo\/image\/","url":"https:\/\/blog.proclima.com\/fr\/files\/2025\/12\/logo_proclima_quadrat.png","contentUrl":"https:\/\/blog.proclima.com\/fr\/files\/2025\/12\/logo_proclima_quadrat.png","width":1200,"height":1200,"caption":"pro clima Blog - france"},"image":{"@id":"https:\/\/blog.proclima.com\/fr\/#\/schema\/logo\/image\/"}},{"@type":"Person","@id":"https:\/\/blog.proclima.com\/fr\/#\/schema\/person\/b1174a1bc9c13e58b56fe3109ae439ea","name":"Oliver Goldau","image":{"@type":"ImageObject","inLanguage":"fr-FR","@id":"https:\/\/secure.gravatar.com\/avatar\/dd486a63c3b231991526bf80f6913ee23c8d58a4934a0a33eca3618e85c5ccb5?s=96&d=mm&r=g","url":"https:\/\/secure.gravatar.com\/avatar\/dd486a63c3b231991526bf80f6913ee23c8d58a4934a0a33eca3618e85c5ccb5?s=96&d=mm&r=g","contentUrl":"https:\/\/secure.gravatar.com\/avatar\/dd486a63c3b231991526bf80f6913ee23c8d58a4934a0a33eca3618e85c5ccb5?s=96&d=mm&r=g","caption":"Oliver Goldau"},"url":"https:\/\/blog.proclima.com\/fr\/author\/goldau\/"}]}},"_links":{"self":[{"href":"https:\/\/blog.proclima.com\/fr\/wp-json\/wp\/v2\/posts\/25","targetHints":{"allow":["GET"]}}],"collection":[{"href":"https:\/\/blog.proclima.com\/fr\/wp-json\/wp\/v2\/posts"}],"about":[{"href":"https:\/\/blog.proclima.com\/fr\/wp-json\/wp\/v2\/types\/post"}],"author":[{"embeddable":true,"href":"https:\/\/blog.proclima.com\/fr\/wp-json\/wp\/v2\/users\/11"}],"replies":[{"embeddable":true,"href":"https:\/\/blog.proclima.com\/fr\/wp-json\/wp\/v2\/comments?post=25"}],"version-history":[{"count":9,"href":"https:\/\/blog.proclima.com\/fr\/wp-json\/wp\/v2\/posts\/25\/revisions"}],"predecessor-version":[{"id":61,"href":"https:\/\/blog.proclima.com\/fr\/wp-json\/wp\/v2\/posts\/25\/revisions\/61"}],"wp:attachment":[{"href":"https:\/\/blog.proclima.com\/fr\/wp-json\/wp\/v2\/media?parent=25"}],"wp:term":[{"taxonomy":"category","embeddable":true,"href":"https:\/\/blog.proclima.com\/fr\/wp-json\/wp\/v2\/categories?post=25"},{"taxonomy":"post_tag","embeddable":true,"href":"https:\/\/blog.proclima.com\/fr\/wp-json\/wp\/v2\/tags?post=25"}],"curies":[{"name":"wp","href":"https:\/\/api.w.org\/{rel}","templated":true}]}}