
{"id":214,"date":"2013-10-08T12:34:40","date_gmt":"2013-10-08T10:34:40","guid":{"rendered":"http:\/\/blog.proclima.com\/fr\/?p=214"},"modified":"2013-10-08T14:50:29","modified_gmt":"2013-10-08T12:50:29","slug":"materiel-pour-electriciens","status":"publish","type":"post","link":"https:\/\/blog.proclima.com\/fr\/2013\/10\/materiel-pour-electriciens\/","title":{"rendered":"Nouveaut\u00e9: bo\u00eete d\u2019assortiment de mat\u00e9riel pour \u00e9lectriciens destin\u00e9 \u00e0 l\u2019\u00e9tanch\u00e9it\u00e9 \u00e0 l\u2019air selon la RT 2012 et la SIA 180"},"content":{"rendered":"<figure id=\"attachment_215\" aria-describedby=\"caption-attachment-215\" style=\"width: 300px\" class=\"wp-caption alignleft\"><a href=\"http:\/\/blog.proclima.com\/fr\/files\/2013\/10\/FR_elektrobox_gross.jpg\"><img loading=\"lazy\" decoding=\"async\" data-size=\"6815x3032\" class=\"size-medium wp-image-215\" alt=\"FR_elektrobox_gross\" src=\"http:\/\/blog.proclima.com\/fr\/files\/2013\/10\/FR_elektrobox_gross-300x133.jpg\" width=\"300\" height=\"133\" srcset=\"https:\/\/blog.proclima.com\/fr\/files\/2013\/10\/FR_elektrobox_gross-300x133.jpg 300w, https:\/\/blog.proclima.com\/fr\/files\/2013\/10\/FR_elektrobox_gross-1024x455.jpg 1024w\" sizes=\"auto, (max-width: 300px) 100vw, 300px\" \/><\/a><figcaption id=\"caption-attachment-215\" class=\"wp-caption-text\">kits \u00e9lectro-\u00e9tanch\u00e9it\u00e9<\/figcaption><\/figure>\n<p>Schwetzingen \u2013 L\u2019\u00e9tanch\u00e9it\u00e9 \u00e0 l\u2019air de l\u2019enveloppe du b\u00e2timent est, pour les \u00e9lectriciens \u00e9galement,\u00a0 de plus en plus importante, surtout en raison de la RT 2012 et de la SIA 180. Pour que les c\u00e2bleurs puissent toujours avoir sur eux le mat\u00e9riel adapt\u00e9 \u00e0 l\u2019\u00e9tanch\u00e9it\u00e9 \u00e0 l\u2019air au niveau des conduits, c\u00e2bles et bo\u00eetes \u00e9lectriques, il existe maintenant une bo\u00eete d\u2019assortiment sp\u00e9cifique pro clima.<\/p>\n<p>Sp\u00e9cialis\u00e9e dans la conception et la fabrication de syst\u00e8mes pour l\u2019\u00e9tanch\u00e9it\u00e9 \u00e0 l\u2019air \u00e0 l\u2019int\u00e9rieur et l\u2019\u00e9tanch\u00e9it\u00e9 au vent \u00e0 l\u2019ext\u00e9rieur, la soci\u00e9t\u00e9 pro clima propose d\u00e9sormais son kit \u00e9lectro-\u00e9tanch\u00e9it\u00e9 qui contient du mat\u00e9riel d\u2019\u00e9tanch\u00e9it\u00e9 sp\u00e9cifique pour \u00e9lectriciens\u00a0: notamment des manchettes d\u2019\u00e9tanch\u00e9it\u00e9 pour un ou deux c\u00e2bles et faisceaux de c\u00e2bles, des bouchons d\u2019\u00e9tanch\u00e9it\u00e9 \u00e0 l\u2019air pour les c\u00e2bles dans les gaines ainsi qu\u2019un ruban adh\u00e9sif sp\u00e9cial pour l\u2019\u00e9tanch\u00e9it\u00e9 \u00e0 l\u2019air.<\/p>\n<p>R\u00e9uni en une bo\u00eete et toujours \u00e0 port\u00e9e de main, ce mat\u00e9riel garantit une r\u00e9alisation simple, rapide et fiable de l\u2019\u00e9tanch\u00e9it\u00e9 au niveau des c\u00e2bles et gaines, conform\u00e9ment \u00e0 la RT 2012 et \u00e0 la SIA 180.<\/p>\n<p>Dans le couvercle de la bo\u00eete, un aper\u00e7u du contenu permet \u00e0 l\u2019\u00e9lectricien de faire facilement ses commandes de r\u00e9approvisionnement pour le mat\u00e9riel utilis\u00e9. Les bo\u00eetes de mat\u00e9riel d\u2019\u00e9tanch\u00e9it\u00e9 \u00e0 l\u2019air pour \u00e9lectriciens existent en deux tailles et avec deux assortiments diff\u00e9rents.<\/p>\n<p>Pour en savoir plus: \u00a0 <a href=\"http:\/\/blog.proclima.com\/fr\/files\/2013\/10\/14870_fr_Neuheiten_Flyer_Elektrikerbox4_low7.pdf\">14870_fr_Neuheiten_Flyer_Elektrikerbox4_low7<\/a><\/p>\n<p><strong>Service de presse<\/strong><br \/>\nMme Nicola Gauch<br \/>\nT\u00e9l.: 0811 850 147<br \/>\n<a href=\"mailto:nicola.gauch@proclima.info\">nicola.gauch@proclima.info<\/a><\/p>\n<p>&nbsp;<\/p>\n","protected":false},"excerpt":{"rendered":"<p>Schwetzingen \u2013 L\u2019\u00e9tanch\u00e9it\u00e9 \u00e0 l\u2019air de l\u2019enveloppe du b\u00e2timent est, pour les \u00e9lectriciens \u00e9galement,\u00a0 de plus en plus importante, surtout en raison de la RT <a href=\"https:\/\/blog.proclima.com\/fr\/2013\/10\/materiel-pour-electriciens\/\" rel=\"bookmark\">&#8230;<\/a><\/p>\n","protected":false},"author":16,"featured_media":0,"comment_status":"open","ping_status":"open","sticky":false,"template":"","format":"standard","meta":{"footnotes":""},"categories":[1],"tags":[45],"class_list":["post-214","post","type-post","status-publish","format-standard","hentry","category-general","tag-electriciens"],"yoast_head":"<!-- This site is optimized with the Yoast SEO plugin v27.5 - https:\/\/yoast.com\/product\/yoast-seo-wordpress\/ -->\n<title>Nouveaut\u00e9: bo\u00eete d\u2019assortiment de mat\u00e9riel pour \u00e9lectriciens destin\u00e9 \u00e0 l\u2019\u00e9tanch\u00e9it\u00e9 \u00e0 l\u2019air selon la RT 2012 et la SIA 180 - pro clima Blog - france<\/title>\n<meta name=\"robots\" content=\"index, follow, max-snippet:-1, max-image-preview:large, max-video-preview:-1\" \/>\n<link rel=\"canonical\" href=\"https:\/\/blog.proclima.com\/fr\/2013\/10\/materiel-pour-electriciens\/\" \/>\n<meta property=\"og:locale\" content=\"fr_FR\" \/>\n<meta property=\"og:type\" content=\"article\" \/>\n<meta property=\"og:title\" content=\"Nouveaut\u00e9: bo\u00eete d\u2019assortiment de mat\u00e9riel pour \u00e9lectriciens destin\u00e9 \u00e0 l\u2019\u00e9tanch\u00e9it\u00e9 \u00e0 l\u2019air selon la RT 2012 et la SIA 180 - pro clima Blog - france\" \/>\n<meta property=\"og:description\" content=\"Schwetzingen \u2013 L\u2019\u00e9tanch\u00e9it\u00e9 \u00e0 l\u2019air de l\u2019enveloppe du b\u00e2timent est, pour les \u00e9lectriciens \u00e9galement,\u00a0 de plus en plus importante, surtout en raison de la RT ...\" \/>\n<meta property=\"og:url\" content=\"https:\/\/blog.proclima.com\/fr\/2013\/10\/materiel-pour-electriciens\/\" \/>\n<meta property=\"og:site_name\" content=\"pro clima Blog - france\" \/>\n<meta property=\"article:published_time\" content=\"2013-10-08T10:34:40+00:00\" \/>\n<meta property=\"article:modified_time\" content=\"2013-10-08T12:50:29+00:00\" \/>\n<meta property=\"og:image\" content=\"http:\/\/blog.proclima.com\/fr\/files\/2013\/10\/FR_elektrobox_gross-300x133.jpg\" \/>\n<meta name=\"twitter:card\" content=\"summary_large_image\" \/>\n<meta name=\"twitter:label1\" content=\"\u00c9crit par\" \/>\n\t<meta name=\"twitter:data1\" content=\"\" \/>\n\t<meta name=\"twitter:label2\" content=\"Dur\u00e9e de lecture estim\u00e9e\" \/>\n\t<meta name=\"twitter:data2\" content=\"1 minute\" \/>\n<script type=\"application\/ld+json\" class=\"yoast-schema-graph\">{\"@context\":\"https:\\\/\\\/schema.org\",\"@graph\":[{\"@type\":\"Article\",\"@id\":\"https:\\\/\\\/blog.proclima.com\\\/fr\\\/2013\\\/10\\\/materiel-pour-electriciens\\\/#article\",\"isPartOf\":{\"@id\":\"https:\\\/\\\/blog.proclima.com\\\/fr\\\/2013\\\/10\\\/materiel-pour-electriciens\\\/\"},\"author\":{\"name\":\"\",\"@id\":\"\"},\"headline\":\"Nouveaut\u00e9: bo\u00eete d\u2019assortiment de mat\u00e9riel pour \u00e9lectriciens destin\u00e9 \u00e0 l\u2019\u00e9tanch\u00e9it\u00e9 \u00e0 l\u2019air selon la RT 2012 et la SIA 180\",\"datePublished\":\"2013-10-08T10:34:40+00:00\",\"dateModified\":\"2013-10-08T12:50:29+00:00\",\"mainEntityOfPage\":{\"@id\":\"https:\\\/\\\/blog.proclima.com\\\/fr\\\/2013\\\/10\\\/materiel-pour-electriciens\\\/\"},\"wordCount\":320,\"commentCount\":0,\"publisher\":{\"@id\":\"https:\\\/\\\/blog.proclima.com\\\/fr\\\/#organization\"},\"image\":{\"@id\":\"https:\\\/\\\/blog.proclima.com\\\/fr\\\/2013\\\/10\\\/materiel-pour-electriciens\\\/#primaryimage\"},\"thumbnailUrl\":\"http:\\\/\\\/blog.proclima.com\\\/fr\\\/files\\\/2013\\\/10\\\/FR_elektrobox_gross-300x133.jpg\",\"keywords\":[\"\u00e9lectriciens\"],\"articleSection\":[\"pro clima\"],\"inLanguage\":\"fr-FR\",\"potentialAction\":[{\"@type\":\"CommentAction\",\"name\":\"Comment\",\"target\":[\"https:\\\/\\\/blog.proclima.com\\\/fr\\\/2013\\\/10\\\/materiel-pour-electriciens\\\/#respond\"]}]},{\"@type\":\"WebPage\",\"@id\":\"https:\\\/\\\/blog.proclima.com\\\/fr\\\/2013\\\/10\\\/materiel-pour-electriciens\\\/\",\"url\":\"https:\\\/\\\/blog.proclima.com\\\/fr\\\/2013\\\/10\\\/materiel-pour-electriciens\\\/\",\"name\":\"Nouveaut\u00e9: bo\u00eete d\u2019assortiment de mat\u00e9riel pour \u00e9lectriciens destin\u00e9 \u00e0 l\u2019\u00e9tanch\u00e9it\u00e9 \u00e0 l\u2019air selon la RT 2012 et la SIA 180 - pro clima Blog - france\",\"isPartOf\":{\"@id\":\"https:\\\/\\\/blog.proclima.com\\\/fr\\\/#website\"},\"primaryImageOfPage\":{\"@id\":\"https:\\\/\\\/blog.proclima.com\\\/fr\\\/2013\\\/10\\\/materiel-pour-electriciens\\\/#primaryimage\"},\"image\":{\"@id\":\"https:\\\/\\\/blog.proclima.com\\\/fr\\\/2013\\\/10\\\/materiel-pour-electriciens\\\/#primaryimage\"},\"thumbnailUrl\":\"http:\\\/\\\/blog.proclima.com\\\/fr\\\/files\\\/2013\\\/10\\\/FR_elektrobox_gross-300x133.jpg\",\"datePublished\":\"2013-10-08T10:34:40+00:00\",\"dateModified\":\"2013-10-08T12:50:29+00:00\",\"breadcrumb\":{\"@id\":\"https:\\\/\\\/blog.proclima.com\\\/fr\\\/2013\\\/10\\\/materiel-pour-electriciens\\\/#breadcrumb\"},\"inLanguage\":\"fr-FR\",\"potentialAction\":[{\"@type\":\"ReadAction\",\"target\":[\"https:\\\/\\\/blog.proclima.com\\\/fr\\\/2013\\\/10\\\/materiel-pour-electriciens\\\/\"]}]},{\"@type\":\"ImageObject\",\"inLanguage\":\"fr-FR\",\"@id\":\"https:\\\/\\\/blog.proclima.com\\\/fr\\\/2013\\\/10\\\/materiel-pour-electriciens\\\/#primaryimage\",\"url\":\"http:\\\/\\\/blog.proclima.com\\\/fr\\\/files\\\/2013\\\/10\\\/FR_elektrobox_gross-300x133.jpg\",\"contentUrl\":\"http:\\\/\\\/blog.proclima.com\\\/fr\\\/files\\\/2013\\\/10\\\/FR_elektrobox_gross-300x133.jpg\"},{\"@type\":\"BreadcrumbList\",\"@id\":\"https:\\\/\\\/blog.proclima.com\\\/fr\\\/2013\\\/10\\\/materiel-pour-electriciens\\\/#breadcrumb\",\"itemListElement\":[{\"@type\":\"ListItem\",\"position\":1,\"name\":\"Accueil\",\"item\":\"https:\\\/\\\/blog.proclima.com\\\/fr\\\/\"},{\"@type\":\"ListItem\",\"position\":2,\"name\":\"Nouveaut\u00e9: bo\u00eete d\u2019assortiment de mat\u00e9riel pour \u00e9lectriciens destin\u00e9 \u00e0 l\u2019\u00e9tanch\u00e9it\u00e9 \u00e0 l\u2019air selon la RT 2012 et la SIA 180\"}]},{\"@type\":\"WebSite\",\"@id\":\"https:\\\/\\\/blog.proclima.com\\\/fr\\\/#website\",\"url\":\"https:\\\/\\\/blog.proclima.com\\\/fr\\\/\",\"name\":\"pro clima Blog - france\",\"description\":\"pro clima Blog\",\"publisher\":{\"@id\":\"https:\\\/\\\/blog.proclima.com\\\/fr\\\/#organization\"},\"potentialAction\":[{\"@type\":\"SearchAction\",\"target\":{\"@type\":\"EntryPoint\",\"urlTemplate\":\"https:\\\/\\\/blog.proclima.com\\\/fr\\\/?s={search_term_string}\"},\"query-input\":{\"@type\":\"PropertyValueSpecification\",\"valueRequired\":true,\"valueName\":\"search_term_string\"}}],\"inLanguage\":\"fr-FR\"},{\"@type\":\"Organization\",\"@id\":\"https:\\\/\\\/blog.proclima.com\\\/fr\\\/#organization\",\"name\":\"pro clima Blog - france\",\"url\":\"https:\\\/\\\/blog.proclima.com\\\/fr\\\/\",\"logo\":{\"@type\":\"ImageObject\",\"inLanguage\":\"fr-FR\",\"@id\":\"https:\\\/\\\/blog.proclima.com\\\/fr\\\/#\\\/schema\\\/logo\\\/image\\\/\",\"url\":\"https:\\\/\\\/blog.proclima.com\\\/fr\\\/files\\\/2025\\\/12\\\/logo_proclima_quadrat.png\",\"contentUrl\":\"https:\\\/\\\/blog.proclima.com\\\/fr\\\/files\\\/2025\\\/12\\\/logo_proclima_quadrat.png\",\"width\":1200,\"height\":1200,\"caption\":\"pro clima Blog - france\"},\"image\":{\"@id\":\"https:\\\/\\\/blog.proclima.com\\\/fr\\\/#\\\/schema\\\/logo\\\/image\\\/\"}},{\"@type\":\"Person\",\"@id\":\"\",\"url\":\"https:\\\/\\\/blog.proclima.com\\\/fr\\\/author\\\/\"}]}<\/script>\n<!-- \/ Yoast SEO plugin. -->","yoast_head_json":{"title":"Nouveaut\u00e9: bo\u00eete d\u2019assortiment de mat\u00e9riel pour \u00e9lectriciens destin\u00e9 \u00e0 l\u2019\u00e9tanch\u00e9it\u00e9 \u00e0 l\u2019air selon la RT 2012 et la SIA 180 - pro clima Blog - france","robots":{"index":"index","follow":"follow","max-snippet":"max-snippet:-1","max-image-preview":"max-image-preview:large","max-video-preview":"max-video-preview:-1"},"canonical":"https:\/\/blog.proclima.com\/fr\/2013\/10\/materiel-pour-electriciens\/","og_locale":"fr_FR","og_type":"article","og_title":"Nouveaut\u00e9: bo\u00eete d\u2019assortiment de mat\u00e9riel pour \u00e9lectriciens destin\u00e9 \u00e0 l\u2019\u00e9tanch\u00e9it\u00e9 \u00e0 l\u2019air selon la RT 2012 et la SIA 180 - pro clima Blog - france","og_description":"Schwetzingen \u2013 L\u2019\u00e9tanch\u00e9it\u00e9 \u00e0 l\u2019air de l\u2019enveloppe du b\u00e2timent est, pour les \u00e9lectriciens \u00e9galement,\u00a0 de plus en plus importante, surtout en raison de la RT ...","og_url":"https:\/\/blog.proclima.com\/fr\/2013\/10\/materiel-pour-electriciens\/","og_site_name":"pro clima Blog - france","article_published_time":"2013-10-08T10:34:40+00:00","article_modified_time":"2013-10-08T12:50:29+00:00","og_image":[{"url":"http:\/\/blog.proclima.com\/fr\/files\/2013\/10\/FR_elektrobox_gross-300x133.jpg","type":"","width":"","height":""}],"twitter_card":"summary_large_image","twitter_misc":{"\u00c9crit par":"","Dur\u00e9e de lecture estim\u00e9e":"1 minute"},"schema":{"@context":"https:\/\/schema.org","@graph":[{"@type":"Article","@id":"https:\/\/blog.proclima.com\/fr\/2013\/10\/materiel-pour-electriciens\/#article","isPartOf":{"@id":"https:\/\/blog.proclima.com\/fr\/2013\/10\/materiel-pour-electriciens\/"},"author":{"name":"","@id":""},"headline":"Nouveaut\u00e9: bo\u00eete d\u2019assortiment de mat\u00e9riel pour \u00e9lectriciens destin\u00e9 \u00e0 l\u2019\u00e9tanch\u00e9it\u00e9 \u00e0 l\u2019air selon la RT 2012 et la SIA 180","datePublished":"2013-10-08T10:34:40+00:00","dateModified":"2013-10-08T12:50:29+00:00","mainEntityOfPage":{"@id":"https:\/\/blog.proclima.com\/fr\/2013\/10\/materiel-pour-electriciens\/"},"wordCount":320,"commentCount":0,"publisher":{"@id":"https:\/\/blog.proclima.com\/fr\/#organization"},"image":{"@id":"https:\/\/blog.proclima.com\/fr\/2013\/10\/materiel-pour-electriciens\/#primaryimage"},"thumbnailUrl":"http:\/\/blog.proclima.com\/fr\/files\/2013\/10\/FR_elektrobox_gross-300x133.jpg","keywords":["\u00e9lectriciens"],"articleSection":["pro clima"],"inLanguage":"fr-FR","potentialAction":[{"@type":"CommentAction","name":"Comment","target":["https:\/\/blog.proclima.com\/fr\/2013\/10\/materiel-pour-electriciens\/#respond"]}]},{"@type":"WebPage","@id":"https:\/\/blog.proclima.com\/fr\/2013\/10\/materiel-pour-electriciens\/","url":"https:\/\/blog.proclima.com\/fr\/2013\/10\/materiel-pour-electriciens\/","name":"Nouveaut\u00e9: bo\u00eete d\u2019assortiment de mat\u00e9riel pour \u00e9lectriciens destin\u00e9 \u00e0 l\u2019\u00e9tanch\u00e9it\u00e9 \u00e0 l\u2019air selon la RT 2012 et la SIA 180 - pro clima Blog - france","isPartOf":{"@id":"https:\/\/blog.proclima.com\/fr\/#website"},"primaryImageOfPage":{"@id":"https:\/\/blog.proclima.com\/fr\/2013\/10\/materiel-pour-electriciens\/#primaryimage"},"image":{"@id":"https:\/\/blog.proclima.com\/fr\/2013\/10\/materiel-pour-electriciens\/#primaryimage"},"thumbnailUrl":"http:\/\/blog.proclima.com\/fr\/files\/2013\/10\/FR_elektrobox_gross-300x133.jpg","datePublished":"2013-10-08T10:34:40+00:00","dateModified":"2013-10-08T12:50:29+00:00","breadcrumb":{"@id":"https:\/\/blog.proclima.com\/fr\/2013\/10\/materiel-pour-electriciens\/#breadcrumb"},"inLanguage":"fr-FR","potentialAction":[{"@type":"ReadAction","target":["https:\/\/blog.proclima.com\/fr\/2013\/10\/materiel-pour-electriciens\/"]}]},{"@type":"ImageObject","inLanguage":"fr-FR","@id":"https:\/\/blog.proclima.com\/fr\/2013\/10\/materiel-pour-electriciens\/#primaryimage","url":"http:\/\/blog.proclima.com\/fr\/files\/2013\/10\/FR_elektrobox_gross-300x133.jpg","contentUrl":"http:\/\/blog.proclima.com\/fr\/files\/2013\/10\/FR_elektrobox_gross-300x133.jpg"},{"@type":"BreadcrumbList","@id":"https:\/\/blog.proclima.com\/fr\/2013\/10\/materiel-pour-electriciens\/#breadcrumb","itemListElement":[{"@type":"ListItem","position":1,"name":"Accueil","item":"https:\/\/blog.proclima.com\/fr\/"},{"@type":"ListItem","position":2,"name":"Nouveaut\u00e9: bo\u00eete d\u2019assortiment de mat\u00e9riel pour \u00e9lectriciens destin\u00e9 \u00e0 l\u2019\u00e9tanch\u00e9it\u00e9 \u00e0 l\u2019air selon la RT 2012 et la SIA 180"}]},{"@type":"WebSite","@id":"https:\/\/blog.proclima.com\/fr\/#website","url":"https:\/\/blog.proclima.com\/fr\/","name":"pro clima Blog - france","description":"pro clima Blog","publisher":{"@id":"https:\/\/blog.proclima.com\/fr\/#organization"},"potentialAction":[{"@type":"SearchAction","target":{"@type":"EntryPoint","urlTemplate":"https:\/\/blog.proclima.com\/fr\/?s={search_term_string}"},"query-input":{"@type":"PropertyValueSpecification","valueRequired":true,"valueName":"search_term_string"}}],"inLanguage":"fr-FR"},{"@type":"Organization","@id":"https:\/\/blog.proclima.com\/fr\/#organization","name":"pro clima Blog - france","url":"https:\/\/blog.proclima.com\/fr\/","logo":{"@type":"ImageObject","inLanguage":"fr-FR","@id":"https:\/\/blog.proclima.com\/fr\/#\/schema\/logo\/image\/","url":"https:\/\/blog.proclima.com\/fr\/files\/2025\/12\/logo_proclima_quadrat.png","contentUrl":"https:\/\/blog.proclima.com\/fr\/files\/2025\/12\/logo_proclima_quadrat.png","width":1200,"height":1200,"caption":"pro clima Blog - france"},"image":{"@id":"https:\/\/blog.proclima.com\/fr\/#\/schema\/logo\/image\/"}},{"@type":"Person","@id":"","url":"https:\/\/blog.proclima.com\/fr\/author\/"}]}},"_links":{"self":[{"href":"https:\/\/blog.proclima.com\/fr\/wp-json\/wp\/v2\/posts\/214","targetHints":{"allow":["GET"]}}],"collection":[{"href":"https:\/\/blog.proclima.com\/fr\/wp-json\/wp\/v2\/posts"}],"about":[{"href":"https:\/\/blog.proclima.com\/fr\/wp-json\/wp\/v2\/types\/post"}],"author":[{"embeddable":true,"href":"https:\/\/blog.proclima.com\/fr\/wp-json\/wp\/v2\/users\/16"}],"replies":[{"embeddable":true,"href":"https:\/\/blog.proclima.com\/fr\/wp-json\/wp\/v2\/comments?post=214"}],"version-history":[{"count":3,"href":"https:\/\/blog.proclima.com\/fr\/wp-json\/wp\/v2\/posts\/214\/revisions"}],"predecessor-version":[{"id":219,"href":"https:\/\/blog.proclima.com\/fr\/wp-json\/wp\/v2\/posts\/214\/revisions\/219"}],"wp:attachment":[{"href":"https:\/\/blog.proclima.com\/fr\/wp-json\/wp\/v2\/media?parent=214"}],"wp:term":[{"taxonomy":"category","embeddable":true,"href":"https:\/\/blog.proclima.com\/fr\/wp-json\/wp\/v2\/categories?post=214"},{"taxonomy":"post_tag","embeddable":true,"href":"https:\/\/blog.proclima.com\/fr\/wp-json\/wp\/v2\/tags?post=214"}],"curies":[{"name":"wp","href":"https:\/\/api.w.org\/{rel}","templated":true}]}}