
{"id":181,"date":"2013-07-12T16:10:13","date_gmt":"2013-07-12T14:10:13","guid":{"rendered":"http:\/\/blog.proclima.com\/fr\/?p=181"},"modified":"2013-07-15T08:37:04","modified_gmt":"2013-07-15T06:37:04","slug":"dasaplano-001","status":"publish","type":"post","link":"https:\/\/blog.proclima.com\/fr\/2013\/07\/dasaplano-001\/","title":{"rendered":"Une nouvelle membrane pour une r\u00e9novation rapide et fiable du toit par l\u2019ext\u00e9rieur\u00a0: pro clima DASAPLANO 0,01 connect"},"content":{"rendered":"<figure id=\"attachment_183\" aria-describedby=\"caption-attachment-183\" style=\"width: 300px\" class=\"wp-caption alignleft\"><a href=\"http:\/\/blog.proclima.com\/fr\/files\/2013\/07\/001.jpg\"><img loading=\"lazy\" decoding=\"async\" data-size=\"1000x738\" class=\"size-medium wp-image-183\" alt=\"Une nouvelle membrane pour une r\u00e9novation rapide et fiable du toit par l\u2019ext\u00e9rieur\u00a0: pro clima DASAPLANO 0,01 connect\" src=\"http:\/\/blog.proclima.com\/fr\/files\/2013\/07\/001-300x221.jpg\" width=\"300\" height=\"221\" srcset=\"https:\/\/blog.proclima.com\/fr\/files\/2013\/07\/001-300x221.jpg 300w, https:\/\/blog.proclima.com\/fr\/files\/2013\/07\/001.jpg 1000w\" sizes=\"auto, (max-width: 300px) 100vw, 300px\" \/><\/a><figcaption id=\"caption-attachment-183\" class=\"wp-caption-text\">Une nouvelle membrane pour une r\u00e9novation rapide et fiable du toit par l\u2019ext\u00e9rieur\u00a0: pro clima DASAPLANO 0,01 connect<\/figcaption><\/figure>\n<p>Combinant de fa\u00e7on optimale la facilit\u00e9 de pose et un haut niveau de s\u00e9curit\u00e9 lors de la r\u00e9novation d\u2019un toit par l\u2019ext\u00e9rieur, la nouvelle membrane de r\u00e9novation <a href=\"http:\/\/fr.proclima.com\/co\/FRN\/fr\/dasaplano_001_prod_fr.html\" target=\"_blank\">DASAPLANO 0,01<\/a> connect garantit l\u2019\u00e9tanch\u00e9it\u00e9 ult\u00e9rieure de l\u2019enveloppe du b\u00e2timent sous une nouvelle surisolation constitu\u00e9e de panneaux isolants rigides en fibres de bois. Sa membrane est con\u00e7ue de mani\u00e8re \u00e0 prot\u00e9ger fortement la structure d\u2019isolation thermique contre l\u2019humidit\u00e9, ind\u00e9pendamment du rev\u00eatement int\u00e9rieur et de l\u2019\u00e9paisseur de l\u2019isolant. <!--more--><br \/>\n<a href=\"http:\/\/blog.proclima.com\/fr\/files\/2013\/07\/0001_b.jpg\"><img loading=\"lazy\" decoding=\"async\" data-size=\"1200x800\" class=\"alignright size-medium wp-image-182\" alt=\"0001_b\" src=\"http:\/\/blog.proclima.com\/fr\/files\/2013\/07\/0001_b-300x200.jpg\" width=\"300\" height=\"200\" srcset=\"https:\/\/blog.proclima.com\/fr\/files\/2013\/07\/0001_b-300x200.jpg 300w, https:\/\/blog.proclima.com\/fr\/files\/2013\/07\/0001_b-1024x682.jpg 1024w, https:\/\/blog.proclima.com\/fr\/files\/2013\/07\/0001_b.jpg 1200w\" sizes=\"auto, (max-width: 300px) 100vw, 300px\" \/><\/a>\u00ab\u00a0Nous sommes de plus en plus sollicit\u00e9s pour des solutions simples destin\u00e9es \u00e0 l\u2019am\u00e9lioration \u00e9nerg\u00e9tique des toits. La s\u00e9curit\u00e9 constructive y joue toujours un r\u00f4le d\u00e9terminant parce qu\u2019en g\u00e9n\u00e9ral, l\u2019\u00e9tanch\u00e9it\u00e9 \u00e0 l\u2019air de l\u2019enveloppe du b\u00e2timent existant est vraiment d\u00e9ficiente. Dans ce cas, <a href=\"http:\/\/fr.proclima.com\/co\/FRN\/fr\/dasaplano_001_prod_fr.html\" target=\"_blank\">DASAPLANO 0,01<\/a> offre aux artisans une solution facile \u00e0 mettre en \u0153uvre, puisqu\u2019ils peuvent renforcer l\u2019\u00e9tanch\u00e9it\u00e9 \u00e0 l\u2019air par-dessus les chevrons existants, au lieu de devoir la poser du c\u00f4t\u00e9 int\u00e9rieur d\u2019un \u00e9l\u00e9ment de construction\u00a0\u00bb, explique Michael F\u00f6rster, responsable des techniques d\u2019application chez pro clima. Ainsi, lors de la r\u00e9novation, il n\u2019est pas n\u00e9cessaire de remplacer l\u2019isolant thermique fibreux existant, mais seulement de remplir les compartiments \u00e0 ras bord.<\/p>\n<p><a href=\"http:\/\/fr.proclima.com\/co\/FRN\/fr\/dasaplano_001_prod_fr.html\" target=\"_blank\">DASAPLANO 0,01 connect<\/a> a ceci de particulier que la construction n\u2019a pas besoin d\u2019\u00eatre \u00e9tanche \u00e0 l\u2019air du c\u00f4t\u00e9 int\u00e9rieur. \u00ab\u00a0L\u2019\u00e9tanch\u00e9it\u00e9 \u00e0 l\u2019air du toit est garantie apr\u00e8s avoir r\u00e9alis\u00e9, dans les r\u00e8gles de l\u2019art, la pose, le collage et les raccords \u00e0 tous les \u00e9l\u00e9ments de construction adjacents\u00a0\u00bb, souligne Michael F\u00f6rster, ing\u00e9nieur du b\u00e2timent.<\/p>\n<p>La membrane<a href=\"http:\/\/fr.proclima.com\/co\/FRN\/fr\/dasaplano_001_prod_fr.html\" target=\"_blank\"> DASAPLANO 0,01 connect<\/a> b\u00e9n\u00e9ficie de la technologie pro clima connect. Gr\u00e2ce aux deux zones autocollantes int\u00e9gr\u00e9es, l\u2019artisan peut coller les membranes entre elles, au niveau des chevauchements longitudinaux, en quelques gestes simples et sans rubans adh\u00e9sifs suppl\u00e9mentaires. En termes de physique du b\u00e2timent, DASAPLANO 0,01 constitue donc une solution fiable et facile \u00e0 mettre en \u0153uvre pour la r\u00e9novation d\u2019un toit par l\u2019ext\u00e9rieur.<\/p>\n<p><strong>En r\u00e9sum\u00e9<\/strong><br \/>\n<a href=\"http:\/\/fr.proclima.com\/co\/FRN\/fr\/dasaplano_001_prod_fr.html\" target=\"_blank\">DASAPLANO 0,01 connect <\/a>\u2013 membrane d\u2019\u00e9tanch\u00e9it\u00e9 \u00e0 l\u2019air pour la r\u00e9novation du toit par l\u2019ext\u00e9rieur, entre deux couches d\u2019isolant. Pose par-dessus les chevrons, sous des panneaux de sous-couverture en fibres de bois douces.<br \/>\nMise en \u0153uvre\u00a0: rapide et fiable, notamment gr\u00e2ce aux zones autocollantes connect int\u00e9gr\u00e9es.<br \/>\nParticularit\u00e9\u00a0: <a href=\"http:\/\/fr.proclima.com\/co\/FRN\/fr\/dasaplano_001_prod_fr.html\" target=\"_blank\">DASAPLANO 0,01<\/a> r\u00e9alise l\u2019\u00e9tanch\u00e9it\u00e9 \u00e0 l\u2019air par l\u2019ext\u00e9rieur. Gr\u00e2ce \u00e0 sa membrane hygro-active, le s\u00e9chage vers l\u2019ext\u00e9rieur est optimal.<\/p>\n<p><strong>Toutes les nouveaut\u00e9s de pro clima<\/strong>:<\/p>\n<p>DASAPLANO 0,5 CONNECT\u00a0\u00a0\u00a0\u00a0 <a href=\"http:\/\/blog.proclima.com\/fr\/2013\/07\/dasaplano-050-connect\/\">http:\/\/blog.proclima.com\/fr\/2013\/07\/dasaplano-050-connect\/<\/a><\/p>\n<p>ORCON LINE\u00a0\u00a0\u00a0\u00a0 <a href=\"http:\/\/blog.proclima.com\/fr\/2013\/02\/adherence-extreme-flexibilite-et-elasticite-pro-clima-orcon-line-la-nouvelle-colle-de-raccord-etanche-a-lair-proposee-en-rouleau\/\">http:\/\/blog.proclima.com\/fr\/2013\/02\/adherence-extreme-flexibilite-et-elasticite-pro-clima-orcon-line-la-nouvelle-colle-de-raccord-etanche-a-lair-proposee-en-rouleau\/<\/a><\/p>\n<p>CLOX\u00a0\u00a0\u00a0\u00a0 <a href=\"http:\/\/blog.proclima.com\/fr\/2013\/04\/pro-clima-clox\/\">http:\/\/blog.proclima.com\/fr\/2013\/04\/pro-clima-clox\/<\/a><\/p>\n<p>SAVOIR 2013\/14 Le nouveau catalogue\u00a0 de 432 pages pour tout savoir sur la physique du b\u00e2timent, les syst\u00e8mes, les produits, le traitement des points singuliers, les services, etc.<\/p>\n<p><a href=\"http:\/\/blog.proclima.com\/fr\/2013\/01\/savoir-2013-2014-2\/\">http:\/\/blog.proclima.com\/fr\/2013\/01\/savoir-2013-2014-2\/<\/a><\/p>\n<p>&nbsp;<\/p>\n<p><strong>Service de presse<\/strong><br \/>\nMme Nicola Gauch<br \/>\nt\u00e9l.: 0811 850 147<br \/>\n<a href=\"mailto:nicola.gauch@proclima.info\">nicola.gauch@proclima.info <\/a><\/p>\n","protected":false},"excerpt":{"rendered":"<p>Combinant de fa\u00e7on optimale la facilit\u00e9 de pose et un haut niveau de s\u00e9curit\u00e9 lors de la r\u00e9novation d\u2019un toit par l\u2019ext\u00e9rieur, la nouvelle membrane <a href=\"https:\/\/blog.proclima.com\/fr\/2013\/07\/dasaplano-001\/\" rel=\"bookmark\">&#8230;<\/a><\/p>\n","protected":false},"author":18,"featured_media":0,"comment_status":"open","ping_status":"open","sticky":false,"template":"","format":"standard","meta":{"footnotes":""},"categories":[1],"tags":[39,35,34,37],"class_list":["post-181","post","type-post","status-publish","format-standard","hentry","category-general","tag-01-connect","tag-dasaplano-0","tag-nicola-gauch","tag-service-de-presse"],"yoast_head":"<!-- This site is optimized with the Yoast SEO plugin v27.5 - https:\/\/yoast.com\/product\/yoast-seo-wordpress\/ -->\n<title>Une nouvelle membrane pour une r\u00e9novation rapide et fiable du toit par l\u2019ext\u00e9rieur\u00a0: pro clima DASAPLANO 0,01 connect - pro clima Blog - france<\/title>\n<meta name=\"robots\" content=\"index, follow, max-snippet:-1, max-image-preview:large, max-video-preview:-1\" \/>\n<link rel=\"canonical\" href=\"https:\/\/blog.proclima.com\/fr\/2013\/07\/dasaplano-001\/\" \/>\n<meta property=\"og:locale\" content=\"fr_FR\" \/>\n<meta property=\"og:type\" content=\"article\" \/>\n<meta property=\"og:title\" content=\"Une nouvelle membrane pour une r\u00e9novation rapide et fiable du toit par l\u2019ext\u00e9rieur\u00a0: pro clima DASAPLANO 0,01 connect - pro clima Blog - france\" \/>\n<meta property=\"og:description\" content=\"Combinant de fa\u00e7on optimale la facilit\u00e9 de pose et un haut niveau de s\u00e9curit\u00e9 lors de la r\u00e9novation d\u2019un toit par l\u2019ext\u00e9rieur, la nouvelle membrane ...\" \/>\n<meta property=\"og:url\" content=\"https:\/\/blog.proclima.com\/fr\/2013\/07\/dasaplano-001\/\" \/>\n<meta property=\"og:site_name\" content=\"pro clima Blog - france\" \/>\n<meta property=\"article:published_time\" content=\"2013-07-12T14:10:13+00:00\" \/>\n<meta property=\"article:modified_time\" content=\"2013-07-15T06:37:04+00:00\" \/>\n<meta property=\"og:image\" content=\"http:\/\/blog.proclima.com\/fr\/files\/2013\/07\/001-300x221.jpg\" \/>\n<meta name=\"author\" content=\"Heide Merkel\" \/>\n<meta name=\"twitter:card\" content=\"summary_large_image\" \/>\n<meta name=\"twitter:label1\" content=\"\u00c9crit par\" \/>\n\t<meta name=\"twitter:data1\" content=\"Heide Merkel\" \/>\n\t<meta name=\"twitter:label2\" content=\"Dur\u00e9e de lecture estim\u00e9e\" \/>\n\t<meta name=\"twitter:data2\" content=\"3 minutes\" \/>\n<script type=\"application\/ld+json\" class=\"yoast-schema-graph\">{\"@context\":\"https:\\\/\\\/schema.org\",\"@graph\":[{\"@type\":\"Article\",\"@id\":\"https:\\\/\\\/blog.proclima.com\\\/fr\\\/2013\\\/07\\\/dasaplano-001\\\/#article\",\"isPartOf\":{\"@id\":\"https:\\\/\\\/blog.proclima.com\\\/fr\\\/2013\\\/07\\\/dasaplano-001\\\/\"},\"author\":{\"name\":\"Heide Merkel\",\"@id\":\"https:\\\/\\\/blog.proclima.com\\\/fr\\\/#\\\/schema\\\/person\\\/b3490e20200d5d45b8d56f555ceffc21\"},\"headline\":\"Une nouvelle membrane pour une r\u00e9novation rapide et fiable du toit par l\u2019ext\u00e9rieur\u00a0: pro clima DASAPLANO 0,01 connect\",\"datePublished\":\"2013-07-12T14:10:13+00:00\",\"dateModified\":\"2013-07-15T06:37:04+00:00\",\"mainEntityOfPage\":{\"@id\":\"https:\\\/\\\/blog.proclima.com\\\/fr\\\/2013\\\/07\\\/dasaplano-001\\\/\"},\"wordCount\":584,\"commentCount\":0,\"publisher\":{\"@id\":\"https:\\\/\\\/blog.proclima.com\\\/fr\\\/#organization\"},\"image\":{\"@id\":\"https:\\\/\\\/blog.proclima.com\\\/fr\\\/2013\\\/07\\\/dasaplano-001\\\/#primaryimage\"},\"thumbnailUrl\":\"http:\\\/\\\/blog.proclima.com\\\/fr\\\/files\\\/2013\\\/07\\\/001-300x221.jpg\",\"keywords\":[\"01 connect\",\"DASAPLANO 0\",\"Nicola Gauch\",\"Service de presse\"],\"articleSection\":[\"pro clima\"],\"inLanguage\":\"fr-FR\",\"potentialAction\":[{\"@type\":\"CommentAction\",\"name\":\"Comment\",\"target\":[\"https:\\\/\\\/blog.proclima.com\\\/fr\\\/2013\\\/07\\\/dasaplano-001\\\/#respond\"]}]},{\"@type\":\"WebPage\",\"@id\":\"https:\\\/\\\/blog.proclima.com\\\/fr\\\/2013\\\/07\\\/dasaplano-001\\\/\",\"url\":\"https:\\\/\\\/blog.proclima.com\\\/fr\\\/2013\\\/07\\\/dasaplano-001\\\/\",\"name\":\"Une nouvelle membrane pour une r\u00e9novation rapide et fiable du toit par l\u2019ext\u00e9rieur\u00a0: pro clima DASAPLANO 0,01 connect - pro clima Blog - france\",\"isPartOf\":{\"@id\":\"https:\\\/\\\/blog.proclima.com\\\/fr\\\/#website\"},\"primaryImageOfPage\":{\"@id\":\"https:\\\/\\\/blog.proclima.com\\\/fr\\\/2013\\\/07\\\/dasaplano-001\\\/#primaryimage\"},\"image\":{\"@id\":\"https:\\\/\\\/blog.proclima.com\\\/fr\\\/2013\\\/07\\\/dasaplano-001\\\/#primaryimage\"},\"thumbnailUrl\":\"http:\\\/\\\/blog.proclima.com\\\/fr\\\/files\\\/2013\\\/07\\\/001-300x221.jpg\",\"datePublished\":\"2013-07-12T14:10:13+00:00\",\"dateModified\":\"2013-07-15T06:37:04+00:00\",\"breadcrumb\":{\"@id\":\"https:\\\/\\\/blog.proclima.com\\\/fr\\\/2013\\\/07\\\/dasaplano-001\\\/#breadcrumb\"},\"inLanguage\":\"fr-FR\",\"potentialAction\":[{\"@type\":\"ReadAction\",\"target\":[\"https:\\\/\\\/blog.proclima.com\\\/fr\\\/2013\\\/07\\\/dasaplano-001\\\/\"]}]},{\"@type\":\"ImageObject\",\"inLanguage\":\"fr-FR\",\"@id\":\"https:\\\/\\\/blog.proclima.com\\\/fr\\\/2013\\\/07\\\/dasaplano-001\\\/#primaryimage\",\"url\":\"http:\\\/\\\/blog.proclima.com\\\/fr\\\/files\\\/2013\\\/07\\\/001-300x221.jpg\",\"contentUrl\":\"http:\\\/\\\/blog.proclima.com\\\/fr\\\/files\\\/2013\\\/07\\\/001-300x221.jpg\"},{\"@type\":\"BreadcrumbList\",\"@id\":\"https:\\\/\\\/blog.proclima.com\\\/fr\\\/2013\\\/07\\\/dasaplano-001\\\/#breadcrumb\",\"itemListElement\":[{\"@type\":\"ListItem\",\"position\":1,\"name\":\"Accueil\",\"item\":\"https:\\\/\\\/blog.proclima.com\\\/fr\\\/\"},{\"@type\":\"ListItem\",\"position\":2,\"name\":\"Une nouvelle membrane pour une r\u00e9novation rapide et fiable du toit par l\u2019ext\u00e9rieur\u00a0: pro clima DASAPLANO 0,01 connect\"}]},{\"@type\":\"WebSite\",\"@id\":\"https:\\\/\\\/blog.proclima.com\\\/fr\\\/#website\",\"url\":\"https:\\\/\\\/blog.proclima.com\\\/fr\\\/\",\"name\":\"pro clima Blog - france\",\"description\":\"pro clima Blog\",\"publisher\":{\"@id\":\"https:\\\/\\\/blog.proclima.com\\\/fr\\\/#organization\"},\"potentialAction\":[{\"@type\":\"SearchAction\",\"target\":{\"@type\":\"EntryPoint\",\"urlTemplate\":\"https:\\\/\\\/blog.proclima.com\\\/fr\\\/?s={search_term_string}\"},\"query-input\":{\"@type\":\"PropertyValueSpecification\",\"valueRequired\":true,\"valueName\":\"search_term_string\"}}],\"inLanguage\":\"fr-FR\"},{\"@type\":\"Organization\",\"@id\":\"https:\\\/\\\/blog.proclima.com\\\/fr\\\/#organization\",\"name\":\"pro clima Blog - france\",\"url\":\"https:\\\/\\\/blog.proclima.com\\\/fr\\\/\",\"logo\":{\"@type\":\"ImageObject\",\"inLanguage\":\"fr-FR\",\"@id\":\"https:\\\/\\\/blog.proclima.com\\\/fr\\\/#\\\/schema\\\/logo\\\/image\\\/\",\"url\":\"https:\\\/\\\/blog.proclima.com\\\/fr\\\/files\\\/2025\\\/12\\\/logo_proclima_quadrat.png\",\"contentUrl\":\"https:\\\/\\\/blog.proclima.com\\\/fr\\\/files\\\/2025\\\/12\\\/logo_proclima_quadrat.png\",\"width\":1200,\"height\":1200,\"caption\":\"pro clima Blog - france\"},\"image\":{\"@id\":\"https:\\\/\\\/blog.proclima.com\\\/fr\\\/#\\\/schema\\\/logo\\\/image\\\/\"}},{\"@type\":\"Person\",\"@id\":\"https:\\\/\\\/blog.proclima.com\\\/fr\\\/#\\\/schema\\\/person\\\/b3490e20200d5d45b8d56f555ceffc21\",\"name\":\"Heide Merkel\",\"image\":{\"@type\":\"ImageObject\",\"inLanguage\":\"fr-FR\",\"@id\":\"https:\\\/\\\/secure.gravatar.com\\\/avatar\\\/a4a1c909701780173c0b7a635fb539f21128c8d654b77311c92e724657788582?s=96&d=mm&r=g\",\"url\":\"https:\\\/\\\/secure.gravatar.com\\\/avatar\\\/a4a1c909701780173c0b7a635fb539f21128c8d654b77311c92e724657788582?s=96&d=mm&r=g\",\"contentUrl\":\"https:\\\/\\\/secure.gravatar.com\\\/avatar\\\/a4a1c909701780173c0b7a635fb539f21128c8d654b77311c92e724657788582?s=96&d=mm&r=g\",\"caption\":\"Heide Merkel\"},\"description\":\"Fachjournalistin, Referentin, Steuerung Presse &amp; Digitale Medien bei Moll bau\u00f6kologische Produkte GmbH (pro clima). Als Japanologin und ausgebildete Redakteurin ist Heide eher zuf\u00e4llig in der Baubranche gelandet. Seit 2011 arbeitet sie f\u00fcr pro clima. Ihr Wissen zu effektiver Kommunikation gibt sie in Seminaren, Artikeln und Vortr\u00e4gen weiter. F\u00fcr den pro clima Blog, proclima.tv und das pro clima Bauradio interviewt sie interessante Menschen aus der Baubranche. Auf\u00a0 luftdichtheit-gepr\u00fcft.de bloggt Heide \u00fcber Leckagen, Luftdichtung und Qualit\u00e4ts\u00fcberpr\u00fcfung mit Blower-Door-Tests. Ihre Freizeit verbringt sie u.a. in den Vogesen, wo sie seit mehr als f\u00fcnf Jahren ein altes Bauernhaus saniert. Ihr neuestes Projekt:\u00a0 www.besser-als-marketing.de Hier gibt es Tipps, wie Unternehmen in der Baubranche ihre Sichtbarkeit erh\u00f6hen k\u00f6nnen. Die ersten Videos sind bereits online im Youtube Channel Wer mehr \u00fcber Heide Merkel erfahren m\u00f6chte, findet sie auf den g\u00e4ngigen Social Media Plattformen.\",\"url\":\"https:\\\/\\\/blog.proclima.com\\\/fr\\\/author\\\/gentner\\\/\"}]}<\/script>\n<!-- \/ Yoast SEO plugin. -->","yoast_head_json":{"title":"Une nouvelle membrane pour une r\u00e9novation rapide et fiable du toit par l\u2019ext\u00e9rieur\u00a0: pro clima DASAPLANO 0,01 connect - pro clima Blog - france","robots":{"index":"index","follow":"follow","max-snippet":"max-snippet:-1","max-image-preview":"max-image-preview:large","max-video-preview":"max-video-preview:-1"},"canonical":"https:\/\/blog.proclima.com\/fr\/2013\/07\/dasaplano-001\/","og_locale":"fr_FR","og_type":"article","og_title":"Une nouvelle membrane pour une r\u00e9novation rapide et fiable du toit par l\u2019ext\u00e9rieur\u00a0: pro clima DASAPLANO 0,01 connect - pro clima Blog - france","og_description":"Combinant de fa\u00e7on optimale la facilit\u00e9 de pose et un haut niveau de s\u00e9curit\u00e9 lors de la r\u00e9novation d\u2019un toit par l\u2019ext\u00e9rieur, la nouvelle membrane ...","og_url":"https:\/\/blog.proclima.com\/fr\/2013\/07\/dasaplano-001\/","og_site_name":"pro clima Blog - france","article_published_time":"2013-07-12T14:10:13+00:00","article_modified_time":"2013-07-15T06:37:04+00:00","og_image":[{"url":"http:\/\/blog.proclima.com\/fr\/files\/2013\/07\/001-300x221.jpg","type":"","width":"","height":""}],"author":"Heide Merkel","twitter_card":"summary_large_image","twitter_misc":{"\u00c9crit par":"Heide Merkel","Dur\u00e9e de lecture estim\u00e9e":"3 minutes"},"schema":{"@context":"https:\/\/schema.org","@graph":[{"@type":"Article","@id":"https:\/\/blog.proclima.com\/fr\/2013\/07\/dasaplano-001\/#article","isPartOf":{"@id":"https:\/\/blog.proclima.com\/fr\/2013\/07\/dasaplano-001\/"},"author":{"name":"Heide Merkel","@id":"https:\/\/blog.proclima.com\/fr\/#\/schema\/person\/b3490e20200d5d45b8d56f555ceffc21"},"headline":"Une nouvelle membrane pour une r\u00e9novation rapide et fiable du toit par l\u2019ext\u00e9rieur\u00a0: pro clima DASAPLANO 0,01 connect","datePublished":"2013-07-12T14:10:13+00:00","dateModified":"2013-07-15T06:37:04+00:00","mainEntityOfPage":{"@id":"https:\/\/blog.proclima.com\/fr\/2013\/07\/dasaplano-001\/"},"wordCount":584,"commentCount":0,"publisher":{"@id":"https:\/\/blog.proclima.com\/fr\/#organization"},"image":{"@id":"https:\/\/blog.proclima.com\/fr\/2013\/07\/dasaplano-001\/#primaryimage"},"thumbnailUrl":"http:\/\/blog.proclima.com\/fr\/files\/2013\/07\/001-300x221.jpg","keywords":["01 connect","DASAPLANO 0","Nicola Gauch","Service de presse"],"articleSection":["pro clima"],"inLanguage":"fr-FR","potentialAction":[{"@type":"CommentAction","name":"Comment","target":["https:\/\/blog.proclima.com\/fr\/2013\/07\/dasaplano-001\/#respond"]}]},{"@type":"WebPage","@id":"https:\/\/blog.proclima.com\/fr\/2013\/07\/dasaplano-001\/","url":"https:\/\/blog.proclima.com\/fr\/2013\/07\/dasaplano-001\/","name":"Une nouvelle membrane pour une r\u00e9novation rapide et fiable du toit par l\u2019ext\u00e9rieur\u00a0: pro clima DASAPLANO 0,01 connect - pro clima Blog - france","isPartOf":{"@id":"https:\/\/blog.proclima.com\/fr\/#website"},"primaryImageOfPage":{"@id":"https:\/\/blog.proclima.com\/fr\/2013\/07\/dasaplano-001\/#primaryimage"},"image":{"@id":"https:\/\/blog.proclima.com\/fr\/2013\/07\/dasaplano-001\/#primaryimage"},"thumbnailUrl":"http:\/\/blog.proclima.com\/fr\/files\/2013\/07\/001-300x221.jpg","datePublished":"2013-07-12T14:10:13+00:00","dateModified":"2013-07-15T06:37:04+00:00","breadcrumb":{"@id":"https:\/\/blog.proclima.com\/fr\/2013\/07\/dasaplano-001\/#breadcrumb"},"inLanguage":"fr-FR","potentialAction":[{"@type":"ReadAction","target":["https:\/\/blog.proclima.com\/fr\/2013\/07\/dasaplano-001\/"]}]},{"@type":"ImageObject","inLanguage":"fr-FR","@id":"https:\/\/blog.proclima.com\/fr\/2013\/07\/dasaplano-001\/#primaryimage","url":"http:\/\/blog.proclima.com\/fr\/files\/2013\/07\/001-300x221.jpg","contentUrl":"http:\/\/blog.proclima.com\/fr\/files\/2013\/07\/001-300x221.jpg"},{"@type":"BreadcrumbList","@id":"https:\/\/blog.proclima.com\/fr\/2013\/07\/dasaplano-001\/#breadcrumb","itemListElement":[{"@type":"ListItem","position":1,"name":"Accueil","item":"https:\/\/blog.proclima.com\/fr\/"},{"@type":"ListItem","position":2,"name":"Une nouvelle membrane pour une r\u00e9novation rapide et fiable du toit par l\u2019ext\u00e9rieur\u00a0: pro clima DASAPLANO 0,01 connect"}]},{"@type":"WebSite","@id":"https:\/\/blog.proclima.com\/fr\/#website","url":"https:\/\/blog.proclima.com\/fr\/","name":"pro clima Blog - france","description":"pro clima Blog","publisher":{"@id":"https:\/\/blog.proclima.com\/fr\/#organization"},"potentialAction":[{"@type":"SearchAction","target":{"@type":"EntryPoint","urlTemplate":"https:\/\/blog.proclima.com\/fr\/?s={search_term_string}"},"query-input":{"@type":"PropertyValueSpecification","valueRequired":true,"valueName":"search_term_string"}}],"inLanguage":"fr-FR"},{"@type":"Organization","@id":"https:\/\/blog.proclima.com\/fr\/#organization","name":"pro clima Blog - france","url":"https:\/\/blog.proclima.com\/fr\/","logo":{"@type":"ImageObject","inLanguage":"fr-FR","@id":"https:\/\/blog.proclima.com\/fr\/#\/schema\/logo\/image\/","url":"https:\/\/blog.proclima.com\/fr\/files\/2025\/12\/logo_proclima_quadrat.png","contentUrl":"https:\/\/blog.proclima.com\/fr\/files\/2025\/12\/logo_proclima_quadrat.png","width":1200,"height":1200,"caption":"pro clima Blog - france"},"image":{"@id":"https:\/\/blog.proclima.com\/fr\/#\/schema\/logo\/image\/"}},{"@type":"Person","@id":"https:\/\/blog.proclima.com\/fr\/#\/schema\/person\/b3490e20200d5d45b8d56f555ceffc21","name":"Heide Merkel","image":{"@type":"ImageObject","inLanguage":"fr-FR","@id":"https:\/\/secure.gravatar.com\/avatar\/a4a1c909701780173c0b7a635fb539f21128c8d654b77311c92e724657788582?s=96&d=mm&r=g","url":"https:\/\/secure.gravatar.com\/avatar\/a4a1c909701780173c0b7a635fb539f21128c8d654b77311c92e724657788582?s=96&d=mm&r=g","contentUrl":"https:\/\/secure.gravatar.com\/avatar\/a4a1c909701780173c0b7a635fb539f21128c8d654b77311c92e724657788582?s=96&d=mm&r=g","caption":"Heide Merkel"},"description":"Fachjournalistin, Referentin, Steuerung Presse &amp; Digitale Medien bei Moll bau\u00f6kologische Produkte GmbH (pro clima). Als Japanologin und ausgebildete Redakteurin ist Heide eher zuf\u00e4llig in der Baubranche gelandet. Seit 2011 arbeitet sie f\u00fcr pro clima. Ihr Wissen zu effektiver Kommunikation gibt sie in Seminaren, Artikeln und Vortr\u00e4gen weiter. F\u00fcr den pro clima Blog, proclima.tv und das pro clima Bauradio interviewt sie interessante Menschen aus der Baubranche. Auf\u00a0 luftdichtheit-gepr\u00fcft.de bloggt Heide \u00fcber Leckagen, Luftdichtung und Qualit\u00e4ts\u00fcberpr\u00fcfung mit Blower-Door-Tests. Ihre Freizeit verbringt sie u.a. in den Vogesen, wo sie seit mehr als f\u00fcnf Jahren ein altes Bauernhaus saniert. Ihr neuestes Projekt:\u00a0 www.besser-als-marketing.de Hier gibt es Tipps, wie Unternehmen in der Baubranche ihre Sichtbarkeit erh\u00f6hen k\u00f6nnen. Die ersten Videos sind bereits online im Youtube Channel Wer mehr \u00fcber Heide Merkel erfahren m\u00f6chte, findet sie auf den g\u00e4ngigen Social Media Plattformen.","url":"https:\/\/blog.proclima.com\/fr\/author\/gentner\/"}]}},"_links":{"self":[{"href":"https:\/\/blog.proclima.com\/fr\/wp-json\/wp\/v2\/posts\/181","targetHints":{"allow":["GET"]}}],"collection":[{"href":"https:\/\/blog.proclima.com\/fr\/wp-json\/wp\/v2\/posts"}],"about":[{"href":"https:\/\/blog.proclima.com\/fr\/wp-json\/wp\/v2\/types\/post"}],"author":[{"embeddable":true,"href":"https:\/\/blog.proclima.com\/fr\/wp-json\/wp\/v2\/users\/18"}],"replies":[{"embeddable":true,"href":"https:\/\/blog.proclima.com\/fr\/wp-json\/wp\/v2\/comments?post=181"}],"version-history":[{"count":7,"href":"https:\/\/blog.proclima.com\/fr\/wp-json\/wp\/v2\/posts\/181\/revisions"}],"predecessor-version":[{"id":189,"href":"https:\/\/blog.proclima.com\/fr\/wp-json\/wp\/v2\/posts\/181\/revisions\/189"}],"wp:attachment":[{"href":"https:\/\/blog.proclima.com\/fr\/wp-json\/wp\/v2\/media?parent=181"}],"wp:term":[{"taxonomy":"category","embeddable":true,"href":"https:\/\/blog.proclima.com\/fr\/wp-json\/wp\/v2\/categories?post=181"},{"taxonomy":"post_tag","embeddable":true,"href":"https:\/\/blog.proclima.com\/fr\/wp-json\/wp\/v2\/tags?post=181"}],"curies":[{"name":"wp","href":"https:\/\/api.w.org\/{rel}","templated":true}]}}