
{"id":174,"date":"2013-07-11T08:00:43","date_gmt":"2013-07-11T06:00:43","guid":{"rendered":"http:\/\/blog.proclima.com\/fr\/?p=174"},"modified":"2013-07-12T15:55:15","modified_gmt":"2013-07-12T13:55:15","slug":"dasaplano-050-connect","status":"publish","type":"post","link":"https:\/\/blog.proclima.com\/fr\/2013\/07\/dasaplano-050-connect\/","title":{"rendered":"Une nouvelle membrane d\u2019\u00e9tanch\u00e9it\u00e9 \u00e0 l\u2019air pour une r\u00e9novation rapide et fiable du toit par l\u2019ext\u00e9rieur : DASAPLANO 0,50 connect \u2013 \u00ab Facile et fiable pour l\u2019artisan \u00bb"},"content":{"rendered":"<figure id=\"attachment_175\" aria-describedby=\"caption-attachment-175\" style=\"width: 300px\" class=\"wp-caption alignleft\"><a href=\"http:\/\/blog.proclima.com\/fr\/files\/2013\/07\/dasa.jpg\"><img loading=\"lazy\" decoding=\"async\" data-size=\"875x800\" class=\"size-medium wp-image-175\" alt=\"Une nouvelle membrane d\u2019\u00e9tanch\u00e9it\u00e9 \u00e0 l\u2019air pour une r\u00e9novation rapide et fiable du toit par l\u2019ext\u00e9rieur\u00a0: DASAPLANO 0,50 connect \u2013 \u00ab\u00a0Facile et fiable pour l\u2019artisan\u00a0\u00bb\" src=\"http:\/\/blog.proclima.com\/fr\/files\/2013\/07\/dasa-300x274.jpg\" width=\"300\" height=\"274\" srcset=\"https:\/\/blog.proclima.com\/fr\/files\/2013\/07\/dasa-300x274.jpg 300w, https:\/\/blog.proclima.com\/fr\/files\/2013\/07\/dasa.jpg 875w\" sizes=\"auto, (max-width: 300px) 100vw, 300px\" \/><\/a><figcaption id=\"caption-attachment-175\" class=\"wp-caption-text\">Une nouvelle membrane d\u2019\u00e9tanch\u00e9it\u00e9 \u00e0 l\u2019air pour une r\u00e9novation rapide et fiable du toit par l\u2019ext\u00e9rieur\u00a0: DASAPLANO 0,50 connect \u2013 \u00ab\u00a0Facile et fiable pour l\u2019artisan\u00a0\u00bb<\/figcaption><\/figure>\n<p>Par sa rapidit\u00e9 de mise en \u0153uvre et sa fiabilit\u00e9 en termes de physique du b\u00e2timent, la nouvelle membrane d\u2019\u00e9tanch\u00e9it\u00e9 \u00e0 l\u2019air pro clima <a href=\"http:\/\/fr.proclima.com\/co\/FRN\/fr\/dasaplano_050_prod_fr.html\" target=\"_blank\">DASAPLANO\u00a00,50 connect<\/a> remplit les deux crit\u00e8res essentiels de la r\u00e9novation d\u2019un toit par l\u2019ext\u00e9rieur \u00e0 l\u2019aide d\u2019isolants fibreux (laine min\u00e9rale, lin, chanvre ou cellulose). Elle se pose par-dessus la structure en chevrons existante. Michael F\u00f6rster, responsable des techniques d\u2019application, en d\u00e9crit les propri\u00e9t\u00e9s\u00a0: \u00ab\u00a0Le l\u00e9ger effet frein-vapeur de la membrane <a href=\"http:\/\/fr.proclima.com\/co\/FRN\/fr\/dasaplano_050_prod_fr.html\" target=\"_blank\">DASAPLANO 0,50 connect <\/a>emp\u00eache la p\u00e9n\u00e9tration incontr\u00f4l\u00e9e d\u2019humidit\u00e9 dans la surisolation.\u00a0\u00bb <!--more--><br \/>\nEn tant qu\u2019ing\u00e9nieur du b\u00e2timent, il conna\u00eet bien les \u00e9cueils de la r\u00e9novation d\u2019un toit par <a href=\"http:\/\/blog.proclima.com\/fr\/files\/2013\/07\/p_dasaplano_050.jpg\"><img loading=\"lazy\" decoding=\"async\" data-size=\"1502x1200\" class=\"alignright size-medium wp-image-176\" alt=\"dasaplano\" src=\"http:\/\/blog.proclima.com\/fr\/files\/2013\/07\/p_dasaplano_050-300x239.jpg\" width=\"300\" height=\"239\" srcset=\"https:\/\/blog.proclima.com\/fr\/files\/2013\/07\/p_dasaplano_050-300x239.jpg 300w, https:\/\/blog.proclima.com\/fr\/files\/2013\/07\/p_dasaplano_050-1024x818.jpg 1024w, https:\/\/blog.proclima.com\/fr\/files\/2013\/07\/p_dasaplano_050.jpg 1502w\" sizes=\"auto, (max-width: 300px) 100vw, 300px\" \/><\/a>l\u2019ext\u00e9rieur\u00a0: \u00ab\u00a0Le plus souvent, l\u2019\u00e9valuation de l\u2019\u00e9tanch\u00e9it\u00e9 \u00e0 l\u2019air du b\u00e2timent existant est difficile ou insuffisante. Or, pour que la construction fonctionne durablement comme le souhaite le client, l\u2019artisan devrait \u00e9galement optimiser l\u2019\u00e9tanch\u00e9it\u00e9 \u00e0 l\u2019air. Nous avons con\u00e7u <a href=\"http:\/\/fr.proclima.com\/co\/FRN\/fr\/dasaplano_050_prod_fr.html\" target=\"_blank\">DASAPLANO 0,50<\/a> afin de r\u00e9duire le plus possible la transformation de la construction existante. Ainsi, on peut laisser les isolants fibreux en bon \u00e9tat de fonctionnement dans la structure et remplir le vide ventil\u00e9 \u00e9ventuel \u00e0 ras bord avec du nouvel isolant.\u00a0\u00bb<\/p>\n<p>La surisolation avec<a href=\"http:\/\/fr.proclima.com\/co\/FRN\/fr\/dasaplano_050_prod_fr.html\" target=\"_blank\"> DASAPLANO 0,50 connect<\/a> se fait avec la m\u00eame \u00e9paisseur que l\u2019isolation entre chevrons \u00e0 l\u2019aide d\u2019un isolant non absorbant (p.\u00a0ex. laine de roche ou min\u00e9rale) sur au moins 100\u00a0mm d\u2019\u00e9paisseur. Condition requise\u00a0: les isolants entre et sur les chevrons doivent avoir la m\u00eame conductibilit\u00e9 thermique ou la m\u00eame valeur R.<br \/>\nSi la conductibilit\u00e9 thermique n\u2019est pas identique, on peut utiliser la membrane <a href=\"http:\/\/fr.proclima.com\/co\/FRN\/fr\/dasaplano_050_prod_fr.html\" target=\"_blank\">DASAPLANO 0,50 connect<\/a>. Il suffit alors d\u2019adapter le rapport entre les couches d\u2019isolation.<\/p>\n<p>La membrane <a href=\"http:\/\/fr.proclima.com\/co\/FRN\/fr\/dasaplano_050_prod_fr.html\" target=\"_blank\">DASAPLANO 0,50 connect<\/a> b\u00e9n\u00e9ficie de la technologie pro clima connect. Gr\u00e2ce aux deux zones autocollantes int\u00e9gr\u00e9es, l\u2019artisan peut coller les membranes entre elles, au niveau des chevauchements longitudinaux, en quelques gestes simples et sans rubans adh\u00e9sifs suppl\u00e9mentaires.<\/p>\n<p><strong>En r\u00e9sum\u00e9<\/strong><br \/>\n<a href=\"http:\/\/fr.proclima.com\/co\/FRN\/fr\/dasaplano_050_prod_fr.html\" target=\"_blank\">DASAPLANO 0,50 connect<\/a> \u2013 membrane d\u2019\u00e9tanch\u00e9it\u00e9 \u00e0 l\u2019air pour la r\u00e9novation du toit par l\u2019ext\u00e9rieur, entre deux couches d\u2019isolant<br \/>\nDomaine d\u2019utilisation\u00a0: membrane d\u2019\u00e9tanch\u00e9it\u00e9 \u00e0 l\u2019air triple couche pour la r\u00e9novation du toit par l\u2019ext\u00e9rieur en cas d\u2019isolation int\u00e9grale du compartiment form\u00e9 par les chevrons. Pose par-dessus les chevrons, sous une surisolation suppl\u00e9mentaire en laine min\u00e9rale, panneaux flexibles en fibres de bois et cellulose ou panneaux isolants de chanvre.<br \/>\nParticularit\u00e9\u00a0: cette membrane d&rsquo;\u00e9tanch\u00e9it\u00e9 \u00e0 l\u2019air permet une pose rapide et offre une protection fiable durable.<\/p>\n<p><strong>Service de presse<\/strong><br \/>\nMme Nicola Gauch<br \/>\nt\u00e9l.: 0811 850 147<br \/>\n<a href=\"mailto:nicola.gauch@proclima.info\" target=\"_blank\">nicola.gauch@proclima.info<\/a><\/p>\n","protected":false},"excerpt":{"rendered":"<p>Par sa rapidit\u00e9 de mise en \u0153uvre et sa fiabilit\u00e9 en termes de physique du b\u00e2timent, la nouvelle membrane d\u2019\u00e9tanch\u00e9it\u00e9 \u00e0 l\u2019air pro clima DASAPLANO\u00a00,50 <a href=\"https:\/\/blog.proclima.com\/fr\/2013\/07\/dasaplano-050-connect\/\" rel=\"bookmark\">&#8230;<\/a><\/p>\n","protected":false},"author":18,"featured_media":0,"comment_status":"open","ping_status":"open","sticky":false,"template":"","format":"standard","meta":{"footnotes":""},"categories":[1],"tags":[36,35,38,34,37],"class_list":["post-174","post","type-post","status-publish","format-standard","hentry","category-general","tag-50-connect","tag-dasaplano-0","tag-membrane-detancheite-a-lair","tag-nicola-gauch","tag-service-de-presse"],"yoast_head":"<!-- This site is optimized with the Yoast SEO plugin v27.5 - https:\/\/yoast.com\/product\/yoast-seo-wordpress\/ -->\n<title>Une nouvelle membrane d\u2019\u00e9tanch\u00e9it\u00e9 \u00e0 l\u2019air pour une r\u00e9novation rapide et fiable du toit par l\u2019ext\u00e9rieur : DASAPLANO 0,50 connect \u2013 \u00ab Facile et fiable pour l\u2019artisan \u00bb - pro clima Blog - france<\/title>\n<meta name=\"robots\" content=\"index, follow, max-snippet:-1, max-image-preview:large, max-video-preview:-1\" \/>\n<link rel=\"canonical\" href=\"https:\/\/blog.proclima.com\/fr\/2013\/07\/dasaplano-050-connect\/\" \/>\n<meta property=\"og:locale\" content=\"fr_FR\" \/>\n<meta property=\"og:type\" content=\"article\" \/>\n<meta property=\"og:title\" content=\"Une nouvelle membrane d\u2019\u00e9tanch\u00e9it\u00e9 \u00e0 l\u2019air pour une r\u00e9novation rapide et fiable du toit par l\u2019ext\u00e9rieur : DASAPLANO 0,50 connect \u2013 \u00ab Facile et fiable pour l\u2019artisan \u00bb - pro clima Blog - france\" \/>\n<meta property=\"og:description\" content=\"Par sa rapidit\u00e9 de mise en \u0153uvre et sa fiabilit\u00e9 en termes de physique du b\u00e2timent, la nouvelle membrane d\u2019\u00e9tanch\u00e9it\u00e9 \u00e0 l\u2019air pro clima DASAPLANO\u00a00,50 ...\" \/>\n<meta property=\"og:url\" content=\"https:\/\/blog.proclima.com\/fr\/2013\/07\/dasaplano-050-connect\/\" \/>\n<meta property=\"og:site_name\" content=\"pro clima Blog - france\" \/>\n<meta property=\"article:published_time\" content=\"2013-07-11T06:00:43+00:00\" \/>\n<meta property=\"article:modified_time\" content=\"2013-07-12T13:55:15+00:00\" \/>\n<meta property=\"og:image\" content=\"http:\/\/blog.proclima.com\/fr\/files\/2013\/07\/dasa-300x274.jpg\" \/>\n<meta name=\"author\" content=\"Heide Merkel\" \/>\n<meta name=\"twitter:card\" content=\"summary_large_image\" \/>\n<meta name=\"twitter:label1\" content=\"\u00c9crit par\" \/>\n\t<meta name=\"twitter:data1\" content=\"Heide Merkel\" \/>\n\t<meta name=\"twitter:label2\" content=\"Dur\u00e9e de lecture estim\u00e9e\" \/>\n\t<meta name=\"twitter:data2\" content=\"3 minutes\" \/>\n<script type=\"application\/ld+json\" class=\"yoast-schema-graph\">{\"@context\":\"https:\\\/\\\/schema.org\",\"@graph\":[{\"@type\":\"Article\",\"@id\":\"https:\\\/\\\/blog.proclima.com\\\/fr\\\/2013\\\/07\\\/dasaplano-050-connect\\\/#article\",\"isPartOf\":{\"@id\":\"https:\\\/\\\/blog.proclima.com\\\/fr\\\/2013\\\/07\\\/dasaplano-050-connect\\\/\"},\"author\":{\"name\":\"Heide Merkel\",\"@id\":\"https:\\\/\\\/blog.proclima.com\\\/fr\\\/#\\\/schema\\\/person\\\/b3490e20200d5d45b8d56f555ceffc21\"},\"headline\":\"Une nouvelle membrane d\u2019\u00e9tanch\u00e9it\u00e9 \u00e0 l\u2019air pour une r\u00e9novation rapide et fiable du toit par l\u2019ext\u00e9rieur : DASAPLANO 0,50 connect \u2013 \u00ab Facile et fiable pour l\u2019artisan \u00bb\",\"datePublished\":\"2013-07-11T06:00:43+00:00\",\"dateModified\":\"2013-07-12T13:55:15+00:00\",\"mainEntityOfPage\":{\"@id\":\"https:\\\/\\\/blog.proclima.com\\\/fr\\\/2013\\\/07\\\/dasaplano-050-connect\\\/\"},\"wordCount\":530,\"commentCount\":1,\"publisher\":{\"@id\":\"https:\\\/\\\/blog.proclima.com\\\/fr\\\/#organization\"},\"image\":{\"@id\":\"https:\\\/\\\/blog.proclima.com\\\/fr\\\/2013\\\/07\\\/dasaplano-050-connect\\\/#primaryimage\"},\"thumbnailUrl\":\"http:\\\/\\\/blog.proclima.com\\\/fr\\\/files\\\/2013\\\/07\\\/dasa-300x274.jpg\",\"keywords\":[\"50 connect\",\"DASAPLANO 0\",\"membrane d\u2019\u00e9tanch\u00e9it\u00e9 \u00e0 l\u2019air\",\"Nicola Gauch\",\"Service de presse\"],\"articleSection\":[\"pro clima\"],\"inLanguage\":\"fr-FR\",\"potentialAction\":[{\"@type\":\"CommentAction\",\"name\":\"Comment\",\"target\":[\"https:\\\/\\\/blog.proclima.com\\\/fr\\\/2013\\\/07\\\/dasaplano-050-connect\\\/#respond\"]}]},{\"@type\":\"WebPage\",\"@id\":\"https:\\\/\\\/blog.proclima.com\\\/fr\\\/2013\\\/07\\\/dasaplano-050-connect\\\/\",\"url\":\"https:\\\/\\\/blog.proclima.com\\\/fr\\\/2013\\\/07\\\/dasaplano-050-connect\\\/\",\"name\":\"Une nouvelle membrane d\u2019\u00e9tanch\u00e9it\u00e9 \u00e0 l\u2019air pour une r\u00e9novation rapide et fiable du toit par l\u2019ext\u00e9rieur : DASAPLANO 0,50 connect \u2013 \u00ab Facile et fiable pour l\u2019artisan \u00bb - pro clima Blog - france\",\"isPartOf\":{\"@id\":\"https:\\\/\\\/blog.proclima.com\\\/fr\\\/#website\"},\"primaryImageOfPage\":{\"@id\":\"https:\\\/\\\/blog.proclima.com\\\/fr\\\/2013\\\/07\\\/dasaplano-050-connect\\\/#primaryimage\"},\"image\":{\"@id\":\"https:\\\/\\\/blog.proclima.com\\\/fr\\\/2013\\\/07\\\/dasaplano-050-connect\\\/#primaryimage\"},\"thumbnailUrl\":\"http:\\\/\\\/blog.proclima.com\\\/fr\\\/files\\\/2013\\\/07\\\/dasa-300x274.jpg\",\"datePublished\":\"2013-07-11T06:00:43+00:00\",\"dateModified\":\"2013-07-12T13:55:15+00:00\",\"breadcrumb\":{\"@id\":\"https:\\\/\\\/blog.proclima.com\\\/fr\\\/2013\\\/07\\\/dasaplano-050-connect\\\/#breadcrumb\"},\"inLanguage\":\"fr-FR\",\"potentialAction\":[{\"@type\":\"ReadAction\",\"target\":[\"https:\\\/\\\/blog.proclima.com\\\/fr\\\/2013\\\/07\\\/dasaplano-050-connect\\\/\"]}]},{\"@type\":\"ImageObject\",\"inLanguage\":\"fr-FR\",\"@id\":\"https:\\\/\\\/blog.proclima.com\\\/fr\\\/2013\\\/07\\\/dasaplano-050-connect\\\/#primaryimage\",\"url\":\"http:\\\/\\\/blog.proclima.com\\\/fr\\\/files\\\/2013\\\/07\\\/dasa-300x274.jpg\",\"contentUrl\":\"http:\\\/\\\/blog.proclima.com\\\/fr\\\/files\\\/2013\\\/07\\\/dasa-300x274.jpg\"},{\"@type\":\"BreadcrumbList\",\"@id\":\"https:\\\/\\\/blog.proclima.com\\\/fr\\\/2013\\\/07\\\/dasaplano-050-connect\\\/#breadcrumb\",\"itemListElement\":[{\"@type\":\"ListItem\",\"position\":1,\"name\":\"Accueil\",\"item\":\"https:\\\/\\\/blog.proclima.com\\\/fr\\\/\"},{\"@type\":\"ListItem\",\"position\":2,\"name\":\"Une nouvelle membrane d\u2019\u00e9tanch\u00e9it\u00e9 \u00e0 l\u2019air pour une r\u00e9novation rapide et fiable du toit par l\u2019ext\u00e9rieur : DASAPLANO 0,50 connect \u2013 \u00ab Facile et fiable pour l\u2019artisan \u00bb\"}]},{\"@type\":\"WebSite\",\"@id\":\"https:\\\/\\\/blog.proclima.com\\\/fr\\\/#website\",\"url\":\"https:\\\/\\\/blog.proclima.com\\\/fr\\\/\",\"name\":\"pro clima Blog - france\",\"description\":\"pro clima Blog\",\"publisher\":{\"@id\":\"https:\\\/\\\/blog.proclima.com\\\/fr\\\/#organization\"},\"potentialAction\":[{\"@type\":\"SearchAction\",\"target\":{\"@type\":\"EntryPoint\",\"urlTemplate\":\"https:\\\/\\\/blog.proclima.com\\\/fr\\\/?s={search_term_string}\"},\"query-input\":{\"@type\":\"PropertyValueSpecification\",\"valueRequired\":true,\"valueName\":\"search_term_string\"}}],\"inLanguage\":\"fr-FR\"},{\"@type\":\"Organization\",\"@id\":\"https:\\\/\\\/blog.proclima.com\\\/fr\\\/#organization\",\"name\":\"pro clima Blog - france\",\"url\":\"https:\\\/\\\/blog.proclima.com\\\/fr\\\/\",\"logo\":{\"@type\":\"ImageObject\",\"inLanguage\":\"fr-FR\",\"@id\":\"https:\\\/\\\/blog.proclima.com\\\/fr\\\/#\\\/schema\\\/logo\\\/image\\\/\",\"url\":\"https:\\\/\\\/blog.proclima.com\\\/fr\\\/files\\\/2025\\\/12\\\/logo_proclima_quadrat.png\",\"contentUrl\":\"https:\\\/\\\/blog.proclima.com\\\/fr\\\/files\\\/2025\\\/12\\\/logo_proclima_quadrat.png\",\"width\":1200,\"height\":1200,\"caption\":\"pro clima Blog - france\"},\"image\":{\"@id\":\"https:\\\/\\\/blog.proclima.com\\\/fr\\\/#\\\/schema\\\/logo\\\/image\\\/\"}},{\"@type\":\"Person\",\"@id\":\"https:\\\/\\\/blog.proclima.com\\\/fr\\\/#\\\/schema\\\/person\\\/b3490e20200d5d45b8d56f555ceffc21\",\"name\":\"Heide Merkel\",\"image\":{\"@type\":\"ImageObject\",\"inLanguage\":\"fr-FR\",\"@id\":\"https:\\\/\\\/secure.gravatar.com\\\/avatar\\\/a4a1c909701780173c0b7a635fb539f21128c8d654b77311c92e724657788582?s=96&d=mm&r=g\",\"url\":\"https:\\\/\\\/secure.gravatar.com\\\/avatar\\\/a4a1c909701780173c0b7a635fb539f21128c8d654b77311c92e724657788582?s=96&d=mm&r=g\",\"contentUrl\":\"https:\\\/\\\/secure.gravatar.com\\\/avatar\\\/a4a1c909701780173c0b7a635fb539f21128c8d654b77311c92e724657788582?s=96&d=mm&r=g\",\"caption\":\"Heide Merkel\"},\"description\":\"Fachjournalistin, Referentin, Steuerung Presse &amp; Digitale Medien bei Moll bau\u00f6kologische Produkte GmbH (pro clima). Als Japanologin und ausgebildete Redakteurin ist Heide eher zuf\u00e4llig in der Baubranche gelandet. Seit 2011 arbeitet sie f\u00fcr pro clima. Ihr Wissen zu effektiver Kommunikation gibt sie in Seminaren, Artikeln und Vortr\u00e4gen weiter. F\u00fcr den pro clima Blog, proclima.tv und das pro clima Bauradio interviewt sie interessante Menschen aus der Baubranche. Auf\u00a0 luftdichtheit-gepr\u00fcft.de bloggt Heide \u00fcber Leckagen, Luftdichtung und Qualit\u00e4ts\u00fcberpr\u00fcfung mit Blower-Door-Tests. Ihre Freizeit verbringt sie u.a. in den Vogesen, wo sie seit mehr als f\u00fcnf Jahren ein altes Bauernhaus saniert. Ihr neuestes Projekt:\u00a0 www.besser-als-marketing.de Hier gibt es Tipps, wie Unternehmen in der Baubranche ihre Sichtbarkeit erh\u00f6hen k\u00f6nnen. Die ersten Videos sind bereits online im Youtube Channel Wer mehr \u00fcber Heide Merkel erfahren m\u00f6chte, findet sie auf den g\u00e4ngigen Social Media Plattformen.\",\"url\":\"https:\\\/\\\/blog.proclima.com\\\/fr\\\/author\\\/gentner\\\/\"}]}<\/script>\n<!-- \/ Yoast SEO plugin. -->","yoast_head_json":{"title":"Une nouvelle membrane d\u2019\u00e9tanch\u00e9it\u00e9 \u00e0 l\u2019air pour une r\u00e9novation rapide et fiable du toit par l\u2019ext\u00e9rieur : DASAPLANO 0,50 connect \u2013 \u00ab Facile et fiable pour l\u2019artisan \u00bb - pro clima Blog - france","robots":{"index":"index","follow":"follow","max-snippet":"max-snippet:-1","max-image-preview":"max-image-preview:large","max-video-preview":"max-video-preview:-1"},"canonical":"https:\/\/blog.proclima.com\/fr\/2013\/07\/dasaplano-050-connect\/","og_locale":"fr_FR","og_type":"article","og_title":"Une nouvelle membrane d\u2019\u00e9tanch\u00e9it\u00e9 \u00e0 l\u2019air pour une r\u00e9novation rapide et fiable du toit par l\u2019ext\u00e9rieur : DASAPLANO 0,50 connect \u2013 \u00ab Facile et fiable pour l\u2019artisan \u00bb - pro clima Blog - france","og_description":"Par sa rapidit\u00e9 de mise en \u0153uvre et sa fiabilit\u00e9 en termes de physique du b\u00e2timent, la nouvelle membrane d\u2019\u00e9tanch\u00e9it\u00e9 \u00e0 l\u2019air pro clima DASAPLANO\u00a00,50 ...","og_url":"https:\/\/blog.proclima.com\/fr\/2013\/07\/dasaplano-050-connect\/","og_site_name":"pro clima Blog - france","article_published_time":"2013-07-11T06:00:43+00:00","article_modified_time":"2013-07-12T13:55:15+00:00","og_image":[{"url":"http:\/\/blog.proclima.com\/fr\/files\/2013\/07\/dasa-300x274.jpg","type":"","width":"","height":""}],"author":"Heide Merkel","twitter_card":"summary_large_image","twitter_misc":{"\u00c9crit par":"Heide Merkel","Dur\u00e9e de lecture estim\u00e9e":"3 minutes"},"schema":{"@context":"https:\/\/schema.org","@graph":[{"@type":"Article","@id":"https:\/\/blog.proclima.com\/fr\/2013\/07\/dasaplano-050-connect\/#article","isPartOf":{"@id":"https:\/\/blog.proclima.com\/fr\/2013\/07\/dasaplano-050-connect\/"},"author":{"name":"Heide Merkel","@id":"https:\/\/blog.proclima.com\/fr\/#\/schema\/person\/b3490e20200d5d45b8d56f555ceffc21"},"headline":"Une nouvelle membrane d\u2019\u00e9tanch\u00e9it\u00e9 \u00e0 l\u2019air pour une r\u00e9novation rapide et fiable du toit par l\u2019ext\u00e9rieur : DASAPLANO 0,50 connect \u2013 \u00ab Facile et fiable pour l\u2019artisan \u00bb","datePublished":"2013-07-11T06:00:43+00:00","dateModified":"2013-07-12T13:55:15+00:00","mainEntityOfPage":{"@id":"https:\/\/blog.proclima.com\/fr\/2013\/07\/dasaplano-050-connect\/"},"wordCount":530,"commentCount":1,"publisher":{"@id":"https:\/\/blog.proclima.com\/fr\/#organization"},"image":{"@id":"https:\/\/blog.proclima.com\/fr\/2013\/07\/dasaplano-050-connect\/#primaryimage"},"thumbnailUrl":"http:\/\/blog.proclima.com\/fr\/files\/2013\/07\/dasa-300x274.jpg","keywords":["50 connect","DASAPLANO 0","membrane d\u2019\u00e9tanch\u00e9it\u00e9 \u00e0 l\u2019air","Nicola Gauch","Service de presse"],"articleSection":["pro clima"],"inLanguage":"fr-FR","potentialAction":[{"@type":"CommentAction","name":"Comment","target":["https:\/\/blog.proclima.com\/fr\/2013\/07\/dasaplano-050-connect\/#respond"]}]},{"@type":"WebPage","@id":"https:\/\/blog.proclima.com\/fr\/2013\/07\/dasaplano-050-connect\/","url":"https:\/\/blog.proclima.com\/fr\/2013\/07\/dasaplano-050-connect\/","name":"Une nouvelle membrane d\u2019\u00e9tanch\u00e9it\u00e9 \u00e0 l\u2019air pour une r\u00e9novation rapide et fiable du toit par l\u2019ext\u00e9rieur : DASAPLANO 0,50 connect \u2013 \u00ab Facile et fiable pour l\u2019artisan \u00bb - pro clima Blog - france","isPartOf":{"@id":"https:\/\/blog.proclima.com\/fr\/#website"},"primaryImageOfPage":{"@id":"https:\/\/blog.proclima.com\/fr\/2013\/07\/dasaplano-050-connect\/#primaryimage"},"image":{"@id":"https:\/\/blog.proclima.com\/fr\/2013\/07\/dasaplano-050-connect\/#primaryimage"},"thumbnailUrl":"http:\/\/blog.proclima.com\/fr\/files\/2013\/07\/dasa-300x274.jpg","datePublished":"2013-07-11T06:00:43+00:00","dateModified":"2013-07-12T13:55:15+00:00","breadcrumb":{"@id":"https:\/\/blog.proclima.com\/fr\/2013\/07\/dasaplano-050-connect\/#breadcrumb"},"inLanguage":"fr-FR","potentialAction":[{"@type":"ReadAction","target":["https:\/\/blog.proclima.com\/fr\/2013\/07\/dasaplano-050-connect\/"]}]},{"@type":"ImageObject","inLanguage":"fr-FR","@id":"https:\/\/blog.proclima.com\/fr\/2013\/07\/dasaplano-050-connect\/#primaryimage","url":"http:\/\/blog.proclima.com\/fr\/files\/2013\/07\/dasa-300x274.jpg","contentUrl":"http:\/\/blog.proclima.com\/fr\/files\/2013\/07\/dasa-300x274.jpg"},{"@type":"BreadcrumbList","@id":"https:\/\/blog.proclima.com\/fr\/2013\/07\/dasaplano-050-connect\/#breadcrumb","itemListElement":[{"@type":"ListItem","position":1,"name":"Accueil","item":"https:\/\/blog.proclima.com\/fr\/"},{"@type":"ListItem","position":2,"name":"Une nouvelle membrane d\u2019\u00e9tanch\u00e9it\u00e9 \u00e0 l\u2019air pour une r\u00e9novation rapide et fiable du toit par l\u2019ext\u00e9rieur : DASAPLANO 0,50 connect \u2013 \u00ab Facile et fiable pour l\u2019artisan \u00bb"}]},{"@type":"WebSite","@id":"https:\/\/blog.proclima.com\/fr\/#website","url":"https:\/\/blog.proclima.com\/fr\/","name":"pro clima Blog - france","description":"pro clima Blog","publisher":{"@id":"https:\/\/blog.proclima.com\/fr\/#organization"},"potentialAction":[{"@type":"SearchAction","target":{"@type":"EntryPoint","urlTemplate":"https:\/\/blog.proclima.com\/fr\/?s={search_term_string}"},"query-input":{"@type":"PropertyValueSpecification","valueRequired":true,"valueName":"search_term_string"}}],"inLanguage":"fr-FR"},{"@type":"Organization","@id":"https:\/\/blog.proclima.com\/fr\/#organization","name":"pro clima Blog - france","url":"https:\/\/blog.proclima.com\/fr\/","logo":{"@type":"ImageObject","inLanguage":"fr-FR","@id":"https:\/\/blog.proclima.com\/fr\/#\/schema\/logo\/image\/","url":"https:\/\/blog.proclima.com\/fr\/files\/2025\/12\/logo_proclima_quadrat.png","contentUrl":"https:\/\/blog.proclima.com\/fr\/files\/2025\/12\/logo_proclima_quadrat.png","width":1200,"height":1200,"caption":"pro clima Blog - france"},"image":{"@id":"https:\/\/blog.proclima.com\/fr\/#\/schema\/logo\/image\/"}},{"@type":"Person","@id":"https:\/\/blog.proclima.com\/fr\/#\/schema\/person\/b3490e20200d5d45b8d56f555ceffc21","name":"Heide Merkel","image":{"@type":"ImageObject","inLanguage":"fr-FR","@id":"https:\/\/secure.gravatar.com\/avatar\/a4a1c909701780173c0b7a635fb539f21128c8d654b77311c92e724657788582?s=96&d=mm&r=g","url":"https:\/\/secure.gravatar.com\/avatar\/a4a1c909701780173c0b7a635fb539f21128c8d654b77311c92e724657788582?s=96&d=mm&r=g","contentUrl":"https:\/\/secure.gravatar.com\/avatar\/a4a1c909701780173c0b7a635fb539f21128c8d654b77311c92e724657788582?s=96&d=mm&r=g","caption":"Heide Merkel"},"description":"Fachjournalistin, Referentin, Steuerung Presse &amp; Digitale Medien bei Moll bau\u00f6kologische Produkte GmbH (pro clima). Als Japanologin und ausgebildete Redakteurin ist Heide eher zuf\u00e4llig in der Baubranche gelandet. Seit 2011 arbeitet sie f\u00fcr pro clima. Ihr Wissen zu effektiver Kommunikation gibt sie in Seminaren, Artikeln und Vortr\u00e4gen weiter. F\u00fcr den pro clima Blog, proclima.tv und das pro clima Bauradio interviewt sie interessante Menschen aus der Baubranche. Auf\u00a0 luftdichtheit-gepr\u00fcft.de bloggt Heide \u00fcber Leckagen, Luftdichtung und Qualit\u00e4ts\u00fcberpr\u00fcfung mit Blower-Door-Tests. Ihre Freizeit verbringt sie u.a. in den Vogesen, wo sie seit mehr als f\u00fcnf Jahren ein altes Bauernhaus saniert. Ihr neuestes Projekt:\u00a0 www.besser-als-marketing.de Hier gibt es Tipps, wie Unternehmen in der Baubranche ihre Sichtbarkeit erh\u00f6hen k\u00f6nnen. Die ersten Videos sind bereits online im Youtube Channel Wer mehr \u00fcber Heide Merkel erfahren m\u00f6chte, findet sie auf den g\u00e4ngigen Social Media Plattformen.","url":"https:\/\/blog.proclima.com\/fr\/author\/gentner\/"}]}},"_links":{"self":[{"href":"https:\/\/blog.proclima.com\/fr\/wp-json\/wp\/v2\/posts\/174","targetHints":{"allow":["GET"]}}],"collection":[{"href":"https:\/\/blog.proclima.com\/fr\/wp-json\/wp\/v2\/posts"}],"about":[{"href":"https:\/\/blog.proclima.com\/fr\/wp-json\/wp\/v2\/types\/post"}],"author":[{"embeddable":true,"href":"https:\/\/blog.proclima.com\/fr\/wp-json\/wp\/v2\/users\/18"}],"replies":[{"embeddable":true,"href":"https:\/\/blog.proclima.com\/fr\/wp-json\/wp\/v2\/comments?post=174"}],"version-history":[{"count":4,"href":"https:\/\/blog.proclima.com\/fr\/wp-json\/wp\/v2\/posts\/174\/revisions"}],"predecessor-version":[{"id":179,"href":"https:\/\/blog.proclima.com\/fr\/wp-json\/wp\/v2\/posts\/174\/revisions\/179"}],"wp:attachment":[{"href":"https:\/\/blog.proclima.com\/fr\/wp-json\/wp\/v2\/media?parent=174"}],"wp:term":[{"taxonomy":"category","embeddable":true,"href":"https:\/\/blog.proclima.com\/fr\/wp-json\/wp\/v2\/categories?post=174"},{"taxonomy":"post_tag","embeddable":true,"href":"https:\/\/blog.proclima.com\/fr\/wp-json\/wp\/v2\/tags?post=174"}],"curies":[{"name":"wp","href":"https:\/\/api.w.org\/{rel}","templated":true}]}}