
{"id":151,"date":"2013-04-17T10:08:50","date_gmt":"2013-04-17T08:08:50","guid":{"rendered":"http:\/\/blog.proclima.com\/fr\/?p=151"},"modified":"2013-04-17T10:09:11","modified_gmt":"2013-04-17T08:09:11","slug":"forum-bois-construction","status":"publish","type":"post","link":"https:\/\/blog.proclima.com\/fr\/2013\/04\/forum-bois-construction\/","title":{"rendered":"pro clima se pr\u00e9sente lors du congr\u00e8s Forum Bois Construction"},"content":{"rendered":"<figure id=\"attachment_152\" aria-describedby=\"caption-attachment-152\" style=\"width: 300px\" class=\"wp-caption alignleft\"><a href=\"http:\/\/www.forum-boisconstruction.com\/\" target=\"_blank\"><img loading=\"lazy\" decoding=\"async\" data-size=\"348x182\" class=\"size-medium wp-image-152\" alt=\"http:\/\/www.forum-boisconstruction.com\/\" src=\"http:\/\/blog.proclima.com\/fr\/files\/2013\/04\/screenie-300x156.jpg\" width=\"300\" height=\"156\" srcset=\"https:\/\/blog.proclima.com\/fr\/files\/2013\/04\/screenie-300x156.jpg 300w, https:\/\/blog.proclima.com\/fr\/files\/2013\/04\/screenie.jpg 348w\" sizes=\"auto, (max-width: 300px) 100vw, 300px\" \/><\/a><figcaption id=\"caption-attachment-152\" class=\"wp-caption-text\">http:\/\/www.forum-boisconstruction.com\/<\/figcaption><\/figure>\n<p>pro clima se pr\u00e9sente lors du congr\u00e8s Forum Bois Construction qui aura lieu \u00e0 Beaune du 25 au 26 avril 2013: \u00ab\u00a0Le forum bois construction joue parmi les \u00e9v\u00e8nements en France un r\u00f4le particulier. Lors de ce congr\u00e8s professionnel, un m\u00e9lange int\u00e9ressant d&rsquo;acteurs du secteur de la construction bois se rencontre. Outre l&rsquo;\u00e9change et la possibilit\u00e9 de nouer de nouveaux contacts, la qualit\u00e9 des interventions repr\u00e9sente pour nous<br \/>\nun \u00e9l\u00e9ment important pour suivre le d\u00e9veloppement actuel du march\u00e9 francais.\u00a0\u00bb d\u00e9clare Nicola Gauch qui participera \u00e0 l&rsquo;\u00e9v\u00e8nement avec ces coll\u00e9gues Leo Morche et Lorraine Guitton du service technique.<\/p>\n","protected":false},"excerpt":{"rendered":"<p>pro clima se pr\u00e9sente lors du congr\u00e8s Forum Bois Construction qui aura lieu \u00e0 Beaune du 25 au 26 avril 2013: \u00ab\u00a0Le forum bois construction <a href=\"https:\/\/blog.proclima.com\/fr\/2013\/04\/forum-bois-construction\/\" rel=\"bookmark\">&#8230;<\/a><\/p>\n","protected":false},"author":18,"featured_media":0,"comment_status":"open","ping_status":"open","sticky":false,"template":"","format":"standard","meta":{"footnotes":""},"categories":[1],"tags":[31],"class_list":["post-151","post","type-post","status-publish","format-standard","hentry","category-general","tag-forum-bois-construction"],"yoast_head":"<!-- This site is optimized with the Yoast SEO plugin v27.5 - https:\/\/yoast.com\/product\/yoast-seo-wordpress\/ -->\n<title>pro clima se pr\u00e9sente lors du congr\u00e8s Forum Bois Construction  - pro clima Blog - france<\/title>\n<meta name=\"robots\" content=\"index, follow, max-snippet:-1, max-image-preview:large, max-video-preview:-1\" \/>\n<link rel=\"canonical\" href=\"https:\/\/blog.proclima.com\/fr\/2013\/04\/forum-bois-construction\/\" \/>\n<meta property=\"og:locale\" content=\"fr_FR\" \/>\n<meta property=\"og:type\" content=\"article\" \/>\n<meta property=\"og:title\" content=\"pro clima se pr\u00e9sente lors du congr\u00e8s Forum Bois Construction  - pro clima Blog - france\" \/>\n<meta property=\"og:description\" content=\"pro clima se pr\u00e9sente lors du congr\u00e8s Forum Bois Construction qui aura lieu \u00e0 Beaune du 25 au 26 avril 2013: \u00ab\u00a0Le forum bois construction ...\" \/>\n<meta property=\"og:url\" content=\"https:\/\/blog.proclima.com\/fr\/2013\/04\/forum-bois-construction\/\" \/>\n<meta property=\"og:site_name\" content=\"pro clima Blog - france\" \/>\n<meta property=\"article:published_time\" content=\"2013-04-17T08:08:50+00:00\" \/>\n<meta property=\"article:modified_time\" content=\"2013-04-17T08:09:11+00:00\" \/>\n<meta property=\"og:image\" content=\"http:\/\/blog.proclima.com\/fr\/files\/2013\/04\/screenie-300x156.jpg\" \/>\n<meta name=\"author\" content=\"Heide Merkel\" \/>\n<meta name=\"twitter:card\" content=\"summary_large_image\" \/>\n<meta name=\"twitter:label1\" content=\"\u00c9crit par\" \/>\n\t<meta name=\"twitter:data1\" content=\"Heide Merkel\" \/>\n\t<meta name=\"twitter:label2\" content=\"Dur\u00e9e de lecture estim\u00e9e\" \/>\n\t<meta name=\"twitter:data2\" content=\"1 minute\" \/>\n<script type=\"application\/ld+json\" class=\"yoast-schema-graph\">{\"@context\":\"https:\\\/\\\/schema.org\",\"@graph\":[{\"@type\":\"Article\",\"@id\":\"https:\\\/\\\/blog.proclima.com\\\/fr\\\/2013\\\/04\\\/forum-bois-construction\\\/#article\",\"isPartOf\":{\"@id\":\"https:\\\/\\\/blog.proclima.com\\\/fr\\\/2013\\\/04\\\/forum-bois-construction\\\/\"},\"author\":{\"name\":\"Heide Merkel\",\"@id\":\"https:\\\/\\\/blog.proclima.com\\\/fr\\\/#\\\/schema\\\/person\\\/b3490e20200d5d45b8d56f555ceffc21\"},\"headline\":\"pro clima se pr\u00e9sente lors du congr\u00e8s Forum Bois Construction\",\"datePublished\":\"2013-04-17T08:08:50+00:00\",\"dateModified\":\"2013-04-17T08:09:11+00:00\",\"mainEntityOfPage\":{\"@id\":\"https:\\\/\\\/blog.proclima.com\\\/fr\\\/2013\\\/04\\\/forum-bois-construction\\\/\"},\"wordCount\":130,\"commentCount\":0,\"publisher\":{\"@id\":\"https:\\\/\\\/blog.proclima.com\\\/fr\\\/#organization\"},\"image\":{\"@id\":\"https:\\\/\\\/blog.proclima.com\\\/fr\\\/2013\\\/04\\\/forum-bois-construction\\\/#primaryimage\"},\"thumbnailUrl\":\"http:\\\/\\\/blog.proclima.com\\\/fr\\\/files\\\/2013\\\/04\\\/screenie-300x156.jpg\",\"keywords\":[\"Forum Bois Construction\"],\"articleSection\":[\"pro clima\"],\"inLanguage\":\"fr-FR\",\"potentialAction\":[{\"@type\":\"CommentAction\",\"name\":\"Comment\",\"target\":[\"https:\\\/\\\/blog.proclima.com\\\/fr\\\/2013\\\/04\\\/forum-bois-construction\\\/#respond\"]}]},{\"@type\":\"WebPage\",\"@id\":\"https:\\\/\\\/blog.proclima.com\\\/fr\\\/2013\\\/04\\\/forum-bois-construction\\\/\",\"url\":\"https:\\\/\\\/blog.proclima.com\\\/fr\\\/2013\\\/04\\\/forum-bois-construction\\\/\",\"name\":\"pro clima se pr\u00e9sente lors du congr\u00e8s Forum Bois Construction - pro clima Blog - france\",\"isPartOf\":{\"@id\":\"https:\\\/\\\/blog.proclima.com\\\/fr\\\/#website\"},\"primaryImageOfPage\":{\"@id\":\"https:\\\/\\\/blog.proclima.com\\\/fr\\\/2013\\\/04\\\/forum-bois-construction\\\/#primaryimage\"},\"image\":{\"@id\":\"https:\\\/\\\/blog.proclima.com\\\/fr\\\/2013\\\/04\\\/forum-bois-construction\\\/#primaryimage\"},\"thumbnailUrl\":\"http:\\\/\\\/blog.proclima.com\\\/fr\\\/files\\\/2013\\\/04\\\/screenie-300x156.jpg\",\"datePublished\":\"2013-04-17T08:08:50+00:00\",\"dateModified\":\"2013-04-17T08:09:11+00:00\",\"breadcrumb\":{\"@id\":\"https:\\\/\\\/blog.proclima.com\\\/fr\\\/2013\\\/04\\\/forum-bois-construction\\\/#breadcrumb\"},\"inLanguage\":\"fr-FR\",\"potentialAction\":[{\"@type\":\"ReadAction\",\"target\":[\"https:\\\/\\\/blog.proclima.com\\\/fr\\\/2013\\\/04\\\/forum-bois-construction\\\/\"]}]},{\"@type\":\"ImageObject\",\"inLanguage\":\"fr-FR\",\"@id\":\"https:\\\/\\\/blog.proclima.com\\\/fr\\\/2013\\\/04\\\/forum-bois-construction\\\/#primaryimage\",\"url\":\"http:\\\/\\\/blog.proclima.com\\\/fr\\\/files\\\/2013\\\/04\\\/screenie-300x156.jpg\",\"contentUrl\":\"http:\\\/\\\/blog.proclima.com\\\/fr\\\/files\\\/2013\\\/04\\\/screenie-300x156.jpg\"},{\"@type\":\"BreadcrumbList\",\"@id\":\"https:\\\/\\\/blog.proclima.com\\\/fr\\\/2013\\\/04\\\/forum-bois-construction\\\/#breadcrumb\",\"itemListElement\":[{\"@type\":\"ListItem\",\"position\":1,\"name\":\"Accueil\",\"item\":\"https:\\\/\\\/blog.proclima.com\\\/fr\\\/\"},{\"@type\":\"ListItem\",\"position\":2,\"name\":\"pro clima se pr\u00e9sente lors du congr\u00e8s Forum Bois Construction\"}]},{\"@type\":\"WebSite\",\"@id\":\"https:\\\/\\\/blog.proclima.com\\\/fr\\\/#website\",\"url\":\"https:\\\/\\\/blog.proclima.com\\\/fr\\\/\",\"name\":\"pro clima Blog - france\",\"description\":\"pro clima Blog\",\"publisher\":{\"@id\":\"https:\\\/\\\/blog.proclima.com\\\/fr\\\/#organization\"},\"potentialAction\":[{\"@type\":\"SearchAction\",\"target\":{\"@type\":\"EntryPoint\",\"urlTemplate\":\"https:\\\/\\\/blog.proclima.com\\\/fr\\\/?s={search_term_string}\"},\"query-input\":{\"@type\":\"PropertyValueSpecification\",\"valueRequired\":true,\"valueName\":\"search_term_string\"}}],\"inLanguage\":\"fr-FR\"},{\"@type\":\"Organization\",\"@id\":\"https:\\\/\\\/blog.proclima.com\\\/fr\\\/#organization\",\"name\":\"pro clima Blog - france\",\"url\":\"https:\\\/\\\/blog.proclima.com\\\/fr\\\/\",\"logo\":{\"@type\":\"ImageObject\",\"inLanguage\":\"fr-FR\",\"@id\":\"https:\\\/\\\/blog.proclima.com\\\/fr\\\/#\\\/schema\\\/logo\\\/image\\\/\",\"url\":\"https:\\\/\\\/blog.proclima.com\\\/fr\\\/files\\\/2025\\\/12\\\/logo_proclima_quadrat.png\",\"contentUrl\":\"https:\\\/\\\/blog.proclima.com\\\/fr\\\/files\\\/2025\\\/12\\\/logo_proclima_quadrat.png\",\"width\":1200,\"height\":1200,\"caption\":\"pro clima Blog - france\"},\"image\":{\"@id\":\"https:\\\/\\\/blog.proclima.com\\\/fr\\\/#\\\/schema\\\/logo\\\/image\\\/\"}},{\"@type\":\"Person\",\"@id\":\"https:\\\/\\\/blog.proclima.com\\\/fr\\\/#\\\/schema\\\/person\\\/b3490e20200d5d45b8d56f555ceffc21\",\"name\":\"Heide Merkel\",\"image\":{\"@type\":\"ImageObject\",\"inLanguage\":\"fr-FR\",\"@id\":\"https:\\\/\\\/secure.gravatar.com\\\/avatar\\\/a4a1c909701780173c0b7a635fb539f21128c8d654b77311c92e724657788582?s=96&d=mm&r=g\",\"url\":\"https:\\\/\\\/secure.gravatar.com\\\/avatar\\\/a4a1c909701780173c0b7a635fb539f21128c8d654b77311c92e724657788582?s=96&d=mm&r=g\",\"contentUrl\":\"https:\\\/\\\/secure.gravatar.com\\\/avatar\\\/a4a1c909701780173c0b7a635fb539f21128c8d654b77311c92e724657788582?s=96&d=mm&r=g\",\"caption\":\"Heide Merkel\"},\"description\":\"Fachjournalistin, Referentin, Steuerung Presse &amp; Digitale Medien bei Moll bau\u00f6kologische Produkte GmbH (pro clima). Als Japanologin und ausgebildete Redakteurin ist Heide eher zuf\u00e4llig in der Baubranche gelandet. Seit 2011 arbeitet sie f\u00fcr pro clima. Ihr Wissen zu effektiver Kommunikation gibt sie in Seminaren, Artikeln und Vortr\u00e4gen weiter. F\u00fcr den pro clima Blog, proclima.tv und das pro clima Bauradio interviewt sie interessante Menschen aus der Baubranche. Auf\u00a0 luftdichtheit-gepr\u00fcft.de bloggt Heide \u00fcber Leckagen, Luftdichtung und Qualit\u00e4ts\u00fcberpr\u00fcfung mit Blower-Door-Tests. Ihre Freizeit verbringt sie u.a. in den Vogesen, wo sie seit mehr als f\u00fcnf Jahren ein altes Bauernhaus saniert. Ihr neuestes Projekt:\u00a0 www.besser-als-marketing.de Hier gibt es Tipps, wie Unternehmen in der Baubranche ihre Sichtbarkeit erh\u00f6hen k\u00f6nnen. Die ersten Videos sind bereits online im Youtube Channel Wer mehr \u00fcber Heide Merkel erfahren m\u00f6chte, findet sie auf den g\u00e4ngigen Social Media Plattformen.\",\"url\":\"https:\\\/\\\/blog.proclima.com\\\/fr\\\/author\\\/gentner\\\/\"}]}<\/script>\n<!-- \/ Yoast SEO plugin. -->","yoast_head_json":{"title":"pro clima se pr\u00e9sente lors du congr\u00e8s Forum Bois Construction  - pro clima Blog - france","robots":{"index":"index","follow":"follow","max-snippet":"max-snippet:-1","max-image-preview":"max-image-preview:large","max-video-preview":"max-video-preview:-1"},"canonical":"https:\/\/blog.proclima.com\/fr\/2013\/04\/forum-bois-construction\/","og_locale":"fr_FR","og_type":"article","og_title":"pro clima se pr\u00e9sente lors du congr\u00e8s Forum Bois Construction  - pro clima Blog - france","og_description":"pro clima se pr\u00e9sente lors du congr\u00e8s Forum Bois Construction qui aura lieu \u00e0 Beaune du 25 au 26 avril 2013: \u00ab\u00a0Le forum bois construction ...","og_url":"https:\/\/blog.proclima.com\/fr\/2013\/04\/forum-bois-construction\/","og_site_name":"pro clima Blog - france","article_published_time":"2013-04-17T08:08:50+00:00","article_modified_time":"2013-04-17T08:09:11+00:00","og_image":[{"url":"http:\/\/blog.proclima.com\/fr\/files\/2013\/04\/screenie-300x156.jpg","type":"","width":"","height":""}],"author":"Heide Merkel","twitter_card":"summary_large_image","twitter_misc":{"\u00c9crit par":"Heide Merkel","Dur\u00e9e de lecture estim\u00e9e":"1 minute"},"schema":{"@context":"https:\/\/schema.org","@graph":[{"@type":"Article","@id":"https:\/\/blog.proclima.com\/fr\/2013\/04\/forum-bois-construction\/#article","isPartOf":{"@id":"https:\/\/blog.proclima.com\/fr\/2013\/04\/forum-bois-construction\/"},"author":{"name":"Heide Merkel","@id":"https:\/\/blog.proclima.com\/fr\/#\/schema\/person\/b3490e20200d5d45b8d56f555ceffc21"},"headline":"pro clima se pr\u00e9sente lors du congr\u00e8s Forum Bois Construction","datePublished":"2013-04-17T08:08:50+00:00","dateModified":"2013-04-17T08:09:11+00:00","mainEntityOfPage":{"@id":"https:\/\/blog.proclima.com\/fr\/2013\/04\/forum-bois-construction\/"},"wordCount":130,"commentCount":0,"publisher":{"@id":"https:\/\/blog.proclima.com\/fr\/#organization"},"image":{"@id":"https:\/\/blog.proclima.com\/fr\/2013\/04\/forum-bois-construction\/#primaryimage"},"thumbnailUrl":"http:\/\/blog.proclima.com\/fr\/files\/2013\/04\/screenie-300x156.jpg","keywords":["Forum Bois Construction"],"articleSection":["pro clima"],"inLanguage":"fr-FR","potentialAction":[{"@type":"CommentAction","name":"Comment","target":["https:\/\/blog.proclima.com\/fr\/2013\/04\/forum-bois-construction\/#respond"]}]},{"@type":"WebPage","@id":"https:\/\/blog.proclima.com\/fr\/2013\/04\/forum-bois-construction\/","url":"https:\/\/blog.proclima.com\/fr\/2013\/04\/forum-bois-construction\/","name":"pro clima se pr\u00e9sente lors du congr\u00e8s Forum Bois Construction - pro clima Blog - france","isPartOf":{"@id":"https:\/\/blog.proclima.com\/fr\/#website"},"primaryImageOfPage":{"@id":"https:\/\/blog.proclima.com\/fr\/2013\/04\/forum-bois-construction\/#primaryimage"},"image":{"@id":"https:\/\/blog.proclima.com\/fr\/2013\/04\/forum-bois-construction\/#primaryimage"},"thumbnailUrl":"http:\/\/blog.proclima.com\/fr\/files\/2013\/04\/screenie-300x156.jpg","datePublished":"2013-04-17T08:08:50+00:00","dateModified":"2013-04-17T08:09:11+00:00","breadcrumb":{"@id":"https:\/\/blog.proclima.com\/fr\/2013\/04\/forum-bois-construction\/#breadcrumb"},"inLanguage":"fr-FR","potentialAction":[{"@type":"ReadAction","target":["https:\/\/blog.proclima.com\/fr\/2013\/04\/forum-bois-construction\/"]}]},{"@type":"ImageObject","inLanguage":"fr-FR","@id":"https:\/\/blog.proclima.com\/fr\/2013\/04\/forum-bois-construction\/#primaryimage","url":"http:\/\/blog.proclima.com\/fr\/files\/2013\/04\/screenie-300x156.jpg","contentUrl":"http:\/\/blog.proclima.com\/fr\/files\/2013\/04\/screenie-300x156.jpg"},{"@type":"BreadcrumbList","@id":"https:\/\/blog.proclima.com\/fr\/2013\/04\/forum-bois-construction\/#breadcrumb","itemListElement":[{"@type":"ListItem","position":1,"name":"Accueil","item":"https:\/\/blog.proclima.com\/fr\/"},{"@type":"ListItem","position":2,"name":"pro clima se pr\u00e9sente lors du congr\u00e8s Forum Bois Construction"}]},{"@type":"WebSite","@id":"https:\/\/blog.proclima.com\/fr\/#website","url":"https:\/\/blog.proclima.com\/fr\/","name":"pro clima Blog - france","description":"pro clima Blog","publisher":{"@id":"https:\/\/blog.proclima.com\/fr\/#organization"},"potentialAction":[{"@type":"SearchAction","target":{"@type":"EntryPoint","urlTemplate":"https:\/\/blog.proclima.com\/fr\/?s={search_term_string}"},"query-input":{"@type":"PropertyValueSpecification","valueRequired":true,"valueName":"search_term_string"}}],"inLanguage":"fr-FR"},{"@type":"Organization","@id":"https:\/\/blog.proclima.com\/fr\/#organization","name":"pro clima Blog - france","url":"https:\/\/blog.proclima.com\/fr\/","logo":{"@type":"ImageObject","inLanguage":"fr-FR","@id":"https:\/\/blog.proclima.com\/fr\/#\/schema\/logo\/image\/","url":"https:\/\/blog.proclima.com\/fr\/files\/2025\/12\/logo_proclima_quadrat.png","contentUrl":"https:\/\/blog.proclima.com\/fr\/files\/2025\/12\/logo_proclima_quadrat.png","width":1200,"height":1200,"caption":"pro clima Blog - france"},"image":{"@id":"https:\/\/blog.proclima.com\/fr\/#\/schema\/logo\/image\/"}},{"@type":"Person","@id":"https:\/\/blog.proclima.com\/fr\/#\/schema\/person\/b3490e20200d5d45b8d56f555ceffc21","name":"Heide Merkel","image":{"@type":"ImageObject","inLanguage":"fr-FR","@id":"https:\/\/secure.gravatar.com\/avatar\/a4a1c909701780173c0b7a635fb539f21128c8d654b77311c92e724657788582?s=96&d=mm&r=g","url":"https:\/\/secure.gravatar.com\/avatar\/a4a1c909701780173c0b7a635fb539f21128c8d654b77311c92e724657788582?s=96&d=mm&r=g","contentUrl":"https:\/\/secure.gravatar.com\/avatar\/a4a1c909701780173c0b7a635fb539f21128c8d654b77311c92e724657788582?s=96&d=mm&r=g","caption":"Heide Merkel"},"description":"Fachjournalistin, Referentin, Steuerung Presse &amp; Digitale Medien bei Moll bau\u00f6kologische Produkte GmbH (pro clima). Als Japanologin und ausgebildete Redakteurin ist Heide eher zuf\u00e4llig in der Baubranche gelandet. Seit 2011 arbeitet sie f\u00fcr pro clima. Ihr Wissen zu effektiver Kommunikation gibt sie in Seminaren, Artikeln und Vortr\u00e4gen weiter. F\u00fcr den pro clima Blog, proclima.tv und das pro clima Bauradio interviewt sie interessante Menschen aus der Baubranche. Auf\u00a0 luftdichtheit-gepr\u00fcft.de bloggt Heide \u00fcber Leckagen, Luftdichtung und Qualit\u00e4ts\u00fcberpr\u00fcfung mit Blower-Door-Tests. Ihre Freizeit verbringt sie u.a. in den Vogesen, wo sie seit mehr als f\u00fcnf Jahren ein altes Bauernhaus saniert. Ihr neuestes Projekt:\u00a0 www.besser-als-marketing.de Hier gibt es Tipps, wie Unternehmen in der Baubranche ihre Sichtbarkeit erh\u00f6hen k\u00f6nnen. Die ersten Videos sind bereits online im Youtube Channel Wer mehr \u00fcber Heide Merkel erfahren m\u00f6chte, findet sie auf den g\u00e4ngigen Social Media Plattformen.","url":"https:\/\/blog.proclima.com\/fr\/author\/gentner\/"}]}},"_links":{"self":[{"href":"https:\/\/blog.proclima.com\/fr\/wp-json\/wp\/v2\/posts\/151","targetHints":{"allow":["GET"]}}],"collection":[{"href":"https:\/\/blog.proclima.com\/fr\/wp-json\/wp\/v2\/posts"}],"about":[{"href":"https:\/\/blog.proclima.com\/fr\/wp-json\/wp\/v2\/types\/post"}],"author":[{"embeddable":true,"href":"https:\/\/blog.proclima.com\/fr\/wp-json\/wp\/v2\/users\/18"}],"replies":[{"embeddable":true,"href":"https:\/\/blog.proclima.com\/fr\/wp-json\/wp\/v2\/comments?post=151"}],"version-history":[{"count":4,"href":"https:\/\/blog.proclima.com\/fr\/wp-json\/wp\/v2\/posts\/151\/revisions"}],"predecessor-version":[{"id":156,"href":"https:\/\/blog.proclima.com\/fr\/wp-json\/wp\/v2\/posts\/151\/revisions\/156"}],"wp:attachment":[{"href":"https:\/\/blog.proclima.com\/fr\/wp-json\/wp\/v2\/media?parent=151"}],"wp:term":[{"taxonomy":"category","embeddable":true,"href":"https:\/\/blog.proclima.com\/fr\/wp-json\/wp\/v2\/categories?post=151"},{"taxonomy":"post_tag","embeddable":true,"href":"https:\/\/blog.proclima.com\/fr\/wp-json\/wp\/v2\/tags?post=151"}],"curies":[{"name":"wp","href":"https:\/\/api.w.org\/{rel}","templated":true}]}}