
{"id":123,"date":"2013-01-10T13:26:17","date_gmt":"2013-01-10T12:26:17","guid":{"rendered":"http:\/\/blog.proclima.com\/fr\/?p=123"},"modified":"2013-02-04T10:43:46","modified_gmt":"2013-02-04T09:43:46","slug":"savoir-2013-2014-2","status":"publish","type":"post","link":"https:\/\/blog.proclima.com\/fr\/2013\/01\/savoir-2013-2014-2\/","title":{"rendered":"Nouveau manuel de la construction et de la r\u00e9novation SAVOIR 2013-2014 : des recommandations de construction in\u00e9dites"},"content":{"rendered":"<p><a href=\"http:\/\/blog.proclima.com\/fr\/files\/2013\/01\/Cover_fr_FR_coverplS02plS369_2013.jpg\"><img loading=\"lazy\" decoding=\"async\" data-size=\"2476x3508\" class=\"alignright size-thumbnail wp-image-106\" alt=\"Cover_fr_FR_coverplS02plS369_2013\" src=\"http:\/\/blog.proclima.com\/fr\/files\/2013\/01\/Cover_fr_FR_coverplS02plS369_2013-150x150.jpg\" width=\"150\" height=\"150\" \/><\/a>Consignes de mise en \u0153uvre, recommandations techniques, nouveaux produits pour l\u2019\u00e9tanch\u00e9it\u00e9 \u00e0 l\u2019air \u00e0 l\u2019int\u00e9rieur et l\u2019\u00e9tanch\u00e9it\u00e9 au vent \u00e0 l\u2019ext\u00e9rieur\u00a0: le nouveau manuel de construction et de r\u00e9novation SAVOIR constitue pour les architectes, concepteurs et artisans un ouvrage de r\u00e9f\u00e9rence complet qui leur permet d\u2019encore mieux comprendre, planifier et r\u00e9aliser la couche d\u2019\u00e9tanch\u00e9it\u00e9 \u00e0 l\u2019air et au vent dans les b\u00e2timents.<\/p>\n<p>\u00ab\u00a0Dans le cadre d\u2019une \u00e9tude men\u00e9e pour l\u2019\u00e9dition actuelle de SAVOIR, nous avons analys\u00e9 les huit r\u00e9gions climatiques de France et leurs diff\u00e9rentes incidences sur les constructions. Nous montrons ainsi comment les frein-vapeurs hygrovariables augmentent le potentiel de pr\u00e9vention des d\u00e9g\u00e2ts au b\u00e2timent\u00a0\u00bb, explique Michael F\u00f6rster, ing\u00e9nieur dipl\u00f4m\u00e9 et responsable des techniques d\u2019application chez pro clima.<!--more--><br \/>\nOutre l\u2019\u00e9tude sur le calcul du potentiel de pr\u00e9vention des d\u00e9g\u00e2ts au b\u00e2timent, le nouveau manuel SAVOIR comprend aussi une seconde \u00e9tude sur la r\u00e9novation, avec des conseils de conception et de r\u00e9alisation pour des r\u00e9novations fiables. \u00ab\u00a0En France, de plus en plus de b\u00e2timents ne r\u00e9pondent pas \u00e0 la norme \u00e9nerg\u00e9tique actuelle. Gr\u00e2ce \u00e0 une r\u00e9novation dans les r\u00e8gles de l\u2019art, les propri\u00e9taires immobiliers peuvent \u00e9conomiser des frais d\u2019\u00e9nergie consid\u00e9rables. De plus, ils contribuent \u00e0 la protection de l\u2019environnement, en r\u00e9duisant leurs \u00e9missions de CO2\u00a0\u00bb, d\u00e9clare Oliver Goldau du service marketing.<\/p>\n<p>Dans un volet pr\u00e9sent\u00e9 sous forme de magazine et consacr\u00e9 \u00e0 des th\u00e8mes tr\u00e8s vari\u00e9s, SAVOIR informe les lecteurs de projets de construction passionnants, de b\u00e2timents innovants et d\u2019engagements concrets pour l\u2019avenir\u00a0: \u00ab\u00a0Cette ann\u00e9e, c\u2019est l\u2019\u00e9quipe fran\u00e7aise Rh\u00f4ne-Alpes qui a remport\u00e9 le concours Solar Decathlon, avec son projet Canopea. Nous sommes heureux que pro clima ait pu l\u2019aider par ses conseils techniques et son assistance mat\u00e9rielle. Dans SAVOIR, nous pr\u00e9sentons le projet ainsi que ses tenants et aboutissants.\u00a0\u00bb<br \/>\nConceptrice et productrice de syst\u00e8mes d\u2019\u00e9tanch\u00e9it\u00e9 \u00e0 l\u2019air et au vent pour des structures d&rsquo;isolation thermique fiables, la soci\u00e9t\u00e9 pro clima sera \u00e9galement pr\u00e9sente \u00e0 Munich au salon BAU d\u00e9di\u00e9 \u00e0 la construction en bois, du 14 au 19\u00a0janvier 2013. La nouvelle \u00e9dition SAVOIR y sera \u00e9videmment disponible (hall A5, stand 200).<\/p>\n<p>Les ing\u00e9nieurs de la hotline technique pro clima vous conseillent volontiers afin de contribuer, depuis la planification jusqu\u2019\u00e0 l\u2019ex\u00e9cution, \u00e0 des constructions fiables, \u00e9conomiques et saines. Les ing\u00e9nieurs sp\u00e9cialis\u00e9s dans la construction en bois et le b\u00e2timent sont accessibles du lundi au vendredi\u00a0au 0811 850 149.<\/p>\n<p>Le manuel SAVOIR est envoy\u00e9 d\u00e8s janvier 2013. Vous pouvez le commander gratuitement \u00e0 l\u2019adresse e-mail:<a href=\"mailto:info@proclima.info\"> info@proclima.info.<\/a><\/p>\n<p><strong>Service de presse<\/strong><br \/>\nMme Nicola Gauch<br \/>\nt\u00e9l.: 0811 850 147<br \/>\n<a href=\"mailto:nicola.gauch@proclima.info\">nicola.gauch@proclima.info<\/a><\/p>\n","protected":false},"excerpt":{"rendered":"<p>Consignes de mise en \u0153uvre, recommandations techniques, nouveaux produits pour l\u2019\u00e9tanch\u00e9it\u00e9 \u00e0 l\u2019air \u00e0 l\u2019int\u00e9rieur et l\u2019\u00e9tanch\u00e9it\u00e9 au vent \u00e0 l\u2019ext\u00e9rieur\u00a0: le nouveau manuel de <a href=\"https:\/\/blog.proclima.com\/fr\/2013\/01\/savoir-2013-2014-2\/\" rel=\"bookmark\">&#8230;<\/a><\/p>\n","protected":false},"author":18,"featured_media":0,"comment_status":"open","ping_status":"open","sticky":false,"template":"","format":"standard","meta":{"footnotes":""},"categories":[1],"tags":[24],"class_list":["post-123","post","type-post","status-publish","format-standard","hentry","category-general","tag-savoir"],"yoast_head":"<!-- This site is optimized with the Yoast SEO plugin v27.5 - https:\/\/yoast.com\/product\/yoast-seo-wordpress\/ -->\n<title>Nouveau manuel de la construction et de la r\u00e9novation SAVOIR 2013-2014 : des recommandations de construction in\u00e9dites - pro clima Blog - france<\/title>\n<meta name=\"robots\" content=\"index, follow, max-snippet:-1, max-image-preview:large, max-video-preview:-1\" \/>\n<link rel=\"canonical\" href=\"https:\/\/blog.proclima.com\/fr\/2013\/01\/savoir-2013-2014-2\/\" \/>\n<meta property=\"og:locale\" content=\"fr_FR\" \/>\n<meta property=\"og:type\" content=\"article\" \/>\n<meta property=\"og:title\" content=\"Nouveau manuel de la construction et de la r\u00e9novation SAVOIR 2013-2014 : des recommandations de construction in\u00e9dites - pro clima Blog - france\" \/>\n<meta property=\"og:description\" content=\"Consignes de mise en \u0153uvre, recommandations techniques, nouveaux produits pour l\u2019\u00e9tanch\u00e9it\u00e9 \u00e0 l\u2019air \u00e0 l\u2019int\u00e9rieur et l\u2019\u00e9tanch\u00e9it\u00e9 au vent \u00e0 l\u2019ext\u00e9rieur\u00a0: le nouveau manuel de ...\" \/>\n<meta property=\"og:url\" content=\"https:\/\/blog.proclima.com\/fr\/2013\/01\/savoir-2013-2014-2\/\" \/>\n<meta property=\"og:site_name\" content=\"pro clima Blog - france\" \/>\n<meta property=\"article:published_time\" content=\"2013-01-10T12:26:17+00:00\" \/>\n<meta property=\"article:modified_time\" content=\"2013-02-04T09:43:46+00:00\" \/>\n<meta property=\"og:image\" content=\"http:\/\/blog.proclima.com\/fr\/files\/2013\/01\/Cover_fr_FR_coverplS02plS369_2013-150x150.jpg\" \/>\n<meta name=\"author\" content=\"Heide Merkel\" \/>\n<meta name=\"twitter:card\" content=\"summary_large_image\" \/>\n<meta name=\"twitter:label1\" content=\"\u00c9crit par\" \/>\n\t<meta name=\"twitter:data1\" content=\"Heide Merkel\" \/>\n\t<meta name=\"twitter:label2\" content=\"Dur\u00e9e de lecture estim\u00e9e\" \/>\n\t<meta name=\"twitter:data2\" content=\"2 minutes\" \/>\n<script type=\"application\/ld+json\" class=\"yoast-schema-graph\">{\"@context\":\"https:\\\/\\\/schema.org\",\"@graph\":[{\"@type\":\"Article\",\"@id\":\"https:\\\/\\\/blog.proclima.com\\\/fr\\\/2013\\\/01\\\/savoir-2013-2014-2\\\/#article\",\"isPartOf\":{\"@id\":\"https:\\\/\\\/blog.proclima.com\\\/fr\\\/2013\\\/01\\\/savoir-2013-2014-2\\\/\"},\"author\":{\"name\":\"Heide Merkel\",\"@id\":\"https:\\\/\\\/blog.proclima.com\\\/fr\\\/#\\\/schema\\\/person\\\/b3490e20200d5d45b8d56f555ceffc21\"},\"headline\":\"Nouveau manuel de la construction et de la r\u00e9novation SAVOIR 2013-2014 : des recommandations de construction in\u00e9dites\",\"datePublished\":\"2013-01-10T12:26:17+00:00\",\"dateModified\":\"2013-02-04T09:43:46+00:00\",\"mainEntityOfPage\":{\"@id\":\"https:\\\/\\\/blog.proclima.com\\\/fr\\\/2013\\\/01\\\/savoir-2013-2014-2\\\/\"},\"wordCount\":499,\"commentCount\":0,\"publisher\":{\"@id\":\"https:\\\/\\\/blog.proclima.com\\\/fr\\\/#organization\"},\"image\":{\"@id\":\"https:\\\/\\\/blog.proclima.com\\\/fr\\\/2013\\\/01\\\/savoir-2013-2014-2\\\/#primaryimage\"},\"thumbnailUrl\":\"http:\\\/\\\/blog.proclima.com\\\/fr\\\/files\\\/2013\\\/01\\\/Cover_fr_FR_coverplS02plS369_2013-150x150.jpg\",\"keywords\":[\"Savoir\"],\"articleSection\":[\"pro clima\"],\"inLanguage\":\"fr-FR\",\"potentialAction\":[{\"@type\":\"CommentAction\",\"name\":\"Comment\",\"target\":[\"https:\\\/\\\/blog.proclima.com\\\/fr\\\/2013\\\/01\\\/savoir-2013-2014-2\\\/#respond\"]}]},{\"@type\":\"WebPage\",\"@id\":\"https:\\\/\\\/blog.proclima.com\\\/fr\\\/2013\\\/01\\\/savoir-2013-2014-2\\\/\",\"url\":\"https:\\\/\\\/blog.proclima.com\\\/fr\\\/2013\\\/01\\\/savoir-2013-2014-2\\\/\",\"name\":\"Nouveau manuel de la construction et de la r\u00e9novation SAVOIR 2013-2014 : des recommandations de construction in\u00e9dites - pro clima Blog - france\",\"isPartOf\":{\"@id\":\"https:\\\/\\\/blog.proclima.com\\\/fr\\\/#website\"},\"primaryImageOfPage\":{\"@id\":\"https:\\\/\\\/blog.proclima.com\\\/fr\\\/2013\\\/01\\\/savoir-2013-2014-2\\\/#primaryimage\"},\"image\":{\"@id\":\"https:\\\/\\\/blog.proclima.com\\\/fr\\\/2013\\\/01\\\/savoir-2013-2014-2\\\/#primaryimage\"},\"thumbnailUrl\":\"http:\\\/\\\/blog.proclima.com\\\/fr\\\/files\\\/2013\\\/01\\\/Cover_fr_FR_coverplS02plS369_2013-150x150.jpg\",\"datePublished\":\"2013-01-10T12:26:17+00:00\",\"dateModified\":\"2013-02-04T09:43:46+00:00\",\"breadcrumb\":{\"@id\":\"https:\\\/\\\/blog.proclima.com\\\/fr\\\/2013\\\/01\\\/savoir-2013-2014-2\\\/#breadcrumb\"},\"inLanguage\":\"fr-FR\",\"potentialAction\":[{\"@type\":\"ReadAction\",\"target\":[\"https:\\\/\\\/blog.proclima.com\\\/fr\\\/2013\\\/01\\\/savoir-2013-2014-2\\\/\"]}]},{\"@type\":\"ImageObject\",\"inLanguage\":\"fr-FR\",\"@id\":\"https:\\\/\\\/blog.proclima.com\\\/fr\\\/2013\\\/01\\\/savoir-2013-2014-2\\\/#primaryimage\",\"url\":\"http:\\\/\\\/blog.proclima.com\\\/fr\\\/files\\\/2013\\\/01\\\/Cover_fr_FR_coverplS02plS369_2013-150x150.jpg\",\"contentUrl\":\"http:\\\/\\\/blog.proclima.com\\\/fr\\\/files\\\/2013\\\/01\\\/Cover_fr_FR_coverplS02plS369_2013-150x150.jpg\"},{\"@type\":\"BreadcrumbList\",\"@id\":\"https:\\\/\\\/blog.proclima.com\\\/fr\\\/2013\\\/01\\\/savoir-2013-2014-2\\\/#breadcrumb\",\"itemListElement\":[{\"@type\":\"ListItem\",\"position\":1,\"name\":\"Accueil\",\"item\":\"https:\\\/\\\/blog.proclima.com\\\/fr\\\/\"},{\"@type\":\"ListItem\",\"position\":2,\"name\":\"Nouveau manuel de la construction et de la r\u00e9novation SAVOIR 2013-2014 : des recommandations de construction in\u00e9dites\"}]},{\"@type\":\"WebSite\",\"@id\":\"https:\\\/\\\/blog.proclima.com\\\/fr\\\/#website\",\"url\":\"https:\\\/\\\/blog.proclima.com\\\/fr\\\/\",\"name\":\"pro clima Blog - france\",\"description\":\"pro clima Blog\",\"publisher\":{\"@id\":\"https:\\\/\\\/blog.proclima.com\\\/fr\\\/#organization\"},\"potentialAction\":[{\"@type\":\"SearchAction\",\"target\":{\"@type\":\"EntryPoint\",\"urlTemplate\":\"https:\\\/\\\/blog.proclima.com\\\/fr\\\/?s={search_term_string}\"},\"query-input\":{\"@type\":\"PropertyValueSpecification\",\"valueRequired\":true,\"valueName\":\"search_term_string\"}}],\"inLanguage\":\"fr-FR\"},{\"@type\":\"Organization\",\"@id\":\"https:\\\/\\\/blog.proclima.com\\\/fr\\\/#organization\",\"name\":\"pro clima Blog - france\",\"url\":\"https:\\\/\\\/blog.proclima.com\\\/fr\\\/\",\"logo\":{\"@type\":\"ImageObject\",\"inLanguage\":\"fr-FR\",\"@id\":\"https:\\\/\\\/blog.proclima.com\\\/fr\\\/#\\\/schema\\\/logo\\\/image\\\/\",\"url\":\"https:\\\/\\\/blog.proclima.com\\\/fr\\\/files\\\/2025\\\/12\\\/logo_proclima_quadrat.png\",\"contentUrl\":\"https:\\\/\\\/blog.proclima.com\\\/fr\\\/files\\\/2025\\\/12\\\/logo_proclima_quadrat.png\",\"width\":1200,\"height\":1200,\"caption\":\"pro clima Blog - france\"},\"image\":{\"@id\":\"https:\\\/\\\/blog.proclima.com\\\/fr\\\/#\\\/schema\\\/logo\\\/image\\\/\"}},{\"@type\":\"Person\",\"@id\":\"https:\\\/\\\/blog.proclima.com\\\/fr\\\/#\\\/schema\\\/person\\\/b3490e20200d5d45b8d56f555ceffc21\",\"name\":\"Heide Merkel\",\"image\":{\"@type\":\"ImageObject\",\"inLanguage\":\"fr-FR\",\"@id\":\"https:\\\/\\\/secure.gravatar.com\\\/avatar\\\/a4a1c909701780173c0b7a635fb539f21128c8d654b77311c92e724657788582?s=96&d=mm&r=g\",\"url\":\"https:\\\/\\\/secure.gravatar.com\\\/avatar\\\/a4a1c909701780173c0b7a635fb539f21128c8d654b77311c92e724657788582?s=96&d=mm&r=g\",\"contentUrl\":\"https:\\\/\\\/secure.gravatar.com\\\/avatar\\\/a4a1c909701780173c0b7a635fb539f21128c8d654b77311c92e724657788582?s=96&d=mm&r=g\",\"caption\":\"Heide Merkel\"},\"description\":\"Fachjournalistin, Referentin, Steuerung Presse &amp; Digitale Medien bei Moll bau\u00f6kologische Produkte GmbH (pro clima). Als Japanologin und ausgebildete Redakteurin ist Heide eher zuf\u00e4llig in der Baubranche gelandet. Seit 2011 arbeitet sie f\u00fcr pro clima. Ihr Wissen zu effektiver Kommunikation gibt sie in Seminaren, Artikeln und Vortr\u00e4gen weiter. F\u00fcr den pro clima Blog, proclima.tv und das pro clima Bauradio interviewt sie interessante Menschen aus der Baubranche. Auf\u00a0 luftdichtheit-gepr\u00fcft.de bloggt Heide \u00fcber Leckagen, Luftdichtung und Qualit\u00e4ts\u00fcberpr\u00fcfung mit Blower-Door-Tests. Ihre Freizeit verbringt sie u.a. in den Vogesen, wo sie seit mehr als f\u00fcnf Jahren ein altes Bauernhaus saniert. Ihr neuestes Projekt:\u00a0 www.besser-als-marketing.de Hier gibt es Tipps, wie Unternehmen in der Baubranche ihre Sichtbarkeit erh\u00f6hen k\u00f6nnen. Die ersten Videos sind bereits online im Youtube Channel Wer mehr \u00fcber Heide Merkel erfahren m\u00f6chte, findet sie auf den g\u00e4ngigen Social Media Plattformen.\",\"url\":\"https:\\\/\\\/blog.proclima.com\\\/fr\\\/author\\\/gentner\\\/\"}]}<\/script>\n<!-- \/ Yoast SEO plugin. -->","yoast_head_json":{"title":"Nouveau manuel de la construction et de la r\u00e9novation SAVOIR 2013-2014 : des recommandations de construction in\u00e9dites - pro clima Blog - france","robots":{"index":"index","follow":"follow","max-snippet":"max-snippet:-1","max-image-preview":"max-image-preview:large","max-video-preview":"max-video-preview:-1"},"canonical":"https:\/\/blog.proclima.com\/fr\/2013\/01\/savoir-2013-2014-2\/","og_locale":"fr_FR","og_type":"article","og_title":"Nouveau manuel de la construction et de la r\u00e9novation SAVOIR 2013-2014 : des recommandations de construction in\u00e9dites - pro clima Blog - france","og_description":"Consignes de mise en \u0153uvre, recommandations techniques, nouveaux produits pour l\u2019\u00e9tanch\u00e9it\u00e9 \u00e0 l\u2019air \u00e0 l\u2019int\u00e9rieur et l\u2019\u00e9tanch\u00e9it\u00e9 au vent \u00e0 l\u2019ext\u00e9rieur\u00a0: le nouveau manuel de ...","og_url":"https:\/\/blog.proclima.com\/fr\/2013\/01\/savoir-2013-2014-2\/","og_site_name":"pro clima Blog - france","article_published_time":"2013-01-10T12:26:17+00:00","article_modified_time":"2013-02-04T09:43:46+00:00","og_image":[{"url":"http:\/\/blog.proclima.com\/fr\/files\/2013\/01\/Cover_fr_FR_coverplS02plS369_2013-150x150.jpg","type":"","width":"","height":""}],"author":"Heide Merkel","twitter_card":"summary_large_image","twitter_misc":{"\u00c9crit par":"Heide Merkel","Dur\u00e9e de lecture estim\u00e9e":"2 minutes"},"schema":{"@context":"https:\/\/schema.org","@graph":[{"@type":"Article","@id":"https:\/\/blog.proclima.com\/fr\/2013\/01\/savoir-2013-2014-2\/#article","isPartOf":{"@id":"https:\/\/blog.proclima.com\/fr\/2013\/01\/savoir-2013-2014-2\/"},"author":{"name":"Heide Merkel","@id":"https:\/\/blog.proclima.com\/fr\/#\/schema\/person\/b3490e20200d5d45b8d56f555ceffc21"},"headline":"Nouveau manuel de la construction et de la r\u00e9novation SAVOIR 2013-2014 : des recommandations de construction in\u00e9dites","datePublished":"2013-01-10T12:26:17+00:00","dateModified":"2013-02-04T09:43:46+00:00","mainEntityOfPage":{"@id":"https:\/\/blog.proclima.com\/fr\/2013\/01\/savoir-2013-2014-2\/"},"wordCount":499,"commentCount":0,"publisher":{"@id":"https:\/\/blog.proclima.com\/fr\/#organization"},"image":{"@id":"https:\/\/blog.proclima.com\/fr\/2013\/01\/savoir-2013-2014-2\/#primaryimage"},"thumbnailUrl":"http:\/\/blog.proclima.com\/fr\/files\/2013\/01\/Cover_fr_FR_coverplS02plS369_2013-150x150.jpg","keywords":["Savoir"],"articleSection":["pro clima"],"inLanguage":"fr-FR","potentialAction":[{"@type":"CommentAction","name":"Comment","target":["https:\/\/blog.proclima.com\/fr\/2013\/01\/savoir-2013-2014-2\/#respond"]}]},{"@type":"WebPage","@id":"https:\/\/blog.proclima.com\/fr\/2013\/01\/savoir-2013-2014-2\/","url":"https:\/\/blog.proclima.com\/fr\/2013\/01\/savoir-2013-2014-2\/","name":"Nouveau manuel de la construction et de la r\u00e9novation SAVOIR 2013-2014 : des recommandations de construction in\u00e9dites - pro clima Blog - france","isPartOf":{"@id":"https:\/\/blog.proclima.com\/fr\/#website"},"primaryImageOfPage":{"@id":"https:\/\/blog.proclima.com\/fr\/2013\/01\/savoir-2013-2014-2\/#primaryimage"},"image":{"@id":"https:\/\/blog.proclima.com\/fr\/2013\/01\/savoir-2013-2014-2\/#primaryimage"},"thumbnailUrl":"http:\/\/blog.proclima.com\/fr\/files\/2013\/01\/Cover_fr_FR_coverplS02plS369_2013-150x150.jpg","datePublished":"2013-01-10T12:26:17+00:00","dateModified":"2013-02-04T09:43:46+00:00","breadcrumb":{"@id":"https:\/\/blog.proclima.com\/fr\/2013\/01\/savoir-2013-2014-2\/#breadcrumb"},"inLanguage":"fr-FR","potentialAction":[{"@type":"ReadAction","target":["https:\/\/blog.proclima.com\/fr\/2013\/01\/savoir-2013-2014-2\/"]}]},{"@type":"ImageObject","inLanguage":"fr-FR","@id":"https:\/\/blog.proclima.com\/fr\/2013\/01\/savoir-2013-2014-2\/#primaryimage","url":"http:\/\/blog.proclima.com\/fr\/files\/2013\/01\/Cover_fr_FR_coverplS02plS369_2013-150x150.jpg","contentUrl":"http:\/\/blog.proclima.com\/fr\/files\/2013\/01\/Cover_fr_FR_coverplS02plS369_2013-150x150.jpg"},{"@type":"BreadcrumbList","@id":"https:\/\/blog.proclima.com\/fr\/2013\/01\/savoir-2013-2014-2\/#breadcrumb","itemListElement":[{"@type":"ListItem","position":1,"name":"Accueil","item":"https:\/\/blog.proclima.com\/fr\/"},{"@type":"ListItem","position":2,"name":"Nouveau manuel de la construction et de la r\u00e9novation SAVOIR 2013-2014 : des recommandations de construction in\u00e9dites"}]},{"@type":"WebSite","@id":"https:\/\/blog.proclima.com\/fr\/#website","url":"https:\/\/blog.proclima.com\/fr\/","name":"pro clima Blog - france","description":"pro clima Blog","publisher":{"@id":"https:\/\/blog.proclima.com\/fr\/#organization"},"potentialAction":[{"@type":"SearchAction","target":{"@type":"EntryPoint","urlTemplate":"https:\/\/blog.proclima.com\/fr\/?s={search_term_string}"},"query-input":{"@type":"PropertyValueSpecification","valueRequired":true,"valueName":"search_term_string"}}],"inLanguage":"fr-FR"},{"@type":"Organization","@id":"https:\/\/blog.proclima.com\/fr\/#organization","name":"pro clima Blog - france","url":"https:\/\/blog.proclima.com\/fr\/","logo":{"@type":"ImageObject","inLanguage":"fr-FR","@id":"https:\/\/blog.proclima.com\/fr\/#\/schema\/logo\/image\/","url":"https:\/\/blog.proclima.com\/fr\/files\/2025\/12\/logo_proclima_quadrat.png","contentUrl":"https:\/\/blog.proclima.com\/fr\/files\/2025\/12\/logo_proclima_quadrat.png","width":1200,"height":1200,"caption":"pro clima Blog - france"},"image":{"@id":"https:\/\/blog.proclima.com\/fr\/#\/schema\/logo\/image\/"}},{"@type":"Person","@id":"https:\/\/blog.proclima.com\/fr\/#\/schema\/person\/b3490e20200d5d45b8d56f555ceffc21","name":"Heide Merkel","image":{"@type":"ImageObject","inLanguage":"fr-FR","@id":"https:\/\/secure.gravatar.com\/avatar\/a4a1c909701780173c0b7a635fb539f21128c8d654b77311c92e724657788582?s=96&d=mm&r=g","url":"https:\/\/secure.gravatar.com\/avatar\/a4a1c909701780173c0b7a635fb539f21128c8d654b77311c92e724657788582?s=96&d=mm&r=g","contentUrl":"https:\/\/secure.gravatar.com\/avatar\/a4a1c909701780173c0b7a635fb539f21128c8d654b77311c92e724657788582?s=96&d=mm&r=g","caption":"Heide Merkel"},"description":"Fachjournalistin, Referentin, Steuerung Presse &amp; Digitale Medien bei Moll bau\u00f6kologische Produkte GmbH (pro clima). Als Japanologin und ausgebildete Redakteurin ist Heide eher zuf\u00e4llig in der Baubranche gelandet. Seit 2011 arbeitet sie f\u00fcr pro clima. Ihr Wissen zu effektiver Kommunikation gibt sie in Seminaren, Artikeln und Vortr\u00e4gen weiter. F\u00fcr den pro clima Blog, proclima.tv und das pro clima Bauradio interviewt sie interessante Menschen aus der Baubranche. Auf\u00a0 luftdichtheit-gepr\u00fcft.de bloggt Heide \u00fcber Leckagen, Luftdichtung und Qualit\u00e4ts\u00fcberpr\u00fcfung mit Blower-Door-Tests. Ihre Freizeit verbringt sie u.a. in den Vogesen, wo sie seit mehr als f\u00fcnf Jahren ein altes Bauernhaus saniert. Ihr neuestes Projekt:\u00a0 www.besser-als-marketing.de Hier gibt es Tipps, wie Unternehmen in der Baubranche ihre Sichtbarkeit erh\u00f6hen k\u00f6nnen. Die ersten Videos sind bereits online im Youtube Channel Wer mehr \u00fcber Heide Merkel erfahren m\u00f6chte, findet sie auf den g\u00e4ngigen Social Media Plattformen.","url":"https:\/\/blog.proclima.com\/fr\/author\/gentner\/"}]}},"_links":{"self":[{"href":"https:\/\/blog.proclima.com\/fr\/wp-json\/wp\/v2\/posts\/123","targetHints":{"allow":["GET"]}}],"collection":[{"href":"https:\/\/blog.proclima.com\/fr\/wp-json\/wp\/v2\/posts"}],"about":[{"href":"https:\/\/blog.proclima.com\/fr\/wp-json\/wp\/v2\/types\/post"}],"author":[{"embeddable":true,"href":"https:\/\/blog.proclima.com\/fr\/wp-json\/wp\/v2\/users\/18"}],"replies":[{"embeddable":true,"href":"https:\/\/blog.proclima.com\/fr\/wp-json\/wp\/v2\/comments?post=123"}],"version-history":[{"count":3,"href":"https:\/\/blog.proclima.com\/fr\/wp-json\/wp\/v2\/posts\/123\/revisions"}],"predecessor-version":[{"id":127,"href":"https:\/\/blog.proclima.com\/fr\/wp-json\/wp\/v2\/posts\/123\/revisions\/127"}],"wp:attachment":[{"href":"https:\/\/blog.proclima.com\/fr\/wp-json\/wp\/v2\/media?parent=123"}],"wp:term":[{"taxonomy":"category","embeddable":true,"href":"https:\/\/blog.proclima.com\/fr\/wp-json\/wp\/v2\/categories?post=123"},{"taxonomy":"post_tag","embeddable":true,"href":"https:\/\/blog.proclima.com\/fr\/wp-json\/wp\/v2\/tags?post=123"}],"curies":[{"name":"wp","href":"https:\/\/api.w.org\/{rel}","templated":true}]}}