{"id":1211,"date":"2026-08-31T10:28:54","date_gmt":"2026-08-31T08:28:54","guid":{"rendered":"https:\/\/blog.proclima.com\/fr\/?p=1211"},"modified":"2026-08-31T10:29:49","modified_gmt":"2026-08-31T08:29:49","slug":"pro-clima-lance-sa-campagne-mission-renovation","status":"publish","type":"post","link":"https:\/\/blog.proclima.com\/fr\/pro-clima-lance-sa-campagne-mission-renovation\/","title":{"rendered":"pro clima lance sa campagne &#8220;Mission R\u00e9novation&#8221;"},"content":{"rendered":"\n<p class=\"wp-block-paragraph\">Le th\u00e8me complexe de la \u00abr\u00e9novation\u00bb pose souvent de nombreux d\u00e9fis aux ma\u00eetres d&#8217;ouvrage, aux artisans, ainsi qu&#8217;aux architectes et aux concepteurs \u2013 depuis la planification des travaux jusqu&#8217;aux aides financi\u00e8res, en passant par la r\u00e9novation elle-m\u00eame. Pour aborder ce vaste sujet de mani\u00e8re simple et ludique, pro clima adopte un style d\u00e9contract\u00e9 \u00abgaming\u00bb avec sa nouvelle campagne \u00abMission : R\u00e9novation\u00bb.<br><br>Septembre marque le coup d&#8217;envoi de la nouvelle campagne de pro clima. La \u00ab r\u00e9novation \u00bb est le th\u00e8me central avec lequel pro clima est bien pr\u00e9sent en tant que partenaires et apporteur de solutions et de services complets, et c&#8217;est ce que nous montrons de mani\u00e8re claire et synth\u00e9tique.<br><br>Rendez-vous d\u00e8s maintenant sur :<\/p>\n\n\n\n<div class=\"wp-block-buttons is-layout-flex wp-block-buttons-is-layout-flex\">\n<div class=\"wp-block-button\"><a class=\"wp-block-button__link has-text-align-center wp-element-button\" href=\"https:\/\/proclima.info\/mission-renovation\" target=\"_blank\" rel=\"noopener\">Mission R\u00e9novation pro clima<\/a><\/div>\n<\/div>\n\n\n\n<p class=\"wp-block-paragraph\"><\/p>\n","protected":false},"excerpt":{"rendered":"<p>Le th\u00e8me complexe de la \u00abr\u00e9novation\u00bb pose souvent de nombreux d\u00e9fis aux ma\u00eetres d&#8217;ouvrage, aux artisans, ainsi qu&#8217;aux architectes et aux concepteurs \u2013 depuis la <a href=\"https:\/\/blog.proclima.com\/fr\/pro-clima-lance-sa-campagne-mission-renovation\/\" rel=\"bookmark\">&#8230;<\/a><\/p>\n","protected":false},"author":734,"featured_media":1212,"comment_status":"open","ping_status":"open","sticky":false,"template":"","format":"standard","meta":{"footnotes":""},"categories":[5,1],"tags":[14,186,78,187,16,94,129],"class_list":["post-1211","post","type-post","status-publish","format-standard","has-post-thumbnail","hentry","category-evenements-salons","category-general","tag-etancheite-a-lair","tag-isolation-de-la-toiture","tag-isolation-par-linterieur","tag-mission-renovation","tag-pro-clima","tag-pro-clima-france","tag-renovation"],"canto_acf_fields":"","yoast_head":"<!-- This site is optimized with the Yoast SEO plugin v28.3 - https:\/\/yoast.com\/product\/yoast-seo-wordpress\/ -->\n<title>pro clima lance sa campagne &quot;Mission R\u00e9novation&quot; - pro clima Blog - france<\/title>\n<meta name=\"robots\" content=\"index, follow, max-snippet:-1, max-image-preview:large, max-video-preview:-1\" \/>\n<link rel=\"canonical\" href=\"https:\/\/blog.proclima.com\/fr\/pro-clima-lance-sa-campagne-mission-renovation\/\" \/>\n<meta property=\"og:locale\" content=\"fr_FR\" \/>\n<meta property=\"og:type\" content=\"article\" \/>\n<meta property=\"og:title\" content=\"pro clima lance sa campagne &quot;Mission R\u00e9novation&quot; - pro clima Blog - france\" \/>\n<meta property=\"og:description\" content=\"Le th\u00e8me complexe de la \u00abr\u00e9novation\u00bb pose souvent de nombreux d\u00e9fis aux ma\u00eetres d&#8217;ouvrage, aux artisans, ainsi qu&#8217;aux architectes et aux concepteurs \u2013 depuis la ...\" \/>\n<meta property=\"og:url\" content=\"https:\/\/blog.proclima.com\/fr\/pro-clima-lance-sa-campagne-mission-renovation\/\" \/>\n<meta property=\"og:site_name\" content=\"pro clima Blog - france\" \/>\n<meta property=\"article:published_time\" content=\"2026-08-31T08:28:54+00:00\" \/>\n<meta property=\"article:modified_time\" content=\"2026-08-31T08:29:49+00:00\" \/>\n<meta property=\"og:image\" content=\"https:\/\/blog.proclima.com\/fr\/files\/2026\/08\/Headerbild-Blog-1120x630_fr-Kopie.png\" \/>\n\t<meta property=\"og:image:width\" content=\"1120\" \/>\n\t<meta property=\"og:image:height\" content=\"630\" \/>\n\t<meta property=\"og:image:type\" content=\"image\/png\" \/>\n<meta name=\"author\" content=\"marion\" \/>\n<meta name=\"twitter:card\" content=\"summary_large_image\" \/>\n<meta name=\"twitter:label1\" content=\"\u00c9crit par\" \/>\n\t<meta name=\"twitter:data1\" content=\"marion\" \/>\n\t<meta name=\"twitter:label2\" content=\"Dur\u00e9e de lecture estim\u00e9e\" \/>\n\t<meta name=\"twitter:data2\" content=\"1 minute\" \/>\n<script type=\"application\/ld+json\" class=\"yoast-schema-graph\">{\"@context\":\"https:\\\/\\\/schema.org\",\"@graph\":[{\"@type\":\"Article\",\"@id\":\"https:\\\/\\\/blog.proclima.com\\\/fr\\\/pro-clima-lance-sa-campagne-mission-renovation\\\/#article\",\"isPartOf\":{\"@id\":\"https:\\\/\\\/blog.proclima.com\\\/fr\\\/pro-clima-lance-sa-campagne-mission-renovation\\\/\"},\"author\":{\"name\":\"marion\",\"@id\":\"https:\\\/\\\/blog.proclima.com\\\/fr\\\/#\\\/schema\\\/person\\\/26163addd2057e1477a45b6ce9ec20af\"},\"headline\":\"pro clima lance sa campagne &#8220;Mission R\u00e9novation&#8221;\",\"datePublished\":\"2026-08-31T08:28:54+00:00\",\"dateModified\":\"2026-08-31T08:29:49+00:00\",\"mainEntityOfPage\":{\"@id\":\"https:\\\/\\\/blog.proclima.com\\\/fr\\\/pro-clima-lance-sa-campagne-mission-renovation\\\/\"},\"wordCount\":145,\"commentCount\":0,\"image\":{\"@id\":\"https:\\\/\\\/blog.proclima.com\\\/fr\\\/pro-clima-lance-sa-campagne-mission-renovation\\\/#primaryimage\"},\"thumbnailUrl\":\"https:\\\/\\\/blog.proclima.com\\\/fr\\\/files\\\/2026\\\/08\\\/Headerbild-Blog-1120x630_fr-Kopie.png\",\"keywords\":[\"\u00e9tanch\u00e9it\u00e9 \u00e1 l'air\",\"isolation de la toiture\",\"isolation par l'int\u00e9rieur\",\"mission r\u00e9novation\",\"pro clima\",\"pro clima France\",\"r\u00e9novation\"],\"articleSection\":[\"\u00c9v\u00e8nements\\\/Salons\",\"pro clima\"],\"inLanguage\":\"fr-FR\",\"potentialAction\":[{\"@type\":\"CommentAction\",\"name\":\"Comment\",\"target\":[\"https:\\\/\\\/blog.proclima.com\\\/fr\\\/pro-clima-lance-sa-campagne-mission-renovation\\\/#respond\"]}]},{\"@type\":\"WebPage\",\"@id\":\"https:\\\/\\\/blog.proclima.com\\\/fr\\\/pro-clima-lance-sa-campagne-mission-renovation\\\/\",\"url\":\"https:\\\/\\\/blog.proclima.com\\\/fr\\\/pro-clima-lance-sa-campagne-mission-renovation\\\/\",\"name\":\"pro clima lance sa campagne \\\"Mission R\u00e9novation\\\" - pro clima Blog - france\",\"isPartOf\":{\"@id\":\"https:\\\/\\\/blog.proclima.com\\\/fr\\\/#website\"},\"primaryImageOfPage\":{\"@id\":\"https:\\\/\\\/blog.proclima.com\\\/fr\\\/pro-clima-lance-sa-campagne-mission-renovation\\\/#primaryimage\"},\"image\":{\"@id\":\"https:\\\/\\\/blog.proclima.com\\\/fr\\\/pro-clima-lance-sa-campagne-mission-renovation\\\/#primaryimage\"},\"thumbnailUrl\":\"https:\\\/\\\/blog.proclima.com\\\/fr\\\/files\\\/2026\\\/08\\\/Headerbild-Blog-1120x630_fr-Kopie.png\",\"datePublished\":\"2026-08-31T08:28:54+00:00\",\"dateModified\":\"2026-08-31T08:29:49+00:00\",\"author\":{\"@id\":\"https:\\\/\\\/blog.proclima.com\\\/fr\\\/#\\\/schema\\\/person\\\/26163addd2057e1477a45b6ce9ec20af\"},\"breadcrumb\":{\"@id\":\"https:\\\/\\\/blog.proclima.com\\\/fr\\\/pro-clima-lance-sa-campagne-mission-renovation\\\/#breadcrumb\"},\"inLanguage\":\"fr-FR\",\"potentialAction\":[{\"@type\":\"ReadAction\",\"target\":[\"https:\\\/\\\/blog.proclima.com\\\/fr\\\/pro-clima-lance-sa-campagne-mission-renovation\\\/\"]}]},{\"@type\":\"ImageObject\",\"inLanguage\":\"fr-FR\",\"@id\":\"https:\\\/\\\/blog.proclima.com\\\/fr\\\/pro-clima-lance-sa-campagne-mission-renovation\\\/#primaryimage\",\"url\":\"https:\\\/\\\/blog.proclima.com\\\/fr\\\/files\\\/2026\\\/08\\\/Headerbild-Blog-1120x630_fr-Kopie.png\",\"contentUrl\":\"https:\\\/\\\/blog.proclima.com\\\/fr\\\/files\\\/2026\\\/08\\\/Headerbild-Blog-1120x630_fr-Kopie.png\",\"width\":1120,\"height\":630},{\"@type\":\"BreadcrumbList\",\"@id\":\"https:\\\/\\\/blog.proclima.com\\\/fr\\\/pro-clima-lance-sa-campagne-mission-renovation\\\/#breadcrumb\",\"itemListElement\":[{\"@type\":\"ListItem\",\"position\":1,\"name\":\"Start\",\"item\":\"https:\\\/\\\/blog.proclima.com\\\/fr\\\/\"},{\"@type\":\"ListItem\",\"position\":2,\"name\":\"pro clima lance sa campagne &#8220;Mission R\u00e9novation&#8221;\"}]},{\"@type\":\"WebSite\",\"@id\":\"https:\\\/\\\/blog.proclima.com\\\/fr\\\/#website\",\"url\":\"https:\\\/\\\/blog.proclima.com\\\/fr\\\/\",\"name\":\"pro clima Blog - france\",\"description\":\"pro clima Blog\",\"potentialAction\":[{\"@type\":\"SearchAction\",\"target\":{\"@type\":\"EntryPoint\",\"urlTemplate\":\"https:\\\/\\\/blog.proclima.com\\\/fr\\\/?s={search_term_string}\"},\"query-input\":{\"@type\":\"PropertyValueSpecification\",\"valueRequired\":true,\"valueName\":\"search_term_string\"}}],\"inLanguage\":\"fr-FR\"},{\"@type\":\"Person\",\"@id\":\"https:\\\/\\\/blog.proclima.com\\\/fr\\\/#\\\/schema\\\/person\\\/26163addd2057e1477a45b6ce9ec20af\",\"name\":\"marion\",\"image\":{\"@type\":\"ImageObject\",\"inLanguage\":\"fr-FR\",\"@id\":\"https:\\\/\\\/secure.gravatar.com\\\/avatar\\\/7664fab361c5024e84702228b6e2a9ffc9ff2f55114b8cfd8cdd23533ef849b0?s=96&d=mm&r=g\",\"url\":\"https:\\\/\\\/secure.gravatar.com\\\/avatar\\\/7664fab361c5024e84702228b6e2a9ffc9ff2f55114b8cfd8cdd23533ef849b0?s=96&d=mm&r=g\",\"contentUrl\":\"https:\\\/\\\/secure.gravatar.com\\\/avatar\\\/7664fab361c5024e84702228b6e2a9ffc9ff2f55114b8cfd8cdd23533ef849b0?s=96&d=mm&r=g\",\"caption\":\"marion\"},\"url\":\"https:\\\/\\\/blog.proclima.com\\\/fr\\\/author\\\/marion\\\/\"}]}<\/script>\n<!-- \/ Yoast SEO plugin. -->","yoast_head_json":{"title":"pro clima lance sa campagne \"Mission R\u00e9novation\" - pro clima Blog - france","robots":{"index":"index","follow":"follow","max-snippet":"max-snippet:-1","max-image-preview":"max-image-preview:large","max-video-preview":"max-video-preview:-1"},"canonical":"https:\/\/blog.proclima.com\/fr\/pro-clima-lance-sa-campagne-mission-renovation\/","og_locale":"fr_FR","og_type":"article","og_title":"pro clima lance sa campagne \"Mission R\u00e9novation\" - pro clima Blog - france","og_description":"Le th\u00e8me complexe de la \u00abr\u00e9novation\u00bb pose souvent de nombreux d\u00e9fis aux ma\u00eetres d&#8217;ouvrage, aux artisans, ainsi qu&#8217;aux architectes et aux concepteurs \u2013 depuis la ...","og_url":"https:\/\/blog.proclima.com\/fr\/pro-clima-lance-sa-campagne-mission-renovation\/","og_site_name":"pro clima Blog - france","article_published_time":"2026-08-31T08:28:54+00:00","article_modified_time":"2026-08-31T08:29:49+00:00","og_image":[{"width":1120,"height":630,"url":"https:\/\/blog.proclima.com\/fr\/files\/2026\/08\/Headerbild-Blog-1120x630_fr-Kopie.png","type":"image\/png"}],"author":"marion","twitter_card":"summary_large_image","twitter_misc":{"\u00c9crit par":"marion","Dur\u00e9e de lecture estim\u00e9e":"1 minute"},"schema":{"@context":"https:\/\/schema.org","@graph":[{"@type":"Article","@id":"https:\/\/blog.proclima.com\/fr\/pro-clima-lance-sa-campagne-mission-renovation\/#article","isPartOf":{"@id":"https:\/\/blog.proclima.com\/fr\/pro-clima-lance-sa-campagne-mission-renovation\/"},"author":{"name":"marion","@id":"https:\/\/blog.proclima.com\/fr\/#\/schema\/person\/26163addd2057e1477a45b6ce9ec20af"},"headline":"pro clima lance sa campagne &#8220;Mission R\u00e9novation&#8221;","datePublished":"2026-08-31T08:28:54+00:00","dateModified":"2026-08-31T08:29:49+00:00","mainEntityOfPage":{"@id":"https:\/\/blog.proclima.com\/fr\/pro-clima-lance-sa-campagne-mission-renovation\/"},"wordCount":145,"commentCount":0,"image":{"@id":"https:\/\/blog.proclima.com\/fr\/pro-clima-lance-sa-campagne-mission-renovation\/#primaryimage"},"thumbnailUrl":"https:\/\/blog.proclima.com\/fr\/files\/2026\/08\/Headerbild-Blog-1120x630_fr-Kopie.png","keywords":["\u00e9tanch\u00e9it\u00e9 \u00e1 l'air","isolation de la toiture","isolation par l'int\u00e9rieur","mission r\u00e9novation","pro clima","pro clima France","r\u00e9novation"],"articleSection":["\u00c9v\u00e8nements\/Salons","pro clima"],"inLanguage":"fr-FR","potentialAction":[{"@type":"CommentAction","name":"Comment","target":["https:\/\/blog.proclima.com\/fr\/pro-clima-lance-sa-campagne-mission-renovation\/#respond"]}]},{"@type":"WebPage","@id":"https:\/\/blog.proclima.com\/fr\/pro-clima-lance-sa-campagne-mission-renovation\/","url":"https:\/\/blog.proclima.com\/fr\/pro-clima-lance-sa-campagne-mission-renovation\/","name":"pro clima lance sa campagne \"Mission R\u00e9novation\" - pro clima Blog - france","isPartOf":{"@id":"https:\/\/blog.proclima.com\/fr\/#website"},"primaryImageOfPage":{"@id":"https:\/\/blog.proclima.com\/fr\/pro-clima-lance-sa-campagne-mission-renovation\/#primaryimage"},"image":{"@id":"https:\/\/blog.proclima.com\/fr\/pro-clima-lance-sa-campagne-mission-renovation\/#primaryimage"},"thumbnailUrl":"https:\/\/blog.proclima.com\/fr\/files\/2026\/08\/Headerbild-Blog-1120x630_fr-Kopie.png","datePublished":"2026-08-31T08:28:54+00:00","dateModified":"2026-08-31T08:29:49+00:00","author":{"@id":"https:\/\/blog.proclima.com\/fr\/#\/schema\/person\/26163addd2057e1477a45b6ce9ec20af"},"breadcrumb":{"@id":"https:\/\/blog.proclima.com\/fr\/pro-clima-lance-sa-campagne-mission-renovation\/#breadcrumb"},"inLanguage":"fr-FR","potentialAction":[{"@type":"ReadAction","target":["https:\/\/blog.proclima.com\/fr\/pro-clima-lance-sa-campagne-mission-renovation\/"]}]},{"@type":"ImageObject","inLanguage":"fr-FR","@id":"https:\/\/blog.proclima.com\/fr\/pro-clima-lance-sa-campagne-mission-renovation\/#primaryimage","url":"https:\/\/blog.proclima.com\/fr\/files\/2026\/08\/Headerbild-Blog-1120x630_fr-Kopie.png","contentUrl":"https:\/\/blog.proclima.com\/fr\/files\/2026\/08\/Headerbild-Blog-1120x630_fr-Kopie.png","width":1120,"height":630},{"@type":"BreadcrumbList","@id":"https:\/\/blog.proclima.com\/fr\/pro-clima-lance-sa-campagne-mission-renovation\/#breadcrumb","itemListElement":[{"@type":"ListItem","position":1,"name":"Start","item":"https:\/\/blog.proclima.com\/fr\/"},{"@type":"ListItem","position":2,"name":"pro clima lance sa campagne &#8220;Mission R\u00e9novation&#8221;"}]},{"@type":"WebSite","@id":"https:\/\/blog.proclima.com\/fr\/#website","url":"https:\/\/blog.proclima.com\/fr\/","name":"pro clima Blog - france","description":"pro clima Blog","potentialAction":[{"@type":"SearchAction","target":{"@type":"EntryPoint","urlTemplate":"https:\/\/blog.proclima.com\/fr\/?s={search_term_string}"},"query-input":{"@type":"PropertyValueSpecification","valueRequired":true,"valueName":"search_term_string"}}],"inLanguage":"fr-FR"},{"@type":"Person","@id":"https:\/\/blog.proclima.com\/fr\/#\/schema\/person\/26163addd2057e1477a45b6ce9ec20af","name":"marion","image":{"@type":"ImageObject","inLanguage":"fr-FR","@id":"https:\/\/secure.gravatar.com\/avatar\/7664fab361c5024e84702228b6e2a9ffc9ff2f55114b8cfd8cdd23533ef849b0?s=96&d=mm&r=g","url":"https:\/\/secure.gravatar.com\/avatar\/7664fab361c5024e84702228b6e2a9ffc9ff2f55114b8cfd8cdd23533ef849b0?s=96&d=mm&r=g","contentUrl":"https:\/\/secure.gravatar.com\/avatar\/7664fab361c5024e84702228b6e2a9ffc9ff2f55114b8cfd8cdd23533ef849b0?s=96&d=mm&r=g","caption":"marion"},"url":"https:\/\/blog.proclima.com\/fr\/author\/marion\/"}]}},"_links":{"self":[{"href":"https:\/\/blog.proclima.com\/fr\/wp-json\/wp\/v2\/posts\/1211","targetHints":{"allow":["GET"]}}],"collection":[{"href":"https:\/\/blog.proclima.com\/fr\/wp-json\/wp\/v2\/posts"}],"about":[{"href":"https:\/\/blog.proclima.com\/fr\/wp-json\/wp\/v2\/types\/post"}],"author":[{"embeddable":true,"href":"https:\/\/blog.proclima.com\/fr\/wp-json\/wp\/v2\/users\/734"}],"replies":[{"embeddable":true,"href":"https:\/\/blog.proclima.com\/fr\/wp-json\/wp\/v2\/comments?post=1211"}],"version-history":[{"count":4,"href":"https:\/\/blog.proclima.com\/fr\/wp-json\/wp\/v2\/posts\/1211\/revisions"}],"predecessor-version":[{"id":1217,"href":"https:\/\/blog.proclima.com\/fr\/wp-json\/wp\/v2\/posts\/1211\/revisions\/1217"}],"wp:featuredmedia":[{"embeddable":true,"href":"https:\/\/blog.proclima.com\/fr\/wp-json\/wp\/v2\/media\/1212"}],"wp:attachment":[{"href":"https:\/\/blog.proclima.com\/fr\/wp-json\/wp\/v2\/media?parent=1211"}],"wp:term":[{"taxonomy":"category","embeddable":true,"href":"https:\/\/blog.proclima.com\/fr\/wp-json\/wp\/v2\/categories?post=1211"},{"taxonomy":"post_tag","embeddable":true,"href":"https:\/\/blog.proclima.com\/fr\/wp-json\/wp\/v2\/tags?post=1211"}],"curies":[{"name":"wp","href":"https:\/\/api.w.org\/{rel}","templated":true}]}}