
{"id":1085,"date":"2025-11-14T08:00:00","date_gmt":"2025-11-14T07:00:00","guid":{"rendered":"https:\/\/blog.proclima.com\/fr\/?p=1085"},"modified":"2025-11-13T16:24:41","modified_gmt":"2025-11-13T15:24:41","slug":"letancheite-a-lair-et-la-gestion-de-la-vapeur-deau","status":"publish","type":"post","link":"https:\/\/blog.proclima.com\/fr\/2025\/11\/letancheite-a-lair-et-la-gestion-de-la-vapeur-deau\/","title":{"rendered":"L&rsquo;\u00e9tanch\u00e9it\u00e9 \u00e0 l&rsquo;air et la gestion de la vapeur d&rsquo;eau"},"content":{"rendered":"\n<h2 class=\"wp-block-heading\">En quoi sont-elles n\u00e9cessaires ?<\/h2>\n\n\n\n<p>Dans le cas d\u2019une isolation id\u00e9ale, l\u2019isolant est prot\u00e9g\u00e9 de toutes parts\u00a0: <strong>\u00e9tanche au vent \u00e0 l&rsquo;ext\u00e9rieur<\/strong> et <strong>\u00e9tanche \u00e0 l\u2019air et effectuant la gestion de la vapeur d&rsquo;eau \u00e0 l\u2019int\u00e9rieur.<\/strong><\/p>\n\n\n<div class=\"wp-block-image\">\n<figure class=\"aligncenter size-full\"><a href=\"https:\/\/blog.proclima.com\/fr\/files\/2025\/09\/Assurer-letancheite-a-lair-a-linterieur-et-letancheite-au-vent-a-lexterieur-1.png\"><img loading=\"lazy\" decoding=\"async\" width=\"756\" height=\"435\" data-size=\"756x435\" src=\"https:\/\/blog.proclima.com\/fr\/files\/2025\/09\/Assurer-letancheite-a-lair-a-linterieur-et-letancheite-au-vent-a-lexterieur-1.png\" alt=\"\" class=\"wp-image-1095\" srcset=\"https:\/\/blog.proclima.com\/fr\/files\/2025\/09\/Assurer-letancheite-a-lair-a-linterieur-et-letancheite-au-vent-a-lexterieur-1.png 756w, https:\/\/blog.proclima.com\/fr\/files\/2025\/09\/Assurer-letancheite-a-lair-a-linterieur-et-letancheite-au-vent-a-lexterieur-1-300x173.png 300w, https:\/\/blog.proclima.com\/fr\/files\/2025\/09\/Assurer-letancheite-a-lair-a-linterieur-et-letancheite-au-vent-a-lexterieur-1-384x221.png 384w\" sizes=\"auto, (max-width: 756px) 100vw, 756px\" \/><\/a><figcaption class=\"wp-element-caption\"><em>Assurer <em>l&rsquo;\u00e9tanch\u00e9it\u00e9 au vent \u00e0 l&rsquo;ext\u00e9rieur<\/em><\/em> et <em>l&rsquo;\u00e9tanch\u00e9it\u00e9 \u00e0 l&rsquo;air \u00e0 l&rsquo;int\u00e9rieur<\/em><\/figcaption><\/figure>\n<\/div>\n\n\n<p><strong>L\u2019\u00e9tanch\u00e9it\u00e9 au vent<\/strong> emp\u00eache que l\u2019isolant ne soit travers\u00e9 par <strong>un flux d\u2019air froid venant de l\u2019ext\u00e9rieur.<\/strong> <strong>L\u2019\u00e9tanch\u00e9it\u00e9 \u00e0 l\u2019air<\/strong> prot\u00e8ge de la<strong> p\u00e9n\u00e9tration d\u2019air ambiant humide<\/strong> et <strong>donc de la formation de condensation et de moisissures.<\/strong><\/p>\n\n\n\n<p>L\u2019efficacit\u00e9 de toutes les isolations thermiques repose sur les inclusions d\u2019air dans le mat\u00e9riau isolant (ouate de cellulose, li\u00e8ge, laine de mouton et laines min\u00e9rales et autres mat\u00e9riaux fibreux). <strong>Pour garantir cet effet isolant, il faut les prot\u00e9ger les inclusions de tout flux d\u2019air.<\/strong>                                                      <strong>Une analogie avec un pull en laine est tout \u00e0 fait r\u00e9alisable<\/strong>. L&rsquo;effet isolant d\u2019un pull en laine repose \u00e9galement sur les inclusions d\u2019air immobiles dans les fibres\u00a0: d\u00e8s qu\u2019un vent froid se l\u00e8ve, l\u2019effet isolant diminue. Mais si vous enfilez un coupe-vent sur votre pull, qui en lui-m\u00eame ne tient absolument pas chaud, l\u2019effet isolant sera r\u00e9tabli.<\/p>\n\n\n\n<p>Des fuites, m\u00eame minimes, dans la couche d\u2019<strong>\u00e9tanch\u00e9it\u00e9<\/strong> <strong>\u00e0 l\u2019air<\/strong> telles qu\u2019en cas de collage d\u00e9fectueux des recouvrements ou de raccords de l\u00e9s, ont des cons\u00e9quences importantes. Un tel d\u00e9faut a les m\u00eames incidences qu\u2019une fente continue entre un ch\u00e2ssis de fen\u00eatre et de la ma\u00e7onnerie. Or personne n\u2019accepterait ce type de fuites. Il convient d\u2019accorder une attention identique aux fentes dans une membrane d&rsquo;\u00e9tanch\u00e9it\u00e9.<\/p>\n\n\n\n<p>L\u2019augmentation des frais de chauffage due \u00e0 des d\u00e9fauts d\u2019\u00e9tanch\u00e9it\u00e9 entra\u00eene une moindre rentabilit\u00e9 de l\u2019isolation thermique pour le ma\u00eetre d\u2019ouvrage. En outre, <strong>les \u00e9missions de CO2<\/strong> d\u00e9passent le niveau n\u00e9cessaire au chauffage de b\u00e2timents \u00e9tanches \u00e0 l\u2019air. D\u2019apr\u00e8s une \u00e9tude de l\u2019Institut de physique du b\u00e2timent de Stuttgart, la valeur U (valeur de d\u00e9perditions thermiques) d\u2019une structure d\u2019isolation se d\u00e9t\u00e9riore de 4,8 en cas de pr\u00e9sence de d\u00e9fauts dans la couche d&rsquo;\u00e9tanch\u00e9it\u00e9 \u00e0 l&rsquo;air. Cela signifie que pour une maison d\u2019une surface habitable de 80 m\u00b2 qui pr\u00e9sente des fuites dans la couche d&rsquo;\u00e9tanch\u00e9it\u00e9 \u00e0 l&rsquo;air, la quantit\u00e9 d\u00b4\u00e9nergie pour le chauffage est aussi importante que pour une maison \u00e9tanche \u00e0 l\u00b4air d\u2019une surface habitable d\u2019env. 400 m\u00b2. Des \u00e9missions de CO2 incontr\u00f4l\u00e9es favorisent l\u2019effet de serre, ces effets sont notamment ressentis par le nombre croissant de catastrophes naturelles et de p\u00e9riodes de d\u00e9r\u00e8glement climatique. C\u2019est pourquoi il faut veiller \u00e0 r\u00e9duire les \u00e9missions de CO2. C\u2019est non seulement par des \u00e9conomies de chauffage que nous aidons l\u2019environnement, mais aussi et <strong>surtout par l\u2019utilisation de solutions intelligentes.<\/strong><\/p>\n\n\n<div class=\"wp-block-image\">\n<figure class=\"aligncenter size-full\"><a href=\"https:\/\/blog.proclima.com\/fr\/files\/2025\/09\/Allier-economie-et-ecologie.png\"><img loading=\"lazy\" decoding=\"async\" width=\"756\" height=\"529\" data-size=\"756x529\" src=\"https:\/\/blog.proclima.com\/fr\/files\/2025\/09\/Allier-economie-et-ecologie.png\" alt=\"\" class=\"wp-image-1091\" srcset=\"https:\/\/blog.proclima.com\/fr\/files\/2025\/09\/Allier-economie-et-ecologie.png 756w, https:\/\/blog.proclima.com\/fr\/files\/2025\/09\/Allier-economie-et-ecologie-300x210.png 300w, https:\/\/blog.proclima.com\/fr\/files\/2025\/09\/Allier-economie-et-ecologie-384x269.png 384w\" sizes=\"auto, (max-width: 756px) 100vw, 756px\" \/><\/a><\/figure>\n<\/div>\n\n\n<p>Pour \u00e9valuer la <strong>protection contre la chaleur estivale<\/strong>, il convient de calculer le d\u00e9phasage et l\u2019att\u00e9nuation de l\u2019amplitude. Ces calculs se basent sur le fait que la <strong>couche d\u2019\u00e9tanch\u00e9it\u00e9 \u00e0 l\u2018air est mise en place d\u2018une mani\u00e8re continue et efficace<\/strong>. Le transfert de chaleur vers l\u2019int\u00e9rieur se r\u00e9alise relativement lentement en fonction de la nature et de la structure de l\u2018isolation ainsi que les propri\u00e9t\u00e9s qui d\u00e9finissent son inertie thermique. Des fentes dans la couche d\u2019\u00e9tanch\u00e9it\u00e9 \u00e0 l\u2019air cr\u00e9ent des flux d\u2019air de l\u2019ext\u00e9rieur vers l\u2019int\u00e9rieur, en raison de la grande diff\u00e9rence de temp\u00e9rature et donc de pression, et par cons\u00e9quent entra\u00eenent d\u2019importants \u00e9changes d\u2019air entre les deux zones. L\u2019isolation ne peut plus contribuer \u00e0 la protection contre la chaleur estivale. <strong>Cons\u00e9quence : un climat int\u00e9rieur trop chaud et d\u00e9sagr\u00e9able.<\/strong><\/p>\n\n\n<div class=\"wp-block-image\">\n<figure class=\"aligncenter size-full\"><a href=\"https:\/\/blog.proclima.com\/fr\/files\/2025\/09\/Assurer-le-dephasage-pour-optimiser-le-confort-estival.png\"><img loading=\"lazy\" decoding=\"async\" width=\"756\" height=\"529\" data-size=\"756x529\" src=\"https:\/\/blog.proclima.com\/fr\/files\/2025\/09\/Assurer-le-dephasage-pour-optimiser-le-confort-estival.png\" alt=\"\" class=\"wp-image-1094\" srcset=\"https:\/\/blog.proclima.com\/fr\/files\/2025\/09\/Assurer-le-dephasage-pour-optimiser-le-confort-estival.png 756w, https:\/\/blog.proclima.com\/fr\/files\/2025\/09\/Assurer-le-dephasage-pour-optimiser-le-confort-estival-300x210.png 300w, https:\/\/blog.proclima.com\/fr\/files\/2025\/09\/Assurer-le-dephasage-pour-optimiser-le-confort-estival-384x269.png 384w\" sizes=\"auto, (max-width: 756px) 100vw, 756px\" \/><\/a><\/figure>\n<\/div>\n\n\n<p>Souvent observ\u00e9, <strong>le ph\u00e9nom\u00e8ne de l\u2019ass\u00e8chement<\/strong> de l\u2019air ambiant en hiver d\u00e9coule du fait que de l\u2019air chaud et humide p\u00e9n\u00e8tre dans la paroi par des fuites au sein de l\u2019\u00e9tanch\u00e9it\u00e9 \u00e0 l\u2019air. Lorsque cet air se refroidit en p\u00e9n\u00e9trant au sein de la couche isolante, son taux d\u2019humidit\u00e9 relative diminue. Ensuite, cet air froid et sec se r\u00e9chauffe en revenant \u00e0 l\u2019int\u00e9rieur de l\u2019habitation. En hiver, les maisons avec une mauvaise \u00e9tanch\u00e9it\u00e9 \u00e0 l\u2019air ont tendance \u00e0 contenir un air trop sec dont le taux d\u2019humidit\u00e9 est difficile \u00e0 augmenter, m\u00eame avec des humidificateurs. <strong>Cons\u00e9quence : un climat int\u00e9rieur trop sec et d\u00e9sagr\u00e9able.<\/strong><\/p>\n\n\n<div class=\"wp-block-image\">\n<figure class=\"aligncenter size-full\"><a href=\"https:\/\/blog.proclima.com\/fr\/files\/2025\/09\/Eviter-lassechement-de-lair-interieur-en-periode-hivernale.png\"><img loading=\"lazy\" decoding=\"async\" width=\"756\" height=\"529\" data-size=\"756x529\" src=\"https:\/\/blog.proclima.com\/fr\/files\/2025\/09\/Eviter-lassechement-de-lair-interieur-en-periode-hivernale.png\" alt=\"\" class=\"wp-image-1092\" srcset=\"https:\/\/blog.proclima.com\/fr\/files\/2025\/09\/Eviter-lassechement-de-lair-interieur-en-periode-hivernale.png 756w, https:\/\/blog.proclima.com\/fr\/files\/2025\/09\/Eviter-lassechement-de-lair-interieur-en-periode-hivernale-300x210.png 300w, https:\/\/blog.proclima.com\/fr\/files\/2025\/09\/Eviter-lassechement-de-lair-interieur-en-periode-hivernale-384x269.png 384w\" sizes=\"auto, (max-width: 756px) 100vw, 756px\" \/><\/a><\/figure>\n<\/div>\n\n\n<p>La quantit\u00e9 d\u2019humidit\u00e9 qui p\u00e9n\u00e8tre dans la construction d\u00e9pend de la r\u00e9sistance \u00e0 la diffusion de vapeur d\u2019eau (valeur Sd) des mat\u00e9riaux. <strong>Cette valeur Sd est d\u00e9finie comme \u00e9tant une \u00e9paisseur de couche d\u2018air immobile \u00e9quivalente, exprim\u00e9e en m\u00e8tres.<\/strong> <strong>Plus la valeur Sd du mat\u00e9riau est faible, plus ce dernier est perm\u00e9able \u00e0 la vapeur d\u2018eau, et donc facilite la diffusion. A contrario, plus la valeur Sd est \u00e9lev\u00e9e, plus le mat\u00e9riau est r\u00e9sistant \u00e0 la diffusion.<\/strong> L\u2019humidit\u00e9 peut p\u00e9n\u00e9trer dans la composition de multiples mani\u00e8res. Il est impossible d\u2019exclure totalement toutes charges d\u2019humidit\u00e9s. Si ces derni\u00e8res sont trop grandes, l<strong>e b\u00e2timent subit des d\u00e9g\u00e2ts.<\/strong> <\/p>\n\n\n\n<p>Les frein-vapeurs sont plus s\u00fbrs que les pare-vapeurs. Les pare-vapeurs tr\u00e8s r\u00e9sistants \u00e0 la diffusion ne permettent gu\u00e8re l\u2019\u00e9vaporation vers l\u2019int\u00e9rieur et deviennent donc vite des pi\u00e8ges \u00e0 humidit\u00e9. <strong>Les membranes frein-vapeurs \u00e0 r\u00e9sistance hygrovariable \u00e0 la diffusion de vapeur d\u2019eau<\/strong> offrent \u00e0 la construction la meilleure protection contre les d\u00e9g\u00e2ts amen\u00e9s par la formation de condensation au sein de la paroi. <strong>En hiver elles sont ferm\u00e9es \u00e0 la diffusion de vapeur d\u2019eau et prot\u00e8gent id\u00e9alement l\u2019isolation de la p\u00e9n\u00e9tration d\u2019humidit\u00e9. En \u00e9t\u00e9, elles sont capables de r\u00e9duire tr\u00e8s fortement leur r\u00e9sistance \u00e0 la diffusion de vapeur d\u2019eau et garantissent les meilleures conditions possibles de s\u00e9chage de la paroi.<\/strong><\/p>\n\n\n\n<h2 class=\"wp-block-heading\">Potentiel de s\u00e9chage plus important que la charge d&rsquo;humidit\u00e9<\/h2>\n\n\n\n<p>La nature tend en permanence \u00e0 un \u00e9tat d\u2019\u00e9quilibre. Ainsi, lorsque deux environnements ont des taux d\u2019humidit\u00e9 diff\u00e9rents, l\u2019humidit\u00e9 sous forme de vapeur d\u2019eau va se d\u00e9placer : <strong>c\u2019est la diffusion.<\/strong> La direction du flux de diffusion est d\u00e9termin\u00e9e par le gradient de pression partielle de vapeur d\u2018eau. Cette pression partielle d\u00e9pend de la temp\u00e9rature et du taux d\u2019humidit\u00e9 de l\u2018air \u00e0 l\u2019int\u00e9rieur et \u00e0 l\u2019ext\u00e9rieur du b\u00e2timent. Un gradient \u00e9lev\u00e9, donc une grande diff\u00e9rence de pression partielle de vapeur d\u2019eau, agit comme une force motrice qui transfert l\u2019humidit\u00e9 vers la zone pr\u00e9sentant le moins d\u2019humidit\u00e9. Par analogie, le gradient de temp\u00e9rature implique des transferts de chaleur par conduction.<strong> Usuellement, la diffusion se fait de l\u2019int\u00e9rieur vers l\u2019ext\u00e9rieur en hiver, du chaud vers le froid, et de l\u2019ext\u00e9rieur vers l\u2019int\u00e9rieur en \u00e9t\u00e9 (c\u2019est l\u2019inversion des flux ou diffusion inverse).<\/strong> Une mauvaise gestion de l\u2019humidit\u00e9 et de la temp\u00e9rature au sein des parois peut instaurer des conditions d\u00e9favorables, et impliquer des d\u00e9gradations des composants. <\/p>\n\n\n\n<p>Si vous souhaitez aller encore plus loin, vous trouverez plus d&rsquo;infos <strong><a href=\"https:\/\/fr.proclima.com\/produits\/etancheite-interieur\" target=\"_blank\" rel=\"noreferrer noopener\">ici<\/a> <\/strong>ou notre service technique est \u00e9galement \u00e0 votre disposition <a href=\"https:\/\/fr.proclima.com\/service\/service_technique\" target=\"_blank\" rel=\"noreferrer noopener\"><strong>ici<\/strong><\/a>.<\/p>\n\n\n\n<p>Pensez \u00e0 jeter un \u0153il sur <a href=\"https:\/\/www.linkedin.com\/company\/pro-clima-france-sarl\" target=\"_blank\" rel=\"noreferrer noopener\"><strong>LinkedIn<\/strong> <\/a>et \u00e0 nous suivre pour \u00eatre au courant de nos actualit\u00e9s et des prochains articles.<\/p>\n\n\n\n<p><\/p>\n","protected":false},"excerpt":{"rendered":"<p>En quoi sont-elles n\u00e9cessaires ? Dans le cas d\u2019une isolation id\u00e9ale, l\u2019isolant est prot\u00e9g\u00e9 de toutes parts\u00a0: \u00e9tanche au vent \u00e0 l&rsquo;ext\u00e9rieur et \u00e9tanche \u00e0 <a href=\"https:\/\/blog.proclima.com\/fr\/2025\/11\/letancheite-a-lair-et-la-gestion-de-la-vapeur-deau\/\" rel=\"bookmark\">&#8230;<\/a><\/p>\n","protected":false},"author":747,"featured_media":1096,"comment_status":"open","ping_status":"open","sticky":false,"template":"","format":"standard","meta":{"footnotes":""},"categories":[79,1],"tags":[14,181,74,11,16,183],"class_list":["post-1085","post","type-post","status-publish","format-standard","has-post-thumbnail","hentry","category-article-pro","category-general","tag-etancheite-a-lair","tag-etancheite-au-vent","tag-frein-vapeur","tag-intello","tag-pro-clima","tag-vapeur-deau"],"yoast_head":"<!-- This site is optimized with the Yoast SEO plugin v27.5 - https:\/\/yoast.com\/product\/yoast-seo-wordpress\/ -->\n<title>L&#039;\u00e9tanch\u00e9it\u00e9 \u00e0 l&#039;air et la gestion de la vapeur d&#039;eau - pro clima Blog - france<\/title>\n<meta name=\"robots\" content=\"index, follow, max-snippet:-1, max-image-preview:large, max-video-preview:-1\" \/>\n<link rel=\"canonical\" href=\"https:\/\/blog.proclima.com\/fr\/2025\/11\/letancheite-a-lair-et-la-gestion-de-la-vapeur-deau\/\" \/>\n<meta property=\"og:locale\" content=\"fr_FR\" \/>\n<meta property=\"og:type\" content=\"article\" \/>\n<meta property=\"og:title\" content=\"L&#039;\u00e9tanch\u00e9it\u00e9 \u00e0 l&#039;air et la gestion de la vapeur d&#039;eau - pro clima Blog - france\" \/>\n<meta property=\"og:description\" content=\"En quoi sont-elles n\u00e9cessaires ? Dans le cas d\u2019une isolation id\u00e9ale, l\u2019isolant est prot\u00e9g\u00e9 de toutes parts\u00a0: \u00e9tanche au vent \u00e0 l&rsquo;ext\u00e9rieur et \u00e9tanche \u00e0 ...\" \/>\n<meta property=\"og:url\" content=\"https:\/\/blog.proclima.com\/fr\/2025\/11\/letancheite-a-lair-et-la-gestion-de-la-vapeur-deau\/\" \/>\n<meta property=\"og:site_name\" content=\"pro clima Blog - france\" \/>\n<meta property=\"article:published_time\" content=\"2025-11-14T07:00:00+00:00\" \/>\n<meta property=\"og:image\" content=\"https:\/\/blog.proclima.com\/fr\/files\/2025\/09\/Limiter-le-flux-dair-a-travers-la-paroi.png\" \/>\n\t<meta property=\"og:image:width\" content=\"756\" \/>\n\t<meta property=\"og:image:height\" content=\"435\" \/>\n\t<meta property=\"og:image:type\" content=\"image\/png\" \/>\n<meta name=\"author\" content=\"Thomas Berthebaud\" \/>\n<meta name=\"twitter:card\" content=\"summary_large_image\" \/>\n<meta name=\"twitter:label1\" content=\"\u00c9crit par\" \/>\n\t<meta name=\"twitter:data1\" content=\"Thomas Berthebaud\" \/>\n\t<meta name=\"twitter:label2\" content=\"Dur\u00e9e de lecture estim\u00e9e\" \/>\n\t<meta name=\"twitter:data2\" content=\"7 minutes\" \/>\n<script type=\"application\/ld+json\" class=\"yoast-schema-graph\">{\"@context\":\"https:\\\/\\\/schema.org\",\"@graph\":[{\"@type\":\"Article\",\"@id\":\"https:\\\/\\\/blog.proclima.com\\\/fr\\\/2025\\\/11\\\/letancheite-a-lair-et-la-gestion-de-la-vapeur-deau\\\/#article\",\"isPartOf\":{\"@id\":\"https:\\\/\\\/blog.proclima.com\\\/fr\\\/2025\\\/11\\\/letancheite-a-lair-et-la-gestion-de-la-vapeur-deau\\\/\"},\"author\":{\"name\":\"Thomas Berthebaud\",\"@id\":\"https:\\\/\\\/blog.proclima.com\\\/fr\\\/#\\\/schema\\\/person\\\/d668d37b99eb389b65a7d08ed5e1c663\"},\"headline\":\"L&rsquo;\u00e9tanch\u00e9it\u00e9 \u00e0 l&rsquo;air et la gestion de la vapeur d&rsquo;eau\",\"datePublished\":\"2025-11-14T07:00:00+00:00\",\"mainEntityOfPage\":{\"@id\":\"https:\\\/\\\/blog.proclima.com\\\/fr\\\/2025\\\/11\\\/letancheite-a-lair-et-la-gestion-de-la-vapeur-deau\\\/\"},\"wordCount\":1326,\"commentCount\":0,\"publisher\":{\"@id\":\"https:\\\/\\\/blog.proclima.com\\\/fr\\\/#organization\"},\"image\":{\"@id\":\"https:\\\/\\\/blog.proclima.com\\\/fr\\\/2025\\\/11\\\/letancheite-a-lair-et-la-gestion-de-la-vapeur-deau\\\/#primaryimage\"},\"thumbnailUrl\":\"https:\\\/\\\/blog.proclima.com\\\/fr\\\/files\\\/2025\\\/09\\\/Limiter-le-flux-dair-a-travers-la-paroi.png\",\"keywords\":[\"\u00e9tanch\u00e9it\u00e9 \u00e1 l'air\",\"\u00e9tanch\u00e9it\u00e9 au vent\",\"frein-vapeur\",\"Intello\",\"pro clima\",\"vapeur d'eau\"],\"articleSection\":[\"Connaissances techniques\",\"pro clima\"],\"inLanguage\":\"fr-FR\",\"potentialAction\":[{\"@type\":\"CommentAction\",\"name\":\"Comment\",\"target\":[\"https:\\\/\\\/blog.proclima.com\\\/fr\\\/2025\\\/11\\\/letancheite-a-lair-et-la-gestion-de-la-vapeur-deau\\\/#respond\"]}]},{\"@type\":\"WebPage\",\"@id\":\"https:\\\/\\\/blog.proclima.com\\\/fr\\\/2025\\\/11\\\/letancheite-a-lair-et-la-gestion-de-la-vapeur-deau\\\/\",\"url\":\"https:\\\/\\\/blog.proclima.com\\\/fr\\\/2025\\\/11\\\/letancheite-a-lair-et-la-gestion-de-la-vapeur-deau\\\/\",\"name\":\"L'\u00e9tanch\u00e9it\u00e9 \u00e0 l'air et la gestion de la vapeur d'eau - pro clima Blog - france\",\"isPartOf\":{\"@id\":\"https:\\\/\\\/blog.proclima.com\\\/fr\\\/#website\"},\"primaryImageOfPage\":{\"@id\":\"https:\\\/\\\/blog.proclima.com\\\/fr\\\/2025\\\/11\\\/letancheite-a-lair-et-la-gestion-de-la-vapeur-deau\\\/#primaryimage\"},\"image\":{\"@id\":\"https:\\\/\\\/blog.proclima.com\\\/fr\\\/2025\\\/11\\\/letancheite-a-lair-et-la-gestion-de-la-vapeur-deau\\\/#primaryimage\"},\"thumbnailUrl\":\"https:\\\/\\\/blog.proclima.com\\\/fr\\\/files\\\/2025\\\/09\\\/Limiter-le-flux-dair-a-travers-la-paroi.png\",\"datePublished\":\"2025-11-14T07:00:00+00:00\",\"breadcrumb\":{\"@id\":\"https:\\\/\\\/blog.proclima.com\\\/fr\\\/2025\\\/11\\\/letancheite-a-lair-et-la-gestion-de-la-vapeur-deau\\\/#breadcrumb\"},\"inLanguage\":\"fr-FR\",\"potentialAction\":[{\"@type\":\"ReadAction\",\"target\":[\"https:\\\/\\\/blog.proclima.com\\\/fr\\\/2025\\\/11\\\/letancheite-a-lair-et-la-gestion-de-la-vapeur-deau\\\/\"]}]},{\"@type\":\"ImageObject\",\"inLanguage\":\"fr-FR\",\"@id\":\"https:\\\/\\\/blog.proclima.com\\\/fr\\\/2025\\\/11\\\/letancheite-a-lair-et-la-gestion-de-la-vapeur-deau\\\/#primaryimage\",\"url\":\"https:\\\/\\\/blog.proclima.com\\\/fr\\\/files\\\/2025\\\/09\\\/Limiter-le-flux-dair-a-travers-la-paroi.png\",\"contentUrl\":\"https:\\\/\\\/blog.proclima.com\\\/fr\\\/files\\\/2025\\\/09\\\/Limiter-le-flux-dair-a-travers-la-paroi.png\",\"width\":756,\"height\":435},{\"@type\":\"BreadcrumbList\",\"@id\":\"https:\\\/\\\/blog.proclima.com\\\/fr\\\/2025\\\/11\\\/letancheite-a-lair-et-la-gestion-de-la-vapeur-deau\\\/#breadcrumb\",\"itemListElement\":[{\"@type\":\"ListItem\",\"position\":1,\"name\":\"Accueil\",\"item\":\"https:\\\/\\\/blog.proclima.com\\\/fr\\\/\"},{\"@type\":\"ListItem\",\"position\":2,\"name\":\"L&rsquo;\u00e9tanch\u00e9it\u00e9 \u00e0 l&rsquo;air et la gestion de la vapeur d&rsquo;eau\"}]},{\"@type\":\"WebSite\",\"@id\":\"https:\\\/\\\/blog.proclima.com\\\/fr\\\/#website\",\"url\":\"https:\\\/\\\/blog.proclima.com\\\/fr\\\/\",\"name\":\"pro clima Blog - france\",\"description\":\"pro clima Blog\",\"publisher\":{\"@id\":\"https:\\\/\\\/blog.proclima.com\\\/fr\\\/#organization\"},\"potentialAction\":[{\"@type\":\"SearchAction\",\"target\":{\"@type\":\"EntryPoint\",\"urlTemplate\":\"https:\\\/\\\/blog.proclima.com\\\/fr\\\/?s={search_term_string}\"},\"query-input\":{\"@type\":\"PropertyValueSpecification\",\"valueRequired\":true,\"valueName\":\"search_term_string\"}}],\"inLanguage\":\"fr-FR\"},{\"@type\":\"Organization\",\"@id\":\"https:\\\/\\\/blog.proclima.com\\\/fr\\\/#organization\",\"name\":\"pro clima Blog - france\",\"url\":\"https:\\\/\\\/blog.proclima.com\\\/fr\\\/\",\"logo\":{\"@type\":\"ImageObject\",\"inLanguage\":\"fr-FR\",\"@id\":\"https:\\\/\\\/blog.proclima.com\\\/fr\\\/#\\\/schema\\\/logo\\\/image\\\/\",\"url\":\"https:\\\/\\\/blog.proclima.com\\\/fr\\\/files\\\/2025\\\/12\\\/logo_proclima_quadrat.png\",\"contentUrl\":\"https:\\\/\\\/blog.proclima.com\\\/fr\\\/files\\\/2025\\\/12\\\/logo_proclima_quadrat.png\",\"width\":1200,\"height\":1200,\"caption\":\"pro clima Blog - france\"},\"image\":{\"@id\":\"https:\\\/\\\/blog.proclima.com\\\/fr\\\/#\\\/schema\\\/logo\\\/image\\\/\"}},{\"@type\":\"Person\",\"@id\":\"https:\\\/\\\/blog.proclima.com\\\/fr\\\/#\\\/schema\\\/person\\\/d668d37b99eb389b65a7d08ed5e1c663\",\"name\":\"Thomas Berthebaud\",\"image\":{\"@type\":\"ImageObject\",\"inLanguage\":\"fr-FR\",\"@id\":\"https:\\\/\\\/secure.gravatar.com\\\/avatar\\\/9d182955d29ff87c60e8748482c3237dca84f962953a2e72f31a1e76b49b62ff?s=96&d=mm&r=g\",\"url\":\"https:\\\/\\\/secure.gravatar.com\\\/avatar\\\/9d182955d29ff87c60e8748482c3237dca84f962953a2e72f31a1e76b49b62ff?s=96&d=mm&r=g\",\"contentUrl\":\"https:\\\/\\\/secure.gravatar.com\\\/avatar\\\/9d182955d29ff87c60e8748482c3237dca84f962953a2e72f31a1e76b49b62ff?s=96&d=mm&r=g\",\"caption\":\"Thomas Berthebaud\"},\"url\":\"https:\\\/\\\/blog.proclima.com\\\/fr\\\/author\\\/thomasberthebaud\\\/\"}]}<\/script>\n<!-- \/ Yoast SEO plugin. -->","yoast_head_json":{"title":"L'\u00e9tanch\u00e9it\u00e9 \u00e0 l'air et la gestion de la vapeur d'eau - pro clima Blog - france","robots":{"index":"index","follow":"follow","max-snippet":"max-snippet:-1","max-image-preview":"max-image-preview:large","max-video-preview":"max-video-preview:-1"},"canonical":"https:\/\/blog.proclima.com\/fr\/2025\/11\/letancheite-a-lair-et-la-gestion-de-la-vapeur-deau\/","og_locale":"fr_FR","og_type":"article","og_title":"L'\u00e9tanch\u00e9it\u00e9 \u00e0 l'air et la gestion de la vapeur d'eau - pro clima Blog - france","og_description":"En quoi sont-elles n\u00e9cessaires ? Dans le cas d\u2019une isolation id\u00e9ale, l\u2019isolant est prot\u00e9g\u00e9 de toutes parts\u00a0: \u00e9tanche au vent \u00e0 l&rsquo;ext\u00e9rieur et \u00e9tanche \u00e0 ...","og_url":"https:\/\/blog.proclima.com\/fr\/2025\/11\/letancheite-a-lair-et-la-gestion-de-la-vapeur-deau\/","og_site_name":"pro clima Blog - france","article_published_time":"2025-11-14T07:00:00+00:00","og_image":[{"width":756,"height":435,"url":"https:\/\/blog.proclima.com\/fr\/files\/2025\/09\/Limiter-le-flux-dair-a-travers-la-paroi.png","type":"image\/png"}],"author":"Thomas Berthebaud","twitter_card":"summary_large_image","twitter_misc":{"\u00c9crit par":"Thomas Berthebaud","Dur\u00e9e de lecture estim\u00e9e":"7 minutes"},"schema":{"@context":"https:\/\/schema.org","@graph":[{"@type":"Article","@id":"https:\/\/blog.proclima.com\/fr\/2025\/11\/letancheite-a-lair-et-la-gestion-de-la-vapeur-deau\/#article","isPartOf":{"@id":"https:\/\/blog.proclima.com\/fr\/2025\/11\/letancheite-a-lair-et-la-gestion-de-la-vapeur-deau\/"},"author":{"name":"Thomas Berthebaud","@id":"https:\/\/blog.proclima.com\/fr\/#\/schema\/person\/d668d37b99eb389b65a7d08ed5e1c663"},"headline":"L&rsquo;\u00e9tanch\u00e9it\u00e9 \u00e0 l&rsquo;air et la gestion de la vapeur d&rsquo;eau","datePublished":"2025-11-14T07:00:00+00:00","mainEntityOfPage":{"@id":"https:\/\/blog.proclima.com\/fr\/2025\/11\/letancheite-a-lair-et-la-gestion-de-la-vapeur-deau\/"},"wordCount":1326,"commentCount":0,"publisher":{"@id":"https:\/\/blog.proclima.com\/fr\/#organization"},"image":{"@id":"https:\/\/blog.proclima.com\/fr\/2025\/11\/letancheite-a-lair-et-la-gestion-de-la-vapeur-deau\/#primaryimage"},"thumbnailUrl":"https:\/\/blog.proclima.com\/fr\/files\/2025\/09\/Limiter-le-flux-dair-a-travers-la-paroi.png","keywords":["\u00e9tanch\u00e9it\u00e9 \u00e1 l'air","\u00e9tanch\u00e9it\u00e9 au vent","frein-vapeur","Intello","pro clima","vapeur d'eau"],"articleSection":["Connaissances techniques","pro clima"],"inLanguage":"fr-FR","potentialAction":[{"@type":"CommentAction","name":"Comment","target":["https:\/\/blog.proclima.com\/fr\/2025\/11\/letancheite-a-lair-et-la-gestion-de-la-vapeur-deau\/#respond"]}]},{"@type":"WebPage","@id":"https:\/\/blog.proclima.com\/fr\/2025\/11\/letancheite-a-lair-et-la-gestion-de-la-vapeur-deau\/","url":"https:\/\/blog.proclima.com\/fr\/2025\/11\/letancheite-a-lair-et-la-gestion-de-la-vapeur-deau\/","name":"L'\u00e9tanch\u00e9it\u00e9 \u00e0 l'air et la gestion de la vapeur d'eau - pro clima Blog - france","isPartOf":{"@id":"https:\/\/blog.proclima.com\/fr\/#website"},"primaryImageOfPage":{"@id":"https:\/\/blog.proclima.com\/fr\/2025\/11\/letancheite-a-lair-et-la-gestion-de-la-vapeur-deau\/#primaryimage"},"image":{"@id":"https:\/\/blog.proclima.com\/fr\/2025\/11\/letancheite-a-lair-et-la-gestion-de-la-vapeur-deau\/#primaryimage"},"thumbnailUrl":"https:\/\/blog.proclima.com\/fr\/files\/2025\/09\/Limiter-le-flux-dair-a-travers-la-paroi.png","datePublished":"2025-11-14T07:00:00+00:00","breadcrumb":{"@id":"https:\/\/blog.proclima.com\/fr\/2025\/11\/letancheite-a-lair-et-la-gestion-de-la-vapeur-deau\/#breadcrumb"},"inLanguage":"fr-FR","potentialAction":[{"@type":"ReadAction","target":["https:\/\/blog.proclima.com\/fr\/2025\/11\/letancheite-a-lair-et-la-gestion-de-la-vapeur-deau\/"]}]},{"@type":"ImageObject","inLanguage":"fr-FR","@id":"https:\/\/blog.proclima.com\/fr\/2025\/11\/letancheite-a-lair-et-la-gestion-de-la-vapeur-deau\/#primaryimage","url":"https:\/\/blog.proclima.com\/fr\/files\/2025\/09\/Limiter-le-flux-dair-a-travers-la-paroi.png","contentUrl":"https:\/\/blog.proclima.com\/fr\/files\/2025\/09\/Limiter-le-flux-dair-a-travers-la-paroi.png","width":756,"height":435},{"@type":"BreadcrumbList","@id":"https:\/\/blog.proclima.com\/fr\/2025\/11\/letancheite-a-lair-et-la-gestion-de-la-vapeur-deau\/#breadcrumb","itemListElement":[{"@type":"ListItem","position":1,"name":"Accueil","item":"https:\/\/blog.proclima.com\/fr\/"},{"@type":"ListItem","position":2,"name":"L&rsquo;\u00e9tanch\u00e9it\u00e9 \u00e0 l&rsquo;air et la gestion de la vapeur d&rsquo;eau"}]},{"@type":"WebSite","@id":"https:\/\/blog.proclima.com\/fr\/#website","url":"https:\/\/blog.proclima.com\/fr\/","name":"pro clima Blog - france","description":"pro clima Blog","publisher":{"@id":"https:\/\/blog.proclima.com\/fr\/#organization"},"potentialAction":[{"@type":"SearchAction","target":{"@type":"EntryPoint","urlTemplate":"https:\/\/blog.proclima.com\/fr\/?s={search_term_string}"},"query-input":{"@type":"PropertyValueSpecification","valueRequired":true,"valueName":"search_term_string"}}],"inLanguage":"fr-FR"},{"@type":"Organization","@id":"https:\/\/blog.proclima.com\/fr\/#organization","name":"pro clima Blog - france","url":"https:\/\/blog.proclima.com\/fr\/","logo":{"@type":"ImageObject","inLanguage":"fr-FR","@id":"https:\/\/blog.proclima.com\/fr\/#\/schema\/logo\/image\/","url":"https:\/\/blog.proclima.com\/fr\/files\/2025\/12\/logo_proclima_quadrat.png","contentUrl":"https:\/\/blog.proclima.com\/fr\/files\/2025\/12\/logo_proclima_quadrat.png","width":1200,"height":1200,"caption":"pro clima Blog - france"},"image":{"@id":"https:\/\/blog.proclima.com\/fr\/#\/schema\/logo\/image\/"}},{"@type":"Person","@id":"https:\/\/blog.proclima.com\/fr\/#\/schema\/person\/d668d37b99eb389b65a7d08ed5e1c663","name":"Thomas Berthebaud","image":{"@type":"ImageObject","inLanguage":"fr-FR","@id":"https:\/\/secure.gravatar.com\/avatar\/9d182955d29ff87c60e8748482c3237dca84f962953a2e72f31a1e76b49b62ff?s=96&d=mm&r=g","url":"https:\/\/secure.gravatar.com\/avatar\/9d182955d29ff87c60e8748482c3237dca84f962953a2e72f31a1e76b49b62ff?s=96&d=mm&r=g","contentUrl":"https:\/\/secure.gravatar.com\/avatar\/9d182955d29ff87c60e8748482c3237dca84f962953a2e72f31a1e76b49b62ff?s=96&d=mm&r=g","caption":"Thomas Berthebaud"},"url":"https:\/\/blog.proclima.com\/fr\/author\/thomasberthebaud\/"}]}},"_links":{"self":[{"href":"https:\/\/blog.proclima.com\/fr\/wp-json\/wp\/v2\/posts\/1085","targetHints":{"allow":["GET"]}}],"collection":[{"href":"https:\/\/blog.proclima.com\/fr\/wp-json\/wp\/v2\/posts"}],"about":[{"href":"https:\/\/blog.proclima.com\/fr\/wp-json\/wp\/v2\/types\/post"}],"author":[{"embeddable":true,"href":"https:\/\/blog.proclima.com\/fr\/wp-json\/wp\/v2\/users\/747"}],"replies":[{"embeddable":true,"href":"https:\/\/blog.proclima.com\/fr\/wp-json\/wp\/v2\/comments?post=1085"}],"version-history":[{"count":13,"href":"https:\/\/blog.proclima.com\/fr\/wp-json\/wp\/v2\/posts\/1085\/revisions"}],"predecessor-version":[{"id":1121,"href":"https:\/\/blog.proclima.com\/fr\/wp-json\/wp\/v2\/posts\/1085\/revisions\/1121"}],"wp:featuredmedia":[{"embeddable":true,"href":"https:\/\/blog.proclima.com\/fr\/wp-json\/wp\/v2\/media\/1096"}],"wp:attachment":[{"href":"https:\/\/blog.proclima.com\/fr\/wp-json\/wp\/v2\/media?parent=1085"}],"wp:term":[{"taxonomy":"category","embeddable":true,"href":"https:\/\/blog.proclima.com\/fr\/wp-json\/wp\/v2\/categories?post=1085"},{"taxonomy":"post_tag","embeddable":true,"href":"https:\/\/blog.proclima.com\/fr\/wp-json\/wp\/v2\/tags?post=1085"}],"curies":[{"name":"wp","href":"https:\/\/api.w.org\/{rel}","templated":true}]}}