
{"id":1020,"date":"2024-05-17T11:52:07","date_gmt":"2024-05-17T09:52:07","guid":{"rendered":"https:\/\/blog.proclima.com\/fr\/?p=1020"},"modified":"2024-05-17T11:52:09","modified_gmt":"2024-05-17T09:52:09","slug":"dates-de-nos-prochains-salons","status":"publish","type":"post","link":"https:\/\/blog.proclima.com\/fr\/2024\/05\/dates-de-nos-prochains-salons\/","title":{"rendered":"Dates de nos prochains salons"},"content":{"rendered":"\n<p>Apr\u00e8s quelques mois sans article sur le blog, nous revoil\u00e0 pour de nouvelles actualit\u00e9s, des nouveaut\u00e9s et pleins d\u2019informations \u00e0 vous partager !<\/p>\n\n\n\n<p>Voici d\u00e9j\u00e0 <strong>les dates des prochains salons \u00e0 retenir<\/strong>. Retrouvez-nous lors de diff\u00e9rents salon :<\/p>\n\n\n\n<ul class=\"wp-block-list\">\n<li><a href=\"https:\/\/www.timbershow.com\/\">Carrefour International du Bois<\/a>, du 28 au 30 mai 2024, \u00e0 Nantes <a href=\"https:\/\/www.timbershow.com\/\" target=\"_blank\" rel=\"noreferrer noopener\"><\/a><\/li>\n\n\n\n<li><a href=\"https:\/\/printemps-ecoconstruction.fr\/\">Printemps de l\u2019Eco-construction<\/a>, 13 et 14 juin \u00e0 l\u2019Universit\u00e9 de Rennes <a href=\"https:\/\/printemps-ecoconstruction.fr\/\" target=\"_blank\" rel=\"noreferrer noopener\"><\/a><\/li>\n\n\n\n<li><a href=\"https:\/\/www.innoville.fr\/\">Salon INNOville<\/a> , 25 et 26 septembre, Halle d\u2019Iraty \u00e0 Biarritz <\/li>\n\n\n\n<li><a href=\"https:\/\/www.innoville.fr\/\" target=\"_blank\" rel=\"noreferrer noopener\"><\/a><a href=\"https:\/\/www.batimat.com\/fr-fr.html\">Salon BATIMAT<\/a>, du 30 septembre au 3 octobre, au parc exposition porte de Versailles <\/li>\n<\/ul>\n\n\n\n<p>Nous serons heureux de vous accueillir sur notre stand \u00e0 l\u2019occasion de ces \u00e9v\u00e8nements !<\/p>\n\n\n\n<p>N&rsquo;h\u00e9sitez pas \u00e0 faire le tour sur notre <a href=\"http:\/\/proclima.info\">site internet <\/a>et suivez-nous sur <a href=\"https:\/\/www.linkedin.com\/company\/pro-clima-france-sarl\">LinkedIn<\/a> et <a href=\"https:\/\/www.facebook.com\/proclimafrance\">Facebook<\/a> pour \u00eatre au courant des derni\u00e8res informations concernant pro clima.<\/p>\n","protected":false},"excerpt":{"rendered":"<p>Apr\u00e8s quelques mois sans article sur le blog, nous revoil\u00e0 pour de nouvelles actualit\u00e9s, des nouveaut\u00e9s et pleins d\u2019informations \u00e0 vous partager ! Voici d\u00e9j\u00e0 <a href=\"https:\/\/blog.proclima.com\/fr\/2024\/05\/dates-de-nos-prochains-salons\/\" rel=\"bookmark\">&#8230;<\/a><\/p>\n","protected":false},"author":734,"featured_media":1023,"comment_status":"open","ping_status":"open","sticky":false,"template":"","format":"standard","meta":{"footnotes":""},"categories":[5],"tags":[],"class_list":["post-1020","post","type-post","status-publish","format-standard","has-post-thumbnail","hentry","category-evenements-salons"],"yoast_head":"<!-- This site is optimized with the Yoast SEO plugin v27.5 - https:\/\/yoast.com\/product\/yoast-seo-wordpress\/ -->\n<title>Dates de nos prochains salons - pro clima Blog - france<\/title>\n<meta name=\"description\" content=\"Voici un aper\u00e7u des dates des prochains salon auxquels pro clima participera\" \/>\n<meta name=\"robots\" content=\"index, follow, max-snippet:-1, max-image-preview:large, max-video-preview:-1\" \/>\n<link rel=\"canonical\" href=\"https:\/\/blog.proclima.com\/fr\/2024\/05\/dates-de-nos-prochains-salons\/\" \/>\n<meta property=\"og:locale\" content=\"fr_FR\" \/>\n<meta property=\"og:type\" content=\"article\" \/>\n<meta property=\"og:title\" content=\"Dates de nos prochains salons - pro clima Blog - france\" \/>\n<meta property=\"og:description\" content=\"Voici un aper\u00e7u des dates des prochains salon auxquels pro clima participera\" \/>\n<meta property=\"og:url\" content=\"https:\/\/blog.proclima.com\/fr\/2024\/05\/dates-de-nos-prochains-salons\/\" \/>\n<meta property=\"og:site_name\" content=\"pro clima Blog - france\" \/>\n<meta property=\"article:published_time\" content=\"2024-05-17T09:52:07+00:00\" \/>\n<meta property=\"article:modified_time\" content=\"2024-05-17T09:52:09+00:00\" \/>\n<meta property=\"og:image\" content=\"https:\/\/blog.proclima.com\/fr\/files\/2024\/05\/1711387547346.jpg\" \/>\n\t<meta property=\"og:image:width\" content=\"768\" \/>\n\t<meta property=\"og:image:height\" content=\"576\" \/>\n\t<meta property=\"og:image:type\" content=\"image\/jpeg\" \/>\n<meta name=\"author\" content=\"marion\" \/>\n<meta name=\"twitter:card\" content=\"summary_large_image\" \/>\n<meta name=\"twitter:label1\" content=\"\u00c9crit par\" \/>\n\t<meta name=\"twitter:data1\" content=\"marion\" \/>\n\t<meta name=\"twitter:label2\" content=\"Dur\u00e9e de lecture estim\u00e9e\" \/>\n\t<meta name=\"twitter:data2\" content=\"1 minute\" \/>\n<script type=\"application\/ld+json\" class=\"yoast-schema-graph\">{\"@context\":\"https:\\\/\\\/schema.org\",\"@graph\":[{\"@type\":\"Article\",\"@id\":\"https:\\\/\\\/blog.proclima.com\\\/fr\\\/2024\\\/05\\\/dates-de-nos-prochains-salons\\\/#article\",\"isPartOf\":{\"@id\":\"https:\\\/\\\/blog.proclima.com\\\/fr\\\/2024\\\/05\\\/dates-de-nos-prochains-salons\\\/\"},\"author\":{\"name\":\"marion\",\"@id\":\"https:\\\/\\\/blog.proclima.com\\\/fr\\\/#\\\/schema\\\/person\\\/afb52dc374e0788137e20a16cd510cdd\"},\"headline\":\"Dates de nos prochains salons\",\"datePublished\":\"2024-05-17T09:52:07+00:00\",\"dateModified\":\"2024-05-17T09:52:09+00:00\",\"mainEntityOfPage\":{\"@id\":\"https:\\\/\\\/blog.proclima.com\\\/fr\\\/2024\\\/05\\\/dates-de-nos-prochains-salons\\\/\"},\"wordCount\":125,\"commentCount\":0,\"publisher\":{\"@id\":\"https:\\\/\\\/blog.proclima.com\\\/fr\\\/#organization\"},\"image\":{\"@id\":\"https:\\\/\\\/blog.proclima.com\\\/fr\\\/2024\\\/05\\\/dates-de-nos-prochains-salons\\\/#primaryimage\"},\"thumbnailUrl\":\"https:\\\/\\\/blog.proclima.com\\\/fr\\\/files\\\/2024\\\/05\\\/1711387547346.jpg\",\"articleSection\":[\"\u00c9v\u00e8nements\\\/Salons\"],\"inLanguage\":\"fr-FR\",\"potentialAction\":[{\"@type\":\"CommentAction\",\"name\":\"Comment\",\"target\":[\"https:\\\/\\\/blog.proclima.com\\\/fr\\\/2024\\\/05\\\/dates-de-nos-prochains-salons\\\/#respond\"]}]},{\"@type\":\"WebPage\",\"@id\":\"https:\\\/\\\/blog.proclima.com\\\/fr\\\/2024\\\/05\\\/dates-de-nos-prochains-salons\\\/\",\"url\":\"https:\\\/\\\/blog.proclima.com\\\/fr\\\/2024\\\/05\\\/dates-de-nos-prochains-salons\\\/\",\"name\":\"Dates de nos prochains salons - pro clima Blog - france\",\"isPartOf\":{\"@id\":\"https:\\\/\\\/blog.proclima.com\\\/fr\\\/#website\"},\"primaryImageOfPage\":{\"@id\":\"https:\\\/\\\/blog.proclima.com\\\/fr\\\/2024\\\/05\\\/dates-de-nos-prochains-salons\\\/#primaryimage\"},\"image\":{\"@id\":\"https:\\\/\\\/blog.proclima.com\\\/fr\\\/2024\\\/05\\\/dates-de-nos-prochains-salons\\\/#primaryimage\"},\"thumbnailUrl\":\"https:\\\/\\\/blog.proclima.com\\\/fr\\\/files\\\/2024\\\/05\\\/1711387547346.jpg\",\"datePublished\":\"2024-05-17T09:52:07+00:00\",\"dateModified\":\"2024-05-17T09:52:09+00:00\",\"description\":\"Voici un aper\u00e7u des dates des prochains salon auxquels pro clima participera\",\"breadcrumb\":{\"@id\":\"https:\\\/\\\/blog.proclima.com\\\/fr\\\/2024\\\/05\\\/dates-de-nos-prochains-salons\\\/#breadcrumb\"},\"inLanguage\":\"fr-FR\",\"potentialAction\":[{\"@type\":\"ReadAction\",\"target\":[\"https:\\\/\\\/blog.proclima.com\\\/fr\\\/2024\\\/05\\\/dates-de-nos-prochains-salons\\\/\"]}]},{\"@type\":\"ImageObject\",\"inLanguage\":\"fr-FR\",\"@id\":\"https:\\\/\\\/blog.proclima.com\\\/fr\\\/2024\\\/05\\\/dates-de-nos-prochains-salons\\\/#primaryimage\",\"url\":\"https:\\\/\\\/blog.proclima.com\\\/fr\\\/files\\\/2024\\\/05\\\/1711387547346.jpg\",\"contentUrl\":\"https:\\\/\\\/blog.proclima.com\\\/fr\\\/files\\\/2024\\\/05\\\/1711387547346.jpg\",\"width\":768,\"height\":576,\"caption\":\"salon passibat 2024\"},{\"@type\":\"BreadcrumbList\",\"@id\":\"https:\\\/\\\/blog.proclima.com\\\/fr\\\/2024\\\/05\\\/dates-de-nos-prochains-salons\\\/#breadcrumb\",\"itemListElement\":[{\"@type\":\"ListItem\",\"position\":1,\"name\":\"Accueil\",\"item\":\"https:\\\/\\\/blog.proclima.com\\\/fr\\\/\"},{\"@type\":\"ListItem\",\"position\":2,\"name\":\"Dates de nos prochains salons\"}]},{\"@type\":\"WebSite\",\"@id\":\"https:\\\/\\\/blog.proclima.com\\\/fr\\\/#website\",\"url\":\"https:\\\/\\\/blog.proclima.com\\\/fr\\\/\",\"name\":\"pro clima Blog - france\",\"description\":\"pro clima Blog\",\"publisher\":{\"@id\":\"https:\\\/\\\/blog.proclima.com\\\/fr\\\/#organization\"},\"potentialAction\":[{\"@type\":\"SearchAction\",\"target\":{\"@type\":\"EntryPoint\",\"urlTemplate\":\"https:\\\/\\\/blog.proclima.com\\\/fr\\\/?s={search_term_string}\"},\"query-input\":{\"@type\":\"PropertyValueSpecification\",\"valueRequired\":true,\"valueName\":\"search_term_string\"}}],\"inLanguage\":\"fr-FR\"},{\"@type\":\"Organization\",\"@id\":\"https:\\\/\\\/blog.proclima.com\\\/fr\\\/#organization\",\"name\":\"pro clima Blog - france\",\"url\":\"https:\\\/\\\/blog.proclima.com\\\/fr\\\/\",\"logo\":{\"@type\":\"ImageObject\",\"inLanguage\":\"fr-FR\",\"@id\":\"https:\\\/\\\/blog.proclima.com\\\/fr\\\/#\\\/schema\\\/logo\\\/image\\\/\",\"url\":\"https:\\\/\\\/blog.proclima.com\\\/fr\\\/files\\\/2025\\\/12\\\/logo_proclima_quadrat.png\",\"contentUrl\":\"https:\\\/\\\/blog.proclima.com\\\/fr\\\/files\\\/2025\\\/12\\\/logo_proclima_quadrat.png\",\"width\":1200,\"height\":1200,\"caption\":\"pro clima Blog - france\"},\"image\":{\"@id\":\"https:\\\/\\\/blog.proclima.com\\\/fr\\\/#\\\/schema\\\/logo\\\/image\\\/\"}},{\"@type\":\"Person\",\"@id\":\"https:\\\/\\\/blog.proclima.com\\\/fr\\\/#\\\/schema\\\/person\\\/afb52dc374e0788137e20a16cd510cdd\",\"name\":\"marion\",\"image\":{\"@type\":\"ImageObject\",\"inLanguage\":\"fr-FR\",\"@id\":\"https:\\\/\\\/secure.gravatar.com\\\/avatar\\\/7664fab361c5024e84702228b6e2a9ffc9ff2f55114b8cfd8cdd23533ef849b0?s=96&d=mm&r=g\",\"url\":\"https:\\\/\\\/secure.gravatar.com\\\/avatar\\\/7664fab361c5024e84702228b6e2a9ffc9ff2f55114b8cfd8cdd23533ef849b0?s=96&d=mm&r=g\",\"contentUrl\":\"https:\\\/\\\/secure.gravatar.com\\\/avatar\\\/7664fab361c5024e84702228b6e2a9ffc9ff2f55114b8cfd8cdd23533ef849b0?s=96&d=mm&r=g\",\"caption\":\"marion\"},\"url\":\"https:\\\/\\\/blog.proclima.com\\\/fr\\\/author\\\/marion\\\/\"}]}<\/script>\n<!-- \/ Yoast SEO plugin. -->","yoast_head_json":{"title":"Dates de nos prochains salons - pro clima Blog - france","description":"Voici un aper\u00e7u des dates des prochains salon auxquels pro clima participera","robots":{"index":"index","follow":"follow","max-snippet":"max-snippet:-1","max-image-preview":"max-image-preview:large","max-video-preview":"max-video-preview:-1"},"canonical":"https:\/\/blog.proclima.com\/fr\/2024\/05\/dates-de-nos-prochains-salons\/","og_locale":"fr_FR","og_type":"article","og_title":"Dates de nos prochains salons - pro clima Blog - france","og_description":"Voici un aper\u00e7u des dates des prochains salon auxquels pro clima participera","og_url":"https:\/\/blog.proclima.com\/fr\/2024\/05\/dates-de-nos-prochains-salons\/","og_site_name":"pro clima Blog - france","article_published_time":"2024-05-17T09:52:07+00:00","article_modified_time":"2024-05-17T09:52:09+00:00","og_image":[{"width":768,"height":576,"url":"https:\/\/blog.proclima.com\/fr\/files\/2024\/05\/1711387547346.jpg","type":"image\/jpeg"}],"author":"marion","twitter_card":"summary_large_image","twitter_misc":{"\u00c9crit par":"marion","Dur\u00e9e de lecture estim\u00e9e":"1 minute"},"schema":{"@context":"https:\/\/schema.org","@graph":[{"@type":"Article","@id":"https:\/\/blog.proclima.com\/fr\/2024\/05\/dates-de-nos-prochains-salons\/#article","isPartOf":{"@id":"https:\/\/blog.proclima.com\/fr\/2024\/05\/dates-de-nos-prochains-salons\/"},"author":{"name":"marion","@id":"https:\/\/blog.proclima.com\/fr\/#\/schema\/person\/afb52dc374e0788137e20a16cd510cdd"},"headline":"Dates de nos prochains salons","datePublished":"2024-05-17T09:52:07+00:00","dateModified":"2024-05-17T09:52:09+00:00","mainEntityOfPage":{"@id":"https:\/\/blog.proclima.com\/fr\/2024\/05\/dates-de-nos-prochains-salons\/"},"wordCount":125,"commentCount":0,"publisher":{"@id":"https:\/\/blog.proclima.com\/fr\/#organization"},"image":{"@id":"https:\/\/blog.proclima.com\/fr\/2024\/05\/dates-de-nos-prochains-salons\/#primaryimage"},"thumbnailUrl":"https:\/\/blog.proclima.com\/fr\/files\/2024\/05\/1711387547346.jpg","articleSection":["\u00c9v\u00e8nements\/Salons"],"inLanguage":"fr-FR","potentialAction":[{"@type":"CommentAction","name":"Comment","target":["https:\/\/blog.proclima.com\/fr\/2024\/05\/dates-de-nos-prochains-salons\/#respond"]}]},{"@type":"WebPage","@id":"https:\/\/blog.proclima.com\/fr\/2024\/05\/dates-de-nos-prochains-salons\/","url":"https:\/\/blog.proclima.com\/fr\/2024\/05\/dates-de-nos-prochains-salons\/","name":"Dates de nos prochains salons - pro clima Blog - france","isPartOf":{"@id":"https:\/\/blog.proclima.com\/fr\/#website"},"primaryImageOfPage":{"@id":"https:\/\/blog.proclima.com\/fr\/2024\/05\/dates-de-nos-prochains-salons\/#primaryimage"},"image":{"@id":"https:\/\/blog.proclima.com\/fr\/2024\/05\/dates-de-nos-prochains-salons\/#primaryimage"},"thumbnailUrl":"https:\/\/blog.proclima.com\/fr\/files\/2024\/05\/1711387547346.jpg","datePublished":"2024-05-17T09:52:07+00:00","dateModified":"2024-05-17T09:52:09+00:00","description":"Voici un aper\u00e7u des dates des prochains salon auxquels pro clima participera","breadcrumb":{"@id":"https:\/\/blog.proclima.com\/fr\/2024\/05\/dates-de-nos-prochains-salons\/#breadcrumb"},"inLanguage":"fr-FR","potentialAction":[{"@type":"ReadAction","target":["https:\/\/blog.proclima.com\/fr\/2024\/05\/dates-de-nos-prochains-salons\/"]}]},{"@type":"ImageObject","inLanguage":"fr-FR","@id":"https:\/\/blog.proclima.com\/fr\/2024\/05\/dates-de-nos-prochains-salons\/#primaryimage","url":"https:\/\/blog.proclima.com\/fr\/files\/2024\/05\/1711387547346.jpg","contentUrl":"https:\/\/blog.proclima.com\/fr\/files\/2024\/05\/1711387547346.jpg","width":768,"height":576,"caption":"salon passibat 2024"},{"@type":"BreadcrumbList","@id":"https:\/\/blog.proclima.com\/fr\/2024\/05\/dates-de-nos-prochains-salons\/#breadcrumb","itemListElement":[{"@type":"ListItem","position":1,"name":"Accueil","item":"https:\/\/blog.proclima.com\/fr\/"},{"@type":"ListItem","position":2,"name":"Dates de nos prochains salons"}]},{"@type":"WebSite","@id":"https:\/\/blog.proclima.com\/fr\/#website","url":"https:\/\/blog.proclima.com\/fr\/","name":"pro clima Blog - france","description":"pro clima Blog","publisher":{"@id":"https:\/\/blog.proclima.com\/fr\/#organization"},"potentialAction":[{"@type":"SearchAction","target":{"@type":"EntryPoint","urlTemplate":"https:\/\/blog.proclima.com\/fr\/?s={search_term_string}"},"query-input":{"@type":"PropertyValueSpecification","valueRequired":true,"valueName":"search_term_string"}}],"inLanguage":"fr-FR"},{"@type":"Organization","@id":"https:\/\/blog.proclima.com\/fr\/#organization","name":"pro clima Blog - france","url":"https:\/\/blog.proclima.com\/fr\/","logo":{"@type":"ImageObject","inLanguage":"fr-FR","@id":"https:\/\/blog.proclima.com\/fr\/#\/schema\/logo\/image\/","url":"https:\/\/blog.proclima.com\/fr\/files\/2025\/12\/logo_proclima_quadrat.png","contentUrl":"https:\/\/blog.proclima.com\/fr\/files\/2025\/12\/logo_proclima_quadrat.png","width":1200,"height":1200,"caption":"pro clima Blog - france"},"image":{"@id":"https:\/\/blog.proclima.com\/fr\/#\/schema\/logo\/image\/"}},{"@type":"Person","@id":"https:\/\/blog.proclima.com\/fr\/#\/schema\/person\/afb52dc374e0788137e20a16cd510cdd","name":"marion","image":{"@type":"ImageObject","inLanguage":"fr-FR","@id":"https:\/\/secure.gravatar.com\/avatar\/7664fab361c5024e84702228b6e2a9ffc9ff2f55114b8cfd8cdd23533ef849b0?s=96&d=mm&r=g","url":"https:\/\/secure.gravatar.com\/avatar\/7664fab361c5024e84702228b6e2a9ffc9ff2f55114b8cfd8cdd23533ef849b0?s=96&d=mm&r=g","contentUrl":"https:\/\/secure.gravatar.com\/avatar\/7664fab361c5024e84702228b6e2a9ffc9ff2f55114b8cfd8cdd23533ef849b0?s=96&d=mm&r=g","caption":"marion"},"url":"https:\/\/blog.proclima.com\/fr\/author\/marion\/"}]}},"_links":{"self":[{"href":"https:\/\/blog.proclima.com\/fr\/wp-json\/wp\/v2\/posts\/1020","targetHints":{"allow":["GET"]}}],"collection":[{"href":"https:\/\/blog.proclima.com\/fr\/wp-json\/wp\/v2\/posts"}],"about":[{"href":"https:\/\/blog.proclima.com\/fr\/wp-json\/wp\/v2\/types\/post"}],"author":[{"embeddable":true,"href":"https:\/\/blog.proclima.com\/fr\/wp-json\/wp\/v2\/users\/734"}],"replies":[{"embeddable":true,"href":"https:\/\/blog.proclima.com\/fr\/wp-json\/wp\/v2\/comments?post=1020"}],"version-history":[{"count":1,"href":"https:\/\/blog.proclima.com\/fr\/wp-json\/wp\/v2\/posts\/1020\/revisions"}],"predecessor-version":[{"id":1021,"href":"https:\/\/blog.proclima.com\/fr\/wp-json\/wp\/v2\/posts\/1020\/revisions\/1021"}],"wp:featuredmedia":[{"embeddable":true,"href":"https:\/\/blog.proclima.com\/fr\/wp-json\/wp\/v2\/media\/1023"}],"wp:attachment":[{"href":"https:\/\/blog.proclima.com\/fr\/wp-json\/wp\/v2\/media?parent=1020"}],"wp:term":[{"taxonomy":"category","embeddable":true,"href":"https:\/\/blog.proclima.com\/fr\/wp-json\/wp\/v2\/categories?post=1020"},{"taxonomy":"post_tag","embeddable":true,"href":"https:\/\/blog.proclima.com\/fr\/wp-json\/wp\/v2\/tags?post=1020"}],"curies":[{"name":"wp","href":"https:\/\/api.w.org\/{rel}","templated":true}]}}