
{"id":10,"date":"2011-09-12T10:45:56","date_gmt":"2011-09-12T08:45:56","guid":{"rendered":"http:\/\/blog.proclima.com\/fr\/?p=10"},"modified":"2011-09-12T10:49:24","modified_gmt":"2011-09-12T08:49:24","slug":"pro-clima-au-salon-maison-bois-angers-2011","status":"publish","type":"post","link":"https:\/\/blog.proclima.com\/fr\/2011\/09\/pro-clima-au-salon-maison-bois-angers-2011\/","title":{"rendered":"pro clima au Salon Maison Bois Angers 2011"},"content":{"rendered":"<p><a href=\"http:\/\/blog.proclima.com\/fr\/files\/2011\/09\/logo-salon-maison-bois-angers.png\"><img loading=\"lazy\" decoding=\"async\" data-size=\"542x130\" class=\"alignnone size-medium wp-image-14\" src=\"http:\/\/blog.proclima.com\/fr\/files\/2011\/09\/logo-salon-maison-bois-angers-300x71.png\" alt=\"\" width=\"300\" height=\"71\" srcset=\"https:\/\/blog.proclima.com\/fr\/files\/2011\/09\/logo-salon-maison-bois-angers-300x71.png 300w, https:\/\/blog.proclima.com\/fr\/files\/2011\/09\/logo-salon-maison-bois-angers.png 542w\" sizes=\"auto, (max-width: 300px) 100vw, 300px\" \/><\/a><\/p>\n<p>pro clima sera pr\u00e9sent au Salon Maison Bois 2001 qui aura lieu du 14 au 17 octobre 2011 \u00e0 Angers: Espace Isolation Hall C, D 362<br \/>\nVenez nous voir et vous informer sur nos syst\u00e8mes d&rsquo;\u00e9tanch\u00e9it\u00e9 \u00e0 l&rsquo;air et les solutions de d\u00e9tail!<br \/>\nPour plus d&rsquo;info: <a href=\"http:\/\/www.salon-maison-bois.com\" target=\"_blank\">www.salon-maison-bois.com<\/a><\/p>\n","protected":false},"excerpt":{"rendered":"<p>pro clima sera pr\u00e9sent au Salon Maison Bois 2001 qui aura lieu du 14 au 17 octobre 2011 \u00e0 Angers: Espace Isolation Hall C, D <a href=\"https:\/\/blog.proclima.com\/fr\/2011\/09\/pro-clima-au-salon-maison-bois-angers-2011\/\" rel=\"bookmark\">&#8230;<\/a><\/p>\n","protected":false},"author":16,"featured_media":0,"comment_status":"open","ping_status":"open","sticky":false,"template":"","format":"standard","meta":{"footnotes":""},"categories":[5],"tags":[4,3],"class_list":["post-10","post","type-post","status-publish","format-standard","hentry","category-evenements-salons","tag-angers","tag-salon-maison-bois-2011"],"yoast_head":"<!-- This site is optimized with the Yoast SEO plugin v27.5 - https:\/\/yoast.com\/product\/yoast-seo-wordpress\/ -->\n<title>pro clima au Salon Maison Bois Angers 2011 - pro clima Blog - france<\/title>\n<meta name=\"robots\" content=\"index, follow, max-snippet:-1, max-image-preview:large, max-video-preview:-1\" \/>\n<link rel=\"canonical\" href=\"https:\/\/blog.proclima.com\/fr\/2011\/09\/pro-clima-au-salon-maison-bois-angers-2011\/\" \/>\n<meta property=\"og:locale\" content=\"fr_FR\" \/>\n<meta property=\"og:type\" content=\"article\" \/>\n<meta property=\"og:title\" content=\"pro clima au Salon Maison Bois Angers 2011 - pro clima Blog - france\" \/>\n<meta property=\"og:description\" content=\"pro clima sera pr\u00e9sent au Salon Maison Bois 2001 qui aura lieu du 14 au 17 octobre 2011 \u00e0 Angers: Espace Isolation Hall C, D ...\" \/>\n<meta property=\"og:url\" content=\"https:\/\/blog.proclima.com\/fr\/2011\/09\/pro-clima-au-salon-maison-bois-angers-2011\/\" \/>\n<meta property=\"og:site_name\" content=\"pro clima Blog - france\" \/>\n<meta property=\"article:published_time\" content=\"2011-09-12T08:45:56+00:00\" \/>\n<meta property=\"article:modified_time\" content=\"2011-09-12T08:49:24+00:00\" \/>\n<meta property=\"og:image\" content=\"http:\/\/blog.proclima.com\/fr\/files\/2011\/09\/logo-salon-maison-bois-angers-300x71.png\" \/>\n<meta name=\"twitter:card\" content=\"summary_large_image\" \/>\n<meta name=\"twitter:label1\" content=\"\u00c9crit par\" \/>\n\t<meta name=\"twitter:data1\" content=\"\" \/>\n<script type=\"application\/ld+json\" class=\"yoast-schema-graph\">{\"@context\":\"https:\\\/\\\/schema.org\",\"@graph\":[{\"@type\":\"Article\",\"@id\":\"https:\\\/\\\/blog.proclima.com\\\/fr\\\/2011\\\/09\\\/pro-clima-au-salon-maison-bois-angers-2011\\\/#article\",\"isPartOf\":{\"@id\":\"https:\\\/\\\/blog.proclima.com\\\/fr\\\/2011\\\/09\\\/pro-clima-au-salon-maison-bois-angers-2011\\\/\"},\"author\":{\"name\":\"\",\"@id\":\"\"},\"headline\":\"pro clima au Salon Maison Bois Angers 2011\",\"datePublished\":\"2011-09-12T08:45:56+00:00\",\"dateModified\":\"2011-09-12T08:49:24+00:00\",\"mainEntityOfPage\":{\"@id\":\"https:\\\/\\\/blog.proclima.com\\\/fr\\\/2011\\\/09\\\/pro-clima-au-salon-maison-bois-angers-2011\\\/\"},\"wordCount\":54,\"commentCount\":0,\"publisher\":{\"@id\":\"https:\\\/\\\/blog.proclima.com\\\/fr\\\/#organization\"},\"image\":{\"@id\":\"https:\\\/\\\/blog.proclima.com\\\/fr\\\/2011\\\/09\\\/pro-clima-au-salon-maison-bois-angers-2011\\\/#primaryimage\"},\"thumbnailUrl\":\"http:\\\/\\\/blog.proclima.com\\\/fr\\\/files\\\/2011\\\/09\\\/logo-salon-maison-bois-angers-300x71.png\",\"keywords\":[\"Angers\",\"Salon Maison Bois 2011\"],\"articleSection\":[\"\u00c9v\u00e8nements\\\/Salons\"],\"inLanguage\":\"fr-FR\",\"potentialAction\":[{\"@type\":\"CommentAction\",\"name\":\"Comment\",\"target\":[\"https:\\\/\\\/blog.proclima.com\\\/fr\\\/2011\\\/09\\\/pro-clima-au-salon-maison-bois-angers-2011\\\/#respond\"]}]},{\"@type\":\"WebPage\",\"@id\":\"https:\\\/\\\/blog.proclima.com\\\/fr\\\/2011\\\/09\\\/pro-clima-au-salon-maison-bois-angers-2011\\\/\",\"url\":\"https:\\\/\\\/blog.proclima.com\\\/fr\\\/2011\\\/09\\\/pro-clima-au-salon-maison-bois-angers-2011\\\/\",\"name\":\"pro clima au Salon Maison Bois Angers 2011 - pro clima Blog - france\",\"isPartOf\":{\"@id\":\"https:\\\/\\\/blog.proclima.com\\\/fr\\\/#website\"},\"primaryImageOfPage\":{\"@id\":\"https:\\\/\\\/blog.proclima.com\\\/fr\\\/2011\\\/09\\\/pro-clima-au-salon-maison-bois-angers-2011\\\/#primaryimage\"},\"image\":{\"@id\":\"https:\\\/\\\/blog.proclima.com\\\/fr\\\/2011\\\/09\\\/pro-clima-au-salon-maison-bois-angers-2011\\\/#primaryimage\"},\"thumbnailUrl\":\"http:\\\/\\\/blog.proclima.com\\\/fr\\\/files\\\/2011\\\/09\\\/logo-salon-maison-bois-angers-300x71.png\",\"datePublished\":\"2011-09-12T08:45:56+00:00\",\"dateModified\":\"2011-09-12T08:49:24+00:00\",\"breadcrumb\":{\"@id\":\"https:\\\/\\\/blog.proclima.com\\\/fr\\\/2011\\\/09\\\/pro-clima-au-salon-maison-bois-angers-2011\\\/#breadcrumb\"},\"inLanguage\":\"fr-FR\",\"potentialAction\":[{\"@type\":\"ReadAction\",\"target\":[\"https:\\\/\\\/blog.proclima.com\\\/fr\\\/2011\\\/09\\\/pro-clima-au-salon-maison-bois-angers-2011\\\/\"]}]},{\"@type\":\"ImageObject\",\"inLanguage\":\"fr-FR\",\"@id\":\"https:\\\/\\\/blog.proclima.com\\\/fr\\\/2011\\\/09\\\/pro-clima-au-salon-maison-bois-angers-2011\\\/#primaryimage\",\"url\":\"http:\\\/\\\/blog.proclima.com\\\/fr\\\/files\\\/2011\\\/09\\\/logo-salon-maison-bois-angers-300x71.png\",\"contentUrl\":\"http:\\\/\\\/blog.proclima.com\\\/fr\\\/files\\\/2011\\\/09\\\/logo-salon-maison-bois-angers-300x71.png\"},{\"@type\":\"BreadcrumbList\",\"@id\":\"https:\\\/\\\/blog.proclima.com\\\/fr\\\/2011\\\/09\\\/pro-clima-au-salon-maison-bois-angers-2011\\\/#breadcrumb\",\"itemListElement\":[{\"@type\":\"ListItem\",\"position\":1,\"name\":\"Accueil\",\"item\":\"https:\\\/\\\/blog.proclima.com\\\/fr\\\/\"},{\"@type\":\"ListItem\",\"position\":2,\"name\":\"pro clima au Salon Maison Bois Angers 2011\"}]},{\"@type\":\"WebSite\",\"@id\":\"https:\\\/\\\/blog.proclima.com\\\/fr\\\/#website\",\"url\":\"https:\\\/\\\/blog.proclima.com\\\/fr\\\/\",\"name\":\"pro clima Blog - france\",\"description\":\"pro clima Blog\",\"publisher\":{\"@id\":\"https:\\\/\\\/blog.proclima.com\\\/fr\\\/#organization\"},\"potentialAction\":[{\"@type\":\"SearchAction\",\"target\":{\"@type\":\"EntryPoint\",\"urlTemplate\":\"https:\\\/\\\/blog.proclima.com\\\/fr\\\/?s={search_term_string}\"},\"query-input\":{\"@type\":\"PropertyValueSpecification\",\"valueRequired\":true,\"valueName\":\"search_term_string\"}}],\"inLanguage\":\"fr-FR\"},{\"@type\":\"Organization\",\"@id\":\"https:\\\/\\\/blog.proclima.com\\\/fr\\\/#organization\",\"name\":\"pro clima Blog - france\",\"url\":\"https:\\\/\\\/blog.proclima.com\\\/fr\\\/\",\"logo\":{\"@type\":\"ImageObject\",\"inLanguage\":\"fr-FR\",\"@id\":\"https:\\\/\\\/blog.proclima.com\\\/fr\\\/#\\\/schema\\\/logo\\\/image\\\/\",\"url\":\"https:\\\/\\\/blog.proclima.com\\\/fr\\\/files\\\/2025\\\/12\\\/logo_proclima_quadrat.png\",\"contentUrl\":\"https:\\\/\\\/blog.proclima.com\\\/fr\\\/files\\\/2025\\\/12\\\/logo_proclima_quadrat.png\",\"width\":1200,\"height\":1200,\"caption\":\"pro clima Blog - france\"},\"image\":{\"@id\":\"https:\\\/\\\/blog.proclima.com\\\/fr\\\/#\\\/schema\\\/logo\\\/image\\\/\"}},{\"@type\":\"Person\",\"@id\":\"\",\"url\":\"https:\\\/\\\/blog.proclima.com\\\/fr\\\/author\\\/\"}]}<\/script>\n<!-- \/ Yoast SEO plugin. -->","yoast_head_json":{"title":"pro clima au Salon Maison Bois Angers 2011 - pro clima Blog - france","robots":{"index":"index","follow":"follow","max-snippet":"max-snippet:-1","max-image-preview":"max-image-preview:large","max-video-preview":"max-video-preview:-1"},"canonical":"https:\/\/blog.proclima.com\/fr\/2011\/09\/pro-clima-au-salon-maison-bois-angers-2011\/","og_locale":"fr_FR","og_type":"article","og_title":"pro clima au Salon Maison Bois Angers 2011 - pro clima Blog - france","og_description":"pro clima sera pr\u00e9sent au Salon Maison Bois 2001 qui aura lieu du 14 au 17 octobre 2011 \u00e0 Angers: Espace Isolation Hall C, D ...","og_url":"https:\/\/blog.proclima.com\/fr\/2011\/09\/pro-clima-au-salon-maison-bois-angers-2011\/","og_site_name":"pro clima Blog - france","article_published_time":"2011-09-12T08:45:56+00:00","article_modified_time":"2011-09-12T08:49:24+00:00","og_image":[{"url":"http:\/\/blog.proclima.com\/fr\/files\/2011\/09\/logo-salon-maison-bois-angers-300x71.png","type":"","width":"","height":""}],"twitter_card":"summary_large_image","twitter_misc":{"\u00c9crit par":""},"schema":{"@context":"https:\/\/schema.org","@graph":[{"@type":"Article","@id":"https:\/\/blog.proclima.com\/fr\/2011\/09\/pro-clima-au-salon-maison-bois-angers-2011\/#article","isPartOf":{"@id":"https:\/\/blog.proclima.com\/fr\/2011\/09\/pro-clima-au-salon-maison-bois-angers-2011\/"},"author":{"name":"","@id":""},"headline":"pro clima au Salon Maison Bois Angers 2011","datePublished":"2011-09-12T08:45:56+00:00","dateModified":"2011-09-12T08:49:24+00:00","mainEntityOfPage":{"@id":"https:\/\/blog.proclima.com\/fr\/2011\/09\/pro-clima-au-salon-maison-bois-angers-2011\/"},"wordCount":54,"commentCount":0,"publisher":{"@id":"https:\/\/blog.proclima.com\/fr\/#organization"},"image":{"@id":"https:\/\/blog.proclima.com\/fr\/2011\/09\/pro-clima-au-salon-maison-bois-angers-2011\/#primaryimage"},"thumbnailUrl":"http:\/\/blog.proclima.com\/fr\/files\/2011\/09\/logo-salon-maison-bois-angers-300x71.png","keywords":["Angers","Salon Maison Bois 2011"],"articleSection":["\u00c9v\u00e8nements\/Salons"],"inLanguage":"fr-FR","potentialAction":[{"@type":"CommentAction","name":"Comment","target":["https:\/\/blog.proclima.com\/fr\/2011\/09\/pro-clima-au-salon-maison-bois-angers-2011\/#respond"]}]},{"@type":"WebPage","@id":"https:\/\/blog.proclima.com\/fr\/2011\/09\/pro-clima-au-salon-maison-bois-angers-2011\/","url":"https:\/\/blog.proclima.com\/fr\/2011\/09\/pro-clima-au-salon-maison-bois-angers-2011\/","name":"pro clima au Salon Maison Bois Angers 2011 - pro clima Blog - france","isPartOf":{"@id":"https:\/\/blog.proclima.com\/fr\/#website"},"primaryImageOfPage":{"@id":"https:\/\/blog.proclima.com\/fr\/2011\/09\/pro-clima-au-salon-maison-bois-angers-2011\/#primaryimage"},"image":{"@id":"https:\/\/blog.proclima.com\/fr\/2011\/09\/pro-clima-au-salon-maison-bois-angers-2011\/#primaryimage"},"thumbnailUrl":"http:\/\/blog.proclima.com\/fr\/files\/2011\/09\/logo-salon-maison-bois-angers-300x71.png","datePublished":"2011-09-12T08:45:56+00:00","dateModified":"2011-09-12T08:49:24+00:00","breadcrumb":{"@id":"https:\/\/blog.proclima.com\/fr\/2011\/09\/pro-clima-au-salon-maison-bois-angers-2011\/#breadcrumb"},"inLanguage":"fr-FR","potentialAction":[{"@type":"ReadAction","target":["https:\/\/blog.proclima.com\/fr\/2011\/09\/pro-clima-au-salon-maison-bois-angers-2011\/"]}]},{"@type":"ImageObject","inLanguage":"fr-FR","@id":"https:\/\/blog.proclima.com\/fr\/2011\/09\/pro-clima-au-salon-maison-bois-angers-2011\/#primaryimage","url":"http:\/\/blog.proclima.com\/fr\/files\/2011\/09\/logo-salon-maison-bois-angers-300x71.png","contentUrl":"http:\/\/blog.proclima.com\/fr\/files\/2011\/09\/logo-salon-maison-bois-angers-300x71.png"},{"@type":"BreadcrumbList","@id":"https:\/\/blog.proclima.com\/fr\/2011\/09\/pro-clima-au-salon-maison-bois-angers-2011\/#breadcrumb","itemListElement":[{"@type":"ListItem","position":1,"name":"Accueil","item":"https:\/\/blog.proclima.com\/fr\/"},{"@type":"ListItem","position":2,"name":"pro clima au Salon Maison Bois Angers 2011"}]},{"@type":"WebSite","@id":"https:\/\/blog.proclima.com\/fr\/#website","url":"https:\/\/blog.proclima.com\/fr\/","name":"pro clima Blog - france","description":"pro clima Blog","publisher":{"@id":"https:\/\/blog.proclima.com\/fr\/#organization"},"potentialAction":[{"@type":"SearchAction","target":{"@type":"EntryPoint","urlTemplate":"https:\/\/blog.proclima.com\/fr\/?s={search_term_string}"},"query-input":{"@type":"PropertyValueSpecification","valueRequired":true,"valueName":"search_term_string"}}],"inLanguage":"fr-FR"},{"@type":"Organization","@id":"https:\/\/blog.proclima.com\/fr\/#organization","name":"pro clima Blog - france","url":"https:\/\/blog.proclima.com\/fr\/","logo":{"@type":"ImageObject","inLanguage":"fr-FR","@id":"https:\/\/blog.proclima.com\/fr\/#\/schema\/logo\/image\/","url":"https:\/\/blog.proclima.com\/fr\/files\/2025\/12\/logo_proclima_quadrat.png","contentUrl":"https:\/\/blog.proclima.com\/fr\/files\/2025\/12\/logo_proclima_quadrat.png","width":1200,"height":1200,"caption":"pro clima Blog - france"},"image":{"@id":"https:\/\/blog.proclima.com\/fr\/#\/schema\/logo\/image\/"}},{"@type":"Person","@id":"","url":"https:\/\/blog.proclima.com\/fr\/author\/"}]}},"_links":{"self":[{"href":"https:\/\/blog.proclima.com\/fr\/wp-json\/wp\/v2\/posts\/10","targetHints":{"allow":["GET"]}}],"collection":[{"href":"https:\/\/blog.proclima.com\/fr\/wp-json\/wp\/v2\/posts"}],"about":[{"href":"https:\/\/blog.proclima.com\/fr\/wp-json\/wp\/v2\/types\/post"}],"author":[{"embeddable":true,"href":"https:\/\/blog.proclima.com\/fr\/wp-json\/wp\/v2\/users\/16"}],"replies":[{"embeddable":true,"href":"https:\/\/blog.proclima.com\/fr\/wp-json\/wp\/v2\/comments?post=10"}],"version-history":[{"count":3,"href":"https:\/\/blog.proclima.com\/fr\/wp-json\/wp\/v2\/posts\/10\/revisions"}],"predecessor-version":[{"id":13,"href":"https:\/\/blog.proclima.com\/fr\/wp-json\/wp\/v2\/posts\/10\/revisions\/13"}],"wp:attachment":[{"href":"https:\/\/blog.proclima.com\/fr\/wp-json\/wp\/v2\/media?parent=10"}],"wp:term":[{"taxonomy":"category","embeddable":true,"href":"https:\/\/blog.proclima.com\/fr\/wp-json\/wp\/v2\/categories?post=10"},{"taxonomy":"post_tag","embeddable":true,"href":"https:\/\/blog.proclima.com\/fr\/wp-json\/wp\/v2\/tags?post=10"}],"curies":[{"name":"wp","href":"https:\/\/api.w.org\/{rel}","templated":true}]}}