
{"id":8875,"date":"2020-07-31T20:04:00","date_gmt":"2020-07-31T18:04:00","guid":{"rendered":"https:\/\/blog.proclima.com\/de\/?p=8875"},"modified":"2021-10-11T15:42:04","modified_gmt":"2021-10-11T13:42:04","slug":"aus-der-technik-hotline-3-was-sind-die-vorteile-einer-flaechigen-verlegung-bei-der-dachsanierung","status":"publish","type":"post","link":"https:\/\/blog.proclima.com\/de\/2020\/07\/aus-der-technik-hotline-3-was-sind-die-vorteile-einer-flaechigen-verlegung-bei-der-dachsanierung\/","title":{"rendered":"Was sind die Vorteile einer fl\u00e4chigen Verlegung bei der Dachsanierung?"},"content":{"rendered":"\n<p><em>Unser Team aus Ingenieuren mit Praxiserfahrung beantwortet t\u00e4glich Fragen per E-Mail und am Telefon. In der Serie \u201eaus der Technik-Hotline\u201c greifen wir g\u00e4ngige Themen auf und schreiben diese verst\u00e4ndlich auf.<\/em><\/p>\n\n\n\n<p>Bei der energetischen Dachsanierung von au\u00dfen k\u00f6nnen unterschiedliche Luftdichtungssysteme umgesetzt werden. Wann sich die Sub-and-Top-Verlegung eignet und welche Vorteile sie mit sich bringt, haben wir bereits <a href=\"https:\/\/blog.proclima.com\/de\/2020\/06\/sub-and-top\/\">in einem Artikel<\/a> beschreiben. Anschlie\u00dfend beantworten unsere Techniker, welche Vorz\u00fcge eine fl\u00e4chige Verlegung der Luftdichtungsbahn \u00fcber den Sparren hat.<\/p>\n\n\n\n<!--more-->\n\n\n\n<p>Wer sich daf\u00fcr entscheidet, bei der Dachsanierung die Luftdichtungsbahn fl\u00e4chig \u00fcber die Sparrenoberseite zu f\u00fchren, profitiert von der relativ einfachen Verlegung. W\u00e4hrend die Sub- and-Top-Verlegung erfordert, dass die Luftdichtungsbahn aufwendig durch jedes Sparrengefach gef\u00fchrt und an den Seitenfl\u00e4chen der Sparren befestigt wird, kann bei diesem System die Bahn einfach plan \u00fcber den Sparren gespannt werden. Das spart nicht nur Material, sondern vor allem bei stark gegliederten Dachfl\u00e4chen oder wenn viele Dachfenster oder Schornsteine vorhanden sind, auch viel Arbeitsaufwand.<\/p>\n\n\n\n<div class=\"wp-block-image\"><figure class=\"aligncenter size-large\"><img loading=\"lazy\" decoding=\"async\" width=\"555\" height=\"555\" data-size=\"555x555\" src=\"https:\/\/blog.proclima.com\/de\/files\/2020\/07\/verlegung-luftdichtungsbahn-sparren.png\" alt=\"\" class=\"wp-image-8949\" srcset=\"https:\/\/blog.proclima.com\/de\/files\/2020\/07\/verlegung-luftdichtungsbahn-sparren.png 555w, https:\/\/blog.proclima.com\/de\/files\/2020\/07\/verlegung-luftdichtungsbahn-sparren-300x300.png 300w, https:\/\/blog.proclima.com\/de\/files\/2020\/07\/verlegung-luftdichtungsbahn-sparren-150x150.png 150w, https:\/\/blog.proclima.com\/de\/files\/2020\/07\/verlegung-luftdichtungsbahn-sparren-384x384.png 384w, https:\/\/blog.proclima.com\/de\/files\/2020\/07\/verlegung-luftdichtungsbahn-sparren-216x216.png 216w\" sizes=\"auto, (max-width: 555px) 100vw, 555px\" \/><figcaption>Dachsanierung von au\u00dfen: Verlegung \u00fcber den Sparren mit einer zus\u00e4tzlichen \u00dcberd\u00e4mmung aus Holzfaserplatten<\/figcaption><\/figure><\/div>\n\n\n\n<p>In vielen F\u00e4llen wird im Sparrengefach bereits eine Bestandsd\u00e4mmung vorhanden sein. Unter bestimmten Voraussetzungen, etwa wenn der D\u00e4mmstoff gesundheitlich unbedenklich ist und der W\u00e4rmeschutz noch verl\u00e4sslich beurteilt werden kann, ist es m\u00f6glich, die Altd\u00e4mmung im Gefach zu belassen und weiter zu verwenden. Dann ist es jedoch empfehlenswert, die Gef\u00e4cher mit einer d\u00fcnnen Lage D\u00e4mmstoff aufzuf\u00fcllen, um zu gew\u00e4hrleisten, dass sich unter der Luftdichtungsbahn keine Hohlr\u00e4ume bilden k\u00f6nnen, falls die W\u00e4rmed\u00e4mmung wenige Zentimeter nachgibt.<\/p>\n\n\n\n<p>Die Eigenschaften der gew\u00e4hlten Luftdichtungsbahn sind entscheidend f\u00fcr die Sicherheit der gesamten Konstruktion. Durch die Verwendung einer <a href=\"https:\/\/de.proclima.com\/produkte\/dichtung-innen\/dasaplano-001-connect\">diffusionsoffenen Bahn mit einem monolithischen Funktionsfilm<\/a> wird gew\u00e4hrleistet, dass eventuell vorhandene Diffusionsfeuchte aktiv nach au\u00dfen transportiert wird, ohne dass raumseitig Kondensat entstehen kann.<\/p>\n\n\n\n<figure class=\"wp-block-image size-large\"><img loading=\"lazy\" decoding=\"async\" width=\"585\" height=\"348\" data-size=\"585x348\" src=\"https:\/\/blog.proclima.com\/de\/files\/2020\/02\/dachsanierung-verlegung-ueber-sparren.jpg\" alt=\"\" class=\"wp-image-8451\" srcset=\"https:\/\/blog.proclima.com\/de\/files\/2020\/02\/dachsanierung-verlegung-ueber-sparren.jpg 585w, https:\/\/blog.proclima.com\/de\/files\/2020\/02\/dachsanierung-verlegung-ueber-sparren-300x178.jpg 300w, https:\/\/blog.proclima.com\/de\/files\/2020\/02\/dachsanierung-verlegung-ueber-sparren-384x228.jpg 384w\" sizes=\"auto, (max-width: 585px) 100vw, 585px\" \/><figcaption>Aufbau bei der fl\u00e4chigen Verlegung. Vorteil dieser Variante ist die einfache Verlegung der Fl\u00e4che. Die ebene Verlegung bietet au\u00dferdem einen guten Witterungsschutz.<\/figcaption><\/figure>\n\n\n\n<p>Der Verlauf der luftdichten Ebene darf allerdings nicht g\u00e4nzlich auf der Au\u00dfenseite der W\u00e4rmed\u00e4mmung erfolgen. Das bedeutet, dass, im Gegensatz zur Sub- and Top-Verlegung, die Luftdichtungsbahn noch einmal \u00fcberd\u00e4mmt werden muss \u2013 und zwar mit einem diffusionsoffenen Material, wie beispielsweise Holzfaserplatten, um den Feuchtigkeitstransport nach au\u00dfen sicherzustellen. Der Grund f\u00fcr diese zus\u00e4tzliche W\u00e4rmed\u00e4mmung besteht zum einen darin, dass sich auch bei einer gr\u00fcndlichen Verarbeitung keine einhundertprozentige Luftdichtheit herstellen l\u00e4sst. Zum anderen besteht, selbst wenn nach au\u00dfenhin keine Leckagen vorhanden sein sollten, weiterhin die Gefahr, dass warme Luft aus dem Inneren bis zur Luftdichtungsbahn auf der Kaltseite der W\u00e4rmed\u00e4mmung str\u00f6mt und dort kondensiert.<\/p>\n\n\n\n<p>Die St\u00e4rke der \u00dcberd\u00e4mmung ist von verschiedenen Faktoren, wie beispielsweise dem verwendeten D\u00e4mmmaterial, der vorhandenen Innenverkleidung oder dem Klima am Standort, abh\u00e4ngig. Systemanbieter wie pro clima geben konkrete Empfehlungen zur Mindest\u00fcberd\u00e4mmung, um ausreichende Sicherheit zu gew\u00e4hrleisten. Bei der kostenlosen <a href=\"http:\/\/Wer sich daf\u00fcr entscheidet, bei der Dachsanierung die Luftdichtungsbahn fl\u00e4chig \u00fcber die Sparrenoberseite zu f\u00fchren, profitiert enorm von der relativ einfachen Verlegung. W\u00e4hrend die Sub- and Top-Verlegung erfordert, dass die Luftdichtungsbahn aufwendig durch jedes Sparrengefach gef\u00fchrt und an den Seitenfl\u00e4chen der Sparren befestigt wird, kann bei diesem System die Bahn einfach plan \u00fcber den Sparren gespannt werden. Das spart nicht nur Material, sondern vor allem bei stark gegliederten Dachfl\u00e4chen oder wenn viele Dachfenster oder Schornsteine vorhanden sind, auch viel Arbeitsaufwand.  Bei beiden Varianten ist das Sparrengefach ged\u00e4mmt. Unter bestimmten Voraussetzungen, etwa wenn der D\u00e4mmstoff gesundheitlich unbedenklich ist und der W\u00e4rmeschutz noch verl\u00e4sslich beurteilt werden kann, ist es m\u00f6glich, die Altd\u00e4mmung im Gefach zu belassen und weiter zu verwenden. Dann ist es jedoch empfehlenswert, die Gef\u00e4cher mit einer d\u00fcnnen Lage D\u00e4mmstoff aufzuf\u00fcllen, um zu gew\u00e4hrleisten, dass sich unter der Luftdichtungsbahn keine Hohlr\u00e4ume bilden k\u00f6nnen, falls die W\u00e4rmed\u00e4mmung wenige Zentimeter nachgibt.  Die Eigenschaften der gew\u00e4hlten Luftdichtungsbahn sind entscheidend f\u00fcr die Sicherheit der gesamten Konstruktion. Durch die Verwendung einer diffusionsoffenen Bahn mit einem monolithischen Funktionsfilm wird gew\u00e4hrleistet. dass eventuell vorhandene Diffusionsfeuchte aktiv nach au\u00dfen transportiert wird, ohne dass raumseitig Kondensat entstehen kann.  Der Verlauf der luftdichten Ebene darf allerdings nicht g\u00e4nzlich auf der Au\u00dfenseite der W\u00e4rmed\u00e4mmung erfolgen. Das bedeutet, dass, im Gegensatz zur Sub- and Top-Verlegung die Luftdichtungsbahn noch einmal \u00fcberd\u00e4mmt werden muss \u2013 und zwar mit einem diffusionsoffenen Material, wie beispielsweise Holzfaserplatten, um den Feuchtigkeitstransport nach au\u00dfen sicherzustellen. Der Grund f\u00fcr diese zus\u00e4zliche W\u00e4rmed\u00e4mmung liegt darin begr\u00fcndet, dass auch bei einer gr\u00fcndlichen Verarbeitung keine einhundertprozentige Luftdichtheit herstellen l\u00e4sst. Selbst wenn nach au\u00dfen hin keine Leckagen vorhanden sein sollten, besteht weiterhin die Gefahr, dass warme Luft aus dem Inneren bis zur Luftdichtungsbahn auf der Kaltseite der W\u00e4rmed\u00e4mmung str\u00f6mt und dort kondensiert.  Die St\u00e4rke der \u00dcberd\u00e4mmung ist von verschiedenen Faktoren, wie beispielsweise dem verwendeten D\u00e4mmmaterial, der vorhandenen Innenverkleidung oder dem Klima am Standort, abh\u00e4ngig. Systemanbieter wie pro clima geben konkrete Empfehlungen zur Mindest\u00fcberd\u00e4mmung, um ausreichende Sicherheit zu gew\u00e4hrleisten. Bei der kostenlosen pro clima-Technikhotline stehen Ingenieure aus Holzbau und Bauwesen bereit und beraten schnell und kompetent.  Die Herstellung des Anschlusses bei der Verlegung auf den Sparren ist nicht signifikant aufw\u00e4ndiger als bei der Sub- and Top-Verlegung. Am Ortgang wird die Bahn auf der Mauerkrone der Giebelw\u00e4nde sauber angeschlossen. Hier empfiehlt es sich au\u00dferdem, die ohnehin notwendige \u00dcberd\u00e4mmung auf der Au\u00dfenwand auf der Mauerkrone weiterzuf\u00fchren. Auch an der Traufe gestaltet sich der Anschluss \u00e4hnlich: die Luftdichtungsbahn muss mit der luftdichten Ebene der Au\u00dfenwand verbunden werden. Die Sub-and-Top-Verlegungsweise bietet dann lediglich den Vorteil, dass die Bahn bereits entlang der Sparren verl\u00e4uft. Beim \u00dcbergang zur Kehlbalkenlage ist der Wechsel nach innen bei der fl\u00e4chigen Verlegung etwas aufwendiger. Die Bahn muss in jedem Sparrengefach nach innen gef\u00fchrt und luftdicht angeschlossen werden. Dabei kann die Verwendung von vorgefalteten Klebeb\u00e4ndern und Montagewinkeln, als Anschlag f\u00fcr die Bahn dienen, viel Arbeitszeit sparen und die luftdichte Verklebung der Bahn enorm erleichtern.  Zuguterletzt ist w\u00e4hrend der Bauzeit der Witterungsschutz bei der ebenen Verlegungsweise auf den Sparren deutlich wirksamer und sicherer als bei der Sub-and-Top-Verlegung. Die Luftdichtungsbahn \u00fcbernimmt die Funktion einer Behelfsdeckung durch eine Unterdeckbahn und ein Schutz der Konstruktion ist somit schnell erreicht.\">pro clima-Technikhotline<\/a> stehen Ingenieure aus Holzbau und Bauwesen bereit und beraten schnell und kompetent.<\/p>\n\n\n\n<p>Die Herstellung dDie ebene Verlegung auf den Sparren ist in der Fl\u00e4che sehr einfach zu bewerkstelligen, die Anschl\u00fcsse an angrenzende Bauteile bleiben jedoch auch bei dieser Variante \u00e4hnlich oder gar aufwendiger, als bei der Sub-and-Top-Verlegung. Am Ortgang wird die Bahn auf der Mauerkrone der Giebelw\u00e4nde angeschlossen. Dazu ist hier eine geschlossene Putzschicht (z.B. Glattstrich) erforderlich. Hier empfiehlt es sich au\u00dferdem, die ohnehin notwendige \u00dcberd\u00e4mmung \u00fcber die Mauerkrone hinweg fortzusetzen. Der Traufanschluss gestaltet sich anspruchsvoller: die Luftdichtungsbahn muss mit der luftdichten Ebene der Au\u00dfenwand verbunden und dazu durch die Sparrenlage nach innen gef\u00fchrt werden. Die Sub-and-Top-Verlegungsweise bietet den Vorteil, dass die Bahn bereits entlang der Sparren, bzw. im Gefach innen, verl\u00e4uft. Gleiches gilt f\u00fcr den \u00dcbergang zur Kehlbalkenlage beim Wechsel nach innen. Die Verwendung von <a href=\"https:\/\/de.proclima.com\/produkte\/verbindungsmittel\/kanten-ecken\">vorgefalteten Klebeb\u00e4ndern<\/a> und <a href=\"https:\/\/de.proclima.com\/produkte\/dichtung-innen\/tescon-fix\">Montagewinkeln,<\/a> die als Anschlag f\u00fcr die Bahn dienen, kann hierbei viel Arbeitszeit sparen und die luftdichte Verklebung der Bahn erleichtern.<\/p>\n\n\n\n<p>W\u00e4hrend der Bauzeit ist zudem der Witterungsschutz bei der ebenen Verlegungsweise auf den Sparren deutlich wirksamer und sicherer als bei der Sub-and-Top-Verlegung. Die Luftdichtungsbahn \u00fcbernimmt die Funktion einer Behelfsdeckung und sch\u00fctzt die darunterliegende Baukonstruktion somit schnell und sicher.<\/p>\n\n\n\n<h2 class=\"wp-block-heading\">Entscheidungshilfe: Wann eignet sich welches Luftdichtungssystem bei der Dachsanierung von au\u00dfen?<\/h2>\n\n\n\n<figure class=\"wp-block-image size-large\"><a href=\"https:\/\/blog.proclima.com\/de\/files\/2020\/04\/Entscheidungshilfe_lang_E-Paper-scaled.jpg\"><img loading=\"lazy\" decoding=\"async\" width=\"992\" height=\"662\" data-size=\"992x662\" src=\"https:\/\/blog.proclima.com\/de\/files\/2020\/04\/Entscheidungshilfe_lang_E-Paper-klein.jpg\" alt=\"\" class=\"wp-image-8727\" srcset=\"https:\/\/blog.proclima.com\/de\/files\/2020\/04\/Entscheidungshilfe_lang_E-Paper-klein.jpg 992w, https:\/\/blog.proclima.com\/de\/files\/2020\/04\/Entscheidungshilfe_lang_E-Paper-klein-300x200.jpg 300w, https:\/\/blog.proclima.com\/de\/files\/2020\/04\/Entscheidungshilfe_lang_E-Paper-klein-768x513.jpg 768w, https:\/\/blog.proclima.com\/de\/files\/2020\/04\/Entscheidungshilfe_lang_E-Paper-klein-384x256.jpg 384w\" sizes=\"auto, (max-width: 992px) 100vw, 992px\" \/><\/a><\/figure>\n\n\n\n<div class=\"wp-block-file\"><a href=\"https:\/\/blog.proclima.com\/de\/files\/2020\/04\/Entscheidungshilfe_lang_E-Paper-scaled.jpg\">Entscheidungshilfe Dachsanierung zum Download <\/a><a href=\"https:\/\/blog.proclima.com\/de\/files\/2020\/04\/Entscheidungshilfe_lang_E-Paper-scaled.jpg\" class=\"wp-block-file__button\" download>Herunterladen<\/a><\/div>\n\n\n\n<h2 class=\"wp-block-heading\">Bisher erschienene Folge der Serie<\/h2>\n\n\n\n<ul class=\"wp-block-list\"><li><a href=\"https:\/\/blog.proclima.com\/de\/2020\/03\/dachsanierung-welche-variante\/\">Aus der Technik-Hotline \u2013 Luftdichtung bei der Dachsanierung: Wann eignet sich was? (Teil 1)<\/a><\/li><li><a href=\"https:\/\/blog.proclima.com\/de\/2020\/07\/sub-and-top\/\">Aus der Technik-Hotline (2) \u2013 Was sind die Vorteile einer Sub-and-Top-Dachsanierung?<\/a><\/li><\/ul>\n\n\n\n<h2 class=\"wp-block-heading\">Lese-\/Video-Tipps<\/h2>\n\n\n\n<ul class=\"wp-block-list\"><li><a href=\"https:\/\/blog.proclima.com\/de\/2018\/06\/luftdichtung-bei-aufdachda%cc%88mmung\/\">\u201eAufgedacht\u201c \u2013 Luftdichtung bei Dachaufbauten mit Aufdachd\u00e4mmung<\/a><\/li><li><a href=\"https:\/\/www.youtube.com\/watch?v=3tCGSohtvug\">Video: Handwerkliche Ausf\u00fchrung der D\u00e4mmung mit Holzfaserd\u00e4mmplatte bei Dachsanierungen<\/a><\/li><li><a href=\"https:\/\/www.youtube.com\/watch?v=-CEpT2t8t08\">Video: Die richtige Luftdichtung bei der Dachsanierung Theorie und Praxis<\/a><\/li><\/ul>\n\n\n\n<div class=\"wp-block-group alignwide has-light-gray-background-color has-background\"><div class=\"wp-block-group__inner-container is-layout-flow wp-block-group-is-layout-flow\">\n<div class=\"wp-block-media-text alignwide is-stacked-on-mobile\" style=\"grid-template-columns:22% auto\"><figure class=\"wp-block-media-text__media\"><img loading=\"lazy\" decoding=\"async\" width=\"524\" height=\"786\" data-size=\"524x786\" src=\"https:\/\/blog.proclima.com\/de\/files\/2020\/04\/Ingenieur-Zimmerer-Stefan-Hueckstaedt.jpg\" alt=\"Stefan H\u00fcckst\u00e4dt, Diplom-Ingenieur (FH) f\u00fcr Holzbau- und Ausbau\" class=\"wp-image-8710 size-full\" srcset=\"https:\/\/blog.proclima.com\/de\/files\/2020\/04\/Ingenieur-Zimmerer-Stefan-Hueckstaedt.jpg 524w, https:\/\/blog.proclima.com\/de\/files\/2020\/04\/Ingenieur-Zimmerer-Stefan-Hueckstaedt-200x300.jpg 200w, https:\/\/blog.proclima.com\/de\/files\/2020\/04\/Ingenieur-Zimmerer-Stefan-Hueckstaedt-256x384.jpg 256w\" sizes=\"auto, (max-width: 524px) 100vw, 524px\" \/><\/figure><div class=\"wp-block-media-text__content\">\n<p><strong>Stefan H\u00fcckst\u00e4dt,<\/strong> Diplom-Ingenieur (FH) f\u00fcr Holzbau- und Ausbau, ber\u00e4t in der pro clima <a href=\"https:\/\/de.proclima.com\/service\/technikhotline\">Technik-Hotline<\/a> Planer und Verarbeiter und h\u00e4lt Vortr\u00e4ge zu Themen rund um Luftdichtung und Feuchteschutz. F\u00fcr die pro clima Wissenswerkstatt fungiert er als Referent bei den Seminaren \u201cSicher dichten\u201d und \u201cPraxisgerecht sanieren\u201c.<\/p>\n<\/div><\/div>\n\n\n\n<p>Sie erreichen Stefan H\u00fcckst\u00e4dt und die Kollegen der pro clima Technik unter:<\/p>\n\n\n\n<ul class=\"wp-block-list\"><li>Telefon:&nbsp; <a href=\"tel:+496202278245\">0 62 02 \u2013 27 82.45<\/a><\/li><li>E-Mail: <a href=\"mailto:technik@proclima.de\">technik@proclima.de<\/a><\/li><li>Kontaktformular: <a href=\"https:\/\/de.proclima.com\/service\/technikhotline\">https:\/\/de.proclima.com\/service\/technikhotline<\/a><\/li><li>Bauteilanfragen: <a href=\"https:\/\/de.proclima.com\/service\/downloads\">https:\/\/de.proclima.com\/service\/downloads<\/a><\/li><\/ul>\n<\/div><\/div>\n\n\n\n<h2 class=\"wp-block-heading\">Fragen? Fragen! Die Technik-Hotline freut sich auf Fragen<\/h2>\n\n\n\n<figure class=\"wp-block-image size-large\"><a href=\"https:\/\/de.proclima.com\/service\/technikhotline\"><img loading=\"lazy\" decoding=\"async\" width=\"800\" height=\"393\" data-size=\"800x393\" src=\"https:\/\/blog.proclima.com\/de\/files\/2020\/04\/technik-hotline.jpg\" alt=\"\" class=\"wp-image-8737\" srcset=\"https:\/\/blog.proclima.com\/de\/files\/2020\/04\/technik-hotline.jpg 800w, https:\/\/blog.proclima.com\/de\/files\/2020\/04\/technik-hotline-300x147.jpg 300w, https:\/\/blog.proclima.com\/de\/files\/2020\/04\/technik-hotline-768x377.jpg 768w, https:\/\/blog.proclima.com\/de\/files\/2020\/04\/technik-hotline-384x189.jpg 384w\" sizes=\"auto, (max-width: 800px) 100vw, 800px\" \/><\/a><figcaption>Technik-Hotline: <a href=\"https:\/\/de.proclima.com\/service\/technikhotline\"><strong>https:\/\/de.proclima.com\/service\/technikhotline<\/strong><\/a><\/figcaption><\/figure>\n","protected":false},"excerpt":{"rendered":"<p>Unser Team aus Ingenieuren mit Praxiserfahrung beantwortet t\u00e4glich Fragen per E-Mail und am Telefon. In der Serie \u201eaus der Technik-Hotline\u201c greifen wir g\u00e4ngige Themen auf <a href=\"https:\/\/blog.proclima.com\/de\/2020\/07\/aus-der-technik-hotline-3-was-sind-die-vorteile-einer-flaechigen-verlegung-bei-der-dachsanierung\/\" rel=\"bookmark\">&#8230;<\/a><\/p>\n","protected":false},"author":24,"featured_media":2301,"comment_status":"open","ping_status":"open","sticky":false,"template":"","format":"standard","meta":{"footnotes":""},"categories":[1403],"tags":[630,1375,312,544,68,1527,1373,112,596],"class_list":["post-8875","post","type-post","status-publish","format-standard","has-post-thumbnail","hentry","category-luftdichtung","tag-anschluss","tag-aufdachdaemmung","tag-dachsanierung","tag-dachsanierung-von-ausen","tag-energetische-sanierung","tag-flaechige-verlegung","tag-luftdicht-anschliessen","tag-luftdichtung","tag-luftdichtungsebene"],"yoast_head":"<!-- This site is optimized with the Yoast SEO plugin v27.5 - https:\/\/yoast.com\/product\/yoast-seo-wordpress\/ -->\n<title>Vorteile einer fl\u00e4chigen Verlegung bei der Dachsanierung<\/title>\n<meta name=\"description\" content=\"Die Verlegung der Luftdichtungsbahn bei der Dachsanierung fl\u00e4chig \u00fcber die Sparren spart Material und aufwendige Verlegung im Gefach.\" \/>\n<meta name=\"robots\" content=\"index, follow, max-snippet:-1, max-image-preview:large, max-video-preview:-1\" \/>\n<link rel=\"canonical\" href=\"https:\/\/blog.proclima.com\/de\/2020\/07\/aus-der-technik-hotline-3-was-sind-die-vorteile-einer-flaechigen-verlegung-bei-der-dachsanierung\/\" \/>\n<meta property=\"og:locale\" content=\"de_DE\" \/>\n<meta property=\"og:type\" content=\"article\" \/>\n<meta property=\"og:title\" content=\"Vorteile einer fl\u00e4chigen Verlegung bei der Dachsanierung\" \/>\n<meta property=\"og:description\" content=\"Die Verlegung der Luftdichtungsbahn bei der Dachsanierung fl\u00e4chig \u00fcber die Sparren spart Material und aufwendige Verlegung im Gefach. Es ist aber eine Mindest\u00fcberd\u00e4mmung erforderlich.\" \/>\n<meta property=\"og:url\" content=\"https:\/\/blog.proclima.com\/de\/2020\/07\/aus-der-technik-hotline-3-was-sind-die-vorteile-einer-flaechigen-verlegung-bei-der-dachsanierung\/\" \/>\n<meta property=\"og:site_name\" content=\"pro clima Blog - Deutschland\" \/>\n<meta property=\"article:publisher\" content=\"https:\/\/www.facebook.com\/proclima\" \/>\n<meta property=\"article:published_time\" content=\"2020-07-31T18:04:00+00:00\" \/>\n<meta property=\"article:modified_time\" content=\"2021-10-11T13:42:04+00:00\" \/>\n<meta property=\"og:image\" content=\"https:\/\/blog.proclima.com\/de\/files\/2020\/07\/verlegung-luftdichtungsbahn-sparren.png\" \/>\n\t<meta property=\"og:image:width\" content=\"555\" \/>\n\t<meta property=\"og:image:height\" content=\"555\" \/>\n\t<meta property=\"og:image:type\" content=\"image\/png\" \/>\n<meta name=\"author\" content=\"Stefan H\u00fcckst\u00e4dt\" \/>\n<meta name=\"twitter:card\" content=\"summary_large_image\" \/>\n<meta name=\"twitter:title\" content=\"Vorteile einer fl\u00e4chigen Verlegung bei der Dachsanierung\" \/>\n<meta name=\"twitter:description\" content=\"Die Verlegung der Luftdichtungsbahn bei der Dachsanierung fl\u00e4chig \u00fcber die Sparren spart Material und aufwendige Verlegung im Gefach.\" \/>\n<meta name=\"twitter:image\" content=\"https:\/\/blog.proclima.com\/de\/files\/2020\/07\/verlegung-luftdichtungsbahn-sparren.png\" \/>\n<meta name=\"twitter:creator\" content=\"@proclimaDE\" \/>\n<meta name=\"twitter:site\" content=\"@proclimaDE\" \/>\n<meta name=\"twitter:label1\" content=\"Verfasst von\" \/>\n\t<meta name=\"twitter:data1\" content=\"Stefan H\u00fcckst\u00e4dt\" \/>\n\t<meta name=\"twitter:label2\" content=\"Gesch\u00e4tzte Lesezeit\" \/>\n\t<meta name=\"twitter:data2\" content=\"4\u00a0Minuten\" \/>\n<script type=\"application\/ld+json\" class=\"yoast-schema-graph\">{\"@context\":\"https:\\\/\\\/schema.org\",\"@graph\":[{\"@type\":\"Article\",\"@id\":\"https:\\\/\\\/blog.proclima.com\\\/de\\\/2020\\\/07\\\/aus-der-technik-hotline-3-was-sind-die-vorteile-einer-flaechigen-verlegung-bei-der-dachsanierung\\\/#article\",\"isPartOf\":{\"@id\":\"https:\\\/\\\/blog.proclima.com\\\/de\\\/2020\\\/07\\\/aus-der-technik-hotline-3-was-sind-die-vorteile-einer-flaechigen-verlegung-bei-der-dachsanierung\\\/\"},\"author\":{\"name\":\"Stefan H\u00fcckst\u00e4dt\",\"@id\":\"https:\\\/\\\/blog.proclima.com\\\/de\\\/#\\\/schema\\\/person\\\/d8bba7d67c4bbe4ac1d0b64b66388926\"},\"headline\":\"Was sind die Vorteile einer fl\u00e4chigen Verlegung bei der Dachsanierung?\",\"datePublished\":\"2020-07-31T18:04:00+00:00\",\"dateModified\":\"2021-10-11T13:42:04+00:00\",\"mainEntityOfPage\":{\"@id\":\"https:\\\/\\\/blog.proclima.com\\\/de\\\/2020\\\/07\\\/aus-der-technik-hotline-3-was-sind-die-vorteile-einer-flaechigen-verlegung-bei-der-dachsanierung\\\/\"},\"wordCount\":903,\"commentCount\":20,\"publisher\":{\"@id\":\"https:\\\/\\\/blog.proclima.com\\\/de\\\/#organization\"},\"image\":{\"@id\":\"https:\\\/\\\/blog.proclima.com\\\/de\\\/2020\\\/07\\\/aus-der-technik-hotline-3-was-sind-die-vorteile-einer-flaechigen-verlegung-bei-der-dachsanierung\\\/#primaryimage\"},\"thumbnailUrl\":\"https:\\\/\\\/blog.proclima.com\\\/de\\\/files\\\/2012\\\/09\\\/DASAPLANO-001_Verarbeitung.jpg\",\"keywords\":[\"Anschluss\",\"Aufdachd\u00e4mmung\",\"Dachsanierung\",\"Dachsanierung von au\u00dfen\",\"energetische Sanierung\",\"fl\u00e4chige Verlegung\",\"luftdicht anschlie\u00dfen\",\"Luftdichtung\",\"Luftdichtungsebene\"],\"articleSection\":[\"Luftdichtung\"],\"inLanguage\":\"de\",\"potentialAction\":[{\"@type\":\"CommentAction\",\"name\":\"Comment\",\"target\":[\"https:\\\/\\\/blog.proclima.com\\\/de\\\/2020\\\/07\\\/aus-der-technik-hotline-3-was-sind-die-vorteile-einer-flaechigen-verlegung-bei-der-dachsanierung\\\/#respond\"]}]},{\"@type\":\"WebPage\",\"@id\":\"https:\\\/\\\/blog.proclima.com\\\/de\\\/2020\\\/07\\\/aus-der-technik-hotline-3-was-sind-die-vorteile-einer-flaechigen-verlegung-bei-der-dachsanierung\\\/\",\"url\":\"https:\\\/\\\/blog.proclima.com\\\/de\\\/2020\\\/07\\\/aus-der-technik-hotline-3-was-sind-die-vorteile-einer-flaechigen-verlegung-bei-der-dachsanierung\\\/\",\"name\":\"Vorteile einer fl\u00e4chigen Verlegung bei der Dachsanierung\",\"isPartOf\":{\"@id\":\"https:\\\/\\\/blog.proclima.com\\\/de\\\/#website\"},\"primaryImageOfPage\":{\"@id\":\"https:\\\/\\\/blog.proclima.com\\\/de\\\/2020\\\/07\\\/aus-der-technik-hotline-3-was-sind-die-vorteile-einer-flaechigen-verlegung-bei-der-dachsanierung\\\/#primaryimage\"},\"image\":{\"@id\":\"https:\\\/\\\/blog.proclima.com\\\/de\\\/2020\\\/07\\\/aus-der-technik-hotline-3-was-sind-die-vorteile-einer-flaechigen-verlegung-bei-der-dachsanierung\\\/#primaryimage\"},\"thumbnailUrl\":\"https:\\\/\\\/blog.proclima.com\\\/de\\\/files\\\/2012\\\/09\\\/DASAPLANO-001_Verarbeitung.jpg\",\"datePublished\":\"2020-07-31T18:04:00+00:00\",\"dateModified\":\"2021-10-11T13:42:04+00:00\",\"description\":\"Die Verlegung der Luftdichtungsbahn bei der Dachsanierung fl\u00e4chig \u00fcber die Sparren spart Material und aufwendige Verlegung im Gefach.\",\"breadcrumb\":{\"@id\":\"https:\\\/\\\/blog.proclima.com\\\/de\\\/2020\\\/07\\\/aus-der-technik-hotline-3-was-sind-die-vorteile-einer-flaechigen-verlegung-bei-der-dachsanierung\\\/#breadcrumb\"},\"inLanguage\":\"de\",\"potentialAction\":[{\"@type\":\"ReadAction\",\"target\":[\"https:\\\/\\\/blog.proclima.com\\\/de\\\/2020\\\/07\\\/aus-der-technik-hotline-3-was-sind-die-vorteile-einer-flaechigen-verlegung-bei-der-dachsanierung\\\/\"]}]},{\"@type\":\"ImageObject\",\"inLanguage\":\"de\",\"@id\":\"https:\\\/\\\/blog.proclima.com\\\/de\\\/2020\\\/07\\\/aus-der-technik-hotline-3-was-sind-die-vorteile-einer-flaechigen-verlegung-bei-der-dachsanierung\\\/#primaryimage\",\"url\":\"https:\\\/\\\/blog.proclima.com\\\/de\\\/files\\\/2012\\\/09\\\/DASAPLANO-001_Verarbeitung.jpg\",\"contentUrl\":\"https:\\\/\\\/blog.proclima.com\\\/de\\\/files\\\/2012\\\/09\\\/DASAPLANO-001_Verarbeitung.jpg\",\"width\":1200,\"height\":800},{\"@type\":\"BreadcrumbList\",\"@id\":\"https:\\\/\\\/blog.proclima.com\\\/de\\\/2020\\\/07\\\/aus-der-technik-hotline-3-was-sind-die-vorteile-einer-flaechigen-verlegung-bei-der-dachsanierung\\\/#breadcrumb\",\"itemListElement\":[{\"@type\":\"ListItem\",\"position\":1,\"name\":\"Startseite\",\"item\":\"https:\\\/\\\/blog.proclima.com\\\/de\\\/\"},{\"@type\":\"ListItem\",\"position\":2,\"name\":\"Was sind die Vorteile einer fl\u00e4chigen Verlegung bei der Dachsanierung?\"}]},{\"@type\":\"WebSite\",\"@id\":\"https:\\\/\\\/blog.proclima.com\\\/de\\\/#website\",\"url\":\"https:\\\/\\\/blog.proclima.com\\\/de\\\/\",\"name\":\"pro clima Blog - Deutschland\",\"description\":\"alles was pro clima bewegt\",\"publisher\":{\"@id\":\"https:\\\/\\\/blog.proclima.com\\\/de\\\/#organization\"},\"potentialAction\":[{\"@type\":\"SearchAction\",\"target\":{\"@type\":\"EntryPoint\",\"urlTemplate\":\"https:\\\/\\\/blog.proclima.com\\\/de\\\/?s={search_term_string}\"},\"query-input\":{\"@type\":\"PropertyValueSpecification\",\"valueRequired\":true,\"valueName\":\"search_term_string\"}}],\"inLanguage\":\"de\"},{\"@type\":\"Organization\",\"@id\":\"https:\\\/\\\/blog.proclima.com\\\/de\\\/#organization\",\"name\":\"pro clima - Moll bau\u00f6kologische Produkte GmbH\",\"url\":\"https:\\\/\\\/blog.proclima.com\\\/de\\\/\",\"logo\":{\"@type\":\"ImageObject\",\"inLanguage\":\"de\",\"@id\":\"https:\\\/\\\/blog.proclima.com\\\/de\\\/#\\\/schema\\\/logo\\\/image\\\/\",\"url\":\"https:\\\/\\\/blog.proclima.com\\\/de\\\/files\\\/2020\\\/04\\\/Logo-pro-clima.png\",\"contentUrl\":\"https:\\\/\\\/blog.proclima.com\\\/de\\\/files\\\/2020\\\/04\\\/Logo-pro-clima.png\",\"width\":4210,\"height\":4881,\"caption\":\"pro clima - Moll bau\u00f6kologische Produkte GmbH\"},\"image\":{\"@id\":\"https:\\\/\\\/blog.proclima.com\\\/de\\\/#\\\/schema\\\/logo\\\/image\\\/\"},\"sameAs\":[\"https:\\\/\\\/www.facebook.com\\\/proclima\",\"https:\\\/\\\/x.com\\\/proclimaDE\"]},{\"@type\":\"Person\",\"@id\":\"https:\\\/\\\/blog.proclima.com\\\/de\\\/#\\\/schema\\\/person\\\/d8bba7d67c4bbe4ac1d0b64b66388926\",\"name\":\"Stefan H\u00fcckst\u00e4dt\",\"description\":\"Dipl.-Ing.(FH) Holzbau und Ausbau Zertifizierter Sachverst\u00e4ndiger f\u00fcr hygrothermische Bauphysik gelernter Zimmerer In der pro clima Technik-Hotline ber\u00e4t Stefan H\u00fcckst\u00e4dt Planer und Verarbeiter und h\u00e4lt Vortr\u00e4ge zu Themen rund um Luftdichtung und Feuchteschutz. F\u00fcr die pro clima Wissenswerkstatt fungiert er als Referent bei den Seminaren \u201cSicher dichten\u201d und \u201cPraxisgerecht sanieren\u201c sowie bei diversen Online-Seminaren. Er schreibt Fachartikel zu einschl\u00e4gigen Themen und ist weiterhin in verschiedenen Verb\u00e4nden und Fachgremien aktiv t\u00e4tig - z.B. Vorstand im FLiB, in mehreren WTA-Arbeitsgruppen oder dem Normungsausschuss zur DIN 4108-7.\",\"url\":\"https:\\\/\\\/blog.proclima.com\\\/de\\\/author\\\/hueckstaedt\\\/\"}]}<\/script>\n<!-- \/ Yoast SEO plugin. -->","yoast_head_json":{"title":"Vorteile einer fl\u00e4chigen Verlegung bei der Dachsanierung","description":"Die Verlegung der Luftdichtungsbahn bei der Dachsanierung fl\u00e4chig \u00fcber die Sparren spart Material und aufwendige Verlegung im Gefach.","robots":{"index":"index","follow":"follow","max-snippet":"max-snippet:-1","max-image-preview":"max-image-preview:large","max-video-preview":"max-video-preview:-1"},"canonical":"https:\/\/blog.proclima.com\/de\/2020\/07\/aus-der-technik-hotline-3-was-sind-die-vorteile-einer-flaechigen-verlegung-bei-der-dachsanierung\/","og_locale":"de_DE","og_type":"article","og_title":"Vorteile einer fl\u00e4chigen Verlegung bei der Dachsanierung","og_description":"Die Verlegung der Luftdichtungsbahn bei der Dachsanierung fl\u00e4chig \u00fcber die Sparren spart Material und aufwendige Verlegung im Gefach. Es ist aber eine Mindest\u00fcberd\u00e4mmung erforderlich.","og_url":"https:\/\/blog.proclima.com\/de\/2020\/07\/aus-der-technik-hotline-3-was-sind-die-vorteile-einer-flaechigen-verlegung-bei-der-dachsanierung\/","og_site_name":"pro clima Blog - Deutschland","article_publisher":"https:\/\/www.facebook.com\/proclima","article_published_time":"2020-07-31T18:04:00+00:00","article_modified_time":"2021-10-11T13:42:04+00:00","og_image":[{"width":555,"height":555,"url":"https:\/\/blog.proclima.com\/de\/files\/2020\/07\/verlegung-luftdichtungsbahn-sparren.png","type":"image\/png"}],"author":"Stefan H\u00fcckst\u00e4dt","twitter_card":"summary_large_image","twitter_title":"Vorteile einer fl\u00e4chigen Verlegung bei der Dachsanierung","twitter_description":"Die Verlegung der Luftdichtungsbahn bei der Dachsanierung fl\u00e4chig \u00fcber die Sparren spart Material und aufwendige Verlegung im Gefach.","twitter_image":"https:\/\/blog.proclima.com\/de\/files\/2020\/07\/verlegung-luftdichtungsbahn-sparren.png","twitter_creator":"@proclimaDE","twitter_site":"@proclimaDE","twitter_misc":{"Verfasst von":"Stefan H\u00fcckst\u00e4dt","Gesch\u00e4tzte Lesezeit":"4\u00a0Minuten"},"schema":{"@context":"https:\/\/schema.org","@graph":[{"@type":"Article","@id":"https:\/\/blog.proclima.com\/de\/2020\/07\/aus-der-technik-hotline-3-was-sind-die-vorteile-einer-flaechigen-verlegung-bei-der-dachsanierung\/#article","isPartOf":{"@id":"https:\/\/blog.proclima.com\/de\/2020\/07\/aus-der-technik-hotline-3-was-sind-die-vorteile-einer-flaechigen-verlegung-bei-der-dachsanierung\/"},"author":{"name":"Stefan H\u00fcckst\u00e4dt","@id":"https:\/\/blog.proclima.com\/de\/#\/schema\/person\/d8bba7d67c4bbe4ac1d0b64b66388926"},"headline":"Was sind die Vorteile einer fl\u00e4chigen Verlegung bei der Dachsanierung?","datePublished":"2020-07-31T18:04:00+00:00","dateModified":"2021-10-11T13:42:04+00:00","mainEntityOfPage":{"@id":"https:\/\/blog.proclima.com\/de\/2020\/07\/aus-der-technik-hotline-3-was-sind-die-vorteile-einer-flaechigen-verlegung-bei-der-dachsanierung\/"},"wordCount":903,"commentCount":20,"publisher":{"@id":"https:\/\/blog.proclima.com\/de\/#organization"},"image":{"@id":"https:\/\/blog.proclima.com\/de\/2020\/07\/aus-der-technik-hotline-3-was-sind-die-vorteile-einer-flaechigen-verlegung-bei-der-dachsanierung\/#primaryimage"},"thumbnailUrl":"https:\/\/blog.proclima.com\/de\/files\/2012\/09\/DASAPLANO-001_Verarbeitung.jpg","keywords":["Anschluss","Aufdachd\u00e4mmung","Dachsanierung","Dachsanierung von au\u00dfen","energetische Sanierung","fl\u00e4chige Verlegung","luftdicht anschlie\u00dfen","Luftdichtung","Luftdichtungsebene"],"articleSection":["Luftdichtung"],"inLanguage":"de","potentialAction":[{"@type":"CommentAction","name":"Comment","target":["https:\/\/blog.proclima.com\/de\/2020\/07\/aus-der-technik-hotline-3-was-sind-die-vorteile-einer-flaechigen-verlegung-bei-der-dachsanierung\/#respond"]}]},{"@type":"WebPage","@id":"https:\/\/blog.proclima.com\/de\/2020\/07\/aus-der-technik-hotline-3-was-sind-die-vorteile-einer-flaechigen-verlegung-bei-der-dachsanierung\/","url":"https:\/\/blog.proclima.com\/de\/2020\/07\/aus-der-technik-hotline-3-was-sind-die-vorteile-einer-flaechigen-verlegung-bei-der-dachsanierung\/","name":"Vorteile einer fl\u00e4chigen Verlegung bei der Dachsanierung","isPartOf":{"@id":"https:\/\/blog.proclima.com\/de\/#website"},"primaryImageOfPage":{"@id":"https:\/\/blog.proclima.com\/de\/2020\/07\/aus-der-technik-hotline-3-was-sind-die-vorteile-einer-flaechigen-verlegung-bei-der-dachsanierung\/#primaryimage"},"image":{"@id":"https:\/\/blog.proclima.com\/de\/2020\/07\/aus-der-technik-hotline-3-was-sind-die-vorteile-einer-flaechigen-verlegung-bei-der-dachsanierung\/#primaryimage"},"thumbnailUrl":"https:\/\/blog.proclima.com\/de\/files\/2012\/09\/DASAPLANO-001_Verarbeitung.jpg","datePublished":"2020-07-31T18:04:00+00:00","dateModified":"2021-10-11T13:42:04+00:00","description":"Die Verlegung der Luftdichtungsbahn bei der Dachsanierung fl\u00e4chig \u00fcber die Sparren spart Material und aufwendige Verlegung im Gefach.","breadcrumb":{"@id":"https:\/\/blog.proclima.com\/de\/2020\/07\/aus-der-technik-hotline-3-was-sind-die-vorteile-einer-flaechigen-verlegung-bei-der-dachsanierung\/#breadcrumb"},"inLanguage":"de","potentialAction":[{"@type":"ReadAction","target":["https:\/\/blog.proclima.com\/de\/2020\/07\/aus-der-technik-hotline-3-was-sind-die-vorteile-einer-flaechigen-verlegung-bei-der-dachsanierung\/"]}]},{"@type":"ImageObject","inLanguage":"de","@id":"https:\/\/blog.proclima.com\/de\/2020\/07\/aus-der-technik-hotline-3-was-sind-die-vorteile-einer-flaechigen-verlegung-bei-der-dachsanierung\/#primaryimage","url":"https:\/\/blog.proclima.com\/de\/files\/2012\/09\/DASAPLANO-001_Verarbeitung.jpg","contentUrl":"https:\/\/blog.proclima.com\/de\/files\/2012\/09\/DASAPLANO-001_Verarbeitung.jpg","width":1200,"height":800},{"@type":"BreadcrumbList","@id":"https:\/\/blog.proclima.com\/de\/2020\/07\/aus-der-technik-hotline-3-was-sind-die-vorteile-einer-flaechigen-verlegung-bei-der-dachsanierung\/#breadcrumb","itemListElement":[{"@type":"ListItem","position":1,"name":"Startseite","item":"https:\/\/blog.proclima.com\/de\/"},{"@type":"ListItem","position":2,"name":"Was sind die Vorteile einer fl\u00e4chigen Verlegung bei der Dachsanierung?"}]},{"@type":"WebSite","@id":"https:\/\/blog.proclima.com\/de\/#website","url":"https:\/\/blog.proclima.com\/de\/","name":"pro clima Blog - Deutschland","description":"alles was pro clima bewegt","publisher":{"@id":"https:\/\/blog.proclima.com\/de\/#organization"},"potentialAction":[{"@type":"SearchAction","target":{"@type":"EntryPoint","urlTemplate":"https:\/\/blog.proclima.com\/de\/?s={search_term_string}"},"query-input":{"@type":"PropertyValueSpecification","valueRequired":true,"valueName":"search_term_string"}}],"inLanguage":"de"},{"@type":"Organization","@id":"https:\/\/blog.proclima.com\/de\/#organization","name":"pro clima - Moll bau\u00f6kologische Produkte GmbH","url":"https:\/\/blog.proclima.com\/de\/","logo":{"@type":"ImageObject","inLanguage":"de","@id":"https:\/\/blog.proclima.com\/de\/#\/schema\/logo\/image\/","url":"https:\/\/blog.proclima.com\/de\/files\/2020\/04\/Logo-pro-clima.png","contentUrl":"https:\/\/blog.proclima.com\/de\/files\/2020\/04\/Logo-pro-clima.png","width":4210,"height":4881,"caption":"pro clima - Moll bau\u00f6kologische Produkte GmbH"},"image":{"@id":"https:\/\/blog.proclima.com\/de\/#\/schema\/logo\/image\/"},"sameAs":["https:\/\/www.facebook.com\/proclima","https:\/\/x.com\/proclimaDE"]},{"@type":"Person","@id":"https:\/\/blog.proclima.com\/de\/#\/schema\/person\/d8bba7d67c4bbe4ac1d0b64b66388926","name":"Stefan H\u00fcckst\u00e4dt","description":"Dipl.-Ing.(FH) Holzbau und Ausbau Zertifizierter Sachverst\u00e4ndiger f\u00fcr hygrothermische Bauphysik gelernter Zimmerer In der pro clima Technik-Hotline ber\u00e4t Stefan H\u00fcckst\u00e4dt Planer und Verarbeiter und h\u00e4lt Vortr\u00e4ge zu Themen rund um Luftdichtung und Feuchteschutz. F\u00fcr die pro clima Wissenswerkstatt fungiert er als Referent bei den Seminaren \u201cSicher dichten\u201d und \u201cPraxisgerecht sanieren\u201c sowie bei diversen Online-Seminaren. Er schreibt Fachartikel zu einschl\u00e4gigen Themen und ist weiterhin in verschiedenen Verb\u00e4nden und Fachgremien aktiv t\u00e4tig - z.B. Vorstand im FLiB, in mehreren WTA-Arbeitsgruppen oder dem Normungsausschuss zur DIN 4108-7.","url":"https:\/\/blog.proclima.com\/de\/author\/hueckstaedt\/"}]}},"canto_acf_fields":"","_links":{"self":[{"href":"https:\/\/blog.proclima.com\/de\/wp-json\/wp\/v2\/posts\/8875","targetHints":{"allow":["GET"]}}],"collection":[{"href":"https:\/\/blog.proclima.com\/de\/wp-json\/wp\/v2\/posts"}],"about":[{"href":"https:\/\/blog.proclima.com\/de\/wp-json\/wp\/v2\/types\/post"}],"author":[{"embeddable":true,"href":"https:\/\/blog.proclima.com\/de\/wp-json\/wp\/v2\/users\/24"}],"replies":[{"embeddable":true,"href":"https:\/\/blog.proclima.com\/de\/wp-json\/wp\/v2\/comments?post=8875"}],"version-history":[{"count":10,"href":"https:\/\/blog.proclima.com\/de\/wp-json\/wp\/v2\/posts\/8875\/revisions"}],"predecessor-version":[{"id":9536,"href":"https:\/\/blog.proclima.com\/de\/wp-json\/wp\/v2\/posts\/8875\/revisions\/9536"}],"wp:featuredmedia":[{"embeddable":true,"href":"https:\/\/blog.proclima.com\/de\/wp-json\/wp\/v2\/media\/2301"}],"wp:attachment":[{"href":"https:\/\/blog.proclima.com\/de\/wp-json\/wp\/v2\/media?parent=8875"}],"wp:term":[{"taxonomy":"category","embeddable":true,"href":"https:\/\/blog.proclima.com\/de\/wp-json\/wp\/v2\/categories?post=8875"},{"taxonomy":"post_tag","embeddable":true,"href":"https:\/\/blog.proclima.com\/de\/wp-json\/wp\/v2\/tags?post=8875"}],"curies":[{"name":"wp","href":"https:\/\/api.w.org\/{rel}","templated":true}]}}