
{"id":811,"date":"2012-02-28T11:01:23","date_gmt":"2012-02-28T10:01:23","guid":{"rendered":"http:\/\/blog.proclima.com\/de\/?p=811"},"modified":"2012-02-28T11:01:24","modified_gmt":"2012-02-28T10:01:24","slug":"ausbildung-mit-pro-clima","status":"publish","type":"post","link":"https:\/\/blog.proclima.com\/de\/2012\/02\/ausbildung-mit-pro-clima\/","title":{"rendered":"Lehrlingsausbildung der Handwerkskammer Mittelfranken: bauschadensfreie Luftdichtung mit pro clima"},"content":{"rendered":"<p><a href=\"https:\/\/blog.proclima.com\/de\/files\/2012\/02\/IMGP0106.jpg\"><img loading=\"lazy\" decoding=\"async\" data-size=\"640x481\" class=\"alignleft size-medium wp-image-813\" src=\"https:\/\/blog.proclima.com\/de\/files\/2012\/02\/IMGP0106-300x225.jpg\" alt=\"\" width=\"300\" height=\"225\" srcset=\"https:\/\/blog.proclima.com\/de\/files\/2012\/02\/IMGP0106-300x225.jpg 300w, https:\/\/blog.proclima.com\/de\/files\/2012\/02\/IMGP0106-384x289.jpg 384w, https:\/\/blog.proclima.com\/de\/files\/2012\/02\/IMGP0106.jpg 640w\" sizes=\"auto, (max-width: 300px) 100vw, 300px\" \/><\/a>Schimmel und Bausch\u00e4den verhindern und f\u00fcr ein gutes Raumklima sorgen: Dass daf\u00fcr die Luftdichtung besonders wichtig ist, das lernen heutzutage angehende Zimmerleute in ihren Betrieben und in der Berufsschule: \u201eTrotzdem sind sie h\u00e4ufig \u00fcberrascht, was bei der Luftdichtung alles schief gehen kann und vor allem \u00fcber das gro\u00dfe Ausma\u00df der Bausch\u00e4den, die durch eine falsche Planung und Verarbeitung entstehen\u201c, sagt Karl-Heinz Geiselbrecht, Zimmerer-Meister und Ausbilder der Handwerkskammer f\u00fcr Mittelfranken. <!--more--><\/p>\n<p>Hier im Bildungszentrum Ansbach macht Geiselbrecht angehende Zimmerer im <a href=\"https:\/\/blog.proclima.com\/de\/files\/2012\/02\/IMGP0108.jpg\"><img loading=\"lazy\" decoding=\"async\" data-size=\"640x481\" class=\"alignright size-medium wp-image-817\" src=\"https:\/\/blog.proclima.com\/de\/files\/2012\/02\/IMGP0108-300x225.jpg\" alt=\"\" width=\"300\" height=\"225\" srcset=\"https:\/\/blog.proclima.com\/de\/files\/2012\/02\/IMGP0108-300x225.jpg 300w, https:\/\/blog.proclima.com\/de\/files\/2012\/02\/IMGP0108-384x289.jpg 384w, https:\/\/blog.proclima.com\/de\/files\/2012\/02\/IMGP0108.jpg 640w\" sizes=\"auto, (max-width: 300px) 100vw, 300px\" \/><\/a>zweiten und dritten Lehrjahr f\u00fcr die Praxis fit: Im Blockunterricht der \u00fcberbetrieblichen Ausbildung zum Thema Holzbau und Trockenbau arbeitet er mit den Lehrlingen an Musterh\u00e4usern und setzt mit ihnen pro clima-Produkte ein: Beispielsweise die intelligente Dampfbremse INTELLO, das\u00a0 Allround-Klebeband TESCON VANA und die Rohr-Manschetten ROFLEX. Ausbilder Geiselbrecht: \u201eDie Manschetten werden von den Jungs besonders gut angenommen. Sie sind erstaunt, wie schnell und unkompliziert dadurch Anschl\u00fcsse luftdicht sind &#8211; ohne, dass man sie umst\u00e4ndlich mit Klebeband abkleben muss.\u201c<\/p>\n<p>Zur Vorbereitung des Praxiseinsatzes bespricht Ausbilder Geiselbrecht mit seinen Gruppen Detailzeichnungen und Verarbeitungshinweise auch aus dem pro clima-Bau- und Sanierungshandbuch WISSEN.<\/p>\n<p>pro clima sponsert zum zweiten Mal Material f\u00fcr die Lehrlingsausbildung der Handwerkskammer Mittelfranken. pro clima-Au\u00dfendienstler und Zimmermann Josef Pfaller wird k\u00fcnftig auch als Referent Vortr\u00e4ge zum Thema Luftdichtung f\u00fcr Lehrlinge und angehende Meister halten.<\/p>\n<p><a href=\"https:\/\/de.proclima.com\/service\/info-service\/wissen\">Fordern Sie jetzt kostenfrei an:<\/a> Das neue Bau- und Sanierungshandbuch mit aktueller Studie zur Vermeidung von Bausch\u00e4den \u2013 WISSEN 2012\/13. Per E-Mail <a title=\"Fotos der Kompaktschulung in Niederkassel auf flickr\/proclima\" href=\"mailto:info@proclima.de\">info@proclima.de <\/a>oder Telefon: (0) 62 02 &#8211; 27 82.0<\/p>\n<p>Hier ein paar Fotos, die Ausbilder Geiselbrecht w\u00e4hrend der Praxisausbildung der Handwerkskammer Mittelfranken im vergangenen Jahr aufgenommen hat.<\/p>\n\n\t\t<style type=\"text\/css\">\n\t\t\t#gallery-1 {\n\t\t\t\tmargin: auto;\n\t\t\t}\n\t\t\t#gallery-1 .gallery-item {\n\t\t\t\tfloat: left;\n\t\t\t\tmargin-top: 10px;\n\t\t\t\ttext-align: center;\n\t\t\t\twidth: 25%;\n\t\t\t}\n\t\t\t#gallery-1 img {\n\t\t\t\tborder: 2px solid #cfcfcf;\n\t\t\t}\n\t\t\t#gallery-1 .gallery-caption {\n\t\t\t\tmargin-left: 0;\n\t\t\t}\n\t\t\t\/* see gallery_shortcode() in wp-includes\/media.php *\/\n\t\t<\/style>\n\t\t<div id='gallery-1' class='gallery galleryid-811 gallery-columns-4 gallery-size-thumbnail'><dl class='gallery-item'>\n\t\t\t<dt class='gallery-icon landscape'>\n\t\t\t\t<a href='https:\/\/blog.proclima.com\/de\/2012\/02\/ausbildung-mit-pro-clima\/imgp0106\/'><img loading=\"lazy\" decoding=\"async\" data-size=\"640x481\" width=\"150\" height=\"150\" src=\"https:\/\/blog.proclima.com\/de\/files\/2012\/02\/IMGP0106-150x150.jpg\" class=\"attachment-thumbnail size-thumbnail\" alt=\"\" srcset=\"https:\/\/blog.proclima.com\/de\/files\/2012\/02\/IMGP0106-150x150.jpg 150w, https:\/\/blog.proclima.com\/de\/files\/2012\/02\/IMGP0106-216x216.jpg 216w\" sizes=\"auto, (max-width: 150px) 100vw, 150px\" \/><\/a>\n\t\t\t<\/dt><\/dl><dl class='gallery-item'>\n\t\t\t<dt class='gallery-icon landscape'>\n\t\t\t\t<a href='https:\/\/blog.proclima.com\/de\/2012\/02\/ausbildung-mit-pro-clima\/imgp0108\/'><img loading=\"lazy\" decoding=\"async\" data-size=\"640x481\" width=\"150\" height=\"150\" src=\"https:\/\/blog.proclima.com\/de\/files\/2012\/02\/IMGP0108-150x150.jpg\" class=\"attachment-thumbnail size-thumbnail\" alt=\"\" srcset=\"https:\/\/blog.proclima.com\/de\/files\/2012\/02\/IMGP0108-150x150.jpg 150w, https:\/\/blog.proclima.com\/de\/files\/2012\/02\/IMGP0108-216x216.jpg 216w\" sizes=\"auto, (max-width: 150px) 100vw, 150px\" \/><\/a>\n\t\t\t<\/dt><\/dl><dl class='gallery-item'>\n\t\t\t<dt class='gallery-icon landscape'>\n\t\t\t\t<a href='https:\/\/blog.proclima.com\/de\/2012\/02\/ausbildung-mit-pro-clima\/imgp0092\/'><img loading=\"lazy\" decoding=\"async\" data-size=\"640x481\" width=\"150\" height=\"150\" src=\"https:\/\/blog.proclima.com\/de\/files\/2012\/02\/IMGP0092-150x150.jpg\" class=\"attachment-thumbnail size-thumbnail\" alt=\"\" srcset=\"https:\/\/blog.proclima.com\/de\/files\/2012\/02\/IMGP0092-150x150.jpg 150w, https:\/\/blog.proclima.com\/de\/files\/2012\/02\/IMGP0092-216x216.jpg 216w\" sizes=\"auto, (max-width: 150px) 100vw, 150px\" \/><\/a>\n\t\t\t<\/dt><\/dl><dl class='gallery-item'>\n\t\t\t<dt class='gallery-icon landscape'>\n\t\t\t\t<a href='https:\/\/blog.proclima.com\/de\/2012\/02\/ausbildung-mit-pro-clima\/imgp0093\/'><img loading=\"lazy\" decoding=\"async\" data-size=\"640x481\" width=\"150\" height=\"150\" src=\"https:\/\/blog.proclima.com\/de\/files\/2012\/02\/IMGP0093-150x150.jpg\" class=\"attachment-thumbnail size-thumbnail\" alt=\"\" srcset=\"https:\/\/blog.proclima.com\/de\/files\/2012\/02\/IMGP0093-150x150.jpg 150w, https:\/\/blog.proclima.com\/de\/files\/2012\/02\/IMGP0093-216x216.jpg 216w\" sizes=\"auto, (max-width: 150px) 100vw, 150px\" \/><\/a>\n\t\t\t<\/dt><\/dl><br style=\"clear: both\" \/><dl class='gallery-item'>\n\t\t\t<dt class='gallery-icon landscape'>\n\t\t\t\t<a href='https:\/\/blog.proclima.com\/de\/2012\/02\/ausbildung-mit-pro-clima\/imgp0094\/'><img loading=\"lazy\" decoding=\"async\" data-size=\"640x481\" width=\"150\" height=\"150\" src=\"https:\/\/blog.proclima.com\/de\/files\/2012\/02\/IMGP0094-150x150.jpg\" class=\"attachment-thumbnail size-thumbnail\" alt=\"\" srcset=\"https:\/\/blog.proclima.com\/de\/files\/2012\/02\/IMGP0094-150x150.jpg 150w, https:\/\/blog.proclima.com\/de\/files\/2012\/02\/IMGP0094-216x216.jpg 216w\" sizes=\"auto, (max-width: 150px) 100vw, 150px\" \/><\/a>\n\t\t\t<\/dt><\/dl><dl class='gallery-item'>\n\t\t\t<dt class='gallery-icon landscape'>\n\t\t\t\t<a href='https:\/\/blog.proclima.com\/de\/2012\/02\/ausbildung-mit-pro-clima\/imgp0095\/'><img loading=\"lazy\" decoding=\"async\" data-size=\"640x481\" width=\"150\" height=\"150\" src=\"https:\/\/blog.proclima.com\/de\/files\/2012\/02\/IMGP0095-150x150.jpg\" class=\"attachment-thumbnail size-thumbnail\" alt=\"\" srcset=\"https:\/\/blog.proclima.com\/de\/files\/2012\/02\/IMGP0095-150x150.jpg 150w, https:\/\/blog.proclima.com\/de\/files\/2012\/02\/IMGP0095-216x216.jpg 216w\" sizes=\"auto, (max-width: 150px) 100vw, 150px\" \/><\/a>\n\t\t\t<\/dt><\/dl><dl class='gallery-item'>\n\t\t\t<dt class='gallery-icon landscape'>\n\t\t\t\t<a href='https:\/\/blog.proclima.com\/de\/2012\/02\/ausbildung-mit-pro-clima\/imgp0096\/'><img loading=\"lazy\" decoding=\"async\" data-size=\"640x481\" width=\"150\" height=\"150\" src=\"https:\/\/blog.proclima.com\/de\/files\/2012\/02\/IMGP0096-150x150.jpg\" class=\"attachment-thumbnail size-thumbnail\" alt=\"\" srcset=\"https:\/\/blog.proclima.com\/de\/files\/2012\/02\/IMGP0096-150x150.jpg 150w, https:\/\/blog.proclima.com\/de\/files\/2012\/02\/IMGP0096-216x216.jpg 216w\" sizes=\"auto, (max-width: 150px) 100vw, 150px\" \/><\/a>\n\t\t\t<\/dt><\/dl><dl class='gallery-item'>\n\t\t\t<dt class='gallery-icon landscape'>\n\t\t\t\t<a href='https:\/\/blog.proclima.com\/de\/2012\/02\/ausbildung-mit-pro-clima\/imgp0097\/'><img loading=\"lazy\" decoding=\"async\" data-size=\"640x481\" width=\"150\" height=\"150\" src=\"https:\/\/blog.proclima.com\/de\/files\/2012\/02\/IMGP0097-150x150.jpg\" class=\"attachment-thumbnail size-thumbnail\" alt=\"\" srcset=\"https:\/\/blog.proclima.com\/de\/files\/2012\/02\/IMGP0097-150x150.jpg 150w, https:\/\/blog.proclima.com\/de\/files\/2012\/02\/IMGP0097-216x216.jpg 216w\" sizes=\"auto, (max-width: 150px) 100vw, 150px\" \/><\/a>\n\t\t\t<\/dt><\/dl><br style=\"clear: both\" \/><dl class='gallery-item'>\n\t\t\t<dt class='gallery-icon landscape'>\n\t\t\t\t<a href='https:\/\/blog.proclima.com\/de\/2012\/02\/ausbildung-mit-pro-clima\/imgp0098\/'><img loading=\"lazy\" decoding=\"async\" data-size=\"640x481\" width=\"150\" height=\"150\" src=\"https:\/\/blog.proclima.com\/de\/files\/2012\/02\/IMGP0098-150x150.jpg\" class=\"attachment-thumbnail size-thumbnail\" alt=\"\" srcset=\"https:\/\/blog.proclima.com\/de\/files\/2012\/02\/IMGP0098-150x150.jpg 150w, https:\/\/blog.proclima.com\/de\/files\/2012\/02\/IMGP0098-216x216.jpg 216w\" sizes=\"auto, (max-width: 150px) 100vw, 150px\" \/><\/a>\n\t\t\t<\/dt><\/dl><dl class='gallery-item'>\n\t\t\t<dt class='gallery-icon landscape'>\n\t\t\t\t<a href='https:\/\/blog.proclima.com\/de\/2012\/02\/ausbildung-mit-pro-clima\/imgp0099\/'><img loading=\"lazy\" decoding=\"async\" data-size=\"640x481\" width=\"150\" height=\"150\" src=\"https:\/\/blog.proclima.com\/de\/files\/2012\/02\/IMGP0099-150x150.jpg\" class=\"attachment-thumbnail size-thumbnail\" alt=\"\" srcset=\"https:\/\/blog.proclima.com\/de\/files\/2012\/02\/IMGP0099-150x150.jpg 150w, https:\/\/blog.proclima.com\/de\/files\/2012\/02\/IMGP0099-216x216.jpg 216w\" sizes=\"auto, (max-width: 150px) 100vw, 150px\" \/><\/a>\n\t\t\t<\/dt><\/dl><dl class='gallery-item'>\n\t\t\t<dt class='gallery-icon landscape'>\n\t\t\t\t<a href='https:\/\/blog.proclima.com\/de\/2012\/02\/ausbildung-mit-pro-clima\/imgp0100\/'><img loading=\"lazy\" decoding=\"async\" data-size=\"640x481\" width=\"150\" height=\"150\" src=\"https:\/\/blog.proclima.com\/de\/files\/2012\/02\/IMGP0100-150x150.jpg\" class=\"attachment-thumbnail size-thumbnail\" alt=\"\" srcset=\"https:\/\/blog.proclima.com\/de\/files\/2012\/02\/IMGP0100-150x150.jpg 150w, https:\/\/blog.proclima.com\/de\/files\/2012\/02\/IMGP0100-216x216.jpg 216w\" sizes=\"auto, (max-width: 150px) 100vw, 150px\" \/><\/a>\n\t\t\t<\/dt><\/dl><dl class='gallery-item'>\n\t\t\t<dt class='gallery-icon landscape'>\n\t\t\t\t<a href='https:\/\/blog.proclima.com\/de\/2012\/02\/ausbildung-mit-pro-clima\/imgp0101\/'><img loading=\"lazy\" decoding=\"async\" data-size=\"640x481\" width=\"150\" height=\"150\" src=\"https:\/\/blog.proclima.com\/de\/files\/2012\/02\/IMGP0101-150x150.jpg\" class=\"attachment-thumbnail size-thumbnail\" alt=\"\" srcset=\"https:\/\/blog.proclima.com\/de\/files\/2012\/02\/IMGP0101-150x150.jpg 150w, https:\/\/blog.proclima.com\/de\/files\/2012\/02\/IMGP0101-216x216.jpg 216w\" sizes=\"auto, (max-width: 150px) 100vw, 150px\" \/><\/a>\n\t\t\t<\/dt><\/dl><br style=\"clear: both\" \/><dl class='gallery-item'>\n\t\t\t<dt class='gallery-icon landscape'>\n\t\t\t\t<a href='https:\/\/blog.proclima.com\/de\/2012\/02\/ausbildung-mit-pro-clima\/imgp0102\/'><img loading=\"lazy\" decoding=\"async\" data-size=\"640x481\" width=\"150\" height=\"150\" src=\"https:\/\/blog.proclima.com\/de\/files\/2012\/02\/IMGP0102-150x150.jpg\" class=\"attachment-thumbnail size-thumbnail\" alt=\"\" srcset=\"https:\/\/blog.proclima.com\/de\/files\/2012\/02\/IMGP0102-150x150.jpg 150w, https:\/\/blog.proclima.com\/de\/files\/2012\/02\/IMGP0102-216x216.jpg 216w\" sizes=\"auto, (max-width: 150px) 100vw, 150px\" \/><\/a>\n\t\t\t<\/dt><\/dl><dl class='gallery-item'>\n\t\t\t<dt class='gallery-icon landscape'>\n\t\t\t\t<a href='https:\/\/blog.proclima.com\/de\/2012\/02\/ausbildung-mit-pro-clima\/imgp0103\/'><img loading=\"lazy\" decoding=\"async\" data-size=\"640x481\" width=\"150\" height=\"150\" src=\"https:\/\/blog.proclima.com\/de\/files\/2012\/02\/IMGP0103-150x150.jpg\" class=\"attachment-thumbnail size-thumbnail\" alt=\"\" srcset=\"https:\/\/blog.proclima.com\/de\/files\/2012\/02\/IMGP0103-150x150.jpg 150w, https:\/\/blog.proclima.com\/de\/files\/2012\/02\/IMGP0103-216x216.jpg 216w\" sizes=\"auto, (max-width: 150px) 100vw, 150px\" \/><\/a>\n\t\t\t<\/dt><\/dl><dl class='gallery-item'>\n\t\t\t<dt class='gallery-icon landscape'>\n\t\t\t\t<a href='https:\/\/blog.proclima.com\/de\/2012\/02\/ausbildung-mit-pro-clima\/imgp0104\/'><img loading=\"lazy\" decoding=\"async\" data-size=\"640x481\" width=\"150\" height=\"150\" src=\"https:\/\/blog.proclima.com\/de\/files\/2012\/02\/IMGP0104-150x150.jpg\" class=\"attachment-thumbnail size-thumbnail\" alt=\"\" srcset=\"https:\/\/blog.proclima.com\/de\/files\/2012\/02\/IMGP0104-150x150.jpg 150w, https:\/\/blog.proclima.com\/de\/files\/2012\/02\/IMGP0104-216x216.jpg 216w\" sizes=\"auto, (max-width: 150px) 100vw, 150px\" \/><\/a>\n\t\t\t<\/dt><\/dl><dl class='gallery-item'>\n\t\t\t<dt class='gallery-icon landscape'>\n\t\t\t\t<a href='https:\/\/blog.proclima.com\/de\/2012\/02\/ausbildung-mit-pro-clima\/imgp0105\/'><img loading=\"lazy\" decoding=\"async\" data-size=\"640x481\" width=\"150\" height=\"150\" src=\"https:\/\/blog.proclima.com\/de\/files\/2012\/02\/IMGP0105-150x150.jpg\" class=\"attachment-thumbnail size-thumbnail\" alt=\"\" srcset=\"https:\/\/blog.proclima.com\/de\/files\/2012\/02\/IMGP0105-150x150.jpg 150w, https:\/\/blog.proclima.com\/de\/files\/2012\/02\/IMGP0105-216x216.jpg 216w\" sizes=\"auto, (max-width: 150px) 100vw, 150px\" \/><\/a>\n\t\t\t<\/dt><\/dl><br style=\"clear: both\" \/><dl class='gallery-item'>\n\t\t\t<dt class='gallery-icon landscape'>\n\t\t\t\t<a href='https:\/\/blog.proclima.com\/de\/2012\/02\/ausbildung-mit-pro-clima\/imgp0106-2\/'><img loading=\"lazy\" decoding=\"async\" data-size=\"640x481\" width=\"150\" height=\"150\" src=\"https:\/\/blog.proclima.com\/de\/files\/2012\/02\/IMGP01061-150x150.jpg\" class=\"attachment-thumbnail size-thumbnail\" alt=\"\" srcset=\"https:\/\/blog.proclima.com\/de\/files\/2012\/02\/IMGP01061-150x150.jpg 150w, https:\/\/blog.proclima.com\/de\/files\/2012\/02\/IMGP01061-216x216.jpg 216w\" sizes=\"auto, (max-width: 150px) 100vw, 150px\" \/><\/a>\n\t\t\t<\/dt><\/dl><dl class='gallery-item'>\n\t\t\t<dt class='gallery-icon landscape'>\n\t\t\t\t<a href='https:\/\/blog.proclima.com\/de\/2012\/02\/ausbildung-mit-pro-clima\/imgp0107\/'><img loading=\"lazy\" decoding=\"async\" data-size=\"640x481\" width=\"150\" height=\"150\" src=\"https:\/\/blog.proclima.com\/de\/files\/2012\/02\/IMGP0107-150x150.jpg\" class=\"attachment-thumbnail size-thumbnail\" alt=\"\" srcset=\"https:\/\/blog.proclima.com\/de\/files\/2012\/02\/IMGP0107-150x150.jpg 150w, https:\/\/blog.proclima.com\/de\/files\/2012\/02\/IMGP0107-216x216.jpg 216w\" sizes=\"auto, (max-width: 150px) 100vw, 150px\" \/><\/a>\n\t\t\t<\/dt><\/dl><dl class='gallery-item'>\n\t\t\t<dt class='gallery-icon landscape'>\n\t\t\t\t<a href='https:\/\/blog.proclima.com\/de\/2012\/02\/ausbildung-mit-pro-clima\/imgp0108-2\/'><img loading=\"lazy\" decoding=\"async\" data-size=\"640x481\" width=\"150\" height=\"150\" src=\"https:\/\/blog.proclima.com\/de\/files\/2012\/02\/IMGP01081-150x150.jpg\" class=\"attachment-thumbnail size-thumbnail\" alt=\"\" srcset=\"https:\/\/blog.proclima.com\/de\/files\/2012\/02\/IMGP01081-150x150.jpg 150w, https:\/\/blog.proclima.com\/de\/files\/2012\/02\/IMGP01081-216x216.jpg 216w\" sizes=\"auto, (max-width: 150px) 100vw, 150px\" \/><\/a>\n\t\t\t<\/dt><\/dl><dl class='gallery-item'>\n\t\t\t<dt class='gallery-icon landscape'>\n\t\t\t\t<a href='https:\/\/blog.proclima.com\/de\/2012\/02\/ausbildung-mit-pro-clima\/imgp0109\/'><img loading=\"lazy\" decoding=\"async\" data-size=\"640x481\" width=\"150\" height=\"150\" src=\"https:\/\/blog.proclima.com\/de\/files\/2012\/02\/IMGP0109-150x150.jpg\" class=\"attachment-thumbnail size-thumbnail\" alt=\"\" srcset=\"https:\/\/blog.proclima.com\/de\/files\/2012\/02\/IMGP0109-150x150.jpg 150w, https:\/\/blog.proclima.com\/de\/files\/2012\/02\/IMGP0109-216x216.jpg 216w\" sizes=\"auto, (max-width: 150px) 100vw, 150px\" \/><\/a>\n\t\t\t<\/dt><\/dl><br style=\"clear: both\" \/><dl class='gallery-item'>\n\t\t\t<dt class='gallery-icon landscape'>\n\t\t\t\t<a href='https:\/\/blog.proclima.com\/de\/2012\/02\/ausbildung-mit-pro-clima\/imgp0110\/'><img loading=\"lazy\" decoding=\"async\" data-size=\"640x481\" width=\"150\" height=\"150\" src=\"https:\/\/blog.proclima.com\/de\/files\/2012\/02\/IMGP0110-150x150.jpg\" class=\"attachment-thumbnail size-thumbnail\" alt=\"\" srcset=\"https:\/\/blog.proclima.com\/de\/files\/2012\/02\/IMGP0110-150x150.jpg 150w, https:\/\/blog.proclima.com\/de\/files\/2012\/02\/IMGP0110-216x216.jpg 216w\" sizes=\"auto, (max-width: 150px) 100vw, 150px\" \/><\/a>\n\t\t\t<\/dt><\/dl><dl class='gallery-item'>\n\t\t\t<dt class='gallery-icon landscape'>\n\t\t\t\t<a href='https:\/\/blog.proclima.com\/de\/2012\/02\/ausbildung-mit-pro-clima\/imgp0111\/'><img loading=\"lazy\" decoding=\"async\" data-size=\"640x481\" width=\"150\" height=\"150\" src=\"https:\/\/blog.proclima.com\/de\/files\/2012\/02\/IMGP0111-150x150.jpg\" class=\"attachment-thumbnail size-thumbnail\" alt=\"\" srcset=\"https:\/\/blog.proclima.com\/de\/files\/2012\/02\/IMGP0111-150x150.jpg 150w, https:\/\/blog.proclima.com\/de\/files\/2012\/02\/IMGP0111-216x216.jpg 216w\" sizes=\"auto, (max-width: 150px) 100vw, 150px\" \/><\/a>\n\t\t\t<\/dt><\/dl><dl class='gallery-item'>\n\t\t\t<dt class='gallery-icon landscape'>\n\t\t\t\t<a href='https:\/\/blog.proclima.com\/de\/2012\/02\/ausbildung-mit-pro-clima\/imgp0112\/'><img loading=\"lazy\" decoding=\"async\" data-size=\"640x481\" width=\"150\" height=\"150\" src=\"https:\/\/blog.proclima.com\/de\/files\/2012\/02\/IMGP0112-150x150.jpg\" class=\"attachment-thumbnail size-thumbnail\" alt=\"\" srcset=\"https:\/\/blog.proclima.com\/de\/files\/2012\/02\/IMGP0112-150x150.jpg 150w, https:\/\/blog.proclima.com\/de\/files\/2012\/02\/IMGP0112-216x216.jpg 216w\" sizes=\"auto, (max-width: 150px) 100vw, 150px\" \/><\/a>\n\t\t\t<\/dt><\/dl><dl class='gallery-item'>\n\t\t\t<dt class='gallery-icon landscape'>\n\t\t\t\t<a href='https:\/\/blog.proclima.com\/de\/2012\/02\/ausbildung-mit-pro-clima\/imgp0113\/'><img loading=\"lazy\" decoding=\"async\" data-size=\"640x481\" width=\"150\" height=\"150\" src=\"https:\/\/blog.proclima.com\/de\/files\/2012\/02\/IMGP0113-150x150.jpg\" class=\"attachment-thumbnail size-thumbnail\" alt=\"\" srcset=\"https:\/\/blog.proclima.com\/de\/files\/2012\/02\/IMGP0113-150x150.jpg 150w, https:\/\/blog.proclima.com\/de\/files\/2012\/02\/IMGP0113-216x216.jpg 216w\" sizes=\"auto, (max-width: 150px) 100vw, 150px\" \/><\/a>\n\t\t\t<\/dt><\/dl><br style=\"clear: both\" \/><dl class='gallery-item'>\n\t\t\t<dt class='gallery-icon portrait'>\n\t\t\t\t<a href='https:\/\/blog.proclima.com\/de\/2012\/02\/ausbildung-mit-pro-clima\/imgp0114\/'><img loading=\"lazy\" decoding=\"async\" data-size=\"361x480\" width=\"150\" height=\"150\" src=\"https:\/\/blog.proclima.com\/de\/files\/2012\/02\/IMGP0114-150x150.jpg\" class=\"attachment-thumbnail size-thumbnail\" alt=\"\" srcset=\"https:\/\/blog.proclima.com\/de\/files\/2012\/02\/IMGP0114-150x150.jpg 150w, https:\/\/blog.proclima.com\/de\/files\/2012\/02\/IMGP0114-216x216.jpg 216w\" sizes=\"auto, (max-width: 150px) 100vw, 150px\" \/><\/a>\n\t\t\t<\/dt><\/dl><dl class='gallery-item'>\n\t\t\t<dt class='gallery-icon landscape'>\n\t\t\t\t<a href='https:\/\/blog.proclima.com\/de\/2012\/02\/ausbildung-mit-pro-clima\/imgp0118\/'><img loading=\"lazy\" decoding=\"async\" data-size=\"640x481\" width=\"150\" height=\"150\" src=\"https:\/\/blog.proclima.com\/de\/files\/2012\/02\/IMGP0118-150x150.jpg\" class=\"attachment-thumbnail size-thumbnail\" alt=\"\" srcset=\"https:\/\/blog.proclima.com\/de\/files\/2012\/02\/IMGP0118-150x150.jpg 150w, https:\/\/blog.proclima.com\/de\/files\/2012\/02\/IMGP0118-216x216.jpg 216w\" sizes=\"auto, (max-width: 150px) 100vw, 150px\" \/><\/a>\n\t\t\t<\/dt><\/dl><dl class='gallery-item'>\n\t\t\t<dt class='gallery-icon landscape'>\n\t\t\t\t<a href='https:\/\/blog.proclima.com\/de\/2012\/02\/ausbildung-mit-pro-clima\/imgp0119\/'><img loading=\"lazy\" decoding=\"async\" data-size=\"640x481\" width=\"150\" height=\"150\" src=\"https:\/\/blog.proclima.com\/de\/files\/2012\/02\/IMGP0119-150x150.jpg\" class=\"attachment-thumbnail size-thumbnail\" alt=\"\" srcset=\"https:\/\/blog.proclima.com\/de\/files\/2012\/02\/IMGP0119-150x150.jpg 150w, https:\/\/blog.proclima.com\/de\/files\/2012\/02\/IMGP0119-216x216.jpg 216w\" sizes=\"auto, (max-width: 150px) 100vw, 150px\" \/><\/a>\n\t\t\t<\/dt><\/dl>\n\t\t\t<br style='clear: both' \/>\n\t\t<\/div>\n\n<p>&nbsp;<\/p>\n","protected":false},"excerpt":{"rendered":"<p>Schimmel und Bausch\u00e4den verhindern und f\u00fcr ein gutes Raumklima sorgen: Dass daf\u00fcr die Luftdichtung besonders wichtig ist, das lernen heutzutage angehende Zimmerleute in ihren Betrieben <a href=\"https:\/\/blog.proclima.com\/de\/2012\/02\/ausbildung-mit-pro-clima\/\" rel=\"bookmark\">&#8230;<\/a><\/p>\n","protected":false},"author":18,"featured_media":0,"comment_status":"open","ping_status":"open","sticky":false,"template":"","format":"standard","meta":{"footnotes":""},"categories":[1,3],"tags":[185,189,188],"class_list":["post-811","post","type-post","status-publish","format-standard","hentry","category-proclima","category-veranstaltung","tag-ausbildung","tag-josef-pfaller","tag-zimmerer"],"yoast_head":"<!-- This site is optimized with the Yoast SEO plugin v27.5 - https:\/\/yoast.com\/product\/yoast-seo-wordpress\/ -->\n<title>Lehrlingsausbildung der Handwerkskammer Mittelfranken: bauschadensfreie Luftdichtung mit pro clima &#187; pro clima Blog - Deutschland<\/title>\n<meta name=\"robots\" content=\"index, follow, max-snippet:-1, max-image-preview:large, max-video-preview:-1\" \/>\n<link rel=\"canonical\" href=\"https:\/\/blog.proclima.com\/de\/2012\/02\/ausbildung-mit-pro-clima\/\" \/>\n<meta property=\"og:locale\" content=\"de_DE\" \/>\n<meta property=\"og:type\" content=\"article\" \/>\n<meta property=\"og:title\" content=\"Lehrlingsausbildung der Handwerkskammer Mittelfranken: bauschadensfreie Luftdichtung mit pro clima &#187; pro clima Blog - Deutschland\" \/>\n<meta property=\"og:description\" content=\"Schimmel und Bausch\u00e4den verhindern und f\u00fcr ein gutes Raumklima sorgen: Dass daf\u00fcr die Luftdichtung besonders wichtig ist, das lernen heutzutage angehende Zimmerleute in ihren Betrieben ...\" \/>\n<meta property=\"og:url\" content=\"https:\/\/blog.proclima.com\/de\/2012\/02\/ausbildung-mit-pro-clima\/\" \/>\n<meta property=\"og:site_name\" content=\"pro clima Blog - Deutschland\" \/>\n<meta property=\"article:publisher\" content=\"https:\/\/www.facebook.com\/proclima\" \/>\n<meta property=\"article:published_time\" content=\"2012-02-28T10:01:23+00:00\" \/>\n<meta property=\"article:modified_time\" content=\"2012-02-28T10:01:24+00:00\" \/>\n<meta property=\"og:image\" content=\"https:\/\/blog.proclima.com\/de\/files\/2012\/02\/IMGP0106-150x150.jpg\" \/>\n<meta name=\"author\" content=\"Heide Merkel\" \/>\n<meta name=\"twitter:card\" content=\"summary_large_image\" \/>\n<meta name=\"twitter:creator\" content=\"@proclimaDE\" \/>\n<meta name=\"twitter:site\" content=\"@proclimaDE\" \/>\n<meta name=\"twitter:label1\" content=\"Verfasst von\" \/>\n\t<meta name=\"twitter:data1\" content=\"Heide Merkel\" \/>\n\t<meta name=\"twitter:label2\" content=\"Gesch\u00e4tzte Lesezeit\" \/>\n\t<meta name=\"twitter:data2\" content=\"1\u00a0Minute\" \/>\n<script type=\"application\/ld+json\" class=\"yoast-schema-graph\">{\"@context\":\"https:\\\/\\\/schema.org\",\"@graph\":[{\"@type\":\"Article\",\"@id\":\"https:\\\/\\\/blog.proclima.com\\\/de\\\/2012\\\/02\\\/ausbildung-mit-pro-clima\\\/#article\",\"isPartOf\":{\"@id\":\"https:\\\/\\\/blog.proclima.com\\\/de\\\/2012\\\/02\\\/ausbildung-mit-pro-clima\\\/\"},\"author\":{\"name\":\"Heide Merkel\",\"@id\":\"https:\\\/\\\/blog.proclima.com\\\/de\\\/#\\\/schema\\\/person\\\/b3490e20200d5d45b8d56f555ceffc21\"},\"headline\":\"Lehrlingsausbildung der Handwerkskammer Mittelfranken: bauschadensfreie Luftdichtung mit pro clima\",\"datePublished\":\"2012-02-28T10:01:23+00:00\",\"dateModified\":\"2012-02-28T10:01:24+00:00\",\"mainEntityOfPage\":{\"@id\":\"https:\\\/\\\/blog.proclima.com\\\/de\\\/2012\\\/02\\\/ausbildung-mit-pro-clima\\\/\"},\"wordCount\":284,\"commentCount\":0,\"publisher\":{\"@id\":\"https:\\\/\\\/blog.proclima.com\\\/de\\\/#organization\"},\"image\":{\"@id\":\"https:\\\/\\\/blog.proclima.com\\\/de\\\/2012\\\/02\\\/ausbildung-mit-pro-clima\\\/#primaryimage\"},\"thumbnailUrl\":\"https:\\\/\\\/blog.proclima.com\\\/de\\\/files\\\/2012\\\/02\\\/IMGP0106-300x225.jpg\",\"keywords\":[\"Ausbildung\",\"Josef Pfaller\",\"Zimmerer\"],\"articleSection\":[\"pro clima\",\"Veranstaltung\"],\"inLanguage\":\"de\",\"potentialAction\":[{\"@type\":\"CommentAction\",\"name\":\"Comment\",\"target\":[\"https:\\\/\\\/blog.proclima.com\\\/de\\\/2012\\\/02\\\/ausbildung-mit-pro-clima\\\/#respond\"]}]},{\"@type\":\"WebPage\",\"@id\":\"https:\\\/\\\/blog.proclima.com\\\/de\\\/2012\\\/02\\\/ausbildung-mit-pro-clima\\\/\",\"url\":\"https:\\\/\\\/blog.proclima.com\\\/de\\\/2012\\\/02\\\/ausbildung-mit-pro-clima\\\/\",\"name\":\"Lehrlingsausbildung der Handwerkskammer Mittelfranken: bauschadensfreie Luftdichtung mit pro clima &#187; pro clima Blog - Deutschland\",\"isPartOf\":{\"@id\":\"https:\\\/\\\/blog.proclima.com\\\/de\\\/#website\"},\"primaryImageOfPage\":{\"@id\":\"https:\\\/\\\/blog.proclima.com\\\/de\\\/2012\\\/02\\\/ausbildung-mit-pro-clima\\\/#primaryimage\"},\"image\":{\"@id\":\"https:\\\/\\\/blog.proclima.com\\\/de\\\/2012\\\/02\\\/ausbildung-mit-pro-clima\\\/#primaryimage\"},\"thumbnailUrl\":\"https:\\\/\\\/blog.proclima.com\\\/de\\\/files\\\/2012\\\/02\\\/IMGP0106-300x225.jpg\",\"datePublished\":\"2012-02-28T10:01:23+00:00\",\"dateModified\":\"2012-02-28T10:01:24+00:00\",\"breadcrumb\":{\"@id\":\"https:\\\/\\\/blog.proclima.com\\\/de\\\/2012\\\/02\\\/ausbildung-mit-pro-clima\\\/#breadcrumb\"},\"inLanguage\":\"de\",\"potentialAction\":[{\"@type\":\"ReadAction\",\"target\":[\"https:\\\/\\\/blog.proclima.com\\\/de\\\/2012\\\/02\\\/ausbildung-mit-pro-clima\\\/\"]}]},{\"@type\":\"ImageObject\",\"inLanguage\":\"de\",\"@id\":\"https:\\\/\\\/blog.proclima.com\\\/de\\\/2012\\\/02\\\/ausbildung-mit-pro-clima\\\/#primaryimage\",\"url\":\"https:\\\/\\\/blog.proclima.com\\\/de\\\/files\\\/2012\\\/02\\\/IMGP0106.jpg\",\"contentUrl\":\"https:\\\/\\\/blog.proclima.com\\\/de\\\/files\\\/2012\\\/02\\\/IMGP0106.jpg\",\"width\":640,\"height\":481},{\"@type\":\"BreadcrumbList\",\"@id\":\"https:\\\/\\\/blog.proclima.com\\\/de\\\/2012\\\/02\\\/ausbildung-mit-pro-clima\\\/#breadcrumb\",\"itemListElement\":[{\"@type\":\"ListItem\",\"position\":1,\"name\":\"Startseite\",\"item\":\"https:\\\/\\\/blog.proclima.com\\\/de\\\/\"},{\"@type\":\"ListItem\",\"position\":2,\"name\":\"Lehrlingsausbildung der Handwerkskammer Mittelfranken: bauschadensfreie Luftdichtung mit pro clima\"}]},{\"@type\":\"WebSite\",\"@id\":\"https:\\\/\\\/blog.proclima.com\\\/de\\\/#website\",\"url\":\"https:\\\/\\\/blog.proclima.com\\\/de\\\/\",\"name\":\"pro clima Blog - Deutschland\",\"description\":\"alles was pro clima bewegt\",\"publisher\":{\"@id\":\"https:\\\/\\\/blog.proclima.com\\\/de\\\/#organization\"},\"potentialAction\":[{\"@type\":\"SearchAction\",\"target\":{\"@type\":\"EntryPoint\",\"urlTemplate\":\"https:\\\/\\\/blog.proclima.com\\\/de\\\/?s={search_term_string}\"},\"query-input\":{\"@type\":\"PropertyValueSpecification\",\"valueRequired\":true,\"valueName\":\"search_term_string\"}}],\"inLanguage\":\"de\"},{\"@type\":\"Organization\",\"@id\":\"https:\\\/\\\/blog.proclima.com\\\/de\\\/#organization\",\"name\":\"pro clima - Moll bau\u00f6kologische Produkte GmbH\",\"url\":\"https:\\\/\\\/blog.proclima.com\\\/de\\\/\",\"logo\":{\"@type\":\"ImageObject\",\"inLanguage\":\"de\",\"@id\":\"https:\\\/\\\/blog.proclima.com\\\/de\\\/#\\\/schema\\\/logo\\\/image\\\/\",\"url\":\"https:\\\/\\\/blog.proclima.com\\\/de\\\/files\\\/2020\\\/04\\\/Logo-pro-clima.png\",\"contentUrl\":\"https:\\\/\\\/blog.proclima.com\\\/de\\\/files\\\/2020\\\/04\\\/Logo-pro-clima.png\",\"width\":4210,\"height\":4881,\"caption\":\"pro clima - Moll bau\u00f6kologische Produkte GmbH\"},\"image\":{\"@id\":\"https:\\\/\\\/blog.proclima.com\\\/de\\\/#\\\/schema\\\/logo\\\/image\\\/\"},\"sameAs\":[\"https:\\\/\\\/www.facebook.com\\\/proclima\",\"https:\\\/\\\/x.com\\\/proclimaDE\"]},{\"@type\":\"Person\",\"@id\":\"https:\\\/\\\/blog.proclima.com\\\/de\\\/#\\\/schema\\\/person\\\/b3490e20200d5d45b8d56f555ceffc21\",\"name\":\"Heide Merkel\",\"description\":\"Fachjournalistin, Referentin, Steuerung Presse &amp; Digitale Medien bei Moll bau\u00f6kologische Produkte GmbH (pro clima). Als Japanologin und ausgebildete Redakteurin ist Heide eher zuf\u00e4llig in der Baubranche gelandet. Seit 2011 arbeitet sie f\u00fcr pro clima. Ihr Wissen zu effektiver Kommunikation gibt sie in Seminaren, Artikeln und Vortr\u00e4gen weiter. F\u00fcr den pro clima Blog, proclima.tv und das pro clima Bauradio interviewt sie interessante Menschen aus der Baubranche. Auf\u00a0 luftdichtheit-gepr\u00fcft.de bloggt Heide \u00fcber Leckagen, Luftdichtung und Qualit\u00e4ts\u00fcberpr\u00fcfung mit Blower-Door-Tests. Ihre Freizeit verbringt sie u.a. in den Vogesen, wo sie seit mehr als f\u00fcnf Jahren ein altes Bauernhaus saniert. Ihr neuestes Projekt:\u00a0 www.besser-als-marketing.de Hier gibt es Tipps, wie Unternehmen in der Baubranche ihre Sichtbarkeit erh\u00f6hen k\u00f6nnen. Die ersten Videos sind bereits online im Youtube Channel Wer mehr \u00fcber Heide Merkel erfahren m\u00f6chte, findet sie auf den g\u00e4ngigen Social Media Plattformen.\",\"url\":\"https:\\\/\\\/blog.proclima.com\\\/de\\\/author\\\/gentner\\\/\"}]}<\/script>\n<!-- \/ Yoast SEO plugin. -->","yoast_head_json":{"title":"Lehrlingsausbildung der Handwerkskammer Mittelfranken: bauschadensfreie Luftdichtung mit pro clima &#187; pro clima Blog - Deutschland","robots":{"index":"index","follow":"follow","max-snippet":"max-snippet:-1","max-image-preview":"max-image-preview:large","max-video-preview":"max-video-preview:-1"},"canonical":"https:\/\/blog.proclima.com\/de\/2012\/02\/ausbildung-mit-pro-clima\/","og_locale":"de_DE","og_type":"article","og_title":"Lehrlingsausbildung der Handwerkskammer Mittelfranken: bauschadensfreie Luftdichtung mit pro clima &#187; pro clima Blog - Deutschland","og_description":"Schimmel und Bausch\u00e4den verhindern und f\u00fcr ein gutes Raumklima sorgen: Dass daf\u00fcr die Luftdichtung besonders wichtig ist, das lernen heutzutage angehende Zimmerleute in ihren Betrieben ...","og_url":"https:\/\/blog.proclima.com\/de\/2012\/02\/ausbildung-mit-pro-clima\/","og_site_name":"pro clima Blog - Deutschland","article_publisher":"https:\/\/www.facebook.com\/proclima","article_published_time":"2012-02-28T10:01:23+00:00","article_modified_time":"2012-02-28T10:01:24+00:00","og_image":[{"url":"https:\/\/blog.proclima.com\/de\/files\/2012\/02\/IMGP0106-150x150.jpg","type":"","width":"","height":""}],"author":"Heide Merkel","twitter_card":"summary_large_image","twitter_creator":"@proclimaDE","twitter_site":"@proclimaDE","twitter_misc":{"Verfasst von":"Heide Merkel","Gesch\u00e4tzte Lesezeit":"1\u00a0Minute"},"schema":{"@context":"https:\/\/schema.org","@graph":[{"@type":"Article","@id":"https:\/\/blog.proclima.com\/de\/2012\/02\/ausbildung-mit-pro-clima\/#article","isPartOf":{"@id":"https:\/\/blog.proclima.com\/de\/2012\/02\/ausbildung-mit-pro-clima\/"},"author":{"name":"Heide Merkel","@id":"https:\/\/blog.proclima.com\/de\/#\/schema\/person\/b3490e20200d5d45b8d56f555ceffc21"},"headline":"Lehrlingsausbildung der Handwerkskammer Mittelfranken: bauschadensfreie Luftdichtung mit pro clima","datePublished":"2012-02-28T10:01:23+00:00","dateModified":"2012-02-28T10:01:24+00:00","mainEntityOfPage":{"@id":"https:\/\/blog.proclima.com\/de\/2012\/02\/ausbildung-mit-pro-clima\/"},"wordCount":284,"commentCount":0,"publisher":{"@id":"https:\/\/blog.proclima.com\/de\/#organization"},"image":{"@id":"https:\/\/blog.proclima.com\/de\/2012\/02\/ausbildung-mit-pro-clima\/#primaryimage"},"thumbnailUrl":"https:\/\/blog.proclima.com\/de\/files\/2012\/02\/IMGP0106-300x225.jpg","keywords":["Ausbildung","Josef Pfaller","Zimmerer"],"articleSection":["pro clima","Veranstaltung"],"inLanguage":"de","potentialAction":[{"@type":"CommentAction","name":"Comment","target":["https:\/\/blog.proclima.com\/de\/2012\/02\/ausbildung-mit-pro-clima\/#respond"]}]},{"@type":"WebPage","@id":"https:\/\/blog.proclima.com\/de\/2012\/02\/ausbildung-mit-pro-clima\/","url":"https:\/\/blog.proclima.com\/de\/2012\/02\/ausbildung-mit-pro-clima\/","name":"Lehrlingsausbildung der Handwerkskammer Mittelfranken: bauschadensfreie Luftdichtung mit pro clima &#187; pro clima Blog - Deutschland","isPartOf":{"@id":"https:\/\/blog.proclima.com\/de\/#website"},"primaryImageOfPage":{"@id":"https:\/\/blog.proclima.com\/de\/2012\/02\/ausbildung-mit-pro-clima\/#primaryimage"},"image":{"@id":"https:\/\/blog.proclima.com\/de\/2012\/02\/ausbildung-mit-pro-clima\/#primaryimage"},"thumbnailUrl":"https:\/\/blog.proclima.com\/de\/files\/2012\/02\/IMGP0106-300x225.jpg","datePublished":"2012-02-28T10:01:23+00:00","dateModified":"2012-02-28T10:01:24+00:00","breadcrumb":{"@id":"https:\/\/blog.proclima.com\/de\/2012\/02\/ausbildung-mit-pro-clima\/#breadcrumb"},"inLanguage":"de","potentialAction":[{"@type":"ReadAction","target":["https:\/\/blog.proclima.com\/de\/2012\/02\/ausbildung-mit-pro-clima\/"]}]},{"@type":"ImageObject","inLanguage":"de","@id":"https:\/\/blog.proclima.com\/de\/2012\/02\/ausbildung-mit-pro-clima\/#primaryimage","url":"https:\/\/blog.proclima.com\/de\/files\/2012\/02\/IMGP0106.jpg","contentUrl":"https:\/\/blog.proclima.com\/de\/files\/2012\/02\/IMGP0106.jpg","width":640,"height":481},{"@type":"BreadcrumbList","@id":"https:\/\/blog.proclima.com\/de\/2012\/02\/ausbildung-mit-pro-clima\/#breadcrumb","itemListElement":[{"@type":"ListItem","position":1,"name":"Startseite","item":"https:\/\/blog.proclima.com\/de\/"},{"@type":"ListItem","position":2,"name":"Lehrlingsausbildung der Handwerkskammer Mittelfranken: bauschadensfreie Luftdichtung mit pro clima"}]},{"@type":"WebSite","@id":"https:\/\/blog.proclima.com\/de\/#website","url":"https:\/\/blog.proclima.com\/de\/","name":"pro clima Blog - Deutschland","description":"alles was pro clima bewegt","publisher":{"@id":"https:\/\/blog.proclima.com\/de\/#organization"},"potentialAction":[{"@type":"SearchAction","target":{"@type":"EntryPoint","urlTemplate":"https:\/\/blog.proclima.com\/de\/?s={search_term_string}"},"query-input":{"@type":"PropertyValueSpecification","valueRequired":true,"valueName":"search_term_string"}}],"inLanguage":"de"},{"@type":"Organization","@id":"https:\/\/blog.proclima.com\/de\/#organization","name":"pro clima - Moll bau\u00f6kologische Produkte GmbH","url":"https:\/\/blog.proclima.com\/de\/","logo":{"@type":"ImageObject","inLanguage":"de","@id":"https:\/\/blog.proclima.com\/de\/#\/schema\/logo\/image\/","url":"https:\/\/blog.proclima.com\/de\/files\/2020\/04\/Logo-pro-clima.png","contentUrl":"https:\/\/blog.proclima.com\/de\/files\/2020\/04\/Logo-pro-clima.png","width":4210,"height":4881,"caption":"pro clima - Moll bau\u00f6kologische Produkte GmbH"},"image":{"@id":"https:\/\/blog.proclima.com\/de\/#\/schema\/logo\/image\/"},"sameAs":["https:\/\/www.facebook.com\/proclima","https:\/\/x.com\/proclimaDE"]},{"@type":"Person","@id":"https:\/\/blog.proclima.com\/de\/#\/schema\/person\/b3490e20200d5d45b8d56f555ceffc21","name":"Heide Merkel","description":"Fachjournalistin, Referentin, Steuerung Presse &amp; Digitale Medien bei Moll bau\u00f6kologische Produkte GmbH (pro clima). Als Japanologin und ausgebildete Redakteurin ist Heide eher zuf\u00e4llig in der Baubranche gelandet. Seit 2011 arbeitet sie f\u00fcr pro clima. Ihr Wissen zu effektiver Kommunikation gibt sie in Seminaren, Artikeln und Vortr\u00e4gen weiter. F\u00fcr den pro clima Blog, proclima.tv und das pro clima Bauradio interviewt sie interessante Menschen aus der Baubranche. Auf\u00a0 luftdichtheit-gepr\u00fcft.de bloggt Heide \u00fcber Leckagen, Luftdichtung und Qualit\u00e4ts\u00fcberpr\u00fcfung mit Blower-Door-Tests. Ihre Freizeit verbringt sie u.a. in den Vogesen, wo sie seit mehr als f\u00fcnf Jahren ein altes Bauernhaus saniert. Ihr neuestes Projekt:\u00a0 www.besser-als-marketing.de Hier gibt es Tipps, wie Unternehmen in der Baubranche ihre Sichtbarkeit erh\u00f6hen k\u00f6nnen. Die ersten Videos sind bereits online im Youtube Channel Wer mehr \u00fcber Heide Merkel erfahren m\u00f6chte, findet sie auf den g\u00e4ngigen Social Media Plattformen.","url":"https:\/\/blog.proclima.com\/de\/author\/gentner\/"}]}},"canto_acf_fields":"","_links":{"self":[{"href":"https:\/\/blog.proclima.com\/de\/wp-json\/wp\/v2\/posts\/811","targetHints":{"allow":["GET"]}}],"collection":[{"href":"https:\/\/blog.proclima.com\/de\/wp-json\/wp\/v2\/posts"}],"about":[{"href":"https:\/\/blog.proclima.com\/de\/wp-json\/wp\/v2\/types\/post"}],"author":[{"embeddable":true,"href":"https:\/\/blog.proclima.com\/de\/wp-json\/wp\/v2\/users\/18"}],"replies":[{"embeddable":true,"href":"https:\/\/blog.proclima.com\/de\/wp-json\/wp\/v2\/comments?post=811"}],"version-history":[{"count":15,"href":"https:\/\/blog.proclima.com\/de\/wp-json\/wp\/v2\/posts\/811\/revisions"}],"predecessor-version":[{"id":859,"href":"https:\/\/blog.proclima.com\/de\/wp-json\/wp\/v2\/posts\/811\/revisions\/859"}],"wp:attachment":[{"href":"https:\/\/blog.proclima.com\/de\/wp-json\/wp\/v2\/media?parent=811"}],"wp:term":[{"taxonomy":"category","embeddable":true,"href":"https:\/\/blog.proclima.com\/de\/wp-json\/wp\/v2\/categories?post=811"},{"taxonomy":"post_tag","embeddable":true,"href":"https:\/\/blog.proclima.com\/de\/wp-json\/wp\/v2\/tags?post=811"}],"curies":[{"name":"wp","href":"https:\/\/api.w.org\/{rel}","templated":true}]}}