
{"id":8069,"date":"2019-05-14T08:46:40","date_gmt":"2019-05-14T06:46:40","guid":{"rendered":"http:\/\/blog.proclima.com\/de\/?p=8069"},"modified":"2019-05-15T08:07:41","modified_gmt":"2019-05-15T06:07:41","slug":"fachkonferenz-my-future-office-shi","status":"publish","type":"post","link":"https:\/\/blog.proclima.com\/de\/2019\/05\/fachkonferenz-my-future-office-shi\/","title":{"rendered":"Fachkonferenz MY FUTURE OFFICE \u2013 Ges\u00fcndere B\u00fcrogeb\u00e4ude sicher planen und bauen"},"content":{"rendered":"<p><em>\u201eMotivierter und rentabler arbeiten in ges\u00fcnderen B\u00fcros\u201c lautet das Motto der Fachkonferenz am 21.11.2019 in Berlin, die die Ergebnisse des Forschungsprojektes MY FUTURE OFFICE pr\u00e4sentiert.<\/em><\/p>\n<p><img loading=\"lazy\" decoding=\"async\" data-size=\"1181x760\" class=\"alignnone wp-image-8072 size-large\" src=\"https:\/\/blog.proclima.com\/de\/files\/2019\/05\/konferenz-my-future-office-1024x659.jpg\" alt=\"\" width=\"584\" height=\"376\" srcset=\"https:\/\/blog.proclima.com\/de\/files\/2019\/05\/konferenz-my-future-office-1024x659.jpg 1024w, https:\/\/blog.proclima.com\/de\/files\/2019\/05\/konferenz-my-future-office-300x193.jpg 300w, https:\/\/blog.proclima.com\/de\/files\/2019\/05\/konferenz-my-future-office-768x494.jpg 768w, https:\/\/blog.proclima.com\/de\/files\/2019\/05\/konferenz-my-future-office-384x247.jpg 384w, https:\/\/blog.proclima.com\/de\/files\/2019\/05\/konferenz-my-future-office.jpg 1181w\" sizes=\"auto, (max-width: 584px) 100vw, 584px\" \/><\/p>\n<p>Gepr\u00fcft ges\u00fcndere Baustoffe und B\u00fcroausstattungen wurden hier einem einzigartigen Testprogramm unterzogen. Bauverantwortliche privater und \u00f6ffentlicher Investoren, Architekten, Gutachter und Fachplaner erhalten auf der Tagesveranstaltung zudem aktuelle Informationen zu den gesundheitlichen Risiken, zur versch\u00e4rften Haftungssituation nach dem neuen Bauordnungsrecht und zu den Aktivit\u00e4ten des Umweltbundesamtes, der f\u00fcr die Innenraumhygiene zust\u00e4ndigen obersten Bundesbeh\u00f6rde.<!--more--><\/p>\n<p>Breiten Raum nimmt die Integration der Forschungsergebnisse in reale Bauprojekte ein, die aus Sicht der Architekten sowie der Investoren beleuchtet wird. Eine begleitende Fachausstellung und eine Abschlussdiskussion bieten Gelegenheit zum Informationsaustausch und Networking. Fortbildungspunkte bei den Architektenkammern sind beantragt.<\/p>\n<p>Getragen wird MY FUTURE OFFICE von f\u00fchrenden Herstellern von Bauprodukten und Raumausstattungen, die Koordination liegt beim Sentinel Haus Institut. Informationen zur Initiative sowie ab Ende Juni 2019 das komplette Programm unter <a href=\"https:\/\/my-future-office.de\/de\/fachkonferenz\">www.my-future-office.de.<\/a><\/p>\n<h1>SAVE THE DATE!<\/h1>\n<p><strong>Fachkonferenz MY FUTURE OFFICE<\/strong><br \/>\nDonnerstag 21. November 2019\u202810.00 \u2013 17.00 Uhr<br \/>\nHOTEL RIU PLAZA BERLIN<br \/>\nMartin-Luther-Stra\u03b2e 1\u202810777 Berlin<br \/>\nTagungsbeitrag 90 Euro (zzgl. MwSt)<br \/>\nProgramm (ab Ende Juni) und Anmeldung <a href=\"https:\/\/my-future-office.de\/de\/fachkonferenz\">https:\/\/my-future-office.de\/de\/fachkonferenz<\/a>\u00a0 oder <a href=\"mailto:info@sentinel-haus.eu\">info@sentinel-haus.eu<\/a><\/p>\n<blockquote>\n<h2>Information: Initiative f\u00fcr leistungsf\u00f6rdernde und rentable B\u00fcroimmobilien<\/h2>\n<p>MY FUTURE OFFICE ist eine Initiative von 18 Herstellern, Planungsb\u00fcros sowie Experten f\u00fcr ges\u00fcndere und nachhaltige Geb\u00e4ude. Ziel ist die Entwicklung von L\u00f6sungen und Standards f\u00fcr ges\u00fcndere, leistungsf\u00f6rdernde und rentable B\u00fcrogeb\u00e4ude. Diese sollen alle relevanten Gesundheits- und Nachhaltigkeitsaspekte vereinen. Neben gesundheitlich gepr\u00fcften Bau- und Ausstattungsprodukten sind dies unter anderem eine leistungsf\u00f6rdernde Tages- und Kunstlichtversorgung, optimale Akustik und eine ges\u00fcndere L\u00fcftung. Auch die Ausstattung und eine flexibel nutzbare Raumorganisation spielen eine wichtige Rolle. Erfahrene Akteure aus Architektur, Immobilienwirtschaft, Instituten und Baustoffindustrie unterst\u00fctzen das Vorhaben aktiv als Beir\u00e4te. Koordiniert wird das Projekt vom Sentinel Haus Institut in Freiburg. <a href=\"https:\/\/www.my-future-office.de\">www.my-future-office.de<\/a><\/p>\n<p>&nbsp;<\/p><\/blockquote>\n<h2>Weitere Informationen:<\/h2>\n<p><strong>pro clima engagiert sich f\u00fcr ges\u00fcndere Geb\u00e4ude:<\/strong><br \/>\n<a href=\"https:\/\/de.proclima.com\/kompetenz\/wirkung\/gesuendere-gebaeude\">https:\/\/de.proclima.com\/kompetenz\/wirkung\/gesuendere-gebaeude<\/a><\/p>\n<p><strong>Interview mit Uwe Bartholom\u00e4i:<br \/>\n<\/strong><iframe loading=\"lazy\"  id=\"_ytid_72973\" width=\"1170\" height=\"658\" src=\"https:\/\/www.youtube-nocookie.com\/embed\/OUrv9EWpXPc?enablejsapi=1&autoplay=0&cc_load_policy=0&iv_load_policy=1&loop=0&modestbranding=1&rel=0&showinfo=0&fs=1&playsinline=1&controls=2&autohide=2&theme=light&color=red&hl=de_DE&\" class=\"__youtube_prefs__\" title=\"YouTube player\"  allowfullscreen data-no-lazy=\"1\" data-skipgform_ajax_framebjll=\"\"><\/iframe><\/p>\n<p><strong>Interview zum EuGH- Urteil mit Peter Bachmann:<\/strong><br \/>\n<iframe loading=\"lazy\"  id=\"_ytid_74036\" width=\"1170\" height=\"658\" src=\"https:\/\/www.youtube-nocookie.com\/embed\/jNw1IeT6g1E?enablejsapi=1&autoplay=0&cc_load_policy=0&iv_load_policy=1&loop=0&modestbranding=1&rel=0&showinfo=0&fs=1&playsinline=1&controls=2&autohide=2&theme=light&color=red&hl=de_DE&\" class=\"__youtube_prefs__\" title=\"YouTube player\"  allowfullscreen data-no-lazy=\"1\" data-skipgform_ajax_framebjll=\"\"><\/iframe><\/p>\n<p><strong>Vortrag von Peter Bachmann auf der pro clima Baufachkonferenz:<\/strong><br \/>\n<iframe loading=\"lazy\"  id=\"_ytid_65656\" width=\"1170\" height=\"658\" src=\"https:\/\/www.youtube-nocookie.com\/embed\/xF0GCNDDyF8?enablejsapi=1&autoplay=0&cc_load_policy=0&iv_load_policy=1&loop=0&modestbranding=1&rel=0&showinfo=0&fs=1&playsinline=1&controls=2&autohide=2&theme=light&color=red&hl=de_DE&\" class=\"__youtube_prefs__\" title=\"YouTube player\"  allowfullscreen data-no-lazy=\"1\" data-skipgform_ajax_framebjll=\"\"><\/iframe><\/p>\n","protected":false},"excerpt":{"rendered":"<p>\u201eMotivierter und rentabler arbeiten in ges\u00fcnderen B\u00fcros\u201c lautet das Motto der Fachkonferenz am 21.11.2019 in Berlin, die die Ergebnisse des Forschungsprojektes MY FUTURE OFFICE pr\u00e4sentiert. <a href=\"https:\/\/blog.proclima.com\/de\/2019\/05\/fachkonferenz-my-future-office-shi\/\" rel=\"bookmark\">&#8230;<\/a><\/p>\n","protected":false},"author":40,"featured_media":7816,"comment_status":"open","ping_status":"open","sticky":false,"template":"","format":"standard","meta":{"footnotes":""},"categories":[136],"tags":[1466,1464,1467,1379,1380,1313,1465,1344,1463,1378,1468,143,471],"class_list":["post-8069","post","type-post","status-publish","format-standard","has-post-thumbnail","hentry","category-pressemitteilung","tag-arbeitsplatz","tag-baustoffe","tag-buerogebaeude","tag-bueros","tag-forschung","tag-gesuenderes-bauen","tag-gesundheit","tag-innenraumluft","tag-konferenz","tag-my-future-office","tag-pressemeldung-shi","tag-sentinel-haus-institut","tag-shi"],"yoast_head":"<!-- This site is optimized with the Yoast SEO plugin v27.5 - https:\/\/yoast.com\/product\/yoast-seo-wordpress\/ -->\n<title>Fachkonferenz MY FUTURE OFFICE \u2013 Ges\u00fcndere B\u00fcrogeb\u00e4ude sicher planen und bauen<\/title>\n<meta name=\"description\" content=\"Fachkonferenz am 21.11.2019 in Berlin, Pr\u00e4sentation der Ergebnisse des Forschungsprojektes MY FUTURE OFFICE f\u00fcr ges\u00fcndere, leistungsf\u00f6rdernde und rentable B\u00fcrogeb\u00e4ude.\" \/>\n<meta name=\"robots\" content=\"index, follow, max-snippet:-1, max-image-preview:large, max-video-preview:-1\" \/>\n<link rel=\"canonical\" href=\"https:\/\/blog.proclima.com\/de\/2019\/05\/fachkonferenz-my-future-office-shi\/\" \/>\n<meta property=\"og:locale\" content=\"de_DE\" \/>\n<meta property=\"og:type\" content=\"article\" \/>\n<meta property=\"og:title\" content=\"Fachkonferenz MY FUTURE OFFICE \u2013 Ges\u00fcndere B\u00fcrogeb\u00e4ude sicher planen und bauen\" \/>\n<meta property=\"og:description\" content=\"Fachkonferenz am 21.11.2019 in Berlin, Pr\u00e4sentation der Ergebnisse des Forschungsprojektes MY FUTURE OFFICE f\u00fcr ges\u00fcndere, leistungsf\u00f6rdernde und rentable B\u00fcrogeb\u00e4ude.\" \/>\n<meta property=\"og:url\" content=\"https:\/\/blog.proclima.com\/de\/2019\/05\/fachkonferenz-my-future-office-shi\/\" \/>\n<meta property=\"og:site_name\" content=\"pro clima Blog - Deutschland\" \/>\n<meta property=\"article:publisher\" content=\"https:\/\/www.facebook.com\/proclima\" \/>\n<meta property=\"article:published_time\" content=\"2019-05-14T06:46:40+00:00\" \/>\n<meta property=\"article:modified_time\" content=\"2019-05-15T06:07:41+00:00\" \/>\n<meta property=\"og:image\" content=\"https:\/\/blog.proclima.com\/de\/files\/2018\/09\/mszy_pc_mitarbeiter_portraits_138-scaled.jpg\" \/>\n\t<meta property=\"og:image:width\" content=\"2560\" \/>\n\t<meta property=\"og:image:height\" content=\"1708\" \/>\n\t<meta property=\"og:image:type\" content=\"image\/jpeg\" \/>\n<meta name=\"author\" content=\"Nils Braune\" \/>\n<meta name=\"twitter:card\" content=\"summary_large_image\" \/>\n<meta name=\"twitter:creator\" content=\"@proclimaDE\" \/>\n<meta name=\"twitter:site\" content=\"@proclimaDE\" \/>\n<meta name=\"twitter:label1\" content=\"Verfasst von\" \/>\n\t<meta name=\"twitter:data1\" content=\"Nils Braune\" \/>\n\t<meta name=\"twitter:label2\" content=\"Gesch\u00e4tzte Lesezeit\" \/>\n\t<meta name=\"twitter:data2\" content=\"2\u00a0Minuten\" \/>\n<script type=\"application\/ld+json\" class=\"yoast-schema-graph\">{\"@context\":\"https:\\\/\\\/schema.org\",\"@graph\":[{\"@type\":\"Article\",\"@id\":\"https:\\\/\\\/blog.proclima.com\\\/de\\\/2019\\\/05\\\/fachkonferenz-my-future-office-shi\\\/#article\",\"isPartOf\":{\"@id\":\"https:\\\/\\\/blog.proclima.com\\\/de\\\/2019\\\/05\\\/fachkonferenz-my-future-office-shi\\\/\"},\"author\":{\"name\":\"Nils Braune\",\"@id\":\"https:\\\/\\\/blog.proclima.com\\\/de\\\/#\\\/schema\\\/person\\\/867d432d923c4986caa239ecb77d23c4\"},\"headline\":\"Fachkonferenz MY FUTURE OFFICE \u2013 Ges\u00fcndere B\u00fcrogeb\u00e4ude sicher planen und bauen\",\"datePublished\":\"2019-05-14T06:46:40+00:00\",\"dateModified\":\"2019-05-15T06:07:41+00:00\",\"mainEntityOfPage\":{\"@id\":\"https:\\\/\\\/blog.proclima.com\\\/de\\\/2019\\\/05\\\/fachkonferenz-my-future-office-shi\\\/\"},\"wordCount\":405,\"commentCount\":0,\"publisher\":{\"@id\":\"https:\\\/\\\/blog.proclima.com\\\/de\\\/#organization\"},\"image\":{\"@id\":\"https:\\\/\\\/blog.proclima.com\\\/de\\\/2019\\\/05\\\/fachkonferenz-my-future-office-shi\\\/#primaryimage\"},\"thumbnailUrl\":\"https:\\\/\\\/blog.proclima.com\\\/de\\\/files\\\/2018\\\/09\\\/mszy_pc_mitarbeiter_portraits_138-scaled.jpg\",\"keywords\":[\"Arbeitsplatz\",\"Baustoffe\",\"B\u00fcrogeb\u00e4ude\",\"B\u00fcros\",\"Forschung\",\"ges\u00fcnderes Bauen\",\"Gesundheit\",\"Innenraumluft\",\"Konferenz\",\"My future office\",\"Pressemeldung SHI\",\"Sentinel-Haus Institut\",\"SHI\"],\"articleSection\":[\"Pressemitteilungen\"],\"inLanguage\":\"de\",\"potentialAction\":[{\"@type\":\"CommentAction\",\"name\":\"Comment\",\"target\":[\"https:\\\/\\\/blog.proclima.com\\\/de\\\/2019\\\/05\\\/fachkonferenz-my-future-office-shi\\\/#respond\"]}]},{\"@type\":\"WebPage\",\"@id\":\"https:\\\/\\\/blog.proclima.com\\\/de\\\/2019\\\/05\\\/fachkonferenz-my-future-office-shi\\\/\",\"url\":\"https:\\\/\\\/blog.proclima.com\\\/de\\\/2019\\\/05\\\/fachkonferenz-my-future-office-shi\\\/\",\"name\":\"Fachkonferenz MY FUTURE OFFICE \u2013 Ges\u00fcndere B\u00fcrogeb\u00e4ude sicher planen und bauen\",\"isPartOf\":{\"@id\":\"https:\\\/\\\/blog.proclima.com\\\/de\\\/#website\"},\"primaryImageOfPage\":{\"@id\":\"https:\\\/\\\/blog.proclima.com\\\/de\\\/2019\\\/05\\\/fachkonferenz-my-future-office-shi\\\/#primaryimage\"},\"image\":{\"@id\":\"https:\\\/\\\/blog.proclima.com\\\/de\\\/2019\\\/05\\\/fachkonferenz-my-future-office-shi\\\/#primaryimage\"},\"thumbnailUrl\":\"https:\\\/\\\/blog.proclima.com\\\/de\\\/files\\\/2018\\\/09\\\/mszy_pc_mitarbeiter_portraits_138-scaled.jpg\",\"datePublished\":\"2019-05-14T06:46:40+00:00\",\"dateModified\":\"2019-05-15T06:07:41+00:00\",\"description\":\"Fachkonferenz am 21.11.2019 in Berlin, Pr\u00e4sentation der Ergebnisse des Forschungsprojektes MY FUTURE OFFICE f\u00fcr ges\u00fcndere, leistungsf\u00f6rdernde und rentable B\u00fcrogeb\u00e4ude.\",\"breadcrumb\":{\"@id\":\"https:\\\/\\\/blog.proclima.com\\\/de\\\/2019\\\/05\\\/fachkonferenz-my-future-office-shi\\\/#breadcrumb\"},\"inLanguage\":\"de\",\"potentialAction\":[{\"@type\":\"ReadAction\",\"target\":[\"https:\\\/\\\/blog.proclima.com\\\/de\\\/2019\\\/05\\\/fachkonferenz-my-future-office-shi\\\/\"]}]},{\"@type\":\"ImageObject\",\"inLanguage\":\"de\",\"@id\":\"https:\\\/\\\/blog.proclima.com\\\/de\\\/2019\\\/05\\\/fachkonferenz-my-future-office-shi\\\/#primaryimage\",\"url\":\"https:\\\/\\\/blog.proclima.com\\\/de\\\/files\\\/2018\\\/09\\\/mszy_pc_mitarbeiter_portraits_138-scaled.jpg\",\"contentUrl\":\"https:\\\/\\\/blog.proclima.com\\\/de\\\/files\\\/2018\\\/09\\\/mszy_pc_mitarbeiter_portraits_138-scaled.jpg\",\"width\":2560,\"height\":1708,\"caption\":\"Wirtschaftlich f\u00fcr die Bauherrschaft, gut f\u00fcr die Nutzer: Gesundes Bauen f\u00f6rdert nicht nur das Wohlbefinden, auch die Leistungsf\u00e4higkeit steigt nachweislich.\"},{\"@type\":\"BreadcrumbList\",\"@id\":\"https:\\\/\\\/blog.proclima.com\\\/de\\\/2019\\\/05\\\/fachkonferenz-my-future-office-shi\\\/#breadcrumb\",\"itemListElement\":[{\"@type\":\"ListItem\",\"position\":1,\"name\":\"Startseite\",\"item\":\"https:\\\/\\\/blog.proclima.com\\\/de\\\/\"},{\"@type\":\"ListItem\",\"position\":2,\"name\":\"Fachkonferenz MY FUTURE OFFICE \u2013 Ges\u00fcndere B\u00fcrogeb\u00e4ude sicher planen und bauen\"}]},{\"@type\":\"WebSite\",\"@id\":\"https:\\\/\\\/blog.proclima.com\\\/de\\\/#website\",\"url\":\"https:\\\/\\\/blog.proclima.com\\\/de\\\/\",\"name\":\"pro clima Blog - Deutschland\",\"description\":\"alles was pro clima bewegt\",\"publisher\":{\"@id\":\"https:\\\/\\\/blog.proclima.com\\\/de\\\/#organization\"},\"potentialAction\":[{\"@type\":\"SearchAction\",\"target\":{\"@type\":\"EntryPoint\",\"urlTemplate\":\"https:\\\/\\\/blog.proclima.com\\\/de\\\/?s={search_term_string}\"},\"query-input\":{\"@type\":\"PropertyValueSpecification\",\"valueRequired\":true,\"valueName\":\"search_term_string\"}}],\"inLanguage\":\"de\"},{\"@type\":\"Organization\",\"@id\":\"https:\\\/\\\/blog.proclima.com\\\/de\\\/#organization\",\"name\":\"pro clima - Moll bau\u00f6kologische Produkte GmbH\",\"url\":\"https:\\\/\\\/blog.proclima.com\\\/de\\\/\",\"logo\":{\"@type\":\"ImageObject\",\"inLanguage\":\"de\",\"@id\":\"https:\\\/\\\/blog.proclima.com\\\/de\\\/#\\\/schema\\\/logo\\\/image\\\/\",\"url\":\"https:\\\/\\\/blog.proclima.com\\\/de\\\/files\\\/2020\\\/04\\\/Logo-pro-clima.png\",\"contentUrl\":\"https:\\\/\\\/blog.proclima.com\\\/de\\\/files\\\/2020\\\/04\\\/Logo-pro-clima.png\",\"width\":4210,\"height\":4881,\"caption\":\"pro clima - Moll bau\u00f6kologische Produkte GmbH\"},\"image\":{\"@id\":\"https:\\\/\\\/blog.proclima.com\\\/de\\\/#\\\/schema\\\/logo\\\/image\\\/\"},\"sameAs\":[\"https:\\\/\\\/www.facebook.com\\\/proclima\",\"https:\\\/\\\/x.com\\\/proclimaDE\"]},{\"@type\":\"Person\",\"@id\":\"https:\\\/\\\/blog.proclima.com\\\/de\\\/#\\\/schema\\\/person\\\/867d432d923c4986caa239ecb77d23c4\",\"name\":\"Nils Braune\",\"description\":\"Nils Braune ist Journalist, Kameramann und TV-Redakteur. Teilnehmer*innen der Kombischulungen Dach-Praxis und Schnittstelle Baustelle kennen ihn, weil er dort die Live-\u00dcbertragungen und Aufzeichnungen unterst\u00fctzt. Bei pro clima Online-Seminaren ist er als Kameramann anzutreffen. Zudem supportet er die pro clima Redaktion (Blogs, proclima.tv und Bauradio). Nils Braune is a journalist, cameraman and TV producer. Participants in our combined training course on roofing practice and the interface with building sites will know him as he provides support with live broadcasts and recording. He is also familiar as a cameraman for pro clima online seminars. In addition, he provides support for pro clima\u2019s content editors (blogs, proclima.tv and \u2018Bauradio\u2019).\",\"url\":\"https:\\\/\\\/blog.proclima.com\\\/de\\\/author\\\/proclimaredaktion\\\/\"}]}<\/script>\n<!-- \/ Yoast SEO plugin. -->","yoast_head_json":{"title":"Fachkonferenz MY FUTURE OFFICE \u2013 Ges\u00fcndere B\u00fcrogeb\u00e4ude sicher planen und bauen","description":"Fachkonferenz am 21.11.2019 in Berlin, Pr\u00e4sentation der Ergebnisse des Forschungsprojektes MY FUTURE OFFICE f\u00fcr ges\u00fcndere, leistungsf\u00f6rdernde und rentable B\u00fcrogeb\u00e4ude.","robots":{"index":"index","follow":"follow","max-snippet":"max-snippet:-1","max-image-preview":"max-image-preview:large","max-video-preview":"max-video-preview:-1"},"canonical":"https:\/\/blog.proclima.com\/de\/2019\/05\/fachkonferenz-my-future-office-shi\/","og_locale":"de_DE","og_type":"article","og_title":"Fachkonferenz MY FUTURE OFFICE \u2013 Ges\u00fcndere B\u00fcrogeb\u00e4ude sicher planen und bauen","og_description":"Fachkonferenz am 21.11.2019 in Berlin, Pr\u00e4sentation der Ergebnisse des Forschungsprojektes MY FUTURE OFFICE f\u00fcr ges\u00fcndere, leistungsf\u00f6rdernde und rentable B\u00fcrogeb\u00e4ude.","og_url":"https:\/\/blog.proclima.com\/de\/2019\/05\/fachkonferenz-my-future-office-shi\/","og_site_name":"pro clima Blog - Deutschland","article_publisher":"https:\/\/www.facebook.com\/proclima","article_published_time":"2019-05-14T06:46:40+00:00","article_modified_time":"2019-05-15T06:07:41+00:00","og_image":[{"width":2560,"height":1708,"url":"https:\/\/blog.proclima.com\/de\/files\/2018\/09\/mszy_pc_mitarbeiter_portraits_138-scaled.jpg","type":"image\/jpeg"}],"author":"Nils Braune","twitter_card":"summary_large_image","twitter_creator":"@proclimaDE","twitter_site":"@proclimaDE","twitter_misc":{"Verfasst von":"Nils Braune","Gesch\u00e4tzte Lesezeit":"2\u00a0Minuten"},"schema":{"@context":"https:\/\/schema.org","@graph":[{"@type":"Article","@id":"https:\/\/blog.proclima.com\/de\/2019\/05\/fachkonferenz-my-future-office-shi\/#article","isPartOf":{"@id":"https:\/\/blog.proclima.com\/de\/2019\/05\/fachkonferenz-my-future-office-shi\/"},"author":{"name":"Nils Braune","@id":"https:\/\/blog.proclima.com\/de\/#\/schema\/person\/867d432d923c4986caa239ecb77d23c4"},"headline":"Fachkonferenz MY FUTURE OFFICE \u2013 Ges\u00fcndere B\u00fcrogeb\u00e4ude sicher planen und bauen","datePublished":"2019-05-14T06:46:40+00:00","dateModified":"2019-05-15T06:07:41+00:00","mainEntityOfPage":{"@id":"https:\/\/blog.proclima.com\/de\/2019\/05\/fachkonferenz-my-future-office-shi\/"},"wordCount":405,"commentCount":0,"publisher":{"@id":"https:\/\/blog.proclima.com\/de\/#organization"},"image":{"@id":"https:\/\/blog.proclima.com\/de\/2019\/05\/fachkonferenz-my-future-office-shi\/#primaryimage"},"thumbnailUrl":"https:\/\/blog.proclima.com\/de\/files\/2018\/09\/mszy_pc_mitarbeiter_portraits_138-scaled.jpg","keywords":["Arbeitsplatz","Baustoffe","B\u00fcrogeb\u00e4ude","B\u00fcros","Forschung","ges\u00fcnderes Bauen","Gesundheit","Innenraumluft","Konferenz","My future office","Pressemeldung SHI","Sentinel-Haus Institut","SHI"],"articleSection":["Pressemitteilungen"],"inLanguage":"de","potentialAction":[{"@type":"CommentAction","name":"Comment","target":["https:\/\/blog.proclima.com\/de\/2019\/05\/fachkonferenz-my-future-office-shi\/#respond"]}]},{"@type":"WebPage","@id":"https:\/\/blog.proclima.com\/de\/2019\/05\/fachkonferenz-my-future-office-shi\/","url":"https:\/\/blog.proclima.com\/de\/2019\/05\/fachkonferenz-my-future-office-shi\/","name":"Fachkonferenz MY FUTURE OFFICE \u2013 Ges\u00fcndere B\u00fcrogeb\u00e4ude sicher planen und bauen","isPartOf":{"@id":"https:\/\/blog.proclima.com\/de\/#website"},"primaryImageOfPage":{"@id":"https:\/\/blog.proclima.com\/de\/2019\/05\/fachkonferenz-my-future-office-shi\/#primaryimage"},"image":{"@id":"https:\/\/blog.proclima.com\/de\/2019\/05\/fachkonferenz-my-future-office-shi\/#primaryimage"},"thumbnailUrl":"https:\/\/blog.proclima.com\/de\/files\/2018\/09\/mszy_pc_mitarbeiter_portraits_138-scaled.jpg","datePublished":"2019-05-14T06:46:40+00:00","dateModified":"2019-05-15T06:07:41+00:00","description":"Fachkonferenz am 21.11.2019 in Berlin, Pr\u00e4sentation der Ergebnisse des Forschungsprojektes MY FUTURE OFFICE f\u00fcr ges\u00fcndere, leistungsf\u00f6rdernde und rentable B\u00fcrogeb\u00e4ude.","breadcrumb":{"@id":"https:\/\/blog.proclima.com\/de\/2019\/05\/fachkonferenz-my-future-office-shi\/#breadcrumb"},"inLanguage":"de","potentialAction":[{"@type":"ReadAction","target":["https:\/\/blog.proclima.com\/de\/2019\/05\/fachkonferenz-my-future-office-shi\/"]}]},{"@type":"ImageObject","inLanguage":"de","@id":"https:\/\/blog.proclima.com\/de\/2019\/05\/fachkonferenz-my-future-office-shi\/#primaryimage","url":"https:\/\/blog.proclima.com\/de\/files\/2018\/09\/mszy_pc_mitarbeiter_portraits_138-scaled.jpg","contentUrl":"https:\/\/blog.proclima.com\/de\/files\/2018\/09\/mszy_pc_mitarbeiter_portraits_138-scaled.jpg","width":2560,"height":1708,"caption":"Wirtschaftlich f\u00fcr die Bauherrschaft, gut f\u00fcr die Nutzer: Gesundes Bauen f\u00f6rdert nicht nur das Wohlbefinden, auch die Leistungsf\u00e4higkeit steigt nachweislich."},{"@type":"BreadcrumbList","@id":"https:\/\/blog.proclima.com\/de\/2019\/05\/fachkonferenz-my-future-office-shi\/#breadcrumb","itemListElement":[{"@type":"ListItem","position":1,"name":"Startseite","item":"https:\/\/blog.proclima.com\/de\/"},{"@type":"ListItem","position":2,"name":"Fachkonferenz MY FUTURE OFFICE \u2013 Ges\u00fcndere B\u00fcrogeb\u00e4ude sicher planen und bauen"}]},{"@type":"WebSite","@id":"https:\/\/blog.proclima.com\/de\/#website","url":"https:\/\/blog.proclima.com\/de\/","name":"pro clima Blog - Deutschland","description":"alles was pro clima bewegt","publisher":{"@id":"https:\/\/blog.proclima.com\/de\/#organization"},"potentialAction":[{"@type":"SearchAction","target":{"@type":"EntryPoint","urlTemplate":"https:\/\/blog.proclima.com\/de\/?s={search_term_string}"},"query-input":{"@type":"PropertyValueSpecification","valueRequired":true,"valueName":"search_term_string"}}],"inLanguage":"de"},{"@type":"Organization","@id":"https:\/\/blog.proclima.com\/de\/#organization","name":"pro clima - Moll bau\u00f6kologische Produkte GmbH","url":"https:\/\/blog.proclima.com\/de\/","logo":{"@type":"ImageObject","inLanguage":"de","@id":"https:\/\/blog.proclima.com\/de\/#\/schema\/logo\/image\/","url":"https:\/\/blog.proclima.com\/de\/files\/2020\/04\/Logo-pro-clima.png","contentUrl":"https:\/\/blog.proclima.com\/de\/files\/2020\/04\/Logo-pro-clima.png","width":4210,"height":4881,"caption":"pro clima - Moll bau\u00f6kologische Produkte GmbH"},"image":{"@id":"https:\/\/blog.proclima.com\/de\/#\/schema\/logo\/image\/"},"sameAs":["https:\/\/www.facebook.com\/proclima","https:\/\/x.com\/proclimaDE"]},{"@type":"Person","@id":"https:\/\/blog.proclima.com\/de\/#\/schema\/person\/867d432d923c4986caa239ecb77d23c4","name":"Nils Braune","description":"Nils Braune ist Journalist, Kameramann und TV-Redakteur. Teilnehmer*innen der Kombischulungen Dach-Praxis und Schnittstelle Baustelle kennen ihn, weil er dort die Live-\u00dcbertragungen und Aufzeichnungen unterst\u00fctzt. Bei pro clima Online-Seminaren ist er als Kameramann anzutreffen. Zudem supportet er die pro clima Redaktion (Blogs, proclima.tv und Bauradio). Nils Braune is a journalist, cameraman and TV producer. Participants in our combined training course on roofing practice and the interface with building sites will know him as he provides support with live broadcasts and recording. He is also familiar as a cameraman for pro clima online seminars. In addition, he provides support for pro clima\u2019s content editors (blogs, proclima.tv and \u2018Bauradio\u2019).","url":"https:\/\/blog.proclima.com\/de\/author\/proclimaredaktion\/"}]}},"canto_acf_fields":"","_links":{"self":[{"href":"https:\/\/blog.proclima.com\/de\/wp-json\/wp\/v2\/posts\/8069","targetHints":{"allow":["GET"]}}],"collection":[{"href":"https:\/\/blog.proclima.com\/de\/wp-json\/wp\/v2\/posts"}],"about":[{"href":"https:\/\/blog.proclima.com\/de\/wp-json\/wp\/v2\/types\/post"}],"author":[{"embeddable":true,"href":"https:\/\/blog.proclima.com\/de\/wp-json\/wp\/v2\/users\/40"}],"replies":[{"embeddable":true,"href":"https:\/\/blog.proclima.com\/de\/wp-json\/wp\/v2\/comments?post=8069"}],"version-history":[{"count":8,"href":"https:\/\/blog.proclima.com\/de\/wp-json\/wp\/v2\/posts\/8069\/revisions"}],"predecessor-version":[{"id":8079,"href":"https:\/\/blog.proclima.com\/de\/wp-json\/wp\/v2\/posts\/8069\/revisions\/8079"}],"wp:featuredmedia":[{"embeddable":true,"href":"https:\/\/blog.proclima.com\/de\/wp-json\/wp\/v2\/media\/7816"}],"wp:attachment":[{"href":"https:\/\/blog.proclima.com\/de\/wp-json\/wp\/v2\/media?parent=8069"}],"wp:term":[{"taxonomy":"category","embeddable":true,"href":"https:\/\/blog.proclima.com\/de\/wp-json\/wp\/v2\/categories?post=8069"},{"taxonomy":"post_tag","embeddable":true,"href":"https:\/\/blog.proclima.com\/de\/wp-json\/wp\/v2\/tags?post=8069"}],"curies":[{"name":"wp","href":"https:\/\/api.w.org\/{rel}","templated":true}]}}