
{"id":7826,"date":"2018-09-07T10:34:14","date_gmt":"2018-09-07T08:34:14","guid":{"rendered":"http:\/\/blog.proclima.com\/de\/?p=7826"},"modified":"2018-09-13T17:30:04","modified_gmt":"2018-09-13T15:30:04","slug":"neueste-erkenntnisse-und-ergebnisse-zur-gesundheit-im-buero","status":"publish","type":"post","link":"https:\/\/blog.proclima.com\/de\/2018\/09\/neueste-erkenntnisse-und-ergebnisse-zur-gesundheit-im-buero\/","title":{"rendered":"Neueste Erkenntnisse und Ergebnisse zur Gesundheit im B\u00fcro"},"content":{"rendered":"<p><em>B\u00fcroimmobilien ges\u00fcnder, rentabel und praxistauglich machen, dieses Ziel hat sich pro clima zusammen mit anderen renommierten Herstellern aus dem Baubereich gesetzt.<\/em><\/p>\n<p><a href=\"https:\/\/blog.proclima.com\/de\/files\/2018\/09\/MFO_Header.jpg\"><img loading=\"lazy\" decoding=\"async\" data-size=\"1605x619\" class=\"alignnone wp-image-7832 size-large\" src=\"https:\/\/blog.proclima.com\/de\/files\/2018\/09\/MFO_Header-1024x395.jpg\" alt=\"\" width=\"584\" height=\"225\" srcset=\"https:\/\/blog.proclima.com\/de\/files\/2018\/09\/MFO_Header-1024x395.jpg 1024w, https:\/\/blog.proclima.com\/de\/files\/2018\/09\/MFO_Header-300x116.jpg 300w, https:\/\/blog.proclima.com\/de\/files\/2018\/09\/MFO_Header-768x296.jpg 768w, https:\/\/blog.proclima.com\/de\/files\/2018\/09\/MFO_Header-1536x592.jpg 1536w, https:\/\/blog.proclima.com\/de\/files\/2018\/09\/MFO_Header-384x148.jpg 384w, https:\/\/blog.proclima.com\/de\/files\/2018\/09\/MFO_Header.jpg 1605w\" sizes=\"auto, (max-width: 584px) 100vw, 584px\" \/><\/a>Bei dem vom Sentinel Haus Institut koordinierten Forschungsprojekt MY FUTURE OFFICE f\u00fcr ges\u00fcndere Arbeitspl\u00e4tze und h\u00f6here Leistungsf\u00e4higkeit wird aktuell ein Musterb\u00fcro zur Messung von Emissionen gebaut. Anschlie\u00dfend werden die Forschungsergebnisse im Rahmen einer Fachkonferenz der \u00d6ffentlichkeit pr\u00e4sentiert. Zu den Messen Orgatec, EXPO REAL und BAU 2019 steht zudem ein Seminarangebot f\u00fcr Entscheider und Planer rund um das ges\u00fcndere B\u00fcro zur Anmeldung bereit.<\/p>\n<p>Nach dem erfolgreichen Abschluss der Produkt- und Systempr\u00fcfungen f\u00fcr die Baustoffe und Innenausstattungen der beteiligten Hersteller wird beim renommierten eco-Institut in K\u00f6ln ein sogenannter europ\u00e4ischer Referenzraum errichtet. Dieser ma\u00dfstabsgerechte und genormte Raum wird aus den bereits einzeln gepr\u00fcften Materialien und Systemen gebaut und mit Pr\u00fcfinstrumenten ausgestattet. So k\u00f6nnen unter realistischen Bedingungen die Werte f\u00fcr die Raumluftqualit\u00e4t und Gesundheit ermittelt werden. Diese wissenschaftliche Beweisf\u00fchrung dient dann als Basis f\u00fcr die Umsetzung realer Immobilienprojekte. Besonders im Blick stehen die wissenschaftlichen Zusammenh\u00e4nge zwischen Baustoffuntersuchung in der Pr\u00fcfkammer und der baulichen Realit\u00e4t.<!--more--><\/p>\n<h2>Fachkonferenz und Fortbildungen<\/h2>\n<p>Die Anforderungen an ges\u00fcndere und leistungssteigernde B\u00fcrogeb\u00e4ude, das Projektdesign und die bis dahin vorliegenden Ergebnisse werden auf einer Fachkonferenz am 21.11.2019 in Berlin der Fachpresse und der Politik pr\u00e4sentiert.<br \/>\nAb Oktober 2018, rechtzeitig zu den Messen <a href=\"http:\/\/www.orgatec.de\/ORGATEC\/index.php\">Orgatec<\/a> (23.10. &#8211; 27.10.2018), <a href=\"https:\/\/www.exporeal.net\/index-2.html\">Expo Real<\/a> (08.10. &#8211; 10-.10.2018) und <a href=\"https:\/\/bau-muenchen.com\/\">BAU 2019<\/a> (14.01. \u2013 19.01.2019) steht dann zus\u00e4tzlich f\u00fcr Entscheider, Planer und Betreiber von B\u00fcrogeb\u00e4uden das Seminar \u201eGes\u00fcndere, leistungsf\u00f6rdernde und rentable B\u00fcroimmobilien\u201c in Zusammenarbeit mit renommierten Wissensanbietern zur Verf\u00fcgung. Dabei wird vermittelt, wie durch eine effektive Planung und Umsetzung Schadstoffe in der Raumluft minimiert und wie durch professionelle Lichtplanung, optimierte Raumakustik und g\u00fcnstiges Raumklima B\u00fcroimmobilien werthaltiger gemacht werden. Das wiederum reduziert Krankheitsst\u00e4nde und erh\u00f6ht die Zufriedenheit und die Leistungsf\u00e4higkeit der Mitarbeiter. Das bedeutet auch die Reduktion von Rechtsrisiken bei gleichzeitiger Steigerung der Wirtschaftlichkeit. Fortbildungspunkte bei der Architektenkammer sind beantragt. Weitere Infos zum Seminar: <a href=\"https:\/\/myfutureoffice.de\/de\/seminar\">https:\/\/myfutureoffice.de\/de\/seminar<\/a><\/p>\n<p>Save-the Date Fachkonferenz: 21.11.2019\u2028. Hier k\u00f6nnen Sie sich zur Programmzusendung anmelden: <a href=\"https:\/\/myfutureoffice.de\/de\/fachkonferenz\">https:\/\/myfutureoffice.de\/de\/fachkonferenz<\/a><\/p>\n<h2>Initiative f\u00fcr leistungsf\u00f6rdernde und rentable B\u00fcroimmobilien<\/h2>\n<p>MY FUTURE OFFICE ist eine Initiative von 19 Herstellern, Planungsb\u00fcros sowie Experten f\u00fcr ges\u00fcndere und nachhaltige Geb\u00e4ude. Ziel ist die Entwicklung von L\u00f6sungen und Standards f\u00fcr ges\u00fcndere, leistungsf\u00f6rdernde und rentable B\u00fcrogeb\u00e4ude. Diese sollen alle relevanten Gesundheits- und Nachhaltigkeitsaspekte vereinen. Neben gesundheitlich gepr\u00fcften Bau- und Ausstattungsprodukten sind dies unter anderem eine leistungsf\u00f6rdernde Tages- und Kunstlichtversorgung, optimale Akustik und eine ges\u00fcndere L\u00fcftung. Auch die Ausstattung und eine flexibel nutzbare Raumorganisation spielen eine wichtige Rolle. Erfahrene Akteure aus Architektur, Immobilienwirtschaft, Instituten und Baustoffindustrie unterst\u00fctzen das Vorhaben aktiv als Beir\u00e4te. Koordiniert wird das Projekt vom Sentinel Haus Institut in Freiburg. <a href=\"http:\/\/www.my-future-office.de\">www.my-future-office.de<\/a><\/p>\n<h2>Weitere Informationen<\/h2>\n<ul>\n<li>Statements zum gesunden Bauen und konkret zur Initiative MY FUTURE OFFICE hat pro clima TV auf der BAU 2017 eingefangen:<\/li>\n<\/ul>\n<p><iframe loading=\"lazy\"  id=\"_ytid_99433\" width=\"1170\" height=\"658\" src=\"https:\/\/www.youtube-nocookie.com\/embed\/?enablejsapi=1&#038;list=PLu-PcQTh51rsy58NndkknAeue_FNyFomn&#038;autoplay=0&#038;cc_load_policy=0&#038;iv_load_policy=1&#038;loop=0&#038;modestbranding=1&#038;rel=0&#038;showinfo=0&#038;fs=1&#038;playsinline=1&#038;controls=2&#038;autohide=2&#038;theme=light&#038;color=red&#038;hl=de_DE&#038;\" class=\"__youtube_prefs__\" title=\"YouTube player\"  allowfullscreen data-no-lazy=\"1\" data-skipgform_ajax_framebjll=\"\"><\/iframe><\/p>\n<ul>\n<li>Blogbeitrag &#8222;Gesu\u0308nder bauen \u2013 Trend oder Notwendigkeit?&#8220;<br \/>\n<a href=\"https:\/\/blog.proclima.com\/de\/2018\/08\/gesu%cc%88nder-bauen-trend-oder-notwendigkeit\/\">https:\/\/blog.proclima.com\/de\/2018\/08\/gesu%cc%88nder-bauen-trend-oder-notwendigkeit\/<\/a><\/li>\n<li>Neue Deklarationspflicht f\u00fcr Emissionen aus Bauprodukten: <a href=\"https:\/\/blog.proclima.com\/de\/2018\/03\/mit-pro-clima-auf-der-sicheren-seite\/\">https:\/\/blog.proclima.com\/de\/2018\/03\/mit-pro-clima-auf-der-sicheren-seite\/<\/a><\/li>\n<li>Bewusst bauen und wohnen: Wie viel Energie sparen wir wirklich? <a href=\"https:\/\/blog.proclima.com\/de\/2016\/08\/bewusst-bauen-und-wohnen\/\">https:\/\/blog.proclima.com\/de\/2016\/08\/bewusst-bauen-und-wohnen\/<\/a><\/li>\n<\/ul>\n<p>&nbsp;<\/p>\n<p>&nbsp;<\/p>\n","protected":false},"excerpt":{"rendered":"<p>B\u00fcroimmobilien ges\u00fcnder, rentabel und praxistauglich machen, dieses Ziel hat sich pro clima zusammen mit anderen renommierten Herstellern aus dem Baubereich gesetzt. Bei dem vom Sentinel <a href=\"https:\/\/blog.proclima.com\/de\/2018\/09\/neueste-erkenntnisse-und-ergebnisse-zur-gesundheit-im-buero\/\" rel=\"bookmark\">&#8230;<\/a><\/p>\n","protected":false},"author":31,"featured_media":0,"comment_status":"open","ping_status":"open","sticky":false,"template":"","format":"standard","meta":{"footnotes":""},"categories":[1,52],"tags":[1405,15,12,1378,1415,22,196,139],"class_list":["post-7826","post","type-post","status-publish","format-standard","hentry","category-proclima","category-welt-und-gesellschaft","tag-gesund-bauen","tag-kongress","tag-messe","tag-my-future-office","tag-pressemitteilung-sentinel-haus-institut","tag-seminar","tag-weiterbildung","tag-wohngesundheit"],"yoast_head":"<!-- This site is optimized with the Yoast SEO plugin v27.5 - https:\/\/yoast.com\/product\/yoast-seo-wordpress\/ -->\n<title>Neueste Erkenntnisse und Ergebnisse zur Gesundheit im B\u00fcro &#187; pro clima Blog - Deutschland<\/title>\n<meta name=\"robots\" content=\"index, follow, max-snippet:-1, max-image-preview:large, max-video-preview:-1\" \/>\n<link rel=\"canonical\" href=\"https:\/\/blog.proclima.com\/de\/2018\/09\/neueste-erkenntnisse-und-ergebnisse-zur-gesundheit-im-buero\/\" \/>\n<meta property=\"og:locale\" content=\"de_DE\" \/>\n<meta property=\"og:type\" content=\"article\" \/>\n<meta property=\"og:title\" content=\"Neueste Erkenntnisse und Ergebnisse zur Gesundheit im B\u00fcro &#187; pro clima Blog - Deutschland\" \/>\n<meta property=\"og:description\" content=\"B\u00fcroimmobilien ges\u00fcnder, rentabel und praxistauglich machen, dieses Ziel hat sich pro clima zusammen mit anderen renommierten Herstellern aus dem Baubereich gesetzt. Bei dem vom Sentinel ...\" \/>\n<meta property=\"og:url\" content=\"https:\/\/blog.proclima.com\/de\/2018\/09\/neueste-erkenntnisse-und-ergebnisse-zur-gesundheit-im-buero\/\" \/>\n<meta property=\"og:site_name\" content=\"pro clima Blog - Deutschland\" \/>\n<meta property=\"article:publisher\" content=\"https:\/\/www.facebook.com\/proclima\" \/>\n<meta property=\"article:author\" content=\"https:\/\/www.facebook.com\/cornelia.laessing\" \/>\n<meta property=\"article:published_time\" content=\"2018-09-07T08:34:14+00:00\" \/>\n<meta property=\"article:modified_time\" content=\"2018-09-13T15:30:04+00:00\" \/>\n<meta property=\"og:image\" content=\"https:\/\/blog.proclima.com\/de\/files\/2018\/09\/MFO_Header.jpg\" \/>\n\t<meta property=\"og:image:width\" content=\"1605\" \/>\n\t<meta property=\"og:image:height\" content=\"619\" \/>\n\t<meta property=\"og:image:type\" content=\"image\/jpeg\" \/>\n<meta name=\"author\" content=\"Cornelia L\u00e4ssing\" \/>\n<meta name=\"twitter:card\" content=\"summary_large_image\" \/>\n<meta name=\"twitter:creator\" content=\"@connylaessing\" \/>\n<meta name=\"twitter:site\" content=\"@proclimaDE\" \/>\n<meta name=\"twitter:label1\" content=\"Verfasst von\" \/>\n\t<meta name=\"twitter:data1\" content=\"Cornelia L\u00e4ssing\" \/>\n\t<meta name=\"twitter:label2\" content=\"Gesch\u00e4tzte Lesezeit\" \/>\n\t<meta name=\"twitter:data2\" content=\"3\u00a0Minuten\" \/>\n<script type=\"application\/ld+json\" class=\"yoast-schema-graph\">{\"@context\":\"https:\\\/\\\/schema.org\",\"@graph\":[{\"@type\":\"Article\",\"@id\":\"https:\\\/\\\/blog.proclima.com\\\/de\\\/2018\\\/09\\\/neueste-erkenntnisse-und-ergebnisse-zur-gesundheit-im-buero\\\/#article\",\"isPartOf\":{\"@id\":\"https:\\\/\\\/blog.proclima.com\\\/de\\\/2018\\\/09\\\/neueste-erkenntnisse-und-ergebnisse-zur-gesundheit-im-buero\\\/\"},\"author\":{\"name\":\"Cornelia L\u00e4ssing\",\"@id\":\"https:\\\/\\\/blog.proclima.com\\\/de\\\/#\\\/schema\\\/person\\\/5537f09a0342a4a72283791f5f8460b1\"},\"headline\":\"Neueste Erkenntnisse und Ergebnisse zur Gesundheit im B\u00fcro\",\"datePublished\":\"2018-09-07T08:34:14+00:00\",\"dateModified\":\"2018-09-13T15:30:04+00:00\",\"mainEntityOfPage\":{\"@id\":\"https:\\\/\\\/blog.proclima.com\\\/de\\\/2018\\\/09\\\/neueste-erkenntnisse-und-ergebnisse-zur-gesundheit-im-buero\\\/\"},\"wordCount\":578,\"commentCount\":0,\"publisher\":{\"@id\":\"https:\\\/\\\/blog.proclima.com\\\/de\\\/#organization\"},\"image\":{\"@id\":\"https:\\\/\\\/blog.proclima.com\\\/de\\\/2018\\\/09\\\/neueste-erkenntnisse-und-ergebnisse-zur-gesundheit-im-buero\\\/#primaryimage\"},\"thumbnailUrl\":\"https:\\\/\\\/blog.proclima.com\\\/de\\\/files\\\/2018\\\/09\\\/MFO_Header-1024x395.jpg\",\"keywords\":[\"gesund bauen\",\"Kongress\",\"Messe\",\"My future office\",\"Pressemitteilung Sentinel-Haus Institut\",\"Seminar\",\"Weiterbildung\",\"Wohngesundheit\"],\"articleSection\":[\"pro clima\",\"Welt und Gesellschaft\"],\"inLanguage\":\"de\",\"potentialAction\":[{\"@type\":\"CommentAction\",\"name\":\"Comment\",\"target\":[\"https:\\\/\\\/blog.proclima.com\\\/de\\\/2018\\\/09\\\/neueste-erkenntnisse-und-ergebnisse-zur-gesundheit-im-buero\\\/#respond\"]}]},{\"@type\":\"WebPage\",\"@id\":\"https:\\\/\\\/blog.proclima.com\\\/de\\\/2018\\\/09\\\/neueste-erkenntnisse-und-ergebnisse-zur-gesundheit-im-buero\\\/\",\"url\":\"https:\\\/\\\/blog.proclima.com\\\/de\\\/2018\\\/09\\\/neueste-erkenntnisse-und-ergebnisse-zur-gesundheit-im-buero\\\/\",\"name\":\"Neueste Erkenntnisse und Ergebnisse zur Gesundheit im B\u00fcro &#187; pro clima Blog - Deutschland\",\"isPartOf\":{\"@id\":\"https:\\\/\\\/blog.proclima.com\\\/de\\\/#website\"},\"primaryImageOfPage\":{\"@id\":\"https:\\\/\\\/blog.proclima.com\\\/de\\\/2018\\\/09\\\/neueste-erkenntnisse-und-ergebnisse-zur-gesundheit-im-buero\\\/#primaryimage\"},\"image\":{\"@id\":\"https:\\\/\\\/blog.proclima.com\\\/de\\\/2018\\\/09\\\/neueste-erkenntnisse-und-ergebnisse-zur-gesundheit-im-buero\\\/#primaryimage\"},\"thumbnailUrl\":\"https:\\\/\\\/blog.proclima.com\\\/de\\\/files\\\/2018\\\/09\\\/MFO_Header-1024x395.jpg\",\"datePublished\":\"2018-09-07T08:34:14+00:00\",\"dateModified\":\"2018-09-13T15:30:04+00:00\",\"breadcrumb\":{\"@id\":\"https:\\\/\\\/blog.proclima.com\\\/de\\\/2018\\\/09\\\/neueste-erkenntnisse-und-ergebnisse-zur-gesundheit-im-buero\\\/#breadcrumb\"},\"inLanguage\":\"de\",\"potentialAction\":[{\"@type\":\"ReadAction\",\"target\":[\"https:\\\/\\\/blog.proclima.com\\\/de\\\/2018\\\/09\\\/neueste-erkenntnisse-und-ergebnisse-zur-gesundheit-im-buero\\\/\"]}]},{\"@type\":\"ImageObject\",\"inLanguage\":\"de\",\"@id\":\"https:\\\/\\\/blog.proclima.com\\\/de\\\/2018\\\/09\\\/neueste-erkenntnisse-und-ergebnisse-zur-gesundheit-im-buero\\\/#primaryimage\",\"url\":\"https:\\\/\\\/blog.proclima.com\\\/de\\\/files\\\/2018\\\/09\\\/MFO_Header.jpg\",\"contentUrl\":\"https:\\\/\\\/blog.proclima.com\\\/de\\\/files\\\/2018\\\/09\\\/MFO_Header.jpg\",\"width\":1605,\"height\":619},{\"@type\":\"BreadcrumbList\",\"@id\":\"https:\\\/\\\/blog.proclima.com\\\/de\\\/2018\\\/09\\\/neueste-erkenntnisse-und-ergebnisse-zur-gesundheit-im-buero\\\/#breadcrumb\",\"itemListElement\":[{\"@type\":\"ListItem\",\"position\":1,\"name\":\"Startseite\",\"item\":\"https:\\\/\\\/blog.proclima.com\\\/de\\\/\"},{\"@type\":\"ListItem\",\"position\":2,\"name\":\"Neueste Erkenntnisse und Ergebnisse zur Gesundheit im B\u00fcro\"}]},{\"@type\":\"WebSite\",\"@id\":\"https:\\\/\\\/blog.proclima.com\\\/de\\\/#website\",\"url\":\"https:\\\/\\\/blog.proclima.com\\\/de\\\/\",\"name\":\"pro clima Blog - Deutschland\",\"description\":\"alles was pro clima bewegt\",\"publisher\":{\"@id\":\"https:\\\/\\\/blog.proclima.com\\\/de\\\/#organization\"},\"potentialAction\":[{\"@type\":\"SearchAction\",\"target\":{\"@type\":\"EntryPoint\",\"urlTemplate\":\"https:\\\/\\\/blog.proclima.com\\\/de\\\/?s={search_term_string}\"},\"query-input\":{\"@type\":\"PropertyValueSpecification\",\"valueRequired\":true,\"valueName\":\"search_term_string\"}}],\"inLanguage\":\"de\"},{\"@type\":\"Organization\",\"@id\":\"https:\\\/\\\/blog.proclima.com\\\/de\\\/#organization\",\"name\":\"pro clima - Moll bau\u00f6kologische Produkte GmbH\",\"url\":\"https:\\\/\\\/blog.proclima.com\\\/de\\\/\",\"logo\":{\"@type\":\"ImageObject\",\"inLanguage\":\"de\",\"@id\":\"https:\\\/\\\/blog.proclima.com\\\/de\\\/#\\\/schema\\\/logo\\\/image\\\/\",\"url\":\"https:\\\/\\\/blog.proclima.com\\\/de\\\/files\\\/2020\\\/04\\\/Logo-pro-clima.png\",\"contentUrl\":\"https:\\\/\\\/blog.proclima.com\\\/de\\\/files\\\/2020\\\/04\\\/Logo-pro-clima.png\",\"width\":4210,\"height\":4881,\"caption\":\"pro clima - Moll bau\u00f6kologische Produkte GmbH\"},\"image\":{\"@id\":\"https:\\\/\\\/blog.proclima.com\\\/de\\\/#\\\/schema\\\/logo\\\/image\\\/\"},\"sameAs\":[\"https:\\\/\\\/www.facebook.com\\\/proclima\",\"https:\\\/\\\/x.com\\\/proclimaDE\"]},{\"@type\":\"Person\",\"@id\":\"https:\\\/\\\/blog.proclima.com\\\/de\\\/#\\\/schema\\\/person\\\/5537f09a0342a4a72283791f5f8460b1\",\"name\":\"Cornelia L\u00e4ssing\",\"description\":\"Cornelia L\u00e4ssing ist ausgebildete Mediengestalterin und hat sich auf Online-Marketing spezialisiert. Sie betreut u.a. die Social Media Kan\u00e4le von pro clima. Sie ist zudem verantwortlich f\u00fcr die Online-Seminare der pro clima Wissenswerkstatt \u2013 hier wird Bau-Wissen unterhaltsam und einpr\u00e4gend vermittelt.\",\"sameAs\":[\"https:\\\/\\\/www.facebook.com\\\/cornelia.laessing\",\"https:\\\/\\\/www.linkedin.com\\\/in\\\/cornelia-lssing\\\/\",\"https:\\\/\\\/x.com\\\/connylaessing\"],\"url\":\"https:\\\/\\\/blog.proclima.com\\\/de\\\/author\\\/cornelia\\\/\"}]}<\/script>\n<!-- \/ Yoast SEO plugin. -->","yoast_head_json":{"title":"Neueste Erkenntnisse und Ergebnisse zur Gesundheit im B\u00fcro &#187; pro clima Blog - Deutschland","robots":{"index":"index","follow":"follow","max-snippet":"max-snippet:-1","max-image-preview":"max-image-preview:large","max-video-preview":"max-video-preview:-1"},"canonical":"https:\/\/blog.proclima.com\/de\/2018\/09\/neueste-erkenntnisse-und-ergebnisse-zur-gesundheit-im-buero\/","og_locale":"de_DE","og_type":"article","og_title":"Neueste Erkenntnisse und Ergebnisse zur Gesundheit im B\u00fcro &#187; pro clima Blog - Deutschland","og_description":"B\u00fcroimmobilien ges\u00fcnder, rentabel und praxistauglich machen, dieses Ziel hat sich pro clima zusammen mit anderen renommierten Herstellern aus dem Baubereich gesetzt. Bei dem vom Sentinel ...","og_url":"https:\/\/blog.proclima.com\/de\/2018\/09\/neueste-erkenntnisse-und-ergebnisse-zur-gesundheit-im-buero\/","og_site_name":"pro clima Blog - Deutschland","article_publisher":"https:\/\/www.facebook.com\/proclima","article_author":"https:\/\/www.facebook.com\/cornelia.laessing","article_published_time":"2018-09-07T08:34:14+00:00","article_modified_time":"2018-09-13T15:30:04+00:00","og_image":[{"width":1605,"height":619,"url":"https:\/\/blog.proclima.com\/de\/files\/2018\/09\/MFO_Header.jpg","type":"image\/jpeg"}],"author":"Cornelia L\u00e4ssing","twitter_card":"summary_large_image","twitter_creator":"@connylaessing","twitter_site":"@proclimaDE","twitter_misc":{"Verfasst von":"Cornelia L\u00e4ssing","Gesch\u00e4tzte Lesezeit":"3\u00a0Minuten"},"schema":{"@context":"https:\/\/schema.org","@graph":[{"@type":"Article","@id":"https:\/\/blog.proclima.com\/de\/2018\/09\/neueste-erkenntnisse-und-ergebnisse-zur-gesundheit-im-buero\/#article","isPartOf":{"@id":"https:\/\/blog.proclima.com\/de\/2018\/09\/neueste-erkenntnisse-und-ergebnisse-zur-gesundheit-im-buero\/"},"author":{"name":"Cornelia L\u00e4ssing","@id":"https:\/\/blog.proclima.com\/de\/#\/schema\/person\/5537f09a0342a4a72283791f5f8460b1"},"headline":"Neueste Erkenntnisse und Ergebnisse zur Gesundheit im B\u00fcro","datePublished":"2018-09-07T08:34:14+00:00","dateModified":"2018-09-13T15:30:04+00:00","mainEntityOfPage":{"@id":"https:\/\/blog.proclima.com\/de\/2018\/09\/neueste-erkenntnisse-und-ergebnisse-zur-gesundheit-im-buero\/"},"wordCount":578,"commentCount":0,"publisher":{"@id":"https:\/\/blog.proclima.com\/de\/#organization"},"image":{"@id":"https:\/\/blog.proclima.com\/de\/2018\/09\/neueste-erkenntnisse-und-ergebnisse-zur-gesundheit-im-buero\/#primaryimage"},"thumbnailUrl":"https:\/\/blog.proclima.com\/de\/files\/2018\/09\/MFO_Header-1024x395.jpg","keywords":["gesund bauen","Kongress","Messe","My future office","Pressemitteilung Sentinel-Haus Institut","Seminar","Weiterbildung","Wohngesundheit"],"articleSection":["pro clima","Welt und Gesellschaft"],"inLanguage":"de","potentialAction":[{"@type":"CommentAction","name":"Comment","target":["https:\/\/blog.proclima.com\/de\/2018\/09\/neueste-erkenntnisse-und-ergebnisse-zur-gesundheit-im-buero\/#respond"]}]},{"@type":"WebPage","@id":"https:\/\/blog.proclima.com\/de\/2018\/09\/neueste-erkenntnisse-und-ergebnisse-zur-gesundheit-im-buero\/","url":"https:\/\/blog.proclima.com\/de\/2018\/09\/neueste-erkenntnisse-und-ergebnisse-zur-gesundheit-im-buero\/","name":"Neueste Erkenntnisse und Ergebnisse zur Gesundheit im B\u00fcro &#187; pro clima Blog - Deutschland","isPartOf":{"@id":"https:\/\/blog.proclima.com\/de\/#website"},"primaryImageOfPage":{"@id":"https:\/\/blog.proclima.com\/de\/2018\/09\/neueste-erkenntnisse-und-ergebnisse-zur-gesundheit-im-buero\/#primaryimage"},"image":{"@id":"https:\/\/blog.proclima.com\/de\/2018\/09\/neueste-erkenntnisse-und-ergebnisse-zur-gesundheit-im-buero\/#primaryimage"},"thumbnailUrl":"https:\/\/blog.proclima.com\/de\/files\/2018\/09\/MFO_Header-1024x395.jpg","datePublished":"2018-09-07T08:34:14+00:00","dateModified":"2018-09-13T15:30:04+00:00","breadcrumb":{"@id":"https:\/\/blog.proclima.com\/de\/2018\/09\/neueste-erkenntnisse-und-ergebnisse-zur-gesundheit-im-buero\/#breadcrumb"},"inLanguage":"de","potentialAction":[{"@type":"ReadAction","target":["https:\/\/blog.proclima.com\/de\/2018\/09\/neueste-erkenntnisse-und-ergebnisse-zur-gesundheit-im-buero\/"]}]},{"@type":"ImageObject","inLanguage":"de","@id":"https:\/\/blog.proclima.com\/de\/2018\/09\/neueste-erkenntnisse-und-ergebnisse-zur-gesundheit-im-buero\/#primaryimage","url":"https:\/\/blog.proclima.com\/de\/files\/2018\/09\/MFO_Header.jpg","contentUrl":"https:\/\/blog.proclima.com\/de\/files\/2018\/09\/MFO_Header.jpg","width":1605,"height":619},{"@type":"BreadcrumbList","@id":"https:\/\/blog.proclima.com\/de\/2018\/09\/neueste-erkenntnisse-und-ergebnisse-zur-gesundheit-im-buero\/#breadcrumb","itemListElement":[{"@type":"ListItem","position":1,"name":"Startseite","item":"https:\/\/blog.proclima.com\/de\/"},{"@type":"ListItem","position":2,"name":"Neueste Erkenntnisse und Ergebnisse zur Gesundheit im B\u00fcro"}]},{"@type":"WebSite","@id":"https:\/\/blog.proclima.com\/de\/#website","url":"https:\/\/blog.proclima.com\/de\/","name":"pro clima Blog - Deutschland","description":"alles was pro clima bewegt","publisher":{"@id":"https:\/\/blog.proclima.com\/de\/#organization"},"potentialAction":[{"@type":"SearchAction","target":{"@type":"EntryPoint","urlTemplate":"https:\/\/blog.proclima.com\/de\/?s={search_term_string}"},"query-input":{"@type":"PropertyValueSpecification","valueRequired":true,"valueName":"search_term_string"}}],"inLanguage":"de"},{"@type":"Organization","@id":"https:\/\/blog.proclima.com\/de\/#organization","name":"pro clima - Moll bau\u00f6kologische Produkte GmbH","url":"https:\/\/blog.proclima.com\/de\/","logo":{"@type":"ImageObject","inLanguage":"de","@id":"https:\/\/blog.proclima.com\/de\/#\/schema\/logo\/image\/","url":"https:\/\/blog.proclima.com\/de\/files\/2020\/04\/Logo-pro-clima.png","contentUrl":"https:\/\/blog.proclima.com\/de\/files\/2020\/04\/Logo-pro-clima.png","width":4210,"height":4881,"caption":"pro clima - Moll bau\u00f6kologische Produkte GmbH"},"image":{"@id":"https:\/\/blog.proclima.com\/de\/#\/schema\/logo\/image\/"},"sameAs":["https:\/\/www.facebook.com\/proclima","https:\/\/x.com\/proclimaDE"]},{"@type":"Person","@id":"https:\/\/blog.proclima.com\/de\/#\/schema\/person\/5537f09a0342a4a72283791f5f8460b1","name":"Cornelia L\u00e4ssing","description":"Cornelia L\u00e4ssing ist ausgebildete Mediengestalterin und hat sich auf Online-Marketing spezialisiert. Sie betreut u.a. die Social Media Kan\u00e4le von pro clima. Sie ist zudem verantwortlich f\u00fcr die Online-Seminare der pro clima Wissenswerkstatt \u2013 hier wird Bau-Wissen unterhaltsam und einpr\u00e4gend vermittelt.","sameAs":["https:\/\/www.facebook.com\/cornelia.laessing","https:\/\/www.linkedin.com\/in\/cornelia-lssing\/","https:\/\/x.com\/connylaessing"],"url":"https:\/\/blog.proclima.com\/de\/author\/cornelia\/"}]}},"canto_acf_fields":"","_links":{"self":[{"href":"https:\/\/blog.proclima.com\/de\/wp-json\/wp\/v2\/posts\/7826","targetHints":{"allow":["GET"]}}],"collection":[{"href":"https:\/\/blog.proclima.com\/de\/wp-json\/wp\/v2\/posts"}],"about":[{"href":"https:\/\/blog.proclima.com\/de\/wp-json\/wp\/v2\/types\/post"}],"author":[{"embeddable":true,"href":"https:\/\/blog.proclima.com\/de\/wp-json\/wp\/v2\/users\/31"}],"replies":[{"embeddable":true,"href":"https:\/\/blog.proclima.com\/de\/wp-json\/wp\/v2\/comments?post=7826"}],"version-history":[{"count":7,"href":"https:\/\/blog.proclima.com\/de\/wp-json\/wp\/v2\/posts\/7826\/revisions"}],"predecessor-version":[{"id":7870,"href":"https:\/\/blog.proclima.com\/de\/wp-json\/wp\/v2\/posts\/7826\/revisions\/7870"}],"wp:attachment":[{"href":"https:\/\/blog.proclima.com\/de\/wp-json\/wp\/v2\/media?parent=7826"}],"wp:term":[{"taxonomy":"category","embeddable":true,"href":"https:\/\/blog.proclima.com\/de\/wp-json\/wp\/v2\/categories?post=7826"},{"taxonomy":"post_tag","embeddable":true,"href":"https:\/\/blog.proclima.com\/de\/wp-json\/wp\/v2\/tags?post=7826"}],"curies":[{"name":"wp","href":"https:\/\/api.w.org\/{rel}","templated":true}]}}