
{"id":7763,"date":"2019-03-14T10:00:32","date_gmt":"2019-03-14T09:00:32","guid":{"rendered":"http:\/\/blog.proclima.com\/de\/?p=7763"},"modified":"2021-10-19T14:36:16","modified_gmt":"2021-10-19T12:36:16","slug":"windsicherung-aussen-metalldeckungen","status":"publish","type":"post","link":"https:\/\/blog.proclima.com\/de\/2019\/03\/windsicherung-aussen-metalldeckungen\/","title":{"rendered":"Winddichtung au\u00dfen: Ma\u00dfnahmen bei Metalleindeckungen"},"content":{"rendered":"\n<p><strong>Metalleindeckungen werden grunds\u00e4tzlich unterschieden in:<\/strong><\/p>\n\n\n\n<ul class=\"wp-block-list\"><li>selbsttragende Metalldeckungen (Blech mit z. B. Well-\u00ad oder Trapezprofil, die auf linienf\u00f6rmigen Auflagern aufgebracht werden) und<\/li><li>nicht selbsttragende Metalldeckungen (vollfl\u00e4chig auf einer tragf\u00e4higen Deckunterlage aufliegend).<\/li><\/ul>\n\n\n\n<p><strong>Selbsttragende Metalldeckungen<\/strong><\/p>\n\n\n\n<p>Unterschieden wird zwischen:<\/p>\n\n\n\n<ul class=\"wp-block-list\"><li>gro\u00dfformatigen Elementen und<\/li><li>kleinformatigen Elementen (Gr\u00f6\u00dfe \u2264 0,4 m2 und Gewicht \u2264 5,0 kg).<\/li><\/ul>\n\n\n\n<p>\u00dcber ausgebauten D\u00e4chern ist prinzipiell eine regensichernde Zusatzma\u00dfnahme zum Schutz der W\u00e4rmed\u00e4mmung vor abtropfendem Kondensat, Flugschnee und windeingetriebenem Regen vorzusehen.<\/p>\n\n\n\n<!--more-->\n\n\n\n<h2 class=\"wp-block-heading\">Zuordnung von \u00dcberdeckung und Zusatzma\u00dfnahmen bei selbsttragenden, gro\u00dfformatigen Metalldeckungen<\/h2>\n\n\n\n<figure class=\"wp-block-table is-style-stripes\"><table><thead><tr><th><strong>Dachneigung<\/strong><\/th><th>\u00dc<strong>berdeckungsl\u00e4nge<\/strong><\/th><th><strong>empfohlene pro clima Bahn als Zusatzma\u00dfnahme und Witterungsschutz w\u00e4hrend der Bauphase (falls erforderlich)<\/strong><\/th><\/tr><\/thead><tbody><tr><td>3\u00b0 bis 5\u00b0<\/td><td>keine Querst\u00f6\u00dfe und Durchdringungen zul\u00e4ssig<\/td><td>\u2013<\/td><\/tr><tr><td>5\u00b0 bis 7\u00b0<\/td><td>200 mm mit zus\u00e4tzlichen Ma\u00dfnahmen<\/td><td><a href=\"https:\/\/de.proclima.com\/produkte\/dichtung-aussen\/solitex-weldano\">SOLITEX WELDANO<\/a><\/td><\/tr><tr><td>7\u00b0 (Regeldachneigung)<\/td><td>200 mm<\/td><td><a href=\"https:\/\/de.proclima.com\/produkte\/dichtung-aussen\/solitex-weldano\">SOLITEX WELDANO<\/a><\/td><\/tr><tr><td>\u2265 7\u00b0<\/td><td>200 mm<\/td><td><a href=\"https:\/\/de.proclima.com\/produkte\/dichtung-aussen\/solitex-weldano\">SOLITEX WELDANO<\/a><\/td><\/tr><tr><td>\u2265 12\u00b0<\/td><td>150 mm<\/td><td><a href=\"https:\/\/de.proclima.com\/produkte\/dichtung-aussen\/solitex-weldano\">SOLITEX WELDANO<\/a><\/td><\/tr><tr><td>\u2265 14\u00b0<\/td><td>150 mm<\/td><td><a href=\"https:\/\/de.proclima.com\/produkte\/dichtung-aussen\/solitex-mento-1000\">SOLITEX MENTO 1000<\/a> \/ <a href=\"https:\/\/de.proclima.com\/produkte\/dichtung-aussen\/solitex-mento-3000\">3000<\/a> \/ <a href=\"https:\/\/de.proclima.com\/produkte\/dichtung-aussen\/solitex-mento-5000\">5000<\/a> \/ <a href=\"https:\/\/de.proclima.com\/produkte\/dichtung-aussen\/solitex-mento-plus\">PLUS<\/a> \/ <a href=\"https:\/\/de.proclima.com\/produkte\/dichtung-aussen\/solitex-mento-ultra\">ULTRA<\/a> <a href=\"https:\/\/de.proclima.com\/produkte\/dichtung-aussen\/solitex-mento-ultra-connect\">(connect)<\/a><br><a href=\"https:\/\/de.proclima.com\/produkte\/dichtung-aussen\/solitex-ud\">SOLITEX UD<\/a> <a href=\"https:\/\/de.proclima.com\/produkte\/dichtung-aussen\/solitex-ud-connect\">(connect)<\/a><br><a href=\"https:\/\/de.proclima.com\/produkte\/dichtung-aussen\/solitex-plus\">SOLITEX PLUS<\/a> <a href=\"https:\/\/de.proclima.com\/produkte\/dichtung-aussen\/solitex-plus-connect\">(connect)<\/a><\/td><\/tr><tr><td>\u2265 20\u00b0<\/td><td>100 mm<\/td><td><a href=\"https:\/\/de.proclima.com\/produkte\/dichtung-aussen\/solitex-mento-1000\">SOLITEX MENTO 1000<\/a> \/ <a href=\"https:\/\/de.proclima.com\/produkte\/dichtung-aussen\/solitex-mento-3000\">3000<\/a> \/ <a href=\"https:\/\/de.proclima.com\/produkte\/dichtung-aussen\/solitex-mento-5000\">5000<\/a> \/ <a href=\"https:\/\/de.proclima.com\/produkte\/dichtung-aussen\/solitex-mento-plus\">PLUS<\/a> \/ <a href=\"https:\/\/de.proclima.com\/produkte\/dichtung-aussen\/solitex-mento-ultra\">ULTRA<\/a> <a href=\"https:\/\/de.proclima.com\/produkte\/dichtung-aussen\/solitex-mento-ultra-connect\">(connect)<\/a><br><a href=\"https:\/\/de.proclima.com\/produkte\/dichtung-aussen\/solitex-ud\">SOLITEX UD<\/a> <a href=\"https:\/\/de.proclima.com\/produkte\/dichtung-aussen\/solitex-ud-connect\">(connect)<\/a><br><a href=\"https:\/\/de.proclima.com\/produkte\/dichtung-aussen\/solitex-plus\">SOLITEX PLUS<\/a> <a href=\"https:\/\/de.proclima.com\/produkte\/dichtung-aussen\/solitex-plus-connect\">(connect)<\/a><\/td><\/tr><\/tbody><\/table><\/figure>\n\n\n\n<p>Bei Dachneigungen \u2264 15\u00b0 sind zus\u00e4tzlich geeignete Dichtb\u00e4nder in der \u00dcberdeckung vorzusehen.<\/p>\n\n\n\n<h2 class=\"wp-block-heading\">Nicht selbsttragende Metalldeckungen<\/h2>\n\n\n\n<h2 class=\"wp-block-heading\">Regeldachneigungen bei nicht selbsttragenden Metalldeckungen<\/h2>\n\n\n\n<figure class=\"wp-block-table is-style-stripes\"><table><thead><tr><th><strong>Deckungsart<\/strong><\/th><th><strong>Regeldachneigung<\/strong><\/th><\/tr><\/thead><tbody><tr><td>Doppelstehfalzdeckung<\/td><td>7\u00b0<\/td><\/tr><tr><td>Winkelstehfalzdeckung<\/td><td>25\u00b0<br>35\u00b0 bei erh\u00f6hten Anforderungen<br>(aus klimatischen Verh\u00e4ltnissen oder exponierter Lage)<\/td><\/tr><tr><td>Leistenfalzdeckung Deutsche Art<\/td><td>7\u00b0<\/td><\/tr><tr><td>Rollnahtgeschwei\u00dfte Edelstahldeckung<\/td><td>gef\u00e4llelos<\/td><\/tr><tr><td>Bleideckung mit Hohl\u00ad-, Holzwulst oder Leisten<\/td><td>10\u00b0<\/td><\/tr><\/tbody><\/table><\/figure>\n\n\n\n<h2 class=\"wp-block-heading\">Bei Unterschreitung der Regeldachneigung sind Zusatzma\u00dfnahmen erforderlich<\/h2>\n\n\n\n<p>Diese k\u00f6nnen z. B. sein:<\/p>\n\n\n\n<ul class=\"wp-block-list\"><li>Dichtbandeinlage<\/li><li>Falzerh\u00f6hung<\/li><li>Unterdach (bei Dachneigungen \u2265 5\u00b0 mit <a href=\"https:\/\/de.proclima.com\/produkte\/dichtung-aussen\/solitex-weldano\">SOLITEX WELDANO<\/a> m\u00f6glich)<\/li><\/ul>\n\n\n\n<p>Die Mindestdachneigung betr\u00e4gt 3\u00b0.<\/p>\n\n\n\n<h2 class=\"wp-block-heading\">Trennlagen<\/h2>\n\n\n\n<p>Zwischen Metalldeckung und Deckunterlage (Dachschalung) k\u00f6nnen Trennlagen erforderlich sein.<\/p>\n\n\n\n<p><strong>Trennlagen sind erforderlich nach ZVDH-Fachregeln f\u00fcr Metallarbeiten bei:<\/strong><\/p>\n\n\n\n<ul class=\"wp-block-list\"><li>Deckunterlagen aus Massivholz, wenn Holzschutzmittel oder Verleimung sich sch\u00e4digend auf die verwendeten Metalle auswirken k\u00f6nnten.<\/li><li>Deckunterlagen aus Holzwerkstoffplatten prinzipiell.<\/li><\/ul>\n\n\n\n<p><strong>Trennlagen k\u00f6nnen hergestellt werden aus:<\/strong><\/p>\n\n\n\n<ul class=\"wp-block-list\"><li>Bitumenbahnen, fein besandet (aufgrund des hohen Diffusionswiderstandes hinsichtlich des Tauwasserschutzes nachteilig),<\/li><li>geeigneten Unterdeckbahnen (z. B. pro clima <a href=\"https:\/\/de.proclima.com\/produkte\/dichtung-aussen\/solitex-mento-1000\">SOLITEX MENTO 1000<\/a> \/ <a href=\"https:\/\/de.proclima.com\/produkte\/dichtung-aussen\/solitex-mento-3000\">3000<\/a> \/ <a href=\"https:\/\/de.proclima.com\/produkte\/dichtung-aussen\/solitex-mento-5000\">5000<\/a> \/ <a href=\"https:\/\/de.proclima.com\/produkte\/dichtung-aussen\/solitex-mento-plus\">PLUS<\/a> \/ <a href=\"https:\/\/de.proclima.com\/produkte\/dichtung-aussen\/solitex-mento-ultra\">ULTRA<\/a> <a href=\"https:\/\/de.proclima.com\/produkte\/dichtung-aussen\/solitex-mento-ultra-connect\">[connect],<\/a><br><a href=\"https:\/\/de.proclima.com\/produkte\/dichtung-aussen\/solitex-ud\">SOLITEX UD<\/a> <a href=\"https:\/\/de.proclima.com\/produkte\/dichtung-aussen\/solitex-ud-connect\">[connect]<\/a> oder <a href=\"https:\/\/de.proclima.com\/produkte\/dichtung-aussen\/solitex-plus\">SOLITEX PLUS<\/a> <a href=\"https:\/\/de.proclima.com\/produkte\/dichtung-aussen\/solitex-plus-connect\">[connect]<\/a> ) oder<\/li><li>Kunststoffbahn mit strukturierter Trennlage mit Drainagefunktion (z. B. pro clima <a href=\"https:\/\/de.proclima.com\/produkte\/dichtung-aussen\/solitex-um-connect\">SOLITEX UM connect<\/a><\/li><\/ul>\n\n\n\n<p>Kunststoffbahnen mit Drainagefunktion (z. B. pro clima <a href=\"https:\/\/de.proclima.com\/produkte\/dichtung-aussen\/solitex-um-connect\">SOLITEX UM connect<\/a> sch\u00fctzen Metalle vor Korrosion durch Kondensat und d\u00e4mpfen Ger\u00e4usche durch Regen und Hagel.<\/p>\n\n\n\n<p><strong>Trennlagen mit Drainagefunktion (z. B. pro clima <a href=\"https:\/\/de.proclima.com\/produkte\/dichtung-aussen\/solitex-um-connect\">SOLITEX UM connect<\/a>) k\u00f6nnen zwingend erforderlich sein:<\/strong><\/p>\n\n\n\n<ul class=\"wp-block-list\"><li>bei Deckungen aus bestimmten Metallarten (z. B. Titanzink unter Umsta\u0308nden in Abha\u0308ngigkeit der Dachneigung),<\/li><li>bei entsprechenden Forderungen bzw. Einsatzempfehlungen des Metallherstellers bzw.<\/li><li>je nach Regelwerk aufgrund des Materials der Deckunterlage<\/li><\/ul>\n\n\n\n<p>Nach Klempnerfachregel des ZVHSK ist beispielsweise bei Dachschalungen aus Holzwerkstoffplatten generell eine strukturierte Trennlage (Trennlage mit Drainagefunktion) vorzusehen.<\/p>\n\n\n\n<h2 class=\"wp-block-heading\"><strong>Videoserie mit Bauingenieur und Leiter der pro clima Anwendungstechnik, Michael F\u00f6rster, zum Thema Au\u00dfendichtung<\/strong><\/h2>\n\n\n<iframe loading=\"lazy\"  id=\"_ytid_38252\" width=\"1170\" height=\"658\" src=\"https:\/\/www.youtube-nocookie.com\/embed\/?enablejsapi=1&listType=playlist&list=PLu-PcQTh51rvel4DUGeOeOXCN6z2D9J57&autoplay=0&cc_load_policy=0&iv_load_policy=1&loop=0&modestbranding=1&rel=0&showinfo=0&fs=1&playsinline=1&controls=2&autohide=2&theme=light&color=red&hl=de_DE&\" class=\"__youtube_prefs__\" title=\"YouTube player\"  allowfullscreen data-no-lazy=\"1\" data-skipgform_ajax_framebjll=\"\"><\/iframe>\n\n\n\n<h2 class=\"wp-block-heading\"><strong>Artikelserie Winddichtung au\u00dfen<\/strong><\/h2>\n\n\n\n<ol class=\"wp-block-list\"><li><a href=\"https:\/\/blog.proclima.com\/de\/2019\/03\/winddichtung-aussen-zusatzmassnahmen-nach-zvdh\/\">Zusatzma\u00dfnahmen mit pro clima Bahnen nach ZVDH<\/a><\/li><li><a href=\"https:\/\/blog.proclima.com\/de\/2019\/03\/windsicherung-aussen-regeldachneigung-der-dacheindeckung\/\">Regeldachneigung der Dacheindeckung<\/a><\/li><li><a href=\"https:\/\/blog.proclima.com\/de\/2019\/03\/windsicherung-aussen-behelfsdeckung\/\">Behelfsdeckung<\/a><\/li><li><a href=\"https:\/\/blog.proclima.com\/de\/2019\/03\/windsicherung-aussen-schieferdeckungen\/\">Schieferdeckungen<\/a><\/li><li><a href=\"https:\/\/blog.proclima.com\/de\/2019\/03\/windsicherung-aussen-faserzement-wellplatten\/\">Faserzement-Wellplatten<\/a><\/li><li><strong>Metalldeckungen<\/strong><\/li><\/ol>\n\n\n\n<h2 class=\"wp-block-heading\"><strong>Weitere Informationen<\/strong><\/h2>\n\n\n\n<ul class=\"wp-block-list\"><li>Produktinformationen <a href=\"https:\/\/de.proclima.com\/produkte\/dichtung-aussen\">Un\u00adter\u00addeck- und Un\u00adter\u00adspann\u00adbah\u00adnen, Unterdachbahnen<\/a><\/li><li>Produktinformationen <a href=\"https:\/\/de.proclima.com\/produkte\/verbindungsmittel\/detailloesungen\">Verbindungsmittel\/Detaill\u00f6sungen<\/a><\/li><li>Produktinformationen <a href=\"https:\/\/de.proclima.com\/produkte\/verbindungsmittel\/klebebaender\">Klebeb\u00e4nder<\/a><\/li><\/ul>\n","protected":false},"excerpt":{"rendered":"<p>Metalleindeckungen werden grunds\u00e4tzlich unterschieden in: selbsttragende Metalldeckungen (Blech mit z. B. Well-\u00ad oder Trapezprofil, die auf linienf\u00f6rmigen Auflagern aufgebracht werden) und nicht selbsttragende Metalldeckungen (vollfl\u00e4chig <a href=\"https:\/\/blog.proclima.com\/de\/2019\/03\/windsicherung-aussen-metalldeckungen\/\" rel=\"bookmark\">&#8230;<\/a><\/p>\n","protected":false},"author":31,"featured_media":7769,"comment_status":"open","ping_status":"open","sticky":false,"template":"","format":"standard","meta":{"footnotes":""},"categories":[1402],"tags":[1399,126,1390,1400,1401,113,303,1385,1194],"class_list":["post-7763","post","type-post","status-publish","format-standard","has-post-thumbnail","hentry","category-winddichtung","tag-metalldeckung","tag-michael-forster","tag-regeldachneigung","tag-selbsttragende-metalldeckung","tag-unterdach","tag-warmedammung","tag-winddichtung-ausen","tag-windsicherung","tag-witterungsschutz"],"yoast_head":"<!-- This site is optimized with the Yoast SEO plugin v27.5 - https:\/\/yoast.com\/product\/yoast-seo-wordpress\/ -->\n<title>Winddichtung au\u00dfen: Ma\u00dfnahmen bei Metalleindeckungen &#187; pro clima Blog - Deutschland<\/title>\n<meta name=\"robots\" content=\"index, follow, max-snippet:-1, max-image-preview:large, max-video-preview:-1\" \/>\n<link rel=\"canonical\" href=\"https:\/\/blog.proclima.com\/de\/2019\/03\/windsicherung-aussen-metalldeckungen\/\" \/>\n<meta property=\"og:locale\" content=\"de_DE\" \/>\n<meta property=\"og:type\" content=\"article\" \/>\n<meta property=\"og:title\" content=\"Winddichtung au\u00dfen: Ma\u00dfnahmen bei Metalleindeckungen &#187; pro clima Blog - Deutschland\" \/>\n<meta property=\"og:description\" content=\"Metalleindeckungen werden grunds\u00e4tzlich unterschieden in: selbsttragende Metalldeckungen (Blech mit z. B. Well-\u00ad oder Trapezprofil, die auf linienf\u00f6rmigen Auflagern aufgebracht werden) und nicht selbsttragende Metalldeckungen (vollfl\u00e4chig ...\" \/>\n<meta property=\"og:url\" content=\"https:\/\/blog.proclima.com\/de\/2019\/03\/windsicherung-aussen-metalldeckungen\/\" \/>\n<meta property=\"og:site_name\" content=\"pro clima Blog - Deutschland\" \/>\n<meta property=\"article:publisher\" content=\"https:\/\/www.facebook.com\/proclima\" \/>\n<meta property=\"article:author\" content=\"https:\/\/www.facebook.com\/cornelia.laessing\" \/>\n<meta property=\"article:published_time\" content=\"2019-03-14T09:00:32+00:00\" \/>\n<meta property=\"article:modified_time\" content=\"2021-10-19T12:36:16+00:00\" \/>\n<meta property=\"og:image\" content=\"https:\/\/blog.proclima.com\/de\/files\/2019\/08\/windsicherung-dach-metalldeckung.jpg\" \/>\n\t<meta property=\"og:image:width\" content=\"1200\" \/>\n\t<meta property=\"og:image:height\" content=\"518\" \/>\n\t<meta property=\"og:image:type\" content=\"image\/jpeg\" \/>\n<meta name=\"author\" content=\"Cornelia L\u00e4ssing\" \/>\n<meta name=\"twitter:card\" content=\"summary_large_image\" \/>\n<meta name=\"twitter:creator\" content=\"@connylaessing\" \/>\n<meta name=\"twitter:site\" content=\"@proclimaDE\" \/>\n<meta name=\"twitter:label1\" content=\"Verfasst von\" \/>\n\t<meta name=\"twitter:data1\" content=\"Cornelia L\u00e4ssing\" \/>\n\t<meta name=\"twitter:label2\" content=\"Gesch\u00e4tzte Lesezeit\" \/>\n\t<meta name=\"twitter:data2\" content=\"2\u00a0Minuten\" \/>\n<script type=\"application\/ld+json\" class=\"yoast-schema-graph\">{\"@context\":\"https:\\\/\\\/schema.org\",\"@graph\":[{\"@type\":\"Article\",\"@id\":\"https:\\\/\\\/blog.proclima.com\\\/de\\\/2019\\\/03\\\/windsicherung-aussen-metalldeckungen\\\/#article\",\"isPartOf\":{\"@id\":\"https:\\\/\\\/blog.proclima.com\\\/de\\\/2019\\\/03\\\/windsicherung-aussen-metalldeckungen\\\/\"},\"author\":{\"name\":\"Cornelia L\u00e4ssing\",\"@id\":\"https:\\\/\\\/blog.proclima.com\\\/de\\\/#\\\/schema\\\/person\\\/5537f09a0342a4a72283791f5f8460b1\"},\"headline\":\"Winddichtung au\u00dfen: Ma\u00dfnahmen bei Metalleindeckungen\",\"datePublished\":\"2019-03-14T09:00:32+00:00\",\"dateModified\":\"2021-10-19T12:36:16+00:00\",\"mainEntityOfPage\":{\"@id\":\"https:\\\/\\\/blog.proclima.com\\\/de\\\/2019\\\/03\\\/windsicherung-aussen-metalldeckungen\\\/\"},\"wordCount\":494,\"commentCount\":0,\"publisher\":{\"@id\":\"https:\\\/\\\/blog.proclima.com\\\/de\\\/#organization\"},\"image\":{\"@id\":\"https:\\\/\\\/blog.proclima.com\\\/de\\\/2019\\\/03\\\/windsicherung-aussen-metalldeckungen\\\/#primaryimage\"},\"thumbnailUrl\":\"https:\\\/\\\/blog.proclima.com\\\/de\\\/files\\\/2019\\\/08\\\/windsicherung-dach-metalldeckung.jpg\",\"keywords\":[\"Metalldeckung\",\"Michael F\u00f6rster\",\"Regeldachneigung\",\"selbsttragende Metalldeckung\",\"Unterdach\",\"W\u00e4rmed\u00e4mmung\",\"Winddichtung au\u00dfen\",\"Windsicherung\",\"Witterungsschutz\"],\"articleSection\":[\"Winddichtung\"],\"inLanguage\":\"de\",\"potentialAction\":[{\"@type\":\"CommentAction\",\"name\":\"Comment\",\"target\":[\"https:\\\/\\\/blog.proclima.com\\\/de\\\/2019\\\/03\\\/windsicherung-aussen-metalldeckungen\\\/#respond\"]}]},{\"@type\":\"WebPage\",\"@id\":\"https:\\\/\\\/blog.proclima.com\\\/de\\\/2019\\\/03\\\/windsicherung-aussen-metalldeckungen\\\/\",\"url\":\"https:\\\/\\\/blog.proclima.com\\\/de\\\/2019\\\/03\\\/windsicherung-aussen-metalldeckungen\\\/\",\"name\":\"Winddichtung au\u00dfen: Ma\u00dfnahmen bei Metalleindeckungen &#187; pro clima Blog - Deutschland\",\"isPartOf\":{\"@id\":\"https:\\\/\\\/blog.proclima.com\\\/de\\\/#website\"},\"primaryImageOfPage\":{\"@id\":\"https:\\\/\\\/blog.proclima.com\\\/de\\\/2019\\\/03\\\/windsicherung-aussen-metalldeckungen\\\/#primaryimage\"},\"image\":{\"@id\":\"https:\\\/\\\/blog.proclima.com\\\/de\\\/2019\\\/03\\\/windsicherung-aussen-metalldeckungen\\\/#primaryimage\"},\"thumbnailUrl\":\"https:\\\/\\\/blog.proclima.com\\\/de\\\/files\\\/2019\\\/08\\\/windsicherung-dach-metalldeckung.jpg\",\"datePublished\":\"2019-03-14T09:00:32+00:00\",\"dateModified\":\"2021-10-19T12:36:16+00:00\",\"breadcrumb\":{\"@id\":\"https:\\\/\\\/blog.proclima.com\\\/de\\\/2019\\\/03\\\/windsicherung-aussen-metalldeckungen\\\/#breadcrumb\"},\"inLanguage\":\"de\",\"potentialAction\":[{\"@type\":\"ReadAction\",\"target\":[\"https:\\\/\\\/blog.proclima.com\\\/de\\\/2019\\\/03\\\/windsicherung-aussen-metalldeckungen\\\/\"]}]},{\"@type\":\"ImageObject\",\"inLanguage\":\"de\",\"@id\":\"https:\\\/\\\/blog.proclima.com\\\/de\\\/2019\\\/03\\\/windsicherung-aussen-metalldeckungen\\\/#primaryimage\",\"url\":\"https:\\\/\\\/blog.proclima.com\\\/de\\\/files\\\/2019\\\/08\\\/windsicherung-dach-metalldeckung.jpg\",\"contentUrl\":\"https:\\\/\\\/blog.proclima.com\\\/de\\\/files\\\/2019\\\/08\\\/windsicherung-dach-metalldeckung.jpg\",\"width\":1200,\"height\":518,\"caption\":\"Windsicherung au\u00dfen: Metalldeckungen\"},{\"@type\":\"BreadcrumbList\",\"@id\":\"https:\\\/\\\/blog.proclima.com\\\/de\\\/2019\\\/03\\\/windsicherung-aussen-metalldeckungen\\\/#breadcrumb\",\"itemListElement\":[{\"@type\":\"ListItem\",\"position\":1,\"name\":\"Startseite\",\"item\":\"https:\\\/\\\/blog.proclima.com\\\/de\\\/\"},{\"@type\":\"ListItem\",\"position\":2,\"name\":\"Winddichtung au\u00dfen: Ma\u00dfnahmen bei Metalleindeckungen\"}]},{\"@type\":\"WebSite\",\"@id\":\"https:\\\/\\\/blog.proclima.com\\\/de\\\/#website\",\"url\":\"https:\\\/\\\/blog.proclima.com\\\/de\\\/\",\"name\":\"pro clima Blog - Deutschland\",\"description\":\"alles was pro clima bewegt\",\"publisher\":{\"@id\":\"https:\\\/\\\/blog.proclima.com\\\/de\\\/#organization\"},\"potentialAction\":[{\"@type\":\"SearchAction\",\"target\":{\"@type\":\"EntryPoint\",\"urlTemplate\":\"https:\\\/\\\/blog.proclima.com\\\/de\\\/?s={search_term_string}\"},\"query-input\":{\"@type\":\"PropertyValueSpecification\",\"valueRequired\":true,\"valueName\":\"search_term_string\"}}],\"inLanguage\":\"de\"},{\"@type\":\"Organization\",\"@id\":\"https:\\\/\\\/blog.proclima.com\\\/de\\\/#organization\",\"name\":\"pro clima - Moll bau\u00f6kologische Produkte GmbH\",\"url\":\"https:\\\/\\\/blog.proclima.com\\\/de\\\/\",\"logo\":{\"@type\":\"ImageObject\",\"inLanguage\":\"de\",\"@id\":\"https:\\\/\\\/blog.proclima.com\\\/de\\\/#\\\/schema\\\/logo\\\/image\\\/\",\"url\":\"https:\\\/\\\/blog.proclima.com\\\/de\\\/files\\\/2020\\\/04\\\/Logo-pro-clima.png\",\"contentUrl\":\"https:\\\/\\\/blog.proclima.com\\\/de\\\/files\\\/2020\\\/04\\\/Logo-pro-clima.png\",\"width\":4210,\"height\":4881,\"caption\":\"pro clima - Moll bau\u00f6kologische Produkte GmbH\"},\"image\":{\"@id\":\"https:\\\/\\\/blog.proclima.com\\\/de\\\/#\\\/schema\\\/logo\\\/image\\\/\"},\"sameAs\":[\"https:\\\/\\\/www.facebook.com\\\/proclima\",\"https:\\\/\\\/x.com\\\/proclimaDE\"]},{\"@type\":\"Person\",\"@id\":\"https:\\\/\\\/blog.proclima.com\\\/de\\\/#\\\/schema\\\/person\\\/5537f09a0342a4a72283791f5f8460b1\",\"name\":\"Cornelia L\u00e4ssing\",\"description\":\"Cornelia L\u00e4ssing ist ausgebildete Mediengestalterin und hat sich auf Online-Marketing spezialisiert. Sie betreut u.a. die Social Media Kan\u00e4le von pro clima. Sie ist zudem verantwortlich f\u00fcr die Online-Seminare der pro clima Wissenswerkstatt \u2013 hier wird Bau-Wissen unterhaltsam und einpr\u00e4gend vermittelt.\",\"sameAs\":[\"https:\\\/\\\/www.facebook.com\\\/cornelia.laessing\",\"https:\\\/\\\/www.linkedin.com\\\/in\\\/cornelia-lssing\\\/\",\"https:\\\/\\\/x.com\\\/connylaessing\"],\"url\":\"https:\\\/\\\/blog.proclima.com\\\/de\\\/author\\\/cornelia\\\/\"}]}<\/script>\n<!-- \/ Yoast SEO plugin. -->","yoast_head_json":{"title":"Winddichtung au\u00dfen: Ma\u00dfnahmen bei Metalleindeckungen &#187; pro clima Blog - Deutschland","robots":{"index":"index","follow":"follow","max-snippet":"max-snippet:-1","max-image-preview":"max-image-preview:large","max-video-preview":"max-video-preview:-1"},"canonical":"https:\/\/blog.proclima.com\/de\/2019\/03\/windsicherung-aussen-metalldeckungen\/","og_locale":"de_DE","og_type":"article","og_title":"Winddichtung au\u00dfen: Ma\u00dfnahmen bei Metalleindeckungen &#187; pro clima Blog - Deutschland","og_description":"Metalleindeckungen werden grunds\u00e4tzlich unterschieden in: selbsttragende Metalldeckungen (Blech mit z. B. Well-\u00ad oder Trapezprofil, die auf linienf\u00f6rmigen Auflagern aufgebracht werden) und nicht selbsttragende Metalldeckungen (vollfl\u00e4chig ...","og_url":"https:\/\/blog.proclima.com\/de\/2019\/03\/windsicherung-aussen-metalldeckungen\/","og_site_name":"pro clima Blog - Deutschland","article_publisher":"https:\/\/www.facebook.com\/proclima","article_author":"https:\/\/www.facebook.com\/cornelia.laessing","article_published_time":"2019-03-14T09:00:32+00:00","article_modified_time":"2021-10-19T12:36:16+00:00","og_image":[{"width":1200,"height":518,"url":"https:\/\/blog.proclima.com\/de\/files\/2019\/08\/windsicherung-dach-metalldeckung.jpg","type":"image\/jpeg"}],"author":"Cornelia L\u00e4ssing","twitter_card":"summary_large_image","twitter_creator":"@connylaessing","twitter_site":"@proclimaDE","twitter_misc":{"Verfasst von":"Cornelia L\u00e4ssing","Gesch\u00e4tzte Lesezeit":"2\u00a0Minuten"},"schema":{"@context":"https:\/\/schema.org","@graph":[{"@type":"Article","@id":"https:\/\/blog.proclima.com\/de\/2019\/03\/windsicherung-aussen-metalldeckungen\/#article","isPartOf":{"@id":"https:\/\/blog.proclima.com\/de\/2019\/03\/windsicherung-aussen-metalldeckungen\/"},"author":{"name":"Cornelia L\u00e4ssing","@id":"https:\/\/blog.proclima.com\/de\/#\/schema\/person\/5537f09a0342a4a72283791f5f8460b1"},"headline":"Winddichtung au\u00dfen: Ma\u00dfnahmen bei Metalleindeckungen","datePublished":"2019-03-14T09:00:32+00:00","dateModified":"2021-10-19T12:36:16+00:00","mainEntityOfPage":{"@id":"https:\/\/blog.proclima.com\/de\/2019\/03\/windsicherung-aussen-metalldeckungen\/"},"wordCount":494,"commentCount":0,"publisher":{"@id":"https:\/\/blog.proclima.com\/de\/#organization"},"image":{"@id":"https:\/\/blog.proclima.com\/de\/2019\/03\/windsicherung-aussen-metalldeckungen\/#primaryimage"},"thumbnailUrl":"https:\/\/blog.proclima.com\/de\/files\/2019\/08\/windsicherung-dach-metalldeckung.jpg","keywords":["Metalldeckung","Michael F\u00f6rster","Regeldachneigung","selbsttragende Metalldeckung","Unterdach","W\u00e4rmed\u00e4mmung","Winddichtung au\u00dfen","Windsicherung","Witterungsschutz"],"articleSection":["Winddichtung"],"inLanguage":"de","potentialAction":[{"@type":"CommentAction","name":"Comment","target":["https:\/\/blog.proclima.com\/de\/2019\/03\/windsicherung-aussen-metalldeckungen\/#respond"]}]},{"@type":"WebPage","@id":"https:\/\/blog.proclima.com\/de\/2019\/03\/windsicherung-aussen-metalldeckungen\/","url":"https:\/\/blog.proclima.com\/de\/2019\/03\/windsicherung-aussen-metalldeckungen\/","name":"Winddichtung au\u00dfen: Ma\u00dfnahmen bei Metalleindeckungen &#187; pro clima Blog - Deutschland","isPartOf":{"@id":"https:\/\/blog.proclima.com\/de\/#website"},"primaryImageOfPage":{"@id":"https:\/\/blog.proclima.com\/de\/2019\/03\/windsicherung-aussen-metalldeckungen\/#primaryimage"},"image":{"@id":"https:\/\/blog.proclima.com\/de\/2019\/03\/windsicherung-aussen-metalldeckungen\/#primaryimage"},"thumbnailUrl":"https:\/\/blog.proclima.com\/de\/files\/2019\/08\/windsicherung-dach-metalldeckung.jpg","datePublished":"2019-03-14T09:00:32+00:00","dateModified":"2021-10-19T12:36:16+00:00","breadcrumb":{"@id":"https:\/\/blog.proclima.com\/de\/2019\/03\/windsicherung-aussen-metalldeckungen\/#breadcrumb"},"inLanguage":"de","potentialAction":[{"@type":"ReadAction","target":["https:\/\/blog.proclima.com\/de\/2019\/03\/windsicherung-aussen-metalldeckungen\/"]}]},{"@type":"ImageObject","inLanguage":"de","@id":"https:\/\/blog.proclima.com\/de\/2019\/03\/windsicherung-aussen-metalldeckungen\/#primaryimage","url":"https:\/\/blog.proclima.com\/de\/files\/2019\/08\/windsicherung-dach-metalldeckung.jpg","contentUrl":"https:\/\/blog.proclima.com\/de\/files\/2019\/08\/windsicherung-dach-metalldeckung.jpg","width":1200,"height":518,"caption":"Windsicherung au\u00dfen: Metalldeckungen"},{"@type":"BreadcrumbList","@id":"https:\/\/blog.proclima.com\/de\/2019\/03\/windsicherung-aussen-metalldeckungen\/#breadcrumb","itemListElement":[{"@type":"ListItem","position":1,"name":"Startseite","item":"https:\/\/blog.proclima.com\/de\/"},{"@type":"ListItem","position":2,"name":"Winddichtung au\u00dfen: Ma\u00dfnahmen bei Metalleindeckungen"}]},{"@type":"WebSite","@id":"https:\/\/blog.proclima.com\/de\/#website","url":"https:\/\/blog.proclima.com\/de\/","name":"pro clima Blog - Deutschland","description":"alles was pro clima bewegt","publisher":{"@id":"https:\/\/blog.proclima.com\/de\/#organization"},"potentialAction":[{"@type":"SearchAction","target":{"@type":"EntryPoint","urlTemplate":"https:\/\/blog.proclima.com\/de\/?s={search_term_string}"},"query-input":{"@type":"PropertyValueSpecification","valueRequired":true,"valueName":"search_term_string"}}],"inLanguage":"de"},{"@type":"Organization","@id":"https:\/\/blog.proclima.com\/de\/#organization","name":"pro clima - Moll bau\u00f6kologische Produkte GmbH","url":"https:\/\/blog.proclima.com\/de\/","logo":{"@type":"ImageObject","inLanguage":"de","@id":"https:\/\/blog.proclima.com\/de\/#\/schema\/logo\/image\/","url":"https:\/\/blog.proclima.com\/de\/files\/2020\/04\/Logo-pro-clima.png","contentUrl":"https:\/\/blog.proclima.com\/de\/files\/2020\/04\/Logo-pro-clima.png","width":4210,"height":4881,"caption":"pro clima - Moll bau\u00f6kologische Produkte GmbH"},"image":{"@id":"https:\/\/blog.proclima.com\/de\/#\/schema\/logo\/image\/"},"sameAs":["https:\/\/www.facebook.com\/proclima","https:\/\/x.com\/proclimaDE"]},{"@type":"Person","@id":"https:\/\/blog.proclima.com\/de\/#\/schema\/person\/5537f09a0342a4a72283791f5f8460b1","name":"Cornelia L\u00e4ssing","description":"Cornelia L\u00e4ssing ist ausgebildete Mediengestalterin und hat sich auf Online-Marketing spezialisiert. Sie betreut u.a. die Social Media Kan\u00e4le von pro clima. Sie ist zudem verantwortlich f\u00fcr die Online-Seminare der pro clima Wissenswerkstatt \u2013 hier wird Bau-Wissen unterhaltsam und einpr\u00e4gend vermittelt.","sameAs":["https:\/\/www.facebook.com\/cornelia.laessing","https:\/\/www.linkedin.com\/in\/cornelia-lssing\/","https:\/\/x.com\/connylaessing"],"url":"https:\/\/blog.proclima.com\/de\/author\/cornelia\/"}]}},"canto_acf_fields":"","_links":{"self":[{"href":"https:\/\/blog.proclima.com\/de\/wp-json\/wp\/v2\/posts\/7763","targetHints":{"allow":["GET"]}}],"collection":[{"href":"https:\/\/blog.proclima.com\/de\/wp-json\/wp\/v2\/posts"}],"about":[{"href":"https:\/\/blog.proclima.com\/de\/wp-json\/wp\/v2\/types\/post"}],"author":[{"embeddable":true,"href":"https:\/\/blog.proclima.com\/de\/wp-json\/wp\/v2\/users\/31"}],"replies":[{"embeddable":true,"href":"https:\/\/blog.proclima.com\/de\/wp-json\/wp\/v2\/comments?post=7763"}],"version-history":[{"count":11,"href":"https:\/\/blog.proclima.com\/de\/wp-json\/wp\/v2\/posts\/7763\/revisions"}],"predecessor-version":[{"id":9646,"href":"https:\/\/blog.proclima.com\/de\/wp-json\/wp\/v2\/posts\/7763\/revisions\/9646"}],"wp:featuredmedia":[{"embeddable":true,"href":"https:\/\/blog.proclima.com\/de\/wp-json\/wp\/v2\/media\/7769"}],"wp:attachment":[{"href":"https:\/\/blog.proclima.com\/de\/wp-json\/wp\/v2\/media?parent=7763"}],"wp:term":[{"taxonomy":"category","embeddable":true,"href":"https:\/\/blog.proclima.com\/de\/wp-json\/wp\/v2\/categories?post=7763"},{"taxonomy":"post_tag","embeddable":true,"href":"https:\/\/blog.proclima.com\/de\/wp-json\/wp\/v2\/tags?post=7763"}],"curies":[{"name":"wp","href":"https:\/\/api.w.org\/{rel}","templated":true}]}}