
{"id":7510,"date":"2018-05-15T15:39:44","date_gmt":"2018-05-15T13:39:44","guid":{"rendered":"http:\/\/blog.proclima.com\/de\/?p=7510"},"modified":"2021-10-21T09:33:56","modified_gmt":"2021-10-21T07:33:56","slug":"tescon-sprimer-sprueh-grundierung","status":"publish","type":"post","link":"https:\/\/blog.proclima.com\/de\/2018\/05\/tescon-sprimer-sprueh-grundierung\/","title":{"rendered":"Immer zur Hand und einfach anzuwenden:  TESCON SPRIMER \u2013 die neue Spr\u00fch-Grundierung von pro clima"},"content":{"rendered":"\n<div class=\"wp-block-image\"><figure class=\"alignright\"><a href=\"https:\/\/blog.proclima.com\/de\/files\/2018\/04\/2018_05_Abb1_Sprimer_Produkt.jpg\"><img loading=\"lazy\" decoding=\"async\" width=\"300\" height=\"200\" data-size=\"1772x1181\" src=\"https:\/\/blog.proclima.com\/de\/files\/2018\/04\/2018_05_Abb1_Sprimer_Produkt-300x200.jpg\" alt=\"\" class=\"wp-image-7512\" srcset=\"https:\/\/blog.proclima.com\/de\/files\/2018\/04\/2018_05_Abb1_Sprimer_Produkt-300x200.jpg 300w, https:\/\/blog.proclima.com\/de\/files\/2018\/04\/2018_05_Abb1_Sprimer_Produkt-1024x682.jpg 1024w, https:\/\/blog.proclima.com\/de\/files\/2018\/04\/2018_05_Abb1_Sprimer_Produkt-768x512.jpg 768w, https:\/\/blog.proclima.com\/de\/files\/2018\/04\/2018_05_Abb1_Sprimer_Produkt-1536x1024.jpg 1536w, https:\/\/blog.proclima.com\/de\/files\/2018\/04\/2018_05_Abb1_Sprimer_Produkt-384x256.jpg 384w, https:\/\/blog.proclima.com\/de\/files\/2018\/04\/2018_05_Abb1_Sprimer_Produkt.jpg 1772w\" sizes=\"auto, (max-width: 300px) 100vw, 300px\" \/><\/a><figcaption>Eintrocknende Gebinde und das l\u00e4stige S\u00e4ubern von Pinseln sind mit dem neuen TESCON SPRIMER kein Thema mehr.<\/figcaption><\/figure><\/div>\n\n\n\n<p>Wo Haftgrundierung verarbeitet wird, gibt es auch Staub. Da k\u00f6nnen Primerfl\u00fcssigkeit und Pinsel leicht verschmutzen. F\u00fcr Abhilfe sorgt jetzt TESCON SPRIMER: Weil die neuartige Grundierung direkt aus der Spr\u00fchdose kommt, bleibt sie nicht nur sauber \u2013 man muss sich auch keine Sorgen mehr um versehentlich umgesto\u00dfene oder eintrocknende Gebinde machen. Der Spr\u00fch-Primer ist im Handumdrehen einsatzbereit, l\u00e4sst sich mit Hilfe seiner einstellbaren D\u00fcse sehr exakt aufbringen und besitzt die von pro clima Haftgrundierungen bekannten Verarbeitungseigenschaften.<\/p>\n\n\n\n<h2 class=\"wp-block-heading\">Verarbeitung auch bei Minustemperaturen<\/h2>\n\n\n\n<p>Ein paarmal kr\u00e4ftig sch\u00fctteln gen\u00fcgt und schon kann man mit TESCON SPRIMER loslegen, sogar bei Frost. Die Haftgrundierung dringt tief ein und verfestigt staubige oder nicht tragf\u00e4hige Untergr\u00fcnde. Holzfaserunterdeckplatten und \u00e4hnlich saugf\u00e4hige Untergr\u00fcnde d\u00fcrfen beim Aufspr\u00fchen des Primers noch etwas feucht sein. Auf ihnen kann man auch direkt weiterarbeiten und zum Beispiel das Allround Klebeband TESCON VANA oder die Putzanschlussb\u00e4nder der CONTEGA Familie ohne Wartezeit verkleben. Bis er seine Endfestigkeit erreicht, muss TESCON SPRIMER aber in jedem Fall vollst\u00e4ndig durchtrocknen.<\/p>\n\n\n\n<figure class=\"wp-block-image alignnone size-large\"><a href=\"https:\/\/blog.proclima.com\/de\/files\/2018\/05\/v_TESCON-SPRIMER-Primer-auftragen1.jpg\"><img loading=\"lazy\" decoding=\"async\" width=\"1024\" height=\"683\" data-size=\"1772x1182\" src=\"https:\/\/blog.proclima.com\/de\/files\/2018\/05\/v_TESCON-SPRIMER-Primer-auftragen1-1024x683.jpg\" alt=\"\" class=\"wp-image-9689\" srcset=\"https:\/\/blog.proclima.com\/de\/files\/2018\/05\/v_TESCON-SPRIMER-Primer-auftragen1-1024x683.jpg 1024w, https:\/\/blog.proclima.com\/de\/files\/2018\/05\/v_TESCON-SPRIMER-Primer-auftragen1-300x200.jpg 300w, https:\/\/blog.proclima.com\/de\/files\/2018\/05\/v_TESCON-SPRIMER-Primer-auftragen1-768x512.jpg 768w, https:\/\/blog.proclima.com\/de\/files\/2018\/05\/v_TESCON-SPRIMER-Primer-auftragen1-1536x1025.jpg 1536w, https:\/\/blog.proclima.com\/de\/files\/2018\/05\/v_TESCON-SPRIMER-Primer-auftragen1-384x256.jpg 384w, https:\/\/blog.proclima.com\/de\/files\/2018\/05\/v_TESCON-SPRIMER-Primer-auftragen1.jpg 1772w\" sizes=\"auto, (max-width: 1024px) 100vw, 1024px\" \/><\/a><figcaption>TESCON SPRIMER l\u00e4sst sich exakt da aufspr\u00fchen, wo man die sichere Klebeverbindung herstellen will.<\/figcaption><\/figure>\n\n\n\n<h2 class=\"wp-block-heading\">Gesundheit im Vordergrund<\/h2>\n\n\n\n<p>Schon \u00f6fter hatten Handwerker beim Luft- und Winddichtungsspezialisten aus Schwetzingen nach einem Primer aus der Spr\u00fchdose gefragt, berichtet pro clima Anwendungstechniker Michael F\u00f6rster: \u201eIhren Wunsch zu erf\u00fcllen, hat etwas Zeit gebraucht, denn wir wollten, dass unser neuer Primer in Sachen Umwelt- und Gesundheitsschutz deutlich besser dasteht als Spr\u00fchprimer, die schon auf dem Markt sind.\u201c \u201eDer Vorteil vom Spr\u00fchprimer ist, dass es wesentlich leichter zu verarbeiten ist als das Pendant aus der Spenderflasche. Ich brauche keinen Pinsel, ich kann alles genau dorthin spr\u00fchen, wo ich es brauche. Es verklumpt auch nichts. Ich freue mich sehr, dass pro clima jetzt den TESCON SPRIMER anbietet \u2013 denn hier wei\u00df ich, dass auf Nachhaltigkeit geachtet wird und dass das Treibmittel f\u00fcr mich und meine Kollegen nicht gesundheitssch\u00e4digend ist\u201c,sagt Zimmerermeister und Bauingenieur Alexander Erny aus Mannheim. Ferner \u00fcberzeugt ihn der TESCON SPRIMER auch durch seine Handlichkeit. Die Spr\u00fchdose kann er bequem bei sich tragen und hat sie im Bedarfsfall stets griffbereit.<\/p>\n\n\n\n<p>TESCON SPRIMER ist in Dosen mit 400 und 750 Milliliter Inhalt im Handel erh\u00e4ltlich. Weitere Neuheiten von pro clima finden Sie auch auf www.proclima.de<\/p>\n\n\n\n<h2 class=\"wp-block-heading\">Weitere Informationen:<\/h2>\n\n\n\n<ul class=\"wp-block-list\"><li><strong>Produktinformation SPRIMER:<br><\/strong><a href=\"https:\/\/de.proclima.com\/produkte\/verbindungsmittel\/primer\/tescon-sprimer\">https:\/\/de.proclima.com\/produkte\/verbindungsmittel\/primer\/tescon-sprimer<\/a><strong><br><\/strong><\/li><li><strong>Verarbeitung SPRIMER:<br><\/strong><a href=\"http:\/\/www.wissenwiki.de\/Verarbeitung_(TESCON_SPRIMER)\">http:\/\/www.wissenwiki.de\/Verarbeitung_(TESCON_SPRIMER)<\/a><strong><br><\/strong><\/li><li><strong>Planungs- und Sanierungshandbuch WISSEN:<\/strong><br><a href=\"https:\/\/blog.proclima.com\/de\/2018\/04\/handbuch-wissen-2018-19\/\">https:\/\/blog.proclima.com\/de\/2018\/04\/handbuch-wissen-2018-19\/<\/a><\/li><li><strong>Alle Bilder und die Pressemitteilung als PDF \/ Text zum Download:<\/strong><br><a href=\"https:\/\/owncloud.moll-group.eu\/index.php\/s\/7sbjQ4IDq4K86yQ\">https:\/\/owncloud.moll-group.eu\/index.php\/s\/7sbjQ4IDq4K86yQ<\/a><\/li><\/ul>\n\n\n\n<p><strong><a href=\"https:\/\/blog.proclima.com\/de\/presse\/\">Pressekontakt<\/a><\/strong><\/p>\n","protected":false},"excerpt":{"rendered":"<p>Wo Haftgrundierung verarbeitet wird, gibt es auch Staub. Da k\u00f6nnen Primerfl\u00fcssigkeit und Pinsel leicht verschmutzen. F\u00fcr Abhilfe sorgt jetzt TESCON SPRIMER: Weil die neuartige Grundierung <a href=\"https:\/\/blog.proclima.com\/de\/2018\/05\/tescon-sprimer-sprueh-grundierung\/\" rel=\"bookmark\">&#8230;<\/a><\/p>\n","protected":false},"author":31,"featured_media":9688,"comment_status":"open","ping_status":"open","sticky":false,"template":"","format":"standard","meta":{"footnotes":""},"categories":[776],"tags":[1363,1362,1361,823,1359,1364,1360,46],"class_list":["post-7510","post","type-post","status-publish","format-standard","has-post-thumbnail","hentry","category-produkte","tag-grundierung","tag-haftgrundierung","tag-primer","tag-produktneuheit","tag-sprimer","tag-spruehdose","tag-spruehprimer","tag-tescon"],"yoast_head":"<!-- This site is optimized with the Yoast SEO plugin v27.5 - https:\/\/yoast.com\/product\/yoast-seo-wordpress\/ -->\n<title>Immer zur Hand und einfach anzuwenden: TESCON SPRIMER \u2013 die neue Spr\u00fch-Grundierung von pro clima &#187; pro clima Blog - Deutschland<\/title>\n<meta name=\"robots\" content=\"index, follow, max-snippet:-1, max-image-preview:large, max-video-preview:-1\" \/>\n<link rel=\"canonical\" href=\"https:\/\/blog.proclima.com\/de\/2018\/05\/tescon-sprimer-sprueh-grundierung\/\" \/>\n<meta property=\"og:locale\" content=\"de_DE\" \/>\n<meta property=\"og:type\" content=\"article\" \/>\n<meta property=\"og:title\" content=\"Immer zur Hand und einfach anzuwenden: TESCON SPRIMER \u2013 die neue Spr\u00fch-Grundierung von pro clima &#187; pro clima Blog - Deutschland\" \/>\n<meta property=\"og:description\" content=\"Wo Haftgrundierung verarbeitet wird, gibt es auch Staub. Da k\u00f6nnen Primerfl\u00fcssigkeit und Pinsel leicht verschmutzen. F\u00fcr Abhilfe sorgt jetzt TESCON SPRIMER: Weil die neuartige Grundierung ...\" \/>\n<meta property=\"og:url\" content=\"https:\/\/blog.proclima.com\/de\/2018\/05\/tescon-sprimer-sprueh-grundierung\/\" \/>\n<meta property=\"og:site_name\" content=\"pro clima Blog - Deutschland\" \/>\n<meta property=\"article:publisher\" content=\"https:\/\/www.facebook.com\/proclima\" \/>\n<meta property=\"article:author\" content=\"https:\/\/www.facebook.com\/cornelia.laessing\" \/>\n<meta property=\"article:published_time\" content=\"2018-05-15T13:39:44+00:00\" \/>\n<meta property=\"article:modified_time\" content=\"2021-10-21T07:33:56+00:00\" \/>\n<meta property=\"og:image\" content=\"https:\/\/blog.proclima.com\/de\/files\/2018\/05\/v_TESCON-SPRIMER-Primer-auftragen-scaled.jpg\" \/>\n\t<meta property=\"og:image:width\" content=\"2560\" \/>\n\t<meta property=\"og:image:height\" content=\"1709\" \/>\n\t<meta property=\"og:image:type\" content=\"image\/jpeg\" \/>\n<meta name=\"author\" content=\"Cornelia L\u00e4ssing\" \/>\n<meta name=\"twitter:card\" content=\"summary_large_image\" \/>\n<meta name=\"twitter:creator\" content=\"@connylaessing\" \/>\n<meta name=\"twitter:site\" content=\"@proclimaDE\" \/>\n<meta name=\"twitter:label1\" content=\"Verfasst von\" \/>\n\t<meta name=\"twitter:data1\" content=\"Cornelia L\u00e4ssing\" \/>\n\t<meta name=\"twitter:label2\" content=\"Gesch\u00e4tzte Lesezeit\" \/>\n\t<meta name=\"twitter:data2\" content=\"2\u00a0Minuten\" \/>\n<script type=\"application\/ld+json\" class=\"yoast-schema-graph\">{\"@context\":\"https:\\\/\\\/schema.org\",\"@graph\":[{\"@type\":\"Article\",\"@id\":\"https:\\\/\\\/blog.proclima.com\\\/de\\\/2018\\\/05\\\/tescon-sprimer-sprueh-grundierung\\\/#article\",\"isPartOf\":{\"@id\":\"https:\\\/\\\/blog.proclima.com\\\/de\\\/2018\\\/05\\\/tescon-sprimer-sprueh-grundierung\\\/\"},\"author\":{\"name\":\"Cornelia L\u00e4ssing\",\"@id\":\"https:\\\/\\\/blog.proclima.com\\\/de\\\/#\\\/schema\\\/person\\\/5537f09a0342a4a72283791f5f8460b1\"},\"headline\":\"Immer zur Hand und einfach anzuwenden: TESCON SPRIMER \u2013 die neue Spr\u00fch-Grundierung von pro clima\",\"datePublished\":\"2018-05-15T13:39:44+00:00\",\"dateModified\":\"2021-10-21T07:33:56+00:00\",\"mainEntityOfPage\":{\"@id\":\"https:\\\/\\\/blog.proclima.com\\\/de\\\/2018\\\/05\\\/tescon-sprimer-sprueh-grundierung\\\/\"},\"wordCount\":474,\"commentCount\":0,\"publisher\":{\"@id\":\"https:\\\/\\\/blog.proclima.com\\\/de\\\/#organization\"},\"image\":{\"@id\":\"https:\\\/\\\/blog.proclima.com\\\/de\\\/2018\\\/05\\\/tescon-sprimer-sprueh-grundierung\\\/#primaryimage\"},\"thumbnailUrl\":\"https:\\\/\\\/blog.proclima.com\\\/de\\\/files\\\/2018\\\/05\\\/v_TESCON-SPRIMER-Primer-auftragen-scaled.jpg\",\"keywords\":[\"Grundierung\",\"Haftgrundierung\",\"Primer\",\"Produktneuheit\",\"SPRIMER\",\"Spr\u00fchdose\",\"Spr\u00fchprimer\",\"tescon\"],\"articleSection\":[\"Produkte\"],\"inLanguage\":\"de\",\"potentialAction\":[{\"@type\":\"CommentAction\",\"name\":\"Comment\",\"target\":[\"https:\\\/\\\/blog.proclima.com\\\/de\\\/2018\\\/05\\\/tescon-sprimer-sprueh-grundierung\\\/#respond\"]}]},{\"@type\":\"WebPage\",\"@id\":\"https:\\\/\\\/blog.proclima.com\\\/de\\\/2018\\\/05\\\/tescon-sprimer-sprueh-grundierung\\\/\",\"url\":\"https:\\\/\\\/blog.proclima.com\\\/de\\\/2018\\\/05\\\/tescon-sprimer-sprueh-grundierung\\\/\",\"name\":\"Immer zur Hand und einfach anzuwenden: TESCON SPRIMER \u2013 die neue Spr\u00fch-Grundierung von pro clima &#187; pro clima Blog - Deutschland\",\"isPartOf\":{\"@id\":\"https:\\\/\\\/blog.proclima.com\\\/de\\\/#website\"},\"primaryImageOfPage\":{\"@id\":\"https:\\\/\\\/blog.proclima.com\\\/de\\\/2018\\\/05\\\/tescon-sprimer-sprueh-grundierung\\\/#primaryimage\"},\"image\":{\"@id\":\"https:\\\/\\\/blog.proclima.com\\\/de\\\/2018\\\/05\\\/tescon-sprimer-sprueh-grundierung\\\/#primaryimage\"},\"thumbnailUrl\":\"https:\\\/\\\/blog.proclima.com\\\/de\\\/files\\\/2018\\\/05\\\/v_TESCON-SPRIMER-Primer-auftragen-scaled.jpg\",\"datePublished\":\"2018-05-15T13:39:44+00:00\",\"dateModified\":\"2021-10-21T07:33:56+00:00\",\"breadcrumb\":{\"@id\":\"https:\\\/\\\/blog.proclima.com\\\/de\\\/2018\\\/05\\\/tescon-sprimer-sprueh-grundierung\\\/#breadcrumb\"},\"inLanguage\":\"de\",\"potentialAction\":[{\"@type\":\"ReadAction\",\"target\":[\"https:\\\/\\\/blog.proclima.com\\\/de\\\/2018\\\/05\\\/tescon-sprimer-sprueh-grundierung\\\/\"]}]},{\"@type\":\"ImageObject\",\"inLanguage\":\"de\",\"@id\":\"https:\\\/\\\/blog.proclima.com\\\/de\\\/2018\\\/05\\\/tescon-sprimer-sprueh-grundierung\\\/#primaryimage\",\"url\":\"https:\\\/\\\/blog.proclima.com\\\/de\\\/files\\\/2018\\\/05\\\/v_TESCON-SPRIMER-Primer-auftragen-scaled.jpg\",\"contentUrl\":\"https:\\\/\\\/blog.proclima.com\\\/de\\\/files\\\/2018\\\/05\\\/v_TESCON-SPRIMER-Primer-auftragen-scaled.jpg\",\"width\":2560,\"height\":1709},{\"@type\":\"BreadcrumbList\",\"@id\":\"https:\\\/\\\/blog.proclima.com\\\/de\\\/2018\\\/05\\\/tescon-sprimer-sprueh-grundierung\\\/#breadcrumb\",\"itemListElement\":[{\"@type\":\"ListItem\",\"position\":1,\"name\":\"Startseite\",\"item\":\"https:\\\/\\\/blog.proclima.com\\\/de\\\/\"},{\"@type\":\"ListItem\",\"position\":2,\"name\":\"Immer zur Hand und einfach anzuwenden: TESCON SPRIMER \u2013 die neue Spr\u00fch-Grundierung von pro clima\"}]},{\"@type\":\"WebSite\",\"@id\":\"https:\\\/\\\/blog.proclima.com\\\/de\\\/#website\",\"url\":\"https:\\\/\\\/blog.proclima.com\\\/de\\\/\",\"name\":\"pro clima Blog - Deutschland\",\"description\":\"alles was pro clima bewegt\",\"publisher\":{\"@id\":\"https:\\\/\\\/blog.proclima.com\\\/de\\\/#organization\"},\"potentialAction\":[{\"@type\":\"SearchAction\",\"target\":{\"@type\":\"EntryPoint\",\"urlTemplate\":\"https:\\\/\\\/blog.proclima.com\\\/de\\\/?s={search_term_string}\"},\"query-input\":{\"@type\":\"PropertyValueSpecification\",\"valueRequired\":true,\"valueName\":\"search_term_string\"}}],\"inLanguage\":\"de\"},{\"@type\":\"Organization\",\"@id\":\"https:\\\/\\\/blog.proclima.com\\\/de\\\/#organization\",\"name\":\"pro clima - Moll bau\u00f6kologische Produkte GmbH\",\"url\":\"https:\\\/\\\/blog.proclima.com\\\/de\\\/\",\"logo\":{\"@type\":\"ImageObject\",\"inLanguage\":\"de\",\"@id\":\"https:\\\/\\\/blog.proclima.com\\\/de\\\/#\\\/schema\\\/logo\\\/image\\\/\",\"url\":\"https:\\\/\\\/blog.proclima.com\\\/de\\\/files\\\/2020\\\/04\\\/Logo-pro-clima.png\",\"contentUrl\":\"https:\\\/\\\/blog.proclima.com\\\/de\\\/files\\\/2020\\\/04\\\/Logo-pro-clima.png\",\"width\":4210,\"height\":4881,\"caption\":\"pro clima - Moll bau\u00f6kologische Produkte GmbH\"},\"image\":{\"@id\":\"https:\\\/\\\/blog.proclima.com\\\/de\\\/#\\\/schema\\\/logo\\\/image\\\/\"},\"sameAs\":[\"https:\\\/\\\/www.facebook.com\\\/proclima\",\"https:\\\/\\\/x.com\\\/proclimaDE\"]},{\"@type\":\"Person\",\"@id\":\"https:\\\/\\\/blog.proclima.com\\\/de\\\/#\\\/schema\\\/person\\\/5537f09a0342a4a72283791f5f8460b1\",\"name\":\"Cornelia L\u00e4ssing\",\"description\":\"Cornelia L\u00e4ssing ist ausgebildete Mediengestalterin und hat sich auf Online-Marketing spezialisiert. Sie betreut u.a. die Social Media Kan\u00e4le von pro clima. Sie ist zudem verantwortlich f\u00fcr die Online-Seminare der pro clima Wissenswerkstatt \u2013 hier wird Bau-Wissen unterhaltsam und einpr\u00e4gend vermittelt.\",\"sameAs\":[\"https:\\\/\\\/www.facebook.com\\\/cornelia.laessing\",\"https:\\\/\\\/www.linkedin.com\\\/in\\\/cornelia-lssing\\\/\",\"https:\\\/\\\/x.com\\\/connylaessing\"],\"url\":\"https:\\\/\\\/blog.proclima.com\\\/de\\\/author\\\/cornelia\\\/\"}]}<\/script>\n<!-- \/ Yoast SEO plugin. -->","yoast_head_json":{"title":"Immer zur Hand und einfach anzuwenden: TESCON SPRIMER \u2013 die neue Spr\u00fch-Grundierung von pro clima &#187; pro clima Blog - Deutschland","robots":{"index":"index","follow":"follow","max-snippet":"max-snippet:-1","max-image-preview":"max-image-preview:large","max-video-preview":"max-video-preview:-1"},"canonical":"https:\/\/blog.proclima.com\/de\/2018\/05\/tescon-sprimer-sprueh-grundierung\/","og_locale":"de_DE","og_type":"article","og_title":"Immer zur Hand und einfach anzuwenden: TESCON SPRIMER \u2013 die neue Spr\u00fch-Grundierung von pro clima &#187; pro clima Blog - Deutschland","og_description":"Wo Haftgrundierung verarbeitet wird, gibt es auch Staub. Da k\u00f6nnen Primerfl\u00fcssigkeit und Pinsel leicht verschmutzen. F\u00fcr Abhilfe sorgt jetzt TESCON SPRIMER: Weil die neuartige Grundierung ...","og_url":"https:\/\/blog.proclima.com\/de\/2018\/05\/tescon-sprimer-sprueh-grundierung\/","og_site_name":"pro clima Blog - Deutschland","article_publisher":"https:\/\/www.facebook.com\/proclima","article_author":"https:\/\/www.facebook.com\/cornelia.laessing","article_published_time":"2018-05-15T13:39:44+00:00","article_modified_time":"2021-10-21T07:33:56+00:00","og_image":[{"width":2560,"height":1709,"url":"https:\/\/blog.proclima.com\/de\/files\/2018\/05\/v_TESCON-SPRIMER-Primer-auftragen-scaled.jpg","type":"image\/jpeg"}],"author":"Cornelia L\u00e4ssing","twitter_card":"summary_large_image","twitter_creator":"@connylaessing","twitter_site":"@proclimaDE","twitter_misc":{"Verfasst von":"Cornelia L\u00e4ssing","Gesch\u00e4tzte Lesezeit":"2\u00a0Minuten"},"schema":{"@context":"https:\/\/schema.org","@graph":[{"@type":"Article","@id":"https:\/\/blog.proclima.com\/de\/2018\/05\/tescon-sprimer-sprueh-grundierung\/#article","isPartOf":{"@id":"https:\/\/blog.proclima.com\/de\/2018\/05\/tescon-sprimer-sprueh-grundierung\/"},"author":{"name":"Cornelia L\u00e4ssing","@id":"https:\/\/blog.proclima.com\/de\/#\/schema\/person\/5537f09a0342a4a72283791f5f8460b1"},"headline":"Immer zur Hand und einfach anzuwenden: TESCON SPRIMER \u2013 die neue Spr\u00fch-Grundierung von pro clima","datePublished":"2018-05-15T13:39:44+00:00","dateModified":"2021-10-21T07:33:56+00:00","mainEntityOfPage":{"@id":"https:\/\/blog.proclima.com\/de\/2018\/05\/tescon-sprimer-sprueh-grundierung\/"},"wordCount":474,"commentCount":0,"publisher":{"@id":"https:\/\/blog.proclima.com\/de\/#organization"},"image":{"@id":"https:\/\/blog.proclima.com\/de\/2018\/05\/tescon-sprimer-sprueh-grundierung\/#primaryimage"},"thumbnailUrl":"https:\/\/blog.proclima.com\/de\/files\/2018\/05\/v_TESCON-SPRIMER-Primer-auftragen-scaled.jpg","keywords":["Grundierung","Haftgrundierung","Primer","Produktneuheit","SPRIMER","Spr\u00fchdose","Spr\u00fchprimer","tescon"],"articleSection":["Produkte"],"inLanguage":"de","potentialAction":[{"@type":"CommentAction","name":"Comment","target":["https:\/\/blog.proclima.com\/de\/2018\/05\/tescon-sprimer-sprueh-grundierung\/#respond"]}]},{"@type":"WebPage","@id":"https:\/\/blog.proclima.com\/de\/2018\/05\/tescon-sprimer-sprueh-grundierung\/","url":"https:\/\/blog.proclima.com\/de\/2018\/05\/tescon-sprimer-sprueh-grundierung\/","name":"Immer zur Hand und einfach anzuwenden: TESCON SPRIMER \u2013 die neue Spr\u00fch-Grundierung von pro clima &#187; pro clima Blog - Deutschland","isPartOf":{"@id":"https:\/\/blog.proclima.com\/de\/#website"},"primaryImageOfPage":{"@id":"https:\/\/blog.proclima.com\/de\/2018\/05\/tescon-sprimer-sprueh-grundierung\/#primaryimage"},"image":{"@id":"https:\/\/blog.proclima.com\/de\/2018\/05\/tescon-sprimer-sprueh-grundierung\/#primaryimage"},"thumbnailUrl":"https:\/\/blog.proclima.com\/de\/files\/2018\/05\/v_TESCON-SPRIMER-Primer-auftragen-scaled.jpg","datePublished":"2018-05-15T13:39:44+00:00","dateModified":"2021-10-21T07:33:56+00:00","breadcrumb":{"@id":"https:\/\/blog.proclima.com\/de\/2018\/05\/tescon-sprimer-sprueh-grundierung\/#breadcrumb"},"inLanguage":"de","potentialAction":[{"@type":"ReadAction","target":["https:\/\/blog.proclima.com\/de\/2018\/05\/tescon-sprimer-sprueh-grundierung\/"]}]},{"@type":"ImageObject","inLanguage":"de","@id":"https:\/\/blog.proclima.com\/de\/2018\/05\/tescon-sprimer-sprueh-grundierung\/#primaryimage","url":"https:\/\/blog.proclima.com\/de\/files\/2018\/05\/v_TESCON-SPRIMER-Primer-auftragen-scaled.jpg","contentUrl":"https:\/\/blog.proclima.com\/de\/files\/2018\/05\/v_TESCON-SPRIMER-Primer-auftragen-scaled.jpg","width":2560,"height":1709},{"@type":"BreadcrumbList","@id":"https:\/\/blog.proclima.com\/de\/2018\/05\/tescon-sprimer-sprueh-grundierung\/#breadcrumb","itemListElement":[{"@type":"ListItem","position":1,"name":"Startseite","item":"https:\/\/blog.proclima.com\/de\/"},{"@type":"ListItem","position":2,"name":"Immer zur Hand und einfach anzuwenden: TESCON SPRIMER \u2013 die neue Spr\u00fch-Grundierung von pro clima"}]},{"@type":"WebSite","@id":"https:\/\/blog.proclima.com\/de\/#website","url":"https:\/\/blog.proclima.com\/de\/","name":"pro clima Blog - Deutschland","description":"alles was pro clima bewegt","publisher":{"@id":"https:\/\/blog.proclima.com\/de\/#organization"},"potentialAction":[{"@type":"SearchAction","target":{"@type":"EntryPoint","urlTemplate":"https:\/\/blog.proclima.com\/de\/?s={search_term_string}"},"query-input":{"@type":"PropertyValueSpecification","valueRequired":true,"valueName":"search_term_string"}}],"inLanguage":"de"},{"@type":"Organization","@id":"https:\/\/blog.proclima.com\/de\/#organization","name":"pro clima - Moll bau\u00f6kologische Produkte GmbH","url":"https:\/\/blog.proclima.com\/de\/","logo":{"@type":"ImageObject","inLanguage":"de","@id":"https:\/\/blog.proclima.com\/de\/#\/schema\/logo\/image\/","url":"https:\/\/blog.proclima.com\/de\/files\/2020\/04\/Logo-pro-clima.png","contentUrl":"https:\/\/blog.proclima.com\/de\/files\/2020\/04\/Logo-pro-clima.png","width":4210,"height":4881,"caption":"pro clima - Moll bau\u00f6kologische Produkte GmbH"},"image":{"@id":"https:\/\/blog.proclima.com\/de\/#\/schema\/logo\/image\/"},"sameAs":["https:\/\/www.facebook.com\/proclima","https:\/\/x.com\/proclimaDE"]},{"@type":"Person","@id":"https:\/\/blog.proclima.com\/de\/#\/schema\/person\/5537f09a0342a4a72283791f5f8460b1","name":"Cornelia L\u00e4ssing","description":"Cornelia L\u00e4ssing ist ausgebildete Mediengestalterin und hat sich auf Online-Marketing spezialisiert. Sie betreut u.a. die Social Media Kan\u00e4le von pro clima. Sie ist zudem verantwortlich f\u00fcr die Online-Seminare der pro clima Wissenswerkstatt \u2013 hier wird Bau-Wissen unterhaltsam und einpr\u00e4gend vermittelt.","sameAs":["https:\/\/www.facebook.com\/cornelia.laessing","https:\/\/www.linkedin.com\/in\/cornelia-lssing\/","https:\/\/x.com\/connylaessing"],"url":"https:\/\/blog.proclima.com\/de\/author\/cornelia\/"}]}},"canto_acf_fields":"","_links":{"self":[{"href":"https:\/\/blog.proclima.com\/de\/wp-json\/wp\/v2\/posts\/7510","targetHints":{"allow":["GET"]}}],"collection":[{"href":"https:\/\/blog.proclima.com\/de\/wp-json\/wp\/v2\/posts"}],"about":[{"href":"https:\/\/blog.proclima.com\/de\/wp-json\/wp\/v2\/types\/post"}],"author":[{"embeddable":true,"href":"https:\/\/blog.proclima.com\/de\/wp-json\/wp\/v2\/users\/31"}],"replies":[{"embeddable":true,"href":"https:\/\/blog.proclima.com\/de\/wp-json\/wp\/v2\/comments?post=7510"}],"version-history":[{"count":7,"href":"https:\/\/blog.proclima.com\/de\/wp-json\/wp\/v2\/posts\/7510\/revisions"}],"predecessor-version":[{"id":9690,"href":"https:\/\/blog.proclima.com\/de\/wp-json\/wp\/v2\/posts\/7510\/revisions\/9690"}],"wp:featuredmedia":[{"embeddable":true,"href":"https:\/\/blog.proclima.com\/de\/wp-json\/wp\/v2\/media\/9688"}],"wp:attachment":[{"href":"https:\/\/blog.proclima.com\/de\/wp-json\/wp\/v2\/media?parent=7510"}],"wp:term":[{"taxonomy":"category","embeddable":true,"href":"https:\/\/blog.proclima.com\/de\/wp-json\/wp\/v2\/categories?post=7510"},{"taxonomy":"post_tag","embeddable":true,"href":"https:\/\/blog.proclima.com\/de\/wp-json\/wp\/v2\/tags?post=7510"}],"curies":[{"name":"wp","href":"https:\/\/api.w.org\/{rel}","templated":true}]}}