
{"id":7482,"date":"2018-04-17T15:01:14","date_gmt":"2018-04-17T13:01:14","guid":{"rendered":"http:\/\/blog.proclima.com\/de\/?p=7482"},"modified":"2018-04-20T07:45:48","modified_gmt":"2018-04-20T05:45:48","slug":"handbuch-wissen-2018-19","status":"publish","type":"post","link":"https:\/\/blog.proclima.com\/de\/2018\/04\/handbuch-wissen-2018-19\/","title":{"rendered":"Planungs- und Sanierungshandbuch WISSEN 2018\/19"},"content":{"rendered":"<h2><span style=\"color: #000000\"><span style=\"font-family: Arial, sans-serif\"><span style=\"font-size: medium\">Basics und Details f\u00fcr die fachgerechte Dichtung der Geb\u00e4udeh\u00fclle.<br \/>\nNeu: Mehr Tipps zum dichten Fensteranschluss<\/span><\/span><\/span><\/h2>\n<figure id=\"attachment_7379\" aria-describedby=\"caption-attachment-7379\" style=\"width: 280px\" class=\"wp-caption alignright\"><a href=\"https:\/\/blog.proclima.com\/de\/files\/2018\/02\/2_Abb_2_Planungshandbuch-WISSEN_web.jpg\"><img loading=\"lazy\" decoding=\"async\" class=\"wp-image-7379\" src=\"https:\/\/blog.proclima.com\/de\/files\/2018\/02\/2_Abb_2_Planungshandbuch-WISSEN_web-300x212.jpg\" alt=\"\" width=\"280\" height=\"198\" srcset=\"https:\/\/blog.proclima.com\/de\/files\/2018\/02\/2_Abb_2_Planungshandbuch-WISSEN_web-300x212.jpg 300w, https:\/\/blog.proclima.com\/de\/files\/2018\/02\/2_Abb_2_Planungshandbuch-WISSEN_web-1024x724.jpg 1024w, https:\/\/blog.proclima.com\/de\/files\/2018\/02\/2_Abb_2_Planungshandbuch-WISSEN_web-768x543.jpg 768w, https:\/\/blog.proclima.com\/de\/files\/2018\/02\/2_Abb_2_Planungshandbuch-WISSEN_web-1536x1086.jpg 1536w, https:\/\/blog.proclima.com\/de\/files\/2018\/02\/2_Abb_2_Planungshandbuch-WISSEN_web-2048x1448.jpg 2048w, https:\/\/blog.proclima.com\/de\/files\/2018\/02\/2_Abb_2_Planungshandbuch-WISSEN_web-384x271.jpg 384w\" sizes=\"auto, (max-width: 280px) 100vw, 280px\" \/><\/a><figcaption id=\"caption-attachment-7379\" class=\"wp-caption-text\">Modern, \u00fcbersichtlich und mit Schnell-Finde-Register: Das aktuelle WISSEN 2018\/19 versorgt Planer und Handwerker mit dem Know-how, das sie f\u00fcr die perfekte Dichtung der Geb\u00e4udeh\u00fclle ben\u00f6tigen.<\/figcaption><\/figure>\n<p><span style=\"font-family: Arial, sans-serif\"><span style=\"color: #000000\"><span style=\"font-size: medium\">Theorie und Praxis, Studien und System-\/Produktempfehlungen:<\/span><\/span> <span style=\"color: #000000\"><span style=\"font-size: medium\">Das neu aufgelegte <\/span><\/span><span style=\"color: #000000\"><span style=\"font-size: medium\"> Planungs- und Sanierungshandbuch WISSEN 2018\/19 <\/span><\/span><span style=\"color: #000000\"><span style=\"font-size: medium\">umfasst Grundwissen und Details f\u00fcr die Planung und Verarbeitung der Luftdichtung innen und Winddichtung au\u00dfen.<\/span><\/span><\/span><\/p>\n<p><span style=\"color: #000000\"><span style=\"font-family: Arial, sans-serif\"><span style=\"font-size: medium\">Zu den \u00c4nderungen im beliebten Nachschlagewerk z\u00e4hlen:<\/span><\/span><\/span><\/p>\n<ul>\n<li><span style=\"color: #000000\"><span style=\"font-family: Arial, sans-serif\"><span style=\"font-size: medium\"> die grundlegend <strong>\u00fcberarbeitete Studie zur Bauschadensfreiheit<\/strong>, <\/span><\/span><\/span><\/li>\n<li><span style=\"color: #000000\"><span style=\"font-family: Arial, sans-serif\"><span style=\"font-size: medium\">ein Kapitel, das <strong>praktische wie theoretische Hintergr\u00fcnde funktionierender Fensteranschl\u00fcsse<\/strong> aufarbeitet, <\/span><\/span><\/span><\/li>\n<li><span style=\"color: #000000\"><span style=\"font-family: Arial, sans-serif\"><span style=\"font-size: medium\">sowie eine <strong>komplett neue Struktur<\/strong>. Sie sorgt daf\u00fcr, dass sich die Nutzer im rund 450 Seiten starken Handbuch noch besser zurechtfinden. <\/span><\/span><\/span><\/li>\n<\/ul>\n<p><span style=\"color: #000000\"><span style=\"font-family: Arial, sans-serif\"><span style=\"font-size: medium\">Das WISSEN kann ab sofort kostenfrei bestellt werden: <\/span><\/span><\/span><a href=\"https:\/\/de.proclima.com\/service\/wissen\">https:\/\/de.proclima.com\/service\/wissen<\/a><!--more--><\/p>\n<figure id=\"attachment_7490\" aria-describedby=\"caption-attachment-7490\" style=\"width: 300px\" class=\"wp-caption alignleft\"><a href=\"https:\/\/blog.proclima.com\/de\/files\/2018\/04\/2018_2_Abb_2_Fensteranschlussfuge.jpg\"><img loading=\"lazy\" decoding=\"async\" data-size=\"1754x1240\" class=\"wp-image-7490 size-medium\" src=\"https:\/\/blog.proclima.com\/de\/files\/2018\/04\/2018_2_Abb_2_Fensteranschlussfuge-300x212.jpg\" alt=\"\" width=\"300\" height=\"212\" srcset=\"https:\/\/blog.proclima.com\/de\/files\/2018\/04\/2018_2_Abb_2_Fensteranschlussfuge-300x212.jpg 300w, https:\/\/blog.proclima.com\/de\/files\/2018\/04\/2018_2_Abb_2_Fensteranschlussfuge-1024x724.jpg 1024w, https:\/\/blog.proclima.com\/de\/files\/2018\/04\/2018_2_Abb_2_Fensteranschlussfuge-768x543.jpg 768w, https:\/\/blog.proclima.com\/de\/files\/2018\/04\/2018_2_Abb_2_Fensteranschlussfuge-1536x1086.jpg 1536w, https:\/\/blog.proclima.com\/de\/files\/2018\/04\/2018_2_Abb_2_Fensteranschlussfuge-384x271.jpg 384w, https:\/\/blog.proclima.com\/de\/files\/2018\/04\/2018_2_Abb_2_Fensteranschlussfuge.jpg 1754w\" sizes=\"auto, (max-width: 300px) 100vw, 300px\" \/><\/a><figcaption id=\"caption-attachment-7490\" class=\"wp-caption-text\">Bislang meist wenig beachtet: Beim Thema Fensteranschlussfuge setzt pro clima ein dickes Ausrufezeichen und widmet den \u201eBasics\u201c f\u00fcr praxistaugliche Anschl\u00fcsse im WISSEN 2018\/19 ein ganzes Kapitel.<\/figcaption><\/figure>\n<p><span style=\"font-family: Arial, sans-serif\"><span style=\"color: #000000\"><span style=\"font-size: medium\">Die Informationen rund um bew\u00e4hrte Konstruktionsdetails, praxisgerechte Verarbeitungsempfehlungen und bauphysikalische Grundlagen zur Luftdichtung innen und Winddichtung au\u00dfen sind jetzt erstmals konsequent nach Anwendungsgebieten angeordnet. Dadurch gelangen Planer und <\/span><\/span><span style=\"color: #000000\"><span style=\"font-size: medium\">Handwerker <\/span><\/span><span style=\"color: #000000\"><span style=\"font-size: medium\">rasch zu den Inhalten, die sie f\u00fcr ihre konkrete Fragestellung brauchen. Sie erkennen <\/span><\/span><span style=\"color: #000000\"><span style=\"font-size: medium\">zudem <\/span><\/span><span style=\"color: #000000\"><span style=\"font-size: medium\">direkt, dass pro clima nicht in einzelnen Produkten und L\u00f6sungen f\u00fcr die dichte Geb\u00e4udeh\u00fclle denkt, sondern immer im Gesamtzusammenhang und in kompletten Systeml\u00f6sungen. Zahlreiche Querverweise im WISSEN-Handbuch stellen dabei sicher, dass der Leser dennoch die Details nicht \u00fcbersieht.<\/span><\/span><\/span><\/p>\n<h2><span style=\"font-family: Arial, sans-serif\"><span style=\"color: #000000\"><span style=\"font-size: medium\"><b>Neu aufgelegt: Bau<\/b><\/span><\/span><span style=\"color: #000000\"><span style=\"font-size: medium\"><b>physik<\/b><\/span><\/span><span style=\"color: #000000\"><span style=\"font-size: medium\"><b>studie zum Bauschadensfreiheits-Pote<\/b><\/span><\/span><span style=\"color: #000000\"><span style=\"font-size: medium\"><b>nz<\/b><\/span><\/span><span style=\"color: #000000\"><span style=\"font-size: medium\"><b>ial<\/b><\/span><\/span><\/span><\/h2>\n<figure id=\"attachment_7489\" aria-describedby=\"caption-attachment-7489\" style=\"width: 300px\" class=\"wp-caption alignright\"><a href=\"https:\/\/blog.proclima.com\/de\/files\/2018\/04\/2018_3_Abb_3_Bauphysik.jpg\"><img loading=\"lazy\" decoding=\"async\" data-size=\"1754x1240\" class=\"wp-image-7489 size-medium\" src=\"https:\/\/blog.proclima.com\/de\/files\/2018\/04\/2018_3_Abb_3_Bauphysik-300x212.jpg\" alt=\"\" width=\"300\" height=\"212\" srcset=\"https:\/\/blog.proclima.com\/de\/files\/2018\/04\/2018_3_Abb_3_Bauphysik-300x212.jpg 300w, https:\/\/blog.proclima.com\/de\/files\/2018\/04\/2018_3_Abb_3_Bauphysik-1024x724.jpg 1024w, https:\/\/blog.proclima.com\/de\/files\/2018\/04\/2018_3_Abb_3_Bauphysik-768x543.jpg 768w, https:\/\/blog.proclima.com\/de\/files\/2018\/04\/2018_3_Abb_3_Bauphysik-1536x1086.jpg 1536w, https:\/\/blog.proclima.com\/de\/files\/2018\/04\/2018_3_Abb_3_Bauphysik-384x271.jpg 384w, https:\/\/blog.proclima.com\/de\/files\/2018\/04\/2018_3_Abb_3_Bauphysik.jpg 1754w\" sizes=\"auto, (max-width: 300px) 100vw, 300px\" \/><\/a><figcaption id=\"caption-attachment-7489\" class=\"wp-caption-text\">Erst planen, dann handeln: Die \u00fcberarbeitete Bauphysikstudie zeigt, welche Bedeutung es f\u00fcr die Bauschadensfreiheit hat, sich vorab Gedanken \u00fcber die korrekte Konstruktion und Schichtenfolge zu machen.<\/figcaption><\/figure>\n<p><span style=\"color: #000000\">\u201e<span style=\"font-family: Arial, sans-serif\"><span style=\"font-size: medium\">Uns ist schon immer wichtig gewesen, unser Wissen zur Bauphysik zu teilen. Denn bauschaden<\/span><\/span><span style=\"font-family: Arial, sans-serif\"><span style=\"font-size: medium\">sfreie Geb\u00e4ude k\u00f6nnen nur geplant und gebaut werden, wenn alle Beteiligten wissen, wie wichtig die korrekte Verarbeitung der Luftdichtung innen und Winddichtung au\u00dfen ist\u201c, erkl\u00e4rt <a href=\"https:\/\/www.xing.com\/profile\/Michael_Foerster3\">Bauingenieur Michael F\u00f6rster<\/a>, der die pro clima Anwendungstechnik leitet. Wer sich intensiver mit dem \u201eWarum\u201c dahinter besch\u00e4ftigen m\u00f6chte, wird beispielsweise in der neu aufgelegten Bauphysikstudie f\u00fcndig. Diese untersucht und bewertet verschiedene Konstruktionsvarianten auf ihr Bauschadensfreiheitspotenzial und zeigt, wie entscheidend die richtige Wahl von Konstruktion und Schichtenfolge die Bauteilsicherheit beeinflusst. Wie sehr diese Prinzipien beispielsweise auch f\u00fcr die kleinteiligen Anschlussfugen von Fenstern und T\u00fcren gelten, wird erstmals im WISSEN 2018\/19 in einem eigenst\u00e4ndigen Kapitel beleuchtet.<\/span><\/span><\/span><\/p>\n<p><span style=\"font-family: Arial, sans-serif\"><span style=\"color: #000000\"><span style=\"font-size: medium\">D<\/span><\/span><span style=\"color: #000000\"><span style=\"font-size: medium\">ie Nutzer<\/span><\/span><span style=\"color: #000000\"><span style=\"font-size: medium\"> finden <\/span><\/span><span style=\"color: #000000\"><span style=\"font-size: medium\">in der neuen Ausgabe des Planungs- und Sanierungshandbuchs die Konstruktionszeichnungen sowie zahlreiche Fotos und Grafiken, die Zusammenh\u00e4nge erkl\u00e4ren oder die richtige Anwendung neuer und bew\u00e4hrter pro clima Produkte auf der Baustelle veranschaulichen. <\/span><\/span><span style=\"color: #000000\"><span style=\"font-size: medium\">Dies<\/span><\/span><span style=\"color: #000000\"><span style=\"font-size: medium\"> soll auch die pro clima Philos<\/span><\/span><span style=\"color: #000000\"><span style=\"font-size: medium\">o<\/span><\/span><span style=\"color: #000000\"><span style=\"font-size: medium\">phie <\/span><\/span><span style=\"color: #000000\"><span style=\"font-size: medium\">widerspiegeln<\/span><\/span><span style=\"color: #000000\"><span style=\"font-size: medium\">: <\/span><\/span><span style=\"color: #000000\"><span style=\"font-size: medium\">Der Mensch steht im Mittelpunkt. <\/span><\/span><span style=\"color: #000000\"><span style=\"font-size: medium\">Und das hei\u00dft f\u00fcr das WISSEN: Es soll seine Leser auf verst\u00e4ndliche und eing\u00e4ngige Weise mit dem Know-how versorgen, das sie brauchen, um ihre Arbeit gut und erfolgreich zu machen. <\/span><\/span><\/span><\/p>\n<h2><span style=\"color: #000000\"><span style=\"font-family: Arial, sans-serif\"><span style=\"font-size: medium\"><b>Handbuch WISSEN kostenfrei zuschicken lassen<\/b><\/span><\/span><\/span><\/h2>\n<p><span style=\"font-family: Arial, sans-serif\"><b>Das Planungs- und Sanierungshandbuch kann ab sofort kostenfrei bestellt werden:<\/b><\/span><\/p>\n<ul>\n<li><span style=\"font-family: Arial, sans-serif\">Per Telefon: 0 62 02 \u2013 27 82.0 <\/span><\/li>\n<li><span style=\"font-family: Arial, sans-serif\">Per Fax: 0 62 02 \u2013 27 82.21 <\/span><\/li>\n<li><span style=\"font-family: Arial, sans-serif\">Per Formular: <a href=\"https:\/\/de.proclima.com\/service\/wissen\">https:\/\/de.proclima.com\/service\/wissen<\/a> <\/span><\/li>\n<li><span style=\"font-family: Arial, sans-serif\">Per E-Mail: <a href=\"mailto:info@proclima.de\">info@proclima.de<\/a> <\/span><\/li>\n<\/ul>\n<p><em><span style=\"font-family: Arial, sans-serif\">Mit der Marke pro clima hat sich die Firma MOLL bau\u00f6kologische Produkte GmbH seit mehr als 30 Jahren als Spezialist f\u00fcr die Luft- und Winddichtung der Geb\u00e4udeh\u00fclle etabliert. pro clima ist in mehr als 35 L\u00e4ndern weltweit aktiv. Das Unternehmen mit Hauptsitz im baden-w\u00fcrttembergischen Schwetzingen entwickelt und produziert Systeme f\u00fcr W\u00e4rmed\u00e4mmkonstruktionen. Sie umfassen intelligente, feuchtevariable Membranen f\u00fcr die Luftdichtung von innen (Dampfbremsen) und Winddichtung von au\u00dfen (Unterspann- und Unterdeckbahnen, Wandschalungsbahnen) sowie zugeh\u00f6rige Komponenten wie Anschlusskleber, Klebeb\u00e4nder und Detaill\u00f6sungen mit Manschetten.<\/span><\/em><\/p>\n<p><strong>Pressekontakt<br \/>\n<\/strong>Heide Merkel &amp; Cornelia L\u00e4ssing<br \/>\n<a href=\"mailto:heide.merkel@proclima.de\">heide.merkel@proclima.de<\/a><br \/>\n<a href=\"mailto:cornelia.laessing@proclima.de\">cornelia.laessing@proclima.de<\/a><br \/>\nTel: 06202\/2782-56<br \/>\nTel: 06202\/57814-36<\/p>\n<p><em>Fotos zum kostenfreien Download &#8211; Bildquelle: MOLL pro clima:<\/em><br \/>\n<em><a href=\"https:\/\/owncloud.moll-group.eu\/index.php\/s\/xwBBVmi5I6h155b\">https:\/\/owncloud.moll-group.eu\/index.php\/s\/xwBBVmi5I6h155b<\/a><\/em><\/p>\n<p>&nbsp;<\/p>\n","protected":false},"excerpt":{"rendered":"<p>Basics und Details f\u00fcr die fachgerechte Dichtung der Geb\u00e4udeh\u00fclle. Neu: Mehr Tipps zum dichten Fensteranschluss Theorie und Praxis, Studien und System-\/Produktempfehlungen: Das neu aufgelegte Planungs- <a href=\"https:\/\/blog.proclima.com\/de\/2018\/04\/handbuch-wissen-2018-19\/\" rel=\"bookmark\">&#8230;<\/a><\/p>\n","protected":false},"author":31,"featured_media":0,"comment_status":"open","ping_status":"open","sticky":false,"template":"","format":"standard","meta":{"footnotes":""},"categories":[136,1],"tags":[1350,165,1349,1353,1352,203,166,677,1351],"class_list":["post-7482","post","type-post","status-publish","format-standard","hentry","category-pressemitteilung","category-proclima","tag-bauphysikstudie","tag-handbuch","tag-katalog","tag-neuheit","tag-planungshandbuch","tag-sanierungshandbuch","tag-studie","tag-wissen-2","tag-wissen-2018-19"],"yoast_head":"<!-- This site is optimized with the Yoast SEO plugin v27.5 - https:\/\/yoast.com\/product\/yoast-seo-wordpress\/ -->\n<title>Planungs- und Sanierungshandbuch WISSEN 2018\/19 &#187; pro clima Blog - Deutschland<\/title>\n<meta name=\"robots\" content=\"index, follow, max-snippet:-1, max-image-preview:large, max-video-preview:-1\" \/>\n<link rel=\"canonical\" href=\"https:\/\/blog.proclima.com\/de\/2018\/04\/handbuch-wissen-2018-19\/\" \/>\n<meta property=\"og:locale\" content=\"de_DE\" \/>\n<meta property=\"og:type\" content=\"article\" \/>\n<meta property=\"og:title\" content=\"Planungs- und Sanierungshandbuch WISSEN 2018\/19 &#187; pro clima Blog - Deutschland\" \/>\n<meta property=\"og:description\" content=\"Basics und Details f\u00fcr die fachgerechte Dichtung der Geb\u00e4udeh\u00fclle. Neu: Mehr Tipps zum dichten Fensteranschluss Theorie und Praxis, Studien und System-\/Produktempfehlungen: Das neu aufgelegte Planungs- ...\" \/>\n<meta property=\"og:url\" content=\"https:\/\/blog.proclima.com\/de\/2018\/04\/handbuch-wissen-2018-19\/\" \/>\n<meta property=\"og:site_name\" content=\"pro clima Blog - Deutschland\" \/>\n<meta property=\"article:publisher\" content=\"https:\/\/www.facebook.com\/proclima\" \/>\n<meta property=\"article:author\" content=\"https:\/\/www.facebook.com\/cornelia.laessing\" \/>\n<meta property=\"article:published_time\" content=\"2018-04-17T13:01:14+00:00\" \/>\n<meta property=\"article:modified_time\" content=\"2018-04-20T05:45:48+00:00\" \/>\n<meta property=\"og:image\" content=\"https:\/\/blog.proclima.com\/de\/files\/2018\/02\/2_Abb_2_Planungshandbuch-WISSEN_web-scaled.jpg\" \/>\n\t<meta property=\"og:image:width\" content=\"2560\" \/>\n\t<meta property=\"og:image:height\" content=\"1810\" \/>\n\t<meta property=\"og:image:type\" content=\"image\/jpeg\" \/>\n<meta name=\"author\" content=\"Cornelia L\u00e4ssing\" \/>\n<meta name=\"twitter:card\" content=\"summary_large_image\" \/>\n<meta name=\"twitter:creator\" content=\"@connylaessing\" \/>\n<meta name=\"twitter:site\" content=\"@proclimaDE\" \/>\n<meta name=\"twitter:label1\" content=\"Verfasst von\" \/>\n\t<meta name=\"twitter:data1\" content=\"Cornelia L\u00e4ssing\" \/>\n\t<meta name=\"twitter:label2\" content=\"Gesch\u00e4tzte Lesezeit\" \/>\n\t<meta name=\"twitter:data2\" content=\"3\u00a0Minuten\" \/>\n<script type=\"application\/ld+json\" class=\"yoast-schema-graph\">{\"@context\":\"https:\\\/\\\/schema.org\",\"@graph\":[{\"@type\":\"Article\",\"@id\":\"https:\\\/\\\/blog.proclima.com\\\/de\\\/2018\\\/04\\\/handbuch-wissen-2018-19\\\/#article\",\"isPartOf\":{\"@id\":\"https:\\\/\\\/blog.proclima.com\\\/de\\\/2018\\\/04\\\/handbuch-wissen-2018-19\\\/\"},\"author\":{\"name\":\"Cornelia L\u00e4ssing\",\"@id\":\"https:\\\/\\\/blog.proclima.com\\\/de\\\/#\\\/schema\\\/person\\\/5537f09a0342a4a72283791f5f8460b1\"},\"headline\":\"Planungs- und Sanierungshandbuch WISSEN 2018\\\/19\",\"datePublished\":\"2018-04-17T13:01:14+00:00\",\"dateModified\":\"2018-04-20T05:45:48+00:00\",\"mainEntityOfPage\":{\"@id\":\"https:\\\/\\\/blog.proclima.com\\\/de\\\/2018\\\/04\\\/handbuch-wissen-2018-19\\\/\"},\"wordCount\":690,\"commentCount\":7,\"publisher\":{\"@id\":\"https:\\\/\\\/blog.proclima.com\\\/de\\\/#organization\"},\"image\":{\"@id\":\"https:\\\/\\\/blog.proclima.com\\\/de\\\/2018\\\/04\\\/handbuch-wissen-2018-19\\\/#primaryimage\"},\"thumbnailUrl\":\"https:\\\/\\\/blog.proclima.com\\\/de\\\/files\\\/2018\\\/02\\\/2_Abb_2_Planungshandbuch-WISSEN_web-300x212.jpg\",\"keywords\":[\"Bauphysikstudie\",\"Handbuch\",\"Katalog\",\"Neuheit\",\"Planungshandbuch\",\"Sanierungshandbuch\",\"Studie\",\"WISSEN\",\"Wissen 2018\\\/19\"],\"articleSection\":[\"Pressemitteilungen\",\"pro clima\"],\"inLanguage\":\"de\",\"potentialAction\":[{\"@type\":\"CommentAction\",\"name\":\"Comment\",\"target\":[\"https:\\\/\\\/blog.proclima.com\\\/de\\\/2018\\\/04\\\/handbuch-wissen-2018-19\\\/#respond\"]}]},{\"@type\":\"WebPage\",\"@id\":\"https:\\\/\\\/blog.proclima.com\\\/de\\\/2018\\\/04\\\/handbuch-wissen-2018-19\\\/\",\"url\":\"https:\\\/\\\/blog.proclima.com\\\/de\\\/2018\\\/04\\\/handbuch-wissen-2018-19\\\/\",\"name\":\"Planungs- und Sanierungshandbuch WISSEN 2018\\\/19 &#187; pro clima Blog - Deutschland\",\"isPartOf\":{\"@id\":\"https:\\\/\\\/blog.proclima.com\\\/de\\\/#website\"},\"primaryImageOfPage\":{\"@id\":\"https:\\\/\\\/blog.proclima.com\\\/de\\\/2018\\\/04\\\/handbuch-wissen-2018-19\\\/#primaryimage\"},\"image\":{\"@id\":\"https:\\\/\\\/blog.proclima.com\\\/de\\\/2018\\\/04\\\/handbuch-wissen-2018-19\\\/#primaryimage\"},\"thumbnailUrl\":\"https:\\\/\\\/blog.proclima.com\\\/de\\\/files\\\/2018\\\/02\\\/2_Abb_2_Planungshandbuch-WISSEN_web-300x212.jpg\",\"datePublished\":\"2018-04-17T13:01:14+00:00\",\"dateModified\":\"2018-04-20T05:45:48+00:00\",\"breadcrumb\":{\"@id\":\"https:\\\/\\\/blog.proclima.com\\\/de\\\/2018\\\/04\\\/handbuch-wissen-2018-19\\\/#breadcrumb\"},\"inLanguage\":\"de\",\"potentialAction\":[{\"@type\":\"ReadAction\",\"target\":[\"https:\\\/\\\/blog.proclima.com\\\/de\\\/2018\\\/04\\\/handbuch-wissen-2018-19\\\/\"]}]},{\"@type\":\"ImageObject\",\"inLanguage\":\"de\",\"@id\":\"https:\\\/\\\/blog.proclima.com\\\/de\\\/2018\\\/04\\\/handbuch-wissen-2018-19\\\/#primaryimage\",\"url\":\"https:\\\/\\\/blog.proclima.com\\\/de\\\/files\\\/2018\\\/02\\\/2_Abb_2_Planungshandbuch-WISSEN_web-scaled.jpg\",\"contentUrl\":\"https:\\\/\\\/blog.proclima.com\\\/de\\\/files\\\/2018\\\/02\\\/2_Abb_2_Planungshandbuch-WISSEN_web-scaled.jpg\",\"width\":2560,\"height\":1810,\"caption\":\"Modern, \u00fcbersichtlich und mit Schnell-Finde-Register: Das aktuelle WISSEN 2018\\\/19 versorgt Planer und Handwerker mit dem Know-how, das sie f\u00fcr die perfekte Dichtung der Geb\u00e4udeh\u00fclle ben\u00f6tigen.\"},{\"@type\":\"BreadcrumbList\",\"@id\":\"https:\\\/\\\/blog.proclima.com\\\/de\\\/2018\\\/04\\\/handbuch-wissen-2018-19\\\/#breadcrumb\",\"itemListElement\":[{\"@type\":\"ListItem\",\"position\":1,\"name\":\"Startseite\",\"item\":\"https:\\\/\\\/blog.proclima.com\\\/de\\\/\"},{\"@type\":\"ListItem\",\"position\":2,\"name\":\"Planungs- und Sanierungshandbuch WISSEN 2018\\\/19\"}]},{\"@type\":\"WebSite\",\"@id\":\"https:\\\/\\\/blog.proclima.com\\\/de\\\/#website\",\"url\":\"https:\\\/\\\/blog.proclima.com\\\/de\\\/\",\"name\":\"pro clima Blog - Deutschland\",\"description\":\"alles was pro clima bewegt\",\"publisher\":{\"@id\":\"https:\\\/\\\/blog.proclima.com\\\/de\\\/#organization\"},\"potentialAction\":[{\"@type\":\"SearchAction\",\"target\":{\"@type\":\"EntryPoint\",\"urlTemplate\":\"https:\\\/\\\/blog.proclima.com\\\/de\\\/?s={search_term_string}\"},\"query-input\":{\"@type\":\"PropertyValueSpecification\",\"valueRequired\":true,\"valueName\":\"search_term_string\"}}],\"inLanguage\":\"de\"},{\"@type\":\"Organization\",\"@id\":\"https:\\\/\\\/blog.proclima.com\\\/de\\\/#organization\",\"name\":\"pro clima - Moll bau\u00f6kologische Produkte GmbH\",\"url\":\"https:\\\/\\\/blog.proclima.com\\\/de\\\/\",\"logo\":{\"@type\":\"ImageObject\",\"inLanguage\":\"de\",\"@id\":\"https:\\\/\\\/blog.proclima.com\\\/de\\\/#\\\/schema\\\/logo\\\/image\\\/\",\"url\":\"https:\\\/\\\/blog.proclima.com\\\/de\\\/files\\\/2020\\\/04\\\/Logo-pro-clima.png\",\"contentUrl\":\"https:\\\/\\\/blog.proclima.com\\\/de\\\/files\\\/2020\\\/04\\\/Logo-pro-clima.png\",\"width\":4210,\"height\":4881,\"caption\":\"pro clima - Moll bau\u00f6kologische Produkte GmbH\"},\"image\":{\"@id\":\"https:\\\/\\\/blog.proclima.com\\\/de\\\/#\\\/schema\\\/logo\\\/image\\\/\"},\"sameAs\":[\"https:\\\/\\\/www.facebook.com\\\/proclima\",\"https:\\\/\\\/x.com\\\/proclimaDE\"]},{\"@type\":\"Person\",\"@id\":\"https:\\\/\\\/blog.proclima.com\\\/de\\\/#\\\/schema\\\/person\\\/5537f09a0342a4a72283791f5f8460b1\",\"name\":\"Cornelia L\u00e4ssing\",\"description\":\"Cornelia L\u00e4ssing ist ausgebildete Mediengestalterin und hat sich auf Online-Marketing spezialisiert. Sie betreut u.a. die Social Media Kan\u00e4le von pro clima. Sie ist zudem verantwortlich f\u00fcr die Online-Seminare der pro clima Wissenswerkstatt \u2013 hier wird Bau-Wissen unterhaltsam und einpr\u00e4gend vermittelt.\",\"sameAs\":[\"https:\\\/\\\/www.facebook.com\\\/cornelia.laessing\",\"https:\\\/\\\/www.linkedin.com\\\/in\\\/cornelia-lssing\\\/\",\"https:\\\/\\\/x.com\\\/connylaessing\"],\"url\":\"https:\\\/\\\/blog.proclima.com\\\/de\\\/author\\\/cornelia\\\/\"}]}<\/script>\n<!-- \/ Yoast SEO plugin. -->","yoast_head_json":{"title":"Planungs- und Sanierungshandbuch WISSEN 2018\/19 &#187; pro clima Blog - Deutschland","robots":{"index":"index","follow":"follow","max-snippet":"max-snippet:-1","max-image-preview":"max-image-preview:large","max-video-preview":"max-video-preview:-1"},"canonical":"https:\/\/blog.proclima.com\/de\/2018\/04\/handbuch-wissen-2018-19\/","og_locale":"de_DE","og_type":"article","og_title":"Planungs- und Sanierungshandbuch WISSEN 2018\/19 &#187; pro clima Blog - Deutschland","og_description":"Basics und Details f\u00fcr die fachgerechte Dichtung der Geb\u00e4udeh\u00fclle. Neu: Mehr Tipps zum dichten Fensteranschluss Theorie und Praxis, Studien und System-\/Produktempfehlungen: Das neu aufgelegte Planungs- ...","og_url":"https:\/\/blog.proclima.com\/de\/2018\/04\/handbuch-wissen-2018-19\/","og_site_name":"pro clima Blog - Deutschland","article_publisher":"https:\/\/www.facebook.com\/proclima","article_author":"https:\/\/www.facebook.com\/cornelia.laessing","article_published_time":"2018-04-17T13:01:14+00:00","article_modified_time":"2018-04-20T05:45:48+00:00","og_image":[{"width":2560,"height":1810,"url":"https:\/\/blog.proclima.com\/de\/files\/2018\/02\/2_Abb_2_Planungshandbuch-WISSEN_web-scaled.jpg","type":"image\/jpeg"}],"author":"Cornelia L\u00e4ssing","twitter_card":"summary_large_image","twitter_creator":"@connylaessing","twitter_site":"@proclimaDE","twitter_misc":{"Verfasst von":"Cornelia L\u00e4ssing","Gesch\u00e4tzte Lesezeit":"3\u00a0Minuten"},"schema":{"@context":"https:\/\/schema.org","@graph":[{"@type":"Article","@id":"https:\/\/blog.proclima.com\/de\/2018\/04\/handbuch-wissen-2018-19\/#article","isPartOf":{"@id":"https:\/\/blog.proclima.com\/de\/2018\/04\/handbuch-wissen-2018-19\/"},"author":{"name":"Cornelia L\u00e4ssing","@id":"https:\/\/blog.proclima.com\/de\/#\/schema\/person\/5537f09a0342a4a72283791f5f8460b1"},"headline":"Planungs- und Sanierungshandbuch WISSEN 2018\/19","datePublished":"2018-04-17T13:01:14+00:00","dateModified":"2018-04-20T05:45:48+00:00","mainEntityOfPage":{"@id":"https:\/\/blog.proclima.com\/de\/2018\/04\/handbuch-wissen-2018-19\/"},"wordCount":690,"commentCount":7,"publisher":{"@id":"https:\/\/blog.proclima.com\/de\/#organization"},"image":{"@id":"https:\/\/blog.proclima.com\/de\/2018\/04\/handbuch-wissen-2018-19\/#primaryimage"},"thumbnailUrl":"https:\/\/blog.proclima.com\/de\/files\/2018\/02\/2_Abb_2_Planungshandbuch-WISSEN_web-300x212.jpg","keywords":["Bauphysikstudie","Handbuch","Katalog","Neuheit","Planungshandbuch","Sanierungshandbuch","Studie","WISSEN","Wissen 2018\/19"],"articleSection":["Pressemitteilungen","pro clima"],"inLanguage":"de","potentialAction":[{"@type":"CommentAction","name":"Comment","target":["https:\/\/blog.proclima.com\/de\/2018\/04\/handbuch-wissen-2018-19\/#respond"]}]},{"@type":"WebPage","@id":"https:\/\/blog.proclima.com\/de\/2018\/04\/handbuch-wissen-2018-19\/","url":"https:\/\/blog.proclima.com\/de\/2018\/04\/handbuch-wissen-2018-19\/","name":"Planungs- und Sanierungshandbuch WISSEN 2018\/19 &#187; pro clima Blog - Deutschland","isPartOf":{"@id":"https:\/\/blog.proclima.com\/de\/#website"},"primaryImageOfPage":{"@id":"https:\/\/blog.proclima.com\/de\/2018\/04\/handbuch-wissen-2018-19\/#primaryimage"},"image":{"@id":"https:\/\/blog.proclima.com\/de\/2018\/04\/handbuch-wissen-2018-19\/#primaryimage"},"thumbnailUrl":"https:\/\/blog.proclima.com\/de\/files\/2018\/02\/2_Abb_2_Planungshandbuch-WISSEN_web-300x212.jpg","datePublished":"2018-04-17T13:01:14+00:00","dateModified":"2018-04-20T05:45:48+00:00","breadcrumb":{"@id":"https:\/\/blog.proclima.com\/de\/2018\/04\/handbuch-wissen-2018-19\/#breadcrumb"},"inLanguage":"de","potentialAction":[{"@type":"ReadAction","target":["https:\/\/blog.proclima.com\/de\/2018\/04\/handbuch-wissen-2018-19\/"]}]},{"@type":"ImageObject","inLanguage":"de","@id":"https:\/\/blog.proclima.com\/de\/2018\/04\/handbuch-wissen-2018-19\/#primaryimage","url":"https:\/\/blog.proclima.com\/de\/files\/2018\/02\/2_Abb_2_Planungshandbuch-WISSEN_web-scaled.jpg","contentUrl":"https:\/\/blog.proclima.com\/de\/files\/2018\/02\/2_Abb_2_Planungshandbuch-WISSEN_web-scaled.jpg","width":2560,"height":1810,"caption":"Modern, \u00fcbersichtlich und mit Schnell-Finde-Register: Das aktuelle WISSEN 2018\/19 versorgt Planer und Handwerker mit dem Know-how, das sie f\u00fcr die perfekte Dichtung der Geb\u00e4udeh\u00fclle ben\u00f6tigen."},{"@type":"BreadcrumbList","@id":"https:\/\/blog.proclima.com\/de\/2018\/04\/handbuch-wissen-2018-19\/#breadcrumb","itemListElement":[{"@type":"ListItem","position":1,"name":"Startseite","item":"https:\/\/blog.proclima.com\/de\/"},{"@type":"ListItem","position":2,"name":"Planungs- und Sanierungshandbuch WISSEN 2018\/19"}]},{"@type":"WebSite","@id":"https:\/\/blog.proclima.com\/de\/#website","url":"https:\/\/blog.proclima.com\/de\/","name":"pro clima Blog - Deutschland","description":"alles was pro clima bewegt","publisher":{"@id":"https:\/\/blog.proclima.com\/de\/#organization"},"potentialAction":[{"@type":"SearchAction","target":{"@type":"EntryPoint","urlTemplate":"https:\/\/blog.proclima.com\/de\/?s={search_term_string}"},"query-input":{"@type":"PropertyValueSpecification","valueRequired":true,"valueName":"search_term_string"}}],"inLanguage":"de"},{"@type":"Organization","@id":"https:\/\/blog.proclima.com\/de\/#organization","name":"pro clima - Moll bau\u00f6kologische Produkte GmbH","url":"https:\/\/blog.proclima.com\/de\/","logo":{"@type":"ImageObject","inLanguage":"de","@id":"https:\/\/blog.proclima.com\/de\/#\/schema\/logo\/image\/","url":"https:\/\/blog.proclima.com\/de\/files\/2020\/04\/Logo-pro-clima.png","contentUrl":"https:\/\/blog.proclima.com\/de\/files\/2020\/04\/Logo-pro-clima.png","width":4210,"height":4881,"caption":"pro clima - Moll bau\u00f6kologische Produkte GmbH"},"image":{"@id":"https:\/\/blog.proclima.com\/de\/#\/schema\/logo\/image\/"},"sameAs":["https:\/\/www.facebook.com\/proclima","https:\/\/x.com\/proclimaDE"]},{"@type":"Person","@id":"https:\/\/blog.proclima.com\/de\/#\/schema\/person\/5537f09a0342a4a72283791f5f8460b1","name":"Cornelia L\u00e4ssing","description":"Cornelia L\u00e4ssing ist ausgebildete Mediengestalterin und hat sich auf Online-Marketing spezialisiert. Sie betreut u.a. die Social Media Kan\u00e4le von pro clima. Sie ist zudem verantwortlich f\u00fcr die Online-Seminare der pro clima Wissenswerkstatt \u2013 hier wird Bau-Wissen unterhaltsam und einpr\u00e4gend vermittelt.","sameAs":["https:\/\/www.facebook.com\/cornelia.laessing","https:\/\/www.linkedin.com\/in\/cornelia-lssing\/","https:\/\/x.com\/connylaessing"],"url":"https:\/\/blog.proclima.com\/de\/author\/cornelia\/"}]}},"canto_acf_fields":"","_links":{"self":[{"href":"https:\/\/blog.proclima.com\/de\/wp-json\/wp\/v2\/posts\/7482","targetHints":{"allow":["GET"]}}],"collection":[{"href":"https:\/\/blog.proclima.com\/de\/wp-json\/wp\/v2\/posts"}],"about":[{"href":"https:\/\/blog.proclima.com\/de\/wp-json\/wp\/v2\/types\/post"}],"author":[{"embeddable":true,"href":"https:\/\/blog.proclima.com\/de\/wp-json\/wp\/v2\/users\/31"}],"replies":[{"embeddable":true,"href":"https:\/\/blog.proclima.com\/de\/wp-json\/wp\/v2\/comments?post=7482"}],"version-history":[{"count":10,"href":"https:\/\/blog.proclima.com\/de\/wp-json\/wp\/v2\/posts\/7482\/revisions"}],"predecessor-version":[{"id":7495,"href":"https:\/\/blog.proclima.com\/de\/wp-json\/wp\/v2\/posts\/7482\/revisions\/7495"}],"wp:attachment":[{"href":"https:\/\/blog.proclima.com\/de\/wp-json\/wp\/v2\/media?parent=7482"}],"wp:term":[{"taxonomy":"category","embeddable":true,"href":"https:\/\/blog.proclima.com\/de\/wp-json\/wp\/v2\/categories?post=7482"},{"taxonomy":"post_tag","embeddable":true,"href":"https:\/\/blog.proclima.com\/de\/wp-json\/wp\/v2\/tags?post=7482"}],"curies":[{"name":"wp","href":"https:\/\/api.w.org\/{rel}","templated":true}]}}