
{"id":7360,"date":"2018-02-12T11:37:20","date_gmt":"2018-02-12T10:37:20","guid":{"rendered":"http:\/\/blog.proclima.com\/de\/?p=7360"},"modified":"2018-02-12T11:47:27","modified_gmt":"2018-02-12T10:47:27","slug":"pm-fensterseminar-neu","status":"publish","type":"post","link":"https:\/\/blog.proclima.com\/de\/2018\/02\/pm-fensterseminar-neu\/","title":{"rendered":"Neu: Fensterseminar zu fachgerechten Anschl\u00fcssen"},"content":{"rendered":"<h1><span style=\"font-family: Arial, sans-serif\"><span style=\"font-size: medium\"><b>Ab sofort in Verden und Schwetzingen: Praxis und Theorie zu \u201eFenster sicher anschlie\u00dfen\u201c <\/b><\/span><\/span><\/h1>\n<p><span style=\"font-family: Arial, sans-serif\"><span style=\"font-size: medium\">Fenster einbauen sieht leicht aus, aber hier k\u00f6nnen viele Fehler passieren. Denn: es kommt vor allem auf die richtigen Anschl\u00fcsse an. Handwerker und Planer m\u00fcssen genau auf die \u00dcberg\u00e4nge von Fensterrahmen auf Bauteile achten, damit die Geb\u00e4udeh\u00fclle auch wirklich dicht ist. Die bauphysikalischen Hintergr\u00fcnde und Praxistipps gibt es ab sofort im neuen Seminar: \u201eFenster sicher anschlie\u00dfen\u201c, das in der pro clima Wissenswerkstatt in Schwetzingen und Verden stattfindet. <\/span><\/span><\/p>\n<figure id=\"attachment_7361\" aria-describedby=\"caption-attachment-7361\" style=\"width: 300px\" class=\"wp-caption alignright\"><a href=\"https:\/\/blog.proclima.com\/de\/files\/2018\/02\/2018_1_abb_1Fensterseminar1.jpg\"><img loading=\"lazy\" decoding=\"async\" data-size=\"900x599\" class=\"size-medium wp-image-7361\" src=\"https:\/\/blog.proclima.com\/de\/files\/2018\/02\/2018_1_abb_1Fensterseminar1-300x200.jpg\" alt=\"\" width=\"300\" height=\"200\" srcset=\"https:\/\/blog.proclima.com\/de\/files\/2018\/02\/2018_1_abb_1Fensterseminar1-300x200.jpg 300w, https:\/\/blog.proclima.com\/de\/files\/2018\/02\/2018_1_abb_1Fensterseminar1-768x511.jpg 768w, https:\/\/blog.proclima.com\/de\/files\/2018\/02\/2018_1_abb_1Fensterseminar1-384x256.jpg 384w, https:\/\/blog.proclima.com\/de\/files\/2018\/02\/2018_1_abb_1Fensterseminar1.jpg 900w\" sizes=\"auto, (max-width: 300px) 100vw, 300px\" \/><\/a><figcaption id=\"caption-attachment-7361\" class=\"wp-caption-text\"><span style=\"font-family: Arial, sans-serif\"><span style=\"font-size: medium\">Beim neuen Fensterseminar arbeiten die Referenten direkt mit den Teilnehmern an den Modellen. So k\u00f6nnen Handwerker, Energieberater und Planer die vorgestellten Anschlussl\u00f6sungen gleich testen. <\/span><\/span><\/figcaption><\/figure>\n<p><span style=\"font-family: Arial, sans-serif\"><span style=\"font-size: medium\">Das Fensterseminar umfasst grundlegende bauphysikalische <\/span><\/span><span style=\"font-family: Arial, sans-serif\"><span style=\"font-size: medium\">Hintergr\u00fcnde: \u201e Je fr\u00fcher ich wei\u00df, warum ich etwas tun muss, desto eher achte ich auch darauf. Fensteranschl\u00fcsse werden oft untersch\u00e4tzt. Beispielsweise, dass mit ein bisschen Schaum nicht alles dicht ist\u201c, sagt Cornelia L\u00e4ssing von der pro clima Wissenswerkstatt, die das Seminar mitkonzipiert hat. <\/span><\/span><\/p>\n<p>\u201e<span style=\"font-family: Arial, sans-serif\"><span style=\"font-size: medium\">Der Fensteranschluss ist eine anspruchsvolle, knifflige Aufgabe, die leider nur selten als eigenst\u00e4ndige Leistung gesehen wird\u201c, erg\u00e4nzt Bauingenieur Michael F\u00f6rster, Leiter der pro clima Anwendungstechnik. \u201eImmerhin muss die Fensteranschlussfuge auf engstem Raum das Gleiche leisten wie eine 40 Zentimeter dicke Au\u00dfenwand: Von au\u00dfen sch\u00fctzt sie vor Wind und Wetter, im Funktionsbereich geht es um W\u00e4rme- und Schallschutz und innen \u00fcbernimmt sie die Aufgabe der Luftdichtung und Dampfbremse. Aber auch die Einbaulage eines Fensters oder Anspr\u00fcche seitens der Bauherren spielen eine Rolle.\u201c<\/span><\/span><!--more--><\/p>\n<p><span style=\"font-family: Arial, sans-serif\"><span style=\"font-size: medium\">Bei \u201eFenster sicher anschlie\u00dfen\u201c lernen die Teilnehmer die Einfl\u00fcsse kennen, die auf das Fenster und angrenzende Bauteile wirken. Dabei wird Theorie und Praxis gleichzeitig vermittelt. Der Schwerpunkt liegt auf dem Baustellenalltag: An Modellen lernen die Handwerker, Energieberater und Planer verschiedene Anschlussl\u00f6sungen kennen und k\u00f6nnen diese gleich selber herstellen und somit auf ihre Praktikabilit\u00e4t testen. <\/span><\/span><\/p>\n<h2><span style=\"font-family: Arial, sans-serif\"><span style=\"font-size: medium\"><b>Seminarprogramm mit 11 Themen<\/b><\/span><\/span><\/h2>\n<p><span style=\"font-family: Arial, sans-serif\"><span style=\"font-size: medium\">Insgesamt viermal steht \u201eFenster sicher anschlie\u00dfen\u201c im aktuellen Seminarprogramm 2017\/2018. Hinzu kommen K\u00e4nguru-Seminare zu 10 weiteren Themen. Darunter findet sich f\u00fcr jeden Wissensstand und jedes Interesse das passende Angebot. <span style=\"color: #000000\">Neben dem Basiswissen <\/span><span style=\"color: #000000\">ABC des Hausbaus und Grundlagen der Bauphysik stehen Praxisseminare zum Dichten der Geb\u00e4udeh\u00fclle und zur erfolgreichen Dachsanierung ebenso wie verschiedene Blower.Door-Seminare <\/span><span style=\"color: #000000\">(eines davon als Weiterbildung mit Handwerkskammerpr\u00fcfung)<\/span><span style=\"color: #000000\"> auf dem Plan. <\/span><\/span><\/span><\/p>\n<p><span style=\"font-family: Arial, sans-serif\"><span style=\"font-size: medium\">Einige der Seminare sind als dena-Fortbildungen anerkannt. Allen gemeinsam ist das Ziel, die Teilnehmer f\u00fcr ihre Themen zu begeistern und sie aktiv mit einzubinden. Denn, so das Credo der pro clima Wissenswerkstatt: Nur wer mit Spa\u00df bei der Sache ist und aktiv denkt, anwendet und erprobt, beh\u00e4lt frisch Gelerntes auch auf Dauer im Kopf.<\/span><\/span><\/p>\n<p>Alle Seminare, Termine und Orte: <a href=\"http:\/\/proclima.de\/seminare\">http:\/\/proclima.de\/seminare<\/a><\/p>\n<h3><span style=\"font-family: Arial, sans-serif\"><span style=\"font-size: medium\">Pressekontakt<\/span><\/span><\/h3>\n<h2><span style=\"font-family: Arial, sans-serif\"><span style=\"font-size: medium\">Heide Merkel &amp; Cornelia L\u00e4ssing<\/span><\/span><\/h2>\n<p><strong><span style=\"font-family: Arial, sans-serif\"><span style=\"font-size: medium\">06202\/2782-56<\/span><\/span><\/strong><br \/>\n<strong> 06202\/ 57814-36<\/strong><br \/>\n<span style=\"font-family: Arial, serif\"><span style=\"font-size: medium\"><a href=\"mailto:heide.merkel@proclima.de\"><span style=\"font-family: Arial, sans-serif\">heide.merkel@proclima.de<br \/>\n<\/span><\/a><\/span><\/span><span style=\"font-family: Arial, serif\"><span style=\"font-size: medium\"><a href=\"mailto:cornelia.laessing@proclima.de\">cornelia.laessing@proclima.de<\/a><br \/>\n<\/span><\/span><span style=\"font-family: Arial, serif\"><span style=\"font-size: medium\"><a href=\"mailto:presse@proclima.de\"><span style=\"font-family: Arial, sans-serif\">presse@proclima.de<\/span><\/a><\/span><\/span><\/p>\n","protected":false},"excerpt":{"rendered":"<p>Ab sofort in Verden und Schwetzingen: Praxis und Theorie zu \u201eFenster sicher anschlie\u00dfen\u201c Fenster einbauen sieht leicht aus, aber hier k\u00f6nnen viele Fehler passieren. Denn: <a href=\"https:\/\/blog.proclima.com\/de\/2018\/02\/pm-fensterseminar-neu\/\" rel=\"bookmark\">&#8230;<\/a><\/p>\n","protected":false},"author":18,"featured_media":0,"comment_status":"open","ping_status":"open","sticky":false,"template":"","format":"standard","meta":{"footnotes":""},"categories":[136,6],"tags":[7,1336],"class_list":["post-7360","post","type-post","status-publish","format-standard","hentry","category-pressemitteilung","category-schulungen","tag-fenster","tag-fensteranschluesse"],"yoast_head":"<!-- This site is optimized with the Yoast SEO plugin v27.5 - https:\/\/yoast.com\/product\/yoast-seo-wordpress\/ -->\n<title>Neu: Fensterseminar zu fachgerechten Anschl\u00fcssen &#187; pro clima Blog - Deutschland<\/title>\n<meta name=\"robots\" content=\"index, follow, max-snippet:-1, max-image-preview:large, max-video-preview:-1\" \/>\n<link rel=\"canonical\" href=\"https:\/\/blog.proclima.com\/de\/2018\/02\/pm-fensterseminar-neu\/\" \/>\n<meta property=\"og:locale\" content=\"de_DE\" \/>\n<meta property=\"og:type\" content=\"article\" \/>\n<meta property=\"og:title\" content=\"Neu: Fensterseminar zu fachgerechten Anschl\u00fcssen &#187; pro clima Blog - Deutschland\" \/>\n<meta property=\"og:description\" content=\"Ab sofort in Verden und Schwetzingen: Praxis und Theorie zu \u201eFenster sicher anschlie\u00dfen\u201c Fenster einbauen sieht leicht aus, aber hier k\u00f6nnen viele Fehler passieren. Denn: ...\" \/>\n<meta property=\"og:url\" content=\"https:\/\/blog.proclima.com\/de\/2018\/02\/pm-fensterseminar-neu\/\" \/>\n<meta property=\"og:site_name\" content=\"pro clima Blog - Deutschland\" \/>\n<meta property=\"article:publisher\" content=\"https:\/\/www.facebook.com\/proclima\" \/>\n<meta property=\"article:published_time\" content=\"2018-02-12T10:37:20+00:00\" \/>\n<meta property=\"article:modified_time\" content=\"2018-02-12T10:47:27+00:00\" \/>\n<meta property=\"og:image\" content=\"https:\/\/blog.proclima.com\/de\/files\/2018\/02\/2018_1_abb_1Fensterseminar1.jpg\" \/>\n\t<meta property=\"og:image:width\" content=\"900\" \/>\n\t<meta property=\"og:image:height\" content=\"599\" \/>\n\t<meta property=\"og:image:type\" content=\"image\/jpeg\" \/>\n<meta name=\"author\" content=\"Heide Merkel\" \/>\n<meta name=\"twitter:card\" content=\"summary_large_image\" \/>\n<meta name=\"twitter:creator\" content=\"@proclimaDE\" \/>\n<meta name=\"twitter:site\" content=\"@proclimaDE\" \/>\n<meta name=\"twitter:label1\" content=\"Verfasst von\" \/>\n\t<meta name=\"twitter:data1\" content=\"Heide Merkel\" \/>\n\t<meta name=\"twitter:label2\" content=\"Gesch\u00e4tzte Lesezeit\" \/>\n\t<meta name=\"twitter:data2\" content=\"2\u00a0Minuten\" \/>\n<script type=\"application\/ld+json\" class=\"yoast-schema-graph\">{\"@context\":\"https:\\\/\\\/schema.org\",\"@graph\":[{\"@type\":\"Article\",\"@id\":\"https:\\\/\\\/blog.proclima.com\\\/de\\\/2018\\\/02\\\/pm-fensterseminar-neu\\\/#article\",\"isPartOf\":{\"@id\":\"https:\\\/\\\/blog.proclima.com\\\/de\\\/2018\\\/02\\\/pm-fensterseminar-neu\\\/\"},\"author\":{\"name\":\"Heide Merkel\",\"@id\":\"https:\\\/\\\/blog.proclima.com\\\/de\\\/#\\\/schema\\\/person\\\/b3490e20200d5d45b8d56f555ceffc21\"},\"headline\":\"Neu: Fensterseminar zu fachgerechten Anschl\u00fcssen\",\"datePublished\":\"2018-02-12T10:37:20+00:00\",\"dateModified\":\"2018-02-12T10:47:27+00:00\",\"mainEntityOfPage\":{\"@id\":\"https:\\\/\\\/blog.proclima.com\\\/de\\\/2018\\\/02\\\/pm-fensterseminar-neu\\\/\"},\"wordCount\":483,\"commentCount\":1,\"publisher\":{\"@id\":\"https:\\\/\\\/blog.proclima.com\\\/de\\\/#organization\"},\"image\":{\"@id\":\"https:\\\/\\\/blog.proclima.com\\\/de\\\/2018\\\/02\\\/pm-fensterseminar-neu\\\/#primaryimage\"},\"thumbnailUrl\":\"https:\\\/\\\/blog.proclima.com\\\/de\\\/files\\\/2018\\\/02\\\/2018_1_abb_1Fensterseminar1-300x200.jpg\",\"keywords\":[\"Fenster\",\"Fensteranschl\u00fcsse\"],\"articleSection\":[\"Pressemitteilungen\",\"Schulungen\\\/Seminare\"],\"inLanguage\":\"de\",\"potentialAction\":[{\"@type\":\"CommentAction\",\"name\":\"Comment\",\"target\":[\"https:\\\/\\\/blog.proclima.com\\\/de\\\/2018\\\/02\\\/pm-fensterseminar-neu\\\/#respond\"]}]},{\"@type\":\"WebPage\",\"@id\":\"https:\\\/\\\/blog.proclima.com\\\/de\\\/2018\\\/02\\\/pm-fensterseminar-neu\\\/\",\"url\":\"https:\\\/\\\/blog.proclima.com\\\/de\\\/2018\\\/02\\\/pm-fensterseminar-neu\\\/\",\"name\":\"Neu: Fensterseminar zu fachgerechten Anschl\u00fcssen &#187; pro clima Blog - Deutschland\",\"isPartOf\":{\"@id\":\"https:\\\/\\\/blog.proclima.com\\\/de\\\/#website\"},\"primaryImageOfPage\":{\"@id\":\"https:\\\/\\\/blog.proclima.com\\\/de\\\/2018\\\/02\\\/pm-fensterseminar-neu\\\/#primaryimage\"},\"image\":{\"@id\":\"https:\\\/\\\/blog.proclima.com\\\/de\\\/2018\\\/02\\\/pm-fensterseminar-neu\\\/#primaryimage\"},\"thumbnailUrl\":\"https:\\\/\\\/blog.proclima.com\\\/de\\\/files\\\/2018\\\/02\\\/2018_1_abb_1Fensterseminar1-300x200.jpg\",\"datePublished\":\"2018-02-12T10:37:20+00:00\",\"dateModified\":\"2018-02-12T10:47:27+00:00\",\"breadcrumb\":{\"@id\":\"https:\\\/\\\/blog.proclima.com\\\/de\\\/2018\\\/02\\\/pm-fensterseminar-neu\\\/#breadcrumb\"},\"inLanguage\":\"de\",\"potentialAction\":[{\"@type\":\"ReadAction\",\"target\":[\"https:\\\/\\\/blog.proclima.com\\\/de\\\/2018\\\/02\\\/pm-fensterseminar-neu\\\/\"]}]},{\"@type\":\"ImageObject\",\"inLanguage\":\"de\",\"@id\":\"https:\\\/\\\/blog.proclima.com\\\/de\\\/2018\\\/02\\\/pm-fensterseminar-neu\\\/#primaryimage\",\"url\":\"https:\\\/\\\/blog.proclima.com\\\/de\\\/files\\\/2018\\\/02\\\/2018_1_abb_1Fensterseminar1.jpg\",\"contentUrl\":\"https:\\\/\\\/blog.proclima.com\\\/de\\\/files\\\/2018\\\/02\\\/2018_1_abb_1Fensterseminar1.jpg\",\"width\":900,\"height\":599,\"caption\":\"Schwetzingen, Deutschland am 8 M\u00e4rz 2017. Pilotseminar Fensteranschl\u00fcsse mit den Referenten Christoph B\u00f6hringer und Thomas G\u00e4rtner.\"},{\"@type\":\"BreadcrumbList\",\"@id\":\"https:\\\/\\\/blog.proclima.com\\\/de\\\/2018\\\/02\\\/pm-fensterseminar-neu\\\/#breadcrumb\",\"itemListElement\":[{\"@type\":\"ListItem\",\"position\":1,\"name\":\"Startseite\",\"item\":\"https:\\\/\\\/blog.proclima.com\\\/de\\\/\"},{\"@type\":\"ListItem\",\"position\":2,\"name\":\"Neu: Fensterseminar zu fachgerechten Anschl\u00fcssen\"}]},{\"@type\":\"WebSite\",\"@id\":\"https:\\\/\\\/blog.proclima.com\\\/de\\\/#website\",\"url\":\"https:\\\/\\\/blog.proclima.com\\\/de\\\/\",\"name\":\"pro clima Blog - Deutschland\",\"description\":\"alles was pro clima bewegt\",\"publisher\":{\"@id\":\"https:\\\/\\\/blog.proclima.com\\\/de\\\/#organization\"},\"potentialAction\":[{\"@type\":\"SearchAction\",\"target\":{\"@type\":\"EntryPoint\",\"urlTemplate\":\"https:\\\/\\\/blog.proclima.com\\\/de\\\/?s={search_term_string}\"},\"query-input\":{\"@type\":\"PropertyValueSpecification\",\"valueRequired\":true,\"valueName\":\"search_term_string\"}}],\"inLanguage\":\"de\"},{\"@type\":\"Organization\",\"@id\":\"https:\\\/\\\/blog.proclima.com\\\/de\\\/#organization\",\"name\":\"pro clima - Moll bau\u00f6kologische Produkte GmbH\",\"url\":\"https:\\\/\\\/blog.proclima.com\\\/de\\\/\",\"logo\":{\"@type\":\"ImageObject\",\"inLanguage\":\"de\",\"@id\":\"https:\\\/\\\/blog.proclima.com\\\/de\\\/#\\\/schema\\\/logo\\\/image\\\/\",\"url\":\"https:\\\/\\\/blog.proclima.com\\\/de\\\/files\\\/2020\\\/04\\\/Logo-pro-clima.png\",\"contentUrl\":\"https:\\\/\\\/blog.proclima.com\\\/de\\\/files\\\/2020\\\/04\\\/Logo-pro-clima.png\",\"width\":4210,\"height\":4881,\"caption\":\"pro clima - Moll bau\u00f6kologische Produkte GmbH\"},\"image\":{\"@id\":\"https:\\\/\\\/blog.proclima.com\\\/de\\\/#\\\/schema\\\/logo\\\/image\\\/\"},\"sameAs\":[\"https:\\\/\\\/www.facebook.com\\\/proclima\",\"https:\\\/\\\/x.com\\\/proclimaDE\"]},{\"@type\":\"Person\",\"@id\":\"https:\\\/\\\/blog.proclima.com\\\/de\\\/#\\\/schema\\\/person\\\/b3490e20200d5d45b8d56f555ceffc21\",\"name\":\"Heide Merkel\",\"description\":\"Fachjournalistin, Referentin, Steuerung Presse &amp; Digitale Medien bei Moll bau\u00f6kologische Produkte GmbH (pro clima). Als Japanologin und ausgebildete Redakteurin ist Heide eher zuf\u00e4llig in der Baubranche gelandet. Seit 2011 arbeitet sie f\u00fcr pro clima. Ihr Wissen zu effektiver Kommunikation gibt sie in Seminaren, Artikeln und Vortr\u00e4gen weiter. F\u00fcr den pro clima Blog, proclima.tv und das pro clima Bauradio interviewt sie interessante Menschen aus der Baubranche. Auf\u00a0 luftdichtheit-gepr\u00fcft.de bloggt Heide \u00fcber Leckagen, Luftdichtung und Qualit\u00e4ts\u00fcberpr\u00fcfung mit Blower-Door-Tests. Ihre Freizeit verbringt sie u.a. in den Vogesen, wo sie seit mehr als f\u00fcnf Jahren ein altes Bauernhaus saniert. Ihr neuestes Projekt:\u00a0 www.besser-als-marketing.de Hier gibt es Tipps, wie Unternehmen in der Baubranche ihre Sichtbarkeit erh\u00f6hen k\u00f6nnen. Die ersten Videos sind bereits online im Youtube Channel Wer mehr \u00fcber Heide Merkel erfahren m\u00f6chte, findet sie auf den g\u00e4ngigen Social Media Plattformen.\",\"url\":\"https:\\\/\\\/blog.proclima.com\\\/de\\\/author\\\/gentner\\\/\"}]}<\/script>\n<!-- \/ Yoast SEO plugin. -->","yoast_head_json":{"title":"Neu: Fensterseminar zu fachgerechten Anschl\u00fcssen &#187; pro clima Blog - Deutschland","robots":{"index":"index","follow":"follow","max-snippet":"max-snippet:-1","max-image-preview":"max-image-preview:large","max-video-preview":"max-video-preview:-1"},"canonical":"https:\/\/blog.proclima.com\/de\/2018\/02\/pm-fensterseminar-neu\/","og_locale":"de_DE","og_type":"article","og_title":"Neu: Fensterseminar zu fachgerechten Anschl\u00fcssen &#187; pro clima Blog - Deutschland","og_description":"Ab sofort in Verden und Schwetzingen: Praxis und Theorie zu \u201eFenster sicher anschlie\u00dfen\u201c Fenster einbauen sieht leicht aus, aber hier k\u00f6nnen viele Fehler passieren. Denn: ...","og_url":"https:\/\/blog.proclima.com\/de\/2018\/02\/pm-fensterseminar-neu\/","og_site_name":"pro clima Blog - Deutschland","article_publisher":"https:\/\/www.facebook.com\/proclima","article_published_time":"2018-02-12T10:37:20+00:00","article_modified_time":"2018-02-12T10:47:27+00:00","og_image":[{"width":900,"height":599,"url":"https:\/\/blog.proclima.com\/de\/files\/2018\/02\/2018_1_abb_1Fensterseminar1.jpg","type":"image\/jpeg"}],"author":"Heide Merkel","twitter_card":"summary_large_image","twitter_creator":"@proclimaDE","twitter_site":"@proclimaDE","twitter_misc":{"Verfasst von":"Heide Merkel","Gesch\u00e4tzte Lesezeit":"2\u00a0Minuten"},"schema":{"@context":"https:\/\/schema.org","@graph":[{"@type":"Article","@id":"https:\/\/blog.proclima.com\/de\/2018\/02\/pm-fensterseminar-neu\/#article","isPartOf":{"@id":"https:\/\/blog.proclima.com\/de\/2018\/02\/pm-fensterseminar-neu\/"},"author":{"name":"Heide Merkel","@id":"https:\/\/blog.proclima.com\/de\/#\/schema\/person\/b3490e20200d5d45b8d56f555ceffc21"},"headline":"Neu: Fensterseminar zu fachgerechten Anschl\u00fcssen","datePublished":"2018-02-12T10:37:20+00:00","dateModified":"2018-02-12T10:47:27+00:00","mainEntityOfPage":{"@id":"https:\/\/blog.proclima.com\/de\/2018\/02\/pm-fensterseminar-neu\/"},"wordCount":483,"commentCount":1,"publisher":{"@id":"https:\/\/blog.proclima.com\/de\/#organization"},"image":{"@id":"https:\/\/blog.proclima.com\/de\/2018\/02\/pm-fensterseminar-neu\/#primaryimage"},"thumbnailUrl":"https:\/\/blog.proclima.com\/de\/files\/2018\/02\/2018_1_abb_1Fensterseminar1-300x200.jpg","keywords":["Fenster","Fensteranschl\u00fcsse"],"articleSection":["Pressemitteilungen","Schulungen\/Seminare"],"inLanguage":"de","potentialAction":[{"@type":"CommentAction","name":"Comment","target":["https:\/\/blog.proclima.com\/de\/2018\/02\/pm-fensterseminar-neu\/#respond"]}]},{"@type":"WebPage","@id":"https:\/\/blog.proclima.com\/de\/2018\/02\/pm-fensterseminar-neu\/","url":"https:\/\/blog.proclima.com\/de\/2018\/02\/pm-fensterseminar-neu\/","name":"Neu: Fensterseminar zu fachgerechten Anschl\u00fcssen &#187; pro clima Blog - Deutschland","isPartOf":{"@id":"https:\/\/blog.proclima.com\/de\/#website"},"primaryImageOfPage":{"@id":"https:\/\/blog.proclima.com\/de\/2018\/02\/pm-fensterseminar-neu\/#primaryimage"},"image":{"@id":"https:\/\/blog.proclima.com\/de\/2018\/02\/pm-fensterseminar-neu\/#primaryimage"},"thumbnailUrl":"https:\/\/blog.proclima.com\/de\/files\/2018\/02\/2018_1_abb_1Fensterseminar1-300x200.jpg","datePublished":"2018-02-12T10:37:20+00:00","dateModified":"2018-02-12T10:47:27+00:00","breadcrumb":{"@id":"https:\/\/blog.proclima.com\/de\/2018\/02\/pm-fensterseminar-neu\/#breadcrumb"},"inLanguage":"de","potentialAction":[{"@type":"ReadAction","target":["https:\/\/blog.proclima.com\/de\/2018\/02\/pm-fensterseminar-neu\/"]}]},{"@type":"ImageObject","inLanguage":"de","@id":"https:\/\/blog.proclima.com\/de\/2018\/02\/pm-fensterseminar-neu\/#primaryimage","url":"https:\/\/blog.proclima.com\/de\/files\/2018\/02\/2018_1_abb_1Fensterseminar1.jpg","contentUrl":"https:\/\/blog.proclima.com\/de\/files\/2018\/02\/2018_1_abb_1Fensterseminar1.jpg","width":900,"height":599,"caption":"Schwetzingen, Deutschland am 8 M\u00e4rz 2017. Pilotseminar Fensteranschl\u00fcsse mit den Referenten Christoph B\u00f6hringer und Thomas G\u00e4rtner."},{"@type":"BreadcrumbList","@id":"https:\/\/blog.proclima.com\/de\/2018\/02\/pm-fensterseminar-neu\/#breadcrumb","itemListElement":[{"@type":"ListItem","position":1,"name":"Startseite","item":"https:\/\/blog.proclima.com\/de\/"},{"@type":"ListItem","position":2,"name":"Neu: Fensterseminar zu fachgerechten Anschl\u00fcssen"}]},{"@type":"WebSite","@id":"https:\/\/blog.proclima.com\/de\/#website","url":"https:\/\/blog.proclima.com\/de\/","name":"pro clima Blog - Deutschland","description":"alles was pro clima bewegt","publisher":{"@id":"https:\/\/blog.proclima.com\/de\/#organization"},"potentialAction":[{"@type":"SearchAction","target":{"@type":"EntryPoint","urlTemplate":"https:\/\/blog.proclima.com\/de\/?s={search_term_string}"},"query-input":{"@type":"PropertyValueSpecification","valueRequired":true,"valueName":"search_term_string"}}],"inLanguage":"de"},{"@type":"Organization","@id":"https:\/\/blog.proclima.com\/de\/#organization","name":"pro clima - Moll bau\u00f6kologische Produkte GmbH","url":"https:\/\/blog.proclima.com\/de\/","logo":{"@type":"ImageObject","inLanguage":"de","@id":"https:\/\/blog.proclima.com\/de\/#\/schema\/logo\/image\/","url":"https:\/\/blog.proclima.com\/de\/files\/2020\/04\/Logo-pro-clima.png","contentUrl":"https:\/\/blog.proclima.com\/de\/files\/2020\/04\/Logo-pro-clima.png","width":4210,"height":4881,"caption":"pro clima - Moll bau\u00f6kologische Produkte GmbH"},"image":{"@id":"https:\/\/blog.proclima.com\/de\/#\/schema\/logo\/image\/"},"sameAs":["https:\/\/www.facebook.com\/proclima","https:\/\/x.com\/proclimaDE"]},{"@type":"Person","@id":"https:\/\/blog.proclima.com\/de\/#\/schema\/person\/b3490e20200d5d45b8d56f555ceffc21","name":"Heide Merkel","description":"Fachjournalistin, Referentin, Steuerung Presse &amp; Digitale Medien bei Moll bau\u00f6kologische Produkte GmbH (pro clima). Als Japanologin und ausgebildete Redakteurin ist Heide eher zuf\u00e4llig in der Baubranche gelandet. Seit 2011 arbeitet sie f\u00fcr pro clima. Ihr Wissen zu effektiver Kommunikation gibt sie in Seminaren, Artikeln und Vortr\u00e4gen weiter. F\u00fcr den pro clima Blog, proclima.tv und das pro clima Bauradio interviewt sie interessante Menschen aus der Baubranche. Auf\u00a0 luftdichtheit-gepr\u00fcft.de bloggt Heide \u00fcber Leckagen, Luftdichtung und Qualit\u00e4ts\u00fcberpr\u00fcfung mit Blower-Door-Tests. Ihre Freizeit verbringt sie u.a. in den Vogesen, wo sie seit mehr als f\u00fcnf Jahren ein altes Bauernhaus saniert. Ihr neuestes Projekt:\u00a0 www.besser-als-marketing.de Hier gibt es Tipps, wie Unternehmen in der Baubranche ihre Sichtbarkeit erh\u00f6hen k\u00f6nnen. Die ersten Videos sind bereits online im Youtube Channel Wer mehr \u00fcber Heide Merkel erfahren m\u00f6chte, findet sie auf den g\u00e4ngigen Social Media Plattformen.","url":"https:\/\/blog.proclima.com\/de\/author\/gentner\/"}]}},"canto_acf_fields":"","_links":{"self":[{"href":"https:\/\/blog.proclima.com\/de\/wp-json\/wp\/v2\/posts\/7360","targetHints":{"allow":["GET"]}}],"collection":[{"href":"https:\/\/blog.proclima.com\/de\/wp-json\/wp\/v2\/posts"}],"about":[{"href":"https:\/\/blog.proclima.com\/de\/wp-json\/wp\/v2\/types\/post"}],"author":[{"embeddable":true,"href":"https:\/\/blog.proclima.com\/de\/wp-json\/wp\/v2\/users\/18"}],"replies":[{"embeddable":true,"href":"https:\/\/blog.proclima.com\/de\/wp-json\/wp\/v2\/comments?post=7360"}],"version-history":[{"count":5,"href":"https:\/\/blog.proclima.com\/de\/wp-json\/wp\/v2\/posts\/7360\/revisions"}],"predecessor-version":[{"id":7367,"href":"https:\/\/blog.proclima.com\/de\/wp-json\/wp\/v2\/posts\/7360\/revisions\/7367"}],"wp:attachment":[{"href":"https:\/\/blog.proclima.com\/de\/wp-json\/wp\/v2\/media?parent=7360"}],"wp:term":[{"taxonomy":"category","embeddable":true,"href":"https:\/\/blog.proclima.com\/de\/wp-json\/wp\/v2\/categories?post=7360"},{"taxonomy":"post_tag","embeddable":true,"href":"https:\/\/blog.proclima.com\/de\/wp-json\/wp\/v2\/tags?post=7360"}],"curies":[{"name":"wp","href":"https:\/\/api.w.org\/{rel}","templated":true}]}}