
{"id":7099,"date":"2017-09-16T15:23:36","date_gmt":"2017-09-16T13:23:36","guid":{"rendered":"http:\/\/blog.proclima.com\/de\/?p=7099"},"modified":"2017-09-18T18:17:35","modified_gmt":"2017-09-18T16:17:35","slug":"dach-praxis-november-2017","status":"publish","type":"post","link":"https:\/\/blog.proclima.com\/de\/2017\/09\/dach-praxis-november-2017\/","title":{"rendered":"Dach-Praxis-Schulung tourt im November 2017 durch f\u00fcnf St\u00e4dte"},"content":{"rendered":"<p><span style=\"font-size: large;\"><strong>Richtig und schnell: Dachsanierungs-Details planen und verarbeiten<\/strong><\/span><\/p>\n<p>Das Ziel der Kombischulung Dach-Praxis: Fachvortr\u00e4ge und Praxisdemonstrationen, in denen Verarbeiter, Planer und Energieberater lernen, wie Problemstellen bei der Dachsanierung erkannt und gel\u00f6st werden k\u00f6nnen.. Das Referententeam tourt im November 2017 durch f\u00fcnf deutsche St\u00e4dte . Anmeldungen sind ab sofort m\u00f6glich unter: dach-praxis.de<\/p>\n<figure id=\"attachment_7101\" aria-describedby=\"caption-attachment-7101\" style=\"width: 300px\" class=\"wp-caption alignleft\"><a href=\"https:\/\/blog.proclima.com\/de\/files\/2017\/09\/2_Abbildung_2_Modell_Leinwand.jpg\"><img loading=\"lazy\" decoding=\"async\" class=\"size-medium wp-image-7101\" src=\"https:\/\/blog.proclima.com\/de\/files\/2017\/09\/2_Abbildung_2_Modell_Leinwand-300x200.jpg\" alt=\"\" width=\"300\" height=\"200\" srcset=\"https:\/\/blog.proclima.com\/de\/files\/2017\/09\/2_Abbildung_2_Modell_Leinwand-300x200.jpg 300w, https:\/\/blog.proclima.com\/de\/files\/2017\/09\/2_Abbildung_2_Modell_Leinwand-1024x683.jpg 1024w, https:\/\/blog.proclima.com\/de\/files\/2017\/09\/2_Abbildung_2_Modell_Leinwand-768x513.jpg 768w, https:\/\/blog.proclima.com\/de\/files\/2017\/09\/2_Abbildung_2_Modell_Leinwand-1536x1025.jpg 1536w, https:\/\/blog.proclima.com\/de\/files\/2017\/09\/2_Abbildung_2_Modell_Leinwand-2048x1367.jpg 2048w, https:\/\/blog.proclima.com\/de\/files\/2017\/09\/2_Abbildung_2_Modell_Leinwand-384x256.jpg 384w\" sizes=\"auto, (max-width: 300px) 100vw, 300px\" \/><\/a><figcaption id=\"caption-attachment-7101\" class=\"wp-caption-text\">Alle Schritte werden an einem Modell gezeigt, denn gewerke\u00fcbergreifendes Arbeiten ist die Basis f\u00fcr eine erfolgreiche Sanierung. Damit alle Teilnehmer die Details sehen, werden diese vergr\u00f6\u00dfert auf einer Leinwand gezeigt.<\/figcaption><\/figure>\n<p>Dach-Praxis beantwortet Fragen wie: \u201eWelcher Aufbau ist wann der richtige?\u201c Bauphysikalische Hintergr\u00fcnde werden in der Schulung nicht nur erkl\u00e4rt, sondern an einem 1:1 Praxismodell gezeigt. Die Teilnehmer lernen, wie Details einfach und richtig ausgef\u00fchrt werden.<\/p>\n<p><span style=\"color: #333333;\">Di<span style=\"color: #000000;\">e Nachfrage nach aktuellen Informationen und L\u00f6sungen f\u00fcr Dachsanierungssituationen ist hoch, da jede Planung und Ausf\u00fchrung einer solchen Sanierung anders ist. So gibt es keine Dachsanierung, deren Arbeitsaufwand sich einfach nach Gr\u00f6\u00dfe berechnen l\u00e4sst. Stattdessen treffen Planer und Handwerker meist auf verdrehte Sparren, Schalkanten, zahlreiche Zangen, Wechsel, Kehlschifter oder Gratsparren. <\/span><\/span><\/p>\n<figure id=\"attachment_7102\" aria-describedby=\"caption-attachment-7102\" style=\"width: 300px\" class=\"wp-caption alignleft\"><a href=\"https:\/\/blog.proclima.com\/de\/files\/2017\/09\/3_Abbildung_3_Variante_Dachpraxis.jpg\"><img loading=\"lazy\" decoding=\"async\" class=\"size-medium wp-image-7102\" src=\"https:\/\/blog.proclima.com\/de\/files\/2017\/09\/3_Abbildung_3_Variante_Dachpraxis-300x200.jpg\" alt=\"\" width=\"300\" height=\"200\" srcset=\"https:\/\/blog.proclima.com\/de\/files\/2017\/09\/3_Abbildung_3_Variante_Dachpraxis-300x200.jpg 300w, https:\/\/blog.proclima.com\/de\/files\/2017\/09\/3_Abbildung_3_Variante_Dachpraxis-1024x683.jpg 1024w, https:\/\/blog.proclima.com\/de\/files\/2017\/09\/3_Abbildung_3_Variante_Dachpraxis-768x513.jpg 768w, https:\/\/blog.proclima.com\/de\/files\/2017\/09\/3_Abbildung_3_Variante_Dachpraxis-1536x1025.jpg 1536w, https:\/\/blog.proclima.com\/de\/files\/2017\/09\/3_Abbildung_3_Variante_Dachpraxis-2048x1367.jpg 2048w, https:\/\/blog.proclima.com\/de\/files\/2017\/09\/3_Abbildung_3_Variante_Dachpraxis-384x256.jpg 384w\" sizes=\"auto, (max-width: 300px) 100vw, 300px\" \/><\/a><figcaption id=\"caption-attachment-7102\" class=\"wp-caption-text\">Handwerker, Planer und H\u00e4ndler besuchen seit 2013 die Kombischulung Dach-Praxis. Den meisten Teilnehmern gef\u00e4llt, dass sie an nur einem Tag ein kompaktes Update zur fachgerechten Dachsanierung erhalten.<\/figcaption><\/figure>\n<p>pro clima, Produzent f\u00fcr Systeme der Luftdichtung innen und Winddichtung au\u00dfen, der <!--more-->D\u00e4mmstoffhersteller Gutex, Dachfl\u00e4chenfensterproduzent Roto und Dachziegelhersteller Nelskamp werfen f\u00fcr diese besondere Kombischulung ihr Know-How zusammen. Sie pr\u00e4sentieren die neuesten Erkenntnisse und den aktuellen Stand der Technik zu Luftdichtung, Feuchteschutz, D\u00e4mmung, Fenstereinbau und Dachziegeln.<\/p>\n<p>Die Vortr\u00e4ge der vergangenen Jahre k\u00f6nnen als PDF und Video in der Dach-Praxis Mediathek abgerufen werden: <a href=\"https:\/\/dach-praxis.proclima.com\/mediathek\">https:\/\/dach-praxis.proclima.com\/mediathek<\/a><\/p>\n<p>Der Fr\u00fchbucherrabatt (30\u00a0%) gilt bis 30.09.2017: <a href=\"https:\/\/dach-praxis.proclima.com\/home\">https:\/\/dach-praxis.proclima.com\/home<\/a><\/p>\n<p><b>Termine und Orte: <\/b><\/p>\n<ul>\n<li><a href=\"https:\/\/dach-praxis.proclima.com\/koblenz\">07.11.2017 in Koblenz<\/a><\/li>\n<li><a href=\"https:\/\/dach-praxis.proclima.com\/oldenburg\">09.11.2017 in Oldenburg<\/a><\/li>\n<li><a href=\"https:\/\/dach-praxis.proclima.com\/goettingen\">14.11.2017 G\u00f6ttingen<\/a><\/li>\n<li><a href=\"https:\/\/dach-praxis.proclima.com\/leipzig\">16.11.2017 Leipzig<\/a><\/li>\n<li><a href=\"https:\/\/dach-praxis.proclima.com\/sinsheim\">21.11.2017 Sinsheim<\/a><\/li>\n<\/ul>\n<p><b>Programm, Referenten und Anmeldung:<br \/>\n<\/b><a href=\"http:\/\/dach-praxis.de\">dach-praxis.de<\/a><\/p>\n<p>Der Fr\u00fchbucherrabatt (30\u00a0%) gilt bis 6.Oktober 2017.<\/p>\n<figure id=\"attachment_7100\" aria-describedby=\"caption-attachment-7100\" style=\"width: 584px\" class=\"wp-caption aligncenter\"><a href=\"https:\/\/blog.proclima.com\/de\/files\/2017\/09\/1_Abbildung_1_Teaserbild_DachPraxis.jpg\"><img loading=\"lazy\" decoding=\"async\" class=\"wp-image-7100 size-large\" src=\"https:\/\/blog.proclima.com\/de\/files\/2017\/09\/1_Abbildung_1_Teaserbild_DachPraxis-1024x683.jpg\" alt=\"\" width=\"584\" height=\"390\" srcset=\"https:\/\/blog.proclima.com\/de\/files\/2017\/09\/1_Abbildung_1_Teaserbild_DachPraxis-1024x683.jpg 1024w, https:\/\/blog.proclima.com\/de\/files\/2017\/09\/1_Abbildung_1_Teaserbild_DachPraxis-300x200.jpg 300w, https:\/\/blog.proclima.com\/de\/files\/2017\/09\/1_Abbildung_1_Teaserbild_DachPraxis-768x513.jpg 768w, https:\/\/blog.proclima.com\/de\/files\/2017\/09\/1_Abbildung_1_Teaserbild_DachPraxis-1536x1025.jpg 1536w, https:\/\/blog.proclima.com\/de\/files\/2017\/09\/1_Abbildung_1_Teaserbild_DachPraxis-2048x1367.jpg 2048w, https:\/\/blog.proclima.com\/de\/files\/2017\/09\/1_Abbildung_1_Teaserbild_DachPraxis-384x256.jpg 384w\" sizes=\"auto, (max-width: 584px) 100vw, 584px\" \/><\/a><figcaption id=\"caption-attachment-7100\" class=\"wp-caption-text\">Die erfolgreiche Schulung Dach-Praxis tourt wieder im November durch f\u00fcnf St\u00e4dte in Deutschland.<\/figcaption><\/figure>\n<p><strong>Pressekontakt:<br \/>\n<\/strong>Heide Gentner<br \/>\n0602\/2782-56<br \/>\n<a href=\"mailto:heide.gentner@proclima.de\">heide.gentner@proclima.de<\/a><\/p>\n","protected":false},"excerpt":{"rendered":"<p>Richtig und schnell: Dachsanierungs-Details planen und verarbeiten Das Ziel der Kombischulung Dach-Praxis: Fachvortr\u00e4ge und Praxisdemonstrationen, in denen Verarbeiter, Planer und Energieberater lernen, wie Problemstellen bei <a href=\"https:\/\/blog.proclima.com\/de\/2017\/09\/dach-praxis-november-2017\/\" rel=\"bookmark\">&#8230;<\/a><\/p>\n","protected":false},"author":18,"featured_media":7100,"comment_status":"open","ping_status":"open","sticky":false,"template":"","format":"standard","meta":{"footnotes":""},"categories":[136],"tags":[652,649,312,709],"class_list":["post-7099","post","type-post","status-publish","format-standard","has-post-thumbnail","hentry","category-pressemitteilung","tag-dach","tag-dach-praxis","tag-dachsanierung","tag-schulung"],"yoast_head":"<!-- This site is optimized with the Yoast SEO plugin v27.5 - https:\/\/yoast.com\/product\/yoast-seo-wordpress\/ -->\n<title>Dach-Praxis-Schulung tourt im November 2017 durch f\u00fcnf St\u00e4dte &#187; pro clima Blog - Deutschland<\/title>\n<meta name=\"robots\" content=\"index, follow, max-snippet:-1, max-image-preview:large, max-video-preview:-1\" \/>\n<link rel=\"canonical\" href=\"https:\/\/blog.proclima.com\/de\/2017\/09\/dach-praxis-november-2017\/\" \/>\n<meta property=\"og:locale\" content=\"de_DE\" \/>\n<meta property=\"og:type\" content=\"article\" \/>\n<meta property=\"og:title\" content=\"Dach-Praxis-Schulung tourt im November 2017 durch f\u00fcnf St\u00e4dte &#187; pro clima Blog - Deutschland\" \/>\n<meta property=\"og:description\" content=\"Richtig und schnell: Dachsanierungs-Details planen und verarbeiten Das Ziel der Kombischulung Dach-Praxis: Fachvortr\u00e4ge und Praxisdemonstrationen, in denen Verarbeiter, Planer und Energieberater lernen, wie Problemstellen bei ...\" \/>\n<meta property=\"og:url\" content=\"https:\/\/blog.proclima.com\/de\/2017\/09\/dach-praxis-november-2017\/\" \/>\n<meta property=\"og:site_name\" content=\"pro clima Blog - Deutschland\" \/>\n<meta property=\"article:publisher\" content=\"https:\/\/www.facebook.com\/proclima\" \/>\n<meta property=\"article:published_time\" content=\"2017-09-16T13:23:36+00:00\" \/>\n<meta property=\"article:modified_time\" content=\"2017-09-18T16:17:35+00:00\" \/>\n<meta property=\"og:image\" content=\"https:\/\/blog.proclima.com\/de\/files\/2017\/09\/1_Abbildung_1_Teaserbild_DachPraxis-scaled.jpg\" \/>\n\t<meta property=\"og:image:width\" content=\"2560\" \/>\n\t<meta property=\"og:image:height\" content=\"1709\" \/>\n\t<meta property=\"og:image:type\" content=\"image\/jpeg\" \/>\n<meta name=\"author\" content=\"Heide Merkel\" \/>\n<meta name=\"twitter:card\" content=\"summary_large_image\" \/>\n<meta name=\"twitter:creator\" content=\"@proclimaDE\" \/>\n<meta name=\"twitter:site\" content=\"@proclimaDE\" \/>\n<meta name=\"twitter:label1\" content=\"Verfasst von\" \/>\n\t<meta name=\"twitter:data1\" content=\"Heide Merkel\" \/>\n\t<meta name=\"twitter:label2\" content=\"Gesch\u00e4tzte Lesezeit\" \/>\n\t<meta name=\"twitter:data2\" content=\"2\u00a0Minuten\" \/>\n<script type=\"application\/ld+json\" class=\"yoast-schema-graph\">{\"@context\":\"https:\\\/\\\/schema.org\",\"@graph\":[{\"@type\":\"Article\",\"@id\":\"https:\\\/\\\/blog.proclima.com\\\/de\\\/2017\\\/09\\\/dach-praxis-november-2017\\\/#article\",\"isPartOf\":{\"@id\":\"https:\\\/\\\/blog.proclima.com\\\/de\\\/2017\\\/09\\\/dach-praxis-november-2017\\\/\"},\"author\":{\"name\":\"Heide Merkel\",\"@id\":\"https:\\\/\\\/blog.proclima.com\\\/de\\\/#\\\/schema\\\/person\\\/b3490e20200d5d45b8d56f555ceffc21\"},\"headline\":\"Dach-Praxis-Schulung tourt im November 2017 durch f\u00fcnf St\u00e4dte\",\"datePublished\":\"2017-09-16T13:23:36+00:00\",\"dateModified\":\"2017-09-18T16:17:35+00:00\",\"mainEntityOfPage\":{\"@id\":\"https:\\\/\\\/blog.proclima.com\\\/de\\\/2017\\\/09\\\/dach-praxis-november-2017\\\/\"},\"wordCount\":369,\"commentCount\":0,\"publisher\":{\"@id\":\"https:\\\/\\\/blog.proclima.com\\\/de\\\/#organization\"},\"image\":{\"@id\":\"https:\\\/\\\/blog.proclima.com\\\/de\\\/2017\\\/09\\\/dach-praxis-november-2017\\\/#primaryimage\"},\"thumbnailUrl\":\"https:\\\/\\\/blog.proclima.com\\\/de\\\/files\\\/2017\\\/09\\\/1_Abbildung_1_Teaserbild_DachPraxis-scaled.jpg\",\"keywords\":[\"Dach\",\"Dach-Praxis\",\"Dachsanierung\",\"Schulung\"],\"articleSection\":[\"Pressemitteilungen\"],\"inLanguage\":\"de\",\"potentialAction\":[{\"@type\":\"CommentAction\",\"name\":\"Comment\",\"target\":[\"https:\\\/\\\/blog.proclima.com\\\/de\\\/2017\\\/09\\\/dach-praxis-november-2017\\\/#respond\"]}]},{\"@type\":\"WebPage\",\"@id\":\"https:\\\/\\\/blog.proclima.com\\\/de\\\/2017\\\/09\\\/dach-praxis-november-2017\\\/\",\"url\":\"https:\\\/\\\/blog.proclima.com\\\/de\\\/2017\\\/09\\\/dach-praxis-november-2017\\\/\",\"name\":\"Dach-Praxis-Schulung tourt im November 2017 durch f\u00fcnf St\u00e4dte &#187; pro clima Blog - Deutschland\",\"isPartOf\":{\"@id\":\"https:\\\/\\\/blog.proclima.com\\\/de\\\/#website\"},\"primaryImageOfPage\":{\"@id\":\"https:\\\/\\\/blog.proclima.com\\\/de\\\/2017\\\/09\\\/dach-praxis-november-2017\\\/#primaryimage\"},\"image\":{\"@id\":\"https:\\\/\\\/blog.proclima.com\\\/de\\\/2017\\\/09\\\/dach-praxis-november-2017\\\/#primaryimage\"},\"thumbnailUrl\":\"https:\\\/\\\/blog.proclima.com\\\/de\\\/files\\\/2017\\\/09\\\/1_Abbildung_1_Teaserbild_DachPraxis-scaled.jpg\",\"datePublished\":\"2017-09-16T13:23:36+00:00\",\"dateModified\":\"2017-09-18T16:17:35+00:00\",\"breadcrumb\":{\"@id\":\"https:\\\/\\\/blog.proclima.com\\\/de\\\/2017\\\/09\\\/dach-praxis-november-2017\\\/#breadcrumb\"},\"inLanguage\":\"de\",\"potentialAction\":[{\"@type\":\"ReadAction\",\"target\":[\"https:\\\/\\\/blog.proclima.com\\\/de\\\/2017\\\/09\\\/dach-praxis-november-2017\\\/\"]}]},{\"@type\":\"ImageObject\",\"inLanguage\":\"de\",\"@id\":\"https:\\\/\\\/blog.proclima.com\\\/de\\\/2017\\\/09\\\/dach-praxis-november-2017\\\/#primaryimage\",\"url\":\"https:\\\/\\\/blog.proclima.com\\\/de\\\/files\\\/2017\\\/09\\\/1_Abbildung_1_Teaserbild_DachPraxis-scaled.jpg\",\"contentUrl\":\"https:\\\/\\\/blog.proclima.com\\\/de\\\/files\\\/2017\\\/09\\\/1_Abbildung_1_Teaserbild_DachPraxis-scaled.jpg\",\"width\":2560,\"height\":1709},{\"@type\":\"BreadcrumbList\",\"@id\":\"https:\\\/\\\/blog.proclima.com\\\/de\\\/2017\\\/09\\\/dach-praxis-november-2017\\\/#breadcrumb\",\"itemListElement\":[{\"@type\":\"ListItem\",\"position\":1,\"name\":\"Startseite\",\"item\":\"https:\\\/\\\/blog.proclima.com\\\/de\\\/\"},{\"@type\":\"ListItem\",\"position\":2,\"name\":\"Dach-Praxis-Schulung tourt im November 2017 durch f\u00fcnf St\u00e4dte\"}]},{\"@type\":\"WebSite\",\"@id\":\"https:\\\/\\\/blog.proclima.com\\\/de\\\/#website\",\"url\":\"https:\\\/\\\/blog.proclima.com\\\/de\\\/\",\"name\":\"pro clima Blog - Deutschland\",\"description\":\"alles was pro clima bewegt\",\"publisher\":{\"@id\":\"https:\\\/\\\/blog.proclima.com\\\/de\\\/#organization\"},\"potentialAction\":[{\"@type\":\"SearchAction\",\"target\":{\"@type\":\"EntryPoint\",\"urlTemplate\":\"https:\\\/\\\/blog.proclima.com\\\/de\\\/?s={search_term_string}\"},\"query-input\":{\"@type\":\"PropertyValueSpecification\",\"valueRequired\":true,\"valueName\":\"search_term_string\"}}],\"inLanguage\":\"de\"},{\"@type\":\"Organization\",\"@id\":\"https:\\\/\\\/blog.proclima.com\\\/de\\\/#organization\",\"name\":\"pro clima - Moll bau\u00f6kologische Produkte GmbH\",\"url\":\"https:\\\/\\\/blog.proclima.com\\\/de\\\/\",\"logo\":{\"@type\":\"ImageObject\",\"inLanguage\":\"de\",\"@id\":\"https:\\\/\\\/blog.proclima.com\\\/de\\\/#\\\/schema\\\/logo\\\/image\\\/\",\"url\":\"https:\\\/\\\/blog.proclima.com\\\/de\\\/files\\\/2020\\\/04\\\/Logo-pro-clima.png\",\"contentUrl\":\"https:\\\/\\\/blog.proclima.com\\\/de\\\/files\\\/2020\\\/04\\\/Logo-pro-clima.png\",\"width\":4210,\"height\":4881,\"caption\":\"pro clima - Moll bau\u00f6kologische Produkte GmbH\"},\"image\":{\"@id\":\"https:\\\/\\\/blog.proclima.com\\\/de\\\/#\\\/schema\\\/logo\\\/image\\\/\"},\"sameAs\":[\"https:\\\/\\\/www.facebook.com\\\/proclima\",\"https:\\\/\\\/x.com\\\/proclimaDE\"]},{\"@type\":\"Person\",\"@id\":\"https:\\\/\\\/blog.proclima.com\\\/de\\\/#\\\/schema\\\/person\\\/b3490e20200d5d45b8d56f555ceffc21\",\"name\":\"Heide Merkel\",\"description\":\"Fachjournalistin, Referentin, Steuerung Presse &amp; Digitale Medien bei Moll bau\u00f6kologische Produkte GmbH (pro clima). Als Japanologin und ausgebildete Redakteurin ist Heide eher zuf\u00e4llig in der Baubranche gelandet. Seit 2011 arbeitet sie f\u00fcr pro clima. Ihr Wissen zu effektiver Kommunikation gibt sie in Seminaren, Artikeln und Vortr\u00e4gen weiter. F\u00fcr den pro clima Blog, proclima.tv und das pro clima Bauradio interviewt sie interessante Menschen aus der Baubranche. Auf\u00a0 luftdichtheit-gepr\u00fcft.de bloggt Heide \u00fcber Leckagen, Luftdichtung und Qualit\u00e4ts\u00fcberpr\u00fcfung mit Blower-Door-Tests. Ihre Freizeit verbringt sie u.a. in den Vogesen, wo sie seit mehr als f\u00fcnf Jahren ein altes Bauernhaus saniert. Ihr neuestes Projekt:\u00a0 www.besser-als-marketing.de Hier gibt es Tipps, wie Unternehmen in der Baubranche ihre Sichtbarkeit erh\u00f6hen k\u00f6nnen. Die ersten Videos sind bereits online im Youtube Channel Wer mehr \u00fcber Heide Merkel erfahren m\u00f6chte, findet sie auf den g\u00e4ngigen Social Media Plattformen.\",\"url\":\"https:\\\/\\\/blog.proclima.com\\\/de\\\/author\\\/gentner\\\/\"}]}<\/script>\n<!-- \/ Yoast SEO plugin. -->","yoast_head_json":{"title":"Dach-Praxis-Schulung tourt im November 2017 durch f\u00fcnf St\u00e4dte &#187; pro clima Blog - Deutschland","robots":{"index":"index","follow":"follow","max-snippet":"max-snippet:-1","max-image-preview":"max-image-preview:large","max-video-preview":"max-video-preview:-1"},"canonical":"https:\/\/blog.proclima.com\/de\/2017\/09\/dach-praxis-november-2017\/","og_locale":"de_DE","og_type":"article","og_title":"Dach-Praxis-Schulung tourt im November 2017 durch f\u00fcnf St\u00e4dte &#187; pro clima Blog - Deutschland","og_description":"Richtig und schnell: Dachsanierungs-Details planen und verarbeiten Das Ziel der Kombischulung Dach-Praxis: Fachvortr\u00e4ge und Praxisdemonstrationen, in denen Verarbeiter, Planer und Energieberater lernen, wie Problemstellen bei ...","og_url":"https:\/\/blog.proclima.com\/de\/2017\/09\/dach-praxis-november-2017\/","og_site_name":"pro clima Blog - Deutschland","article_publisher":"https:\/\/www.facebook.com\/proclima","article_published_time":"2017-09-16T13:23:36+00:00","article_modified_time":"2017-09-18T16:17:35+00:00","og_image":[{"width":2560,"height":1709,"url":"https:\/\/blog.proclima.com\/de\/files\/2017\/09\/1_Abbildung_1_Teaserbild_DachPraxis-scaled.jpg","type":"image\/jpeg"}],"author":"Heide Merkel","twitter_card":"summary_large_image","twitter_creator":"@proclimaDE","twitter_site":"@proclimaDE","twitter_misc":{"Verfasst von":"Heide Merkel","Gesch\u00e4tzte Lesezeit":"2\u00a0Minuten"},"schema":{"@context":"https:\/\/schema.org","@graph":[{"@type":"Article","@id":"https:\/\/blog.proclima.com\/de\/2017\/09\/dach-praxis-november-2017\/#article","isPartOf":{"@id":"https:\/\/blog.proclima.com\/de\/2017\/09\/dach-praxis-november-2017\/"},"author":{"name":"Heide Merkel","@id":"https:\/\/blog.proclima.com\/de\/#\/schema\/person\/b3490e20200d5d45b8d56f555ceffc21"},"headline":"Dach-Praxis-Schulung tourt im November 2017 durch f\u00fcnf St\u00e4dte","datePublished":"2017-09-16T13:23:36+00:00","dateModified":"2017-09-18T16:17:35+00:00","mainEntityOfPage":{"@id":"https:\/\/blog.proclima.com\/de\/2017\/09\/dach-praxis-november-2017\/"},"wordCount":369,"commentCount":0,"publisher":{"@id":"https:\/\/blog.proclima.com\/de\/#organization"},"image":{"@id":"https:\/\/blog.proclima.com\/de\/2017\/09\/dach-praxis-november-2017\/#primaryimage"},"thumbnailUrl":"https:\/\/blog.proclima.com\/de\/files\/2017\/09\/1_Abbildung_1_Teaserbild_DachPraxis-scaled.jpg","keywords":["Dach","Dach-Praxis","Dachsanierung","Schulung"],"articleSection":["Pressemitteilungen"],"inLanguage":"de","potentialAction":[{"@type":"CommentAction","name":"Comment","target":["https:\/\/blog.proclima.com\/de\/2017\/09\/dach-praxis-november-2017\/#respond"]}]},{"@type":"WebPage","@id":"https:\/\/blog.proclima.com\/de\/2017\/09\/dach-praxis-november-2017\/","url":"https:\/\/blog.proclima.com\/de\/2017\/09\/dach-praxis-november-2017\/","name":"Dach-Praxis-Schulung tourt im November 2017 durch f\u00fcnf St\u00e4dte &#187; pro clima Blog - Deutschland","isPartOf":{"@id":"https:\/\/blog.proclima.com\/de\/#website"},"primaryImageOfPage":{"@id":"https:\/\/blog.proclima.com\/de\/2017\/09\/dach-praxis-november-2017\/#primaryimage"},"image":{"@id":"https:\/\/blog.proclima.com\/de\/2017\/09\/dach-praxis-november-2017\/#primaryimage"},"thumbnailUrl":"https:\/\/blog.proclima.com\/de\/files\/2017\/09\/1_Abbildung_1_Teaserbild_DachPraxis-scaled.jpg","datePublished":"2017-09-16T13:23:36+00:00","dateModified":"2017-09-18T16:17:35+00:00","breadcrumb":{"@id":"https:\/\/blog.proclima.com\/de\/2017\/09\/dach-praxis-november-2017\/#breadcrumb"},"inLanguage":"de","potentialAction":[{"@type":"ReadAction","target":["https:\/\/blog.proclima.com\/de\/2017\/09\/dach-praxis-november-2017\/"]}]},{"@type":"ImageObject","inLanguage":"de","@id":"https:\/\/blog.proclima.com\/de\/2017\/09\/dach-praxis-november-2017\/#primaryimage","url":"https:\/\/blog.proclima.com\/de\/files\/2017\/09\/1_Abbildung_1_Teaserbild_DachPraxis-scaled.jpg","contentUrl":"https:\/\/blog.proclima.com\/de\/files\/2017\/09\/1_Abbildung_1_Teaserbild_DachPraxis-scaled.jpg","width":2560,"height":1709},{"@type":"BreadcrumbList","@id":"https:\/\/blog.proclima.com\/de\/2017\/09\/dach-praxis-november-2017\/#breadcrumb","itemListElement":[{"@type":"ListItem","position":1,"name":"Startseite","item":"https:\/\/blog.proclima.com\/de\/"},{"@type":"ListItem","position":2,"name":"Dach-Praxis-Schulung tourt im November 2017 durch f\u00fcnf St\u00e4dte"}]},{"@type":"WebSite","@id":"https:\/\/blog.proclima.com\/de\/#website","url":"https:\/\/blog.proclima.com\/de\/","name":"pro clima Blog - Deutschland","description":"alles was pro clima bewegt","publisher":{"@id":"https:\/\/blog.proclima.com\/de\/#organization"},"potentialAction":[{"@type":"SearchAction","target":{"@type":"EntryPoint","urlTemplate":"https:\/\/blog.proclima.com\/de\/?s={search_term_string}"},"query-input":{"@type":"PropertyValueSpecification","valueRequired":true,"valueName":"search_term_string"}}],"inLanguage":"de"},{"@type":"Organization","@id":"https:\/\/blog.proclima.com\/de\/#organization","name":"pro clima - Moll bau\u00f6kologische Produkte GmbH","url":"https:\/\/blog.proclima.com\/de\/","logo":{"@type":"ImageObject","inLanguage":"de","@id":"https:\/\/blog.proclima.com\/de\/#\/schema\/logo\/image\/","url":"https:\/\/blog.proclima.com\/de\/files\/2020\/04\/Logo-pro-clima.png","contentUrl":"https:\/\/blog.proclima.com\/de\/files\/2020\/04\/Logo-pro-clima.png","width":4210,"height":4881,"caption":"pro clima - Moll bau\u00f6kologische Produkte GmbH"},"image":{"@id":"https:\/\/blog.proclima.com\/de\/#\/schema\/logo\/image\/"},"sameAs":["https:\/\/www.facebook.com\/proclima","https:\/\/x.com\/proclimaDE"]},{"@type":"Person","@id":"https:\/\/blog.proclima.com\/de\/#\/schema\/person\/b3490e20200d5d45b8d56f555ceffc21","name":"Heide Merkel","description":"Fachjournalistin, Referentin, Steuerung Presse &amp; Digitale Medien bei Moll bau\u00f6kologische Produkte GmbH (pro clima). Als Japanologin und ausgebildete Redakteurin ist Heide eher zuf\u00e4llig in der Baubranche gelandet. Seit 2011 arbeitet sie f\u00fcr pro clima. Ihr Wissen zu effektiver Kommunikation gibt sie in Seminaren, Artikeln und Vortr\u00e4gen weiter. F\u00fcr den pro clima Blog, proclima.tv und das pro clima Bauradio interviewt sie interessante Menschen aus der Baubranche. Auf\u00a0 luftdichtheit-gepr\u00fcft.de bloggt Heide \u00fcber Leckagen, Luftdichtung und Qualit\u00e4ts\u00fcberpr\u00fcfung mit Blower-Door-Tests. Ihre Freizeit verbringt sie u.a. in den Vogesen, wo sie seit mehr als f\u00fcnf Jahren ein altes Bauernhaus saniert. Ihr neuestes Projekt:\u00a0 www.besser-als-marketing.de Hier gibt es Tipps, wie Unternehmen in der Baubranche ihre Sichtbarkeit erh\u00f6hen k\u00f6nnen. Die ersten Videos sind bereits online im Youtube Channel Wer mehr \u00fcber Heide Merkel erfahren m\u00f6chte, findet sie auf den g\u00e4ngigen Social Media Plattformen.","url":"https:\/\/blog.proclima.com\/de\/author\/gentner\/"}]}},"canto_acf_fields":"","_links":{"self":[{"href":"https:\/\/blog.proclima.com\/de\/wp-json\/wp\/v2\/posts\/7099","targetHints":{"allow":["GET"]}}],"collection":[{"href":"https:\/\/blog.proclima.com\/de\/wp-json\/wp\/v2\/posts"}],"about":[{"href":"https:\/\/blog.proclima.com\/de\/wp-json\/wp\/v2\/types\/post"}],"author":[{"embeddable":true,"href":"https:\/\/blog.proclima.com\/de\/wp-json\/wp\/v2\/users\/18"}],"replies":[{"embeddable":true,"href":"https:\/\/blog.proclima.com\/de\/wp-json\/wp\/v2\/comments?post=7099"}],"version-history":[{"count":1,"href":"https:\/\/blog.proclima.com\/de\/wp-json\/wp\/v2\/posts\/7099\/revisions"}],"predecessor-version":[{"id":7103,"href":"https:\/\/blog.proclima.com\/de\/wp-json\/wp\/v2\/posts\/7099\/revisions\/7103"}],"wp:featuredmedia":[{"embeddable":true,"href":"https:\/\/blog.proclima.com\/de\/wp-json\/wp\/v2\/media\/7100"}],"wp:attachment":[{"href":"https:\/\/blog.proclima.com\/de\/wp-json\/wp\/v2\/media?parent=7099"}],"wp:term":[{"taxonomy":"category","embeddable":true,"href":"https:\/\/blog.proclima.com\/de\/wp-json\/wp\/v2\/categories?post=7099"},{"taxonomy":"post_tag","embeddable":true,"href":"https:\/\/blog.proclima.com\/de\/wp-json\/wp\/v2\/tags?post=7099"}],"curies":[{"name":"wp","href":"https:\/\/api.w.org\/{rel}","templated":true}]}}