
{"id":7035,"date":"2017-06-14T17:43:57","date_gmt":"2017-06-14T15:43:57","guid":{"rendered":"http:\/\/blog.proclima.com\/de\/?p=7035"},"modified":"2017-06-14T17:46:51","modified_gmt":"2017-06-14T15:46:51","slug":"bauslam-bauphysik","status":"publish","type":"post","link":"https:\/\/blog.proclima.com\/de\/2017\/06\/bauslam-bauphysik\/","title":{"rendered":"Bauphysik mal anders: Damit der Inhalt im Ged\u00e4chtnis bleibt"},"content":{"rendered":"<p><a href=\"https:\/\/blog.proclima.com\/de\/files\/2017\/06\/BauSlammer_2017_ohneText_web.jpg\"><img loading=\"lazy\" decoding=\"async\" class=\"size-medium wp-image-7036 alignleft\" src=\"https:\/\/blog.proclima.com\/de\/files\/2017\/06\/BauSlammer_2017_ohneText_web-249x300.jpg\" alt=\"\" width=\"249\" height=\"300\" srcset=\"https:\/\/blog.proclima.com\/de\/files\/2017\/06\/BauSlammer_2017_ohneText_web-249x300.jpg 249w, https:\/\/blog.proclima.com\/de\/files\/2017\/06\/BauSlammer_2017_ohneText_web-851x1024.jpg 851w, https:\/\/blog.proclima.com\/de\/files\/2017\/06\/BauSlammer_2017_ohneText_web-768x924.jpg 768w, https:\/\/blog.proclima.com\/de\/files\/2017\/06\/BauSlammer_2017_ohneText_web-1277x1536.jpg 1277w, https:\/\/blog.proclima.com\/de\/files\/2017\/06\/BauSlammer_2017_ohneText_web-1702x2048.jpg 1702w, https:\/\/blog.proclima.com\/de\/files\/2017\/06\/BauSlammer_2017_ohneText_web-319x384.jpg 319w\" sizes=\"auto, (max-width: 249px) 100vw, 249px\" \/><\/a><span style=\"font-size: medium;\">BauSlam am 22. Juni 2017, 18.30 Uhr in der Alten Wollfabrik Schwetzingen<\/span><\/p>\n<p>Von der Bauphysik h\u00e4ngt die Funktion unserer Geb\u00e4ude ab. Was genau steckt jedoch hinter Begriffen wie Diffusion, Konvektion und Feuchtevariabilit\u00e4t? Am 22. Juni 2017 werden 5 Ingenieure der pro clima Anwendungstechnik 5 Bauthemen in jeweils 10 Minuten pr\u00e4sentierten \u2013 und das m\u00f6glichst unterhaltsam, damit das Wissen auch bei den Teilnehmern im Ged\u00e4chtnis bleibt.<\/p>\n<p>Das ist tats\u00e4chlich m\u00f6glich! Die BauSlams der vergangenen Jahre in Schwetzingen haben gezeigt: Bau-Wissen kann Spa\u00df machen. In diesem Juni lautet das Motto: 5 Ingenieure \u2013 5 Bauphysik-Themen.<\/p>\n<p>So besch\u00e4ftigen sich die BauSlammer dieses Mal mit Konvektion, Diffusion, Fensteranschl\u00fcssen, Hydrosafe und Regendichtung. Das Event startet 18.30 Uhr in der Alten Wollfabrik in Schwetzingen. Nach den Auftritten der Ingenieure ist ein Austausch in lockerer Atmosph\u00e4re mit H\u00e4ppchen angedacht.<\/p>\n<p>Dieses anschlie\u00dfende Get-together haben die Teilnehmer in den vergangenen Jahren besonders gelobt \u2013 eine ideale Basis, damit sich alle Gewerke offen austauschen k\u00f6nnen.<\/p>\n<p>Der BauSlam ist eine Veranstaltung der pro clima Wissenswerkstatt und greift auch diese Philosophie auf: Wissen mit Freude vermitteln. Denn wer Spa\u00df hat, der lernt mehr.<\/p>\n<p>Anmeldungen sind noch m\u00f6glich. Die Tickets kosten online 10 Euro, an der Abendkasse 12 Euro.<!--more--><\/p>\n<p>Auf einen Blick:<\/p>\n<p><span style=\"font-family: Liberation Serif,serif;\"><span style=\"font-size: large;\">BauSlam 2017 \u2013 Bauwissen in 10 Minuten <\/span><\/span><\/p>\n<ul>\n<li><span style=\"font-family: Liberation Serif,serif;\"><span style=\"font-size: large;\">Termin: Donnerstag, 22. Juni 2017, 18.30 Uhr (Einlass ab 17.45 Uhr) <\/span><\/span><\/li>\n<li><span style=\"font-family: Liberation Serif,serif;\"><span style=\"font-size: large;\">Ort: Alte Wollfabrik, Mannheimer Stra\u00dfe 35 \/ Ecke Wildemannstra\u00dfe \/ Eingang Wildemannstra\u00dfe, 68723 Schwetzingen<\/span><\/span><\/li>\n<li><span style=\"font-family: Liberation Serif,serif;\"><span style=\"font-size: large;\">Kosten: 10 Euro im Vorverkauf \/ 1<\/span><\/span><span style=\"font-family: Liberation Serif,serif;\"><span style=\"font-size: large;\">2<\/span><\/span><span style=\"font-family: Liberation Serif,serif;\"><span style=\"font-size: large;\"> Euro an der Abendkasse<\/span><\/span><\/li>\n<li><span style=\"font-family: Liberation Serif,serif;\"><span style=\"font-size: large;\">Anmeldung: bausl.am <\/span><\/span><\/li>\n<li><span style=\"font-family: Liberation Serif,serif;\"><span style=\"font-size: large;\">Fragen zum Bauslam? <\/span><\/span><span style=\"font-family: Segoe UI;\"><span style=\"font-size: large;\">\u2192<\/span><\/span><span style=\"font-family: Liberation Serif,serif;\"><span style=\"font-size: large;\"> Kontakt: Heide Gentner 06202\/2782-56<br \/>\n<a href=\"mailto:info@bauslam.de\">info@bauslam.de<\/a><\/span><\/span><\/li>\n<li><span style=\"font-family: Liberation Serif,serif;\"><span style=\"font-family: Liberation Serif,serif;\"><span style=\"font-size: large;\">Anmeldung: <a href=\"http:\/\/www.bauslam.de\/anmelden\">www.bauslam.de\/anmelden<\/a><\/span><\/span><\/span><strong>Mehr zum BauSlam:<\/strong><br \/>\n<a href=\"http:\/\/www.bauslam.de\/\">www.bauslam.de<\/a><\/li>\n<\/ul>\n<p><strong>Weitere Infos:<\/strong><\/p>\n<ul>\n<li>Slam-Beitr\u00e4ge &amp; Kurzvideos 2016:<br \/>\n<a href=\"https:\/\/www.youtube.com\/playlist?list=PLu-PcQTh51rtUoluHpYcGyVqHn6aNjRoG\">https:\/\/www.youtube.com\/playlist?list=PLu-PcQTh51rtUoluHpYcGyVqHn6aNjRoG<\/a><\/li>\n<li>Foto-Impressionen BauSlam 2016:<br \/>\n<a href=\"https:\/\/www.flickr.com\/photos\/proclima\/sets\/72157668435365210\">https:\/\/www.flickr.com\/photos\/proclima\/sets\/72157668435365210<\/a><\/li>\n<li>BauSlam Blog:<a href=\"https:\/\/www.flickr.com\/photos\/proclima\/sets\/72157652956887373\"><br \/>\n<\/a><a href=\"https:\/\/blog.proclima.com\/bauslam\">https:\/\/blog.proclima.com\/bauslam<\/a><\/li>\n<\/ul>\n","protected":false},"excerpt":{"rendered":"<p>BauSlam am 22. Juni 2017, 18.30 Uhr in der Alten Wollfabrik Schwetzingen Von der Bauphysik h\u00e4ngt die Funktion unserer Geb\u00e4ude ab. Was genau steckt jedoch <a href=\"https:\/\/blog.proclima.com\/de\/2017\/06\/bauslam-bauphysik\/\" rel=\"bookmark\">&#8230;<\/a><\/p>\n","protected":false},"author":18,"featured_media":0,"comment_status":"open","ping_status":"open","sticky":false,"template":"","format":"standard","meta":{"footnotes":""},"categories":[136],"tags":[863,1269,21],"class_list":["post-7035","post","type-post","status-publish","format-standard","hentry","category-pressemitteilung","tag-bauslam","tag-bauslam-2017","tag-schwetzingen"],"yoast_head":"<!-- This site is optimized with the Yoast SEO plugin v27.5 - https:\/\/yoast.com\/product\/yoast-seo-wordpress\/ -->\n<title>Bauphysik mal anders: Damit der Inhalt im Ged\u00e4chtnis bleibt &#187; pro clima Blog - Deutschland<\/title>\n<meta name=\"robots\" content=\"index, follow, max-snippet:-1, max-image-preview:large, max-video-preview:-1\" \/>\n<link rel=\"canonical\" href=\"https:\/\/blog.proclima.com\/de\/2017\/06\/bauslam-bauphysik\/\" \/>\n<meta property=\"og:locale\" content=\"de_DE\" \/>\n<meta property=\"og:type\" content=\"article\" \/>\n<meta property=\"og:title\" content=\"Bauphysik mal anders: Damit der Inhalt im Ged\u00e4chtnis bleibt &#187; pro clima Blog - Deutschland\" \/>\n<meta property=\"og:description\" content=\"BauSlam am 22. Juni 2017, 18.30 Uhr in der Alten Wollfabrik Schwetzingen Von der Bauphysik h\u00e4ngt die Funktion unserer Geb\u00e4ude ab. Was genau steckt jedoch ...\" \/>\n<meta property=\"og:url\" content=\"https:\/\/blog.proclima.com\/de\/2017\/06\/bauslam-bauphysik\/\" \/>\n<meta property=\"og:site_name\" content=\"pro clima Blog - Deutschland\" \/>\n<meta property=\"article:publisher\" content=\"https:\/\/www.facebook.com\/proclima\" \/>\n<meta property=\"article:published_time\" content=\"2017-06-14T15:43:57+00:00\" \/>\n<meta property=\"article:modified_time\" content=\"2017-06-14T15:46:51+00:00\" \/>\n<meta property=\"og:image\" content=\"https:\/\/blog.proclima.com\/de\/files\/2017\/06\/BauSlammer_2017_ohneText_web-scaled.jpg\" \/>\n\t<meta property=\"og:image:width\" content=\"2128\" \/>\n\t<meta property=\"og:image:height\" content=\"2560\" \/>\n\t<meta property=\"og:image:type\" content=\"image\/jpeg\" \/>\n<meta name=\"author\" content=\"Heide Merkel\" \/>\n<meta name=\"twitter:card\" content=\"summary_large_image\" \/>\n<meta name=\"twitter:creator\" content=\"@proclimaDE\" \/>\n<meta name=\"twitter:site\" content=\"@proclimaDE\" \/>\n<meta name=\"twitter:label1\" content=\"Verfasst von\" \/>\n\t<meta name=\"twitter:data1\" content=\"Heide Merkel\" \/>\n\t<meta name=\"twitter:label2\" content=\"Gesch\u00e4tzte Lesezeit\" \/>\n\t<meta name=\"twitter:data2\" content=\"1\u00a0Minute\" \/>\n<script type=\"application\/ld+json\" class=\"yoast-schema-graph\">{\"@context\":\"https:\\\/\\\/schema.org\",\"@graph\":[{\"@type\":\"Article\",\"@id\":\"https:\\\/\\\/blog.proclima.com\\\/de\\\/2017\\\/06\\\/bauslam-bauphysik\\\/#article\",\"isPartOf\":{\"@id\":\"https:\\\/\\\/blog.proclima.com\\\/de\\\/2017\\\/06\\\/bauslam-bauphysik\\\/\"},\"author\":{\"name\":\"Heide Merkel\",\"@id\":\"https:\\\/\\\/blog.proclima.com\\\/de\\\/#\\\/schema\\\/person\\\/b3490e20200d5d45b8d56f555ceffc21\"},\"headline\":\"Bauphysik mal anders: Damit der Inhalt im Ged\u00e4chtnis bleibt\",\"datePublished\":\"2017-06-14T15:43:57+00:00\",\"dateModified\":\"2017-06-14T15:46:51+00:00\",\"mainEntityOfPage\":{\"@id\":\"https:\\\/\\\/blog.proclima.com\\\/de\\\/2017\\\/06\\\/bauslam-bauphysik\\\/\"},\"wordCount\":295,\"commentCount\":0,\"publisher\":{\"@id\":\"https:\\\/\\\/blog.proclima.com\\\/de\\\/#organization\"},\"image\":{\"@id\":\"https:\\\/\\\/blog.proclima.com\\\/de\\\/2017\\\/06\\\/bauslam-bauphysik\\\/#primaryimage\"},\"thumbnailUrl\":\"https:\\\/\\\/blog.proclima.com\\\/de\\\/files\\\/2017\\\/06\\\/BauSlammer_2017_ohneText_web-249x300.jpg\",\"keywords\":[\"Bauslam\",\"Bauslam 2017\",\"Schwetzingen\"],\"articleSection\":[\"Pressemitteilungen\"],\"inLanguage\":\"de\",\"potentialAction\":[{\"@type\":\"CommentAction\",\"name\":\"Comment\",\"target\":[\"https:\\\/\\\/blog.proclima.com\\\/de\\\/2017\\\/06\\\/bauslam-bauphysik\\\/#respond\"]}]},{\"@type\":\"WebPage\",\"@id\":\"https:\\\/\\\/blog.proclima.com\\\/de\\\/2017\\\/06\\\/bauslam-bauphysik\\\/\",\"url\":\"https:\\\/\\\/blog.proclima.com\\\/de\\\/2017\\\/06\\\/bauslam-bauphysik\\\/\",\"name\":\"Bauphysik mal anders: Damit der Inhalt im Ged\u00e4chtnis bleibt &#187; pro clima Blog - Deutschland\",\"isPartOf\":{\"@id\":\"https:\\\/\\\/blog.proclima.com\\\/de\\\/#website\"},\"primaryImageOfPage\":{\"@id\":\"https:\\\/\\\/blog.proclima.com\\\/de\\\/2017\\\/06\\\/bauslam-bauphysik\\\/#primaryimage\"},\"image\":{\"@id\":\"https:\\\/\\\/blog.proclima.com\\\/de\\\/2017\\\/06\\\/bauslam-bauphysik\\\/#primaryimage\"},\"thumbnailUrl\":\"https:\\\/\\\/blog.proclima.com\\\/de\\\/files\\\/2017\\\/06\\\/BauSlammer_2017_ohneText_web-249x300.jpg\",\"datePublished\":\"2017-06-14T15:43:57+00:00\",\"dateModified\":\"2017-06-14T15:46:51+00:00\",\"breadcrumb\":{\"@id\":\"https:\\\/\\\/blog.proclima.com\\\/de\\\/2017\\\/06\\\/bauslam-bauphysik\\\/#breadcrumb\"},\"inLanguage\":\"de\",\"potentialAction\":[{\"@type\":\"ReadAction\",\"target\":[\"https:\\\/\\\/blog.proclima.com\\\/de\\\/2017\\\/06\\\/bauslam-bauphysik\\\/\"]}]},{\"@type\":\"ImageObject\",\"inLanguage\":\"de\",\"@id\":\"https:\\\/\\\/blog.proclima.com\\\/de\\\/2017\\\/06\\\/bauslam-bauphysik\\\/#primaryimage\",\"url\":\"https:\\\/\\\/blog.proclima.com\\\/de\\\/files\\\/2017\\\/06\\\/BauSlammer_2017_ohneText_web-scaled.jpg\",\"contentUrl\":\"https:\\\/\\\/blog.proclima.com\\\/de\\\/files\\\/2017\\\/06\\\/BauSlammer_2017_ohneText_web-scaled.jpg\",\"width\":2128,\"height\":2560},{\"@type\":\"BreadcrumbList\",\"@id\":\"https:\\\/\\\/blog.proclima.com\\\/de\\\/2017\\\/06\\\/bauslam-bauphysik\\\/#breadcrumb\",\"itemListElement\":[{\"@type\":\"ListItem\",\"position\":1,\"name\":\"Startseite\",\"item\":\"https:\\\/\\\/blog.proclima.com\\\/de\\\/\"},{\"@type\":\"ListItem\",\"position\":2,\"name\":\"Bauphysik mal anders: Damit der Inhalt im Ged\u00e4chtnis bleibt\"}]},{\"@type\":\"WebSite\",\"@id\":\"https:\\\/\\\/blog.proclima.com\\\/de\\\/#website\",\"url\":\"https:\\\/\\\/blog.proclima.com\\\/de\\\/\",\"name\":\"pro clima Blog - Deutschland\",\"description\":\"alles was pro clima bewegt\",\"publisher\":{\"@id\":\"https:\\\/\\\/blog.proclima.com\\\/de\\\/#organization\"},\"potentialAction\":[{\"@type\":\"SearchAction\",\"target\":{\"@type\":\"EntryPoint\",\"urlTemplate\":\"https:\\\/\\\/blog.proclima.com\\\/de\\\/?s={search_term_string}\"},\"query-input\":{\"@type\":\"PropertyValueSpecification\",\"valueRequired\":true,\"valueName\":\"search_term_string\"}}],\"inLanguage\":\"de\"},{\"@type\":\"Organization\",\"@id\":\"https:\\\/\\\/blog.proclima.com\\\/de\\\/#organization\",\"name\":\"pro clima - Moll bau\u00f6kologische Produkte GmbH\",\"url\":\"https:\\\/\\\/blog.proclima.com\\\/de\\\/\",\"logo\":{\"@type\":\"ImageObject\",\"inLanguage\":\"de\",\"@id\":\"https:\\\/\\\/blog.proclima.com\\\/de\\\/#\\\/schema\\\/logo\\\/image\\\/\",\"url\":\"https:\\\/\\\/blog.proclima.com\\\/de\\\/files\\\/2020\\\/04\\\/Logo-pro-clima.png\",\"contentUrl\":\"https:\\\/\\\/blog.proclima.com\\\/de\\\/files\\\/2020\\\/04\\\/Logo-pro-clima.png\",\"width\":4210,\"height\":4881,\"caption\":\"pro clima - Moll bau\u00f6kologische Produkte GmbH\"},\"image\":{\"@id\":\"https:\\\/\\\/blog.proclima.com\\\/de\\\/#\\\/schema\\\/logo\\\/image\\\/\"},\"sameAs\":[\"https:\\\/\\\/www.facebook.com\\\/proclima\",\"https:\\\/\\\/x.com\\\/proclimaDE\"]},{\"@type\":\"Person\",\"@id\":\"https:\\\/\\\/blog.proclima.com\\\/de\\\/#\\\/schema\\\/person\\\/b3490e20200d5d45b8d56f555ceffc21\",\"name\":\"Heide Merkel\",\"description\":\"Fachjournalistin, Referentin, Steuerung Presse &amp; Digitale Medien bei Moll bau\u00f6kologische Produkte GmbH (pro clima). Als Japanologin und ausgebildete Redakteurin ist Heide eher zuf\u00e4llig in der Baubranche gelandet. Seit 2011 arbeitet sie f\u00fcr pro clima. Ihr Wissen zu effektiver Kommunikation gibt sie in Seminaren, Artikeln und Vortr\u00e4gen weiter. F\u00fcr den pro clima Blog, proclima.tv und das pro clima Bauradio interviewt sie interessante Menschen aus der Baubranche. Auf\u00a0 luftdichtheit-gepr\u00fcft.de bloggt Heide \u00fcber Leckagen, Luftdichtung und Qualit\u00e4ts\u00fcberpr\u00fcfung mit Blower-Door-Tests. Ihre Freizeit verbringt sie u.a. in den Vogesen, wo sie seit mehr als f\u00fcnf Jahren ein altes Bauernhaus saniert. Ihr neuestes Projekt:\u00a0 www.besser-als-marketing.de Hier gibt es Tipps, wie Unternehmen in der Baubranche ihre Sichtbarkeit erh\u00f6hen k\u00f6nnen. Die ersten Videos sind bereits online im Youtube Channel Wer mehr \u00fcber Heide Merkel erfahren m\u00f6chte, findet sie auf den g\u00e4ngigen Social Media Plattformen.\",\"url\":\"https:\\\/\\\/blog.proclima.com\\\/de\\\/author\\\/gentner\\\/\"}]}<\/script>\n<!-- \/ Yoast SEO plugin. -->","yoast_head_json":{"title":"Bauphysik mal anders: Damit der Inhalt im Ged\u00e4chtnis bleibt &#187; pro clima Blog - Deutschland","robots":{"index":"index","follow":"follow","max-snippet":"max-snippet:-1","max-image-preview":"max-image-preview:large","max-video-preview":"max-video-preview:-1"},"canonical":"https:\/\/blog.proclima.com\/de\/2017\/06\/bauslam-bauphysik\/","og_locale":"de_DE","og_type":"article","og_title":"Bauphysik mal anders: Damit der Inhalt im Ged\u00e4chtnis bleibt &#187; pro clima Blog - Deutschland","og_description":"BauSlam am 22. Juni 2017, 18.30 Uhr in der Alten Wollfabrik Schwetzingen Von der Bauphysik h\u00e4ngt die Funktion unserer Geb\u00e4ude ab. Was genau steckt jedoch ...","og_url":"https:\/\/blog.proclima.com\/de\/2017\/06\/bauslam-bauphysik\/","og_site_name":"pro clima Blog - Deutschland","article_publisher":"https:\/\/www.facebook.com\/proclima","article_published_time":"2017-06-14T15:43:57+00:00","article_modified_time":"2017-06-14T15:46:51+00:00","og_image":[{"width":2128,"height":2560,"url":"https:\/\/blog.proclima.com\/de\/files\/2017\/06\/BauSlammer_2017_ohneText_web-scaled.jpg","type":"image\/jpeg"}],"author":"Heide Merkel","twitter_card":"summary_large_image","twitter_creator":"@proclimaDE","twitter_site":"@proclimaDE","twitter_misc":{"Verfasst von":"Heide Merkel","Gesch\u00e4tzte Lesezeit":"1\u00a0Minute"},"schema":{"@context":"https:\/\/schema.org","@graph":[{"@type":"Article","@id":"https:\/\/blog.proclima.com\/de\/2017\/06\/bauslam-bauphysik\/#article","isPartOf":{"@id":"https:\/\/blog.proclima.com\/de\/2017\/06\/bauslam-bauphysik\/"},"author":{"name":"Heide Merkel","@id":"https:\/\/blog.proclima.com\/de\/#\/schema\/person\/b3490e20200d5d45b8d56f555ceffc21"},"headline":"Bauphysik mal anders: Damit der Inhalt im Ged\u00e4chtnis bleibt","datePublished":"2017-06-14T15:43:57+00:00","dateModified":"2017-06-14T15:46:51+00:00","mainEntityOfPage":{"@id":"https:\/\/blog.proclima.com\/de\/2017\/06\/bauslam-bauphysik\/"},"wordCount":295,"commentCount":0,"publisher":{"@id":"https:\/\/blog.proclima.com\/de\/#organization"},"image":{"@id":"https:\/\/blog.proclima.com\/de\/2017\/06\/bauslam-bauphysik\/#primaryimage"},"thumbnailUrl":"https:\/\/blog.proclima.com\/de\/files\/2017\/06\/BauSlammer_2017_ohneText_web-249x300.jpg","keywords":["Bauslam","Bauslam 2017","Schwetzingen"],"articleSection":["Pressemitteilungen"],"inLanguage":"de","potentialAction":[{"@type":"CommentAction","name":"Comment","target":["https:\/\/blog.proclima.com\/de\/2017\/06\/bauslam-bauphysik\/#respond"]}]},{"@type":"WebPage","@id":"https:\/\/blog.proclima.com\/de\/2017\/06\/bauslam-bauphysik\/","url":"https:\/\/blog.proclima.com\/de\/2017\/06\/bauslam-bauphysik\/","name":"Bauphysik mal anders: Damit der Inhalt im Ged\u00e4chtnis bleibt &#187; pro clima Blog - Deutschland","isPartOf":{"@id":"https:\/\/blog.proclima.com\/de\/#website"},"primaryImageOfPage":{"@id":"https:\/\/blog.proclima.com\/de\/2017\/06\/bauslam-bauphysik\/#primaryimage"},"image":{"@id":"https:\/\/blog.proclima.com\/de\/2017\/06\/bauslam-bauphysik\/#primaryimage"},"thumbnailUrl":"https:\/\/blog.proclima.com\/de\/files\/2017\/06\/BauSlammer_2017_ohneText_web-249x300.jpg","datePublished":"2017-06-14T15:43:57+00:00","dateModified":"2017-06-14T15:46:51+00:00","breadcrumb":{"@id":"https:\/\/blog.proclima.com\/de\/2017\/06\/bauslam-bauphysik\/#breadcrumb"},"inLanguage":"de","potentialAction":[{"@type":"ReadAction","target":["https:\/\/blog.proclima.com\/de\/2017\/06\/bauslam-bauphysik\/"]}]},{"@type":"ImageObject","inLanguage":"de","@id":"https:\/\/blog.proclima.com\/de\/2017\/06\/bauslam-bauphysik\/#primaryimage","url":"https:\/\/blog.proclima.com\/de\/files\/2017\/06\/BauSlammer_2017_ohneText_web-scaled.jpg","contentUrl":"https:\/\/blog.proclima.com\/de\/files\/2017\/06\/BauSlammer_2017_ohneText_web-scaled.jpg","width":2128,"height":2560},{"@type":"BreadcrumbList","@id":"https:\/\/blog.proclima.com\/de\/2017\/06\/bauslam-bauphysik\/#breadcrumb","itemListElement":[{"@type":"ListItem","position":1,"name":"Startseite","item":"https:\/\/blog.proclima.com\/de\/"},{"@type":"ListItem","position":2,"name":"Bauphysik mal anders: Damit der Inhalt im Ged\u00e4chtnis bleibt"}]},{"@type":"WebSite","@id":"https:\/\/blog.proclima.com\/de\/#website","url":"https:\/\/blog.proclima.com\/de\/","name":"pro clima Blog - Deutschland","description":"alles was pro clima bewegt","publisher":{"@id":"https:\/\/blog.proclima.com\/de\/#organization"},"potentialAction":[{"@type":"SearchAction","target":{"@type":"EntryPoint","urlTemplate":"https:\/\/blog.proclima.com\/de\/?s={search_term_string}"},"query-input":{"@type":"PropertyValueSpecification","valueRequired":true,"valueName":"search_term_string"}}],"inLanguage":"de"},{"@type":"Organization","@id":"https:\/\/blog.proclima.com\/de\/#organization","name":"pro clima - Moll bau\u00f6kologische Produkte GmbH","url":"https:\/\/blog.proclima.com\/de\/","logo":{"@type":"ImageObject","inLanguage":"de","@id":"https:\/\/blog.proclima.com\/de\/#\/schema\/logo\/image\/","url":"https:\/\/blog.proclima.com\/de\/files\/2020\/04\/Logo-pro-clima.png","contentUrl":"https:\/\/blog.proclima.com\/de\/files\/2020\/04\/Logo-pro-clima.png","width":4210,"height":4881,"caption":"pro clima - Moll bau\u00f6kologische Produkte GmbH"},"image":{"@id":"https:\/\/blog.proclima.com\/de\/#\/schema\/logo\/image\/"},"sameAs":["https:\/\/www.facebook.com\/proclima","https:\/\/x.com\/proclimaDE"]},{"@type":"Person","@id":"https:\/\/blog.proclima.com\/de\/#\/schema\/person\/b3490e20200d5d45b8d56f555ceffc21","name":"Heide Merkel","description":"Fachjournalistin, Referentin, Steuerung Presse &amp; Digitale Medien bei Moll bau\u00f6kologische Produkte GmbH (pro clima). Als Japanologin und ausgebildete Redakteurin ist Heide eher zuf\u00e4llig in der Baubranche gelandet. Seit 2011 arbeitet sie f\u00fcr pro clima. Ihr Wissen zu effektiver Kommunikation gibt sie in Seminaren, Artikeln und Vortr\u00e4gen weiter. F\u00fcr den pro clima Blog, proclima.tv und das pro clima Bauradio interviewt sie interessante Menschen aus der Baubranche. Auf\u00a0 luftdichtheit-gepr\u00fcft.de bloggt Heide \u00fcber Leckagen, Luftdichtung und Qualit\u00e4ts\u00fcberpr\u00fcfung mit Blower-Door-Tests. Ihre Freizeit verbringt sie u.a. in den Vogesen, wo sie seit mehr als f\u00fcnf Jahren ein altes Bauernhaus saniert. Ihr neuestes Projekt:\u00a0 www.besser-als-marketing.de Hier gibt es Tipps, wie Unternehmen in der Baubranche ihre Sichtbarkeit erh\u00f6hen k\u00f6nnen. Die ersten Videos sind bereits online im Youtube Channel Wer mehr \u00fcber Heide Merkel erfahren m\u00f6chte, findet sie auf den g\u00e4ngigen Social Media Plattformen.","url":"https:\/\/blog.proclima.com\/de\/author\/gentner\/"}]}},"canto_acf_fields":"","_links":{"self":[{"href":"https:\/\/blog.proclima.com\/de\/wp-json\/wp\/v2\/posts\/7035","targetHints":{"allow":["GET"]}}],"collection":[{"href":"https:\/\/blog.proclima.com\/de\/wp-json\/wp\/v2\/posts"}],"about":[{"href":"https:\/\/blog.proclima.com\/de\/wp-json\/wp\/v2\/types\/post"}],"author":[{"embeddable":true,"href":"https:\/\/blog.proclima.com\/de\/wp-json\/wp\/v2\/users\/18"}],"replies":[{"embeddable":true,"href":"https:\/\/blog.proclima.com\/de\/wp-json\/wp\/v2\/comments?post=7035"}],"version-history":[{"count":3,"href":"https:\/\/blog.proclima.com\/de\/wp-json\/wp\/v2\/posts\/7035\/revisions"}],"predecessor-version":[{"id":7039,"href":"https:\/\/blog.proclima.com\/de\/wp-json\/wp\/v2\/posts\/7035\/revisions\/7039"}],"wp:attachment":[{"href":"https:\/\/blog.proclima.com\/de\/wp-json\/wp\/v2\/media?parent=7035"}],"wp:term":[{"taxonomy":"category","embeddable":true,"href":"https:\/\/blog.proclima.com\/de\/wp-json\/wp\/v2\/categories?post=7035"},{"taxonomy":"post_tag","embeddable":true,"href":"https:\/\/blog.proclima.com\/de\/wp-json\/wp\/v2\/tags?post=7035"}],"curies":[{"name":"wp","href":"https:\/\/api.w.org\/{rel}","templated":true}]}}