
{"id":6979,"date":"2017-05-25T00:57:58","date_gmt":"2017-05-24T22:57:58","guid":{"rendered":"http:\/\/blog.proclima.com\/de\/?p=6979"},"modified":"2017-06-12T12:57:13","modified_gmt":"2017-06-12T10:57:13","slug":"eugh-urteil-baustoffe","status":"publish","type":"post","link":"https:\/\/blog.proclima.com\/de\/2017\/05\/eugh-urteil-baustoffe\/","title":{"rendered":"Konsequenzen nach dem Urteil des Europ\u00e4ischen Gerichtshofs zur Baustoffzulassung in Deutschland"},"content":{"rendered":"<p>Die Auswirkungen des Urteils des Europ\u00e4ischen Gerichtshof zu allgemein bauaufsichtlichen Zulassungen in Deutschland betreffen die ganze Baubranche: von den Vorgaben zur Materialpr\u00fcfung, Regelungsl\u00fccken zwischen nationalen und europ\u00e4ischen Normen, Emissionen von Bauprodukten, Haftungsrecht bei der Baustoffauswahl bis hin zum Umwelt- und Verbraucherschutz. Die Verantwortlichkeiten in diesen Bereichen werden zwischen allen Beteiligten neu verteilt \u2013 die baurechtlichen Vorgaben sind in den Fluss gekommen.<\/p>\n<figure id=\"attachment_6982\" aria-describedby=\"caption-attachment-6982\" style=\"width: 300px\" class=\"wp-caption alignright\"><a href=\"https:\/\/blog.proclima.com\/de\/files\/2017\/05\/P1010598.jpg\"><img loading=\"lazy\" decoding=\"async\" class=\"size-medium wp-image-6982\" src=\"https:\/\/blog.proclima.com\/de\/files\/2017\/05\/P1010598-300x201.jpg\" alt=\"\" width=\"300\" height=\"201\" srcset=\"https:\/\/blog.proclima.com\/de\/files\/2017\/05\/P1010598-300x201.jpg 300w, https:\/\/blog.proclima.com\/de\/files\/2017\/05\/P1010598-1024x685.jpg 1024w, https:\/\/blog.proclima.com\/de\/files\/2017\/05\/P1010598-768x513.jpg 768w, https:\/\/blog.proclima.com\/de\/files\/2017\/05\/P1010598-1536x1027.jpg 1536w, https:\/\/blog.proclima.com\/de\/files\/2017\/05\/P1010598-2048x1369.jpg 2048w, https:\/\/blog.proclima.com\/de\/files\/2017\/05\/P1010598-384x257.jpg 384w\" sizes=\"auto, (max-width: 300px) 100vw, 300px\" \/><\/a><figcaption id=\"caption-attachment-6982\" class=\"wp-caption-text\">Baudienstag-Spezial auf dem Gel\u00e4nde des T\u00dcV-Rheinlands in K\u00f6ln.<br \/>Bildquelle: Sentinel Haus Institut<\/figcaption><\/figure>\n<p>Viele Baubeteiligte sind unsicher, welche Baustoffe sie nun bedenkenlos einbauen k\u00f6nnen. Daher hat pro clima mit dem Sentinel Haus Institut das Baudienstag-Spezial zur Wohngesundheit organisiert. In K\u00f6ln, auf dem<\/p>\n<figure id=\"attachment_6983\" aria-describedby=\"caption-attachment-6983\" style=\"width: 300px\" class=\"wp-caption alignright\"><a href=\"https:\/\/blog.proclima.com\/de\/files\/2017\/05\/P1010581.jpg\"><img loading=\"lazy\" decoding=\"async\" class=\"size-medium wp-image-6983\" src=\"https:\/\/blog.proclima.com\/de\/files\/2017\/05\/P1010581-300x201.jpg\" alt=\"\" width=\"300\" height=\"201\" srcset=\"https:\/\/blog.proclima.com\/de\/files\/2017\/05\/P1010581-300x201.jpg 300w, https:\/\/blog.proclima.com\/de\/files\/2017\/05\/P1010581-1024x685.jpg 1024w, https:\/\/blog.proclima.com\/de\/files\/2017\/05\/P1010581-768x513.jpg 768w, https:\/\/blog.proclima.com\/de\/files\/2017\/05\/P1010581-1536x1027.jpg 1536w, https:\/\/blog.proclima.com\/de\/files\/2017\/05\/P1010581-2048x1369.jpg 2048w, https:\/\/blog.proclima.com\/de\/files\/2017\/05\/P1010581-384x257.jpg 384w\" sizes=\"auto, (max-width: 300px) 100vw, 300px\" \/><\/a><figcaption id=\"caption-attachment-6983\" class=\"wp-caption-text\">Dr. Frank K\u00fcbart, Gesch\u00e4ftsf\u00fchrer eco-INSTITUT Germany, im Baudienstag-Interview.<\/figcaption><\/figure>\n<p>Gel\u00e4nde des T\u00dcV-Rheinlands, trafen sich Architekten, Hersteller, Rechtsanw\u00e4lte und Investoren, um mehr \u00fcber die Konsequenzen des EuGH-Urteils zu erfahren. Baudienstag-Spezial hatte am 23. Mai Referenten aus verschiedenen Bereichen eingeladen: zu Bau- und Architektenrecht, gesundheitliche Qualit\u00e4tssicherung, Herstellung und Bauplanung.<\/p>\n<p>Das Baudienstag-Team hat vor und nach der Veranstaltung die Referenten zu Ihren Hauptthesen befragt.<\/p>\n<p>&nbsp;<\/p>\n<p><strong>Bauprodukte: Welche Label und Zertifikate sind seri\u00f6s? <\/strong><\/p>\n<p><iframe loading=\"lazy\"  id=\"_ytid_51387\" width=\"1170\" height=\"658\" src=\"https:\/\/www.youtube-nocookie.com\/embed\/1--LHZ9Ye4c?enablejsapi=1&#038;autoplay=0&#038;cc_load_policy=0&#038;iv_load_policy=1&#038;loop=0&#038;modestbranding=1&#038;rel=0&#038;showinfo=0&#038;fs=1&#038;playsinline=1&#038;controls=2&#038;autohide=2&#038;theme=light&#038;color=red&#038;hl=de_DE&#038;\" class=\"__youtube_prefs__\" title=\"YouTube player\"  allowfullscreen data-no-lazy=\"1\" data-skipgform_ajax_framebjll=\"\"><\/iframe><\/p>\n<p><strong>Fachanw\u00e4ltin f\u00fcr Bau- und Architektenrecht zu EuGH-Urteil <\/strong><!--more--><\/p>\n<p><iframe loading=\"lazy\"  id=\"_ytid_50239\" width=\"1170\" height=\"658\" src=\"https:\/\/www.youtube-nocookie.com\/embed\/kZxfpGOYyKo?enablejsapi=1&#038;autoplay=0&#038;cc_load_policy=0&#038;iv_load_policy=1&#038;loop=0&#038;modestbranding=1&#038;rel=0&#038;showinfo=0&#038;fs=1&#038;playsinline=1&#038;controls=2&#038;autohide=2&#038;theme=light&#038;color=red&#038;hl=de_DE&#038;\" class=\"__youtube_prefs__\" title=\"YouTube player\"  allowfullscreen data-no-lazy=\"1\" data-skipgform_ajax_framebjll=\"\"><\/iframe><\/p>\n<p><strong>T\u00dcV Rheinland zur Baustoffzulassung nach dem EuGH-Urteil<\/strong><\/p>\n<p><iframe loading=\"lazy\"  id=\"_ytid_14246\" width=\"1170\" height=\"658\" src=\"https:\/\/www.youtube-nocookie.com\/embed\/6Wra4XWW-JY?enablejsapi=1&#038;autoplay=0&#038;cc_load_policy=0&#038;iv_load_policy=1&#038;loop=0&#038;modestbranding=1&#038;rel=0&#038;showinfo=0&#038;fs=1&#038;playsinline=1&#038;controls=2&#038;autohide=2&#038;theme=light&#038;color=red&#038;hl=de_DE&#038;\" class=\"__youtube_prefs__\" title=\"YouTube player\"  allowfullscreen data-no-lazy=\"1\" data-skipgform_ajax_framebjll=\"\"><\/iframe><\/p>\n<p><strong>CE-Kennzeichen auf Baustoffen hilft bei Emissionen nicht weiter<\/strong><\/p>\n<p><iframe loading=\"lazy\"  id=\"_ytid_74948\" width=\"1170\" height=\"658\" src=\"https:\/\/www.youtube-nocookie.com\/embed\/CwWyDmQPxLU?enablejsapi=1&#038;autoplay=0&#038;cc_load_policy=0&#038;iv_load_policy=1&#038;loop=0&#038;modestbranding=1&#038;rel=0&#038;showinfo=0&#038;fs=1&#038;playsinline=1&#038;controls=2&#038;autohide=2&#038;theme=light&#038;color=red&#038;hl=de_DE&#038;\" class=\"__youtube_prefs__\" title=\"YouTube player\"  allowfullscreen data-no-lazy=\"1\" data-skipgform_ajax_framebjll=\"\"><\/iframe><\/p>\n<p><strong>Schadstoffe in Geb\u00e4uden und Lebensr\u00e4umen \u2013 was tun nach dem EuGH-Urteil?<\/strong><\/p>\n<p><iframe loading=\"lazy\"  id=\"_ytid_95298\" width=\"1170\" height=\"658\" src=\"https:\/\/www.youtube-nocookie.com\/embed\/jNw1IeT6g1E?enablejsapi=1&#038;autoplay=0&#038;cc_load_policy=0&#038;iv_load_policy=1&#038;loop=0&#038;modestbranding=1&#038;rel=0&#038;showinfo=0&#038;fs=1&#038;playsinline=1&#038;controls=2&#038;autohide=2&#038;theme=light&#038;color=red&#038;hl=de_DE&#038;\" class=\"__youtube_prefs__\" title=\"YouTube player\"  allowfullscreen data-no-lazy=\"1\" data-skipgform_ajax_framebjll=\"\"><\/iframe><\/p>\n<p><strong>eco-Institut Germany: Qualit\u00e4tsanforderungen an Baustoffe <\/strong><\/p>\n<p><iframe loading=\"lazy\"  id=\"_ytid_16351\" width=\"1170\" height=\"658\" src=\"https:\/\/www.youtube-nocookie.com\/embed\/bS_Fogncm5Y?enablejsapi=1&#038;autoplay=0&#038;cc_load_policy=0&#038;iv_load_policy=1&#038;loop=0&#038;modestbranding=1&#038;rel=0&#038;showinfo=0&#038;fs=1&#038;playsinline=1&#038;controls=2&#038;autohide=2&#038;theme=light&#038;color=red&#038;hl=de_DE&#038;\" class=\"__youtube_prefs__\" title=\"YouTube player\"  allowfullscreen data-no-lazy=\"1\" data-skipgform_ajax_framebjll=\"\"><\/iframe><\/p>\n<p><strong>Welche Baustoffe sind gut kombinierbar? <\/strong><\/p>\n<p><iframe loading=\"lazy\"  id=\"_ytid_66822\" width=\"1170\" height=\"658\" src=\"https:\/\/www.youtube-nocookie.com\/embed\/OUrv9EWpXPc?enablejsapi=1&#038;autoplay=0&#038;cc_load_policy=0&#038;iv_load_policy=1&#038;loop=0&#038;modestbranding=1&#038;rel=0&#038;showinfo=0&#038;fs=1&#038;playsinline=1&#038;controls=2&#038;autohide=2&#038;theme=light&#038;color=red&#038;hl=de_DE&#038;\" class=\"__youtube_prefs__\" title=\"YouTube player\"  allowfullscreen data-no-lazy=\"1\" data-skipgform_ajax_framebjll=\"\"><\/iframe><\/p>\n<p><strong>Baurecht: Sicherheitsl\u00fccke nach EuGH-Urteil zur Baustoffzulassung<\/strong><\/p>\n<p><iframe loading=\"lazy\"  id=\"_ytid_64340\" width=\"1170\" height=\"658\" src=\"https:\/\/www.youtube-nocookie.com\/embed\/yj39v1xalzs?enablejsapi=1&#038;autoplay=0&#038;cc_load_policy=0&#038;iv_load_policy=1&#038;loop=0&#038;modestbranding=1&#038;rel=0&#038;showinfo=0&#038;fs=1&#038;playsinline=1&#038;controls=2&#038;autohide=2&#038;theme=light&#038;color=red&#038;hl=de_DE&#038;\" class=\"__youtube_prefs__\" title=\"YouTube player\"  allowfullscreen data-no-lazy=\"1\" data-skipgform_ajax_framebjll=\"\"><\/iframe><\/p>\n<p><strong>Nach EuGH-Urteil: Sicherheit f\u00fcr Hersteller, Planer und Bauherren<\/strong><\/p>\n<p><iframe loading=\"lazy\"  id=\"_ytid_63509\" width=\"1170\" height=\"658\" src=\"https:\/\/www.youtube-nocookie.com\/embed\/G20OP5P9gao?enablejsapi=1&#038;autoplay=0&#038;cc_load_policy=0&#038;iv_load_policy=1&#038;loop=0&#038;modestbranding=1&#038;rel=0&#038;showinfo=0&#038;fs=1&#038;playsinline=1&#038;controls=2&#038;autohide=2&#038;theme=light&#038;color=red&#038;hl=de_DE&#038;\" class=\"__youtube_prefs__\" title=\"YouTube player\"  allowfullscreen data-no-lazy=\"1\" data-skipgform_ajax_framebjll=\"\"><\/iframe><\/p>\n<p><strong>Architektin spricht \u00fcber neue Anforderungen nach EuGH-Urteil <\/strong><\/p>\n<p><iframe loading=\"lazy\"  id=\"_ytid_88626\" width=\"1170\" height=\"658\" src=\"https:\/\/www.youtube-nocookie.com\/embed\/QPdZa9FOAGc?enablejsapi=1&#038;autoplay=0&#038;cc_load_policy=0&#038;iv_load_policy=1&#038;loop=0&#038;modestbranding=1&#038;rel=0&#038;showinfo=0&#038;fs=1&#038;playsinline=1&#038;controls=2&#038;autohide=2&#038;theme=light&#038;color=red&#038;hl=de_DE&#038;\" class=\"__youtube_prefs__\" title=\"YouTube player\"  allowfullscreen data-no-lazy=\"1\" data-skipgform_ajax_framebjll=\"\"><\/iframe><\/p>\n<p>Wollen Sie mehr \u00fcber den Baudienstag wissen? Dann schauen Sie einfach auf <a href=\"http:\/\/www.baudienstag.de\">www.baudienstag.de<\/a><br \/>\nWollen Sie auch einen Baudienstag organisieren? Dann freue ich mich \u00fcber Ihre Nachricht: Heide.Gentner@baudienstag.de<\/p>\n<p><strong>\u00dcber mich<\/strong><br \/>\nIch bin ausgebildete Journalistin und arbeite als Referentin der Unternehmenskommunikation f\u00fcr die MOLL bau\u00f6kologische Produkte GmbH. Unter der Marke pro clima ist die Firma weltweit in mehr als 35 L\u00e4ndern aktiv.<\/p>\n<p>Ich suche st\u00e4ndig nach spannenden Menschen und Geschichten rund um das Bauen. Falls Sie ein interessantes Projekt kennen oder selbst betreuen, kontaktieren Sie mich bitte unter heide.gentner@proclima.de oder 06202\/2782-56<\/p>\n<p>In meiner Freizeit saniere ich ein altes Bauernhaus in den Vogesen, sportle mit Fit wie Herkules, frage Menschen aus mit Heidi hakt nach und blogge f\u00fcr das Luftdichtungsmagazin airtight-junkies.de<\/p>\n","protected":false},"excerpt":{"rendered":"<p>Die Auswirkungen des Urteils des Europ\u00e4ischen Gerichtshof zu allgemein bauaufsichtlichen Zulassungen in Deutschland betreffen die ganze Baubranche: von den Vorgaben zur Materialpr\u00fcfung, Regelungsl\u00fccken zwischen nationalen <a href=\"https:\/\/blog.proclima.com\/de\/2017\/05\/eugh-urteil-baustoffe\/\" rel=\"bookmark\">&#8230;<\/a><\/p>\n","protected":false},"author":18,"featured_media":0,"comment_status":"open","ping_status":"open","sticky":false,"template":"","format":"standard","meta":{"footnotes":""},"categories":[3],"tags":[1305,1313,143],"class_list":["post-6979","post","type-post","status-publish","format-standard","hentry","category-veranstaltung","tag-baudienstag","tag-gesuenderes-bauen","tag-sentinel-haus-institut"],"yoast_head":"<!-- This site is optimized with the Yoast SEO plugin v27.5 - https:\/\/yoast.com\/product\/yoast-seo-wordpress\/ -->\n<title>Konsequenzen nach dem Urteil des Europ\u00e4ischen Gerichtshofs zur Baustoffzulassung in Deutschland &#187; pro clima Blog - Deutschland<\/title>\n<meta name=\"robots\" content=\"index, follow, max-snippet:-1, max-image-preview:large, max-video-preview:-1\" \/>\n<link rel=\"canonical\" href=\"https:\/\/blog.proclima.com\/de\/2017\/05\/eugh-urteil-baustoffe\/\" \/>\n<meta property=\"og:locale\" content=\"de_DE\" \/>\n<meta property=\"og:type\" content=\"article\" \/>\n<meta property=\"og:title\" content=\"Konsequenzen nach dem Urteil des Europ\u00e4ischen Gerichtshofs zur Baustoffzulassung in Deutschland &#187; pro clima Blog - Deutschland\" \/>\n<meta property=\"og:description\" content=\"Die Auswirkungen des Urteils des Europ\u00e4ischen Gerichtshof zu allgemein bauaufsichtlichen Zulassungen in Deutschland betreffen die ganze Baubranche: von den Vorgaben zur Materialpr\u00fcfung, Regelungsl\u00fccken zwischen nationalen ...\" \/>\n<meta property=\"og:url\" content=\"https:\/\/blog.proclima.com\/de\/2017\/05\/eugh-urteil-baustoffe\/\" \/>\n<meta property=\"og:site_name\" content=\"pro clima Blog - Deutschland\" \/>\n<meta property=\"article:publisher\" content=\"https:\/\/www.facebook.com\/proclima\" \/>\n<meta property=\"article:published_time\" content=\"2017-05-24T22:57:58+00:00\" \/>\n<meta property=\"article:modified_time\" content=\"2017-06-12T10:57:13+00:00\" \/>\n<meta property=\"og:image\" content=\"https:\/\/blog.proclima.com\/de\/files\/2017\/05\/P1010598-scaled.jpg\" \/>\n\t<meta property=\"og:image:width\" content=\"2560\" \/>\n\t<meta property=\"og:image:height\" content=\"1711\" \/>\n\t<meta property=\"og:image:type\" content=\"image\/jpeg\" \/>\n<meta name=\"author\" content=\"Heide Merkel\" \/>\n<meta name=\"twitter:card\" content=\"summary_large_image\" \/>\n<meta name=\"twitter:creator\" content=\"@proclimaDE\" \/>\n<meta name=\"twitter:site\" content=\"@proclimaDE\" \/>\n<meta name=\"twitter:label1\" content=\"Verfasst von\" \/>\n\t<meta name=\"twitter:data1\" content=\"Heide Merkel\" \/>\n\t<meta name=\"twitter:label2\" content=\"Gesch\u00e4tzte Lesezeit\" \/>\n\t<meta name=\"twitter:data2\" content=\"2\u00a0Minuten\" \/>\n<script type=\"application\/ld+json\" class=\"yoast-schema-graph\">{\"@context\":\"https:\\\/\\\/schema.org\",\"@graph\":[{\"@type\":\"Article\",\"@id\":\"https:\\\/\\\/blog.proclima.com\\\/de\\\/2017\\\/05\\\/eugh-urteil-baustoffe\\\/#article\",\"isPartOf\":{\"@id\":\"https:\\\/\\\/blog.proclima.com\\\/de\\\/2017\\\/05\\\/eugh-urteil-baustoffe\\\/\"},\"author\":{\"name\":\"Heide Merkel\",\"@id\":\"https:\\\/\\\/blog.proclima.com\\\/de\\\/#\\\/schema\\\/person\\\/b3490e20200d5d45b8d56f555ceffc21\"},\"headline\":\"Konsequenzen nach dem Urteil des Europ\u00e4ischen Gerichtshofs zur Baustoffzulassung in Deutschland\",\"datePublished\":\"2017-05-24T22:57:58+00:00\",\"dateModified\":\"2017-06-12T10:57:13+00:00\",\"mainEntityOfPage\":{\"@id\":\"https:\\\/\\\/blog.proclima.com\\\/de\\\/2017\\\/05\\\/eugh-urteil-baustoffe\\\/\"},\"wordCount\":498,\"commentCount\":1,\"publisher\":{\"@id\":\"https:\\\/\\\/blog.proclima.com\\\/de\\\/#organization\"},\"image\":{\"@id\":\"https:\\\/\\\/blog.proclima.com\\\/de\\\/2017\\\/05\\\/eugh-urteil-baustoffe\\\/#primaryimage\"},\"thumbnailUrl\":\"https:\\\/\\\/blog.proclima.com\\\/de\\\/files\\\/2017\\\/05\\\/P1010598-300x201.jpg\",\"keywords\":[\"baudienstag\",\"ges\u00fcnderes Bauen\",\"Sentinel-Haus Institut\"],\"articleSection\":[\"Veranstaltung\"],\"inLanguage\":\"de\",\"potentialAction\":[{\"@type\":\"CommentAction\",\"name\":\"Comment\",\"target\":[\"https:\\\/\\\/blog.proclima.com\\\/de\\\/2017\\\/05\\\/eugh-urteil-baustoffe\\\/#respond\"]}]},{\"@type\":\"WebPage\",\"@id\":\"https:\\\/\\\/blog.proclima.com\\\/de\\\/2017\\\/05\\\/eugh-urteil-baustoffe\\\/\",\"url\":\"https:\\\/\\\/blog.proclima.com\\\/de\\\/2017\\\/05\\\/eugh-urteil-baustoffe\\\/\",\"name\":\"Konsequenzen nach dem Urteil des Europ\u00e4ischen Gerichtshofs zur Baustoffzulassung in Deutschland &#187; pro clima Blog - Deutschland\",\"isPartOf\":{\"@id\":\"https:\\\/\\\/blog.proclima.com\\\/de\\\/#website\"},\"primaryImageOfPage\":{\"@id\":\"https:\\\/\\\/blog.proclima.com\\\/de\\\/2017\\\/05\\\/eugh-urteil-baustoffe\\\/#primaryimage\"},\"image\":{\"@id\":\"https:\\\/\\\/blog.proclima.com\\\/de\\\/2017\\\/05\\\/eugh-urteil-baustoffe\\\/#primaryimage\"},\"thumbnailUrl\":\"https:\\\/\\\/blog.proclima.com\\\/de\\\/files\\\/2017\\\/05\\\/P1010598-300x201.jpg\",\"datePublished\":\"2017-05-24T22:57:58+00:00\",\"dateModified\":\"2017-06-12T10:57:13+00:00\",\"breadcrumb\":{\"@id\":\"https:\\\/\\\/blog.proclima.com\\\/de\\\/2017\\\/05\\\/eugh-urteil-baustoffe\\\/#breadcrumb\"},\"inLanguage\":\"de\",\"potentialAction\":[{\"@type\":\"ReadAction\",\"target\":[\"https:\\\/\\\/blog.proclima.com\\\/de\\\/2017\\\/05\\\/eugh-urteil-baustoffe\\\/\"]}]},{\"@type\":\"ImageObject\",\"inLanguage\":\"de\",\"@id\":\"https:\\\/\\\/blog.proclima.com\\\/de\\\/2017\\\/05\\\/eugh-urteil-baustoffe\\\/#primaryimage\",\"url\":\"https:\\\/\\\/blog.proclima.com\\\/de\\\/files\\\/2017\\\/05\\\/P1010598-scaled.jpg\",\"contentUrl\":\"https:\\\/\\\/blog.proclima.com\\\/de\\\/files\\\/2017\\\/05\\\/P1010598-scaled.jpg\",\"width\":2560,\"height\":1711,\"caption\":\"Baudienstag-Spezial auf dem Gel\u00e4nde des T\u00dcV-Rheinlands in K\u00f6ln. Bildquelle: Sentinel Haus Institut\"},{\"@type\":\"BreadcrumbList\",\"@id\":\"https:\\\/\\\/blog.proclima.com\\\/de\\\/2017\\\/05\\\/eugh-urteil-baustoffe\\\/#breadcrumb\",\"itemListElement\":[{\"@type\":\"ListItem\",\"position\":1,\"name\":\"Startseite\",\"item\":\"https:\\\/\\\/blog.proclima.com\\\/de\\\/\"},{\"@type\":\"ListItem\",\"position\":2,\"name\":\"Konsequenzen nach dem Urteil des Europ\u00e4ischen Gerichtshofs zur Baustoffzulassung in Deutschland\"}]},{\"@type\":\"WebSite\",\"@id\":\"https:\\\/\\\/blog.proclima.com\\\/de\\\/#website\",\"url\":\"https:\\\/\\\/blog.proclima.com\\\/de\\\/\",\"name\":\"pro clima Blog - Deutschland\",\"description\":\"alles was pro clima bewegt\",\"publisher\":{\"@id\":\"https:\\\/\\\/blog.proclima.com\\\/de\\\/#organization\"},\"potentialAction\":[{\"@type\":\"SearchAction\",\"target\":{\"@type\":\"EntryPoint\",\"urlTemplate\":\"https:\\\/\\\/blog.proclima.com\\\/de\\\/?s={search_term_string}\"},\"query-input\":{\"@type\":\"PropertyValueSpecification\",\"valueRequired\":true,\"valueName\":\"search_term_string\"}}],\"inLanguage\":\"de\"},{\"@type\":\"Organization\",\"@id\":\"https:\\\/\\\/blog.proclima.com\\\/de\\\/#organization\",\"name\":\"pro clima - Moll bau\u00f6kologische Produkte GmbH\",\"url\":\"https:\\\/\\\/blog.proclima.com\\\/de\\\/\",\"logo\":{\"@type\":\"ImageObject\",\"inLanguage\":\"de\",\"@id\":\"https:\\\/\\\/blog.proclima.com\\\/de\\\/#\\\/schema\\\/logo\\\/image\\\/\",\"url\":\"https:\\\/\\\/blog.proclima.com\\\/de\\\/files\\\/2020\\\/04\\\/Logo-pro-clima.png\",\"contentUrl\":\"https:\\\/\\\/blog.proclima.com\\\/de\\\/files\\\/2020\\\/04\\\/Logo-pro-clima.png\",\"width\":4210,\"height\":4881,\"caption\":\"pro clima - Moll bau\u00f6kologische Produkte GmbH\"},\"image\":{\"@id\":\"https:\\\/\\\/blog.proclima.com\\\/de\\\/#\\\/schema\\\/logo\\\/image\\\/\"},\"sameAs\":[\"https:\\\/\\\/www.facebook.com\\\/proclima\",\"https:\\\/\\\/x.com\\\/proclimaDE\"]},{\"@type\":\"Person\",\"@id\":\"https:\\\/\\\/blog.proclima.com\\\/de\\\/#\\\/schema\\\/person\\\/b3490e20200d5d45b8d56f555ceffc21\",\"name\":\"Heide Merkel\",\"description\":\"Fachjournalistin, Referentin, Steuerung Presse &amp; Digitale Medien bei Moll bau\u00f6kologische Produkte GmbH (pro clima). Als Japanologin und ausgebildete Redakteurin ist Heide eher zuf\u00e4llig in der Baubranche gelandet. Seit 2011 arbeitet sie f\u00fcr pro clima. Ihr Wissen zu effektiver Kommunikation gibt sie in Seminaren, Artikeln und Vortr\u00e4gen weiter. F\u00fcr den pro clima Blog, proclima.tv und das pro clima Bauradio interviewt sie interessante Menschen aus der Baubranche. Auf\u00a0 luftdichtheit-gepr\u00fcft.de bloggt Heide \u00fcber Leckagen, Luftdichtung und Qualit\u00e4ts\u00fcberpr\u00fcfung mit Blower-Door-Tests. Ihre Freizeit verbringt sie u.a. in den Vogesen, wo sie seit mehr als f\u00fcnf Jahren ein altes Bauernhaus saniert. Ihr neuestes Projekt:\u00a0 www.besser-als-marketing.de Hier gibt es Tipps, wie Unternehmen in der Baubranche ihre Sichtbarkeit erh\u00f6hen k\u00f6nnen. Die ersten Videos sind bereits online im Youtube Channel Wer mehr \u00fcber Heide Merkel erfahren m\u00f6chte, findet sie auf den g\u00e4ngigen Social Media Plattformen.\",\"url\":\"https:\\\/\\\/blog.proclima.com\\\/de\\\/author\\\/gentner\\\/\"}]}<\/script>\n<!-- \/ Yoast SEO plugin. -->","yoast_head_json":{"title":"Konsequenzen nach dem Urteil des Europ\u00e4ischen Gerichtshofs zur Baustoffzulassung in Deutschland &#187; pro clima Blog - Deutschland","robots":{"index":"index","follow":"follow","max-snippet":"max-snippet:-1","max-image-preview":"max-image-preview:large","max-video-preview":"max-video-preview:-1"},"canonical":"https:\/\/blog.proclima.com\/de\/2017\/05\/eugh-urteil-baustoffe\/","og_locale":"de_DE","og_type":"article","og_title":"Konsequenzen nach dem Urteil des Europ\u00e4ischen Gerichtshofs zur Baustoffzulassung in Deutschland &#187; pro clima Blog - Deutschland","og_description":"Die Auswirkungen des Urteils des Europ\u00e4ischen Gerichtshof zu allgemein bauaufsichtlichen Zulassungen in Deutschland betreffen die ganze Baubranche: von den Vorgaben zur Materialpr\u00fcfung, Regelungsl\u00fccken zwischen nationalen ...","og_url":"https:\/\/blog.proclima.com\/de\/2017\/05\/eugh-urteil-baustoffe\/","og_site_name":"pro clima Blog - Deutschland","article_publisher":"https:\/\/www.facebook.com\/proclima","article_published_time":"2017-05-24T22:57:58+00:00","article_modified_time":"2017-06-12T10:57:13+00:00","og_image":[{"width":2560,"height":1711,"url":"https:\/\/blog.proclima.com\/de\/files\/2017\/05\/P1010598-scaled.jpg","type":"image\/jpeg"}],"author":"Heide Merkel","twitter_card":"summary_large_image","twitter_creator":"@proclimaDE","twitter_site":"@proclimaDE","twitter_misc":{"Verfasst von":"Heide Merkel","Gesch\u00e4tzte Lesezeit":"2\u00a0Minuten"},"schema":{"@context":"https:\/\/schema.org","@graph":[{"@type":"Article","@id":"https:\/\/blog.proclima.com\/de\/2017\/05\/eugh-urteil-baustoffe\/#article","isPartOf":{"@id":"https:\/\/blog.proclima.com\/de\/2017\/05\/eugh-urteil-baustoffe\/"},"author":{"name":"Heide Merkel","@id":"https:\/\/blog.proclima.com\/de\/#\/schema\/person\/b3490e20200d5d45b8d56f555ceffc21"},"headline":"Konsequenzen nach dem Urteil des Europ\u00e4ischen Gerichtshofs zur Baustoffzulassung in Deutschland","datePublished":"2017-05-24T22:57:58+00:00","dateModified":"2017-06-12T10:57:13+00:00","mainEntityOfPage":{"@id":"https:\/\/blog.proclima.com\/de\/2017\/05\/eugh-urteil-baustoffe\/"},"wordCount":498,"commentCount":1,"publisher":{"@id":"https:\/\/blog.proclima.com\/de\/#organization"},"image":{"@id":"https:\/\/blog.proclima.com\/de\/2017\/05\/eugh-urteil-baustoffe\/#primaryimage"},"thumbnailUrl":"https:\/\/blog.proclima.com\/de\/files\/2017\/05\/P1010598-300x201.jpg","keywords":["baudienstag","ges\u00fcnderes Bauen","Sentinel-Haus Institut"],"articleSection":["Veranstaltung"],"inLanguage":"de","potentialAction":[{"@type":"CommentAction","name":"Comment","target":["https:\/\/blog.proclima.com\/de\/2017\/05\/eugh-urteil-baustoffe\/#respond"]}]},{"@type":"WebPage","@id":"https:\/\/blog.proclima.com\/de\/2017\/05\/eugh-urteil-baustoffe\/","url":"https:\/\/blog.proclima.com\/de\/2017\/05\/eugh-urteil-baustoffe\/","name":"Konsequenzen nach dem Urteil des Europ\u00e4ischen Gerichtshofs zur Baustoffzulassung in Deutschland &#187; pro clima Blog - Deutschland","isPartOf":{"@id":"https:\/\/blog.proclima.com\/de\/#website"},"primaryImageOfPage":{"@id":"https:\/\/blog.proclima.com\/de\/2017\/05\/eugh-urteil-baustoffe\/#primaryimage"},"image":{"@id":"https:\/\/blog.proclima.com\/de\/2017\/05\/eugh-urteil-baustoffe\/#primaryimage"},"thumbnailUrl":"https:\/\/blog.proclima.com\/de\/files\/2017\/05\/P1010598-300x201.jpg","datePublished":"2017-05-24T22:57:58+00:00","dateModified":"2017-06-12T10:57:13+00:00","breadcrumb":{"@id":"https:\/\/blog.proclima.com\/de\/2017\/05\/eugh-urteil-baustoffe\/#breadcrumb"},"inLanguage":"de","potentialAction":[{"@type":"ReadAction","target":["https:\/\/blog.proclima.com\/de\/2017\/05\/eugh-urteil-baustoffe\/"]}]},{"@type":"ImageObject","inLanguage":"de","@id":"https:\/\/blog.proclima.com\/de\/2017\/05\/eugh-urteil-baustoffe\/#primaryimage","url":"https:\/\/blog.proclima.com\/de\/files\/2017\/05\/P1010598-scaled.jpg","contentUrl":"https:\/\/blog.proclima.com\/de\/files\/2017\/05\/P1010598-scaled.jpg","width":2560,"height":1711,"caption":"Baudienstag-Spezial auf dem Gel\u00e4nde des T\u00dcV-Rheinlands in K\u00f6ln. Bildquelle: Sentinel Haus Institut"},{"@type":"BreadcrumbList","@id":"https:\/\/blog.proclima.com\/de\/2017\/05\/eugh-urteil-baustoffe\/#breadcrumb","itemListElement":[{"@type":"ListItem","position":1,"name":"Startseite","item":"https:\/\/blog.proclima.com\/de\/"},{"@type":"ListItem","position":2,"name":"Konsequenzen nach dem Urteil des Europ\u00e4ischen Gerichtshofs zur Baustoffzulassung in Deutschland"}]},{"@type":"WebSite","@id":"https:\/\/blog.proclima.com\/de\/#website","url":"https:\/\/blog.proclima.com\/de\/","name":"pro clima Blog - Deutschland","description":"alles was pro clima bewegt","publisher":{"@id":"https:\/\/blog.proclima.com\/de\/#organization"},"potentialAction":[{"@type":"SearchAction","target":{"@type":"EntryPoint","urlTemplate":"https:\/\/blog.proclima.com\/de\/?s={search_term_string}"},"query-input":{"@type":"PropertyValueSpecification","valueRequired":true,"valueName":"search_term_string"}}],"inLanguage":"de"},{"@type":"Organization","@id":"https:\/\/blog.proclima.com\/de\/#organization","name":"pro clima - Moll bau\u00f6kologische Produkte GmbH","url":"https:\/\/blog.proclima.com\/de\/","logo":{"@type":"ImageObject","inLanguage":"de","@id":"https:\/\/blog.proclima.com\/de\/#\/schema\/logo\/image\/","url":"https:\/\/blog.proclima.com\/de\/files\/2020\/04\/Logo-pro-clima.png","contentUrl":"https:\/\/blog.proclima.com\/de\/files\/2020\/04\/Logo-pro-clima.png","width":4210,"height":4881,"caption":"pro clima - Moll bau\u00f6kologische Produkte GmbH"},"image":{"@id":"https:\/\/blog.proclima.com\/de\/#\/schema\/logo\/image\/"},"sameAs":["https:\/\/www.facebook.com\/proclima","https:\/\/x.com\/proclimaDE"]},{"@type":"Person","@id":"https:\/\/blog.proclima.com\/de\/#\/schema\/person\/b3490e20200d5d45b8d56f555ceffc21","name":"Heide Merkel","description":"Fachjournalistin, Referentin, Steuerung Presse &amp; Digitale Medien bei Moll bau\u00f6kologische Produkte GmbH (pro clima). Als Japanologin und ausgebildete Redakteurin ist Heide eher zuf\u00e4llig in der Baubranche gelandet. Seit 2011 arbeitet sie f\u00fcr pro clima. Ihr Wissen zu effektiver Kommunikation gibt sie in Seminaren, Artikeln und Vortr\u00e4gen weiter. F\u00fcr den pro clima Blog, proclima.tv und das pro clima Bauradio interviewt sie interessante Menschen aus der Baubranche. Auf\u00a0 luftdichtheit-gepr\u00fcft.de bloggt Heide \u00fcber Leckagen, Luftdichtung und Qualit\u00e4ts\u00fcberpr\u00fcfung mit Blower-Door-Tests. Ihre Freizeit verbringt sie u.a. in den Vogesen, wo sie seit mehr als f\u00fcnf Jahren ein altes Bauernhaus saniert. Ihr neuestes Projekt:\u00a0 www.besser-als-marketing.de Hier gibt es Tipps, wie Unternehmen in der Baubranche ihre Sichtbarkeit erh\u00f6hen k\u00f6nnen. Die ersten Videos sind bereits online im Youtube Channel Wer mehr \u00fcber Heide Merkel erfahren m\u00f6chte, findet sie auf den g\u00e4ngigen Social Media Plattformen.","url":"https:\/\/blog.proclima.com\/de\/author\/gentner\/"}]}},"canto_acf_fields":"","_links":{"self":[{"href":"https:\/\/blog.proclima.com\/de\/wp-json\/wp\/v2\/posts\/6979","targetHints":{"allow":["GET"]}}],"collection":[{"href":"https:\/\/blog.proclima.com\/de\/wp-json\/wp\/v2\/posts"}],"about":[{"href":"https:\/\/blog.proclima.com\/de\/wp-json\/wp\/v2\/types\/post"}],"author":[{"embeddable":true,"href":"https:\/\/blog.proclima.com\/de\/wp-json\/wp\/v2\/users\/18"}],"replies":[{"embeddable":true,"href":"https:\/\/blog.proclima.com\/de\/wp-json\/wp\/v2\/comments?post=6979"}],"version-history":[{"count":16,"href":"https:\/\/blog.proclima.com\/de\/wp-json\/wp\/v2\/posts\/6979\/revisions"}],"predecessor-version":[{"id":7011,"href":"https:\/\/blog.proclima.com\/de\/wp-json\/wp\/v2\/posts\/6979\/revisions\/7011"}],"wp:attachment":[{"href":"https:\/\/blog.proclima.com\/de\/wp-json\/wp\/v2\/media?parent=6979"}],"wp:term":[{"taxonomy":"category","embeddable":true,"href":"https:\/\/blog.proclima.com\/de\/wp-json\/wp\/v2\/categories?post=6979"},{"taxonomy":"post_tag","embeddable":true,"href":"https:\/\/blog.proclima.com\/de\/wp-json\/wp\/v2\/tags?post=6979"}],"curies":[{"name":"wp","href":"https:\/\/api.w.org\/{rel}","templated":true}]}}