
{"id":6745,"date":"2017-01-19T23:34:18","date_gmt":"2017-01-19T22:34:18","guid":{"rendered":"http:\/\/blog.proclima.com\/de\/?p=6745"},"modified":"2017-01-23T11:35:32","modified_gmt":"2017-01-23T10:35:32","slug":"bau-2017-was-gibt-es-neues-bei-pro-clima","status":"publish","type":"post","link":"https:\/\/blog.proclima.com\/de\/2017\/01\/bau-2017-was-gibt-es-neues-bei-pro-clima\/","title":{"rendered":"BAU 2017: Was gibt es Neues bei pro clima?"},"content":{"rendered":"<p>pro clima ist auch 2017 auf der BAU pr\u00e4sent. Am Stand 200 in Halle B6 erfahren die Besucher alles rund um die sichere Dichtung der Geb\u00e4udeh\u00fclle.<\/p>\n<p>Ein paar fotografische Impressionen der Messewoche sind hier zu finden:<\/p>\n<p>https:\/\/www.flickr.com\/photos\/proclima\/albums\/72157679222728976<\/p>\n<p>Was es mit dem <a href=\"http:\/\/www.wissenwiki.de\/Hydrosafe-Wert\">Hydrosafe-Wert<\/a> auf sich hat und welche die passende Dampfbremse f\u00fcr Winterbaustellen ist, erkl\u00e4rt Michael F\u00f6rster, Leiter der pro clima Anwendungstechnik<\/p>\n<p><iframe loading=\"lazy\"  id=\"_ytid_84441\" width=\"1170\" height=\"658\" src=\"https:\/\/www.youtube-nocookie.com\/embed\/fojd0dqR7Bw?enablejsapi=1&#038;autoplay=0&#038;cc_load_policy=0&#038;iv_load_policy=1&#038;loop=0&#038;modestbranding=1&#038;rel=0&#038;showinfo=0&#038;fs=1&#038;playsinline=1&#038;controls=2&#038;autohide=2&#038;theme=light&#038;color=red&#038;hl=de_DE&#038;\" class=\"__youtube_prefs__\" title=\"YouTube player\"  allowfullscreen data-no-lazy=\"1\" data-skipgform_ajax_framebjll=\"\"><\/iframe><\/p>\n<p>Produktneuheit auf der BAU 2017: pro clima pr\u00e4sentiert einen neuen Anschlusskleber, der auch bei Minusgraden sofort extreme Klebekraft zeigt. Der Kleber von der Rolle <a href=\"https:\/\/de.proclima.com\/produkte\/verbindungsmittel\/luftdichtungskleber\/orcon-multibond\">ORCON MULTIBOND<\/a>. Stefan H\u00fcckst\u00e4dt berichtet \u00fcber die Eigenschaften:<\/p>\n<p><iframe loading=\"lazy\"  id=\"_ytid_95794\" width=\"1170\" height=\"658\" src=\"https:\/\/www.youtube-nocookie.com\/embed\/YRB-Fo9DHJw?enablejsapi=1&#038;autoplay=0&#038;cc_load_policy=0&#038;iv_load_policy=1&#038;loop=0&#038;modestbranding=1&#038;rel=0&#038;showinfo=0&#038;fs=1&#038;playsinline=1&#038;controls=2&#038;autohide=2&#038;theme=light&#038;color=red&#038;hl=de_DE&#038;\" class=\"__youtube_prefs__\" title=\"YouTube player\"  allowfullscreen data-no-lazy=\"1\" data-skipgform_ajax_framebjll=\"\"><\/iframe><\/p>\n<p>Es ist laut EnEV Pflicht, viele Planer und Verarbeiter haben damit noch Schwierigkeiten: Die Erstellung eines Luftdichtheitskonzepts. Oliver Solcher vom <a href=\"http:\/\/www.flib.de\/\">Fachverband Luftdichtheit im Bauwesen FLiB<\/a> erkl\u00e4rt, wo jeder Planer und Verarbeiter kostenfrei Unterlagen zur Erstellung eines Luftdichheitskonzepts abrufen kann.<br \/>\n<!--more--><\/p>\n<p><iframe loading=\"lazy\"  id=\"_ytid_25556\" width=\"1170\" height=\"658\" src=\"https:\/\/www.youtube-nocookie.com\/embed\/Ow4wW0fejRw?enablejsapi=1&#038;autoplay=0&#038;cc_load_policy=0&#038;iv_load_policy=1&#038;loop=0&#038;modestbranding=1&#038;rel=0&#038;showinfo=0&#038;fs=1&#038;playsinline=1&#038;controls=2&#038;autohide=2&#038;theme=light&#038;color=red&#038;hl=de_DE&#038;\" class=\"__youtube_prefs__\" title=\"YouTube player\"  allowfullscreen data-no-lazy=\"1\" data-skipgform_ajax_framebjll=\"\"><\/iframe><br \/>\nF\u00fcr alle, die nicht live auf der BAU sein konnten, f\u00fchrt Marketingleiter Oliver Goldau \u00fcber den pro clima Messestand und zeigt die<a href=\"https:\/\/de.proclima.com\/produkte\/neuheiten\"> pro clima Produktneuheiten<\/a>:<\/p>\n<p><iframe loading=\"lazy\"  id=\"_ytid_72237\" width=\"1170\" height=\"658\" src=\"https:\/\/www.youtube-nocookie.com\/embed\/XwlJnbiJC6I?enablejsapi=1&#038;autoplay=0&#038;cc_load_policy=0&#038;iv_load_policy=1&#038;loop=0&#038;modestbranding=1&#038;rel=0&#038;showinfo=0&#038;fs=1&#038;playsinline=1&#038;controls=2&#038;autohide=2&#038;theme=light&#038;color=red&#038;hl=de_DE&#038;\" class=\"__youtube_prefs__\" title=\"YouTube player\"  allowfullscreen data-no-lazy=\"1\" data-skipgform_ajax_framebjll=\"\"><\/iframe><\/p>\n<p>&nbsp;<\/p>\n","protected":false},"excerpt":{"rendered":"<p>pro clima ist auch 2017 auf der BAU pr\u00e4sent. Am Stand 200 in Halle B6 erfahren die Besucher alles rund um die sichere Dichtung der <a href=\"https:\/\/blog.proclima.com\/de\/2017\/01\/bau-2017-was-gibt-es-neues-bei-pro-clima\/\" rel=\"bookmark\">&#8230;<\/a><\/p>\n","protected":false},"author":31,"featured_media":0,"comment_status":"open","ping_status":"open","sticky":false,"template":"","format":"standard","meta":{"footnotes":""},"categories":[1],"tags":[397,1259,515,514,1272,1273,1275,126,469,444,708,470,542,1274],"class_list":["post-6745","post","type-post","status-publish","format-standard","hentry","category-proclima","tag-anschlusskleber","tag-bau-2017","tag-fachverband-luftdichtheit-im-bauwesen","tag-flib","tag-frostsicher","tag-hydrosafe-wert","tag-messestand","tag-michael-forster","tag-neuheiten","tag-oliver-goldau","tag-oliver-solcher","tag-produktneuheiten","tag-stefan-huckstadt","tag-winterbaustelle"],"yoast_head":"<!-- This site is optimized with the Yoast SEO plugin v27.5 - https:\/\/yoast.com\/product\/yoast-seo-wordpress\/ -->\n<title>BAU 2017: Was gibt es Neues bei pro clima? &#187; pro clima Blog - Deutschland<\/title>\n<meta name=\"robots\" content=\"index, follow, max-snippet:-1, max-image-preview:large, max-video-preview:-1\" \/>\n<link rel=\"canonical\" href=\"https:\/\/blog.proclima.com\/de\/2017\/01\/bau-2017-was-gibt-es-neues-bei-pro-clima\/\" \/>\n<meta property=\"og:locale\" content=\"de_DE\" \/>\n<meta property=\"og:type\" content=\"article\" \/>\n<meta property=\"og:title\" content=\"BAU 2017: Was gibt es Neues bei pro clima? &#187; pro clima Blog - Deutschland\" \/>\n<meta property=\"og:description\" content=\"pro clima ist auch 2017 auf der BAU pr\u00e4sent. Am Stand 200 in Halle B6 erfahren die Besucher alles rund um die sichere Dichtung der ...\" \/>\n<meta property=\"og:url\" content=\"https:\/\/blog.proclima.com\/de\/2017\/01\/bau-2017-was-gibt-es-neues-bei-pro-clima\/\" \/>\n<meta property=\"og:site_name\" content=\"pro clima Blog - Deutschland\" \/>\n<meta property=\"article:publisher\" content=\"https:\/\/www.facebook.com\/proclima\" \/>\n<meta property=\"article:author\" content=\"https:\/\/www.facebook.com\/cornelia.laessing\" \/>\n<meta property=\"article:published_time\" content=\"2017-01-19T22:34:18+00:00\" \/>\n<meta property=\"article:modified_time\" content=\"2017-01-23T10:35:32+00:00\" \/>\n<meta name=\"author\" content=\"Cornelia L\u00e4ssing\" \/>\n<meta name=\"twitter:card\" content=\"summary_large_image\" \/>\n<meta name=\"twitter:creator\" content=\"@connylaessing\" \/>\n<meta name=\"twitter:site\" content=\"@proclimaDE\" \/>\n<meta name=\"twitter:label1\" content=\"Verfasst von\" \/>\n\t<meta name=\"twitter:data1\" content=\"Cornelia L\u00e4ssing\" \/>\n\t<meta name=\"twitter:label2\" content=\"Gesch\u00e4tzte Lesezeit\" \/>\n\t<meta name=\"twitter:data2\" content=\"1\u00a0Minute\" \/>\n<script type=\"application\/ld+json\" class=\"yoast-schema-graph\">{\"@context\":\"https:\\\/\\\/schema.org\",\"@graph\":[{\"@type\":\"Article\",\"@id\":\"https:\\\/\\\/blog.proclima.com\\\/de\\\/2017\\\/01\\\/bau-2017-was-gibt-es-neues-bei-pro-clima\\\/#article\",\"isPartOf\":{\"@id\":\"https:\\\/\\\/blog.proclima.com\\\/de\\\/2017\\\/01\\\/bau-2017-was-gibt-es-neues-bei-pro-clima\\\/\"},\"author\":{\"name\":\"Cornelia L\u00e4ssing\",\"@id\":\"https:\\\/\\\/blog.proclima.com\\\/de\\\/#\\\/schema\\\/person\\\/5537f09a0342a4a72283791f5f8460b1\"},\"headline\":\"BAU 2017: Was gibt es Neues bei pro clima?\",\"datePublished\":\"2017-01-19T22:34:18+00:00\",\"dateModified\":\"2017-01-23T10:35:32+00:00\",\"mainEntityOfPage\":{\"@id\":\"https:\\\/\\\/blog.proclima.com\\\/de\\\/2017\\\/01\\\/bau-2017-was-gibt-es-neues-bei-pro-clima\\\/\"},\"wordCount\":203,\"commentCount\":0,\"publisher\":{\"@id\":\"https:\\\/\\\/blog.proclima.com\\\/de\\\/#organization\"},\"keywords\":[\"Anschlusskleber\",\"BAU 2017\",\"Fachverband Luftdichtheit im Bauwesen\",\"FliB\",\"frostsicher\",\"Hydrosafe-Wert\",\"Messestand\",\"Michael F\u00f6rster\",\"Neuheiten\",\"Oliver Goldau\",\"Oliver Solcher\",\"Produktneuheiten\",\"Stefan H\u00fcckst\u00e4dt\",\"Winterbaustelle\"],\"articleSection\":[\"pro clima\"],\"inLanguage\":\"de\",\"potentialAction\":[{\"@type\":\"CommentAction\",\"name\":\"Comment\",\"target\":[\"https:\\\/\\\/blog.proclima.com\\\/de\\\/2017\\\/01\\\/bau-2017-was-gibt-es-neues-bei-pro-clima\\\/#respond\"]}]},{\"@type\":\"WebPage\",\"@id\":\"https:\\\/\\\/blog.proclima.com\\\/de\\\/2017\\\/01\\\/bau-2017-was-gibt-es-neues-bei-pro-clima\\\/\",\"url\":\"https:\\\/\\\/blog.proclima.com\\\/de\\\/2017\\\/01\\\/bau-2017-was-gibt-es-neues-bei-pro-clima\\\/\",\"name\":\"BAU 2017: Was gibt es Neues bei pro clima? &#187; pro clima Blog - Deutschland\",\"isPartOf\":{\"@id\":\"https:\\\/\\\/blog.proclima.com\\\/de\\\/#website\"},\"datePublished\":\"2017-01-19T22:34:18+00:00\",\"dateModified\":\"2017-01-23T10:35:32+00:00\",\"breadcrumb\":{\"@id\":\"https:\\\/\\\/blog.proclima.com\\\/de\\\/2017\\\/01\\\/bau-2017-was-gibt-es-neues-bei-pro-clima\\\/#breadcrumb\"},\"inLanguage\":\"de\",\"potentialAction\":[{\"@type\":\"ReadAction\",\"target\":[\"https:\\\/\\\/blog.proclima.com\\\/de\\\/2017\\\/01\\\/bau-2017-was-gibt-es-neues-bei-pro-clima\\\/\"]}]},{\"@type\":\"BreadcrumbList\",\"@id\":\"https:\\\/\\\/blog.proclima.com\\\/de\\\/2017\\\/01\\\/bau-2017-was-gibt-es-neues-bei-pro-clima\\\/#breadcrumb\",\"itemListElement\":[{\"@type\":\"ListItem\",\"position\":1,\"name\":\"Startseite\",\"item\":\"https:\\\/\\\/blog.proclima.com\\\/de\\\/\"},{\"@type\":\"ListItem\",\"position\":2,\"name\":\"BAU 2017: Was gibt es Neues bei pro clima?\"}]},{\"@type\":\"WebSite\",\"@id\":\"https:\\\/\\\/blog.proclima.com\\\/de\\\/#website\",\"url\":\"https:\\\/\\\/blog.proclima.com\\\/de\\\/\",\"name\":\"pro clima Blog - Deutschland\",\"description\":\"alles was pro clima bewegt\",\"publisher\":{\"@id\":\"https:\\\/\\\/blog.proclima.com\\\/de\\\/#organization\"},\"potentialAction\":[{\"@type\":\"SearchAction\",\"target\":{\"@type\":\"EntryPoint\",\"urlTemplate\":\"https:\\\/\\\/blog.proclima.com\\\/de\\\/?s={search_term_string}\"},\"query-input\":{\"@type\":\"PropertyValueSpecification\",\"valueRequired\":true,\"valueName\":\"search_term_string\"}}],\"inLanguage\":\"de\"},{\"@type\":\"Organization\",\"@id\":\"https:\\\/\\\/blog.proclima.com\\\/de\\\/#organization\",\"name\":\"pro clima - Moll bau\u00f6kologische Produkte GmbH\",\"url\":\"https:\\\/\\\/blog.proclima.com\\\/de\\\/\",\"logo\":{\"@type\":\"ImageObject\",\"inLanguage\":\"de\",\"@id\":\"https:\\\/\\\/blog.proclima.com\\\/de\\\/#\\\/schema\\\/logo\\\/image\\\/\",\"url\":\"https:\\\/\\\/blog.proclima.com\\\/de\\\/files\\\/2020\\\/04\\\/Logo-pro-clima.png\",\"contentUrl\":\"https:\\\/\\\/blog.proclima.com\\\/de\\\/files\\\/2020\\\/04\\\/Logo-pro-clima.png\",\"width\":4210,\"height\":4881,\"caption\":\"pro clima - Moll bau\u00f6kologische Produkte GmbH\"},\"image\":{\"@id\":\"https:\\\/\\\/blog.proclima.com\\\/de\\\/#\\\/schema\\\/logo\\\/image\\\/\"},\"sameAs\":[\"https:\\\/\\\/www.facebook.com\\\/proclima\",\"https:\\\/\\\/x.com\\\/proclimaDE\"]},{\"@type\":\"Person\",\"@id\":\"https:\\\/\\\/blog.proclima.com\\\/de\\\/#\\\/schema\\\/person\\\/5537f09a0342a4a72283791f5f8460b1\",\"name\":\"Cornelia L\u00e4ssing\",\"description\":\"Cornelia L\u00e4ssing ist ausgebildete Mediengestalterin und hat sich auf Online-Marketing spezialisiert. Sie betreut u.a. die Social Media Kan\u00e4le von pro clima. Sie ist zudem verantwortlich f\u00fcr die Online-Seminare der pro clima Wissenswerkstatt \u2013 hier wird Bau-Wissen unterhaltsam und einpr\u00e4gend vermittelt.\",\"sameAs\":[\"https:\\\/\\\/www.facebook.com\\\/cornelia.laessing\",\"https:\\\/\\\/www.linkedin.com\\\/in\\\/cornelia-lssing\\\/\",\"https:\\\/\\\/x.com\\\/connylaessing\"],\"url\":\"https:\\\/\\\/blog.proclima.com\\\/de\\\/author\\\/cornelia\\\/\"}]}<\/script>\n<!-- \/ Yoast SEO plugin. -->","yoast_head_json":{"title":"BAU 2017: Was gibt es Neues bei pro clima? &#187; pro clima Blog - Deutschland","robots":{"index":"index","follow":"follow","max-snippet":"max-snippet:-1","max-image-preview":"max-image-preview:large","max-video-preview":"max-video-preview:-1"},"canonical":"https:\/\/blog.proclima.com\/de\/2017\/01\/bau-2017-was-gibt-es-neues-bei-pro-clima\/","og_locale":"de_DE","og_type":"article","og_title":"BAU 2017: Was gibt es Neues bei pro clima? &#187; pro clima Blog - Deutschland","og_description":"pro clima ist auch 2017 auf der BAU pr\u00e4sent. Am Stand 200 in Halle B6 erfahren die Besucher alles rund um die sichere Dichtung der ...","og_url":"https:\/\/blog.proclima.com\/de\/2017\/01\/bau-2017-was-gibt-es-neues-bei-pro-clima\/","og_site_name":"pro clima Blog - Deutschland","article_publisher":"https:\/\/www.facebook.com\/proclima","article_author":"https:\/\/www.facebook.com\/cornelia.laessing","article_published_time":"2017-01-19T22:34:18+00:00","article_modified_time":"2017-01-23T10:35:32+00:00","author":"Cornelia L\u00e4ssing","twitter_card":"summary_large_image","twitter_creator":"@connylaessing","twitter_site":"@proclimaDE","twitter_misc":{"Verfasst von":"Cornelia L\u00e4ssing","Gesch\u00e4tzte Lesezeit":"1\u00a0Minute"},"schema":{"@context":"https:\/\/schema.org","@graph":[{"@type":"Article","@id":"https:\/\/blog.proclima.com\/de\/2017\/01\/bau-2017-was-gibt-es-neues-bei-pro-clima\/#article","isPartOf":{"@id":"https:\/\/blog.proclima.com\/de\/2017\/01\/bau-2017-was-gibt-es-neues-bei-pro-clima\/"},"author":{"name":"Cornelia L\u00e4ssing","@id":"https:\/\/blog.proclima.com\/de\/#\/schema\/person\/5537f09a0342a4a72283791f5f8460b1"},"headline":"BAU 2017: Was gibt es Neues bei pro clima?","datePublished":"2017-01-19T22:34:18+00:00","dateModified":"2017-01-23T10:35:32+00:00","mainEntityOfPage":{"@id":"https:\/\/blog.proclima.com\/de\/2017\/01\/bau-2017-was-gibt-es-neues-bei-pro-clima\/"},"wordCount":203,"commentCount":0,"publisher":{"@id":"https:\/\/blog.proclima.com\/de\/#organization"},"keywords":["Anschlusskleber","BAU 2017","Fachverband Luftdichtheit im Bauwesen","FliB","frostsicher","Hydrosafe-Wert","Messestand","Michael F\u00f6rster","Neuheiten","Oliver Goldau","Oliver Solcher","Produktneuheiten","Stefan H\u00fcckst\u00e4dt","Winterbaustelle"],"articleSection":["pro clima"],"inLanguage":"de","potentialAction":[{"@type":"CommentAction","name":"Comment","target":["https:\/\/blog.proclima.com\/de\/2017\/01\/bau-2017-was-gibt-es-neues-bei-pro-clima\/#respond"]}]},{"@type":"WebPage","@id":"https:\/\/blog.proclima.com\/de\/2017\/01\/bau-2017-was-gibt-es-neues-bei-pro-clima\/","url":"https:\/\/blog.proclima.com\/de\/2017\/01\/bau-2017-was-gibt-es-neues-bei-pro-clima\/","name":"BAU 2017: Was gibt es Neues bei pro clima? &#187; pro clima Blog - Deutschland","isPartOf":{"@id":"https:\/\/blog.proclima.com\/de\/#website"},"datePublished":"2017-01-19T22:34:18+00:00","dateModified":"2017-01-23T10:35:32+00:00","breadcrumb":{"@id":"https:\/\/blog.proclima.com\/de\/2017\/01\/bau-2017-was-gibt-es-neues-bei-pro-clima\/#breadcrumb"},"inLanguage":"de","potentialAction":[{"@type":"ReadAction","target":["https:\/\/blog.proclima.com\/de\/2017\/01\/bau-2017-was-gibt-es-neues-bei-pro-clima\/"]}]},{"@type":"BreadcrumbList","@id":"https:\/\/blog.proclima.com\/de\/2017\/01\/bau-2017-was-gibt-es-neues-bei-pro-clima\/#breadcrumb","itemListElement":[{"@type":"ListItem","position":1,"name":"Startseite","item":"https:\/\/blog.proclima.com\/de\/"},{"@type":"ListItem","position":2,"name":"BAU 2017: Was gibt es Neues bei pro clima?"}]},{"@type":"WebSite","@id":"https:\/\/blog.proclima.com\/de\/#website","url":"https:\/\/blog.proclima.com\/de\/","name":"pro clima Blog - Deutschland","description":"alles was pro clima bewegt","publisher":{"@id":"https:\/\/blog.proclima.com\/de\/#organization"},"potentialAction":[{"@type":"SearchAction","target":{"@type":"EntryPoint","urlTemplate":"https:\/\/blog.proclima.com\/de\/?s={search_term_string}"},"query-input":{"@type":"PropertyValueSpecification","valueRequired":true,"valueName":"search_term_string"}}],"inLanguage":"de"},{"@type":"Organization","@id":"https:\/\/blog.proclima.com\/de\/#organization","name":"pro clima - Moll bau\u00f6kologische Produkte GmbH","url":"https:\/\/blog.proclima.com\/de\/","logo":{"@type":"ImageObject","inLanguage":"de","@id":"https:\/\/blog.proclima.com\/de\/#\/schema\/logo\/image\/","url":"https:\/\/blog.proclima.com\/de\/files\/2020\/04\/Logo-pro-clima.png","contentUrl":"https:\/\/blog.proclima.com\/de\/files\/2020\/04\/Logo-pro-clima.png","width":4210,"height":4881,"caption":"pro clima - Moll bau\u00f6kologische Produkte GmbH"},"image":{"@id":"https:\/\/blog.proclima.com\/de\/#\/schema\/logo\/image\/"},"sameAs":["https:\/\/www.facebook.com\/proclima","https:\/\/x.com\/proclimaDE"]},{"@type":"Person","@id":"https:\/\/blog.proclima.com\/de\/#\/schema\/person\/5537f09a0342a4a72283791f5f8460b1","name":"Cornelia L\u00e4ssing","description":"Cornelia L\u00e4ssing ist ausgebildete Mediengestalterin und hat sich auf Online-Marketing spezialisiert. Sie betreut u.a. die Social Media Kan\u00e4le von pro clima. Sie ist zudem verantwortlich f\u00fcr die Online-Seminare der pro clima Wissenswerkstatt \u2013 hier wird Bau-Wissen unterhaltsam und einpr\u00e4gend vermittelt.","sameAs":["https:\/\/www.facebook.com\/cornelia.laessing","https:\/\/www.linkedin.com\/in\/cornelia-lssing\/","https:\/\/x.com\/connylaessing"],"url":"https:\/\/blog.proclima.com\/de\/author\/cornelia\/"}]}},"canto_acf_fields":"","_links":{"self":[{"href":"https:\/\/blog.proclima.com\/de\/wp-json\/wp\/v2\/posts\/6745","targetHints":{"allow":["GET"]}}],"collection":[{"href":"https:\/\/blog.proclima.com\/de\/wp-json\/wp\/v2\/posts"}],"about":[{"href":"https:\/\/blog.proclima.com\/de\/wp-json\/wp\/v2\/types\/post"}],"author":[{"embeddable":true,"href":"https:\/\/blog.proclima.com\/de\/wp-json\/wp\/v2\/users\/31"}],"replies":[{"embeddable":true,"href":"https:\/\/blog.proclima.com\/de\/wp-json\/wp\/v2\/comments?post=6745"}],"version-history":[{"count":11,"href":"https:\/\/blog.proclima.com\/de\/wp-json\/wp\/v2\/posts\/6745\/revisions"}],"predecessor-version":[{"id":6760,"href":"https:\/\/blog.proclima.com\/de\/wp-json\/wp\/v2\/posts\/6745\/revisions\/6760"}],"wp:attachment":[{"href":"https:\/\/blog.proclima.com\/de\/wp-json\/wp\/v2\/media?parent=6745"}],"wp:term":[{"taxonomy":"category","embeddable":true,"href":"https:\/\/blog.proclima.com\/de\/wp-json\/wp\/v2\/categories?post=6745"},{"taxonomy":"post_tag","embeddable":true,"href":"https:\/\/blog.proclima.com\/de\/wp-json\/wp\/v2\/tags?post=6745"}],"curies":[{"name":"wp","href":"https:\/\/api.w.org\/{rel}","templated":true}]}}