
{"id":6731,"date":"2017-01-17T07:00:23","date_gmt":"2017-01-17T06:00:23","guid":{"rendered":"http:\/\/blog.proclima.com\/de\/?p=6731"},"modified":"2017-11-16T16:22:52","modified_gmt":"2017-11-16T15:22:52","slug":"schnittstelle-baustelle-2017","status":"publish","type":"post","link":"https:\/\/blog.proclima.com\/de\/2017\/01\/schnittstelle-baustelle-2017\/","title":{"rendered":"Schnittstelle Baustelle 2017: Antworten f\u00fcr fachgerechtes Bauen: Dachterrasse mit barrierefreiem Zugang"},"content":{"rendered":"<p><strong>Schnittstelle Baustelle l\u00f6st hei\u00df diskutiertes Anschlussdetail am 15. M\u00e4rz in S\u00fcddeutschland<\/strong><\/p>\n<p>Die fachgerechte Planung und Ausf\u00fchrung von bestimmten Details ist schwierig, weil Normen, Gesetze, Bauphysik und Kundenw\u00fcnsche manchmal kollidieren. Die gewerke\u00fcbergreifende Kompaktschulung Schnittstelle Baustelle l\u00f6st dieses Jahr ein Detail, das aktuell in der Baubranche stark diskutiert wird: Den barrierefreien Zugang auf eine Dachterrasse \u00fcber einem Flachdach in Holzbauweise. Schnittstelle Baustelle wird am 15. M\u00e4rz 2017 in Blaubeuren stattfinden. Anmeldungen sind ab sofort m\u00f6glich.<\/p>\n<figure id=\"attachment_6726\" aria-describedby=\"caption-attachment-6726\" style=\"width: 300px\" class=\"wp-caption alignleft\"><a href=\"https:\/\/blog.proclima.com\/de\/files\/2017\/01\/2017_SchnittstelleBaustelle.jpg\"><img loading=\"lazy\" decoding=\"async\" class=\"wp-image-6726 size-medium\" src=\"https:\/\/blog.proclima.com\/de\/files\/2017\/01\/2017_SchnittstelleBaustelle-300x200.jpg\" width=\"300\" height=\"200\" srcset=\"https:\/\/blog.proclima.com\/de\/files\/2017\/01\/2017_SchnittstelleBaustelle-300x200.jpg 300w, https:\/\/blog.proclima.com\/de\/files\/2017\/01\/2017_SchnittstelleBaustelle-1024x683.jpg 1024w, https:\/\/blog.proclima.com\/de\/files\/2017\/01\/2017_SchnittstelleBaustelle-768x512.jpg 768w, https:\/\/blog.proclima.com\/de\/files\/2017\/01\/2017_SchnittstelleBaustelle-1536x1024.jpg 1536w, https:\/\/blog.proclima.com\/de\/files\/2017\/01\/2017_SchnittstelleBaustelle-2048x1365.jpg 2048w, https:\/\/blog.proclima.com\/de\/files\/2017\/01\/2017_SchnittstelleBaustelle-384x256.jpg 384w\" sizes=\"auto, (max-width: 300px) 100vw, 300px\" \/><\/a><figcaption id=\"caption-attachment-6726\" class=\"wp-caption-text\">Die beliebte gewerke\u00fcbergreifende Schulung Schnittstelle Baustelle besch\u00e4ftigt sich dieses Jahr mit dem barrierefreien Zugang auf eine Dachterrasse. Alle Details werden live mitgefilmt und auf eine Leinwand \u00fcbertragen. Bildquelle: MOLL pro clima<\/figcaption><\/figure>\n<p>Der barrierefreie Zugang ist eine Herausforderung, weil es zum einen den stufenlosen \u00dcbergang erfordert. Zum anderen muss der Schutz von Konstruktion und Wohnraum gew\u00e4hrleistet sein. Dies ist eine anspruchsvolle Aufgabe, die bereits in der Planung im Detail gel\u00f6st werden sollte\u201c, sagt MOLL pro clima Gesch\u00e4ftsf\u00fchrer Uwe Bartholom\u00e4i: \u201eBarrierefreies Bauen ist nicht nur in der Zukunft, sondern auch schon in der Gegenwart Realit\u00e4t. Schlie\u00dflich werden im Jahr 2030 mehr als ein Drittel der Menschen in Deutschland \u00e4lter als 60 Jahre sein.\u201c<!--more--><\/p>\n<p>Die gewerke\u00fcbergreifende Fachschulung wurde vor sechs Jahren von pro clima und Inthermo initiiert. Seitdem bieten pro clima, der Spezialist f\u00fcr die Luftdichtung innen und Winddichtungen au\u00dfen, und Inthermo \u2013 Hersteller von \u00f6kologischen W\u00e4rmed\u00e4mmverbundsystemen \u2013 Praxisworkshops an, die bestimmte Details beleuchten. Dieses Jahr sind auch die Teams von Wolfin Bautechnik, Spezialist f\u00fcr Flachdachabdichtungen, und Alumat, Hersteller von dichten T\u00fcr\u00fcberg\u00e4ngen ohne Schwelle, dabei. Als Ausstellungspartner fungiert die Firma Mayr-Melnhof Holz Leoben GmbH.<\/p>\n<p>Dieses Jahr konzentriert sich das Schnittstelle-Baustelle Team auf eine Veranstaltung und ein Detail: Die Referenten aus Theorie und Praxis betrachten an einem Modell die Schnittstellen des Flachdachs und zeigen, wie Planer und Handwerker eine Dachterrasse mit barrierefreiem Zugang bei dieser Konstruktion umsetzen k\u00f6nnen. Eine Kamera \u00fcbertr\u00e4gt live die einzelnen Handgriffe auf eine Leinwand.<\/p>\n<p>Die Veranstaltung wird f\u00fcr die Eintragung bzw. Verl\u00e4ngerung der <span id=\"Rahmen2\" dir=\"ltr\"><\/span>Energieeffizienz-Expertenliste f\u00fcr F\u00f6rderprogramme des Bundes mit 9 Unterrichtseinheiten (Wohngeb\u00e4ude), 9 Unterrichtseinheiten (Energieberatung im Mittelstand), 9 Unterrichtseinheiten (Nichtwohngeb\u00e4ude) angerechnet.<\/p>\n<p><strong>Anmeldung und Programm:<\/strong><br \/>\n<a href=\"https:\/\/www.schnittstelle-baustelle.de\/\">https:\/\/www.schnittstelle-baustelle.de\/<\/a><\/p>\n<p><strong>Diese Pressemitteilung als PDF:<br \/>\n<\/strong><a href=\"https:\/\/blog.proclima.com\/de\/files\/2017\/01\/2017_02_PM_Schnittstelle-Baustelle-2017.pdf\">2017_02_PM_Schnittstelle Baustelle 2017<\/a><\/p>\n<p>Pressekontakt:<br \/>\nHeide Gentner<br \/>\nFon: 0 62 02 \u2013 27 82.56<br \/>\nheide.gentner@proclima.de<\/p>\n","protected":false},"excerpt":{"rendered":"<p>Schnittstelle Baustelle l\u00f6st hei\u00df diskutiertes Anschlussdetail am 15. M\u00e4rz in S\u00fcddeutschland Die fachgerechte Planung und Ausf\u00fchrung von bestimmten Details ist schwierig, weil Normen, Gesetze, Bauphysik <a href=\"https:\/\/blog.proclima.com\/de\/2017\/01\/schnittstelle-baustelle-2017\/\" rel=\"bookmark\">&#8230;<\/a><\/p>\n","protected":false},"author":17,"featured_media":0,"comment_status":"open","ping_status":"open","sticky":false,"template":"","format":"standard","meta":{"footnotes":""},"categories":[136,440],"tags":[1267,1266,1268,906,1265],"class_list":["post-6731","post","type-post","status-publish","format-standard","hentry","category-pressemitteilung","category-schnittstelle-baustelle","tag-barrierefreien-zugang","tag-blaubeuren","tag-dachterrasse","tag-schnittstelle-baustelle","tag-schnittstelle-baustelle-2017"],"yoast_head":"<!-- This site is optimized with the Yoast SEO plugin v27.5 - https:\/\/yoast.com\/product\/yoast-seo-wordpress\/ -->\n<title>Schnittstelle Baustelle 2017: Antworten f\u00fcr fachgerechtes Bauen: Dachterrasse mit barrierefreiem Zugang &#187; pro clima Blog - Deutschland<\/title>\n<meta name=\"robots\" content=\"index, follow, max-snippet:-1, max-image-preview:large, max-video-preview:-1\" \/>\n<link rel=\"canonical\" href=\"https:\/\/blog.proclima.com\/de\/2017\/01\/schnittstelle-baustelle-2017\/\" \/>\n<meta property=\"og:locale\" content=\"de_DE\" \/>\n<meta property=\"og:type\" content=\"article\" \/>\n<meta property=\"og:title\" content=\"Schnittstelle Baustelle 2017: Antworten f\u00fcr fachgerechtes Bauen: Dachterrasse mit barrierefreiem Zugang &#187; pro clima Blog - Deutschland\" \/>\n<meta property=\"og:description\" content=\"Schnittstelle Baustelle l\u00f6st hei\u00df diskutiertes Anschlussdetail am 15. M\u00e4rz in S\u00fcddeutschland Die fachgerechte Planung und Ausf\u00fchrung von bestimmten Details ist schwierig, weil Normen, Gesetze, Bauphysik ...\" \/>\n<meta property=\"og:url\" content=\"https:\/\/blog.proclima.com\/de\/2017\/01\/schnittstelle-baustelle-2017\/\" \/>\n<meta property=\"og:site_name\" content=\"pro clima Blog - Deutschland\" \/>\n<meta property=\"article:publisher\" content=\"https:\/\/www.facebook.com\/proclima\" \/>\n<meta property=\"article:published_time\" content=\"2017-01-17T06:00:23+00:00\" \/>\n<meta property=\"article:modified_time\" content=\"2017-11-16T15:22:52+00:00\" \/>\n<meta property=\"og:image\" content=\"https:\/\/blog.proclima.com\/de\/files\/2017\/01\/2017_SchnittstelleBaustelle-scaled.jpg\" \/>\n\t<meta property=\"og:image:width\" content=\"2560\" \/>\n\t<meta property=\"og:image:height\" content=\"1707\" \/>\n\t<meta property=\"og:image:type\" content=\"image\/jpeg\" \/>\n<meta name=\"author\" content=\"Julia Metzger\" \/>\n<meta name=\"twitter:card\" content=\"summary_large_image\" \/>\n<meta name=\"twitter:creator\" content=\"@proclimaDE\" \/>\n<meta name=\"twitter:site\" content=\"@proclimaDE\" \/>\n<meta name=\"twitter:label1\" content=\"Verfasst von\" \/>\n\t<meta name=\"twitter:data1\" content=\"Julia Metzger\" \/>\n\t<meta name=\"twitter:label2\" content=\"Gesch\u00e4tzte Lesezeit\" \/>\n\t<meta name=\"twitter:data2\" content=\"2\u00a0Minuten\" \/>\n<script type=\"application\/ld+json\" class=\"yoast-schema-graph\">{\"@context\":\"https:\\\/\\\/schema.org\",\"@graph\":[{\"@type\":\"Article\",\"@id\":\"https:\\\/\\\/blog.proclima.com\\\/de\\\/2017\\\/01\\\/schnittstelle-baustelle-2017\\\/#article\",\"isPartOf\":{\"@id\":\"https:\\\/\\\/blog.proclima.com\\\/de\\\/2017\\\/01\\\/schnittstelle-baustelle-2017\\\/\"},\"author\":{\"name\":\"Julia Metzger\",\"@id\":\"https:\\\/\\\/blog.proclima.com\\\/de\\\/#\\\/schema\\\/person\\\/2cc86d57b4e91b6c23ab77b2ada44b16\"},\"headline\":\"Schnittstelle Baustelle 2017: Antworten f\u00fcr fachgerechtes Bauen: Dachterrasse mit barrierefreiem Zugang\",\"datePublished\":\"2017-01-17T06:00:23+00:00\",\"dateModified\":\"2017-11-16T15:22:52+00:00\",\"mainEntityOfPage\":{\"@id\":\"https:\\\/\\\/blog.proclima.com\\\/de\\\/2017\\\/01\\\/schnittstelle-baustelle-2017\\\/\"},\"wordCount\":399,\"commentCount\":0,\"publisher\":{\"@id\":\"https:\\\/\\\/blog.proclima.com\\\/de\\\/#organization\"},\"image\":{\"@id\":\"https:\\\/\\\/blog.proclima.com\\\/de\\\/2017\\\/01\\\/schnittstelle-baustelle-2017\\\/#primaryimage\"},\"thumbnailUrl\":\"https:\\\/\\\/blog.proclima.com\\\/de\\\/files\\\/2017\\\/01\\\/2017_SchnittstelleBaustelle-300x200.jpg\",\"keywords\":[\"barrierefreien Zugang\",\"Blaubeuren\",\"Dachterrasse\",\"Schnittstelle Baustelle\",\"Schnittstelle Baustelle 2017\"],\"articleSection\":[\"Pressemitteilungen\",\"Schnittstelle Baustelle\"],\"inLanguage\":\"de\",\"potentialAction\":[{\"@type\":\"CommentAction\",\"name\":\"Comment\",\"target\":[\"https:\\\/\\\/blog.proclima.com\\\/de\\\/2017\\\/01\\\/schnittstelle-baustelle-2017\\\/#respond\"]}]},{\"@type\":\"WebPage\",\"@id\":\"https:\\\/\\\/blog.proclima.com\\\/de\\\/2017\\\/01\\\/schnittstelle-baustelle-2017\\\/\",\"url\":\"https:\\\/\\\/blog.proclima.com\\\/de\\\/2017\\\/01\\\/schnittstelle-baustelle-2017\\\/\",\"name\":\"Schnittstelle Baustelle 2017: Antworten f\u00fcr fachgerechtes Bauen: Dachterrasse mit barrierefreiem Zugang &#187; pro clima Blog - Deutschland\",\"isPartOf\":{\"@id\":\"https:\\\/\\\/blog.proclima.com\\\/de\\\/#website\"},\"primaryImageOfPage\":{\"@id\":\"https:\\\/\\\/blog.proclima.com\\\/de\\\/2017\\\/01\\\/schnittstelle-baustelle-2017\\\/#primaryimage\"},\"image\":{\"@id\":\"https:\\\/\\\/blog.proclima.com\\\/de\\\/2017\\\/01\\\/schnittstelle-baustelle-2017\\\/#primaryimage\"},\"thumbnailUrl\":\"https:\\\/\\\/blog.proclima.com\\\/de\\\/files\\\/2017\\\/01\\\/2017_SchnittstelleBaustelle-300x200.jpg\",\"datePublished\":\"2017-01-17T06:00:23+00:00\",\"dateModified\":\"2017-11-16T15:22:52+00:00\",\"breadcrumb\":{\"@id\":\"https:\\\/\\\/blog.proclima.com\\\/de\\\/2017\\\/01\\\/schnittstelle-baustelle-2017\\\/#breadcrumb\"},\"inLanguage\":\"de\",\"potentialAction\":[{\"@type\":\"ReadAction\",\"target\":[\"https:\\\/\\\/blog.proclima.com\\\/de\\\/2017\\\/01\\\/schnittstelle-baustelle-2017\\\/\"]}]},{\"@type\":\"ImageObject\",\"inLanguage\":\"de\",\"@id\":\"https:\\\/\\\/blog.proclima.com\\\/de\\\/2017\\\/01\\\/schnittstelle-baustelle-2017\\\/#primaryimage\",\"url\":\"https:\\\/\\\/blog.proclima.com\\\/de\\\/files\\\/2017\\\/01\\\/2017_SchnittstelleBaustelle-scaled.jpg\",\"contentUrl\":\"https:\\\/\\\/blog.proclima.com\\\/de\\\/files\\\/2017\\\/01\\\/2017_SchnittstelleBaustelle-scaled.jpg\",\"width\":2560,\"height\":1707,\"caption\":\"Die beliebte gewerke\u00fcbergreifende Schulung Schnittstelle Baustelle besch\u00e4ftigt sich dieses Jahr mit dem barrierefreien Zugang auf eine Dachterrasse. Alle Details werden live mitgefilmt und auf eine Leinwand \u00fcbertragen. Bildquelle: MOLL pro clima\"},{\"@type\":\"BreadcrumbList\",\"@id\":\"https:\\\/\\\/blog.proclima.com\\\/de\\\/2017\\\/01\\\/schnittstelle-baustelle-2017\\\/#breadcrumb\",\"itemListElement\":[{\"@type\":\"ListItem\",\"position\":1,\"name\":\"Startseite\",\"item\":\"https:\\\/\\\/blog.proclima.com\\\/de\\\/\"},{\"@type\":\"ListItem\",\"position\":2,\"name\":\"Schnittstelle Baustelle 2017: Antworten f\u00fcr fachgerechtes Bauen: Dachterrasse mit barrierefreiem Zugang\"}]},{\"@type\":\"WebSite\",\"@id\":\"https:\\\/\\\/blog.proclima.com\\\/de\\\/#website\",\"url\":\"https:\\\/\\\/blog.proclima.com\\\/de\\\/\",\"name\":\"pro clima Blog - Deutschland\",\"description\":\"alles was pro clima bewegt\",\"publisher\":{\"@id\":\"https:\\\/\\\/blog.proclima.com\\\/de\\\/#organization\"},\"potentialAction\":[{\"@type\":\"SearchAction\",\"target\":{\"@type\":\"EntryPoint\",\"urlTemplate\":\"https:\\\/\\\/blog.proclima.com\\\/de\\\/?s={search_term_string}\"},\"query-input\":{\"@type\":\"PropertyValueSpecification\",\"valueRequired\":true,\"valueName\":\"search_term_string\"}}],\"inLanguage\":\"de\"},{\"@type\":\"Organization\",\"@id\":\"https:\\\/\\\/blog.proclima.com\\\/de\\\/#organization\",\"name\":\"pro clima - Moll bau\u00f6kologische Produkte GmbH\",\"url\":\"https:\\\/\\\/blog.proclima.com\\\/de\\\/\",\"logo\":{\"@type\":\"ImageObject\",\"inLanguage\":\"de\",\"@id\":\"https:\\\/\\\/blog.proclima.com\\\/de\\\/#\\\/schema\\\/logo\\\/image\\\/\",\"url\":\"https:\\\/\\\/blog.proclima.com\\\/de\\\/files\\\/2020\\\/04\\\/Logo-pro-clima.png\",\"contentUrl\":\"https:\\\/\\\/blog.proclima.com\\\/de\\\/files\\\/2020\\\/04\\\/Logo-pro-clima.png\",\"width\":4210,\"height\":4881,\"caption\":\"pro clima - Moll bau\u00f6kologische Produkte GmbH\"},\"image\":{\"@id\":\"https:\\\/\\\/blog.proclima.com\\\/de\\\/#\\\/schema\\\/logo\\\/image\\\/\"},\"sameAs\":[\"https:\\\/\\\/www.facebook.com\\\/proclima\",\"https:\\\/\\\/x.com\\\/proclimaDE\"]},{\"@type\":\"Person\",\"@id\":\"https:\\\/\\\/blog.proclima.com\\\/de\\\/#\\\/schema\\\/person\\\/2cc86d57b4e91b6c23ab77b2ada44b16\",\"name\":\"Julia Metzger\",\"url\":\"https:\\\/\\\/blog.proclima.com\\\/de\\\/author\\\/metzger\\\/\"}]}<\/script>\n<!-- \/ Yoast SEO plugin. -->","yoast_head_json":{"title":"Schnittstelle Baustelle 2017: Antworten f\u00fcr fachgerechtes Bauen: Dachterrasse mit barrierefreiem Zugang &#187; pro clima Blog - Deutschland","robots":{"index":"index","follow":"follow","max-snippet":"max-snippet:-1","max-image-preview":"max-image-preview:large","max-video-preview":"max-video-preview:-1"},"canonical":"https:\/\/blog.proclima.com\/de\/2017\/01\/schnittstelle-baustelle-2017\/","og_locale":"de_DE","og_type":"article","og_title":"Schnittstelle Baustelle 2017: Antworten f\u00fcr fachgerechtes Bauen: Dachterrasse mit barrierefreiem Zugang &#187; pro clima Blog - Deutschland","og_description":"Schnittstelle Baustelle l\u00f6st hei\u00df diskutiertes Anschlussdetail am 15. M\u00e4rz in S\u00fcddeutschland Die fachgerechte Planung und Ausf\u00fchrung von bestimmten Details ist schwierig, weil Normen, Gesetze, Bauphysik ...","og_url":"https:\/\/blog.proclima.com\/de\/2017\/01\/schnittstelle-baustelle-2017\/","og_site_name":"pro clima Blog - Deutschland","article_publisher":"https:\/\/www.facebook.com\/proclima","article_published_time":"2017-01-17T06:00:23+00:00","article_modified_time":"2017-11-16T15:22:52+00:00","og_image":[{"width":2560,"height":1707,"url":"https:\/\/blog.proclima.com\/de\/files\/2017\/01\/2017_SchnittstelleBaustelle-scaled.jpg","type":"image\/jpeg"}],"author":"Julia Metzger","twitter_card":"summary_large_image","twitter_creator":"@proclimaDE","twitter_site":"@proclimaDE","twitter_misc":{"Verfasst von":"Julia Metzger","Gesch\u00e4tzte Lesezeit":"2\u00a0Minuten"},"schema":{"@context":"https:\/\/schema.org","@graph":[{"@type":"Article","@id":"https:\/\/blog.proclima.com\/de\/2017\/01\/schnittstelle-baustelle-2017\/#article","isPartOf":{"@id":"https:\/\/blog.proclima.com\/de\/2017\/01\/schnittstelle-baustelle-2017\/"},"author":{"name":"Julia Metzger","@id":"https:\/\/blog.proclima.com\/de\/#\/schema\/person\/2cc86d57b4e91b6c23ab77b2ada44b16"},"headline":"Schnittstelle Baustelle 2017: Antworten f\u00fcr fachgerechtes Bauen: Dachterrasse mit barrierefreiem Zugang","datePublished":"2017-01-17T06:00:23+00:00","dateModified":"2017-11-16T15:22:52+00:00","mainEntityOfPage":{"@id":"https:\/\/blog.proclima.com\/de\/2017\/01\/schnittstelle-baustelle-2017\/"},"wordCount":399,"commentCount":0,"publisher":{"@id":"https:\/\/blog.proclima.com\/de\/#organization"},"image":{"@id":"https:\/\/blog.proclima.com\/de\/2017\/01\/schnittstelle-baustelle-2017\/#primaryimage"},"thumbnailUrl":"https:\/\/blog.proclima.com\/de\/files\/2017\/01\/2017_SchnittstelleBaustelle-300x200.jpg","keywords":["barrierefreien Zugang","Blaubeuren","Dachterrasse","Schnittstelle Baustelle","Schnittstelle Baustelle 2017"],"articleSection":["Pressemitteilungen","Schnittstelle Baustelle"],"inLanguage":"de","potentialAction":[{"@type":"CommentAction","name":"Comment","target":["https:\/\/blog.proclima.com\/de\/2017\/01\/schnittstelle-baustelle-2017\/#respond"]}]},{"@type":"WebPage","@id":"https:\/\/blog.proclima.com\/de\/2017\/01\/schnittstelle-baustelle-2017\/","url":"https:\/\/blog.proclima.com\/de\/2017\/01\/schnittstelle-baustelle-2017\/","name":"Schnittstelle Baustelle 2017: Antworten f\u00fcr fachgerechtes Bauen: Dachterrasse mit barrierefreiem Zugang &#187; pro clima Blog - Deutschland","isPartOf":{"@id":"https:\/\/blog.proclima.com\/de\/#website"},"primaryImageOfPage":{"@id":"https:\/\/blog.proclima.com\/de\/2017\/01\/schnittstelle-baustelle-2017\/#primaryimage"},"image":{"@id":"https:\/\/blog.proclima.com\/de\/2017\/01\/schnittstelle-baustelle-2017\/#primaryimage"},"thumbnailUrl":"https:\/\/blog.proclima.com\/de\/files\/2017\/01\/2017_SchnittstelleBaustelle-300x200.jpg","datePublished":"2017-01-17T06:00:23+00:00","dateModified":"2017-11-16T15:22:52+00:00","breadcrumb":{"@id":"https:\/\/blog.proclima.com\/de\/2017\/01\/schnittstelle-baustelle-2017\/#breadcrumb"},"inLanguage":"de","potentialAction":[{"@type":"ReadAction","target":["https:\/\/blog.proclima.com\/de\/2017\/01\/schnittstelle-baustelle-2017\/"]}]},{"@type":"ImageObject","inLanguage":"de","@id":"https:\/\/blog.proclima.com\/de\/2017\/01\/schnittstelle-baustelle-2017\/#primaryimage","url":"https:\/\/blog.proclima.com\/de\/files\/2017\/01\/2017_SchnittstelleBaustelle-scaled.jpg","contentUrl":"https:\/\/blog.proclima.com\/de\/files\/2017\/01\/2017_SchnittstelleBaustelle-scaled.jpg","width":2560,"height":1707,"caption":"Die beliebte gewerke\u00fcbergreifende Schulung Schnittstelle Baustelle besch\u00e4ftigt sich dieses Jahr mit dem barrierefreien Zugang auf eine Dachterrasse. Alle Details werden live mitgefilmt und auf eine Leinwand \u00fcbertragen. Bildquelle: MOLL pro clima"},{"@type":"BreadcrumbList","@id":"https:\/\/blog.proclima.com\/de\/2017\/01\/schnittstelle-baustelle-2017\/#breadcrumb","itemListElement":[{"@type":"ListItem","position":1,"name":"Startseite","item":"https:\/\/blog.proclima.com\/de\/"},{"@type":"ListItem","position":2,"name":"Schnittstelle Baustelle 2017: Antworten f\u00fcr fachgerechtes Bauen: Dachterrasse mit barrierefreiem Zugang"}]},{"@type":"WebSite","@id":"https:\/\/blog.proclima.com\/de\/#website","url":"https:\/\/blog.proclima.com\/de\/","name":"pro clima Blog - Deutschland","description":"alles was pro clima bewegt","publisher":{"@id":"https:\/\/blog.proclima.com\/de\/#organization"},"potentialAction":[{"@type":"SearchAction","target":{"@type":"EntryPoint","urlTemplate":"https:\/\/blog.proclima.com\/de\/?s={search_term_string}"},"query-input":{"@type":"PropertyValueSpecification","valueRequired":true,"valueName":"search_term_string"}}],"inLanguage":"de"},{"@type":"Organization","@id":"https:\/\/blog.proclima.com\/de\/#organization","name":"pro clima - Moll bau\u00f6kologische Produkte GmbH","url":"https:\/\/blog.proclima.com\/de\/","logo":{"@type":"ImageObject","inLanguage":"de","@id":"https:\/\/blog.proclima.com\/de\/#\/schema\/logo\/image\/","url":"https:\/\/blog.proclima.com\/de\/files\/2020\/04\/Logo-pro-clima.png","contentUrl":"https:\/\/blog.proclima.com\/de\/files\/2020\/04\/Logo-pro-clima.png","width":4210,"height":4881,"caption":"pro clima - Moll bau\u00f6kologische Produkte GmbH"},"image":{"@id":"https:\/\/blog.proclima.com\/de\/#\/schema\/logo\/image\/"},"sameAs":["https:\/\/www.facebook.com\/proclima","https:\/\/x.com\/proclimaDE"]},{"@type":"Person","@id":"https:\/\/blog.proclima.com\/de\/#\/schema\/person\/2cc86d57b4e91b6c23ab77b2ada44b16","name":"Julia Metzger","url":"https:\/\/blog.proclima.com\/de\/author\/metzger\/"}]}},"canto_acf_fields":"","_links":{"self":[{"href":"https:\/\/blog.proclima.com\/de\/wp-json\/wp\/v2\/posts\/6731","targetHints":{"allow":["GET"]}}],"collection":[{"href":"https:\/\/blog.proclima.com\/de\/wp-json\/wp\/v2\/posts"}],"about":[{"href":"https:\/\/blog.proclima.com\/de\/wp-json\/wp\/v2\/types\/post"}],"author":[{"embeddable":true,"href":"https:\/\/blog.proclima.com\/de\/wp-json\/wp\/v2\/users\/17"}],"replies":[{"embeddable":true,"href":"https:\/\/blog.proclima.com\/de\/wp-json\/wp\/v2\/comments?post=6731"}],"version-history":[{"count":3,"href":"https:\/\/blog.proclima.com\/de\/wp-json\/wp\/v2\/posts\/6731\/revisions"}],"predecessor-version":[{"id":6734,"href":"https:\/\/blog.proclima.com\/de\/wp-json\/wp\/v2\/posts\/6731\/revisions\/6734"}],"wp:attachment":[{"href":"https:\/\/blog.proclima.com\/de\/wp-json\/wp\/v2\/media?parent=6731"}],"wp:term":[{"taxonomy":"category","embeddable":true,"href":"https:\/\/blog.proclima.com\/de\/wp-json\/wp\/v2\/categories?post=6731"},{"taxonomy":"post_tag","embeddable":true,"href":"https:\/\/blog.proclima.com\/de\/wp-json\/wp\/v2\/tags?post=6731"}],"curies":[{"name":"wp","href":"https:\/\/api.w.org\/{rel}","templated":true}]}}