
{"id":669,"date":"2012-02-07T20:23:37","date_gmt":"2012-02-07T19:23:37","guid":{"rendered":"http:\/\/blog.proclima.com\/de\/?p=669"},"modified":"2016-10-12T15:13:36","modified_gmt":"2016-10-12T13:13:36","slug":"bauexpo","status":"publish","type":"post","link":"https:\/\/blog.proclima.com\/de\/2012\/02\/bauexpo\/","title":{"rendered":"pro clima H\u00e4ndler bei Bauexpo in Gie\u00dfen: 9. Februar bis 12. Februar 2012"},"content":{"rendered":"<p><a href=\"http:\/\/bauexpo.messe-giessen.de\/\"><img loading=\"lazy\" decoding=\"async\" data-size=\"606x545\" class=\"alignleft size-thumbnail wp-image-670\" src=\"https:\/\/blog.proclima.com\/de\/files\/2012\/02\/Bauexpo-150x150.jpg\" alt=\"\" width=\"150\" height=\"150\" srcset=\"https:\/\/blog.proclima.com\/de\/files\/2012\/02\/Bauexpo-150x150.jpg 150w, https:\/\/blog.proclima.com\/de\/files\/2012\/02\/Bauexpo-216x216.jpg 216w\" sizes=\"auto, (max-width: 150px) 100vw, 150px\" \/><\/a>Von Donnerstag, 9. Februar bis Sonntag, 12. Februar 2012 findet die Bauexpo in Gie\u00dfen statt. Auch pro clima H\u00e4ndler sind dabei: die Firma <a href=\"http:\/\/www.keil-baustoffe.de\/\">Keil aus Heuchelheim<\/a>, der Handwerksbetrieb Robert Wagner aus Sch\u00f6ffengrund, die Firma <a href=\"http:\/\/www.akudeck.de\/\">Akudeck aus Kirchhain<\/a> und das Unternehmen <a href=\"http:\/\/www.dachreiter-gmbh.de\/\">Dachreiter aus Ro\u00dfbach<\/a> zeigen, wie mit pro clima <a title=\"pro clima Innendichtung\" href=\"http:\/\/de.proclima.com\/systeme\/luftdichtung-innen\">Innen<\/a>-und <a title=\"pro clima Au\u00dfendichtung\" href=\"http:\/\/de.proclima.com\/systeme\/winddichtung\">Au\u00dfendichtung<\/a>,\u00a0 <a href=\"http:\/\/de.proclima.com\/systeme\/anschluesse\">Detaill\u00f6sungen<\/a> und technischer Service <a href=\"http:\/\/bauschadensfrei.de\/\">bauschadensfreie<\/a> Konstruktionen errichtet werden k\u00f6nnen. <!--more--><br \/>\n\u201eEs ist die gr\u00f6\u00dfte regionale Baumesse Hessens f\u00fcr Endverbraucher und Fachpublikum\u201c, sagt Martin Lang von <a href=\"http:\/\/isofloc.de\">Isofloc W\u00e4rmed\u00e4mmtechnik GmbH<\/a>, der einen Gemeinschaftstand organisiert hat: \u201eWir zeigen Musterfl\u00e4chen zur obersten Geschossd\u00e4mmung, Musterpr\u00e4sentation und\u00a0 komplette Fassadend\u00e4mmung.\u201c<\/p>\n<p>Der pro clima Au\u00dfendienst, der das Gebiet Hessen betreut, empfiehlt die Messe angehenden Hausbauern: \u201eHier kann man sich einen guten \u00dcberblick \u00fcber den aktuellen Standard des Hausbaus verschaffen.\u201c<br \/>\nWeitere Informationen dazu: <a href=\"http:\/\/bauexpo.messe-giessen.de\/\">bauexpo.messe-giessen.de<\/a><\/p>\n","protected":false},"excerpt":{"rendered":"<p>Von Donnerstag, 9. Februar bis Sonntag, 12. Februar 2012 findet die Bauexpo in Gie\u00dfen statt. Auch pro clima H\u00e4ndler sind dabei: die Firma Keil aus <a href=\"https:\/\/blog.proclima.com\/de\/2012\/02\/bauexpo\/\" rel=\"bookmark\">&#8230;<\/a><\/p>\n","protected":false},"author":18,"featured_media":0,"comment_status":"open","ping_status":"open","sticky":false,"template":"","format":"standard","meta":{"footnotes":""},"categories":[3],"tags":[169,12],"class_list":["post-669","post","type-post","status-publish","format-standard","hentry","category-veranstaltung","tag-isofloc","tag-messe"],"yoast_head":"<!-- This site is optimized with the Yoast SEO plugin v27.5 - https:\/\/yoast.com\/product\/yoast-seo-wordpress\/ -->\n<title>pro clima H\u00e4ndler bei Bauexpo in Gie\u00dfen: 9. Februar bis 12. Februar 2012 &#187; pro clima Blog - Deutschland<\/title>\n<meta name=\"robots\" content=\"index, follow, max-snippet:-1, max-image-preview:large, max-video-preview:-1\" \/>\n<link rel=\"canonical\" href=\"https:\/\/blog.proclima.com\/de\/2012\/02\/bauexpo\/\" \/>\n<meta property=\"og:locale\" content=\"de_DE\" \/>\n<meta property=\"og:type\" content=\"article\" \/>\n<meta property=\"og:title\" content=\"pro clima H\u00e4ndler bei Bauexpo in Gie\u00dfen: 9. Februar bis 12. Februar 2012 &#187; pro clima Blog - Deutschland\" \/>\n<meta property=\"og:description\" content=\"Von Donnerstag, 9. Februar bis Sonntag, 12. Februar 2012 findet die Bauexpo in Gie\u00dfen statt. Auch pro clima H\u00e4ndler sind dabei: die Firma Keil aus ...\" \/>\n<meta property=\"og:url\" content=\"https:\/\/blog.proclima.com\/de\/2012\/02\/bauexpo\/\" \/>\n<meta property=\"og:site_name\" content=\"pro clima Blog - Deutschland\" \/>\n<meta property=\"article:publisher\" content=\"https:\/\/www.facebook.com\/proclima\" \/>\n<meta property=\"article:published_time\" content=\"2012-02-07T19:23:37+00:00\" \/>\n<meta property=\"article:modified_time\" content=\"2016-10-12T13:13:36+00:00\" \/>\n<meta property=\"og:image\" content=\"https:\/\/blog.proclima.com\/de\/files\/2012\/02\/Bauexpo.jpg\" \/>\n\t<meta property=\"og:image:width\" content=\"606\" \/>\n\t<meta property=\"og:image:height\" content=\"545\" \/>\n\t<meta property=\"og:image:type\" content=\"image\/jpeg\" \/>\n<meta name=\"author\" content=\"Heide Merkel\" \/>\n<meta name=\"twitter:card\" content=\"summary_large_image\" \/>\n<meta name=\"twitter:creator\" content=\"@proclimaDE\" \/>\n<meta name=\"twitter:site\" content=\"@proclimaDE\" \/>\n<meta name=\"twitter:label1\" content=\"Verfasst von\" \/>\n\t<meta name=\"twitter:data1\" content=\"Heide Merkel\" \/>\n\t<meta name=\"twitter:label2\" content=\"Gesch\u00e4tzte Lesezeit\" \/>\n\t<meta name=\"twitter:data2\" content=\"1\u00a0Minute\" \/>\n<script type=\"application\/ld+json\" class=\"yoast-schema-graph\">{\"@context\":\"https:\\\/\\\/schema.org\",\"@graph\":[{\"@type\":\"Article\",\"@id\":\"https:\\\/\\\/blog.proclima.com\\\/de\\\/2012\\\/02\\\/bauexpo\\\/#article\",\"isPartOf\":{\"@id\":\"https:\\\/\\\/blog.proclima.com\\\/de\\\/2012\\\/02\\\/bauexpo\\\/\"},\"author\":{\"name\":\"Heide Merkel\",\"@id\":\"https:\\\/\\\/blog.proclima.com\\\/de\\\/#\\\/schema\\\/person\\\/b3490e20200d5d45b8d56f555ceffc21\"},\"headline\":\"pro clima H\u00e4ndler bei Bauexpo in Gie\u00dfen: 9. Februar bis 12. Februar 2012\",\"datePublished\":\"2012-02-07T19:23:37+00:00\",\"dateModified\":\"2016-10-12T13:13:36+00:00\",\"mainEntityOfPage\":{\"@id\":\"https:\\\/\\\/blog.proclima.com\\\/de\\\/2012\\\/02\\\/bauexpo\\\/\"},\"wordCount\":151,\"commentCount\":0,\"publisher\":{\"@id\":\"https:\\\/\\\/blog.proclima.com\\\/de\\\/#organization\"},\"image\":{\"@id\":\"https:\\\/\\\/blog.proclima.com\\\/de\\\/2012\\\/02\\\/bauexpo\\\/#primaryimage\"},\"thumbnailUrl\":\"https:\\\/\\\/blog.proclima.com\\\/de\\\/files\\\/2012\\\/02\\\/Bauexpo-150x150.jpg\",\"keywords\":[\"Isofloc\",\"Messe\"],\"articleSection\":[\"Veranstaltung\"],\"inLanguage\":\"de\",\"potentialAction\":[{\"@type\":\"CommentAction\",\"name\":\"Comment\",\"target\":[\"https:\\\/\\\/blog.proclima.com\\\/de\\\/2012\\\/02\\\/bauexpo\\\/#respond\"]}]},{\"@type\":\"WebPage\",\"@id\":\"https:\\\/\\\/blog.proclima.com\\\/de\\\/2012\\\/02\\\/bauexpo\\\/\",\"url\":\"https:\\\/\\\/blog.proclima.com\\\/de\\\/2012\\\/02\\\/bauexpo\\\/\",\"name\":\"pro clima H\u00e4ndler bei Bauexpo in Gie\u00dfen: 9. Februar bis 12. Februar 2012 &#187; pro clima Blog - Deutschland\",\"isPartOf\":{\"@id\":\"https:\\\/\\\/blog.proclima.com\\\/de\\\/#website\"},\"primaryImageOfPage\":{\"@id\":\"https:\\\/\\\/blog.proclima.com\\\/de\\\/2012\\\/02\\\/bauexpo\\\/#primaryimage\"},\"image\":{\"@id\":\"https:\\\/\\\/blog.proclima.com\\\/de\\\/2012\\\/02\\\/bauexpo\\\/#primaryimage\"},\"thumbnailUrl\":\"https:\\\/\\\/blog.proclima.com\\\/de\\\/files\\\/2012\\\/02\\\/Bauexpo-150x150.jpg\",\"datePublished\":\"2012-02-07T19:23:37+00:00\",\"dateModified\":\"2016-10-12T13:13:36+00:00\",\"breadcrumb\":{\"@id\":\"https:\\\/\\\/blog.proclima.com\\\/de\\\/2012\\\/02\\\/bauexpo\\\/#breadcrumb\"},\"inLanguage\":\"de\",\"potentialAction\":[{\"@type\":\"ReadAction\",\"target\":[\"https:\\\/\\\/blog.proclima.com\\\/de\\\/2012\\\/02\\\/bauexpo\\\/\"]}]},{\"@type\":\"ImageObject\",\"inLanguage\":\"de\",\"@id\":\"https:\\\/\\\/blog.proclima.com\\\/de\\\/2012\\\/02\\\/bauexpo\\\/#primaryimage\",\"url\":\"https:\\\/\\\/blog.proclima.com\\\/de\\\/files\\\/2012\\\/02\\\/Bauexpo.jpg\",\"contentUrl\":\"https:\\\/\\\/blog.proclima.com\\\/de\\\/files\\\/2012\\\/02\\\/Bauexpo.jpg\",\"width\":606,\"height\":545},{\"@type\":\"BreadcrumbList\",\"@id\":\"https:\\\/\\\/blog.proclima.com\\\/de\\\/2012\\\/02\\\/bauexpo\\\/#breadcrumb\",\"itemListElement\":[{\"@type\":\"ListItem\",\"position\":1,\"name\":\"Startseite\",\"item\":\"https:\\\/\\\/blog.proclima.com\\\/de\\\/\"},{\"@type\":\"ListItem\",\"position\":2,\"name\":\"pro clima H\u00e4ndler bei Bauexpo in Gie\u00dfen: 9. Februar bis 12. Februar 2012\"}]},{\"@type\":\"WebSite\",\"@id\":\"https:\\\/\\\/blog.proclima.com\\\/de\\\/#website\",\"url\":\"https:\\\/\\\/blog.proclima.com\\\/de\\\/\",\"name\":\"pro clima Blog - Deutschland\",\"description\":\"alles was pro clima bewegt\",\"publisher\":{\"@id\":\"https:\\\/\\\/blog.proclima.com\\\/de\\\/#organization\"},\"potentialAction\":[{\"@type\":\"SearchAction\",\"target\":{\"@type\":\"EntryPoint\",\"urlTemplate\":\"https:\\\/\\\/blog.proclima.com\\\/de\\\/?s={search_term_string}\"},\"query-input\":{\"@type\":\"PropertyValueSpecification\",\"valueRequired\":true,\"valueName\":\"search_term_string\"}}],\"inLanguage\":\"de\"},{\"@type\":\"Organization\",\"@id\":\"https:\\\/\\\/blog.proclima.com\\\/de\\\/#organization\",\"name\":\"pro clima - Moll bau\u00f6kologische Produkte GmbH\",\"url\":\"https:\\\/\\\/blog.proclima.com\\\/de\\\/\",\"logo\":{\"@type\":\"ImageObject\",\"inLanguage\":\"de\",\"@id\":\"https:\\\/\\\/blog.proclima.com\\\/de\\\/#\\\/schema\\\/logo\\\/image\\\/\",\"url\":\"https:\\\/\\\/blog.proclima.com\\\/de\\\/files\\\/2020\\\/04\\\/Logo-pro-clima.png\",\"contentUrl\":\"https:\\\/\\\/blog.proclima.com\\\/de\\\/files\\\/2020\\\/04\\\/Logo-pro-clima.png\",\"width\":4210,\"height\":4881,\"caption\":\"pro clima - Moll bau\u00f6kologische Produkte GmbH\"},\"image\":{\"@id\":\"https:\\\/\\\/blog.proclima.com\\\/de\\\/#\\\/schema\\\/logo\\\/image\\\/\"},\"sameAs\":[\"https:\\\/\\\/www.facebook.com\\\/proclima\",\"https:\\\/\\\/x.com\\\/proclimaDE\"]},{\"@type\":\"Person\",\"@id\":\"https:\\\/\\\/blog.proclima.com\\\/de\\\/#\\\/schema\\\/person\\\/b3490e20200d5d45b8d56f555ceffc21\",\"name\":\"Heide Merkel\",\"description\":\"Fachjournalistin, Referentin, Steuerung Presse &amp; Digitale Medien bei Moll bau\u00f6kologische Produkte GmbH (pro clima). Als Japanologin und ausgebildete Redakteurin ist Heide eher zuf\u00e4llig in der Baubranche gelandet. Seit 2011 arbeitet sie f\u00fcr pro clima. Ihr Wissen zu effektiver Kommunikation gibt sie in Seminaren, Artikeln und Vortr\u00e4gen weiter. F\u00fcr den pro clima Blog, proclima.tv und das pro clima Bauradio interviewt sie interessante Menschen aus der Baubranche. Auf\u00a0 luftdichtheit-gepr\u00fcft.de bloggt Heide \u00fcber Leckagen, Luftdichtung und Qualit\u00e4ts\u00fcberpr\u00fcfung mit Blower-Door-Tests. Ihre Freizeit verbringt sie u.a. in den Vogesen, wo sie seit mehr als f\u00fcnf Jahren ein altes Bauernhaus saniert. Ihr neuestes Projekt:\u00a0 www.besser-als-marketing.de Hier gibt es Tipps, wie Unternehmen in der Baubranche ihre Sichtbarkeit erh\u00f6hen k\u00f6nnen. Die ersten Videos sind bereits online im Youtube Channel Wer mehr \u00fcber Heide Merkel erfahren m\u00f6chte, findet sie auf den g\u00e4ngigen Social Media Plattformen.\",\"url\":\"https:\\\/\\\/blog.proclima.com\\\/de\\\/author\\\/gentner\\\/\"}]}<\/script>\n<!-- \/ Yoast SEO plugin. -->","yoast_head_json":{"title":"pro clima H\u00e4ndler bei Bauexpo in Gie\u00dfen: 9. Februar bis 12. Februar 2012 &#187; pro clima Blog - Deutschland","robots":{"index":"index","follow":"follow","max-snippet":"max-snippet:-1","max-image-preview":"max-image-preview:large","max-video-preview":"max-video-preview:-1"},"canonical":"https:\/\/blog.proclima.com\/de\/2012\/02\/bauexpo\/","og_locale":"de_DE","og_type":"article","og_title":"pro clima H\u00e4ndler bei Bauexpo in Gie\u00dfen: 9. Februar bis 12. Februar 2012 &#187; pro clima Blog - Deutschland","og_description":"Von Donnerstag, 9. Februar bis Sonntag, 12. Februar 2012 findet die Bauexpo in Gie\u00dfen statt. Auch pro clima H\u00e4ndler sind dabei: die Firma Keil aus ...","og_url":"https:\/\/blog.proclima.com\/de\/2012\/02\/bauexpo\/","og_site_name":"pro clima Blog - Deutschland","article_publisher":"https:\/\/www.facebook.com\/proclima","article_published_time":"2012-02-07T19:23:37+00:00","article_modified_time":"2016-10-12T13:13:36+00:00","og_image":[{"width":606,"height":545,"url":"https:\/\/blog.proclima.com\/de\/files\/2012\/02\/Bauexpo.jpg","type":"image\/jpeg"}],"author":"Heide Merkel","twitter_card":"summary_large_image","twitter_creator":"@proclimaDE","twitter_site":"@proclimaDE","twitter_misc":{"Verfasst von":"Heide Merkel","Gesch\u00e4tzte Lesezeit":"1\u00a0Minute"},"schema":{"@context":"https:\/\/schema.org","@graph":[{"@type":"Article","@id":"https:\/\/blog.proclima.com\/de\/2012\/02\/bauexpo\/#article","isPartOf":{"@id":"https:\/\/blog.proclima.com\/de\/2012\/02\/bauexpo\/"},"author":{"name":"Heide Merkel","@id":"https:\/\/blog.proclima.com\/de\/#\/schema\/person\/b3490e20200d5d45b8d56f555ceffc21"},"headline":"pro clima H\u00e4ndler bei Bauexpo in Gie\u00dfen: 9. Februar bis 12. Februar 2012","datePublished":"2012-02-07T19:23:37+00:00","dateModified":"2016-10-12T13:13:36+00:00","mainEntityOfPage":{"@id":"https:\/\/blog.proclima.com\/de\/2012\/02\/bauexpo\/"},"wordCount":151,"commentCount":0,"publisher":{"@id":"https:\/\/blog.proclima.com\/de\/#organization"},"image":{"@id":"https:\/\/blog.proclima.com\/de\/2012\/02\/bauexpo\/#primaryimage"},"thumbnailUrl":"https:\/\/blog.proclima.com\/de\/files\/2012\/02\/Bauexpo-150x150.jpg","keywords":["Isofloc","Messe"],"articleSection":["Veranstaltung"],"inLanguage":"de","potentialAction":[{"@type":"CommentAction","name":"Comment","target":["https:\/\/blog.proclima.com\/de\/2012\/02\/bauexpo\/#respond"]}]},{"@type":"WebPage","@id":"https:\/\/blog.proclima.com\/de\/2012\/02\/bauexpo\/","url":"https:\/\/blog.proclima.com\/de\/2012\/02\/bauexpo\/","name":"pro clima H\u00e4ndler bei Bauexpo in Gie\u00dfen: 9. Februar bis 12. Februar 2012 &#187; pro clima Blog - Deutschland","isPartOf":{"@id":"https:\/\/blog.proclima.com\/de\/#website"},"primaryImageOfPage":{"@id":"https:\/\/blog.proclima.com\/de\/2012\/02\/bauexpo\/#primaryimage"},"image":{"@id":"https:\/\/blog.proclima.com\/de\/2012\/02\/bauexpo\/#primaryimage"},"thumbnailUrl":"https:\/\/blog.proclima.com\/de\/files\/2012\/02\/Bauexpo-150x150.jpg","datePublished":"2012-02-07T19:23:37+00:00","dateModified":"2016-10-12T13:13:36+00:00","breadcrumb":{"@id":"https:\/\/blog.proclima.com\/de\/2012\/02\/bauexpo\/#breadcrumb"},"inLanguage":"de","potentialAction":[{"@type":"ReadAction","target":["https:\/\/blog.proclima.com\/de\/2012\/02\/bauexpo\/"]}]},{"@type":"ImageObject","inLanguage":"de","@id":"https:\/\/blog.proclima.com\/de\/2012\/02\/bauexpo\/#primaryimage","url":"https:\/\/blog.proclima.com\/de\/files\/2012\/02\/Bauexpo.jpg","contentUrl":"https:\/\/blog.proclima.com\/de\/files\/2012\/02\/Bauexpo.jpg","width":606,"height":545},{"@type":"BreadcrumbList","@id":"https:\/\/blog.proclima.com\/de\/2012\/02\/bauexpo\/#breadcrumb","itemListElement":[{"@type":"ListItem","position":1,"name":"Startseite","item":"https:\/\/blog.proclima.com\/de\/"},{"@type":"ListItem","position":2,"name":"pro clima H\u00e4ndler bei Bauexpo in Gie\u00dfen: 9. Februar bis 12. Februar 2012"}]},{"@type":"WebSite","@id":"https:\/\/blog.proclima.com\/de\/#website","url":"https:\/\/blog.proclima.com\/de\/","name":"pro clima Blog - Deutschland","description":"alles was pro clima bewegt","publisher":{"@id":"https:\/\/blog.proclima.com\/de\/#organization"},"potentialAction":[{"@type":"SearchAction","target":{"@type":"EntryPoint","urlTemplate":"https:\/\/blog.proclima.com\/de\/?s={search_term_string}"},"query-input":{"@type":"PropertyValueSpecification","valueRequired":true,"valueName":"search_term_string"}}],"inLanguage":"de"},{"@type":"Organization","@id":"https:\/\/blog.proclima.com\/de\/#organization","name":"pro clima - Moll bau\u00f6kologische Produkte GmbH","url":"https:\/\/blog.proclima.com\/de\/","logo":{"@type":"ImageObject","inLanguage":"de","@id":"https:\/\/blog.proclima.com\/de\/#\/schema\/logo\/image\/","url":"https:\/\/blog.proclima.com\/de\/files\/2020\/04\/Logo-pro-clima.png","contentUrl":"https:\/\/blog.proclima.com\/de\/files\/2020\/04\/Logo-pro-clima.png","width":4210,"height":4881,"caption":"pro clima - Moll bau\u00f6kologische Produkte GmbH"},"image":{"@id":"https:\/\/blog.proclima.com\/de\/#\/schema\/logo\/image\/"},"sameAs":["https:\/\/www.facebook.com\/proclima","https:\/\/x.com\/proclimaDE"]},{"@type":"Person","@id":"https:\/\/blog.proclima.com\/de\/#\/schema\/person\/b3490e20200d5d45b8d56f555ceffc21","name":"Heide Merkel","description":"Fachjournalistin, Referentin, Steuerung Presse &amp; Digitale Medien bei Moll bau\u00f6kologische Produkte GmbH (pro clima). Als Japanologin und ausgebildete Redakteurin ist Heide eher zuf\u00e4llig in der Baubranche gelandet. Seit 2011 arbeitet sie f\u00fcr pro clima. Ihr Wissen zu effektiver Kommunikation gibt sie in Seminaren, Artikeln und Vortr\u00e4gen weiter. F\u00fcr den pro clima Blog, proclima.tv und das pro clima Bauradio interviewt sie interessante Menschen aus der Baubranche. Auf\u00a0 luftdichtheit-gepr\u00fcft.de bloggt Heide \u00fcber Leckagen, Luftdichtung und Qualit\u00e4ts\u00fcberpr\u00fcfung mit Blower-Door-Tests. Ihre Freizeit verbringt sie u.a. in den Vogesen, wo sie seit mehr als f\u00fcnf Jahren ein altes Bauernhaus saniert. Ihr neuestes Projekt:\u00a0 www.besser-als-marketing.de Hier gibt es Tipps, wie Unternehmen in der Baubranche ihre Sichtbarkeit erh\u00f6hen k\u00f6nnen. Die ersten Videos sind bereits online im Youtube Channel Wer mehr \u00fcber Heide Merkel erfahren m\u00f6chte, findet sie auf den g\u00e4ngigen Social Media Plattformen.","url":"https:\/\/blog.proclima.com\/de\/author\/gentner\/"}]}},"canto_acf_fields":"","_links":{"self":[{"href":"https:\/\/blog.proclima.com\/de\/wp-json\/wp\/v2\/posts\/669","targetHints":{"allow":["GET"]}}],"collection":[{"href":"https:\/\/blog.proclima.com\/de\/wp-json\/wp\/v2\/posts"}],"about":[{"href":"https:\/\/blog.proclima.com\/de\/wp-json\/wp\/v2\/types\/post"}],"author":[{"embeddable":true,"href":"https:\/\/blog.proclima.com\/de\/wp-json\/wp\/v2\/users\/18"}],"replies":[{"embeddable":true,"href":"https:\/\/blog.proclima.com\/de\/wp-json\/wp\/v2\/comments?post=669"}],"version-history":[{"count":11,"href":"https:\/\/blog.proclima.com\/de\/wp-json\/wp\/v2\/posts\/669\/revisions"}],"predecessor-version":[{"id":6523,"href":"https:\/\/blog.proclima.com\/de\/wp-json\/wp\/v2\/posts\/669\/revisions\/6523"}],"wp:attachment":[{"href":"https:\/\/blog.proclima.com\/de\/wp-json\/wp\/v2\/media?parent=669"}],"wp:term":[{"taxonomy":"category","embeddable":true,"href":"https:\/\/blog.proclima.com\/de\/wp-json\/wp\/v2\/categories?post=669"},{"taxonomy":"post_tag","embeddable":true,"href":"https:\/\/blog.proclima.com\/de\/wp-json\/wp\/v2\/tags?post=669"}],"curies":[{"name":"wp","href":"https:\/\/api.w.org\/{rel}","templated":true}]}}