
{"id":6675,"date":"2016-12-19T19:37:34","date_gmt":"2016-12-19T18:37:34","guid":{"rendered":"http:\/\/blog.proclima.com\/de\/?p=6675"},"modified":"2017-01-10T10:41:35","modified_gmt":"2017-01-10T09:41:35","slug":"update-holzbau-2017","status":"publish","type":"post","link":"https:\/\/blog.proclima.com\/de\/2016\/12\/update-holzbau-2017\/","title":{"rendered":"Neuer Branchentag: Fachwissen f\u00fcr Gegenwart und Zukunft des Holzhausbaus"},"content":{"rendered":"<h1><strong>Update Holzbau tourt Januar und Februar 2017 durch drei St\u00e4dte<\/strong><\/h1>\n<p>Wissensl\u00fccken vorbeugen: Mit der Kompaktschulung Update Holzbau 2017 k\u00f6nnen Zimmerer und Holzhausbauer ihr Fachwissen auf den neuesten Stand bringen. Das Referententeam aus Holztechniker, Ingenieuren, Zimmerermeister und Rechtsanwalt fassen an einem Tag aktuelle technische Entwicklungen, Normen und Gesetze zusammen. Der Fachbranchentag trifft sich im Januar und Februar 2017 in Braunschweig, Herne und Schwetzingen.<\/p>\n<p>Update Holzbau stellt Themen vor, die im professionellen Holzhausbau richtungsweisend sind. Beispielsweise den Begriff Building Information Modeling BIM. \u201eBIM ist eine Planungsmethode, die den Lebenszyklus eines Geb\u00e4udes betrachtet. Sie wird f\u00fcr Zimmerer immer wichtiger werden, weil es k\u00fcnftig gesetzliche Vorgaben geben wird, dass nach BIM geplant und gebaut werden soll\u201c, sagt Zimmerermeister Gerd Prause, der BIM auf Update Holzbau vorstellt.<!--more--><\/p>\n<p>Aktuell diskutiertes Thema unter Holzbauern ist die Neustrukturierung der Abdichtungsnormen. Bei dem Fachbranchentag wird die Relevanz f\u00fcr den Holzbau herausgearbeitet. Zudem beleuchtet ein Rechtsanwalt das neue Bauvertragsrecht im BGB. Auch welche M\u00f6glichkeiten der Vorfertigung Betriebe im Holzbau haben, ist ein Programmpunkt. Bei den aktuellen technischen Anforderungen an D\u00e4mmsysteme und Luftdichtung wird der Vorteil durch Fremd\u00fcberwachung vorgestellt. Das komplette <a href=\"https:\/\/www.update-holzbau.de\/programm\/\">Programm<\/a> ist <a href=\"https:\/\/www.update-holzbau.de\/programm\/\">online <\/a><\/p>\n<p><span style=\"color: #333333\">Update-Holzbau wird von der Architektenkammer und Ingenieurkammer Nordrhein-Westfalen und von der dena als Fortbildung anerkannt. <\/span><\/p>\n<p><i>Veranstalter sind <span style=\"color: #333333\">pro clima \u2013 Experte f\u00fcr Luftdichtung innen und Winddichtung au\u00dfen; <\/span><span style=\"color: #333333\">Zellulose-Pro<\/span><span style=\"color: #333333\">du<\/span><span style=\"color: #333333\">zent isofloc W\u00e4rmed\u00e4mmtechnik, Holzbausystemtechnik-Hersteller Weinmann und Wolfin Bautechnik, Produzent von Kunstoff-, Dach- und Dichtungsbahnen. <\/span><\/i><\/p>\n<h2>Termine und Orte:<b> <\/b><\/h2>\n<p>&#8211; <a href=\"https:\/\/www.update-holzbau.de\/braunschweig\/\">Donnerstag, 26. Januar 2017 in Braunschweig<\/a><br \/>\n&#8211; <a href=\"http:\/\/www.update-holzbau.de\/herne\">Montag, 30. Januar 2017 in Herne<\/a><br \/>\n&#8211; <a href=\"http:\/\/www.update-holzbau.de\/schwetzingen\/\">Mittwoch, 1. Februar 2017 in Schwetzingen<\/a><\/p>\n<p><strong>Antworten bei Fragen zur Veranstaltung:<\/strong><\/p>\n<p>WOLFIN Bautechnik GmbH<br \/>\nTel: 0 60 53 \u2013 708 0 oder E-Mail: <a href=\"mailto:anmeldung@update-holzbau.de\">anmeldung@update-holzbau.de<\/a><\/p>\n<h4><b>Videos zu Update-Holzbau <\/b><\/h4>\n<p><b>Neue Planungsmethode BIM<br \/>\n<\/b><\/p>\n<p><iframe loading=\"lazy\"  id=\"_ytid_84293\" width=\"1170\" height=\"658\" src=\"https:\/\/www.youtube-nocookie.com\/embed\/2u-EbGGkLFQ?enablejsapi=1&#038;autoplay=0&#038;cc_load_policy=0&#038;iv_load_policy=1&#038;loop=0&#038;modestbranding=1&#038;rel=0&#038;showinfo=0&#038;fs=1&#038;playsinline=1&#038;controls=2&#038;autohide=2&#038;theme=light&#038;color=red&#038;hl=de_DE&#038;\" class=\"__youtube_prefs__\" title=\"YouTube player\"  allowfullscreen data-no-lazy=\"1\" data-skipgform_ajax_framebjll=\"\"><\/iframe><\/p>\n<p><b>Kompaktes Wissens-Update f\u00fcr Holzbau-Unternehmen<\/b><\/p>\n<p><iframe loading=\"lazy\"  id=\"_ytid_60512\" width=\"1170\" height=\"658\" src=\"https:\/\/www.youtube-nocookie.com\/embed\/FCnZz42Mvvw?enablejsapi=1&#038;autoplay=0&#038;cc_load_policy=0&#038;iv_load_policy=1&#038;loop=0&#038;modestbranding=1&#038;rel=0&#038;showinfo=0&#038;fs=1&#038;playsinline=1&#038;controls=2&#038;autohide=2&#038;theme=light&#038;color=red&#038;hl=de_DE&#038;\" class=\"__youtube_prefs__\" title=\"YouTube player\"  allowfullscreen data-no-lazy=\"1\" data-skipgform_ajax_framebjll=\"\"><\/iframe><\/p>\n<p><b>Vorstellung von Update Holzbau auf dem IHF in Garmisch<\/b><\/p>\n<p><iframe loading=\"lazy\"  id=\"_ytid_39815\" width=\"1170\" height=\"658\" src=\"https:\/\/www.youtube-nocookie.com\/embed\/FCnZz42Mvvw?enablejsapi=1&#038;autoplay=0&#038;cc_load_policy=0&#038;iv_load_policy=1&#038;loop=0&#038;modestbranding=1&#038;rel=0&#038;showinfo=0&#038;fs=1&#038;playsinline=1&#038;controls=2&#038;autohide=2&#038;theme=light&#038;color=red&#038;hl=de_DE&#038;\" class=\"__youtube_prefs__\" title=\"YouTube player\"  allowfullscreen data-no-lazy=\"1\" data-skipgform_ajax_framebjll=\"\"><\/iframe><\/p>\n<p>Diese Pressemitteilung als PDF:<br \/>\n<a href=\"https:\/\/blog.proclima.com\/de\/files\/2016\/12\/2016_12_PM_UpdateHolzbau.pdf\">2016_12_PM_UpdateHolzbau<\/a><\/p>\n","protected":false},"excerpt":{"rendered":"<p>Update Holzbau tourt Januar und Februar 2017 durch drei St\u00e4dte Wissensl\u00fccken vorbeugen: Mit der Kompaktschulung Update Holzbau 2017 k\u00f6nnen Zimmerer und Holzhausbauer ihr Fachwissen auf <a href=\"https:\/\/blog.proclima.com\/de\/2016\/12\/update-holzbau-2017\/\" rel=\"bookmark\">&#8230;<\/a><\/p>\n","protected":false},"author":18,"featured_media":0,"comment_status":"open","ping_status":"open","sticky":false,"template":"","format":"standard","meta":{"footnotes":""},"categories":[136],"tags":[169,34,709,1260,1261,988],"class_list":["post-6675","post","type-post","status-publish","format-standard","hentry","category-pressemitteilung","tag-isofloc","tag-pro-clima","tag-schulung","tag-update-holzbau","tag-weinmann","tag-wolfin"],"yoast_head":"<!-- This site is optimized with the Yoast SEO plugin v27.5 - https:\/\/yoast.com\/product\/yoast-seo-wordpress\/ -->\n<title>Neuer Branchentag: Fachwissen f\u00fcr Gegenwart und Zukunft des Holzhausbaus &#187; pro clima Blog - Deutschland<\/title>\n<meta name=\"robots\" content=\"index, follow, max-snippet:-1, max-image-preview:large, max-video-preview:-1\" \/>\n<link rel=\"canonical\" href=\"https:\/\/blog.proclima.com\/de\/2016\/12\/update-holzbau-2017\/\" \/>\n<meta property=\"og:locale\" content=\"de_DE\" \/>\n<meta property=\"og:type\" content=\"article\" \/>\n<meta property=\"og:title\" content=\"Neuer Branchentag: Fachwissen f\u00fcr Gegenwart und Zukunft des Holzhausbaus &#187; pro clima Blog - Deutschland\" \/>\n<meta property=\"og:description\" content=\"Update Holzbau tourt Januar und Februar 2017 durch drei St\u00e4dte Wissensl\u00fccken vorbeugen: Mit der Kompaktschulung Update Holzbau 2017 k\u00f6nnen Zimmerer und Holzhausbauer ihr Fachwissen auf ...\" \/>\n<meta property=\"og:url\" content=\"https:\/\/blog.proclima.com\/de\/2016\/12\/update-holzbau-2017\/\" \/>\n<meta property=\"og:site_name\" content=\"pro clima Blog - Deutschland\" \/>\n<meta property=\"article:publisher\" content=\"https:\/\/www.facebook.com\/proclima\" \/>\n<meta property=\"article:published_time\" content=\"2016-12-19T18:37:34+00:00\" \/>\n<meta property=\"article:modified_time\" content=\"2017-01-10T09:41:35+00:00\" \/>\n<meta name=\"author\" content=\"Heide Merkel\" \/>\n<meta name=\"twitter:card\" content=\"summary_large_image\" \/>\n<meta name=\"twitter:creator\" content=\"@proclimaDE\" \/>\n<meta name=\"twitter:site\" content=\"@proclimaDE\" \/>\n<meta name=\"twitter:label1\" content=\"Verfasst von\" \/>\n\t<meta name=\"twitter:data1\" content=\"Heide Merkel\" \/>\n\t<meta name=\"twitter:label2\" content=\"Gesch\u00e4tzte Lesezeit\" \/>\n\t<meta name=\"twitter:data2\" content=\"2\u00a0Minuten\" \/>\n<script type=\"application\/ld+json\" class=\"yoast-schema-graph\">{\"@context\":\"https:\\\/\\\/schema.org\",\"@graph\":[{\"@type\":\"Article\",\"@id\":\"https:\\\/\\\/blog.proclima.com\\\/de\\\/2016\\\/12\\\/update-holzbau-2017\\\/#article\",\"isPartOf\":{\"@id\":\"https:\\\/\\\/blog.proclima.com\\\/de\\\/2016\\\/12\\\/update-holzbau-2017\\\/\"},\"author\":{\"name\":\"Heide Merkel\",\"@id\":\"https:\\\/\\\/blog.proclima.com\\\/de\\\/#\\\/schema\\\/person\\\/b3490e20200d5d45b8d56f555ceffc21\"},\"headline\":\"Neuer Branchentag: Fachwissen f\u00fcr Gegenwart und Zukunft des Holzhausbaus\",\"datePublished\":\"2016-12-19T18:37:34+00:00\",\"dateModified\":\"2017-01-10T09:41:35+00:00\",\"mainEntityOfPage\":{\"@id\":\"https:\\\/\\\/blog.proclima.com\\\/de\\\/2016\\\/12\\\/update-holzbau-2017\\\/\"},\"wordCount\":318,\"commentCount\":0,\"publisher\":{\"@id\":\"https:\\\/\\\/blog.proclima.com\\\/de\\\/#organization\"},\"keywords\":[\"Isofloc\",\"pro clima\",\"Schulung\",\"Update Holzbau\",\"Weinmann\",\"Wolfin\"],\"articleSection\":[\"Pressemitteilungen\"],\"inLanguage\":\"de\",\"potentialAction\":[{\"@type\":\"CommentAction\",\"name\":\"Comment\",\"target\":[\"https:\\\/\\\/blog.proclima.com\\\/de\\\/2016\\\/12\\\/update-holzbau-2017\\\/#respond\"]}]},{\"@type\":\"WebPage\",\"@id\":\"https:\\\/\\\/blog.proclima.com\\\/de\\\/2016\\\/12\\\/update-holzbau-2017\\\/\",\"url\":\"https:\\\/\\\/blog.proclima.com\\\/de\\\/2016\\\/12\\\/update-holzbau-2017\\\/\",\"name\":\"Neuer Branchentag: Fachwissen f\u00fcr Gegenwart und Zukunft des Holzhausbaus &#187; pro clima Blog - Deutschland\",\"isPartOf\":{\"@id\":\"https:\\\/\\\/blog.proclima.com\\\/de\\\/#website\"},\"datePublished\":\"2016-12-19T18:37:34+00:00\",\"dateModified\":\"2017-01-10T09:41:35+00:00\",\"breadcrumb\":{\"@id\":\"https:\\\/\\\/blog.proclima.com\\\/de\\\/2016\\\/12\\\/update-holzbau-2017\\\/#breadcrumb\"},\"inLanguage\":\"de\",\"potentialAction\":[{\"@type\":\"ReadAction\",\"target\":[\"https:\\\/\\\/blog.proclima.com\\\/de\\\/2016\\\/12\\\/update-holzbau-2017\\\/\"]}]},{\"@type\":\"BreadcrumbList\",\"@id\":\"https:\\\/\\\/blog.proclima.com\\\/de\\\/2016\\\/12\\\/update-holzbau-2017\\\/#breadcrumb\",\"itemListElement\":[{\"@type\":\"ListItem\",\"position\":1,\"name\":\"Startseite\",\"item\":\"https:\\\/\\\/blog.proclima.com\\\/de\\\/\"},{\"@type\":\"ListItem\",\"position\":2,\"name\":\"Neuer Branchentag: Fachwissen f\u00fcr Gegenwart und Zukunft des Holzhausbaus\"}]},{\"@type\":\"WebSite\",\"@id\":\"https:\\\/\\\/blog.proclima.com\\\/de\\\/#website\",\"url\":\"https:\\\/\\\/blog.proclima.com\\\/de\\\/\",\"name\":\"pro clima Blog - Deutschland\",\"description\":\"alles was pro clima bewegt\",\"publisher\":{\"@id\":\"https:\\\/\\\/blog.proclima.com\\\/de\\\/#organization\"},\"potentialAction\":[{\"@type\":\"SearchAction\",\"target\":{\"@type\":\"EntryPoint\",\"urlTemplate\":\"https:\\\/\\\/blog.proclima.com\\\/de\\\/?s={search_term_string}\"},\"query-input\":{\"@type\":\"PropertyValueSpecification\",\"valueRequired\":true,\"valueName\":\"search_term_string\"}}],\"inLanguage\":\"de\"},{\"@type\":\"Organization\",\"@id\":\"https:\\\/\\\/blog.proclima.com\\\/de\\\/#organization\",\"name\":\"pro clima - Moll bau\u00f6kologische Produkte GmbH\",\"url\":\"https:\\\/\\\/blog.proclima.com\\\/de\\\/\",\"logo\":{\"@type\":\"ImageObject\",\"inLanguage\":\"de\",\"@id\":\"https:\\\/\\\/blog.proclima.com\\\/de\\\/#\\\/schema\\\/logo\\\/image\\\/\",\"url\":\"https:\\\/\\\/blog.proclima.com\\\/de\\\/files\\\/2020\\\/04\\\/Logo-pro-clima.png\",\"contentUrl\":\"https:\\\/\\\/blog.proclima.com\\\/de\\\/files\\\/2020\\\/04\\\/Logo-pro-clima.png\",\"width\":4210,\"height\":4881,\"caption\":\"pro clima - Moll bau\u00f6kologische Produkte GmbH\"},\"image\":{\"@id\":\"https:\\\/\\\/blog.proclima.com\\\/de\\\/#\\\/schema\\\/logo\\\/image\\\/\"},\"sameAs\":[\"https:\\\/\\\/www.facebook.com\\\/proclima\",\"https:\\\/\\\/x.com\\\/proclimaDE\"]},{\"@type\":\"Person\",\"@id\":\"https:\\\/\\\/blog.proclima.com\\\/de\\\/#\\\/schema\\\/person\\\/b3490e20200d5d45b8d56f555ceffc21\",\"name\":\"Heide Merkel\",\"description\":\"Fachjournalistin, Referentin, Steuerung Presse &amp; Digitale Medien bei Moll bau\u00f6kologische Produkte GmbH (pro clima). Als Japanologin und ausgebildete Redakteurin ist Heide eher zuf\u00e4llig in der Baubranche gelandet. Seit 2011 arbeitet sie f\u00fcr pro clima. Ihr Wissen zu effektiver Kommunikation gibt sie in Seminaren, Artikeln und Vortr\u00e4gen weiter. F\u00fcr den pro clima Blog, proclima.tv und das pro clima Bauradio interviewt sie interessante Menschen aus der Baubranche. Auf\u00a0 luftdichtheit-gepr\u00fcft.de bloggt Heide \u00fcber Leckagen, Luftdichtung und Qualit\u00e4ts\u00fcberpr\u00fcfung mit Blower-Door-Tests. Ihre Freizeit verbringt sie u.a. in den Vogesen, wo sie seit mehr als f\u00fcnf Jahren ein altes Bauernhaus saniert. Ihr neuestes Projekt:\u00a0 www.besser-als-marketing.de Hier gibt es Tipps, wie Unternehmen in der Baubranche ihre Sichtbarkeit erh\u00f6hen k\u00f6nnen. Die ersten Videos sind bereits online im Youtube Channel Wer mehr \u00fcber Heide Merkel erfahren m\u00f6chte, findet sie auf den g\u00e4ngigen Social Media Plattformen.\",\"url\":\"https:\\\/\\\/blog.proclima.com\\\/de\\\/author\\\/gentner\\\/\"}]}<\/script>\n<!-- \/ Yoast SEO plugin. -->","yoast_head_json":{"title":"Neuer Branchentag: Fachwissen f\u00fcr Gegenwart und Zukunft des Holzhausbaus &#187; pro clima Blog - Deutschland","robots":{"index":"index","follow":"follow","max-snippet":"max-snippet:-1","max-image-preview":"max-image-preview:large","max-video-preview":"max-video-preview:-1"},"canonical":"https:\/\/blog.proclima.com\/de\/2016\/12\/update-holzbau-2017\/","og_locale":"de_DE","og_type":"article","og_title":"Neuer Branchentag: Fachwissen f\u00fcr Gegenwart und Zukunft des Holzhausbaus &#187; pro clima Blog - Deutschland","og_description":"Update Holzbau tourt Januar und Februar 2017 durch drei St\u00e4dte Wissensl\u00fccken vorbeugen: Mit der Kompaktschulung Update Holzbau 2017 k\u00f6nnen Zimmerer und Holzhausbauer ihr Fachwissen auf ...","og_url":"https:\/\/blog.proclima.com\/de\/2016\/12\/update-holzbau-2017\/","og_site_name":"pro clima Blog - Deutschland","article_publisher":"https:\/\/www.facebook.com\/proclima","article_published_time":"2016-12-19T18:37:34+00:00","article_modified_time":"2017-01-10T09:41:35+00:00","author":"Heide Merkel","twitter_card":"summary_large_image","twitter_creator":"@proclimaDE","twitter_site":"@proclimaDE","twitter_misc":{"Verfasst von":"Heide Merkel","Gesch\u00e4tzte Lesezeit":"2\u00a0Minuten"},"schema":{"@context":"https:\/\/schema.org","@graph":[{"@type":"Article","@id":"https:\/\/blog.proclima.com\/de\/2016\/12\/update-holzbau-2017\/#article","isPartOf":{"@id":"https:\/\/blog.proclima.com\/de\/2016\/12\/update-holzbau-2017\/"},"author":{"name":"Heide Merkel","@id":"https:\/\/blog.proclima.com\/de\/#\/schema\/person\/b3490e20200d5d45b8d56f555ceffc21"},"headline":"Neuer Branchentag: Fachwissen f\u00fcr Gegenwart und Zukunft des Holzhausbaus","datePublished":"2016-12-19T18:37:34+00:00","dateModified":"2017-01-10T09:41:35+00:00","mainEntityOfPage":{"@id":"https:\/\/blog.proclima.com\/de\/2016\/12\/update-holzbau-2017\/"},"wordCount":318,"commentCount":0,"publisher":{"@id":"https:\/\/blog.proclima.com\/de\/#organization"},"keywords":["Isofloc","pro clima","Schulung","Update Holzbau","Weinmann","Wolfin"],"articleSection":["Pressemitteilungen"],"inLanguage":"de","potentialAction":[{"@type":"CommentAction","name":"Comment","target":["https:\/\/blog.proclima.com\/de\/2016\/12\/update-holzbau-2017\/#respond"]}]},{"@type":"WebPage","@id":"https:\/\/blog.proclima.com\/de\/2016\/12\/update-holzbau-2017\/","url":"https:\/\/blog.proclima.com\/de\/2016\/12\/update-holzbau-2017\/","name":"Neuer Branchentag: Fachwissen f\u00fcr Gegenwart und Zukunft des Holzhausbaus &#187; pro clima Blog - Deutschland","isPartOf":{"@id":"https:\/\/blog.proclima.com\/de\/#website"},"datePublished":"2016-12-19T18:37:34+00:00","dateModified":"2017-01-10T09:41:35+00:00","breadcrumb":{"@id":"https:\/\/blog.proclima.com\/de\/2016\/12\/update-holzbau-2017\/#breadcrumb"},"inLanguage":"de","potentialAction":[{"@type":"ReadAction","target":["https:\/\/blog.proclima.com\/de\/2016\/12\/update-holzbau-2017\/"]}]},{"@type":"BreadcrumbList","@id":"https:\/\/blog.proclima.com\/de\/2016\/12\/update-holzbau-2017\/#breadcrumb","itemListElement":[{"@type":"ListItem","position":1,"name":"Startseite","item":"https:\/\/blog.proclima.com\/de\/"},{"@type":"ListItem","position":2,"name":"Neuer Branchentag: Fachwissen f\u00fcr Gegenwart und Zukunft des Holzhausbaus"}]},{"@type":"WebSite","@id":"https:\/\/blog.proclima.com\/de\/#website","url":"https:\/\/blog.proclima.com\/de\/","name":"pro clima Blog - Deutschland","description":"alles was pro clima bewegt","publisher":{"@id":"https:\/\/blog.proclima.com\/de\/#organization"},"potentialAction":[{"@type":"SearchAction","target":{"@type":"EntryPoint","urlTemplate":"https:\/\/blog.proclima.com\/de\/?s={search_term_string}"},"query-input":{"@type":"PropertyValueSpecification","valueRequired":true,"valueName":"search_term_string"}}],"inLanguage":"de"},{"@type":"Organization","@id":"https:\/\/blog.proclima.com\/de\/#organization","name":"pro clima - Moll bau\u00f6kologische Produkte GmbH","url":"https:\/\/blog.proclima.com\/de\/","logo":{"@type":"ImageObject","inLanguage":"de","@id":"https:\/\/blog.proclima.com\/de\/#\/schema\/logo\/image\/","url":"https:\/\/blog.proclima.com\/de\/files\/2020\/04\/Logo-pro-clima.png","contentUrl":"https:\/\/blog.proclima.com\/de\/files\/2020\/04\/Logo-pro-clima.png","width":4210,"height":4881,"caption":"pro clima - Moll bau\u00f6kologische Produkte GmbH"},"image":{"@id":"https:\/\/blog.proclima.com\/de\/#\/schema\/logo\/image\/"},"sameAs":["https:\/\/www.facebook.com\/proclima","https:\/\/x.com\/proclimaDE"]},{"@type":"Person","@id":"https:\/\/blog.proclima.com\/de\/#\/schema\/person\/b3490e20200d5d45b8d56f555ceffc21","name":"Heide Merkel","description":"Fachjournalistin, Referentin, Steuerung Presse &amp; Digitale Medien bei Moll bau\u00f6kologische Produkte GmbH (pro clima). Als Japanologin und ausgebildete Redakteurin ist Heide eher zuf\u00e4llig in der Baubranche gelandet. Seit 2011 arbeitet sie f\u00fcr pro clima. Ihr Wissen zu effektiver Kommunikation gibt sie in Seminaren, Artikeln und Vortr\u00e4gen weiter. F\u00fcr den pro clima Blog, proclima.tv und das pro clima Bauradio interviewt sie interessante Menschen aus der Baubranche. Auf\u00a0 luftdichtheit-gepr\u00fcft.de bloggt Heide \u00fcber Leckagen, Luftdichtung und Qualit\u00e4ts\u00fcberpr\u00fcfung mit Blower-Door-Tests. Ihre Freizeit verbringt sie u.a. in den Vogesen, wo sie seit mehr als f\u00fcnf Jahren ein altes Bauernhaus saniert. Ihr neuestes Projekt:\u00a0 www.besser-als-marketing.de Hier gibt es Tipps, wie Unternehmen in der Baubranche ihre Sichtbarkeit erh\u00f6hen k\u00f6nnen. Die ersten Videos sind bereits online im Youtube Channel Wer mehr \u00fcber Heide Merkel erfahren m\u00f6chte, findet sie auf den g\u00e4ngigen Social Media Plattformen.","url":"https:\/\/blog.proclima.com\/de\/author\/gentner\/"}]}},"canto_acf_fields":"","_links":{"self":[{"href":"https:\/\/blog.proclima.com\/de\/wp-json\/wp\/v2\/posts\/6675","targetHints":{"allow":["GET"]}}],"collection":[{"href":"https:\/\/blog.proclima.com\/de\/wp-json\/wp\/v2\/posts"}],"about":[{"href":"https:\/\/blog.proclima.com\/de\/wp-json\/wp\/v2\/types\/post"}],"author":[{"embeddable":true,"href":"https:\/\/blog.proclima.com\/de\/wp-json\/wp\/v2\/users\/18"}],"replies":[{"embeddable":true,"href":"https:\/\/blog.proclima.com\/de\/wp-json\/wp\/v2\/comments?post=6675"}],"version-history":[{"count":5,"href":"https:\/\/blog.proclima.com\/de\/wp-json\/wp\/v2\/posts\/6675\/revisions"}],"predecessor-version":[{"id":6690,"href":"https:\/\/blog.proclima.com\/de\/wp-json\/wp\/v2\/posts\/6675\/revisions\/6690"}],"wp:attachment":[{"href":"https:\/\/blog.proclima.com\/de\/wp-json\/wp\/v2\/media?parent=6675"}],"wp:term":[{"taxonomy":"category","embeddable":true,"href":"https:\/\/blog.proclima.com\/de\/wp-json\/wp\/v2\/categories?post=6675"},{"taxonomy":"post_tag","embeddable":true,"href":"https:\/\/blog.proclima.com\/de\/wp-json\/wp\/v2\/tags?post=6675"}],"curies":[{"name":"wp","href":"https:\/\/api.w.org\/{rel}","templated":true}]}}