
{"id":6639,"date":"2016-11-28T16:55:17","date_gmt":"2016-11-28T15:55:17","guid":{"rendered":"http:\/\/blog.proclima.com\/de\/?p=6639"},"modified":"2016-12-02T09:41:19","modified_gmt":"2016-12-02T08:41:19","slug":"dach-praxis-2016-pm-2","status":"publish","type":"post","link":"https:\/\/blog.proclima.com\/de\/2016\/11\/dach-praxis-2016-pm-2\/","title":{"rendered":"Dach-Praxis-Tour 2016 hat viele Sanierungsfragen beantwort"},"content":{"rendered":"<p>Aktueller Stand bei Dachsanierungen und Praxiskniffe: Mehr als 500 Handwerker, Planer, H\u00e4ndler und Energieberater haben bei der Profischulung Dach-Praxis im November 2016 teilgenommen.<\/p>\n<figure id=\"attachment_6640\" aria-describedby=\"caption-attachment-6640\" style=\"width: 584px\" class=\"wp-caption aligncenter\"><a href=\"https:\/\/blog.proclima.com\/de\/files\/2016\/11\/2016_11_DachPraxis_1.jpg\"><img loading=\"lazy\" decoding=\"async\" class=\"wp-image-6640 size-large\" src=\"https:\/\/blog.proclima.com\/de\/files\/2016\/11\/2016_11_DachPraxis_1-1024x683.jpg\" alt=\"L\u00f6sungen f\u00fcr knifflige Sanierungssituationen: Bei der Kombischulung Dach-Praxis erkl\u00e4ren die Referenten alles an diesem 1:1 Modell. Auch in den Pausen wurde das Beispieldach genutzt, um individuelle Fragen zu kl\u00e4ren. \" width=\"584\" height=\"390\" srcset=\"https:\/\/blog.proclima.com\/de\/files\/2016\/11\/2016_11_DachPraxis_1-1024x683.jpg 1024w, https:\/\/blog.proclima.com\/de\/files\/2016\/11\/2016_11_DachPraxis_1-300x200.jpg 300w, https:\/\/blog.proclima.com\/de\/files\/2016\/11\/2016_11_DachPraxis_1-768x513.jpg 768w, https:\/\/blog.proclima.com\/de\/files\/2016\/11\/2016_11_DachPraxis_1-1536x1025.jpg 1536w, https:\/\/blog.proclima.com\/de\/files\/2016\/11\/2016_11_DachPraxis_1-2048x1367.jpg 2048w, https:\/\/blog.proclima.com\/de\/files\/2016\/11\/2016_11_DachPraxis_1-384x256.jpg 384w\" sizes=\"auto, (max-width: 584px) 100vw, 584px\" \/><\/a><figcaption id=\"caption-attachment-6640\" class=\"wp-caption-text\">L\u00f6sungen f\u00fcr knifflige Sanierungssituationen: Bei der Kombischulung Dach-Praxis erkl\u00e4ren die Referenten alles an diesem 1:1 Modell. Auch in den Pausen wurde das Beispieldach genutzt, um individuelle Fragen zu kl\u00e4ren.<\/figcaption><\/figure>\n<p><span style=\"color: #333333\">Das Besondere: <\/span><span style=\"color: #333333\">Das Referententeam vermittel<\/span><span style=\"color: #333333\">te <\/span><span style=\"color: #333333\">sein<\/span><span style=\"color: #333333\"> Wissen an einem <\/span><span style=\"color: #333333\">einzigen 1:1 <\/span><span style=\"color: #333333\">Modell: von der Verlegung der <\/span><span style=\"color: #333333\">Sanierungs<\/span><span style=\"color: #333333\">bahn, \u00fcber <\/span><span style=\"color: #333333\">den <\/span><span style=\"color: #333333\">Einbau der D\u00e4mmung bis zur fachgerechten Montage eines Dachfl\u00e4chenfensters.<\/span><\/p>\n<figure id=\"attachment_6641\" aria-describedby=\"caption-attachment-6641\" style=\"width: 200px\" class=\"wp-caption alignleft\"><a href=\"https:\/\/blog.proclima.com\/de\/files\/2016\/11\/2016_11_DachPraxis_3.jpg\"><img loading=\"lazy\" decoding=\"async\" class=\"wp-image-6641 size-medium\" src=\"https:\/\/blog.proclima.com\/de\/files\/2016\/11\/2016_11_DachPraxis_3-200x300.jpg\" alt=\"Alle Praxisteile des Seminarkonzepts Dach-Praxis werden live mitgefilmt und auf eine Leinwand \u00fcbertragen. So k\u00f6nnen alle Teilnehmer die schwierigen Schnittstellen vergr\u00f6\u00dfert sehen. \" width=\"200\" height=\"300\" srcset=\"https:\/\/blog.proclima.com\/de\/files\/2016\/11\/2016_11_DachPraxis_3-200x300.jpg 200w, https:\/\/blog.proclima.com\/de\/files\/2016\/11\/2016_11_DachPraxis_3-683x1024.jpg 683w, https:\/\/blog.proclima.com\/de\/files\/2016\/11\/2016_11_DachPraxis_3-768x1151.jpg 768w, https:\/\/blog.proclima.com\/de\/files\/2016\/11\/2016_11_DachPraxis_3-1025x1536.jpg 1025w, https:\/\/blog.proclima.com\/de\/files\/2016\/11\/2016_11_DachPraxis_3-1367x2048.jpg 1367w, https:\/\/blog.proclima.com\/de\/files\/2016\/11\/2016_11_DachPraxis_3-256x384.jpg 256w, https:\/\/blog.proclima.com\/de\/files\/2016\/11\/2016_11_DachPraxis_3-scaled.jpg 1709w\" sizes=\"auto, (max-width: 200px) 100vw, 200px\" \/><\/a><figcaption id=\"caption-attachment-6641\" class=\"wp-caption-text\">Alle Praxisteile des Seminarkonzepts Dach-Praxis werden live mitgefilmt und auf eine Leinwand \u00fcbertragen. So k\u00f6nnen alle Teilnehmer die schwierigen Schnittstellen vergr\u00f6\u00dfert sehen.<\/figcaption><\/figure>\n<p>\u201eHier geht es nicht um den Verkauf von Produkten, sondern um Inhalte\u201c, sagte Zimmerermeister Olaf Mei aus Rottweil. <span style=\"color: #333333\">Er besuchte zum ersten Mal die Dach-Praxis-Schulung<\/span><span style=\"color: #333333\">. <\/span><span style=\"color: #333333\">David Bauer von der Zimmerei Veit <\/span><span style=\"color: #333333\">e<\/span><span style=\"color: #333333\">rg\u00e4nzte: <\/span>\u201eSpannend waren f\u00fcr uns die Praxistipps. Gut fanden wir auch die \u00dcbersicht \u00fcber die vielen Variationenbei der Verarbeitung von Holzfaserplatten.\u201c Damit alle Teilnehmer auch die pr\u00e4sentierten Detaill\u00f6sungen gut sehen konnten, wurden sie live auf eine Gro\u00dfleinwand \u00fcbertragen.<\/p>\n<p>Die drei Hersteller \u2013 pro clima \u2013 Experte f\u00fcr Luftdichtung innen und Winddichtung au\u00dfen \u2013, D\u00e4mmstoffhersteller Gutex und Dachfl\u00e4chenfensterproduzent Roto, haben die Dach-Praxis-Schulung initiiert. 2016 ist das Team durch sechs deutsche St\u00e4dte getourt.<\/p>\n<p>&nbsp;<\/p>\n<p>&nbsp;<\/p>\n<p><!--more--><\/p>\n<p><em><strong><a href=\"http:\/\/tinyurl.com\/j8dbmak\">pro clima TV hat alle Fachvortr\u00e4ge mitgefilmt, diese sind ab sofort abrufbar:<br \/>\nwww.proclima.tv<\/a><\/strong><\/em><br \/>\n<em> <a href=\"https:\/\/www.flickr.com\/photos\/proclima\/albums\/\"><strong>Fotos von der Dach-Praxis sind auch auf flickr. <\/strong><\/a><\/em><em>Fotos zur Pressemitteilung zum kostenfreien <a href=\"http:\/\/tinyurl.com\/jbtv5y7\">Download ohne Anmeldung hier.<\/a><\/em><\/p>\n<p><strong>Teilnehmerfeedbacks<\/strong><\/p>\n<p><iframe loading=\"lazy\"  id=\"_ytid_46982\" width=\"1170\" height=\"658\" src=\"https:\/\/www.youtube-nocookie.com\/embed\/pA9mMdqZXjc?enablejsapi=1&#038;autoplay=0&#038;cc_load_policy=0&#038;iv_load_policy=1&#038;loop=0&#038;modestbranding=1&#038;rel=0&#038;showinfo=0&#038;fs=1&#038;playsinline=1&#038;controls=2&#038;autohide=2&#038;theme=light&#038;color=red&#038;hl=de_DE&#038;\" class=\"__youtube_prefs__\" title=\"YouTube player\"  allowfullscreen data-no-lazy=\"1\" data-skipgform_ajax_framebjll=\"\"><\/iframe><\/p>\n<p><iframe loading=\"lazy\"  id=\"_ytid_46103\" width=\"1170\" height=\"658\" src=\"https:\/\/www.youtube-nocookie.com\/embed\/z06gjM-jRyk?enablejsapi=1&#038;autoplay=0&#038;cc_load_policy=0&#038;iv_load_policy=1&#038;loop=0&#038;modestbranding=1&#038;rel=0&#038;showinfo=0&#038;fs=1&#038;playsinline=1&#038;controls=2&#038;autohide=2&#038;theme=light&#038;color=red&#038;hl=de_DE&#038;\" class=\"__youtube_prefs__\" title=\"YouTube player\"  allowfullscreen data-no-lazy=\"1\" data-skipgform_ajax_framebjll=\"\"><\/iframe><\/p>\n<p><iframe loading=\"lazy\"  id=\"_ytid_59032\" width=\"1170\" height=\"658\" src=\"https:\/\/www.youtube-nocookie.com\/embed\/pJ5EzbALWDQ?enablejsapi=1&#038;autoplay=0&#038;cc_load_policy=0&#038;iv_load_policy=1&#038;loop=0&#038;modestbranding=1&#038;rel=0&#038;showinfo=0&#038;fs=1&#038;playsinline=1&#038;controls=2&#038;autohide=2&#038;theme=light&#038;color=red&#038;hl=de_DE&#038;\" class=\"__youtube_prefs__\" title=\"YouTube player\"  allowfullscreen data-no-lazy=\"1\" data-skipgform_ajax_framebjll=\"\"><\/iframe><\/p>\n<p><strong>Pressekontakt<\/strong><br \/>\nHeide Gentner<br \/>\n<a href=\"mailto:heide.gentner@proclima.de\">heide.gentner@proclima.de<\/a><br \/>\n06202\/2782-56<\/p>\n<p>Diese Pressemitteilung als PDF:<br \/>\n<a href=\"https:\/\/blog.proclima.com\/de\/files\/2016\/11\/PM_2016_13_Dach-Praxis-Kombischulung-2016-OTS.pdf\">pm_2016_13_dach-praxis-kombischulung-2016-ots<\/a><\/p>\n<p><span style=\"text-indent: 20px;width: auto;padding: 0px 4px 0px 0px;text-align: center;font: bold 11px\/20px 'Helvetica Neue',Helvetica,sans-serif;color: #ffffff;background: #bd081c  no-repeat scroll 3px 50% \/ 14px 14px;cursor: pointer\">Merken<\/span><\/p>\n","protected":false},"excerpt":{"rendered":"<p>Aktueller Stand bei Dachsanierungen und Praxiskniffe: Mehr als 500 Handwerker, Planer, H\u00e4ndler und Energieberater haben bei der Profischulung Dach-Praxis im November 2016 teilgenommen. Das Besondere: <a href=\"https:\/\/blog.proclima.com\/de\/2016\/11\/dach-praxis-2016-pm-2\/\" rel=\"bookmark\">&#8230;<\/a><\/p>\n","protected":false},"author":18,"featured_media":6642,"comment_status":"open","ping_status":"open","sticky":false,"template":"","format":"standard","meta":{"footnotes":""},"categories":[136],"tags":[649,1258],"class_list":["post-6639","post","type-post","status-publish","format-standard","has-post-thumbnail","hentry","category-pressemitteilung","tag-dach-praxis","tag-dach-praxis-2016"],"yoast_head":"<!-- This site is optimized with the Yoast SEO plugin v27.5 - https:\/\/yoast.com\/product\/yoast-seo-wordpress\/ -->\n<title>Dach-Praxis-Tour 2016 hat viele Sanierungsfragen beantwort &#187; pro clima Blog - Deutschland<\/title>\n<meta name=\"robots\" content=\"index, follow, max-snippet:-1, max-image-preview:large, max-video-preview:-1\" \/>\n<link rel=\"canonical\" href=\"https:\/\/blog.proclima.com\/de\/2016\/11\/dach-praxis-2016-pm-2\/\" \/>\n<meta property=\"og:locale\" content=\"de_DE\" \/>\n<meta property=\"og:type\" content=\"article\" \/>\n<meta property=\"og:title\" content=\"Dach-Praxis-Tour 2016 hat viele Sanierungsfragen beantwort &#187; pro clima Blog - Deutschland\" \/>\n<meta property=\"og:description\" content=\"Aktueller Stand bei Dachsanierungen und Praxiskniffe: Mehr als 500 Handwerker, Planer, H\u00e4ndler und Energieberater haben bei der Profischulung Dach-Praxis im November 2016 teilgenommen. Das Besondere: ...\" \/>\n<meta property=\"og:url\" content=\"https:\/\/blog.proclima.com\/de\/2016\/11\/dach-praxis-2016-pm-2\/\" \/>\n<meta property=\"og:site_name\" content=\"pro clima Blog - Deutschland\" \/>\n<meta property=\"article:publisher\" content=\"https:\/\/www.facebook.com\/proclima\" \/>\n<meta property=\"article:published_time\" content=\"2016-11-28T15:55:17+00:00\" \/>\n<meta property=\"article:modified_time\" content=\"2016-12-02T08:41:19+00:00\" \/>\n<meta property=\"og:image\" content=\"https:\/\/blog.proclima.com\/de\/files\/2016\/11\/2016_11_DachPraxis_2-scaled.jpg\" \/>\n\t<meta property=\"og:image:width\" content=\"2560\" \/>\n\t<meta property=\"og:image:height\" content=\"1709\" \/>\n\t<meta property=\"og:image:type\" content=\"image\/jpeg\" \/>\n<meta name=\"author\" content=\"Heide Merkel\" \/>\n<meta name=\"twitter:card\" content=\"summary_large_image\" \/>\n<meta name=\"twitter:creator\" content=\"@proclimaDE\" \/>\n<meta name=\"twitter:site\" content=\"@proclimaDE\" \/>\n<meta name=\"twitter:label1\" content=\"Verfasst von\" \/>\n\t<meta name=\"twitter:data1\" content=\"Heide Merkel\" \/>\n\t<meta name=\"twitter:label2\" content=\"Gesch\u00e4tzte Lesezeit\" \/>\n\t<meta name=\"twitter:data2\" content=\"2\u00a0Minuten\" \/>\n<script type=\"application\/ld+json\" class=\"yoast-schema-graph\">{\"@context\":\"https:\\\/\\\/schema.org\",\"@graph\":[{\"@type\":\"Article\",\"@id\":\"https:\\\/\\\/blog.proclima.com\\\/de\\\/2016\\\/11\\\/dach-praxis-2016-pm-2\\\/#article\",\"isPartOf\":{\"@id\":\"https:\\\/\\\/blog.proclima.com\\\/de\\\/2016\\\/11\\\/dach-praxis-2016-pm-2\\\/\"},\"author\":{\"name\":\"Heide Merkel\",\"@id\":\"https:\\\/\\\/blog.proclima.com\\\/de\\\/#\\\/schema\\\/person\\\/b3490e20200d5d45b8d56f555ceffc21\"},\"headline\":\"Dach-Praxis-Tour 2016 hat viele Sanierungsfragen beantwort\",\"datePublished\":\"2016-11-28T15:55:17+00:00\",\"dateModified\":\"2016-12-02T08:41:19+00:00\",\"mainEntityOfPage\":{\"@id\":\"https:\\\/\\\/blog.proclima.com\\\/de\\\/2016\\\/11\\\/dach-praxis-2016-pm-2\\\/\"},\"wordCount\":313,\"commentCount\":0,\"publisher\":{\"@id\":\"https:\\\/\\\/blog.proclima.com\\\/de\\\/#organization\"},\"image\":{\"@id\":\"https:\\\/\\\/blog.proclima.com\\\/de\\\/2016\\\/11\\\/dach-praxis-2016-pm-2\\\/#primaryimage\"},\"thumbnailUrl\":\"https:\\\/\\\/blog.proclima.com\\\/de\\\/files\\\/2016\\\/11\\\/2016_11_DachPraxis_2-scaled.jpg\",\"keywords\":[\"Dach-Praxis\",\"Dach-Praxis 2016\"],\"articleSection\":[\"Pressemitteilungen\"],\"inLanguage\":\"de\",\"potentialAction\":[{\"@type\":\"CommentAction\",\"name\":\"Comment\",\"target\":[\"https:\\\/\\\/blog.proclima.com\\\/de\\\/2016\\\/11\\\/dach-praxis-2016-pm-2\\\/#respond\"]}]},{\"@type\":\"WebPage\",\"@id\":\"https:\\\/\\\/blog.proclima.com\\\/de\\\/2016\\\/11\\\/dach-praxis-2016-pm-2\\\/\",\"url\":\"https:\\\/\\\/blog.proclima.com\\\/de\\\/2016\\\/11\\\/dach-praxis-2016-pm-2\\\/\",\"name\":\"Dach-Praxis-Tour 2016 hat viele Sanierungsfragen beantwort &#187; pro clima Blog - Deutschland\",\"isPartOf\":{\"@id\":\"https:\\\/\\\/blog.proclima.com\\\/de\\\/#website\"},\"primaryImageOfPage\":{\"@id\":\"https:\\\/\\\/blog.proclima.com\\\/de\\\/2016\\\/11\\\/dach-praxis-2016-pm-2\\\/#primaryimage\"},\"image\":{\"@id\":\"https:\\\/\\\/blog.proclima.com\\\/de\\\/2016\\\/11\\\/dach-praxis-2016-pm-2\\\/#primaryimage\"},\"thumbnailUrl\":\"https:\\\/\\\/blog.proclima.com\\\/de\\\/files\\\/2016\\\/11\\\/2016_11_DachPraxis_2-scaled.jpg\",\"datePublished\":\"2016-11-28T15:55:17+00:00\",\"dateModified\":\"2016-12-02T08:41:19+00:00\",\"breadcrumb\":{\"@id\":\"https:\\\/\\\/blog.proclima.com\\\/de\\\/2016\\\/11\\\/dach-praxis-2016-pm-2\\\/#breadcrumb\"},\"inLanguage\":\"de\",\"potentialAction\":[{\"@type\":\"ReadAction\",\"target\":[\"https:\\\/\\\/blog.proclima.com\\\/de\\\/2016\\\/11\\\/dach-praxis-2016-pm-2\\\/\"]}]},{\"@type\":\"ImageObject\",\"inLanguage\":\"de\",\"@id\":\"https:\\\/\\\/blog.proclima.com\\\/de\\\/2016\\\/11\\\/dach-praxis-2016-pm-2\\\/#primaryimage\",\"url\":\"https:\\\/\\\/blog.proclima.com\\\/de\\\/files\\\/2016\\\/11\\\/2016_11_DachPraxis_2-scaled.jpg\",\"contentUrl\":\"https:\\\/\\\/blog.proclima.com\\\/de\\\/files\\\/2016\\\/11\\\/2016_11_DachPraxis_2-scaled.jpg\",\"width\":2560,\"height\":1709},{\"@type\":\"BreadcrumbList\",\"@id\":\"https:\\\/\\\/blog.proclima.com\\\/de\\\/2016\\\/11\\\/dach-praxis-2016-pm-2\\\/#breadcrumb\",\"itemListElement\":[{\"@type\":\"ListItem\",\"position\":1,\"name\":\"Startseite\",\"item\":\"https:\\\/\\\/blog.proclima.com\\\/de\\\/\"},{\"@type\":\"ListItem\",\"position\":2,\"name\":\"Dach-Praxis-Tour 2016 hat viele Sanierungsfragen beantwort\"}]},{\"@type\":\"WebSite\",\"@id\":\"https:\\\/\\\/blog.proclima.com\\\/de\\\/#website\",\"url\":\"https:\\\/\\\/blog.proclima.com\\\/de\\\/\",\"name\":\"pro clima Blog - Deutschland\",\"description\":\"alles was pro clima bewegt\",\"publisher\":{\"@id\":\"https:\\\/\\\/blog.proclima.com\\\/de\\\/#organization\"},\"potentialAction\":[{\"@type\":\"SearchAction\",\"target\":{\"@type\":\"EntryPoint\",\"urlTemplate\":\"https:\\\/\\\/blog.proclima.com\\\/de\\\/?s={search_term_string}\"},\"query-input\":{\"@type\":\"PropertyValueSpecification\",\"valueRequired\":true,\"valueName\":\"search_term_string\"}}],\"inLanguage\":\"de\"},{\"@type\":\"Organization\",\"@id\":\"https:\\\/\\\/blog.proclima.com\\\/de\\\/#organization\",\"name\":\"pro clima - Moll bau\u00f6kologische Produkte GmbH\",\"url\":\"https:\\\/\\\/blog.proclima.com\\\/de\\\/\",\"logo\":{\"@type\":\"ImageObject\",\"inLanguage\":\"de\",\"@id\":\"https:\\\/\\\/blog.proclima.com\\\/de\\\/#\\\/schema\\\/logo\\\/image\\\/\",\"url\":\"https:\\\/\\\/blog.proclima.com\\\/de\\\/files\\\/2020\\\/04\\\/Logo-pro-clima.png\",\"contentUrl\":\"https:\\\/\\\/blog.proclima.com\\\/de\\\/files\\\/2020\\\/04\\\/Logo-pro-clima.png\",\"width\":4210,\"height\":4881,\"caption\":\"pro clima - Moll bau\u00f6kologische Produkte GmbH\"},\"image\":{\"@id\":\"https:\\\/\\\/blog.proclima.com\\\/de\\\/#\\\/schema\\\/logo\\\/image\\\/\"},\"sameAs\":[\"https:\\\/\\\/www.facebook.com\\\/proclima\",\"https:\\\/\\\/x.com\\\/proclimaDE\"]},{\"@type\":\"Person\",\"@id\":\"https:\\\/\\\/blog.proclima.com\\\/de\\\/#\\\/schema\\\/person\\\/b3490e20200d5d45b8d56f555ceffc21\",\"name\":\"Heide Merkel\",\"description\":\"Fachjournalistin, Referentin, Steuerung Presse &amp; Digitale Medien bei Moll bau\u00f6kologische Produkte GmbH (pro clima). Als Japanologin und ausgebildete Redakteurin ist Heide eher zuf\u00e4llig in der Baubranche gelandet. Seit 2011 arbeitet sie f\u00fcr pro clima. Ihr Wissen zu effektiver Kommunikation gibt sie in Seminaren, Artikeln und Vortr\u00e4gen weiter. F\u00fcr den pro clima Blog, proclima.tv und das pro clima Bauradio interviewt sie interessante Menschen aus der Baubranche. Auf\u00a0 luftdichtheit-gepr\u00fcft.de bloggt Heide \u00fcber Leckagen, Luftdichtung und Qualit\u00e4ts\u00fcberpr\u00fcfung mit Blower-Door-Tests. Ihre Freizeit verbringt sie u.a. in den Vogesen, wo sie seit mehr als f\u00fcnf Jahren ein altes Bauernhaus saniert. Ihr neuestes Projekt:\u00a0 www.besser-als-marketing.de Hier gibt es Tipps, wie Unternehmen in der Baubranche ihre Sichtbarkeit erh\u00f6hen k\u00f6nnen. Die ersten Videos sind bereits online im Youtube Channel Wer mehr \u00fcber Heide Merkel erfahren m\u00f6chte, findet sie auf den g\u00e4ngigen Social Media Plattformen.\",\"url\":\"https:\\\/\\\/blog.proclima.com\\\/de\\\/author\\\/gentner\\\/\"}]}<\/script>\n<!-- \/ Yoast SEO plugin. -->","yoast_head_json":{"title":"Dach-Praxis-Tour 2016 hat viele Sanierungsfragen beantwort &#187; pro clima Blog - Deutschland","robots":{"index":"index","follow":"follow","max-snippet":"max-snippet:-1","max-image-preview":"max-image-preview:large","max-video-preview":"max-video-preview:-1"},"canonical":"https:\/\/blog.proclima.com\/de\/2016\/11\/dach-praxis-2016-pm-2\/","og_locale":"de_DE","og_type":"article","og_title":"Dach-Praxis-Tour 2016 hat viele Sanierungsfragen beantwort &#187; pro clima Blog - Deutschland","og_description":"Aktueller Stand bei Dachsanierungen und Praxiskniffe: Mehr als 500 Handwerker, Planer, H\u00e4ndler und Energieberater haben bei der Profischulung Dach-Praxis im November 2016 teilgenommen. Das Besondere: ...","og_url":"https:\/\/blog.proclima.com\/de\/2016\/11\/dach-praxis-2016-pm-2\/","og_site_name":"pro clima Blog - Deutschland","article_publisher":"https:\/\/www.facebook.com\/proclima","article_published_time":"2016-11-28T15:55:17+00:00","article_modified_time":"2016-12-02T08:41:19+00:00","og_image":[{"width":2560,"height":1709,"url":"https:\/\/blog.proclima.com\/de\/files\/2016\/11\/2016_11_DachPraxis_2-scaled.jpg","type":"image\/jpeg"}],"author":"Heide Merkel","twitter_card":"summary_large_image","twitter_creator":"@proclimaDE","twitter_site":"@proclimaDE","twitter_misc":{"Verfasst von":"Heide Merkel","Gesch\u00e4tzte Lesezeit":"2\u00a0Minuten"},"schema":{"@context":"https:\/\/schema.org","@graph":[{"@type":"Article","@id":"https:\/\/blog.proclima.com\/de\/2016\/11\/dach-praxis-2016-pm-2\/#article","isPartOf":{"@id":"https:\/\/blog.proclima.com\/de\/2016\/11\/dach-praxis-2016-pm-2\/"},"author":{"name":"Heide Merkel","@id":"https:\/\/blog.proclima.com\/de\/#\/schema\/person\/b3490e20200d5d45b8d56f555ceffc21"},"headline":"Dach-Praxis-Tour 2016 hat viele Sanierungsfragen beantwort","datePublished":"2016-11-28T15:55:17+00:00","dateModified":"2016-12-02T08:41:19+00:00","mainEntityOfPage":{"@id":"https:\/\/blog.proclima.com\/de\/2016\/11\/dach-praxis-2016-pm-2\/"},"wordCount":313,"commentCount":0,"publisher":{"@id":"https:\/\/blog.proclima.com\/de\/#organization"},"image":{"@id":"https:\/\/blog.proclima.com\/de\/2016\/11\/dach-praxis-2016-pm-2\/#primaryimage"},"thumbnailUrl":"https:\/\/blog.proclima.com\/de\/files\/2016\/11\/2016_11_DachPraxis_2-scaled.jpg","keywords":["Dach-Praxis","Dach-Praxis 2016"],"articleSection":["Pressemitteilungen"],"inLanguage":"de","potentialAction":[{"@type":"CommentAction","name":"Comment","target":["https:\/\/blog.proclima.com\/de\/2016\/11\/dach-praxis-2016-pm-2\/#respond"]}]},{"@type":"WebPage","@id":"https:\/\/blog.proclima.com\/de\/2016\/11\/dach-praxis-2016-pm-2\/","url":"https:\/\/blog.proclima.com\/de\/2016\/11\/dach-praxis-2016-pm-2\/","name":"Dach-Praxis-Tour 2016 hat viele Sanierungsfragen beantwort &#187; pro clima Blog - Deutschland","isPartOf":{"@id":"https:\/\/blog.proclima.com\/de\/#website"},"primaryImageOfPage":{"@id":"https:\/\/blog.proclima.com\/de\/2016\/11\/dach-praxis-2016-pm-2\/#primaryimage"},"image":{"@id":"https:\/\/blog.proclima.com\/de\/2016\/11\/dach-praxis-2016-pm-2\/#primaryimage"},"thumbnailUrl":"https:\/\/blog.proclima.com\/de\/files\/2016\/11\/2016_11_DachPraxis_2-scaled.jpg","datePublished":"2016-11-28T15:55:17+00:00","dateModified":"2016-12-02T08:41:19+00:00","breadcrumb":{"@id":"https:\/\/blog.proclima.com\/de\/2016\/11\/dach-praxis-2016-pm-2\/#breadcrumb"},"inLanguage":"de","potentialAction":[{"@type":"ReadAction","target":["https:\/\/blog.proclima.com\/de\/2016\/11\/dach-praxis-2016-pm-2\/"]}]},{"@type":"ImageObject","inLanguage":"de","@id":"https:\/\/blog.proclima.com\/de\/2016\/11\/dach-praxis-2016-pm-2\/#primaryimage","url":"https:\/\/blog.proclima.com\/de\/files\/2016\/11\/2016_11_DachPraxis_2-scaled.jpg","contentUrl":"https:\/\/blog.proclima.com\/de\/files\/2016\/11\/2016_11_DachPraxis_2-scaled.jpg","width":2560,"height":1709},{"@type":"BreadcrumbList","@id":"https:\/\/blog.proclima.com\/de\/2016\/11\/dach-praxis-2016-pm-2\/#breadcrumb","itemListElement":[{"@type":"ListItem","position":1,"name":"Startseite","item":"https:\/\/blog.proclima.com\/de\/"},{"@type":"ListItem","position":2,"name":"Dach-Praxis-Tour 2016 hat viele Sanierungsfragen beantwort"}]},{"@type":"WebSite","@id":"https:\/\/blog.proclima.com\/de\/#website","url":"https:\/\/blog.proclima.com\/de\/","name":"pro clima Blog - Deutschland","description":"alles was pro clima bewegt","publisher":{"@id":"https:\/\/blog.proclima.com\/de\/#organization"},"potentialAction":[{"@type":"SearchAction","target":{"@type":"EntryPoint","urlTemplate":"https:\/\/blog.proclima.com\/de\/?s={search_term_string}"},"query-input":{"@type":"PropertyValueSpecification","valueRequired":true,"valueName":"search_term_string"}}],"inLanguage":"de"},{"@type":"Organization","@id":"https:\/\/blog.proclima.com\/de\/#organization","name":"pro clima - Moll bau\u00f6kologische Produkte GmbH","url":"https:\/\/blog.proclima.com\/de\/","logo":{"@type":"ImageObject","inLanguage":"de","@id":"https:\/\/blog.proclima.com\/de\/#\/schema\/logo\/image\/","url":"https:\/\/blog.proclima.com\/de\/files\/2020\/04\/Logo-pro-clima.png","contentUrl":"https:\/\/blog.proclima.com\/de\/files\/2020\/04\/Logo-pro-clima.png","width":4210,"height":4881,"caption":"pro clima - Moll bau\u00f6kologische Produkte GmbH"},"image":{"@id":"https:\/\/blog.proclima.com\/de\/#\/schema\/logo\/image\/"},"sameAs":["https:\/\/www.facebook.com\/proclima","https:\/\/x.com\/proclimaDE"]},{"@type":"Person","@id":"https:\/\/blog.proclima.com\/de\/#\/schema\/person\/b3490e20200d5d45b8d56f555ceffc21","name":"Heide Merkel","description":"Fachjournalistin, Referentin, Steuerung Presse &amp; Digitale Medien bei Moll bau\u00f6kologische Produkte GmbH (pro clima). Als Japanologin und ausgebildete Redakteurin ist Heide eher zuf\u00e4llig in der Baubranche gelandet. Seit 2011 arbeitet sie f\u00fcr pro clima. Ihr Wissen zu effektiver Kommunikation gibt sie in Seminaren, Artikeln und Vortr\u00e4gen weiter. F\u00fcr den pro clima Blog, proclima.tv und das pro clima Bauradio interviewt sie interessante Menschen aus der Baubranche. Auf\u00a0 luftdichtheit-gepr\u00fcft.de bloggt Heide \u00fcber Leckagen, Luftdichtung und Qualit\u00e4ts\u00fcberpr\u00fcfung mit Blower-Door-Tests. Ihre Freizeit verbringt sie u.a. in den Vogesen, wo sie seit mehr als f\u00fcnf Jahren ein altes Bauernhaus saniert. Ihr neuestes Projekt:\u00a0 www.besser-als-marketing.de Hier gibt es Tipps, wie Unternehmen in der Baubranche ihre Sichtbarkeit erh\u00f6hen k\u00f6nnen. Die ersten Videos sind bereits online im Youtube Channel Wer mehr \u00fcber Heide Merkel erfahren m\u00f6chte, findet sie auf den g\u00e4ngigen Social Media Plattformen.","url":"https:\/\/blog.proclima.com\/de\/author\/gentner\/"}]}},"canto_acf_fields":"","_links":{"self":[{"href":"https:\/\/blog.proclima.com\/de\/wp-json\/wp\/v2\/posts\/6639","targetHints":{"allow":["GET"]}}],"collection":[{"href":"https:\/\/blog.proclima.com\/de\/wp-json\/wp\/v2\/posts"}],"about":[{"href":"https:\/\/blog.proclima.com\/de\/wp-json\/wp\/v2\/types\/post"}],"author":[{"embeddable":true,"href":"https:\/\/blog.proclima.com\/de\/wp-json\/wp\/v2\/users\/18"}],"replies":[{"embeddable":true,"href":"https:\/\/blog.proclima.com\/de\/wp-json\/wp\/v2\/comments?post=6639"}],"version-history":[{"count":7,"href":"https:\/\/blog.proclima.com\/de\/wp-json\/wp\/v2\/posts\/6639\/revisions"}],"predecessor-version":[{"id":6666,"href":"https:\/\/blog.proclima.com\/de\/wp-json\/wp\/v2\/posts\/6639\/revisions\/6666"}],"wp:featuredmedia":[{"embeddable":true,"href":"https:\/\/blog.proclima.com\/de\/wp-json\/wp\/v2\/media\/6642"}],"wp:attachment":[{"href":"https:\/\/blog.proclima.com\/de\/wp-json\/wp\/v2\/media?parent=6639"}],"wp:term":[{"taxonomy":"category","embeddable":true,"href":"https:\/\/blog.proclima.com\/de\/wp-json\/wp\/v2\/categories?post=6639"},{"taxonomy":"post_tag","embeddable":true,"href":"https:\/\/blog.proclima.com\/de\/wp-json\/wp\/v2\/tags?post=6639"}],"curies":[{"name":"wp","href":"https:\/\/api.w.org\/{rel}","templated":true}]}}