
{"id":6629,"date":"2016-11-24T09:08:30","date_gmt":"2016-11-24T08:08:30","guid":{"rendered":"http:\/\/blog.proclima.com\/de\/?p=6629"},"modified":"2016-11-18T12:17:29","modified_gmt":"2016-11-18T11:17:29","slug":"pctv-zimmerei-schreinerei","status":"publish","type":"post","link":"https:\/\/blog.proclima.com\/de\/2016\/11\/pctv-zimmerei-schreinerei\/","title":{"rendered":"pro clima TV: Vorteile von Zimmerei &amp; Schreinerei unter einem Dach"},"content":{"rendered":"<p><iframe loading=\"lazy\"  id=\"_ytid_70079\" width=\"1170\" height=\"658\" src=\"https:\/\/www.youtube-nocookie.com\/embed\/_khjyAWLTzA?enablejsapi=1&#038;autoplay=0&#038;cc_load_policy=0&#038;iv_load_policy=1&#038;loop=0&#038;modestbranding=1&#038;rel=0&#038;showinfo=0&#038;fs=1&#038;playsinline=1&#038;controls=2&#038;autohide=2&#038;theme=light&#038;color=red&#038;hl=de_DE&#038;\" class=\"__youtube_prefs__\" title=\"YouTube player\"  allowfullscreen data-no-lazy=\"1\" data-skipgform_ajax_framebjll=\"\"><\/iframe><\/p>\n<p>Zimmermeister Patrick Pressel von <a href=\"http:\/\/www.muny.de\">Holzbau Muny<\/a> spricht \u00fcber die Vorteile der engen Zusammenarbeit, wenn Zimmerei und Schreinerei unter einem Dach sind.<br \/>\nPatrick Pressel hat zudem den kompletten Bau von acht Studenten- und Fl\u00fcchtlingswohnheimen in Ludwigsburg mit sechs Kameras dokumentiert. Er erz\u00e4hlt, was ihn \u00fcberrascht hat, als er das Material gesichtet hatte.<\/p>\n<p>Mehr \u00fcber Muny Holzbau:<br \/>\n<a href=\"http:\/\/www.muny.de\">www.muny.de<\/a><\/p>\n","protected":false},"excerpt":{"rendered":"<p>Zimmermeister Patrick Pressel von Holzbau Muny spricht \u00fcber die Vorteile der engen Zusammenarbeit, wenn Zimmerei und Schreinerei unter einem Dach sind. Patrick Pressel hat zudem <a href=\"https:\/\/blog.proclima.com\/de\/2016\/11\/pctv-zimmerei-schreinerei\/\" rel=\"bookmark\">&#8230;<\/a><\/p>\n","protected":false},"author":17,"featured_media":0,"comment_status":"open","ping_status":"open","sticky":false,"template":"","format":"standard","meta":{"footnotes":""},"categories":[1,448],"tags":[1253,1252,907,1254,1255],"class_list":["post-6629","post","type-post","status-publish","format-standard","hentry","category-proclima","category-pro-clima-tv","tag-holzbau-muny","tag-patrick-pressel","tag-pro-clima-tv","tag-vorteile","tag-zimmerei-schreinerei"],"yoast_head":"<!-- This site is optimized with the Yoast SEO plugin v27.5 - https:\/\/yoast.com\/product\/yoast-seo-wordpress\/ -->\n<title>pro clima TV: Vorteile von Zimmerei &amp; Schreinerei unter einem Dach &#187; pro clima Blog - Deutschland<\/title>\n<meta name=\"robots\" content=\"index, follow, max-snippet:-1, max-image-preview:large, max-video-preview:-1\" \/>\n<link rel=\"canonical\" href=\"https:\/\/blog.proclima.com\/de\/2016\/11\/pctv-zimmerei-schreinerei\/\" \/>\n<meta property=\"og:locale\" content=\"de_DE\" \/>\n<meta property=\"og:type\" content=\"article\" \/>\n<meta property=\"og:title\" content=\"pro clima TV: Vorteile von Zimmerei &amp; Schreinerei unter einem Dach &#187; pro clima Blog - Deutschland\" \/>\n<meta property=\"og:description\" content=\"Zimmermeister Patrick Pressel von Holzbau Muny spricht \u00fcber die Vorteile der engen Zusammenarbeit, wenn Zimmerei und Schreinerei unter einem Dach sind. Patrick Pressel hat zudem ...\" \/>\n<meta property=\"og:url\" content=\"https:\/\/blog.proclima.com\/de\/2016\/11\/pctv-zimmerei-schreinerei\/\" \/>\n<meta property=\"og:site_name\" content=\"pro clima Blog - Deutschland\" \/>\n<meta property=\"article:publisher\" content=\"https:\/\/www.facebook.com\/proclima\" \/>\n<meta property=\"article:published_time\" content=\"2016-11-24T08:08:30+00:00\" \/>\n<meta name=\"author\" content=\"Julia Metzger\" \/>\n<meta name=\"twitter:card\" content=\"summary_large_image\" \/>\n<meta name=\"twitter:creator\" content=\"@proclimaDE\" \/>\n<meta name=\"twitter:site\" content=\"@proclimaDE\" \/>\n<meta name=\"twitter:label1\" content=\"Verfasst von\" \/>\n\t<meta name=\"twitter:data1\" content=\"Julia Metzger\" \/>\n<script type=\"application\/ld+json\" class=\"yoast-schema-graph\">{\"@context\":\"https:\\\/\\\/schema.org\",\"@graph\":[{\"@type\":\"Article\",\"@id\":\"https:\\\/\\\/blog.proclima.com\\\/de\\\/2016\\\/11\\\/pctv-zimmerei-schreinerei\\\/#article\",\"isPartOf\":{\"@id\":\"https:\\\/\\\/blog.proclima.com\\\/de\\\/2016\\\/11\\\/pctv-zimmerei-schreinerei\\\/\"},\"author\":{\"name\":\"Julia Metzger\",\"@id\":\"https:\\\/\\\/blog.proclima.com\\\/de\\\/#\\\/schema\\\/person\\\/2cc86d57b4e91b6c23ab77b2ada44b16\"},\"headline\":\"pro clima TV: Vorteile von Zimmerei &amp; Schreinerei unter einem Dach\",\"datePublished\":\"2016-11-24T08:08:30+00:00\",\"mainEntityOfPage\":{\"@id\":\"https:\\\/\\\/blog.proclima.com\\\/de\\\/2016\\\/11\\\/pctv-zimmerei-schreinerei\\\/\"},\"wordCount\":78,\"commentCount\":0,\"publisher\":{\"@id\":\"https:\\\/\\\/blog.proclima.com\\\/de\\\/#organization\"},\"keywords\":[\"Holzbau Muny\",\"Patrick Pressel\",\"proclima.TV\",\"Vorteile\",\"Zimmerei Schreinerei\"],\"articleSection\":[\"pro clima\",\"proclima.TV\"],\"inLanguage\":\"de\",\"potentialAction\":[{\"@type\":\"CommentAction\",\"name\":\"Comment\",\"target\":[\"https:\\\/\\\/blog.proclima.com\\\/de\\\/2016\\\/11\\\/pctv-zimmerei-schreinerei\\\/#respond\"]}]},{\"@type\":\"WebPage\",\"@id\":\"https:\\\/\\\/blog.proclima.com\\\/de\\\/2016\\\/11\\\/pctv-zimmerei-schreinerei\\\/\",\"url\":\"https:\\\/\\\/blog.proclima.com\\\/de\\\/2016\\\/11\\\/pctv-zimmerei-schreinerei\\\/\",\"name\":\"pro clima TV: Vorteile von Zimmerei &amp; Schreinerei unter einem Dach &#187; pro clima Blog - Deutschland\",\"isPartOf\":{\"@id\":\"https:\\\/\\\/blog.proclima.com\\\/de\\\/#website\"},\"datePublished\":\"2016-11-24T08:08:30+00:00\",\"breadcrumb\":{\"@id\":\"https:\\\/\\\/blog.proclima.com\\\/de\\\/2016\\\/11\\\/pctv-zimmerei-schreinerei\\\/#breadcrumb\"},\"inLanguage\":\"de\",\"potentialAction\":[{\"@type\":\"ReadAction\",\"target\":[\"https:\\\/\\\/blog.proclima.com\\\/de\\\/2016\\\/11\\\/pctv-zimmerei-schreinerei\\\/\"]}]},{\"@type\":\"BreadcrumbList\",\"@id\":\"https:\\\/\\\/blog.proclima.com\\\/de\\\/2016\\\/11\\\/pctv-zimmerei-schreinerei\\\/#breadcrumb\",\"itemListElement\":[{\"@type\":\"ListItem\",\"position\":1,\"name\":\"Startseite\",\"item\":\"https:\\\/\\\/blog.proclima.com\\\/de\\\/\"},{\"@type\":\"ListItem\",\"position\":2,\"name\":\"pro clima TV: Vorteile von Zimmerei &amp; Schreinerei unter einem Dach\"}]},{\"@type\":\"WebSite\",\"@id\":\"https:\\\/\\\/blog.proclima.com\\\/de\\\/#website\",\"url\":\"https:\\\/\\\/blog.proclima.com\\\/de\\\/\",\"name\":\"pro clima Blog - Deutschland\",\"description\":\"alles was pro clima bewegt\",\"publisher\":{\"@id\":\"https:\\\/\\\/blog.proclima.com\\\/de\\\/#organization\"},\"potentialAction\":[{\"@type\":\"SearchAction\",\"target\":{\"@type\":\"EntryPoint\",\"urlTemplate\":\"https:\\\/\\\/blog.proclima.com\\\/de\\\/?s={search_term_string}\"},\"query-input\":{\"@type\":\"PropertyValueSpecification\",\"valueRequired\":true,\"valueName\":\"search_term_string\"}}],\"inLanguage\":\"de\"},{\"@type\":\"Organization\",\"@id\":\"https:\\\/\\\/blog.proclima.com\\\/de\\\/#organization\",\"name\":\"pro clima - Moll bau\u00f6kologische Produkte GmbH\",\"url\":\"https:\\\/\\\/blog.proclima.com\\\/de\\\/\",\"logo\":{\"@type\":\"ImageObject\",\"inLanguage\":\"de\",\"@id\":\"https:\\\/\\\/blog.proclima.com\\\/de\\\/#\\\/schema\\\/logo\\\/image\\\/\",\"url\":\"https:\\\/\\\/blog.proclima.com\\\/de\\\/files\\\/2020\\\/04\\\/Logo-pro-clima.png\",\"contentUrl\":\"https:\\\/\\\/blog.proclima.com\\\/de\\\/files\\\/2020\\\/04\\\/Logo-pro-clima.png\",\"width\":4210,\"height\":4881,\"caption\":\"pro clima - Moll bau\u00f6kologische Produkte GmbH\"},\"image\":{\"@id\":\"https:\\\/\\\/blog.proclima.com\\\/de\\\/#\\\/schema\\\/logo\\\/image\\\/\"},\"sameAs\":[\"https:\\\/\\\/www.facebook.com\\\/proclima\",\"https:\\\/\\\/x.com\\\/proclimaDE\"]},{\"@type\":\"Person\",\"@id\":\"https:\\\/\\\/blog.proclima.com\\\/de\\\/#\\\/schema\\\/person\\\/2cc86d57b4e91b6c23ab77b2ada44b16\",\"name\":\"Julia Metzger\",\"url\":\"https:\\\/\\\/blog.proclima.com\\\/de\\\/author\\\/metzger\\\/\"}]}<\/script>\n<!-- \/ Yoast SEO plugin. -->","yoast_head_json":{"title":"pro clima TV: Vorteile von Zimmerei &amp; Schreinerei unter einem Dach &#187; pro clima Blog - Deutschland","robots":{"index":"index","follow":"follow","max-snippet":"max-snippet:-1","max-image-preview":"max-image-preview:large","max-video-preview":"max-video-preview:-1"},"canonical":"https:\/\/blog.proclima.com\/de\/2016\/11\/pctv-zimmerei-schreinerei\/","og_locale":"de_DE","og_type":"article","og_title":"pro clima TV: Vorteile von Zimmerei &amp; Schreinerei unter einem Dach &#187; pro clima Blog - Deutschland","og_description":"Zimmermeister Patrick Pressel von Holzbau Muny spricht \u00fcber die Vorteile der engen Zusammenarbeit, wenn Zimmerei und Schreinerei unter einem Dach sind. Patrick Pressel hat zudem ...","og_url":"https:\/\/blog.proclima.com\/de\/2016\/11\/pctv-zimmerei-schreinerei\/","og_site_name":"pro clima Blog - Deutschland","article_publisher":"https:\/\/www.facebook.com\/proclima","article_published_time":"2016-11-24T08:08:30+00:00","author":"Julia Metzger","twitter_card":"summary_large_image","twitter_creator":"@proclimaDE","twitter_site":"@proclimaDE","twitter_misc":{"Verfasst von":"Julia Metzger"},"schema":{"@context":"https:\/\/schema.org","@graph":[{"@type":"Article","@id":"https:\/\/blog.proclima.com\/de\/2016\/11\/pctv-zimmerei-schreinerei\/#article","isPartOf":{"@id":"https:\/\/blog.proclima.com\/de\/2016\/11\/pctv-zimmerei-schreinerei\/"},"author":{"name":"Julia Metzger","@id":"https:\/\/blog.proclima.com\/de\/#\/schema\/person\/2cc86d57b4e91b6c23ab77b2ada44b16"},"headline":"pro clima TV: Vorteile von Zimmerei &amp; Schreinerei unter einem Dach","datePublished":"2016-11-24T08:08:30+00:00","mainEntityOfPage":{"@id":"https:\/\/blog.proclima.com\/de\/2016\/11\/pctv-zimmerei-schreinerei\/"},"wordCount":78,"commentCount":0,"publisher":{"@id":"https:\/\/blog.proclima.com\/de\/#organization"},"keywords":["Holzbau Muny","Patrick Pressel","proclima.TV","Vorteile","Zimmerei Schreinerei"],"articleSection":["pro clima","proclima.TV"],"inLanguage":"de","potentialAction":[{"@type":"CommentAction","name":"Comment","target":["https:\/\/blog.proclima.com\/de\/2016\/11\/pctv-zimmerei-schreinerei\/#respond"]}]},{"@type":"WebPage","@id":"https:\/\/blog.proclima.com\/de\/2016\/11\/pctv-zimmerei-schreinerei\/","url":"https:\/\/blog.proclima.com\/de\/2016\/11\/pctv-zimmerei-schreinerei\/","name":"pro clima TV: Vorteile von Zimmerei &amp; Schreinerei unter einem Dach &#187; pro clima Blog - Deutschland","isPartOf":{"@id":"https:\/\/blog.proclima.com\/de\/#website"},"datePublished":"2016-11-24T08:08:30+00:00","breadcrumb":{"@id":"https:\/\/blog.proclima.com\/de\/2016\/11\/pctv-zimmerei-schreinerei\/#breadcrumb"},"inLanguage":"de","potentialAction":[{"@type":"ReadAction","target":["https:\/\/blog.proclima.com\/de\/2016\/11\/pctv-zimmerei-schreinerei\/"]}]},{"@type":"BreadcrumbList","@id":"https:\/\/blog.proclima.com\/de\/2016\/11\/pctv-zimmerei-schreinerei\/#breadcrumb","itemListElement":[{"@type":"ListItem","position":1,"name":"Startseite","item":"https:\/\/blog.proclima.com\/de\/"},{"@type":"ListItem","position":2,"name":"pro clima TV: Vorteile von Zimmerei &amp; Schreinerei unter einem Dach"}]},{"@type":"WebSite","@id":"https:\/\/blog.proclima.com\/de\/#website","url":"https:\/\/blog.proclima.com\/de\/","name":"pro clima Blog - Deutschland","description":"alles was pro clima bewegt","publisher":{"@id":"https:\/\/blog.proclima.com\/de\/#organization"},"potentialAction":[{"@type":"SearchAction","target":{"@type":"EntryPoint","urlTemplate":"https:\/\/blog.proclima.com\/de\/?s={search_term_string}"},"query-input":{"@type":"PropertyValueSpecification","valueRequired":true,"valueName":"search_term_string"}}],"inLanguage":"de"},{"@type":"Organization","@id":"https:\/\/blog.proclima.com\/de\/#organization","name":"pro clima - Moll bau\u00f6kologische Produkte GmbH","url":"https:\/\/blog.proclima.com\/de\/","logo":{"@type":"ImageObject","inLanguage":"de","@id":"https:\/\/blog.proclima.com\/de\/#\/schema\/logo\/image\/","url":"https:\/\/blog.proclima.com\/de\/files\/2020\/04\/Logo-pro-clima.png","contentUrl":"https:\/\/blog.proclima.com\/de\/files\/2020\/04\/Logo-pro-clima.png","width":4210,"height":4881,"caption":"pro clima - Moll bau\u00f6kologische Produkte GmbH"},"image":{"@id":"https:\/\/blog.proclima.com\/de\/#\/schema\/logo\/image\/"},"sameAs":["https:\/\/www.facebook.com\/proclima","https:\/\/x.com\/proclimaDE"]},{"@type":"Person","@id":"https:\/\/blog.proclima.com\/de\/#\/schema\/person\/2cc86d57b4e91b6c23ab77b2ada44b16","name":"Julia Metzger","url":"https:\/\/blog.proclima.com\/de\/author\/metzger\/"}]}},"canto_acf_fields":"","_links":{"self":[{"href":"https:\/\/blog.proclima.com\/de\/wp-json\/wp\/v2\/posts\/6629","targetHints":{"allow":["GET"]}}],"collection":[{"href":"https:\/\/blog.proclima.com\/de\/wp-json\/wp\/v2\/posts"}],"about":[{"href":"https:\/\/blog.proclima.com\/de\/wp-json\/wp\/v2\/types\/post"}],"author":[{"embeddable":true,"href":"https:\/\/blog.proclima.com\/de\/wp-json\/wp\/v2\/users\/17"}],"replies":[{"embeddable":true,"href":"https:\/\/blog.proclima.com\/de\/wp-json\/wp\/v2\/comments?post=6629"}],"version-history":[{"count":1,"href":"https:\/\/blog.proclima.com\/de\/wp-json\/wp\/v2\/posts\/6629\/revisions"}],"predecessor-version":[{"id":6631,"href":"https:\/\/blog.proclima.com\/de\/wp-json\/wp\/v2\/posts\/6629\/revisions\/6631"}],"wp:attachment":[{"href":"https:\/\/blog.proclima.com\/de\/wp-json\/wp\/v2\/media?parent=6629"}],"wp:term":[{"taxonomy":"category","embeddable":true,"href":"https:\/\/blog.proclima.com\/de\/wp-json\/wp\/v2\/categories?post=6629"},{"taxonomy":"post_tag","embeddable":true,"href":"https:\/\/blog.proclima.com\/de\/wp-json\/wp\/v2\/tags?post=6629"}],"curies":[{"name":"wp","href":"https:\/\/api.w.org\/{rel}","templated":true}]}}