
{"id":6594,"date":"2016-12-02T09:35:09","date_gmt":"2016-12-02T08:35:09","guid":{"rendered":"http:\/\/blog.proclima.com\/de\/?p=6594"},"modified":"2021-09-03T11:42:53","modified_gmt":"2021-09-03T09:42:53","slug":"muss-man-tackerklammern-abkleben","status":"publish","type":"post","link":"https:\/\/blog.proclima.com\/de\/2016\/12\/muss-man-tackerklammern-abkleben\/","title":{"rendered":"Aus der Technik-Hotline: Muss man Tackerklammern \u00fcberhaupt abkleben?"},"content":{"rendered":"<p>Die pro clima Techniker stehen Rede und Antwort zu kniffligen Bauphysik-Themen:<\/p>\n<p><em>Christoph B\u00f6hringer, pro clima Anwendungstechniker:<\/em><br \/>\n&#8222;Hallo, sch\u00f6n, dass du fragst, denn ich bin der Meinung, dass es immer besser ist vorher zu fragen. Na ja, was soll ich Dir sagen, es ist wie so oft: Es kommt darauf an! Halt, noch einfacher: Grunds\u00e4tzlich nein, aber\u2026<\/p>\n<p>Wenn wir uns zuerst die Norm anschauen (da m\u00fcssen wir in die DIN 4108-7 reinschauen), dann sagt die folgendes dazu: \u201eDie Perforation durch die Verbindungsmittel der Bahnenmontage sind f\u00fcr die Luftdichtheit unbedeutend.\u201c Da sagt uns also die Norm eindeutig, dass die Tackerklammern zwar da, aber unbedeutend sind. Im Weiteren wird dann \u00fcber die Pressung und den Begriff \u201estiftf\u00f6rmig\u201c gesprochen \u2013 und da ist nun die Einschr\u00e4nkung:\u00a0\u201eEs-kommt-darauf-an\u201c.<!--more--><\/p>\n<figure id=\"attachment_6654\" aria-describedby=\"caption-attachment-6654\" style=\"width: 5520px\" class=\"wp-caption alignleft\"><a href=\"https:\/\/blog.proclima.com\/de\/files\/2016\/12\/Christoph-tackert6.jpg\"><img loading=\"lazy\" decoding=\"async\" class=\"wp-image-6654 size-full\" src=\"https:\/\/blog.proclima.com\/de\/files\/2016\/12\/Christoph-tackert6.jpg\" alt=\"christoph-tackert6\" width=\"5520\" height=\"3680\" \/><\/a><figcaption id=\"caption-attachment-6654\" class=\"wp-caption-text\">Christoph B\u00f6hringer beim Verlegen der Luftdichtungsbahn INTELLO PLUS. Hier wird gerade die INTELLO PLUS mittels Tackerklammern an den Sparren befestigt.<\/figcaption><\/figure>\n<p>Und zwar kommt es auf die Verarbeitung und die Verbindungsmittelart an. Punktf\u00f6rmige Durchdringungen der Verbindungsmittel sind unbedeutend, sollte\u00a0man schauen und pr\u00fcfen, wie die Durchdringung wirklich aussieht. hier stellt sich dann h\u00e4ufig die Frage: Wann wird aus meinem Punkt eine Linie? Denn je l\u00e4nger \u201eder Punkt\u201c wird, desto mehr bekommt er Einfluss auf die Luftdichtheit und desto eher muss man Ma\u00dfnahmen zum Wiederverschlie\u00dfen ergreifen.Sp\u00e4testens erkennbare Risse\u00a0in der Luftdichtheits- und Dampfbremsebene sollten\u00a0umgehend geschlossen werden.<\/p>\n<p>Und ehrlich, dann bist Du noch nicht fertig mit dem Mitdenken. Es kommen noch mehr Fragen, z. B.: Wird die Last des D\u00e4mmstoffes durch eine geeignete Unterkonstruktion\u00a0 aufgenommen? Wie viel Bewegung ist auf Dauer im Spiel? (Im Dach kann das viel sein wenn das D\u00e4mmpaket zwischen Unterdeckbahn und Dampfbremse liegt). Wie anspruchsvoll ist die Konstruktion im Hinblick auf die Dampfdiffusion, d. h. wie hoch sollte das Sicherheitsniveau sein? Je nach Material der Dampfbremse muss man sich fragen, wie leicht diese aus- und dann weiterrei\u00dfen kann? Wie werden die Tackerklammern gesetzt (parallel oder rechtwinklig zum Sparren)?<\/p>\n<p>Aber kommen wir zur\u00fcck zur Ausgangsfrage und dem Abkleben der Tackerklammern. Du siehst also, grunds\u00e4tzlich ist es ganz einfach: Nach Norm m\u00fcssen diese nicht abgedichtet werdet. Dennoch kommt es auf die jeweilige Situation, das Material und das Ziel des Bauvorhabens an. Hierbei sollte bedacht werden, dass (weil in der Norm nicht verlangt) ein Abkleben angebrachter Klammern oder andere Montageleistungen in diesem Zusammenhang gesonderte Leistungen darstellen und daher mitunter auch gesondert vereinbart und verg\u00fctet werden m\u00fcssen.<\/p>\n<p><strong>pro clima Technik<\/strong><br \/>\n<a href=\"https:\/\/blog.proclima.com\/de\/files\/2016\/07\/Christoph-Boehringer.jpg\"><img loading=\"lazy\" decoding=\"async\" data-size=\"418x500\" class=\"wp-image-6126 alignright\" src=\"https:\/\/blog.proclima.com\/de\/files\/2016\/07\/Christoph-Boehringer.jpg\" alt=\"Christoph Boehringer\" width=\"113\" height=\"135\" srcset=\"https:\/\/blog.proclima.com\/de\/files\/2016\/07\/Christoph-Boehringer.jpg 418w, https:\/\/blog.proclima.com\/de\/files\/2016\/07\/Christoph-Boehringer-251x300.jpg 251w, https:\/\/blog.proclima.com\/de\/files\/2016\/07\/Christoph-Boehringer-321x384.jpg 321w\" sizes=\"auto, (max-width: 113px) 100vw, 113px\" \/><\/a>Christoph B\u00f6hringer aus der pro clima Technik hat diese Frage beantwortet. Die Ingenieure aus Holzbau und Bauwesen helfen schnell, einfach und kompetent und geben L\u00f6sungen zur wirtschaftlichen, sicheren und wohngesunden Ausf\u00fchrung von Konstruktionen.<\/p>\n<p>Die pro clima Technik steht beratend zur Seite unter:<\/p>\n<ul>\n<li>Telefon:\u00a0 0 62 02 \u2013 27 82.45<strong><br \/>\n<\/strong><\/li>\n<li>E-Mail: <a href=\"mailto:technik@proclima.de\">technik@proclima.de<\/a><\/li>\n<li><a href=\"https:\/\/de.proclima.com\/service\/technikhotline\">Kontaktformular <\/a><\/li>\n<li>Bauteilanfragen: <a href=\"https:\/\/de.proclima.com\/service\/technikhotline\/bauteilanfrage\">https:\/\/de.proclima.com\/service\/technikhotline\/bauteilanfrage<\/a><\/li>\n<\/ul>\n<p><span style=\"text-indent: 20px;width: auto;padding: 0px 4px 0px 0px;text-align: center;font: bold 11px\/20px 'Helvetica Neue',Helvetica,sans-serif;color: #ffffff;background: #bd081c no-repeat scroll 3px 50% \/ 14px 14px;cursor: pointer\">Merken<\/span><\/p>\n","protected":false},"excerpt":{"rendered":"<p>Die pro clima Techniker stehen Rede und Antwort zu kniffligen Bauphysik-Themen: Christoph B\u00f6hringer, pro clima Anwendungstechniker: &#8222;Hallo, sch\u00f6n, dass du fragst, denn ich bin der <a href=\"https:\/\/blog.proclima.com\/de\/2016\/12\/muss-man-tackerklammern-abkleben\/\" rel=\"bookmark\">&#8230;<\/a><\/p>\n","protected":false},"author":5,"featured_media":6634,"comment_status":"open","ping_status":"open","sticky":false,"template":"","format":"standard","meta":{"footnotes":""},"categories":[1404],"tags":[371,6068,6107,1373,319,112,1257,1031],"class_list":["post-6594","post","type-post","status-publish","format-standard","has-post-thumbnail","hentry","category-anschlusse-und-details","tag-christoph-bohringer","tag-details","tag-featured","tag-luftdicht-anschliessen","tag-luftdichtheit","tag-luftdichtung","tag-tackerklammern","tag-wissenswerkstatt"],"yoast_head":"<!-- This site is optimized with the Yoast SEO plugin v27.5 - https:\/\/yoast.com\/product\/yoast-seo-wordpress\/ -->\n<title>Aus der Technik-Hotline: Muss man Tackerklammern \u00fcberhaupt abkleben? &#187; pro clima Blog - Deutschland<\/title>\n<meta name=\"robots\" content=\"index, follow, max-snippet:-1, max-image-preview:large, max-video-preview:-1\" \/>\n<link rel=\"canonical\" href=\"https:\/\/blog.proclima.com\/de\/2016\/12\/muss-man-tackerklammern-abkleben\/\" \/>\n<meta property=\"og:locale\" content=\"de_DE\" \/>\n<meta property=\"og:type\" content=\"article\" \/>\n<meta property=\"og:title\" content=\"Aus der Technik-Hotline: Muss man Tackerklammern \u00fcberhaupt abkleben? &#187; pro clima Blog - Deutschland\" \/>\n<meta property=\"og:description\" content=\"Die pro clima Techniker stehen Rede und Antwort zu kniffligen Bauphysik-Themen: Christoph B\u00f6hringer, pro clima Anwendungstechniker: &#8222;Hallo, sch\u00f6n, dass du fragst, denn ich bin der ...\" \/>\n<meta property=\"og:url\" content=\"https:\/\/blog.proclima.com\/de\/2016\/12\/muss-man-tackerklammern-abkleben\/\" \/>\n<meta property=\"og:site_name\" content=\"pro clima Blog - Deutschland\" \/>\n<meta property=\"article:publisher\" content=\"https:\/\/www.facebook.com\/proclima\" \/>\n<meta property=\"article:published_time\" content=\"2016-12-02T08:35:09+00:00\" \/>\n<meta property=\"article:modified_time\" content=\"2021-09-03T09:42:53+00:00\" \/>\n<meta property=\"og:image\" content=\"https:\/\/blog.proclima.com\/de\/files\/2016\/11\/Christoph-tackert4-scaled.jpg\" \/>\n\t<meta property=\"og:image:width\" content=\"2560\" \/>\n\t<meta property=\"og:image:height\" content=\"1707\" \/>\n\t<meta property=\"og:image:type\" content=\"image\/jpeg\" \/>\n<meta name=\"author\" content=\"Christoph B\u00f6hringer\" \/>\n<meta name=\"twitter:card\" content=\"summary_large_image\" \/>\n<meta name=\"twitter:creator\" content=\"@proclimaDE\" \/>\n<meta name=\"twitter:site\" content=\"@proclimaDE\" \/>\n<meta name=\"twitter:label1\" content=\"Verfasst von\" \/>\n\t<meta name=\"twitter:data1\" content=\"Christoph B\u00f6hringer\" \/>\n\t<meta name=\"twitter:label2\" content=\"Gesch\u00e4tzte Lesezeit\" \/>\n\t<meta name=\"twitter:data2\" content=\"2\u00a0Minuten\" \/>\n<script type=\"application\/ld+json\" class=\"yoast-schema-graph\">{\"@context\":\"https:\\\/\\\/schema.org\",\"@graph\":[{\"@type\":\"Article\",\"@id\":\"https:\\\/\\\/blog.proclima.com\\\/de\\\/2016\\\/12\\\/muss-man-tackerklammern-abkleben\\\/#article\",\"isPartOf\":{\"@id\":\"https:\\\/\\\/blog.proclima.com\\\/de\\\/2016\\\/12\\\/muss-man-tackerklammern-abkleben\\\/\"},\"author\":{\"name\":\"Christoph B\u00f6hringer\",\"@id\":\"https:\\\/\\\/blog.proclima.com\\\/de\\\/#\\\/schema\\\/person\\\/0a715ade84727a28e867b8e438ca2ebc\"},\"headline\":\"Aus der Technik-Hotline: Muss man Tackerklammern \u00fcberhaupt abkleben?\",\"datePublished\":\"2016-12-02T08:35:09+00:00\",\"dateModified\":\"2021-09-03T09:42:53+00:00\",\"mainEntityOfPage\":{\"@id\":\"https:\\\/\\\/blog.proclima.com\\\/de\\\/2016\\\/12\\\/muss-man-tackerklammern-abkleben\\\/\"},\"wordCount\":489,\"commentCount\":0,\"publisher\":{\"@id\":\"https:\\\/\\\/blog.proclima.com\\\/de\\\/#organization\"},\"image\":{\"@id\":\"https:\\\/\\\/blog.proclima.com\\\/de\\\/2016\\\/12\\\/muss-man-tackerklammern-abkleben\\\/#primaryimage\"},\"thumbnailUrl\":\"https:\\\/\\\/blog.proclima.com\\\/de\\\/files\\\/2016\\\/11\\\/Christoph-tackert4-scaled.jpg\",\"keywords\":[\"Christoph B\u00f6hringer\",\"Details\",\"featured\",\"luftdicht anschlie\u00dfen\",\"Luftdichtheit\",\"Luftdichtung\",\"Tackerklammern\",\"Wissenswerkstatt\"],\"articleSection\":[\"Anschl\u00fcsse und Details\"],\"inLanguage\":\"de\",\"potentialAction\":[{\"@type\":\"CommentAction\",\"name\":\"Comment\",\"target\":[\"https:\\\/\\\/blog.proclima.com\\\/de\\\/2016\\\/12\\\/muss-man-tackerklammern-abkleben\\\/#respond\"]}]},{\"@type\":\"WebPage\",\"@id\":\"https:\\\/\\\/blog.proclima.com\\\/de\\\/2016\\\/12\\\/muss-man-tackerklammern-abkleben\\\/\",\"url\":\"https:\\\/\\\/blog.proclima.com\\\/de\\\/2016\\\/12\\\/muss-man-tackerklammern-abkleben\\\/\",\"name\":\"Aus der Technik-Hotline: Muss man Tackerklammern \u00fcberhaupt abkleben? &#187; pro clima Blog - Deutschland\",\"isPartOf\":{\"@id\":\"https:\\\/\\\/blog.proclima.com\\\/de\\\/#website\"},\"primaryImageOfPage\":{\"@id\":\"https:\\\/\\\/blog.proclima.com\\\/de\\\/2016\\\/12\\\/muss-man-tackerklammern-abkleben\\\/#primaryimage\"},\"image\":{\"@id\":\"https:\\\/\\\/blog.proclima.com\\\/de\\\/2016\\\/12\\\/muss-man-tackerklammern-abkleben\\\/#primaryimage\"},\"thumbnailUrl\":\"https:\\\/\\\/blog.proclima.com\\\/de\\\/files\\\/2016\\\/11\\\/Christoph-tackert4-scaled.jpg\",\"datePublished\":\"2016-12-02T08:35:09+00:00\",\"dateModified\":\"2021-09-03T09:42:53+00:00\",\"breadcrumb\":{\"@id\":\"https:\\\/\\\/blog.proclima.com\\\/de\\\/2016\\\/12\\\/muss-man-tackerklammern-abkleben\\\/#breadcrumb\"},\"inLanguage\":\"de\",\"potentialAction\":[{\"@type\":\"ReadAction\",\"target\":[\"https:\\\/\\\/blog.proclima.com\\\/de\\\/2016\\\/12\\\/muss-man-tackerklammern-abkleben\\\/\"]}]},{\"@type\":\"ImageObject\",\"inLanguage\":\"de\",\"@id\":\"https:\\\/\\\/blog.proclima.com\\\/de\\\/2016\\\/12\\\/muss-man-tackerklammern-abkleben\\\/#primaryimage\",\"url\":\"https:\\\/\\\/blog.proclima.com\\\/de\\\/files\\\/2016\\\/11\\\/Christoph-tackert4-scaled.jpg\",\"contentUrl\":\"https:\\\/\\\/blog.proclima.com\\\/de\\\/files\\\/2016\\\/11\\\/Christoph-tackert4-scaled.jpg\",\"width\":2560,\"height\":1707},{\"@type\":\"BreadcrumbList\",\"@id\":\"https:\\\/\\\/blog.proclima.com\\\/de\\\/2016\\\/12\\\/muss-man-tackerklammern-abkleben\\\/#breadcrumb\",\"itemListElement\":[{\"@type\":\"ListItem\",\"position\":1,\"name\":\"Startseite\",\"item\":\"https:\\\/\\\/blog.proclima.com\\\/de\\\/\"},{\"@type\":\"ListItem\",\"position\":2,\"name\":\"Aus der Technik-Hotline: Muss man Tackerklammern \u00fcberhaupt abkleben?\"}]},{\"@type\":\"WebSite\",\"@id\":\"https:\\\/\\\/blog.proclima.com\\\/de\\\/#website\",\"url\":\"https:\\\/\\\/blog.proclima.com\\\/de\\\/\",\"name\":\"pro clima Blog - Deutschland\",\"description\":\"alles was pro clima bewegt\",\"publisher\":{\"@id\":\"https:\\\/\\\/blog.proclima.com\\\/de\\\/#organization\"},\"potentialAction\":[{\"@type\":\"SearchAction\",\"target\":{\"@type\":\"EntryPoint\",\"urlTemplate\":\"https:\\\/\\\/blog.proclima.com\\\/de\\\/?s={search_term_string}\"},\"query-input\":{\"@type\":\"PropertyValueSpecification\",\"valueRequired\":true,\"valueName\":\"search_term_string\"}}],\"inLanguage\":\"de\"},{\"@type\":\"Organization\",\"@id\":\"https:\\\/\\\/blog.proclima.com\\\/de\\\/#organization\",\"name\":\"pro clima - Moll bau\u00f6kologische Produkte GmbH\",\"url\":\"https:\\\/\\\/blog.proclima.com\\\/de\\\/\",\"logo\":{\"@type\":\"ImageObject\",\"inLanguage\":\"de\",\"@id\":\"https:\\\/\\\/blog.proclima.com\\\/de\\\/#\\\/schema\\\/logo\\\/image\\\/\",\"url\":\"https:\\\/\\\/blog.proclima.com\\\/de\\\/files\\\/2020\\\/04\\\/Logo-pro-clima.png\",\"contentUrl\":\"https:\\\/\\\/blog.proclima.com\\\/de\\\/files\\\/2020\\\/04\\\/Logo-pro-clima.png\",\"width\":4210,\"height\":4881,\"caption\":\"pro clima - Moll bau\u00f6kologische Produkte GmbH\"},\"image\":{\"@id\":\"https:\\\/\\\/blog.proclima.com\\\/de\\\/#\\\/schema\\\/logo\\\/image\\\/\"},\"sameAs\":[\"https:\\\/\\\/www.facebook.com\\\/proclima\",\"https:\\\/\\\/x.com\\\/proclimaDE\"]},{\"@type\":\"Person\",\"@id\":\"https:\\\/\\\/blog.proclima.com\\\/de\\\/#\\\/schema\\\/person\\\/0a715ade84727a28e867b8e438ca2ebc\",\"name\":\"Christoph B\u00f6hringer\",\"url\":\"https:\\\/\\\/blog.proclima.com\\\/de\\\/author\\\/boehringer\\\/\"}]}<\/script>\n<!-- \/ Yoast SEO plugin. -->","yoast_head_json":{"title":"Aus der Technik-Hotline: Muss man Tackerklammern \u00fcberhaupt abkleben? &#187; pro clima Blog - Deutschland","robots":{"index":"index","follow":"follow","max-snippet":"max-snippet:-1","max-image-preview":"max-image-preview:large","max-video-preview":"max-video-preview:-1"},"canonical":"https:\/\/blog.proclima.com\/de\/2016\/12\/muss-man-tackerklammern-abkleben\/","og_locale":"de_DE","og_type":"article","og_title":"Aus der Technik-Hotline: Muss man Tackerklammern \u00fcberhaupt abkleben? &#187; pro clima Blog - Deutschland","og_description":"Die pro clima Techniker stehen Rede und Antwort zu kniffligen Bauphysik-Themen: Christoph B\u00f6hringer, pro clima Anwendungstechniker: &#8222;Hallo, sch\u00f6n, dass du fragst, denn ich bin der ...","og_url":"https:\/\/blog.proclima.com\/de\/2016\/12\/muss-man-tackerklammern-abkleben\/","og_site_name":"pro clima Blog - Deutschland","article_publisher":"https:\/\/www.facebook.com\/proclima","article_published_time":"2016-12-02T08:35:09+00:00","article_modified_time":"2021-09-03T09:42:53+00:00","og_image":[{"width":2560,"height":1707,"url":"https:\/\/blog.proclima.com\/de\/files\/2016\/11\/Christoph-tackert4-scaled.jpg","type":"image\/jpeg"}],"author":"Christoph B\u00f6hringer","twitter_card":"summary_large_image","twitter_creator":"@proclimaDE","twitter_site":"@proclimaDE","twitter_misc":{"Verfasst von":"Christoph B\u00f6hringer","Gesch\u00e4tzte Lesezeit":"2\u00a0Minuten"},"schema":{"@context":"https:\/\/schema.org","@graph":[{"@type":"Article","@id":"https:\/\/blog.proclima.com\/de\/2016\/12\/muss-man-tackerklammern-abkleben\/#article","isPartOf":{"@id":"https:\/\/blog.proclima.com\/de\/2016\/12\/muss-man-tackerklammern-abkleben\/"},"author":{"name":"Christoph B\u00f6hringer","@id":"https:\/\/blog.proclima.com\/de\/#\/schema\/person\/0a715ade84727a28e867b8e438ca2ebc"},"headline":"Aus der Technik-Hotline: Muss man Tackerklammern \u00fcberhaupt abkleben?","datePublished":"2016-12-02T08:35:09+00:00","dateModified":"2021-09-03T09:42:53+00:00","mainEntityOfPage":{"@id":"https:\/\/blog.proclima.com\/de\/2016\/12\/muss-man-tackerklammern-abkleben\/"},"wordCount":489,"commentCount":0,"publisher":{"@id":"https:\/\/blog.proclima.com\/de\/#organization"},"image":{"@id":"https:\/\/blog.proclima.com\/de\/2016\/12\/muss-man-tackerklammern-abkleben\/#primaryimage"},"thumbnailUrl":"https:\/\/blog.proclima.com\/de\/files\/2016\/11\/Christoph-tackert4-scaled.jpg","keywords":["Christoph B\u00f6hringer","Details","featured","luftdicht anschlie\u00dfen","Luftdichtheit","Luftdichtung","Tackerklammern","Wissenswerkstatt"],"articleSection":["Anschl\u00fcsse und Details"],"inLanguage":"de","potentialAction":[{"@type":"CommentAction","name":"Comment","target":["https:\/\/blog.proclima.com\/de\/2016\/12\/muss-man-tackerklammern-abkleben\/#respond"]}]},{"@type":"WebPage","@id":"https:\/\/blog.proclima.com\/de\/2016\/12\/muss-man-tackerklammern-abkleben\/","url":"https:\/\/blog.proclima.com\/de\/2016\/12\/muss-man-tackerklammern-abkleben\/","name":"Aus der Technik-Hotline: Muss man Tackerklammern \u00fcberhaupt abkleben? &#187; pro clima Blog - Deutschland","isPartOf":{"@id":"https:\/\/blog.proclima.com\/de\/#website"},"primaryImageOfPage":{"@id":"https:\/\/blog.proclima.com\/de\/2016\/12\/muss-man-tackerklammern-abkleben\/#primaryimage"},"image":{"@id":"https:\/\/blog.proclima.com\/de\/2016\/12\/muss-man-tackerklammern-abkleben\/#primaryimage"},"thumbnailUrl":"https:\/\/blog.proclima.com\/de\/files\/2016\/11\/Christoph-tackert4-scaled.jpg","datePublished":"2016-12-02T08:35:09+00:00","dateModified":"2021-09-03T09:42:53+00:00","breadcrumb":{"@id":"https:\/\/blog.proclima.com\/de\/2016\/12\/muss-man-tackerklammern-abkleben\/#breadcrumb"},"inLanguage":"de","potentialAction":[{"@type":"ReadAction","target":["https:\/\/blog.proclima.com\/de\/2016\/12\/muss-man-tackerklammern-abkleben\/"]}]},{"@type":"ImageObject","inLanguage":"de","@id":"https:\/\/blog.proclima.com\/de\/2016\/12\/muss-man-tackerklammern-abkleben\/#primaryimage","url":"https:\/\/blog.proclima.com\/de\/files\/2016\/11\/Christoph-tackert4-scaled.jpg","contentUrl":"https:\/\/blog.proclima.com\/de\/files\/2016\/11\/Christoph-tackert4-scaled.jpg","width":2560,"height":1707},{"@type":"BreadcrumbList","@id":"https:\/\/blog.proclima.com\/de\/2016\/12\/muss-man-tackerklammern-abkleben\/#breadcrumb","itemListElement":[{"@type":"ListItem","position":1,"name":"Startseite","item":"https:\/\/blog.proclima.com\/de\/"},{"@type":"ListItem","position":2,"name":"Aus der Technik-Hotline: Muss man Tackerklammern \u00fcberhaupt abkleben?"}]},{"@type":"WebSite","@id":"https:\/\/blog.proclima.com\/de\/#website","url":"https:\/\/blog.proclima.com\/de\/","name":"pro clima Blog - Deutschland","description":"alles was pro clima bewegt","publisher":{"@id":"https:\/\/blog.proclima.com\/de\/#organization"},"potentialAction":[{"@type":"SearchAction","target":{"@type":"EntryPoint","urlTemplate":"https:\/\/blog.proclima.com\/de\/?s={search_term_string}"},"query-input":{"@type":"PropertyValueSpecification","valueRequired":true,"valueName":"search_term_string"}}],"inLanguage":"de"},{"@type":"Organization","@id":"https:\/\/blog.proclima.com\/de\/#organization","name":"pro clima - Moll bau\u00f6kologische Produkte GmbH","url":"https:\/\/blog.proclima.com\/de\/","logo":{"@type":"ImageObject","inLanguage":"de","@id":"https:\/\/blog.proclima.com\/de\/#\/schema\/logo\/image\/","url":"https:\/\/blog.proclima.com\/de\/files\/2020\/04\/Logo-pro-clima.png","contentUrl":"https:\/\/blog.proclima.com\/de\/files\/2020\/04\/Logo-pro-clima.png","width":4210,"height":4881,"caption":"pro clima - Moll bau\u00f6kologische Produkte GmbH"},"image":{"@id":"https:\/\/blog.proclima.com\/de\/#\/schema\/logo\/image\/"},"sameAs":["https:\/\/www.facebook.com\/proclima","https:\/\/x.com\/proclimaDE"]},{"@type":"Person","@id":"https:\/\/blog.proclima.com\/de\/#\/schema\/person\/0a715ade84727a28e867b8e438ca2ebc","name":"Christoph B\u00f6hringer","url":"https:\/\/blog.proclima.com\/de\/author\/boehringer\/"}]}},"canto_acf_fields":"","_links":{"self":[{"href":"https:\/\/blog.proclima.com\/de\/wp-json\/wp\/v2\/posts\/6594","targetHints":{"allow":["GET"]}}],"collection":[{"href":"https:\/\/blog.proclima.com\/de\/wp-json\/wp\/v2\/posts"}],"about":[{"href":"https:\/\/blog.proclima.com\/de\/wp-json\/wp\/v2\/types\/post"}],"author":[{"embeddable":true,"href":"https:\/\/blog.proclima.com\/de\/wp-json\/wp\/v2\/users\/5"}],"replies":[{"embeddable":true,"href":"https:\/\/blog.proclima.com\/de\/wp-json\/wp\/v2\/comments?post=6594"}],"version-history":[{"count":14,"href":"https:\/\/blog.proclima.com\/de\/wp-json\/wp\/v2\/posts\/6594\/revisions"}],"predecessor-version":[{"id":9509,"href":"https:\/\/blog.proclima.com\/de\/wp-json\/wp\/v2\/posts\/6594\/revisions\/9509"}],"wp:featuredmedia":[{"embeddable":true,"href":"https:\/\/blog.proclima.com\/de\/wp-json\/wp\/v2\/media\/6634"}],"wp:attachment":[{"href":"https:\/\/blog.proclima.com\/de\/wp-json\/wp\/v2\/media?parent=6594"}],"wp:term":[{"taxonomy":"category","embeddable":true,"href":"https:\/\/blog.proclima.com\/de\/wp-json\/wp\/v2\/categories?post=6594"},{"taxonomy":"post_tag","embeddable":true,"href":"https:\/\/blog.proclima.com\/de\/wp-json\/wp\/v2\/tags?post=6594"}],"curies":[{"name":"wp","href":"https:\/\/api.w.org\/{rel}","templated":true}]}}