
{"id":5937,"date":"2016-10-13T09:31:54","date_gmt":"2016-10-13T07:31:54","guid":{"rendered":"http:\/\/blog.proclima.com\/de\/?p=5937"},"modified":"2016-10-17T09:13:46","modified_gmt":"2016-10-17T07:13:46","slug":"bauen-neu-denken-zukunft-aktiv-gestalten","status":"publish","type":"post","link":"https:\/\/blog.proclima.com\/de\/2016\/10\/bauen-neu-denken-zukunft-aktiv-gestalten\/","title":{"rendered":"Bauen neu denken \u2013 Zukunft aktiv gestalten"},"content":{"rendered":"<div><em>\u00bbCeci n\u2019est pas un h\u00f4pital\u00ab \u2013 \u00bbDies ist kein Krankenhaus\u00ab \u2013 unter diesem Motto<\/em><\/div>\n<div><em>entsteht im belgischen K\u00fcstenort Knokke ein 324-Betten-Haus, das in Bild <\/em><em>und Wirkung in keiner Weise einem konventionellen Krankenhausbau gleicht.<\/em><\/div>\n<div>\n<p>&nbsp;<\/p>\n<\/div>\n<div><a href=\"https:\/\/blog.proclima.com\/de\/files\/2016\/07\/Knokke.png\"><img loading=\"lazy\" decoding=\"async\" data-size=\"1319x731\" class=\"alignleft size-large wp-image-5938\" src=\"https:\/\/blog.proclima.com\/de\/files\/2016\/07\/Knokke-1024x568.png\" alt=\"Knokke\" width=\"584\" height=\"324\" srcset=\"https:\/\/blog.proclima.com\/de\/files\/2016\/07\/Knokke-1024x568.png 1024w, https:\/\/blog.proclima.com\/de\/files\/2016\/07\/Knokke-300x166.png 300w, https:\/\/blog.proclima.com\/de\/files\/2016\/07\/Knokke-768x426.png 768w, https:\/\/blog.proclima.com\/de\/files\/2016\/07\/Knokke-384x213.png 384w, https:\/\/blog.proclima.com\/de\/files\/2016\/07\/Knokke.png 1319w\" sizes=\"auto, (max-width: 584px) 100vw, 584px\" \/><\/a><\/div>\n<div><\/div>\n<div><\/div>\n<div><\/div>\n<div><\/div>\n<div><\/div>\n<div><\/div>\n<div><\/div>\n<div><\/div>\n<div><\/div>\n<div><\/div>\n<div><\/div>\n<div><\/div>\n<div><\/div>\n<div>\n<div>Der organisch geformte Bauk\u00f6rper scheint wie eine Wolke \u00fcber der weitl\u00e4ufigen Polderlandschaft zu schweben. Lichtdurchflutete Innenh\u00f6fe und ein verglastes Sockelgeschoss leiten Licht bis in die unteren Stockwerke. Das f\u00fcnfgeschossige Geb\u00e4ude vereint Krankenhaus, Reha, Pflegezentrum und Polyklinik mit Auditorien und \u00f6ffentlichen Veranstaltungsr\u00e4umen. Der flie\u00dfende \u00dcbergang zwischen Innen und Au\u00dfen, zwischen \u00f6ffentlichen und medizinischen Funktionen, schafft eine einladende und inspirierende Atmosph\u00e4re, in der sich Patienten, Personal und Besucher wohlf\u00fchlen und austauschen sollen.<\/div>\n<div><\/div>\n<div><strong><br \/>\n\u00bbWohngesundheit und zukunftsf\u00e4higes Bauen sind auch f\u00fcr uns zentrale<\/strong><\/div>\n<div><strong>Themen\u00ab<\/strong><\/div>\n<div>&#8230; erkl\u00e4rt Oliver Goldau, Marketingleiter bei pro clima. \u00bbWie kann ich eine<\/div>\n<div>Umgebung schaffen, die das Wohlbefinden des Menschen f\u00f6rdert? Durch enge Zusammenarbeit mit Kooperationspartnern weltweit k\u00f6nnen wir nachhaltige, innovative Konzepte entwickeln und die Umsetzung von mutigen Vorreiterprojekten wie das<\/div>\n<div>AZ Zeno unterst\u00fctzen.\u00ab Bei der Umsetzung stand ein gemeinsames Ziel<\/div>\n<div>stets im Mittelpunkt: Eine \u00bblebendige Architektur\u00ab zu schaffen, Funktionalit\u00e4t mit Nachhaltigkeit zu verbinden und den Charakter des Ortes und der Landschaft zu respektieren.<\/p>\n<div>\n<p><!--more--><\/p>\n<\/div>\n<\/div>\n<div>\n<figure id=\"attachment_5939\" aria-describedby=\"caption-attachment-5939\" style=\"width: 250px\" class=\"wp-caption alignleft\"><a href=\"https:\/\/blog.proclima.com\/de\/files\/2016\/07\/knokke_encors.jpg\"><img loading=\"lazy\" decoding=\"async\" class=\"wp-image-5939\" src=\"https:\/\/blog.proclima.com\/de\/files\/2016\/07\/knokke_encors-1024x768.jpg\" alt=\"knokke_encors\" width=\"250\" height=\"188\" srcset=\"https:\/\/blog.proclima.com\/de\/files\/2016\/07\/knokke_encors-1024x768.jpg 1024w, https:\/\/blog.proclima.com\/de\/files\/2016\/07\/knokke_encors-300x225.jpg 300w, https:\/\/blog.proclima.com\/de\/files\/2016\/07\/knokke_encors-768x576.jpg 768w, https:\/\/blog.proclima.com\/de\/files\/2016\/07\/knokke_encors-1536x1152.jpg 1536w, https:\/\/blog.proclima.com\/de\/files\/2016\/07\/knokke_encors-2048x1536.jpg 2048w, https:\/\/blog.proclima.com\/de\/files\/2016\/07\/knokke_encors-384x288.jpg 384w\" sizes=\"auto, (max-width: 250px) 100vw, 250px\" \/><\/a><figcaption id=\"caption-attachment-5939\" class=\"wp-caption-text\">Bei der Umsetzung der Geb\u00e4udedichtung hat pro clima mit viel Know-how unterst\u00fctzt. Die Fensteranschl\u00fcsse konnten besonders wirtschaftlich mit dem pro clima Acrylat-Butylklebeband EXTOSEAL ENCORS abgedichtet werden.<\/figcaption><\/figure>\n<\/div>\n<div><strong>Ideen gemeinsam verwirklichen<\/strong><\/div>\n<div>\n<p>Dabei setzen die Planer auf energieeffiziente Technologien und Materialien: Eine Biogasanlage, Kraftw\u00e4rmekoppelung und ein Erdw\u00e4rmespeicher tragen zur nachhaltigen Energiegewinnung bei. pro clima hat viel Know-how beim zentralen Thema Geb\u00e4udedichtung eingebracht, insbesondere im Bereich der Fensteranschl\u00fcsse. Exportmanager Jens L\u00fcder Herms hat bei der Umsetzung beraten: \u00bbDie Architekten gro\u00dfen Wert auf Qualit\u00e4t und einen effizienten Bauablauf gelegt.\u00ab Das passt zu unserer<\/p>\n<p>Philosophie:<\/p>\n<\/div>\n<div>\n<div class=\"textLayer\">\n<div><strong>Klare Verarbeitung und die Vermeidung <a href=\"https:\/\/blog.proclima.com\/de\/files\/2016\/07\/knokke_fenster.jpg\"><img loading=\"lazy\" decoding=\"async\" class=\"wp-image-5940 alignright\" src=\"https:\/\/blog.proclima.com\/de\/files\/2016\/07\/knokke_fenster-1024x768.jpg\" alt=\"knokke_fenster\" width=\"260\" height=\"195\" srcset=\"https:\/\/blog.proclima.com\/de\/files\/2016\/07\/knokke_fenster-1024x768.jpg 1024w, https:\/\/blog.proclima.com\/de\/files\/2016\/07\/knokke_fenster-300x225.jpg 300w, https:\/\/blog.proclima.com\/de\/files\/2016\/07\/knokke_fenster-768x576.jpg 768w, https:\/\/blog.proclima.com\/de\/files\/2016\/07\/knokke_fenster-1536x1152.jpg 1536w, https:\/\/blog.proclima.com\/de\/files\/2016\/07\/knokke_fenster-2048x1536.jpg 2048w, https:\/\/blog.proclima.com\/de\/files\/2016\/07\/knokke_fenster-384x288.jpg 384w\" sizes=\"auto, (max-width: 260px) 100vw, 260px\" \/><\/a>von Bausch\u00e4den und Energieverlusten<\/strong><\/div>\n<div>Ab 2017 werden die ersten Patienten im AZ ZENO in Knokke behandelt. Weitere vision\u00e4re Ideen f\u00fcr die Zukunft des Gesundheitswesens sollen hier Wirklichkeit werden.<\/div>\n<\/div>\n<\/div>\n<div>\n<p>&nbsp;<\/p>\n<p><strong> Weitere Infos:<\/strong><\/p>\n<\/div>\n<ul>\n<li>Projekt: Gesundheitszentrum <a href=\"http:\/\/www.nieuwbouwzeno.be\/\">AZ ZENO<\/a> in Knokke, Belgien<\/li>\n<li>Planer: Arbeitsgemeinschaft <a href=\"http:\/\/www.boeckx.be\/nl\">Boeckx Architects<\/a>, Aaprog und <a href=\"http:\/\/www.b2ai.com\">Buro II &amp; Archi+I<\/a><\/li>\n<li>Beratung: <a href=\"http:\/\/www.isoproc.be\">pro clima Belgien: Isoproc Solutions<\/a>, Mechelen<\/li>\n<li>Geb\u00e4udedichtung: <a href=\"http:\/\/www.proclima.de\">MOLL bau\u00f6kologische Produkte GmbH<\/a><\/li>\n<\/ul>\n<div><\/div>\n<\/div>\n<p>&nbsp;<\/p>\n<p>&nbsp;<\/p>\n<p>&nbsp;<\/p>\n<p>&nbsp;<\/p>\n<p>&nbsp;<\/p>\n","protected":false},"excerpt":{"rendered":"<p>\u00bbCeci n\u2019est pas un h\u00f4pital\u00ab \u2013 \u00bbDies ist kein Krankenhaus\u00ab \u2013 unter diesem Motto entsteht im belgischen K\u00fcstenort Knokke ein 324-Betten-Haus, das in Bild und <a href=\"https:\/\/blog.proclima.com\/de\/2016\/10\/bauen-neu-denken-zukunft-aktiv-gestalten\/\" rel=\"bookmark\">&#8230;<\/a><\/p>\n","protected":false},"author":17,"featured_media":0,"comment_status":"open","ping_status":"open","sticky":false,"template":"","format":"standard","meta":{"footnotes":""},"categories":[1],"tags":[363,684,34,205,139,1135],"class_list":["post-5937","post","type-post","status-publish","format-standard","hentry","category-proclima","tag-bauschaden","tag-jens-lueder-herms","tag-pro-clima","tag-verarbeitung","tag-wohngesundheit","tag-zukunftsfaehiges-bauen"],"yoast_head":"<!-- This site is optimized with the Yoast SEO plugin v27.5 - https:\/\/yoast.com\/product\/yoast-seo-wordpress\/ -->\n<title>Bauen neu denken \u2013 Zukunft aktiv gestalten &#187; pro clima Blog - Deutschland<\/title>\n<meta name=\"robots\" content=\"index, follow, max-snippet:-1, max-image-preview:large, max-video-preview:-1\" \/>\n<link rel=\"canonical\" href=\"https:\/\/blog.proclima.com\/de\/2016\/10\/bauen-neu-denken-zukunft-aktiv-gestalten\/\" \/>\n<meta property=\"og:locale\" content=\"de_DE\" \/>\n<meta property=\"og:type\" content=\"article\" \/>\n<meta property=\"og:title\" content=\"Bauen neu denken \u2013 Zukunft aktiv gestalten &#187; pro clima Blog - Deutschland\" \/>\n<meta property=\"og:description\" content=\"\u00bbCeci n\u2019est pas un h\u00f4pital\u00ab \u2013 \u00bbDies ist kein Krankenhaus\u00ab \u2013 unter diesem Motto entsteht im belgischen K\u00fcstenort Knokke ein 324-Betten-Haus, das in Bild und ...\" \/>\n<meta property=\"og:url\" content=\"https:\/\/blog.proclima.com\/de\/2016\/10\/bauen-neu-denken-zukunft-aktiv-gestalten\/\" \/>\n<meta property=\"og:site_name\" content=\"pro clima Blog - Deutschland\" \/>\n<meta property=\"article:publisher\" content=\"https:\/\/www.facebook.com\/proclima\" \/>\n<meta property=\"article:published_time\" content=\"2016-10-13T07:31:54+00:00\" \/>\n<meta property=\"article:modified_time\" content=\"2016-10-17T07:13:46+00:00\" \/>\n<meta property=\"og:image\" content=\"https:\/\/blog.proclima.com\/de\/files\/2016\/07\/Knokke.png\" \/>\n\t<meta property=\"og:image:width\" content=\"1319\" \/>\n\t<meta property=\"og:image:height\" content=\"731\" \/>\n\t<meta property=\"og:image:type\" content=\"image\/png\" \/>\n<meta name=\"author\" content=\"Julia Metzger\" \/>\n<meta name=\"twitter:card\" content=\"summary_large_image\" \/>\n<meta name=\"twitter:creator\" content=\"@proclimaDE\" \/>\n<meta name=\"twitter:site\" content=\"@proclimaDE\" \/>\n<meta name=\"twitter:label1\" content=\"Verfasst von\" \/>\n\t<meta name=\"twitter:data1\" content=\"Julia Metzger\" \/>\n\t<meta name=\"twitter:label2\" content=\"Gesch\u00e4tzte Lesezeit\" \/>\n\t<meta name=\"twitter:data2\" content=\"2\u00a0Minuten\" \/>\n<script type=\"application\/ld+json\" class=\"yoast-schema-graph\">{\"@context\":\"https:\\\/\\\/schema.org\",\"@graph\":[{\"@type\":\"Article\",\"@id\":\"https:\\\/\\\/blog.proclima.com\\\/de\\\/2016\\\/10\\\/bauen-neu-denken-zukunft-aktiv-gestalten\\\/#article\",\"isPartOf\":{\"@id\":\"https:\\\/\\\/blog.proclima.com\\\/de\\\/2016\\\/10\\\/bauen-neu-denken-zukunft-aktiv-gestalten\\\/\"},\"author\":{\"name\":\"Julia Metzger\",\"@id\":\"https:\\\/\\\/blog.proclima.com\\\/de\\\/#\\\/schema\\\/person\\\/2cc86d57b4e91b6c23ab77b2ada44b16\"},\"headline\":\"Bauen neu denken \u2013 Zukunft aktiv gestalten\",\"datePublished\":\"2016-10-13T07:31:54+00:00\",\"dateModified\":\"2016-10-17T07:13:46+00:00\",\"mainEntityOfPage\":{\"@id\":\"https:\\\/\\\/blog.proclima.com\\\/de\\\/2016\\\/10\\\/bauen-neu-denken-zukunft-aktiv-gestalten\\\/\"},\"wordCount\":391,\"commentCount\":0,\"publisher\":{\"@id\":\"https:\\\/\\\/blog.proclima.com\\\/de\\\/#organization\"},\"image\":{\"@id\":\"https:\\\/\\\/blog.proclima.com\\\/de\\\/2016\\\/10\\\/bauen-neu-denken-zukunft-aktiv-gestalten\\\/#primaryimage\"},\"thumbnailUrl\":\"https:\\\/\\\/blog.proclima.com\\\/de\\\/files\\\/2016\\\/07\\\/Knokke-1024x568.png\",\"keywords\":[\"Bausch\u00e4den\",\"Jens L\u00fcder Herms\",\"pro clima\",\"Verarbeitung\",\"Wohngesundheit\",\"Zukunftsf\u00e4higes Bauen\"],\"articleSection\":[\"pro clima\"],\"inLanguage\":\"de\",\"potentialAction\":[{\"@type\":\"CommentAction\",\"name\":\"Comment\",\"target\":[\"https:\\\/\\\/blog.proclima.com\\\/de\\\/2016\\\/10\\\/bauen-neu-denken-zukunft-aktiv-gestalten\\\/#respond\"]}]},{\"@type\":\"WebPage\",\"@id\":\"https:\\\/\\\/blog.proclima.com\\\/de\\\/2016\\\/10\\\/bauen-neu-denken-zukunft-aktiv-gestalten\\\/\",\"url\":\"https:\\\/\\\/blog.proclima.com\\\/de\\\/2016\\\/10\\\/bauen-neu-denken-zukunft-aktiv-gestalten\\\/\",\"name\":\"Bauen neu denken \u2013 Zukunft aktiv gestalten &#187; pro clima Blog - Deutschland\",\"isPartOf\":{\"@id\":\"https:\\\/\\\/blog.proclima.com\\\/de\\\/#website\"},\"primaryImageOfPage\":{\"@id\":\"https:\\\/\\\/blog.proclima.com\\\/de\\\/2016\\\/10\\\/bauen-neu-denken-zukunft-aktiv-gestalten\\\/#primaryimage\"},\"image\":{\"@id\":\"https:\\\/\\\/blog.proclima.com\\\/de\\\/2016\\\/10\\\/bauen-neu-denken-zukunft-aktiv-gestalten\\\/#primaryimage\"},\"thumbnailUrl\":\"https:\\\/\\\/blog.proclima.com\\\/de\\\/files\\\/2016\\\/07\\\/Knokke-1024x568.png\",\"datePublished\":\"2016-10-13T07:31:54+00:00\",\"dateModified\":\"2016-10-17T07:13:46+00:00\",\"breadcrumb\":{\"@id\":\"https:\\\/\\\/blog.proclima.com\\\/de\\\/2016\\\/10\\\/bauen-neu-denken-zukunft-aktiv-gestalten\\\/#breadcrumb\"},\"inLanguage\":\"de\",\"potentialAction\":[{\"@type\":\"ReadAction\",\"target\":[\"https:\\\/\\\/blog.proclima.com\\\/de\\\/2016\\\/10\\\/bauen-neu-denken-zukunft-aktiv-gestalten\\\/\"]}]},{\"@type\":\"ImageObject\",\"inLanguage\":\"de\",\"@id\":\"https:\\\/\\\/blog.proclima.com\\\/de\\\/2016\\\/10\\\/bauen-neu-denken-zukunft-aktiv-gestalten\\\/#primaryimage\",\"url\":\"https:\\\/\\\/blog.proclima.com\\\/de\\\/files\\\/2016\\\/07\\\/Knokke.png\",\"contentUrl\":\"https:\\\/\\\/blog.proclima.com\\\/de\\\/files\\\/2016\\\/07\\\/Knokke.png\",\"width\":1319,\"height\":731},{\"@type\":\"BreadcrumbList\",\"@id\":\"https:\\\/\\\/blog.proclima.com\\\/de\\\/2016\\\/10\\\/bauen-neu-denken-zukunft-aktiv-gestalten\\\/#breadcrumb\",\"itemListElement\":[{\"@type\":\"ListItem\",\"position\":1,\"name\":\"Startseite\",\"item\":\"https:\\\/\\\/blog.proclima.com\\\/de\\\/\"},{\"@type\":\"ListItem\",\"position\":2,\"name\":\"Bauen neu denken \u2013 Zukunft aktiv gestalten\"}]},{\"@type\":\"WebSite\",\"@id\":\"https:\\\/\\\/blog.proclima.com\\\/de\\\/#website\",\"url\":\"https:\\\/\\\/blog.proclima.com\\\/de\\\/\",\"name\":\"pro clima Blog - Deutschland\",\"description\":\"alles was pro clima bewegt\",\"publisher\":{\"@id\":\"https:\\\/\\\/blog.proclima.com\\\/de\\\/#organization\"},\"potentialAction\":[{\"@type\":\"SearchAction\",\"target\":{\"@type\":\"EntryPoint\",\"urlTemplate\":\"https:\\\/\\\/blog.proclima.com\\\/de\\\/?s={search_term_string}\"},\"query-input\":{\"@type\":\"PropertyValueSpecification\",\"valueRequired\":true,\"valueName\":\"search_term_string\"}}],\"inLanguage\":\"de\"},{\"@type\":\"Organization\",\"@id\":\"https:\\\/\\\/blog.proclima.com\\\/de\\\/#organization\",\"name\":\"pro clima - Moll bau\u00f6kologische Produkte GmbH\",\"url\":\"https:\\\/\\\/blog.proclima.com\\\/de\\\/\",\"logo\":{\"@type\":\"ImageObject\",\"inLanguage\":\"de\",\"@id\":\"https:\\\/\\\/blog.proclima.com\\\/de\\\/#\\\/schema\\\/logo\\\/image\\\/\",\"url\":\"https:\\\/\\\/blog.proclima.com\\\/de\\\/files\\\/2020\\\/04\\\/Logo-pro-clima.png\",\"contentUrl\":\"https:\\\/\\\/blog.proclima.com\\\/de\\\/files\\\/2020\\\/04\\\/Logo-pro-clima.png\",\"width\":4210,\"height\":4881,\"caption\":\"pro clima - Moll bau\u00f6kologische Produkte GmbH\"},\"image\":{\"@id\":\"https:\\\/\\\/blog.proclima.com\\\/de\\\/#\\\/schema\\\/logo\\\/image\\\/\"},\"sameAs\":[\"https:\\\/\\\/www.facebook.com\\\/proclima\",\"https:\\\/\\\/x.com\\\/proclimaDE\"]},{\"@type\":\"Person\",\"@id\":\"https:\\\/\\\/blog.proclima.com\\\/de\\\/#\\\/schema\\\/person\\\/2cc86d57b4e91b6c23ab77b2ada44b16\",\"name\":\"Julia Metzger\",\"url\":\"https:\\\/\\\/blog.proclima.com\\\/de\\\/author\\\/metzger\\\/\"}]}<\/script>\n<!-- \/ Yoast SEO plugin. -->","yoast_head_json":{"title":"Bauen neu denken \u2013 Zukunft aktiv gestalten &#187; pro clima Blog - Deutschland","robots":{"index":"index","follow":"follow","max-snippet":"max-snippet:-1","max-image-preview":"max-image-preview:large","max-video-preview":"max-video-preview:-1"},"canonical":"https:\/\/blog.proclima.com\/de\/2016\/10\/bauen-neu-denken-zukunft-aktiv-gestalten\/","og_locale":"de_DE","og_type":"article","og_title":"Bauen neu denken \u2013 Zukunft aktiv gestalten &#187; pro clima Blog - Deutschland","og_description":"\u00bbCeci n\u2019est pas un h\u00f4pital\u00ab \u2013 \u00bbDies ist kein Krankenhaus\u00ab \u2013 unter diesem Motto entsteht im belgischen K\u00fcstenort Knokke ein 324-Betten-Haus, das in Bild und ...","og_url":"https:\/\/blog.proclima.com\/de\/2016\/10\/bauen-neu-denken-zukunft-aktiv-gestalten\/","og_site_name":"pro clima Blog - Deutschland","article_publisher":"https:\/\/www.facebook.com\/proclima","article_published_time":"2016-10-13T07:31:54+00:00","article_modified_time":"2016-10-17T07:13:46+00:00","og_image":[{"width":1319,"height":731,"url":"https:\/\/blog.proclima.com\/de\/files\/2016\/07\/Knokke.png","type":"image\/png"}],"author":"Julia Metzger","twitter_card":"summary_large_image","twitter_creator":"@proclimaDE","twitter_site":"@proclimaDE","twitter_misc":{"Verfasst von":"Julia Metzger","Gesch\u00e4tzte Lesezeit":"2\u00a0Minuten"},"schema":{"@context":"https:\/\/schema.org","@graph":[{"@type":"Article","@id":"https:\/\/blog.proclima.com\/de\/2016\/10\/bauen-neu-denken-zukunft-aktiv-gestalten\/#article","isPartOf":{"@id":"https:\/\/blog.proclima.com\/de\/2016\/10\/bauen-neu-denken-zukunft-aktiv-gestalten\/"},"author":{"name":"Julia Metzger","@id":"https:\/\/blog.proclima.com\/de\/#\/schema\/person\/2cc86d57b4e91b6c23ab77b2ada44b16"},"headline":"Bauen neu denken \u2013 Zukunft aktiv gestalten","datePublished":"2016-10-13T07:31:54+00:00","dateModified":"2016-10-17T07:13:46+00:00","mainEntityOfPage":{"@id":"https:\/\/blog.proclima.com\/de\/2016\/10\/bauen-neu-denken-zukunft-aktiv-gestalten\/"},"wordCount":391,"commentCount":0,"publisher":{"@id":"https:\/\/blog.proclima.com\/de\/#organization"},"image":{"@id":"https:\/\/blog.proclima.com\/de\/2016\/10\/bauen-neu-denken-zukunft-aktiv-gestalten\/#primaryimage"},"thumbnailUrl":"https:\/\/blog.proclima.com\/de\/files\/2016\/07\/Knokke-1024x568.png","keywords":["Bausch\u00e4den","Jens L\u00fcder Herms","pro clima","Verarbeitung","Wohngesundheit","Zukunftsf\u00e4higes Bauen"],"articleSection":["pro clima"],"inLanguage":"de","potentialAction":[{"@type":"CommentAction","name":"Comment","target":["https:\/\/blog.proclima.com\/de\/2016\/10\/bauen-neu-denken-zukunft-aktiv-gestalten\/#respond"]}]},{"@type":"WebPage","@id":"https:\/\/blog.proclima.com\/de\/2016\/10\/bauen-neu-denken-zukunft-aktiv-gestalten\/","url":"https:\/\/blog.proclima.com\/de\/2016\/10\/bauen-neu-denken-zukunft-aktiv-gestalten\/","name":"Bauen neu denken \u2013 Zukunft aktiv gestalten &#187; pro clima Blog - Deutschland","isPartOf":{"@id":"https:\/\/blog.proclima.com\/de\/#website"},"primaryImageOfPage":{"@id":"https:\/\/blog.proclima.com\/de\/2016\/10\/bauen-neu-denken-zukunft-aktiv-gestalten\/#primaryimage"},"image":{"@id":"https:\/\/blog.proclima.com\/de\/2016\/10\/bauen-neu-denken-zukunft-aktiv-gestalten\/#primaryimage"},"thumbnailUrl":"https:\/\/blog.proclima.com\/de\/files\/2016\/07\/Knokke-1024x568.png","datePublished":"2016-10-13T07:31:54+00:00","dateModified":"2016-10-17T07:13:46+00:00","breadcrumb":{"@id":"https:\/\/blog.proclima.com\/de\/2016\/10\/bauen-neu-denken-zukunft-aktiv-gestalten\/#breadcrumb"},"inLanguage":"de","potentialAction":[{"@type":"ReadAction","target":["https:\/\/blog.proclima.com\/de\/2016\/10\/bauen-neu-denken-zukunft-aktiv-gestalten\/"]}]},{"@type":"ImageObject","inLanguage":"de","@id":"https:\/\/blog.proclima.com\/de\/2016\/10\/bauen-neu-denken-zukunft-aktiv-gestalten\/#primaryimage","url":"https:\/\/blog.proclima.com\/de\/files\/2016\/07\/Knokke.png","contentUrl":"https:\/\/blog.proclima.com\/de\/files\/2016\/07\/Knokke.png","width":1319,"height":731},{"@type":"BreadcrumbList","@id":"https:\/\/blog.proclima.com\/de\/2016\/10\/bauen-neu-denken-zukunft-aktiv-gestalten\/#breadcrumb","itemListElement":[{"@type":"ListItem","position":1,"name":"Startseite","item":"https:\/\/blog.proclima.com\/de\/"},{"@type":"ListItem","position":2,"name":"Bauen neu denken \u2013 Zukunft aktiv gestalten"}]},{"@type":"WebSite","@id":"https:\/\/blog.proclima.com\/de\/#website","url":"https:\/\/blog.proclima.com\/de\/","name":"pro clima Blog - Deutschland","description":"alles was pro clima bewegt","publisher":{"@id":"https:\/\/blog.proclima.com\/de\/#organization"},"potentialAction":[{"@type":"SearchAction","target":{"@type":"EntryPoint","urlTemplate":"https:\/\/blog.proclima.com\/de\/?s={search_term_string}"},"query-input":{"@type":"PropertyValueSpecification","valueRequired":true,"valueName":"search_term_string"}}],"inLanguage":"de"},{"@type":"Organization","@id":"https:\/\/blog.proclima.com\/de\/#organization","name":"pro clima - Moll bau\u00f6kologische Produkte GmbH","url":"https:\/\/blog.proclima.com\/de\/","logo":{"@type":"ImageObject","inLanguage":"de","@id":"https:\/\/blog.proclima.com\/de\/#\/schema\/logo\/image\/","url":"https:\/\/blog.proclima.com\/de\/files\/2020\/04\/Logo-pro-clima.png","contentUrl":"https:\/\/blog.proclima.com\/de\/files\/2020\/04\/Logo-pro-clima.png","width":4210,"height":4881,"caption":"pro clima - Moll bau\u00f6kologische Produkte GmbH"},"image":{"@id":"https:\/\/blog.proclima.com\/de\/#\/schema\/logo\/image\/"},"sameAs":["https:\/\/www.facebook.com\/proclima","https:\/\/x.com\/proclimaDE"]},{"@type":"Person","@id":"https:\/\/blog.proclima.com\/de\/#\/schema\/person\/2cc86d57b4e91b6c23ab77b2ada44b16","name":"Julia Metzger","url":"https:\/\/blog.proclima.com\/de\/author\/metzger\/"}]}},"canto_acf_fields":"","_links":{"self":[{"href":"https:\/\/blog.proclima.com\/de\/wp-json\/wp\/v2\/posts\/5937","targetHints":{"allow":["GET"]}}],"collection":[{"href":"https:\/\/blog.proclima.com\/de\/wp-json\/wp\/v2\/posts"}],"about":[{"href":"https:\/\/blog.proclima.com\/de\/wp-json\/wp\/v2\/types\/post"}],"author":[{"embeddable":true,"href":"https:\/\/blog.proclima.com\/de\/wp-json\/wp\/v2\/users\/17"}],"replies":[{"embeddable":true,"href":"https:\/\/blog.proclima.com\/de\/wp-json\/wp\/v2\/comments?post=5937"}],"version-history":[{"count":11,"href":"https:\/\/blog.proclima.com\/de\/wp-json\/wp\/v2\/posts\/5937\/revisions"}],"predecessor-version":[{"id":6531,"href":"https:\/\/blog.proclima.com\/de\/wp-json\/wp\/v2\/posts\/5937\/revisions\/6531"}],"wp:attachment":[{"href":"https:\/\/blog.proclima.com\/de\/wp-json\/wp\/v2\/media?parent=5937"}],"wp:term":[{"taxonomy":"category","embeddable":true,"href":"https:\/\/blog.proclima.com\/de\/wp-json\/wp\/v2\/categories?post=5937"},{"taxonomy":"post_tag","embeddable":true,"href":"https:\/\/blog.proclima.com\/de\/wp-json\/wp\/v2\/tags?post=5937"}],"curies":[{"name":"wp","href":"https:\/\/api.w.org\/{rel}","templated":true}]}}